{"id":29546,"date":"2022-04-28T16:07:10","date_gmt":"2022-04-28T22:07:10","guid":{"rendered":"https:\/\/fuentesfidedignas.com.mx\/?p=29546"},"modified":"2022-04-28T16:07:44","modified_gmt":"2022-04-28T22:07:44","slug":"avanzan-preparativos-para-la-celebracion-del-dia-del-nino-en-el-parque-acuatico","status":"publish","type":"post","link":"https:\/\/fuentesfidedignas.com.mx\/index.php\/2022\/04\/28\/avanzan-preparativos-para-la-celebracion-del-dia-del-nino-en-el-parque-acuatico\/","title":{"rendered":"Avanzan preparativos para la celebraci\u00f3n del D\u00eda del Ni\u00f1o en el Parque Acu\u00e1tico"},"content":{"rendered":"\n<p><br>Culiac\u00e1n, Sin.- Este jueves iniciaron los trabajos de acondicionamiento de las instalaciones del Parque Acu\u00e1tico para llevar a cabo el festejo por el D\u00eda del Ni\u00f1o, esto en seguimiento a la instrucci\u00f3n del alcalde, Jes\u00fas Estrada Ferreiro, de celebrar a toda la ni\u00f1ez culiacanense.<\/p>\n\n\n\n<p><br>Durante el desarrollo de estas actividades, personal del Parque Las Riberas y de la Direcci\u00f3n General de Servicios P\u00fablicos llev\u00f3 a cabo la instalaci\u00f3n y adecuaciones para la construcci\u00f3n de una mini ciudad, en la que se presentar\u00e1 a los infantes cada uno de los servicios que se brindan a la ciudadan\u00eda, desde la recolecci\u00f3n de basura, mantenimientos de los espacios p\u00fablicos, alumbrado, Protecci\u00f3n Civil y Polic\u00eda Municipal por parte del municipio.<\/p>\n\n\n\n<figure class=\"wp-block-image size-full\"><img decoding=\"async\" width=\"1280\" height=\"853\" src=\"https:\/\/fuentesfidedignas.com.mx\/wp-content\/uploads\/2022\/04\/IMG-20220428-WA0046.jpg\" alt=\"\" class=\"wp-image-29547\"\/><\/figure>\n\n\n\n<p><br>\u201cTrae el presidente un proyecto muy importante para festejar el d\u00eda del ni\u00f1o a partir del 30 de abril, andamos habilitando una ciudad virtual para ni\u00f1os, que consiste en remarcar calles, edificar para que el ni\u00f1o conozca c\u00f3mo funciona una ciudad, el manejo del dinero, servicios y c\u00f3mo se emplean las dependencias, Cruz Roja, Polic\u00eda Municipal y Protecci\u00f3n Civil\u201d, resalt\u00f3 el director de los Servicios P\u00fablicos del Municipio, Rodolfo Audelo Avil\u00e9s.<\/p>\n\n\n\n<p><br>A estas labores, 50 trabajadores del Gobierno de Culiac\u00e1n mantienen especial atenci\u00f3n en cuanto las medidas de seguridad, antes, durante y despu\u00e9s del evento, esto con el objetivo de garantizar la integridad de todos los ni\u00f1os que asistan al evento.<\/p>\n\n\n\n<p><br>Ser\u00e1 el pr\u00f3ximo s\u00e1bado 30 de abril cuando, ni\u00f1as y ni\u00f1os, se divertir\u00e1n, disfrutar\u00e1n a lo grande su d\u00eda. Con este gran evento se reanuda dicha celebraci\u00f3n en honor de todos los infantes del municipio que, por motivos de la pandemia, hab\u00eda sido suspendida en los \u00faltimos dos a\u00f1os.<\/p>\n","protected":false},"excerpt":{"rendered":"<p>Culiac\u00e1n, Sin.- Este jueves iniciaron los trabajos de acondicionamiento de las instalaciones del Parque Acu\u00e1tico para llevar a cabo el festejo por el D\u00eda del Ni\u00f1o, esto en seguimiento a la instrucci\u00f3n del alcalde, Jes\u00fas Estrada Ferreiro, de celebrar a toda la ni\u00f1ez culiacanense. Durante el desarrollo de estas actividades, personal del Parque Las Riberas [&hellip;]<\/p>\n","protected":false},"author":11,"featured_media":29549,"comment_status":"open","ping_status":"open","sticky":false,"template":"","format":"standard","meta":{"tdm_status":"","tdm_grid_status":"","footnotes":""},"categories":[38],"tags":[1041,125,1800],"class_list":{"0":"post-29546","1":"post","2":"type-post","3":"status-publish","4":"format-standard","5":"has-post-thumbnail","7":"category-noticias-locales","8":"tag-ayuntamiento-de-culiacan","9":"tag-dia-del-nino","10":"tag-parque-acuatico-tres-rios"},"yoast_head":"<!-- This site is optimized with the Yoast SEO plugin v27.5 - https:\/\/yoast.com\/product\/yoast-seo-wordpress\/ -->\n<title>Avanzan preparativos para la celebraci\u00f3n del D\u00eda del Ni\u00f1o en el Parque Acu\u00e1tico - Fuentes Fidedignas<\/title>\n<meta name=\"robots\" content=\"index, follow, max-snippet:-1, max-image-preview:large, max-video-preview:-1\" \/>\n<link rel=\"canonical\" href=\"https:\/\/fuentesfidedignas.com.mx\/index.php\/2022\/04\/28\/avanzan-preparativos-para-la-celebracion-del-dia-del-nino-en-el-parque-acuatico\/\" \/>\n<meta property=\"og:locale\" content=\"es_MX\" \/>\n<meta property=\"og:type\" content=\"article\" \/>\n<meta property=\"og:title\" content=\"Avanzan preparativos para la celebraci\u00f3n del D\u00eda del Ni\u00f1o en el Parque Acu\u00e1tico - Fuentes Fidedignas\" \/>\n<meta property=\"og:description\" content=\"Culiac\u00e1n, Sin.- Este jueves iniciaron los trabajos de acondicionamiento de las instalaciones del Parque Acu\u00e1tico para llevar a cabo el festejo por el D\u00eda del Ni\u00f1o, esto en seguimiento a la instrucci\u00f3n del alcalde, Jes\u00fas Estrada Ferreiro, de celebrar a toda la ni\u00f1ez culiacanense. Durante el desarrollo de estas actividades, personal del Parque Las Riberas [&hellip;]\" \/>\n<meta property=\"og:url\" content=\"https:\/\/fuentesfidedignas.com.mx\/index.php\/2022\/04\/28\/avanzan-preparativos-para-la-celebracion-del-dia-del-nino-en-el-parque-acuatico\/\" \/>\n<meta property=\"og:site_name\" content=\"Fuentes Fidedignas\" \/>\n<meta property=\"article:publisher\" content=\"https:\/\/www.facebook.com\/Fuentes-Fidedignas-368234489921644\" \/>\n<meta property=\"article:published_time\" content=\"2022-04-28T22:07:10+00:00\" \/>\n<meta property=\"article:modified_time\" content=\"2022-04-28T22:07:44+00:00\" \/>\n<meta property=\"og:image\" content=\"https:\/\/fuentesfidedignas.com.mx\/wp-content\/uploads\/2022\/04\/IMG-20220428-WA0045.jpg\" \/>\n\t<meta property=\"og:image:width\" content=\"1280\" \/>\n\t<meta property=\"og:image:height\" content=\"853\" \/>\n\t<meta property=\"og:image:type\" content=\"image\/jpeg\" \/>\n<meta name=\"author\" content=\"Marissa Palafox\" \/>\n<meta name=\"twitter:card\" content=\"summary_large_image\" \/>\n<meta name=\"twitter:creator\" content=\"@fidedignas\" \/>\n<meta name=\"twitter:site\" content=\"@fidedignas\" \/>\n<meta name=\"twitter:label1\" content=\"Escrito por\" \/>\n\t<meta name=\"twitter:data1\" content=\"Marissa Palafox\" \/>\n\t<meta name=\"twitter:label2\" content=\"Tiempo de lectura\" \/>\n\t<meta name=\"twitter:data2\" content=\"2 minutos\" \/>\n<script type=\"application\/ld+json\" class=\"yoast-schema-graph\">{\"@context\":\"https:\\\/\\\/schema.org\",\"@graph\":[{\"@type\":\"Article\",\"@id\":\"https:\\\/\\\/fuentesfidedignas.com.mx\\\/index.php\\\/2022\\\/04\\\/28\\\/avanzan-preparativos-para-la-celebracion-del-dia-del-nino-en-el-parque-acuatico\\\/#article\",\"isPartOf\":{\"@id\":\"https:\\\/\\\/fuentesfidedignas.com.mx\\\/index.php\\\/2022\\\/04\\\/28\\\/avanzan-preparativos-para-la-celebracion-del-dia-del-nino-en-el-parque-acuatico\\\/\"},\"author\":{\"name\":\"Marissa Palafox\",\"@id\":\"https:\\\/\\\/fuentesfidedignas.com.mx\\\/#\\\/schema\\\/person\\\/2c10028b4a30078c05a056a215342ab9\"},\"headline\":\"Avanzan preparativos para la celebraci\u00f3n del D\u00eda del Ni\u00f1o en el Parque Acu\u00e1tico\",\"datePublished\":\"2022-04-28T22:07:10+00:00\",\"dateModified\":\"2022-04-28T22:07:44+00:00\",\"mainEntityOfPage\":{\"@id\":\"https:\\\/\\\/fuentesfidedignas.com.mx\\\/index.php\\\/2022\\\/04\\\/28\\\/avanzan-preparativos-para-la-celebracion-del-dia-del-nino-en-el-parque-acuatico\\\/\"},\"wordCount\":331,\"commentCount\":0,\"publisher\":{\"@id\":\"https:\\\/\\\/fuentesfidedignas.com.mx\\\/#organization\"},\"image\":{\"@id\":\"https:\\\/\\\/fuentesfidedignas.com.mx\\\/index.php\\\/2022\\\/04\\\/28\\\/avanzan-preparativos-para-la-celebracion-del-dia-del-nino-en-el-parque-acuatico\\\/#primaryimage\"},\"thumbnailUrl\":\"https:\\\/\\\/fuentesfidedignas.com.mx\\\/wp-content\\\/uploads\\\/2022\\\/04\\\/IMG-20220428-WA0045.jpg\",\"keywords\":[\"Ayuntamiento de Culiac\u00e1n\",\"D\u00eda del Ni\u00f1o\",\"Parque Acu\u00e1tico Tres R\u00edos\"],\"articleSection\":[\"NOTICIAS LOCALES\"],\"inLanguage\":\"es\",\"potentialAction\":[{\"@type\":\"CommentAction\",\"name\":\"Comment\",\"target\":[\"https:\\\/\\\/fuentesfidedignas.com.mx\\\/index.php\\\/2022\\\/04\\\/28\\\/avanzan-preparativos-para-la-celebracion-del-dia-del-nino-en-el-parque-acuatico\\\/#respond\"]}]},{\"@type\":\"WebPage\",\"@id\":\"https:\\\/\\\/fuentesfidedignas.com.mx\\\/index.php\\\/2022\\\/04\\\/28\\\/avanzan-preparativos-para-la-celebracion-del-dia-del-nino-en-el-parque-acuatico\\\/\",\"url\":\"https:\\\/\\\/fuentesfidedignas.com.mx\\\/index.php\\\/2022\\\/04\\\/28\\\/avanzan-preparativos-para-la-celebracion-del-dia-del-nino-en-el-parque-acuatico\\\/\",\"name\":\"Avanzan preparativos para la celebraci\u00f3n del D\u00eda del Ni\u00f1o en el Parque Acu\u00e1tico - Fuentes Fidedignas\",\"isPartOf\":{\"@id\":\"https:\\\/\\\/fuentesfidedignas.com.mx\\\/#website\"},\"primaryImageOfPage\":{\"@id\":\"https:\\\/\\\/fuentesfidedignas.com.mx\\\/index.php\\\/2022\\\/04\\\/28\\\/avanzan-preparativos-para-la-celebracion-del-dia-del-nino-en-el-parque-acuatico\\\/#primaryimage\"},\"image\":{\"@id\":\"https:\\\/\\\/fuentesfidedignas.com.mx\\\/index.php\\\/2022\\\/04\\\/28\\\/avanzan-preparativos-para-la-celebracion-del-dia-del-nino-en-el-parque-acuatico\\\/#primaryimage\"},\"thumbnailUrl\":\"https:\\\/\\\/fuentesfidedignas.com.mx\\\/wp-content\\\/uploads\\\/2022\\\/04\\\/IMG-20220428-WA0045.jpg\",\"datePublished\":\"2022-04-28T22:07:10+00:00\",\"dateModified\":\"2022-04-28T22:07:44+00:00\",\"breadcrumb\":{\"@id\":\"https:\\\/\\\/fuentesfidedignas.com.mx\\\/index.php\\\/2022\\\/04\\\/28\\\/avanzan-preparativos-para-la-celebracion-del-dia-del-nino-en-el-parque-acuatico\\\/#breadcrumb\"},\"inLanguage\":\"es\",\"potentialAction\":[{\"@type\":\"ReadAction\",\"target\":[\"https:\\\/\\\/fuentesfidedignas.com.mx\\\/index.php\\\/2022\\\/04\\\/28\\\/avanzan-preparativos-para-la-celebracion-del-dia-del-nino-en-el-parque-acuatico\\\/\"]}]},{\"@type\":\"ImageObject\",\"inLanguage\":\"es\",\"@id\":\"https:\\\/\\\/fuentesfidedignas.com.mx\\\/index.php\\\/2022\\\/04\\\/28\\\/avanzan-preparativos-para-la-celebracion-del-dia-del-nino-en-el-parque-acuatico\\\/#primaryimage\",\"url\":\"https:\\\/\\\/fuentesfidedignas.com.mx\\\/wp-content\\\/uploads\\\/2022\\\/04\\\/IMG-20220428-WA0045.jpg\",\"contentUrl\":\"https:\\\/\\\/fuentesfidedignas.com.mx\\\/wp-content\\\/uploads\\\/2022\\\/04\\\/IMG-20220428-WA0045.jpg\",\"width\":1280,\"height\":853},{\"@type\":\"BreadcrumbList\",\"@id\":\"https:\\\/\\\/fuentesfidedignas.com.mx\\\/index.php\\\/2022\\\/04\\\/28\\\/avanzan-preparativos-para-la-celebracion-del-dia-del-nino-en-el-parque-acuatico\\\/#breadcrumb\",\"itemListElement\":[{\"@type\":\"ListItem\",\"position\":1,\"name\":\"Inicio\",\"item\":\"https:\\\/\\\/fuentesfidedignas.com.mx\\\/\"},{\"@type\":\"ListItem\",\"position\":2,\"name\":\"Avanzan preparativos para la celebraci\u00f3n del D\u00eda del Ni\u00f1o en el Parque Acu\u00e1tico\"}]},{\"@type\":\"WebSite\",\"@id\":\"https:\\\/\\\/fuentesfidedignas.com.mx\\\/#website\",\"url\":\"https:\\\/\\\/fuentesfidedignas.com.mx\\\/\",\"name\":\"Fuentes Fidedignas\",\"description\":\"Otro sitio realizado con WordPress\",\"publisher\":{\"@id\":\"https:\\\/\\\/fuentesfidedignas.com.mx\\\/#organization\"},\"potentialAction\":[{\"@type\":\"SearchAction\",\"target\":{\"@type\":\"EntryPoint\",\"urlTemplate\":\"https:\\\/\\\/fuentesfidedignas.com.mx\\\/?s={search_term_string}\"},\"query-input\":{\"@type\":\"PropertyValueSpecification\",\"valueRequired\":true,\"valueName\":\"search_term_string\"}}],\"inLanguage\":\"es\"},{\"@type\":\"Organization\",\"@id\":\"https:\\\/\\\/fuentesfidedignas.com.mx\\\/#organization\",\"name\":\"Fuentes Fidedignas\",\"url\":\"https:\\\/\\\/fuentesfidedignas.com.mx\\\/\",\"logo\":{\"@type\":\"ImageObject\",\"inLanguage\":\"es\",\"@id\":\"https:\\\/\\\/fuentesfidedignas.com.mx\\\/#\\\/schema\\\/logo\\\/image\\\/\",\"url\":\"https:\\\/\\\/fuentesfidedignas.com.mx\\\/wp-content\\\/uploads\\\/2021\\\/04\\\/logo-retina.png\",\"contentUrl\":\"https:\\\/\\\/fuentesfidedignas.com.mx\\\/wp-content\\\/uploads\\\/2021\\\/04\\\/logo-retina.png\",\"width\":280,\"height\":51,\"caption\":\"Fuentes Fidedignas\"},\"image\":{\"@id\":\"https:\\\/\\\/fuentesfidedignas.com.mx\\\/#\\\/schema\\\/logo\\\/image\\\/\"},\"sameAs\":[\"https:\\\/\\\/www.facebook.com\\\/Fuentes-Fidedignas-368234489921644\",\"https:\\\/\\\/x.com\\\/fidedignas\"]},{\"@type\":\"Person\",\"@id\":\"https:\\\/\\\/fuentesfidedignas.com.mx\\\/#\\\/schema\\\/person\\\/2c10028b4a30078c05a056a215342ab9\",\"name\":\"Marissa Palafox\",\"image\":{\"@type\":\"ImageObject\",\"inLanguage\":\"es\",\"@id\":\"https:\\\/\\\/secure.gravatar.com\\\/avatar\\\/20a43bdb2f2db10f20b22d4e98b96eb027faf98f7f76d29854dc5fab46d1cf71?s=96&d=mm&r=g\",\"url\":\"https:\\\/\\\/secure.gravatar.com\\\/avatar\\\/20a43bdb2f2db10f20b22d4e98b96eb027faf98f7f76d29854dc5fab46d1cf71?s=96&d=mm&r=g\",\"contentUrl\":\"https:\\\/\\\/secure.gravatar.com\\\/avatar\\\/20a43bdb2f2db10f20b22d4e98b96eb027faf98f7f76d29854dc5fab46d1cf71?s=96&d=mm&r=g\",\"caption\":\"Marissa Palafox\"},\"url\":\"https:\\\/\\\/fuentesfidedignas.com.mx\\\/index.php\\\/author\\\/marissa\\\/\"}]}<\/script>\n<!-- \/ Yoast SEO plugin. -->","yoast_head_json":{"title":"Avanzan preparativos para la celebraci\u00f3n del D\u00eda del Ni\u00f1o en el Parque Acu\u00e1tico - Fuentes Fidedignas","robots":{"index":"index","follow":"follow","max-snippet":"max-snippet:-1","max-image-preview":"max-image-preview:large","max-video-preview":"max-video-preview:-1"},"canonical":"https:\/\/fuentesfidedignas.com.mx\/index.php\/2022\/04\/28\/avanzan-preparativos-para-la-celebracion-del-dia-del-nino-en-el-parque-acuatico\/","og_locale":"es_MX","og_type":"article","og_title":"Avanzan preparativos para la celebraci\u00f3n del D\u00eda del Ni\u00f1o en el Parque Acu\u00e1tico - Fuentes Fidedignas","og_description":"Culiac\u00e1n, Sin.- Este jueves iniciaron los trabajos de acondicionamiento de las instalaciones del Parque Acu\u00e1tico para llevar a cabo el festejo por el D\u00eda del Ni\u00f1o, esto en seguimiento a la instrucci\u00f3n del alcalde, Jes\u00fas Estrada Ferreiro, de celebrar a toda la ni\u00f1ez culiacanense. Durante el desarrollo de estas actividades, personal del Parque Las Riberas [&hellip;]","og_url":"https:\/\/fuentesfidedignas.com.mx\/index.php\/2022\/04\/28\/avanzan-preparativos-para-la-celebracion-del-dia-del-nino-en-el-parque-acuatico\/","og_site_name":"Fuentes Fidedignas","article_publisher":"https:\/\/www.facebook.com\/Fuentes-Fidedignas-368234489921644","article_published_time":"2022-04-28T22:07:10+00:00","article_modified_time":"2022-04-28T22:07:44+00:00","og_image":[{"width":1280,"height":853,"url":"https:\/\/fuentesfidedignas.com.mx\/wp-content\/uploads\/2022\/04\/IMG-20220428-WA0045.jpg","type":"image\/jpeg"}],"author":"Marissa Palafox","twitter_card":"summary_large_image","twitter_creator":"@fidedignas","twitter_site":"@fidedignas","twitter_misc":{"Escrito por":"Marissa Palafox","Tiempo de lectura":"2 minutos"},"schema":{"@context":"https:\/\/schema.org","@graph":[{"@type":"Article","@id":"https:\/\/fuentesfidedignas.com.mx\/index.php\/2022\/04\/28\/avanzan-preparativos-para-la-celebracion-del-dia-del-nino-en-el-parque-acuatico\/#article","isPartOf":{"@id":"https:\/\/fuentesfidedignas.com.mx\/index.php\/2022\/04\/28\/avanzan-preparativos-para-la-celebracion-del-dia-del-nino-en-el-parque-acuatico\/"},"author":{"name":"Marissa Palafox","@id":"https:\/\/fuentesfidedignas.com.mx\/#\/schema\/person\/2c10028b4a30078c05a056a215342ab9"},"headline":"Avanzan preparativos para la celebraci\u00f3n del D\u00eda del Ni\u00f1o en el Parque Acu\u00e1tico","datePublished":"2022-04-28T22:07:10+00:00","dateModified":"2022-04-28T22:07:44+00:00","mainEntityOfPage":{"@id":"https:\/\/fuentesfidedignas.com.mx\/index.php\/2022\/04\/28\/avanzan-preparativos-para-la-celebracion-del-dia-del-nino-en-el-parque-acuatico\/"},"wordCount":331,"commentCount":0,"publisher":{"@id":"https:\/\/fuentesfidedignas.com.mx\/#organization"},"image":{"@id":"https:\/\/fuentesfidedignas.com.mx\/index.php\/2022\/04\/28\/avanzan-preparativos-para-la-celebracion-del-dia-del-nino-en-el-parque-acuatico\/#primaryimage"},"thumbnailUrl":"https:\/\/fuentesfidedignas.com.mx\/wp-content\/uploads\/2022\/04\/IMG-20220428-WA0045.jpg","keywords":["Ayuntamiento de Culiac\u00e1n","D\u00eda del Ni\u00f1o","Parque Acu\u00e1tico Tres R\u00edos"],"articleSection":["NOTICIAS LOCALES"],"inLanguage":"es","potentialAction":[{"@type":"CommentAction","name":"Comment","target":["https:\/\/fuentesfidedignas.com.mx\/index.php\/2022\/04\/28\/avanzan-preparativos-para-la-celebracion-del-dia-del-nino-en-el-parque-acuatico\/#respond"]}]},{"@type":"WebPage","@id":"https:\/\/fuentesfidedignas.com.mx\/index.php\/2022\/04\/28\/avanzan-preparativos-para-la-celebracion-del-dia-del-nino-en-el-parque-acuatico\/","url":"https:\/\/fuentesfidedignas.com.mx\/index.php\/2022\/04\/28\/avanzan-preparativos-para-la-celebracion-del-dia-del-nino-en-el-parque-acuatico\/","name":"Avanzan preparativos para la celebraci\u00f3n del D\u00eda del Ni\u00f1o en el Parque Acu\u00e1tico - Fuentes Fidedignas","isPartOf":{"@id":"https:\/\/fuentesfidedignas.com.mx\/#website"},"primaryImageOfPage":{"@id":"https:\/\/fuentesfidedignas.com.mx\/index.php\/2022\/04\/28\/avanzan-preparativos-para-la-celebracion-del-dia-del-nino-en-el-parque-acuatico\/#primaryimage"},"image":{"@id":"https:\/\/fuentesfidedignas.com.mx\/index.php\/2022\/04\/28\/avanzan-preparativos-para-la-celebracion-del-dia-del-nino-en-el-parque-acuatico\/#primaryimage"},"thumbnailUrl":"https:\/\/fuentesfidedignas.com.mx\/wp-content\/uploads\/2022\/04\/IMG-20220428-WA0045.jpg","datePublished":"2022-04-28T22:07:10+00:00","dateModified":"2022-04-28T22:07:44+00:00","breadcrumb":{"@id":"https:\/\/fuentesfidedignas.com.mx\/index.php\/2022\/04\/28\/avanzan-preparativos-para-la-celebracion-del-dia-del-nino-en-el-parque-acuatico\/#breadcrumb"},"inLanguage":"es","potentialAction":[{"@type":"ReadAction","target":["https:\/\/fuentesfidedignas.com.mx\/index.php\/2022\/04\/28\/avanzan-preparativos-para-la-celebracion-del-dia-del-nino-en-el-parque-acuatico\/"]}]},{"@type":"ImageObject","inLanguage":"es","@id":"https:\/\/fuentesfidedignas.com.mx\/index.php\/2022\/04\/28\/avanzan-preparativos-para-la-celebracion-del-dia-del-nino-en-el-parque-acuatico\/#primaryimage","url":"https:\/\/fuentesfidedignas.com.mx\/wp-content\/uploads\/2022\/04\/IMG-20220428-WA0045.jpg","contentUrl":"https:\/\/fuentesfidedignas.com.mx\/wp-content\/uploads\/2022\/04\/IMG-20220428-WA0045.jpg","width":1280,"height":853},{"@type":"BreadcrumbList","@id":"https:\/\/fuentesfidedignas.com.mx\/index.php\/2022\/04\/28\/avanzan-preparativos-para-la-celebracion-del-dia-del-nino-en-el-parque-acuatico\/#breadcrumb","itemListElement":[{"@type":"ListItem","position":1,"name":"Inicio","item":"https:\/\/fuentesfidedignas.com.mx\/"},{"@type":"ListItem","position":2,"name":"Avanzan preparativos para la celebraci\u00f3n del D\u00eda del Ni\u00f1o en el Parque Acu\u00e1tico"}]},{"@type":"WebSite","@id":"https:\/\/fuentesfidedignas.com.mx\/#website","url":"https:\/\/fuentesfidedignas.com.mx\/","name":"Fuentes Fidedignas","description":"Otro sitio realizado con WordPress","publisher":{"@id":"https:\/\/fuentesfidedignas.com.mx\/#organization"},"potentialAction":[{"@type":"SearchAction","target":{"@type":"EntryPoint","urlTemplate":"https:\/\/fuentesfidedignas.com.mx\/?s={search_term_string}"},"query-input":{"@type":"PropertyValueSpecification","valueRequired":true,"valueName":"search_term_string"}}],"inLanguage":"es"},{"@type":"Organization","@id":"https:\/\/fuentesfidedignas.com.mx\/#organization","name":"Fuentes Fidedignas","url":"https:\/\/fuentesfidedignas.com.mx\/","logo":{"@type":"ImageObject","inLanguage":"es","@id":"https:\/\/fuentesfidedignas.com.mx\/#\/schema\/logo\/image\/","url":"https:\/\/fuentesfidedignas.com.mx\/wp-content\/uploads\/2021\/04\/logo-retina.png","contentUrl":"https:\/\/fuentesfidedignas.com.mx\/wp-content\/uploads\/2021\/04\/logo-retina.png","width":280,"height":51,"caption":"Fuentes Fidedignas"},"image":{"@id":"https:\/\/fuentesfidedignas.com.mx\/#\/schema\/logo\/image\/"},"sameAs":["https:\/\/www.facebook.com\/Fuentes-Fidedignas-368234489921644","https:\/\/x.com\/fidedignas"]},{"@type":"Person","@id":"https:\/\/fuentesfidedignas.com.mx\/#\/schema\/person\/2c10028b4a30078c05a056a215342ab9","name":"Marissa Palafox","image":{"@type":"ImageObject","inLanguage":"es","@id":"https:\/\/secure.gravatar.com\/avatar\/20a43bdb2f2db10f20b22d4e98b96eb027faf98f7f76d29854dc5fab46d1cf71?s=96&d=mm&r=g","url":"https:\/\/secure.gravatar.com\/avatar\/20a43bdb2f2db10f20b22d4e98b96eb027faf98f7f76d29854dc5fab46d1cf71?s=96&d=mm&r=g","contentUrl":"https:\/\/secure.gravatar.com\/avatar\/20a43bdb2f2db10f20b22d4e98b96eb027faf98f7f76d29854dc5fab46d1cf71?s=96&d=mm&r=g","caption":"Marissa Palafox"},"url":"https:\/\/fuentesfidedignas.com.mx\/index.php\/author\/marissa\/"}]}},"_links":{"self":[{"href":"https:\/\/fuentesfidedignas.com.mx\/index.php\/wp-json\/wp\/v2\/posts\/29546","targetHints":{"allow":["GET"]}}],"collection":[{"href":"https:\/\/fuentesfidedignas.com.mx\/index.php\/wp-json\/wp\/v2\/posts"}],"about":[{"href":"https:\/\/fuentesfidedignas.com.mx\/index.php\/wp-json\/wp\/v2\/types\/post"}],"author":[{"embeddable":true,"href":"https:\/\/fuentesfidedignas.com.mx\/index.php\/wp-json\/wp\/v2\/users\/11"}],"replies":[{"embeddable":true,"href":"https:\/\/fuentesfidedignas.com.mx\/index.php\/wp-json\/wp\/v2\/comments?post=29546"}],"version-history":[{"count":1,"href":"https:\/\/fuentesfidedignas.com.mx\/index.php\/wp-json\/wp\/v2\/posts\/29546\/revisions"}],"predecessor-version":[{"id":29548,"href":"https:\/\/fuentesfidedignas.com.mx\/index.php\/wp-json\/wp\/v2\/posts\/29546\/revisions\/29548"}],"wp:featuredmedia":[{"embeddable":true,"href":"https:\/\/fuentesfidedignas.com.mx\/index.php\/wp-json\/wp\/v2\/media\/29549"}],"wp:attachment":[{"href":"https:\/\/fuentesfidedignas.com.mx\/index.php\/wp-json\/wp\/v2\/media?parent=29546"}],"wp:term":[{"taxonomy":"category","embeddable":true,"href":"https:\/\/fuentesfidedignas.com.mx\/index.php\/wp-json\/wp\/v2\/categories?post=29546"},{"taxonomy":"post_tag","embeddable":true,"href":"https:\/\/fuentesfidedignas.com.mx\/index.php\/wp-json\/wp\/v2\/tags?post=29546"}],"curies":[{"name":"wp","href":"https:\/\/api.w.org\/{rel}","templated":true}]}}