{"id":29466,"date":"2022-04-28T08:54:33","date_gmt":"2022-04-28T14:54:33","guid":{"rendered":"https:\/\/fuentesfidedignas.com.mx\/?p=29466"},"modified":"2022-04-28T08:54:36","modified_gmt":"2022-04-28T14:54:36","slug":"amlo-presenta-su-nueva-reforma-electoral-va-por-nuevo-ine-con-menos-consejeros","status":"publish","type":"post","link":"https:\/\/fuentesfidedignas.com.mx\/index.php\/2022\/04\/28\/amlo-presenta-su-nueva-reforma-electoral-va-por-nuevo-ine-con-menos-consejeros\/","title":{"rendered":"AMLO presenta su nueva reforma electoral; va por nuevo INE con menos consejeros"},"content":{"rendered":"\n<p><strong><em>La iniciativa contempla tambi\u00e9n reducir el n\u00famero de diputados, senadores, legisladores locales, regidores y desaparecer Oples<\/em><\/strong><\/p>\n\n\n\n<p>Ciudad de M\u00e9xico.- El presidente Andr\u00e9s Manuel L\u00f3pez Obrador inform\u00f3 que este jueves enviar\u00e1 al Congreso de la Uni\u00f3n su propuesta de reforma electoral.<\/p>\n\n\n\n<p>En su conferencia de prensa en Palacio Nacional, el jefe del Ejecutivo federal dijo que hoy se dar\u00e1 a conocer su propuesta para mejorar la democracia del pa\u00eds.<\/p>\n\n\n\n<p>\u201cSe dar\u00e1 a conocer propuesta de reforma constitucional en materia de democracia, la reforma electoral que se enviar\u00e1 hoy al Congreso para que se analice y se debata y en su caso se apruebe\u201d.<\/p>\n\n\n\n<p>El mandatario dijo que para la propuesta y para la elaboraci\u00f3n de la iniciativa se invit\u00f3, por su experiencia, a Horacio Duarte, encargado de la Agencia Nacional de Aduanas; y al titular de la Unidad de Inteligencia Financiera (UIF) de Hacienda, Pablo G\u00f3mez.<\/p>\n\n\n\n<p>\u201cDuarte tiene muchos a\u00f1os tratando, estudiando esta materia, enfrentando en los hechos, irregularidades, fraudes, sabe muy bien lo que se necesita, lo que se requiere para garantizar elecciones limpias, libres y que dejemos atr\u00e1s de una vez por todas la historia de fraudes electorales en el pa\u00eds, ese es el prop\u00f3sito\u201d.<\/p>\n\n\n\n<p>Destaco que Pablo G\u00f3mez tambi\u00e9n tiene mucha experiencia en esta materia.<\/p>\n","protected":false},"excerpt":{"rendered":"<p>La iniciativa contempla tambi\u00e9n reducir el n\u00famero de diputados, senadores, legisladores locales, regidores y desaparecer Oples Ciudad de M\u00e9xico.- El presidente Andr\u00e9s Manuel L\u00f3pez Obrador inform\u00f3 que este jueves enviar\u00e1 al Congreso de la Uni\u00f3n su propuesta de reforma electoral. En su conferencia de prensa en Palacio Nacional, el jefe del Ejecutivo federal dijo que [&hellip;]<\/p>\n","protected":false},"author":39,"featured_media":29467,"comment_status":"open","ping_status":"open","sticky":false,"template":"","format":"standard","meta":{"tdm_status":"","tdm_grid_status":"","footnotes":""},"categories":[39],"tags":[],"class_list":{"0":"post-29466","1":"post","2":"type-post","3":"status-publish","4":"format-standard","5":"has-post-thumbnail","7":"category-noticias-nacionales"},"yoast_head":"<!-- This site is optimized with the Yoast SEO plugin v27.4 - https:\/\/yoast.com\/product\/yoast-seo-wordpress\/ -->\n<title>AMLO presenta su nueva reforma electoral; va por nuevo INE con menos consejeros - Fuentes Fidedignas<\/title>\n<meta name=\"robots\" content=\"index, follow, max-snippet:-1, max-image-preview:large, max-video-preview:-1\" \/>\n<link rel=\"canonical\" href=\"https:\/\/fuentesfidedignas.com.mx\/index.php\/2022\/04\/28\/amlo-presenta-su-nueva-reforma-electoral-va-por-nuevo-ine-con-menos-consejeros\/\" \/>\n<meta property=\"og:locale\" content=\"es_MX\" \/>\n<meta property=\"og:type\" content=\"article\" \/>\n<meta property=\"og:title\" content=\"AMLO presenta su nueva reforma electoral; va por nuevo INE con menos consejeros - Fuentes Fidedignas\" \/>\n<meta property=\"og:description\" content=\"La iniciativa contempla tambi\u00e9n reducir el n\u00famero de diputados, senadores, legisladores locales, regidores y desaparecer Oples Ciudad de M\u00e9xico.- El presidente Andr\u00e9s Manuel L\u00f3pez Obrador inform\u00f3 que este jueves enviar\u00e1 al Congreso de la Uni\u00f3n su propuesta de reforma electoral. En su conferencia de prensa en Palacio Nacional, el jefe del Ejecutivo federal dijo que [&hellip;]\" \/>\n<meta property=\"og:url\" content=\"https:\/\/fuentesfidedignas.com.mx\/index.php\/2022\/04\/28\/amlo-presenta-su-nueva-reforma-electoral-va-por-nuevo-ine-con-menos-consejeros\/\" \/>\n<meta property=\"og:site_name\" content=\"Fuentes Fidedignas\" \/>\n<meta property=\"article:publisher\" content=\"https:\/\/www.facebook.com\/Fuentes-Fidedignas-368234489921644\" \/>\n<meta property=\"article:published_time\" content=\"2022-04-28T14:54:33+00:00\" \/>\n<meta property=\"article:modified_time\" content=\"2022-04-28T14:54:36+00:00\" \/>\n<meta property=\"og:image\" content=\"https:\/\/fuentesfidedignas.com.mx\/wp-content\/uploads\/2022\/04\/INE_REFORMA_ELECTORAL.jpeg\" \/>\n\t<meta property=\"og:image:width\" content=\"800\" \/>\n\t<meta property=\"og:image:height\" content=\"498\" \/>\n\t<meta property=\"og:image:type\" content=\"image\/jpeg\" \/>\n<meta name=\"author\" content=\"El Universal\" \/>\n<meta name=\"twitter:card\" content=\"summary_large_image\" \/>\n<meta name=\"twitter:creator\" content=\"@fidedignas\" \/>\n<meta name=\"twitter:site\" content=\"@fidedignas\" \/>\n<meta name=\"twitter:label1\" content=\"Escrito por\" \/>\n\t<meta name=\"twitter:data1\" content=\"El Universal\" \/>\n\t<meta name=\"twitter:label2\" content=\"Tiempo de lectura\" \/>\n\t<meta name=\"twitter:data2\" content=\"1 minuto\" \/>\n<script type=\"application\/ld+json\" class=\"yoast-schema-graph\">{\"@context\":\"https:\\\/\\\/schema.org\",\"@graph\":[{\"@type\":\"Article\",\"@id\":\"https:\\\/\\\/fuentesfidedignas.com.mx\\\/index.php\\\/2022\\\/04\\\/28\\\/amlo-presenta-su-nueva-reforma-electoral-va-por-nuevo-ine-con-menos-consejeros\\\/#article\",\"isPartOf\":{\"@id\":\"https:\\\/\\\/fuentesfidedignas.com.mx\\\/index.php\\\/2022\\\/04\\\/28\\\/amlo-presenta-su-nueva-reforma-electoral-va-por-nuevo-ine-con-menos-consejeros\\\/\"},\"author\":{\"name\":\"El Universal\",\"@id\":\"https:\\\/\\\/fuentesfidedignas.com.mx\\\/#\\\/schema\\\/person\\\/fee3882e65fd0510d292c43a346d35d7\"},\"headline\":\"AMLO presenta su nueva reforma electoral; va por nuevo INE con menos consejeros\",\"datePublished\":\"2022-04-28T14:54:33+00:00\",\"dateModified\":\"2022-04-28T14:54:36+00:00\",\"mainEntityOfPage\":{\"@id\":\"https:\\\/\\\/fuentesfidedignas.com.mx\\\/index.php\\\/2022\\\/04\\\/28\\\/amlo-presenta-su-nueva-reforma-electoral-va-por-nuevo-ine-con-menos-consejeros\\\/\"},\"wordCount\":236,\"commentCount\":0,\"publisher\":{\"@id\":\"https:\\\/\\\/fuentesfidedignas.com.mx\\\/#organization\"},\"image\":{\"@id\":\"https:\\\/\\\/fuentesfidedignas.com.mx\\\/index.php\\\/2022\\\/04\\\/28\\\/amlo-presenta-su-nueva-reforma-electoral-va-por-nuevo-ine-con-menos-consejeros\\\/#primaryimage\"},\"thumbnailUrl\":\"https:\\\/\\\/fuentesfidedignas.com.mx\\\/wp-content\\\/uploads\\\/2022\\\/04\\\/INE_REFORMA_ELECTORAL.jpeg\",\"articleSection\":[\"NOTICIAS NACIONALES\"],\"inLanguage\":\"es\",\"potentialAction\":[{\"@type\":\"CommentAction\",\"name\":\"Comment\",\"target\":[\"https:\\\/\\\/fuentesfidedignas.com.mx\\\/index.php\\\/2022\\\/04\\\/28\\\/amlo-presenta-su-nueva-reforma-electoral-va-por-nuevo-ine-con-menos-consejeros\\\/#respond\"]}]},{\"@type\":\"WebPage\",\"@id\":\"https:\\\/\\\/fuentesfidedignas.com.mx\\\/index.php\\\/2022\\\/04\\\/28\\\/amlo-presenta-su-nueva-reforma-electoral-va-por-nuevo-ine-con-menos-consejeros\\\/\",\"url\":\"https:\\\/\\\/fuentesfidedignas.com.mx\\\/index.php\\\/2022\\\/04\\\/28\\\/amlo-presenta-su-nueva-reforma-electoral-va-por-nuevo-ine-con-menos-consejeros\\\/\",\"name\":\"AMLO presenta su nueva reforma electoral; va por nuevo INE con menos consejeros - Fuentes Fidedignas\",\"isPartOf\":{\"@id\":\"https:\\\/\\\/fuentesfidedignas.com.mx\\\/#website\"},\"primaryImageOfPage\":{\"@id\":\"https:\\\/\\\/fuentesfidedignas.com.mx\\\/index.php\\\/2022\\\/04\\\/28\\\/amlo-presenta-su-nueva-reforma-electoral-va-por-nuevo-ine-con-menos-consejeros\\\/#primaryimage\"},\"image\":{\"@id\":\"https:\\\/\\\/fuentesfidedignas.com.mx\\\/index.php\\\/2022\\\/04\\\/28\\\/amlo-presenta-su-nueva-reforma-electoral-va-por-nuevo-ine-con-menos-consejeros\\\/#primaryimage\"},\"thumbnailUrl\":\"https:\\\/\\\/fuentesfidedignas.com.mx\\\/wp-content\\\/uploads\\\/2022\\\/04\\\/INE_REFORMA_ELECTORAL.jpeg\",\"datePublished\":\"2022-04-28T14:54:33+00:00\",\"dateModified\":\"2022-04-28T14:54:36+00:00\",\"breadcrumb\":{\"@id\":\"https:\\\/\\\/fuentesfidedignas.com.mx\\\/index.php\\\/2022\\\/04\\\/28\\\/amlo-presenta-su-nueva-reforma-electoral-va-por-nuevo-ine-con-menos-consejeros\\\/#breadcrumb\"},\"inLanguage\":\"es\",\"potentialAction\":[{\"@type\":\"ReadAction\",\"target\":[\"https:\\\/\\\/fuentesfidedignas.com.mx\\\/index.php\\\/2022\\\/04\\\/28\\\/amlo-presenta-su-nueva-reforma-electoral-va-por-nuevo-ine-con-menos-consejeros\\\/\"]}]},{\"@type\":\"ImageObject\",\"inLanguage\":\"es\",\"@id\":\"https:\\\/\\\/fuentesfidedignas.com.mx\\\/index.php\\\/2022\\\/04\\\/28\\\/amlo-presenta-su-nueva-reforma-electoral-va-por-nuevo-ine-con-menos-consejeros\\\/#primaryimage\",\"url\":\"https:\\\/\\\/fuentesfidedignas.com.mx\\\/wp-content\\\/uploads\\\/2022\\\/04\\\/INE_REFORMA_ELECTORAL.jpeg\",\"contentUrl\":\"https:\\\/\\\/fuentesfidedignas.com.mx\\\/wp-content\\\/uploads\\\/2022\\\/04\\\/INE_REFORMA_ELECTORAL.jpeg\",\"width\":800,\"height\":498},{\"@type\":\"BreadcrumbList\",\"@id\":\"https:\\\/\\\/fuentesfidedignas.com.mx\\\/index.php\\\/2022\\\/04\\\/28\\\/amlo-presenta-su-nueva-reforma-electoral-va-por-nuevo-ine-con-menos-consejeros\\\/#breadcrumb\",\"itemListElement\":[{\"@type\":\"ListItem\",\"position\":1,\"name\":\"Inicio\",\"item\":\"https:\\\/\\\/fuentesfidedignas.com.mx\\\/\"},{\"@type\":\"ListItem\",\"position\":2,\"name\":\"AMLO presenta su nueva reforma electoral; va por nuevo INE con menos consejeros\"}]},{\"@type\":\"WebSite\",\"@id\":\"https:\\\/\\\/fuentesfidedignas.com.mx\\\/#website\",\"url\":\"https:\\\/\\\/fuentesfidedignas.com.mx\\\/\",\"name\":\"Fuentes Fidedignas\",\"description\":\"Otro sitio realizado con WordPress\",\"publisher\":{\"@id\":\"https:\\\/\\\/fuentesfidedignas.com.mx\\\/#organization\"},\"potentialAction\":[{\"@type\":\"SearchAction\",\"target\":{\"@type\":\"EntryPoint\",\"urlTemplate\":\"https:\\\/\\\/fuentesfidedignas.com.mx\\\/?s={search_term_string}\"},\"query-input\":{\"@type\":\"PropertyValueSpecification\",\"valueRequired\":true,\"valueName\":\"search_term_string\"}}],\"inLanguage\":\"es\"},{\"@type\":\"Organization\",\"@id\":\"https:\\\/\\\/fuentesfidedignas.com.mx\\\/#organization\",\"name\":\"Fuentes Fidedignas\",\"url\":\"https:\\\/\\\/fuentesfidedignas.com.mx\\\/\",\"logo\":{\"@type\":\"ImageObject\",\"inLanguage\":\"es\",\"@id\":\"https:\\\/\\\/fuentesfidedignas.com.mx\\\/#\\\/schema\\\/logo\\\/image\\\/\",\"url\":\"https:\\\/\\\/fuentesfidedignas.com.mx\\\/wp-content\\\/uploads\\\/2021\\\/04\\\/logo-retina.png\",\"contentUrl\":\"https:\\\/\\\/fuentesfidedignas.com.mx\\\/wp-content\\\/uploads\\\/2021\\\/04\\\/logo-retina.png\",\"width\":280,\"height\":51,\"caption\":\"Fuentes Fidedignas\"},\"image\":{\"@id\":\"https:\\\/\\\/fuentesfidedignas.com.mx\\\/#\\\/schema\\\/logo\\\/image\\\/\"},\"sameAs\":[\"https:\\\/\\\/www.facebook.com\\\/Fuentes-Fidedignas-368234489921644\",\"https:\\\/\\\/x.com\\\/fidedignas\"]},{\"@type\":\"Person\",\"@id\":\"https:\\\/\\\/fuentesfidedignas.com.mx\\\/#\\\/schema\\\/person\\\/fee3882e65fd0510d292c43a346d35d7\",\"name\":\"El Universal\",\"image\":{\"@type\":\"ImageObject\",\"inLanguage\":\"es\",\"@id\":\"https:\\\/\\\/secure.gravatar.com\\\/avatar\\\/1ebc94d82b6c3c081781f73e5b76a0d0c1ac7bf8e57426f18802246eeaa2747c?s=96&d=mm&r=g\",\"url\":\"https:\\\/\\\/secure.gravatar.com\\\/avatar\\\/1ebc94d82b6c3c081781f73e5b76a0d0c1ac7bf8e57426f18802246eeaa2747c?s=96&d=mm&r=g\",\"contentUrl\":\"https:\\\/\\\/secure.gravatar.com\\\/avatar\\\/1ebc94d82b6c3c081781f73e5b76a0d0c1ac7bf8e57426f18802246eeaa2747c?s=96&d=mm&r=g\",\"caption\":\"El Universal\"},\"url\":\"https:\\\/\\\/fuentesfidedignas.com.mx\\\/index.php\\\/author\\\/el-universal\\\/\"}]}<\/script>\n<!-- \/ Yoast SEO plugin. -->","yoast_head_json":{"title":"AMLO presenta su nueva reforma electoral; va por nuevo INE con menos consejeros - Fuentes Fidedignas","robots":{"index":"index","follow":"follow","max-snippet":"max-snippet:-1","max-image-preview":"max-image-preview:large","max-video-preview":"max-video-preview:-1"},"canonical":"https:\/\/fuentesfidedignas.com.mx\/index.php\/2022\/04\/28\/amlo-presenta-su-nueva-reforma-electoral-va-por-nuevo-ine-con-menos-consejeros\/","og_locale":"es_MX","og_type":"article","og_title":"AMLO presenta su nueva reforma electoral; va por nuevo INE con menos consejeros - Fuentes Fidedignas","og_description":"La iniciativa contempla tambi\u00e9n reducir el n\u00famero de diputados, senadores, legisladores locales, regidores y desaparecer Oples Ciudad de M\u00e9xico.- El presidente Andr\u00e9s Manuel L\u00f3pez Obrador inform\u00f3 que este jueves enviar\u00e1 al Congreso de la Uni\u00f3n su propuesta de reforma electoral. En su conferencia de prensa en Palacio Nacional, el jefe del Ejecutivo federal dijo que [&hellip;]","og_url":"https:\/\/fuentesfidedignas.com.mx\/index.php\/2022\/04\/28\/amlo-presenta-su-nueva-reforma-electoral-va-por-nuevo-ine-con-menos-consejeros\/","og_site_name":"Fuentes Fidedignas","article_publisher":"https:\/\/www.facebook.com\/Fuentes-Fidedignas-368234489921644","article_published_time":"2022-04-28T14:54:33+00:00","article_modified_time":"2022-04-28T14:54:36+00:00","og_image":[{"width":800,"height":498,"url":"https:\/\/fuentesfidedignas.com.mx\/wp-content\/uploads\/2022\/04\/INE_REFORMA_ELECTORAL.jpeg","type":"image\/jpeg"}],"author":"El Universal","twitter_card":"summary_large_image","twitter_creator":"@fidedignas","twitter_site":"@fidedignas","twitter_misc":{"Escrito por":"El Universal","Tiempo de lectura":"1 minuto"},"schema":{"@context":"https:\/\/schema.org","@graph":[{"@type":"Article","@id":"https:\/\/fuentesfidedignas.com.mx\/index.php\/2022\/04\/28\/amlo-presenta-su-nueva-reforma-electoral-va-por-nuevo-ine-con-menos-consejeros\/#article","isPartOf":{"@id":"https:\/\/fuentesfidedignas.com.mx\/index.php\/2022\/04\/28\/amlo-presenta-su-nueva-reforma-electoral-va-por-nuevo-ine-con-menos-consejeros\/"},"author":{"name":"El Universal","@id":"https:\/\/fuentesfidedignas.com.mx\/#\/schema\/person\/fee3882e65fd0510d292c43a346d35d7"},"headline":"AMLO presenta su nueva reforma electoral; va por nuevo INE con menos consejeros","datePublished":"2022-04-28T14:54:33+00:00","dateModified":"2022-04-28T14:54:36+00:00","mainEntityOfPage":{"@id":"https:\/\/fuentesfidedignas.com.mx\/index.php\/2022\/04\/28\/amlo-presenta-su-nueva-reforma-electoral-va-por-nuevo-ine-con-menos-consejeros\/"},"wordCount":236,"commentCount":0,"publisher":{"@id":"https:\/\/fuentesfidedignas.com.mx\/#organization"},"image":{"@id":"https:\/\/fuentesfidedignas.com.mx\/index.php\/2022\/04\/28\/amlo-presenta-su-nueva-reforma-electoral-va-por-nuevo-ine-con-menos-consejeros\/#primaryimage"},"thumbnailUrl":"https:\/\/fuentesfidedignas.com.mx\/wp-content\/uploads\/2022\/04\/INE_REFORMA_ELECTORAL.jpeg","articleSection":["NOTICIAS NACIONALES"],"inLanguage":"es","potentialAction":[{"@type":"CommentAction","name":"Comment","target":["https:\/\/fuentesfidedignas.com.mx\/index.php\/2022\/04\/28\/amlo-presenta-su-nueva-reforma-electoral-va-por-nuevo-ine-con-menos-consejeros\/#respond"]}]},{"@type":"WebPage","@id":"https:\/\/fuentesfidedignas.com.mx\/index.php\/2022\/04\/28\/amlo-presenta-su-nueva-reforma-electoral-va-por-nuevo-ine-con-menos-consejeros\/","url":"https:\/\/fuentesfidedignas.com.mx\/index.php\/2022\/04\/28\/amlo-presenta-su-nueva-reforma-electoral-va-por-nuevo-ine-con-menos-consejeros\/","name":"AMLO presenta su nueva reforma electoral; va por nuevo INE con menos consejeros - Fuentes Fidedignas","isPartOf":{"@id":"https:\/\/fuentesfidedignas.com.mx\/#website"},"primaryImageOfPage":{"@id":"https:\/\/fuentesfidedignas.com.mx\/index.php\/2022\/04\/28\/amlo-presenta-su-nueva-reforma-electoral-va-por-nuevo-ine-con-menos-consejeros\/#primaryimage"},"image":{"@id":"https:\/\/fuentesfidedignas.com.mx\/index.php\/2022\/04\/28\/amlo-presenta-su-nueva-reforma-electoral-va-por-nuevo-ine-con-menos-consejeros\/#primaryimage"},"thumbnailUrl":"https:\/\/fuentesfidedignas.com.mx\/wp-content\/uploads\/2022\/04\/INE_REFORMA_ELECTORAL.jpeg","datePublished":"2022-04-28T14:54:33+00:00","dateModified":"2022-04-28T14:54:36+00:00","breadcrumb":{"@id":"https:\/\/fuentesfidedignas.com.mx\/index.php\/2022\/04\/28\/amlo-presenta-su-nueva-reforma-electoral-va-por-nuevo-ine-con-menos-consejeros\/#breadcrumb"},"inLanguage":"es","potentialAction":[{"@type":"ReadAction","target":["https:\/\/fuentesfidedignas.com.mx\/index.php\/2022\/04\/28\/amlo-presenta-su-nueva-reforma-electoral-va-por-nuevo-ine-con-menos-consejeros\/"]}]},{"@type":"ImageObject","inLanguage":"es","@id":"https:\/\/fuentesfidedignas.com.mx\/index.php\/2022\/04\/28\/amlo-presenta-su-nueva-reforma-electoral-va-por-nuevo-ine-con-menos-consejeros\/#primaryimage","url":"https:\/\/fuentesfidedignas.com.mx\/wp-content\/uploads\/2022\/04\/INE_REFORMA_ELECTORAL.jpeg","contentUrl":"https:\/\/fuentesfidedignas.com.mx\/wp-content\/uploads\/2022\/04\/INE_REFORMA_ELECTORAL.jpeg","width":800,"height":498},{"@type":"BreadcrumbList","@id":"https:\/\/fuentesfidedignas.com.mx\/index.php\/2022\/04\/28\/amlo-presenta-su-nueva-reforma-electoral-va-por-nuevo-ine-con-menos-consejeros\/#breadcrumb","itemListElement":[{"@type":"ListItem","position":1,"name":"Inicio","item":"https:\/\/fuentesfidedignas.com.mx\/"},{"@type":"ListItem","position":2,"name":"AMLO presenta su nueva reforma electoral; va por nuevo INE con menos consejeros"}]},{"@type":"WebSite","@id":"https:\/\/fuentesfidedignas.com.mx\/#website","url":"https:\/\/fuentesfidedignas.com.mx\/","name":"Fuentes Fidedignas","description":"Otro sitio realizado con WordPress","publisher":{"@id":"https:\/\/fuentesfidedignas.com.mx\/#organization"},"potentialAction":[{"@type":"SearchAction","target":{"@type":"EntryPoint","urlTemplate":"https:\/\/fuentesfidedignas.com.mx\/?s={search_term_string}"},"query-input":{"@type":"PropertyValueSpecification","valueRequired":true,"valueName":"search_term_string"}}],"inLanguage":"es"},{"@type":"Organization","@id":"https:\/\/fuentesfidedignas.com.mx\/#organization","name":"Fuentes Fidedignas","url":"https:\/\/fuentesfidedignas.com.mx\/","logo":{"@type":"ImageObject","inLanguage":"es","@id":"https:\/\/fuentesfidedignas.com.mx\/#\/schema\/logo\/image\/","url":"https:\/\/fuentesfidedignas.com.mx\/wp-content\/uploads\/2021\/04\/logo-retina.png","contentUrl":"https:\/\/fuentesfidedignas.com.mx\/wp-content\/uploads\/2021\/04\/logo-retina.png","width":280,"height":51,"caption":"Fuentes Fidedignas"},"image":{"@id":"https:\/\/fuentesfidedignas.com.mx\/#\/schema\/logo\/image\/"},"sameAs":["https:\/\/www.facebook.com\/Fuentes-Fidedignas-368234489921644","https:\/\/x.com\/fidedignas"]},{"@type":"Person","@id":"https:\/\/fuentesfidedignas.com.mx\/#\/schema\/person\/fee3882e65fd0510d292c43a346d35d7","name":"El Universal","image":{"@type":"ImageObject","inLanguage":"es","@id":"https:\/\/secure.gravatar.com\/avatar\/1ebc94d82b6c3c081781f73e5b76a0d0c1ac7bf8e57426f18802246eeaa2747c?s=96&d=mm&r=g","url":"https:\/\/secure.gravatar.com\/avatar\/1ebc94d82b6c3c081781f73e5b76a0d0c1ac7bf8e57426f18802246eeaa2747c?s=96&d=mm&r=g","contentUrl":"https:\/\/secure.gravatar.com\/avatar\/1ebc94d82b6c3c081781f73e5b76a0d0c1ac7bf8e57426f18802246eeaa2747c?s=96&d=mm&r=g","caption":"El Universal"},"url":"https:\/\/fuentesfidedignas.com.mx\/index.php\/author\/el-universal\/"}]}},"_links":{"self":[{"href":"https:\/\/fuentesfidedignas.com.mx\/index.php\/wp-json\/wp\/v2\/posts\/29466","targetHints":{"allow":["GET"]}}],"collection":[{"href":"https:\/\/fuentesfidedignas.com.mx\/index.php\/wp-json\/wp\/v2\/posts"}],"about":[{"href":"https:\/\/fuentesfidedignas.com.mx\/index.php\/wp-json\/wp\/v2\/types\/post"}],"author":[{"embeddable":true,"href":"https:\/\/fuentesfidedignas.com.mx\/index.php\/wp-json\/wp\/v2\/users\/39"}],"replies":[{"embeddable":true,"href":"https:\/\/fuentesfidedignas.com.mx\/index.php\/wp-json\/wp\/v2\/comments?post=29466"}],"version-history":[{"count":1,"href":"https:\/\/fuentesfidedignas.com.mx\/index.php\/wp-json\/wp\/v2\/posts\/29466\/revisions"}],"predecessor-version":[{"id":29468,"href":"https:\/\/fuentesfidedignas.com.mx\/index.php\/wp-json\/wp\/v2\/posts\/29466\/revisions\/29468"}],"wp:featuredmedia":[{"embeddable":true,"href":"https:\/\/fuentesfidedignas.com.mx\/index.php\/wp-json\/wp\/v2\/media\/29467"}],"wp:attachment":[{"href":"https:\/\/fuentesfidedignas.com.mx\/index.php\/wp-json\/wp\/v2\/media?parent=29466"}],"wp:term":[{"taxonomy":"category","embeddable":true,"href":"https:\/\/fuentesfidedignas.com.mx\/index.php\/wp-json\/wp\/v2\/categories?post=29466"},{"taxonomy":"post_tag","embeddable":true,"href":"https:\/\/fuentesfidedignas.com.mx\/index.php\/wp-json\/wp\/v2\/tags?post=29466"}],"curies":[{"name":"wp","href":"https:\/\/api.w.org\/{rel}","templated":true}]}}