{"id":29390,"date":"2022-04-27T14:37:54","date_gmt":"2022-04-27T20:37:54","guid":{"rendered":"https:\/\/fuentesfidedignas.com.mx\/?p=29390"},"modified":"2022-04-27T14:38:15","modified_gmt":"2022-04-27T20:38:15","slug":"tribunal-electoral-declara-invalido-proceso-de-revocacion-de-mandato","status":"publish","type":"post","link":"https:\/\/fuentesfidedignas.com.mx\/index.php\/2022\/04\/27\/tribunal-electoral-declara-invalido-proceso-de-revocacion-de-mandato\/","title":{"rendered":"Tribunal Electoral declara inv\u00e1lido proceso de Revocacio\u0301n de Mandato"},"content":{"rendered":"\n<p><strong><em>En sesi\u00f3n presencial, el TEPF declar\u00f3 la invalidez del proceso de Revocaci\u00f3n de Mandato al no alcanzar la votaci\u00f3n m\u00ednima requerida <\/em><\/strong><\/p>\n\n\n\n<p>Ciudad de M\u00e9xico. El\u00a0<strong>Pleno<\/strong>\u00a0del\u00a0<strong>Tribunal Electoral<\/strong>\u00a0del\u00a0<strong>Poder Judicial de la Federaci\u00f3n<\/strong>\u00a0(<strong>TEPJF<\/strong>) declar\u00f3 que\u00a0<strong>no tiene validez<\/strong>\u00a0el proceso de\u00a0<strong>Revocaci\u00f3n de Mandato<\/strong>\u00a0del presidente\u00a0<strong>Andr\u00e9s Manuel\u00a0<a href=\"https:\/\/lopezdoriga.com\/nacional\/revocacion-de-mandato-acto-demagogico-pantomima-ong\/\" target=\"_blank\" rel=\"noreferrer noopener\">L\u00f3pez Obrador<\/a><\/strong>\u00a0al\u00a0<strong>no alcanzar el 40 por ciento<\/strong>\u00a0de la\u00a0<strong>votaci\u00f3n m\u00ednima<\/strong>\u00a0que exige la Constituci\u00f3n mexicana.<\/p>\n\n\n\n<figure class=\"wp-block-embed is-type-rich is-provider-twitter wp-block-embed-twitter\"><div class=\"wp-block-embed__wrapper\">\n<blockquote class=\"twitter-tweet\" data-width=\"550\" data-dnt=\"true\"><p lang=\"es\" dir=\"ltr\">Tras no alcanzarse el porcentaje m\u00ednimo de participaci\u00f3n exigido por la Constituci\u00f3n, Tribunal Electoral no declara la invalidez de la consulta de Revocaci\u00f3n de Mandato del pasado 10 de abril. <a href=\"https:\/\/t.co\/gja12X0TBX\">pic.twitter.com\/gja12X0TBX<\/a><\/p>&mdash; Joaqu\u00edn L\u00f3pez-D\u00f3riga (@lopezdoriga) <a href=\"https:\/\/twitter.com\/lopezdoriga\/status\/1519397209757863937?ref_src=twsrc%5Etfw\">April 27, 2022<\/a><\/blockquote><script async src=\"https:\/\/platform.twitter.com\/widgets.js\" charset=\"utf-8\"><\/script>\n<\/div><\/figure>\n\n\n\n<p>El proyecto fue aprobado por la unanimidad de votos en sesi\u00f3n presencial este mi\u00e9rcoles en&nbsp;la que se present\u00f3 la resoluci\u00f3n del c\u00f3mputo final y conclusi\u00f3n del proceso revocatorio del titular del Ejecutivo federal.<\/p>\n\n\n\n<blockquote class=\"wp-block-quote is-layout-flow wp-block-quote-is-layout-flow\"><p>No ha lugar a emitir la declaratoria de validez del proceso de Revocaci\u00f3n de Mandato del titular del Poder Ejecutivo federal electo para el periodo constitucional 2018-2024 al no haberse alcanzado el porcentaje m\u00ednimo de participaci\u00f3n exigido por la Constituci\u00f3n\u201d, apunt\u00f3 el magistrado presidente del TEPJF,<strong>&nbsp;Reyes Rodr\u00edguez Mondrag\u00f3n<\/strong>.<\/p><\/blockquote>\n\n\n\n<p>La consulta de Revocaci\u00f3n de mandato se llev\u00f3 a cabo el pasado domingo 10 de abril, donde el<strong>\u00a0Instituto Nacional Electoral<\/strong>\u00a0(INE) contabiliz\u00f3 una participaci\u00f3n ciudadana de 17.77 por ciento y 16.5 millones de votos, lejos del 40 por ciento que era necesario para que el ejercicio fuese vinculante seg\u00fan lo mandata la Constituci\u00f3n.<\/p>\n\n\n\n<p>De estos, poco m\u00e1s de 15,1 millones (91.8 por ciento) votaron a favor de que L\u00f3pez Obrador siga en el cargo hasta 2024, frente a 1,06 millones (6.44 or ciento) que vot\u00f3 en favor de la revocaci\u00f3n y unos 280 mil (1.6 por ciento) que emitieron votos nulos.<\/p>\n\n\n\n<p>El presidente L\u00f3pez Obrador asegur\u00f3 un d\u00eda despu\u00e9s del ejercicio que si el INE hubiese puesto m\u00e1s casillas, la participaci\u00f3n habr\u00eda sido mayor, en uno m\u00e1s de sus reclamos a la autoridad electoral, que marcaron el proceso.<\/p>\n","protected":false},"excerpt":{"rendered":"<p>En sesi\u00f3n presencial, el TEPF declar\u00f3 la invalidez del proceso de Revocaci\u00f3n de Mandato al no alcanzar la votaci\u00f3n m\u00ednima requerida Ciudad de M\u00e9xico. El\u00a0Pleno\u00a0del\u00a0Tribunal Electoral\u00a0del\u00a0Poder Judicial de la Federaci\u00f3n\u00a0(TEPJF) declar\u00f3 que\u00a0no tiene validez\u00a0el proceso de\u00a0Revocaci\u00f3n de Mandato\u00a0del presidente\u00a0Andr\u00e9s Manuel\u00a0L\u00f3pez Obrador\u00a0al\u00a0no alcanzar el 40 por ciento\u00a0de la\u00a0votaci\u00f3n m\u00ednima\u00a0que exige la Constituci\u00f3n mexicana. El proyecto fue [&hellip;]<\/p>\n","protected":false},"author":47,"featured_media":29392,"comment_status":"open","ping_status":"open","sticky":false,"template":"","format":"standard","meta":{"tdm_status":"","tdm_grid_status":"","footnotes":""},"categories":[37],"tags":[1582],"class_list":{"0":"post-29390","1":"post","2":"type-post","3":"status-publish","4":"format-standard","5":"has-post-thumbnail","7":"category-nota-principal","8":"tag-revocacion-de-mandato"},"yoast_head":"<!-- This site is optimized with the Yoast SEO plugin v27.4 - https:\/\/yoast.com\/product\/yoast-seo-wordpress\/ -->\n<title>Tribunal Electoral declara inv\u00e1lido proceso de Revocacio\u0301n de Mandato - Fuentes Fidedignas<\/title>\n<meta name=\"robots\" content=\"index, follow, max-snippet:-1, max-image-preview:large, max-video-preview:-1\" \/>\n<link rel=\"canonical\" href=\"https:\/\/fuentesfidedignas.com.mx\/index.php\/2022\/04\/27\/tribunal-electoral-declara-invalido-proceso-de-revocacion-de-mandato\/\" \/>\n<meta property=\"og:locale\" content=\"es_MX\" \/>\n<meta property=\"og:type\" content=\"article\" \/>\n<meta property=\"og:title\" content=\"Tribunal Electoral declara inv\u00e1lido proceso de Revocacio\u0301n de Mandato - Fuentes Fidedignas\" \/>\n<meta property=\"og:description\" content=\"En sesi\u00f3n presencial, el TEPF declar\u00f3 la invalidez del proceso de Revocaci\u00f3n de Mandato al no alcanzar la votaci\u00f3n m\u00ednima requerida Ciudad de M\u00e9xico. El\u00a0Pleno\u00a0del\u00a0Tribunal Electoral\u00a0del\u00a0Poder Judicial de la Federaci\u00f3n\u00a0(TEPJF) declar\u00f3 que\u00a0no tiene validez\u00a0el proceso de\u00a0Revocaci\u00f3n de Mandato\u00a0del presidente\u00a0Andr\u00e9s Manuel\u00a0L\u00f3pez Obrador\u00a0al\u00a0no alcanzar el 40 por ciento\u00a0de la\u00a0votaci\u00f3n m\u00ednima\u00a0que exige la Constituci\u00f3n mexicana. El proyecto fue [&hellip;]\" \/>\n<meta property=\"og:url\" content=\"https:\/\/fuentesfidedignas.com.mx\/index.php\/2022\/04\/27\/tribunal-electoral-declara-invalido-proceso-de-revocacion-de-mandato\/\" \/>\n<meta property=\"og:site_name\" content=\"Fuentes Fidedignas\" \/>\n<meta property=\"article:publisher\" content=\"https:\/\/www.facebook.com\/Fuentes-Fidedignas-368234489921644\" \/>\n<meta property=\"article:published_time\" content=\"2022-04-27T20:37:54+00:00\" \/>\n<meta property=\"article:modified_time\" content=\"2022-04-27T20:38:15+00:00\" \/>\n<meta property=\"og:image\" content=\"https:\/\/fuentesfidedignas.com.mx\/wp-content\/uploads\/2022\/04\/conteo-de-boletas-de-la-revocacion-de-mandato.jpg\" \/>\n\t<meta property=\"og:image:width\" content=\"1920\" \/>\n\t<meta property=\"og:image:height\" content=\"1280\" \/>\n\t<meta property=\"og:image:type\" content=\"image\/jpeg\" \/>\n<meta name=\"author\" content=\"L\u00f3pez D\u00f3riga\" \/>\n<meta name=\"twitter:card\" content=\"summary_large_image\" \/>\n<meta name=\"twitter:creator\" content=\"@fidedignas\" \/>\n<meta name=\"twitter:site\" content=\"@fidedignas\" \/>\n<meta name=\"twitter:label1\" content=\"Escrito por\" \/>\n\t<meta name=\"twitter:data1\" content=\"L\u00f3pez D\u00f3riga\" \/>\n\t<meta name=\"twitter:label2\" content=\"Tiempo de lectura\" \/>\n\t<meta name=\"twitter:data2\" content=\"2 minutos\" \/>\n<script type=\"application\/ld+json\" class=\"yoast-schema-graph\">{\"@context\":\"https:\\\/\\\/schema.org\",\"@graph\":[{\"@type\":\"Article\",\"@id\":\"https:\\\/\\\/fuentesfidedignas.com.mx\\\/index.php\\\/2022\\\/04\\\/27\\\/tribunal-electoral-declara-invalido-proceso-de-revocacion-de-mandato\\\/#article\",\"isPartOf\":{\"@id\":\"https:\\\/\\\/fuentesfidedignas.com.mx\\\/index.php\\\/2022\\\/04\\\/27\\\/tribunal-electoral-declara-invalido-proceso-de-revocacion-de-mandato\\\/\"},\"author\":{\"name\":\"L\u00f3pez D\u00f3riga\",\"@id\":\"https:\\\/\\\/fuentesfidedignas.com.mx\\\/#\\\/schema\\\/person\\\/67d852f0557c8509146a4b9ddebd543a\"},\"headline\":\"Tribunal Electoral declara inv\u00e1lido proceso de Revocacio\u0301n de Mandato\",\"datePublished\":\"2022-04-27T20:37:54+00:00\",\"dateModified\":\"2022-04-27T20:38:15+00:00\",\"mainEntityOfPage\":{\"@id\":\"https:\\\/\\\/fuentesfidedignas.com.mx\\\/index.php\\\/2022\\\/04\\\/27\\\/tribunal-electoral-declara-invalido-proceso-de-revocacion-de-mandato\\\/\"},\"wordCount\":358,\"commentCount\":0,\"publisher\":{\"@id\":\"https:\\\/\\\/fuentesfidedignas.com.mx\\\/#organization\"},\"image\":{\"@id\":\"https:\\\/\\\/fuentesfidedignas.com.mx\\\/index.php\\\/2022\\\/04\\\/27\\\/tribunal-electoral-declara-invalido-proceso-de-revocacion-de-mandato\\\/#primaryimage\"},\"thumbnailUrl\":\"https:\\\/\\\/fuentesfidedignas.com.mx\\\/wp-content\\\/uploads\\\/2022\\\/04\\\/conteo-de-boletas-de-la-revocacion-de-mandato.jpg\",\"keywords\":[\"Revocaci\u00f3n de mandato\"],\"articleSection\":[\"NOTA PRINCIPAL\"],\"inLanguage\":\"es\",\"potentialAction\":[{\"@type\":\"CommentAction\",\"name\":\"Comment\",\"target\":[\"https:\\\/\\\/fuentesfidedignas.com.mx\\\/index.php\\\/2022\\\/04\\\/27\\\/tribunal-electoral-declara-invalido-proceso-de-revocacion-de-mandato\\\/#respond\"]}]},{\"@type\":\"WebPage\",\"@id\":\"https:\\\/\\\/fuentesfidedignas.com.mx\\\/index.php\\\/2022\\\/04\\\/27\\\/tribunal-electoral-declara-invalido-proceso-de-revocacion-de-mandato\\\/\",\"url\":\"https:\\\/\\\/fuentesfidedignas.com.mx\\\/index.php\\\/2022\\\/04\\\/27\\\/tribunal-electoral-declara-invalido-proceso-de-revocacion-de-mandato\\\/\",\"name\":\"Tribunal Electoral declara inv\u00e1lido proceso de Revocacio\u0301n de Mandato - Fuentes Fidedignas\",\"isPartOf\":{\"@id\":\"https:\\\/\\\/fuentesfidedignas.com.mx\\\/#website\"},\"primaryImageOfPage\":{\"@id\":\"https:\\\/\\\/fuentesfidedignas.com.mx\\\/index.php\\\/2022\\\/04\\\/27\\\/tribunal-electoral-declara-invalido-proceso-de-revocacion-de-mandato\\\/#primaryimage\"},\"image\":{\"@id\":\"https:\\\/\\\/fuentesfidedignas.com.mx\\\/index.php\\\/2022\\\/04\\\/27\\\/tribunal-electoral-declara-invalido-proceso-de-revocacion-de-mandato\\\/#primaryimage\"},\"thumbnailUrl\":\"https:\\\/\\\/fuentesfidedignas.com.mx\\\/wp-content\\\/uploads\\\/2022\\\/04\\\/conteo-de-boletas-de-la-revocacion-de-mandato.jpg\",\"datePublished\":\"2022-04-27T20:37:54+00:00\",\"dateModified\":\"2022-04-27T20:38:15+00:00\",\"breadcrumb\":{\"@id\":\"https:\\\/\\\/fuentesfidedignas.com.mx\\\/index.php\\\/2022\\\/04\\\/27\\\/tribunal-electoral-declara-invalido-proceso-de-revocacion-de-mandato\\\/#breadcrumb\"},\"inLanguage\":\"es\",\"potentialAction\":[{\"@type\":\"ReadAction\",\"target\":[\"https:\\\/\\\/fuentesfidedignas.com.mx\\\/index.php\\\/2022\\\/04\\\/27\\\/tribunal-electoral-declara-invalido-proceso-de-revocacion-de-mandato\\\/\"]}]},{\"@type\":\"ImageObject\",\"inLanguage\":\"es\",\"@id\":\"https:\\\/\\\/fuentesfidedignas.com.mx\\\/index.php\\\/2022\\\/04\\\/27\\\/tribunal-electoral-declara-invalido-proceso-de-revocacion-de-mandato\\\/#primaryimage\",\"url\":\"https:\\\/\\\/fuentesfidedignas.com.mx\\\/wp-content\\\/uploads\\\/2022\\\/04\\\/conteo-de-boletas-de-la-revocacion-de-mandato.jpg\",\"contentUrl\":\"https:\\\/\\\/fuentesfidedignas.com.mx\\\/wp-content\\\/uploads\\\/2022\\\/04\\\/conteo-de-boletas-de-la-revocacion-de-mandato.jpg\",\"width\":1920,\"height\":1280},{\"@type\":\"BreadcrumbList\",\"@id\":\"https:\\\/\\\/fuentesfidedignas.com.mx\\\/index.php\\\/2022\\\/04\\\/27\\\/tribunal-electoral-declara-invalido-proceso-de-revocacion-de-mandato\\\/#breadcrumb\",\"itemListElement\":[{\"@type\":\"ListItem\",\"position\":1,\"name\":\"Inicio\",\"item\":\"https:\\\/\\\/fuentesfidedignas.com.mx\\\/\"},{\"@type\":\"ListItem\",\"position\":2,\"name\":\"Tribunal Electoral declara inv\u00e1lido proceso de Revocacio\u0301n de Mandato\"}]},{\"@type\":\"WebSite\",\"@id\":\"https:\\\/\\\/fuentesfidedignas.com.mx\\\/#website\",\"url\":\"https:\\\/\\\/fuentesfidedignas.com.mx\\\/\",\"name\":\"Fuentes Fidedignas\",\"description\":\"Otro sitio realizado con WordPress\",\"publisher\":{\"@id\":\"https:\\\/\\\/fuentesfidedignas.com.mx\\\/#organization\"},\"potentialAction\":[{\"@type\":\"SearchAction\",\"target\":{\"@type\":\"EntryPoint\",\"urlTemplate\":\"https:\\\/\\\/fuentesfidedignas.com.mx\\\/?s={search_term_string}\"},\"query-input\":{\"@type\":\"PropertyValueSpecification\",\"valueRequired\":true,\"valueName\":\"search_term_string\"}}],\"inLanguage\":\"es\"},{\"@type\":\"Organization\",\"@id\":\"https:\\\/\\\/fuentesfidedignas.com.mx\\\/#organization\",\"name\":\"Fuentes Fidedignas\",\"url\":\"https:\\\/\\\/fuentesfidedignas.com.mx\\\/\",\"logo\":{\"@type\":\"ImageObject\",\"inLanguage\":\"es\",\"@id\":\"https:\\\/\\\/fuentesfidedignas.com.mx\\\/#\\\/schema\\\/logo\\\/image\\\/\",\"url\":\"https:\\\/\\\/fuentesfidedignas.com.mx\\\/wp-content\\\/uploads\\\/2021\\\/04\\\/logo-retina.png\",\"contentUrl\":\"https:\\\/\\\/fuentesfidedignas.com.mx\\\/wp-content\\\/uploads\\\/2021\\\/04\\\/logo-retina.png\",\"width\":280,\"height\":51,\"caption\":\"Fuentes Fidedignas\"},\"image\":{\"@id\":\"https:\\\/\\\/fuentesfidedignas.com.mx\\\/#\\\/schema\\\/logo\\\/image\\\/\"},\"sameAs\":[\"https:\\\/\\\/www.facebook.com\\\/Fuentes-Fidedignas-368234489921644\",\"https:\\\/\\\/x.com\\\/fidedignas\"]},{\"@type\":\"Person\",\"@id\":\"https:\\\/\\\/fuentesfidedignas.com.mx\\\/#\\\/schema\\\/person\\\/67d852f0557c8509146a4b9ddebd543a\",\"name\":\"L\u00f3pez D\u00f3riga\",\"image\":{\"@type\":\"ImageObject\",\"inLanguage\":\"es\",\"@id\":\"https:\\\/\\\/secure.gravatar.com\\\/avatar\\\/e525b06574ca18b33cded59dfe5778d6c823b9513154eff47da551b0551bdd1e?s=96&d=mm&r=g\",\"url\":\"https:\\\/\\\/secure.gravatar.com\\\/avatar\\\/e525b06574ca18b33cded59dfe5778d6c823b9513154eff47da551b0551bdd1e?s=96&d=mm&r=g\",\"contentUrl\":\"https:\\\/\\\/secure.gravatar.com\\\/avatar\\\/e525b06574ca18b33cded59dfe5778d6c823b9513154eff47da551b0551bdd1e?s=96&d=mm&r=g\",\"caption\":\"L\u00f3pez D\u00f3riga\"},\"url\":\"https:\\\/\\\/fuentesfidedignas.com.mx\\\/index.php\\\/author\\\/doriga\\\/\"}]}<\/script>\n<!-- \/ Yoast SEO plugin. -->","yoast_head_json":{"title":"Tribunal Electoral declara inv\u00e1lido proceso de Revocacio\u0301n de Mandato - Fuentes Fidedignas","robots":{"index":"index","follow":"follow","max-snippet":"max-snippet:-1","max-image-preview":"max-image-preview:large","max-video-preview":"max-video-preview:-1"},"canonical":"https:\/\/fuentesfidedignas.com.mx\/index.php\/2022\/04\/27\/tribunal-electoral-declara-invalido-proceso-de-revocacion-de-mandato\/","og_locale":"es_MX","og_type":"article","og_title":"Tribunal Electoral declara inv\u00e1lido proceso de Revocacio\u0301n de Mandato - Fuentes Fidedignas","og_description":"En sesi\u00f3n presencial, el TEPF declar\u00f3 la invalidez del proceso de Revocaci\u00f3n de Mandato al no alcanzar la votaci\u00f3n m\u00ednima requerida Ciudad de M\u00e9xico. El\u00a0Pleno\u00a0del\u00a0Tribunal Electoral\u00a0del\u00a0Poder Judicial de la Federaci\u00f3n\u00a0(TEPJF) declar\u00f3 que\u00a0no tiene validez\u00a0el proceso de\u00a0Revocaci\u00f3n de Mandato\u00a0del presidente\u00a0Andr\u00e9s Manuel\u00a0L\u00f3pez Obrador\u00a0al\u00a0no alcanzar el 40 por ciento\u00a0de la\u00a0votaci\u00f3n m\u00ednima\u00a0que exige la Constituci\u00f3n mexicana. El proyecto fue [&hellip;]","og_url":"https:\/\/fuentesfidedignas.com.mx\/index.php\/2022\/04\/27\/tribunal-electoral-declara-invalido-proceso-de-revocacion-de-mandato\/","og_site_name":"Fuentes Fidedignas","article_publisher":"https:\/\/www.facebook.com\/Fuentes-Fidedignas-368234489921644","article_published_time":"2022-04-27T20:37:54+00:00","article_modified_time":"2022-04-27T20:38:15+00:00","og_image":[{"width":1920,"height":1280,"url":"https:\/\/fuentesfidedignas.com.mx\/wp-content\/uploads\/2022\/04\/conteo-de-boletas-de-la-revocacion-de-mandato.jpg","type":"image\/jpeg"}],"author":"L\u00f3pez D\u00f3riga","twitter_card":"summary_large_image","twitter_creator":"@fidedignas","twitter_site":"@fidedignas","twitter_misc":{"Escrito por":"L\u00f3pez D\u00f3riga","Tiempo de lectura":"2 minutos"},"schema":{"@context":"https:\/\/schema.org","@graph":[{"@type":"Article","@id":"https:\/\/fuentesfidedignas.com.mx\/index.php\/2022\/04\/27\/tribunal-electoral-declara-invalido-proceso-de-revocacion-de-mandato\/#article","isPartOf":{"@id":"https:\/\/fuentesfidedignas.com.mx\/index.php\/2022\/04\/27\/tribunal-electoral-declara-invalido-proceso-de-revocacion-de-mandato\/"},"author":{"name":"L\u00f3pez D\u00f3riga","@id":"https:\/\/fuentesfidedignas.com.mx\/#\/schema\/person\/67d852f0557c8509146a4b9ddebd543a"},"headline":"Tribunal Electoral declara inv\u00e1lido proceso de Revocacio\u0301n de Mandato","datePublished":"2022-04-27T20:37:54+00:00","dateModified":"2022-04-27T20:38:15+00:00","mainEntityOfPage":{"@id":"https:\/\/fuentesfidedignas.com.mx\/index.php\/2022\/04\/27\/tribunal-electoral-declara-invalido-proceso-de-revocacion-de-mandato\/"},"wordCount":358,"commentCount":0,"publisher":{"@id":"https:\/\/fuentesfidedignas.com.mx\/#organization"},"image":{"@id":"https:\/\/fuentesfidedignas.com.mx\/index.php\/2022\/04\/27\/tribunal-electoral-declara-invalido-proceso-de-revocacion-de-mandato\/#primaryimage"},"thumbnailUrl":"https:\/\/fuentesfidedignas.com.mx\/wp-content\/uploads\/2022\/04\/conteo-de-boletas-de-la-revocacion-de-mandato.jpg","keywords":["Revocaci\u00f3n de mandato"],"articleSection":["NOTA PRINCIPAL"],"inLanguage":"es","potentialAction":[{"@type":"CommentAction","name":"Comment","target":["https:\/\/fuentesfidedignas.com.mx\/index.php\/2022\/04\/27\/tribunal-electoral-declara-invalido-proceso-de-revocacion-de-mandato\/#respond"]}]},{"@type":"WebPage","@id":"https:\/\/fuentesfidedignas.com.mx\/index.php\/2022\/04\/27\/tribunal-electoral-declara-invalido-proceso-de-revocacion-de-mandato\/","url":"https:\/\/fuentesfidedignas.com.mx\/index.php\/2022\/04\/27\/tribunal-electoral-declara-invalido-proceso-de-revocacion-de-mandato\/","name":"Tribunal Electoral declara inv\u00e1lido proceso de Revocacio\u0301n de Mandato - Fuentes Fidedignas","isPartOf":{"@id":"https:\/\/fuentesfidedignas.com.mx\/#website"},"primaryImageOfPage":{"@id":"https:\/\/fuentesfidedignas.com.mx\/index.php\/2022\/04\/27\/tribunal-electoral-declara-invalido-proceso-de-revocacion-de-mandato\/#primaryimage"},"image":{"@id":"https:\/\/fuentesfidedignas.com.mx\/index.php\/2022\/04\/27\/tribunal-electoral-declara-invalido-proceso-de-revocacion-de-mandato\/#primaryimage"},"thumbnailUrl":"https:\/\/fuentesfidedignas.com.mx\/wp-content\/uploads\/2022\/04\/conteo-de-boletas-de-la-revocacion-de-mandato.jpg","datePublished":"2022-04-27T20:37:54+00:00","dateModified":"2022-04-27T20:38:15+00:00","breadcrumb":{"@id":"https:\/\/fuentesfidedignas.com.mx\/index.php\/2022\/04\/27\/tribunal-electoral-declara-invalido-proceso-de-revocacion-de-mandato\/#breadcrumb"},"inLanguage":"es","potentialAction":[{"@type":"ReadAction","target":["https:\/\/fuentesfidedignas.com.mx\/index.php\/2022\/04\/27\/tribunal-electoral-declara-invalido-proceso-de-revocacion-de-mandato\/"]}]},{"@type":"ImageObject","inLanguage":"es","@id":"https:\/\/fuentesfidedignas.com.mx\/index.php\/2022\/04\/27\/tribunal-electoral-declara-invalido-proceso-de-revocacion-de-mandato\/#primaryimage","url":"https:\/\/fuentesfidedignas.com.mx\/wp-content\/uploads\/2022\/04\/conteo-de-boletas-de-la-revocacion-de-mandato.jpg","contentUrl":"https:\/\/fuentesfidedignas.com.mx\/wp-content\/uploads\/2022\/04\/conteo-de-boletas-de-la-revocacion-de-mandato.jpg","width":1920,"height":1280},{"@type":"BreadcrumbList","@id":"https:\/\/fuentesfidedignas.com.mx\/index.php\/2022\/04\/27\/tribunal-electoral-declara-invalido-proceso-de-revocacion-de-mandato\/#breadcrumb","itemListElement":[{"@type":"ListItem","position":1,"name":"Inicio","item":"https:\/\/fuentesfidedignas.com.mx\/"},{"@type":"ListItem","position":2,"name":"Tribunal Electoral declara inv\u00e1lido proceso de Revocacio\u0301n de Mandato"}]},{"@type":"WebSite","@id":"https:\/\/fuentesfidedignas.com.mx\/#website","url":"https:\/\/fuentesfidedignas.com.mx\/","name":"Fuentes Fidedignas","description":"Otro sitio realizado con WordPress","publisher":{"@id":"https:\/\/fuentesfidedignas.com.mx\/#organization"},"potentialAction":[{"@type":"SearchAction","target":{"@type":"EntryPoint","urlTemplate":"https:\/\/fuentesfidedignas.com.mx\/?s={search_term_string}"},"query-input":{"@type":"PropertyValueSpecification","valueRequired":true,"valueName":"search_term_string"}}],"inLanguage":"es"},{"@type":"Organization","@id":"https:\/\/fuentesfidedignas.com.mx\/#organization","name":"Fuentes Fidedignas","url":"https:\/\/fuentesfidedignas.com.mx\/","logo":{"@type":"ImageObject","inLanguage":"es","@id":"https:\/\/fuentesfidedignas.com.mx\/#\/schema\/logo\/image\/","url":"https:\/\/fuentesfidedignas.com.mx\/wp-content\/uploads\/2021\/04\/logo-retina.png","contentUrl":"https:\/\/fuentesfidedignas.com.mx\/wp-content\/uploads\/2021\/04\/logo-retina.png","width":280,"height":51,"caption":"Fuentes Fidedignas"},"image":{"@id":"https:\/\/fuentesfidedignas.com.mx\/#\/schema\/logo\/image\/"},"sameAs":["https:\/\/www.facebook.com\/Fuentes-Fidedignas-368234489921644","https:\/\/x.com\/fidedignas"]},{"@type":"Person","@id":"https:\/\/fuentesfidedignas.com.mx\/#\/schema\/person\/67d852f0557c8509146a4b9ddebd543a","name":"L\u00f3pez D\u00f3riga","image":{"@type":"ImageObject","inLanguage":"es","@id":"https:\/\/secure.gravatar.com\/avatar\/e525b06574ca18b33cded59dfe5778d6c823b9513154eff47da551b0551bdd1e?s=96&d=mm&r=g","url":"https:\/\/secure.gravatar.com\/avatar\/e525b06574ca18b33cded59dfe5778d6c823b9513154eff47da551b0551bdd1e?s=96&d=mm&r=g","contentUrl":"https:\/\/secure.gravatar.com\/avatar\/e525b06574ca18b33cded59dfe5778d6c823b9513154eff47da551b0551bdd1e?s=96&d=mm&r=g","caption":"L\u00f3pez D\u00f3riga"},"url":"https:\/\/fuentesfidedignas.com.mx\/index.php\/author\/doriga\/"}]}},"_links":{"self":[{"href":"https:\/\/fuentesfidedignas.com.mx\/index.php\/wp-json\/wp\/v2\/posts\/29390","targetHints":{"allow":["GET"]}}],"collection":[{"href":"https:\/\/fuentesfidedignas.com.mx\/index.php\/wp-json\/wp\/v2\/posts"}],"about":[{"href":"https:\/\/fuentesfidedignas.com.mx\/index.php\/wp-json\/wp\/v2\/types\/post"}],"author":[{"embeddable":true,"href":"https:\/\/fuentesfidedignas.com.mx\/index.php\/wp-json\/wp\/v2\/users\/47"}],"replies":[{"embeddable":true,"href":"https:\/\/fuentesfidedignas.com.mx\/index.php\/wp-json\/wp\/v2\/comments?post=29390"}],"version-history":[{"count":1,"href":"https:\/\/fuentesfidedignas.com.mx\/index.php\/wp-json\/wp\/v2\/posts\/29390\/revisions"}],"predecessor-version":[{"id":29391,"href":"https:\/\/fuentesfidedignas.com.mx\/index.php\/wp-json\/wp\/v2\/posts\/29390\/revisions\/29391"}],"wp:featuredmedia":[{"embeddable":true,"href":"https:\/\/fuentesfidedignas.com.mx\/index.php\/wp-json\/wp\/v2\/media\/29392"}],"wp:attachment":[{"href":"https:\/\/fuentesfidedignas.com.mx\/index.php\/wp-json\/wp\/v2\/media?parent=29390"}],"wp:term":[{"taxonomy":"category","embeddable":true,"href":"https:\/\/fuentesfidedignas.com.mx\/index.php\/wp-json\/wp\/v2\/categories?post=29390"},{"taxonomy":"post_tag","embeddable":true,"href":"https:\/\/fuentesfidedignas.com.mx\/index.php\/wp-json\/wp\/v2\/tags?post=29390"}],"curies":[{"name":"wp","href":"https:\/\/api.w.org\/{rel}","templated":true}]}}