{"id":29360,"date":"2022-04-27T12:01:54","date_gmt":"2022-04-27T18:01:54","guid":{"rendered":"https:\/\/fuentesfidedignas.com.mx\/?p=29360"},"modified":"2022-04-27T12:01:55","modified_gmt":"2022-04-27T18:01:55","slug":"sedena-guarda-silencio-por-video-de-soldados-sometidos-en-la-noria","status":"publish","type":"post","link":"https:\/\/fuentesfidedignas.com.mx\/index.php\/2022\/04\/27\/sedena-guarda-silencio-por-video-de-soldados-sometidos-en-la-noria\/","title":{"rendered":"Sedena guarda silencio por video de soldados sometidos en La Noria"},"content":{"rendered":"\n<p><strong><em>EL UNIVERSAL pidi\u00f3 postura a la Sedena, pero pese a que el material ha circulado profusamente no se ha pronunciado<\/em><\/strong><\/p>\n\n\n\n<p>Ciudad de M\u00e9xico.- La Secretar\u00eda de Defensa Nacional (Sedena) guard\u00f3 silencio, luego de la difusi\u00f3n de un video en el que supuestamente soldados son sometidos por hombres armados en La Noria, Sinaloa.<\/p>\n\n\n\n<p>En el video difundido en redes sociales, hombres armados insultan a varios soldados, que se encuentran en el suelo.<\/p>\n\n\n\n<p>Seg\u00fan las primeras versiones, los sujetos armados son miembros del C\u00e1rtel de Sinaloa, quienes visten chalecos t\u00e1cticos y algunos portan pasamonta\u00f1as negros. Supuestamente, los uniformados fueron desarmados y abandonados.<\/p>\n\n\n\n<p><em>EL UNIVERSAL<\/em> pidi\u00f3 postura a la Sedena, pero pese a que el material ha circulado profusamente no se ha pronunciado.<\/p>\n\n\n\n<p><strong>Sinaloa, sin informaci\u00f3n oficial<\/strong><br>Por su parte, el secretario de Seguridad P\u00fablica del Estado, Crist\u00f3bal Casta\u00f1eda Camarillo, descart\u00f3 que las im\u00e1genes divulgadas en un video, sobre un grupo armado que tiene sometidos a supuestos militares, corresponda a una zona de Sinaloa y que se trate de elementos del Ej\u00e9rcito, puesto que las botas y vestimenta no corresponden.<\/p>\n\n\n\n<p>Dio a conocer que en la Mesa de An\u00e1lisis de la Paz se analiz\u00f3 dicho video que circula en las redes sociales, sobre un supuesto sometimiento de personal de la Secretar\u00eda de la Defensa Nacional, en la comunidad de la Noria, en Mazatl\u00e1n, puesto que las im\u00e1genes no son recientes y la vestimenta militar no corresponde a los elementos de las fuerzas armadas.<\/p>\n\n\n\n<p>Coment\u00f3 que no existe ninguna informaci\u00f3n oficial de que este supuesto hecho se haya escenificado el pasado fin de semana, en la comunidad de la Noria, en Mazatl\u00e1n.<\/p>\n\n\n\n<p>Las fuerzas armadas realizan operativos en Sinaloa, en donde el c\u00e1rtel que encabeza Ismael &#8220;El Mayo&#8221; Zambada, opera desde varias d\u00e9cadas. Desde el 2013, Rafael Caro Quintero, quien fuera l\u00edder del c\u00e1rtel de Guadalajara, sali\u00f3 de prisi\u00f3n y se dice que tambi\u00e9n opera en Sinaloa.<\/p>\n\n\n\n<p>VIDEO: Hombres armados someten a soldados<\/p>\n\n\n\n<figure class=\"wp-block-embed is-type-rich is-provider-twitter wp-block-embed-twitter\"><div class=\"wp-block-embed__wrapper\">\n<blockquote class=\"twitter-tweet\" data-width=\"550\" data-dnt=\"true\"><p lang=\"es\" dir=\"ltr\"><a href=\"https:\/\/twitter.com\/hashtag\/OJO?src=hash&amp;ref_src=twsrc%5Etfw\">#OJO<\/a> <a href=\"https:\/\/twitter.com\/hashtag\/M%C3%A9xico?src=hash&amp;ref_src=twsrc%5Etfw\">#M\u00e9xico<\/a><br><br>Otra vez sicarios del C\u00e1rtel De Sinaloa humillan,someten a elementos de la <a href=\"https:\/\/twitter.com\/SEDENAmx?ref_src=twsrc%5Etfw\">@SEDENAmx<\/a> en la Noria, sicarios.<br><br>Que no qued\u00e9 en el olvido est\u00e1s terribles imagenes,que no se olvid\u00e9 que el gobierno L\u00f3pez Obrador ha permitido esto con su &quot;Abrazos No Balazos&quot;.<a href=\"https:\/\/twitter.com\/hashtag\/M%C3%A9xicoEn?src=hash&amp;ref_src=twsrc%5Etfw\">#M\u00e9xicoEn<\/a>\ud83d\udd25 <a href=\"https:\/\/t.co\/JfD5snh3wb\">pic.twitter.com\/JfD5snh3wb<\/a><\/p>&mdash; La Voz Del Pueblo ( Oficial ) (@LPueblo2) <a href=\"https:\/\/twitter.com\/LPueblo2\/status\/1519274993288454144?ref_src=twsrc%5Etfw\">April 27, 2022<\/a><\/blockquote><script async src=\"https:\/\/platform.twitter.com\/widgets.js\" charset=\"utf-8\"><\/script>\n<\/div><\/figure>\n","protected":false},"excerpt":{"rendered":"<p>EL UNIVERSAL pidi\u00f3 postura a la Sedena, pero pese a que el material ha circulado profusamente no se ha pronunciado Ciudad de M\u00e9xico.- La Secretar\u00eda de Defensa Nacional (Sedena) guard\u00f3 silencio, luego de la difusi\u00f3n de un video en el que supuestamente soldados son sometidos por hombres armados en La Noria, Sinaloa. En el video [&hellip;]<\/p>\n","protected":false},"author":39,"featured_media":29361,"comment_status":"open","ping_status":"open","sticky":false,"template":"","format":"standard","meta":{"tdm_status":"","tdm_grid_status":"","footnotes":""},"categories":[38],"tags":[],"class_list":{"0":"post-29360","1":"post","2":"type-post","3":"status-publish","4":"format-standard","5":"has-post-thumbnail","7":"category-noticias-locales"},"yoast_head":"<!-- This site is optimized with the Yoast SEO plugin v27.4 - https:\/\/yoast.com\/product\/yoast-seo-wordpress\/ -->\n<title>Sedena guarda silencio por video de soldados sometidos en La Noria - Fuentes Fidedignas<\/title>\n<meta name=\"robots\" content=\"index, follow, max-snippet:-1, max-image-preview:large, max-video-preview:-1\" \/>\n<link rel=\"canonical\" href=\"https:\/\/fuentesfidedignas.com.mx\/index.php\/2022\/04\/27\/sedena-guarda-silencio-por-video-de-soldados-sometidos-en-la-noria\/\" \/>\n<meta property=\"og:locale\" content=\"es_MX\" \/>\n<meta property=\"og:type\" content=\"article\" \/>\n<meta property=\"og:title\" content=\"Sedena guarda silencio por video de soldados sometidos en La Noria - Fuentes Fidedignas\" \/>\n<meta property=\"og:description\" content=\"EL UNIVERSAL pidi\u00f3 postura a la Sedena, pero pese a que el material ha circulado profusamente no se ha pronunciado Ciudad de M\u00e9xico.- La Secretar\u00eda de Defensa Nacional (Sedena) guard\u00f3 silencio, luego de la difusi\u00f3n de un video en el que supuestamente soldados son sometidos por hombres armados en La Noria, Sinaloa. En el video [&hellip;]\" \/>\n<meta property=\"og:url\" content=\"https:\/\/fuentesfidedignas.com.mx\/index.php\/2022\/04\/27\/sedena-guarda-silencio-por-video-de-soldados-sometidos-en-la-noria\/\" \/>\n<meta property=\"og:site_name\" content=\"Fuentes Fidedignas\" \/>\n<meta property=\"article:publisher\" content=\"https:\/\/www.facebook.com\/Fuentes-Fidedignas-368234489921644\" \/>\n<meta property=\"article:published_time\" content=\"2022-04-27T18:01:54+00:00\" \/>\n<meta property=\"article:modified_time\" content=\"2022-04-27T18:01:55+00:00\" \/>\n<meta property=\"og:image\" content=\"https:\/\/fuentesfidedignas.com.mx\/wp-content\/uploads\/2022\/04\/SOLDADOS_SOMETIDOS.jpg\" \/>\n\t<meta property=\"og:image:width\" content=\"1329\" \/>\n\t<meta property=\"og:image:height\" content=\"753\" \/>\n\t<meta property=\"og:image:type\" content=\"image\/jpeg\" \/>\n<meta name=\"author\" content=\"El Universal\" \/>\n<meta name=\"twitter:card\" content=\"summary_large_image\" \/>\n<meta name=\"twitter:creator\" content=\"@fidedignas\" \/>\n<meta name=\"twitter:site\" content=\"@fidedignas\" \/>\n<meta name=\"twitter:label1\" content=\"Escrito por\" \/>\n\t<meta name=\"twitter:data1\" content=\"El Universal\" \/>\n\t<meta name=\"twitter:label2\" content=\"Tiempo de lectura\" \/>\n\t<meta name=\"twitter:data2\" content=\"2 minutos\" \/>\n<script type=\"application\/ld+json\" class=\"yoast-schema-graph\">{\"@context\":\"https:\\\/\\\/schema.org\",\"@graph\":[{\"@type\":\"Article\",\"@id\":\"https:\\\/\\\/fuentesfidedignas.com.mx\\\/index.php\\\/2022\\\/04\\\/27\\\/sedena-guarda-silencio-por-video-de-soldados-sometidos-en-la-noria\\\/#article\",\"isPartOf\":{\"@id\":\"https:\\\/\\\/fuentesfidedignas.com.mx\\\/index.php\\\/2022\\\/04\\\/27\\\/sedena-guarda-silencio-por-video-de-soldados-sometidos-en-la-noria\\\/\"},\"author\":{\"name\":\"El Universal\",\"@id\":\"https:\\\/\\\/fuentesfidedignas.com.mx\\\/#\\\/schema\\\/person\\\/fee3882e65fd0510d292c43a346d35d7\"},\"headline\":\"Sedena guarda silencio por video de soldados sometidos en La Noria\",\"datePublished\":\"2022-04-27T18:01:54+00:00\",\"dateModified\":\"2022-04-27T18:01:55+00:00\",\"mainEntityOfPage\":{\"@id\":\"https:\\\/\\\/fuentesfidedignas.com.mx\\\/index.php\\\/2022\\\/04\\\/27\\\/sedena-guarda-silencio-por-video-de-soldados-sometidos-en-la-noria\\\/\"},\"wordCount\":360,\"commentCount\":0,\"publisher\":{\"@id\":\"https:\\\/\\\/fuentesfidedignas.com.mx\\\/#organization\"},\"image\":{\"@id\":\"https:\\\/\\\/fuentesfidedignas.com.mx\\\/index.php\\\/2022\\\/04\\\/27\\\/sedena-guarda-silencio-por-video-de-soldados-sometidos-en-la-noria\\\/#primaryimage\"},\"thumbnailUrl\":\"https:\\\/\\\/fuentesfidedignas.com.mx\\\/wp-content\\\/uploads\\\/2022\\\/04\\\/SOLDADOS_SOMETIDOS.jpg\",\"articleSection\":[\"NOTICIAS LOCALES\"],\"inLanguage\":\"es\",\"potentialAction\":[{\"@type\":\"CommentAction\",\"name\":\"Comment\",\"target\":[\"https:\\\/\\\/fuentesfidedignas.com.mx\\\/index.php\\\/2022\\\/04\\\/27\\\/sedena-guarda-silencio-por-video-de-soldados-sometidos-en-la-noria\\\/#respond\"]}]},{\"@type\":\"WebPage\",\"@id\":\"https:\\\/\\\/fuentesfidedignas.com.mx\\\/index.php\\\/2022\\\/04\\\/27\\\/sedena-guarda-silencio-por-video-de-soldados-sometidos-en-la-noria\\\/\",\"url\":\"https:\\\/\\\/fuentesfidedignas.com.mx\\\/index.php\\\/2022\\\/04\\\/27\\\/sedena-guarda-silencio-por-video-de-soldados-sometidos-en-la-noria\\\/\",\"name\":\"Sedena guarda silencio por video de soldados sometidos en La Noria - Fuentes Fidedignas\",\"isPartOf\":{\"@id\":\"https:\\\/\\\/fuentesfidedignas.com.mx\\\/#website\"},\"primaryImageOfPage\":{\"@id\":\"https:\\\/\\\/fuentesfidedignas.com.mx\\\/index.php\\\/2022\\\/04\\\/27\\\/sedena-guarda-silencio-por-video-de-soldados-sometidos-en-la-noria\\\/#primaryimage\"},\"image\":{\"@id\":\"https:\\\/\\\/fuentesfidedignas.com.mx\\\/index.php\\\/2022\\\/04\\\/27\\\/sedena-guarda-silencio-por-video-de-soldados-sometidos-en-la-noria\\\/#primaryimage\"},\"thumbnailUrl\":\"https:\\\/\\\/fuentesfidedignas.com.mx\\\/wp-content\\\/uploads\\\/2022\\\/04\\\/SOLDADOS_SOMETIDOS.jpg\",\"datePublished\":\"2022-04-27T18:01:54+00:00\",\"dateModified\":\"2022-04-27T18:01:55+00:00\",\"breadcrumb\":{\"@id\":\"https:\\\/\\\/fuentesfidedignas.com.mx\\\/index.php\\\/2022\\\/04\\\/27\\\/sedena-guarda-silencio-por-video-de-soldados-sometidos-en-la-noria\\\/#breadcrumb\"},\"inLanguage\":\"es\",\"potentialAction\":[{\"@type\":\"ReadAction\",\"target\":[\"https:\\\/\\\/fuentesfidedignas.com.mx\\\/index.php\\\/2022\\\/04\\\/27\\\/sedena-guarda-silencio-por-video-de-soldados-sometidos-en-la-noria\\\/\"]}]},{\"@type\":\"ImageObject\",\"inLanguage\":\"es\",\"@id\":\"https:\\\/\\\/fuentesfidedignas.com.mx\\\/index.php\\\/2022\\\/04\\\/27\\\/sedena-guarda-silencio-por-video-de-soldados-sometidos-en-la-noria\\\/#primaryimage\",\"url\":\"https:\\\/\\\/fuentesfidedignas.com.mx\\\/wp-content\\\/uploads\\\/2022\\\/04\\\/SOLDADOS_SOMETIDOS.jpg\",\"contentUrl\":\"https:\\\/\\\/fuentesfidedignas.com.mx\\\/wp-content\\\/uploads\\\/2022\\\/04\\\/SOLDADOS_SOMETIDOS.jpg\",\"width\":1329,\"height\":753},{\"@type\":\"BreadcrumbList\",\"@id\":\"https:\\\/\\\/fuentesfidedignas.com.mx\\\/index.php\\\/2022\\\/04\\\/27\\\/sedena-guarda-silencio-por-video-de-soldados-sometidos-en-la-noria\\\/#breadcrumb\",\"itemListElement\":[{\"@type\":\"ListItem\",\"position\":1,\"name\":\"Inicio\",\"item\":\"https:\\\/\\\/fuentesfidedignas.com.mx\\\/\"},{\"@type\":\"ListItem\",\"position\":2,\"name\":\"Sedena guarda silencio por video de soldados sometidos en La Noria\"}]},{\"@type\":\"WebSite\",\"@id\":\"https:\\\/\\\/fuentesfidedignas.com.mx\\\/#website\",\"url\":\"https:\\\/\\\/fuentesfidedignas.com.mx\\\/\",\"name\":\"Fuentes Fidedignas\",\"description\":\"Otro sitio realizado con WordPress\",\"publisher\":{\"@id\":\"https:\\\/\\\/fuentesfidedignas.com.mx\\\/#organization\"},\"potentialAction\":[{\"@type\":\"SearchAction\",\"target\":{\"@type\":\"EntryPoint\",\"urlTemplate\":\"https:\\\/\\\/fuentesfidedignas.com.mx\\\/?s={search_term_string}\"},\"query-input\":{\"@type\":\"PropertyValueSpecification\",\"valueRequired\":true,\"valueName\":\"search_term_string\"}}],\"inLanguage\":\"es\"},{\"@type\":\"Organization\",\"@id\":\"https:\\\/\\\/fuentesfidedignas.com.mx\\\/#organization\",\"name\":\"Fuentes Fidedignas\",\"url\":\"https:\\\/\\\/fuentesfidedignas.com.mx\\\/\",\"logo\":{\"@type\":\"ImageObject\",\"inLanguage\":\"es\",\"@id\":\"https:\\\/\\\/fuentesfidedignas.com.mx\\\/#\\\/schema\\\/logo\\\/image\\\/\",\"url\":\"https:\\\/\\\/fuentesfidedignas.com.mx\\\/wp-content\\\/uploads\\\/2021\\\/04\\\/logo-retina.png\",\"contentUrl\":\"https:\\\/\\\/fuentesfidedignas.com.mx\\\/wp-content\\\/uploads\\\/2021\\\/04\\\/logo-retina.png\",\"width\":280,\"height\":51,\"caption\":\"Fuentes Fidedignas\"},\"image\":{\"@id\":\"https:\\\/\\\/fuentesfidedignas.com.mx\\\/#\\\/schema\\\/logo\\\/image\\\/\"},\"sameAs\":[\"https:\\\/\\\/www.facebook.com\\\/Fuentes-Fidedignas-368234489921644\",\"https:\\\/\\\/x.com\\\/fidedignas\"]},{\"@type\":\"Person\",\"@id\":\"https:\\\/\\\/fuentesfidedignas.com.mx\\\/#\\\/schema\\\/person\\\/fee3882e65fd0510d292c43a346d35d7\",\"name\":\"El Universal\",\"image\":{\"@type\":\"ImageObject\",\"inLanguage\":\"es\",\"@id\":\"https:\\\/\\\/secure.gravatar.com\\\/avatar\\\/1ebc94d82b6c3c081781f73e5b76a0d0c1ac7bf8e57426f18802246eeaa2747c?s=96&d=mm&r=g\",\"url\":\"https:\\\/\\\/secure.gravatar.com\\\/avatar\\\/1ebc94d82b6c3c081781f73e5b76a0d0c1ac7bf8e57426f18802246eeaa2747c?s=96&d=mm&r=g\",\"contentUrl\":\"https:\\\/\\\/secure.gravatar.com\\\/avatar\\\/1ebc94d82b6c3c081781f73e5b76a0d0c1ac7bf8e57426f18802246eeaa2747c?s=96&d=mm&r=g\",\"caption\":\"El Universal\"},\"url\":\"https:\\\/\\\/fuentesfidedignas.com.mx\\\/index.php\\\/author\\\/el-universal\\\/\"}]}<\/script>\n<!-- \/ Yoast SEO plugin. -->","yoast_head_json":{"title":"Sedena guarda silencio por video de soldados sometidos en La Noria - Fuentes Fidedignas","robots":{"index":"index","follow":"follow","max-snippet":"max-snippet:-1","max-image-preview":"max-image-preview:large","max-video-preview":"max-video-preview:-1"},"canonical":"https:\/\/fuentesfidedignas.com.mx\/index.php\/2022\/04\/27\/sedena-guarda-silencio-por-video-de-soldados-sometidos-en-la-noria\/","og_locale":"es_MX","og_type":"article","og_title":"Sedena guarda silencio por video de soldados sometidos en La Noria - Fuentes Fidedignas","og_description":"EL UNIVERSAL pidi\u00f3 postura a la Sedena, pero pese a que el material ha circulado profusamente no se ha pronunciado Ciudad de M\u00e9xico.- La Secretar\u00eda de Defensa Nacional (Sedena) guard\u00f3 silencio, luego de la difusi\u00f3n de un video en el que supuestamente soldados son sometidos por hombres armados en La Noria, Sinaloa. En el video [&hellip;]","og_url":"https:\/\/fuentesfidedignas.com.mx\/index.php\/2022\/04\/27\/sedena-guarda-silencio-por-video-de-soldados-sometidos-en-la-noria\/","og_site_name":"Fuentes Fidedignas","article_publisher":"https:\/\/www.facebook.com\/Fuentes-Fidedignas-368234489921644","article_published_time":"2022-04-27T18:01:54+00:00","article_modified_time":"2022-04-27T18:01:55+00:00","og_image":[{"width":1329,"height":753,"url":"https:\/\/fuentesfidedignas.com.mx\/wp-content\/uploads\/2022\/04\/SOLDADOS_SOMETIDOS.jpg","type":"image\/jpeg"}],"author":"El Universal","twitter_card":"summary_large_image","twitter_creator":"@fidedignas","twitter_site":"@fidedignas","twitter_misc":{"Escrito por":"El Universal","Tiempo de lectura":"2 minutos"},"schema":{"@context":"https:\/\/schema.org","@graph":[{"@type":"Article","@id":"https:\/\/fuentesfidedignas.com.mx\/index.php\/2022\/04\/27\/sedena-guarda-silencio-por-video-de-soldados-sometidos-en-la-noria\/#article","isPartOf":{"@id":"https:\/\/fuentesfidedignas.com.mx\/index.php\/2022\/04\/27\/sedena-guarda-silencio-por-video-de-soldados-sometidos-en-la-noria\/"},"author":{"name":"El Universal","@id":"https:\/\/fuentesfidedignas.com.mx\/#\/schema\/person\/fee3882e65fd0510d292c43a346d35d7"},"headline":"Sedena guarda silencio por video de soldados sometidos en La Noria","datePublished":"2022-04-27T18:01:54+00:00","dateModified":"2022-04-27T18:01:55+00:00","mainEntityOfPage":{"@id":"https:\/\/fuentesfidedignas.com.mx\/index.php\/2022\/04\/27\/sedena-guarda-silencio-por-video-de-soldados-sometidos-en-la-noria\/"},"wordCount":360,"commentCount":0,"publisher":{"@id":"https:\/\/fuentesfidedignas.com.mx\/#organization"},"image":{"@id":"https:\/\/fuentesfidedignas.com.mx\/index.php\/2022\/04\/27\/sedena-guarda-silencio-por-video-de-soldados-sometidos-en-la-noria\/#primaryimage"},"thumbnailUrl":"https:\/\/fuentesfidedignas.com.mx\/wp-content\/uploads\/2022\/04\/SOLDADOS_SOMETIDOS.jpg","articleSection":["NOTICIAS LOCALES"],"inLanguage":"es","potentialAction":[{"@type":"CommentAction","name":"Comment","target":["https:\/\/fuentesfidedignas.com.mx\/index.php\/2022\/04\/27\/sedena-guarda-silencio-por-video-de-soldados-sometidos-en-la-noria\/#respond"]}]},{"@type":"WebPage","@id":"https:\/\/fuentesfidedignas.com.mx\/index.php\/2022\/04\/27\/sedena-guarda-silencio-por-video-de-soldados-sometidos-en-la-noria\/","url":"https:\/\/fuentesfidedignas.com.mx\/index.php\/2022\/04\/27\/sedena-guarda-silencio-por-video-de-soldados-sometidos-en-la-noria\/","name":"Sedena guarda silencio por video de soldados sometidos en La Noria - Fuentes Fidedignas","isPartOf":{"@id":"https:\/\/fuentesfidedignas.com.mx\/#website"},"primaryImageOfPage":{"@id":"https:\/\/fuentesfidedignas.com.mx\/index.php\/2022\/04\/27\/sedena-guarda-silencio-por-video-de-soldados-sometidos-en-la-noria\/#primaryimage"},"image":{"@id":"https:\/\/fuentesfidedignas.com.mx\/index.php\/2022\/04\/27\/sedena-guarda-silencio-por-video-de-soldados-sometidos-en-la-noria\/#primaryimage"},"thumbnailUrl":"https:\/\/fuentesfidedignas.com.mx\/wp-content\/uploads\/2022\/04\/SOLDADOS_SOMETIDOS.jpg","datePublished":"2022-04-27T18:01:54+00:00","dateModified":"2022-04-27T18:01:55+00:00","breadcrumb":{"@id":"https:\/\/fuentesfidedignas.com.mx\/index.php\/2022\/04\/27\/sedena-guarda-silencio-por-video-de-soldados-sometidos-en-la-noria\/#breadcrumb"},"inLanguage":"es","potentialAction":[{"@type":"ReadAction","target":["https:\/\/fuentesfidedignas.com.mx\/index.php\/2022\/04\/27\/sedena-guarda-silencio-por-video-de-soldados-sometidos-en-la-noria\/"]}]},{"@type":"ImageObject","inLanguage":"es","@id":"https:\/\/fuentesfidedignas.com.mx\/index.php\/2022\/04\/27\/sedena-guarda-silencio-por-video-de-soldados-sometidos-en-la-noria\/#primaryimage","url":"https:\/\/fuentesfidedignas.com.mx\/wp-content\/uploads\/2022\/04\/SOLDADOS_SOMETIDOS.jpg","contentUrl":"https:\/\/fuentesfidedignas.com.mx\/wp-content\/uploads\/2022\/04\/SOLDADOS_SOMETIDOS.jpg","width":1329,"height":753},{"@type":"BreadcrumbList","@id":"https:\/\/fuentesfidedignas.com.mx\/index.php\/2022\/04\/27\/sedena-guarda-silencio-por-video-de-soldados-sometidos-en-la-noria\/#breadcrumb","itemListElement":[{"@type":"ListItem","position":1,"name":"Inicio","item":"https:\/\/fuentesfidedignas.com.mx\/"},{"@type":"ListItem","position":2,"name":"Sedena guarda silencio por video de soldados sometidos en La Noria"}]},{"@type":"WebSite","@id":"https:\/\/fuentesfidedignas.com.mx\/#website","url":"https:\/\/fuentesfidedignas.com.mx\/","name":"Fuentes Fidedignas","description":"Otro sitio realizado con WordPress","publisher":{"@id":"https:\/\/fuentesfidedignas.com.mx\/#organization"},"potentialAction":[{"@type":"SearchAction","target":{"@type":"EntryPoint","urlTemplate":"https:\/\/fuentesfidedignas.com.mx\/?s={search_term_string}"},"query-input":{"@type":"PropertyValueSpecification","valueRequired":true,"valueName":"search_term_string"}}],"inLanguage":"es"},{"@type":"Organization","@id":"https:\/\/fuentesfidedignas.com.mx\/#organization","name":"Fuentes Fidedignas","url":"https:\/\/fuentesfidedignas.com.mx\/","logo":{"@type":"ImageObject","inLanguage":"es","@id":"https:\/\/fuentesfidedignas.com.mx\/#\/schema\/logo\/image\/","url":"https:\/\/fuentesfidedignas.com.mx\/wp-content\/uploads\/2021\/04\/logo-retina.png","contentUrl":"https:\/\/fuentesfidedignas.com.mx\/wp-content\/uploads\/2021\/04\/logo-retina.png","width":280,"height":51,"caption":"Fuentes Fidedignas"},"image":{"@id":"https:\/\/fuentesfidedignas.com.mx\/#\/schema\/logo\/image\/"},"sameAs":["https:\/\/www.facebook.com\/Fuentes-Fidedignas-368234489921644","https:\/\/x.com\/fidedignas"]},{"@type":"Person","@id":"https:\/\/fuentesfidedignas.com.mx\/#\/schema\/person\/fee3882e65fd0510d292c43a346d35d7","name":"El Universal","image":{"@type":"ImageObject","inLanguage":"es","@id":"https:\/\/secure.gravatar.com\/avatar\/1ebc94d82b6c3c081781f73e5b76a0d0c1ac7bf8e57426f18802246eeaa2747c?s=96&d=mm&r=g","url":"https:\/\/secure.gravatar.com\/avatar\/1ebc94d82b6c3c081781f73e5b76a0d0c1ac7bf8e57426f18802246eeaa2747c?s=96&d=mm&r=g","contentUrl":"https:\/\/secure.gravatar.com\/avatar\/1ebc94d82b6c3c081781f73e5b76a0d0c1ac7bf8e57426f18802246eeaa2747c?s=96&d=mm&r=g","caption":"El Universal"},"url":"https:\/\/fuentesfidedignas.com.mx\/index.php\/author\/el-universal\/"}]}},"_links":{"self":[{"href":"https:\/\/fuentesfidedignas.com.mx\/index.php\/wp-json\/wp\/v2\/posts\/29360","targetHints":{"allow":["GET"]}}],"collection":[{"href":"https:\/\/fuentesfidedignas.com.mx\/index.php\/wp-json\/wp\/v2\/posts"}],"about":[{"href":"https:\/\/fuentesfidedignas.com.mx\/index.php\/wp-json\/wp\/v2\/types\/post"}],"author":[{"embeddable":true,"href":"https:\/\/fuentesfidedignas.com.mx\/index.php\/wp-json\/wp\/v2\/users\/39"}],"replies":[{"embeddable":true,"href":"https:\/\/fuentesfidedignas.com.mx\/index.php\/wp-json\/wp\/v2\/comments?post=29360"}],"version-history":[{"count":1,"href":"https:\/\/fuentesfidedignas.com.mx\/index.php\/wp-json\/wp\/v2\/posts\/29360\/revisions"}],"predecessor-version":[{"id":29362,"href":"https:\/\/fuentesfidedignas.com.mx\/index.php\/wp-json\/wp\/v2\/posts\/29360\/revisions\/29362"}],"wp:featuredmedia":[{"embeddable":true,"href":"https:\/\/fuentesfidedignas.com.mx\/index.php\/wp-json\/wp\/v2\/media\/29361"}],"wp:attachment":[{"href":"https:\/\/fuentesfidedignas.com.mx\/index.php\/wp-json\/wp\/v2\/media?parent=29360"}],"wp:term":[{"taxonomy":"category","embeddable":true,"href":"https:\/\/fuentesfidedignas.com.mx\/index.php\/wp-json\/wp\/v2\/categories?post=29360"},{"taxonomy":"post_tag","embeddable":true,"href":"https:\/\/fuentesfidedignas.com.mx\/index.php\/wp-json\/wp\/v2\/tags?post=29360"}],"curies":[{"name":"wp","href":"https:\/\/api.w.org\/{rel}","templated":true}]}}