{"id":29326,"date":"2022-04-27T07:11:36","date_gmt":"2022-04-27T13:11:36","guid":{"rendered":"https:\/\/fuentesfidedignas.com.mx\/?p=29326"},"modified":"2022-04-27T07:11:38","modified_gmt":"2022-04-27T13:11:38","slug":"chofer-revela-su-version-sobre-lo-sucedido-con-debanhi-escobar","status":"publish","type":"post","link":"https:\/\/fuentesfidedignas.com.mx\/index.php\/2022\/04\/27\/chofer-revela-su-version-sobre-lo-sucedido-con-debanhi-escobar\/","title":{"rendered":"Chofer revela su versi\u00f3n sobre lo sucedido con Debanhi Escobar"},"content":{"rendered":"\n<p><strong><em>A trav\u00e9s de un noticiario local, el joven que se identific\u00f3 como Juan David Cuellar habl\u00f3 sobre lo sucedido la noche en la que desapareci\u00f3.<\/em><\/strong><\/p>\n\n\n\n<p>Monterrey.- Juan David Cu\u00e9llar, el supuesto chofer que recogi\u00f3 a Debanhi Escobar la madrugada del 9 de abril y le tom\u00f3 la \u00faltima fotograf\u00eda en la que se ve con vida, asegur\u00f3 que la joven se baj\u00f3 del taxi por voluntad propia.<\/p>\n\n\n\n<p>En entrevista con el noticiero INFO7, el hombre relata que alrededor de las 4 de la ma\u00f1ana del 9 de abril recibi\u00f3 mensaje por WhatsApp de las amigas de Debanhi para que pasara por ellas en el lugar donde hab\u00eda una fiesta, pero las chicas s\u00f3lo subieron a Debanhi y ellas se fueron en otro veh\u00edculo con m\u00e1s personas.<\/p>\n\n\n\n<p>\u201cDebanhi me dice que avance mientras las amigas me est\u00e1n hablando, al momento de que yo empiezo mi recorrido me dicen que me espere\u2026 (ellas) pasan en otro carro\u201d, relat\u00f3 en entrevista con el periodista Luis Padua.<\/p>\n\n\n\n<p>El chofer relat\u00f3 que Debanhi le dijo que las otras j\u00f3venes eran malas amigas porque la hab\u00eda dejado.<\/p>\n\n\n\n<p>Tambi\u00e9n se\u00f1al\u00f3 que Debanhi no le dio la direcci\u00f3n de su casa, por lo que \u00e9l envi\u00f3 un mensaje a las amigas para que le pasaran la direcci\u00f3n, pero tampoco se la proporcionaron.<\/p>\n\n\n\n<p>Juan David explic\u00f3 que la joven le pidi\u00f3 un cable para cargar su celular y se pas\u00f3 al asiento de adelante.<\/p>\n\n\n\n<p>De acuerdo con su versi\u00f3n, la joven le pidi\u00f3 que la llevara a otra fiesta y luego insisti\u00f3 en bajarse del auto.<\/p>\n\n\n\n<p>\u201cDonde avance antes de llegar a la carretera Laredo, me detengo se baja ah\u00ed es donde yo tom\u00f3 las fotograf\u00edas le aviso a su amiga de que se baj\u00f3\u201d, relat\u00f3 el chofer.<\/p>\n","protected":false},"excerpt":{"rendered":"<p>A trav\u00e9s de un noticiario local, el joven que se identific\u00f3 como Juan David Cuellar habl\u00f3 sobre lo sucedido la noche en la que desapareci\u00f3. Monterrey.- Juan David Cu\u00e9llar, el supuesto chofer que recogi\u00f3 a Debanhi Escobar la madrugada del 9 de abril y le tom\u00f3 la \u00faltima fotograf\u00eda en la que se ve con [&hellip;]<\/p>\n","protected":false},"author":39,"featured_media":29327,"comment_status":"open","ping_status":"open","sticky":false,"template":"","format":"standard","meta":{"tdm_status":"","tdm_grid_status":"","footnotes":""},"categories":[39],"tags":[2630,1576],"class_list":{"0":"post-29326","1":"post","2":"type-post","3":"status-publish","4":"format-standard","5":"has-post-thumbnail","7":"category-noticias-nacionales","8":"tag-debanhi-susana-escobar-bazaldua","9":"tag-nuevo-leon-2"},"yoast_head":"<!-- This site is optimized with the Yoast SEO plugin v27.4 - https:\/\/yoast.com\/product\/yoast-seo-wordpress\/ -->\n<title>Chofer revela su versi\u00f3n sobre lo sucedido con Debanhi Escobar - Fuentes Fidedignas<\/title>\n<meta name=\"robots\" content=\"index, follow, max-snippet:-1, max-image-preview:large, max-video-preview:-1\" \/>\n<link rel=\"canonical\" href=\"https:\/\/fuentesfidedignas.com.mx\/index.php\/2022\/04\/27\/chofer-revela-su-version-sobre-lo-sucedido-con-debanhi-escobar\/\" \/>\n<meta property=\"og:locale\" content=\"es_MX\" \/>\n<meta property=\"og:type\" content=\"article\" \/>\n<meta property=\"og:title\" content=\"Chofer revela su versi\u00f3n sobre lo sucedido con Debanhi Escobar - Fuentes Fidedignas\" \/>\n<meta property=\"og:description\" content=\"A trav\u00e9s de un noticiario local, el joven que se identific\u00f3 como Juan David Cuellar habl\u00f3 sobre lo sucedido la noche en la que desapareci\u00f3. Monterrey.- Juan David Cu\u00e9llar, el supuesto chofer que recogi\u00f3 a Debanhi Escobar la madrugada del 9 de abril y le tom\u00f3 la \u00faltima fotograf\u00eda en la que se ve con [&hellip;]\" \/>\n<meta property=\"og:url\" content=\"https:\/\/fuentesfidedignas.com.mx\/index.php\/2022\/04\/27\/chofer-revela-su-version-sobre-lo-sucedido-con-debanhi-escobar\/\" \/>\n<meta property=\"og:site_name\" content=\"Fuentes Fidedignas\" \/>\n<meta property=\"article:publisher\" content=\"https:\/\/www.facebook.com\/Fuentes-Fidedignas-368234489921644\" \/>\n<meta property=\"article:published_time\" content=\"2022-04-27T13:11:36+00:00\" \/>\n<meta property=\"article:modified_time\" content=\"2022-04-27T13:11:38+00:00\" \/>\n<meta property=\"og:image\" content=\"https:\/\/fuentesfidedignas.com.mx\/wp-content\/uploads\/2022\/04\/CHOFER_DEBANHI.jpg\" \/>\n\t<meta property=\"og:image:width\" content=\"1337\" \/>\n\t<meta property=\"og:image:height\" content=\"814\" \/>\n\t<meta property=\"og:image:type\" content=\"image\/jpeg\" \/>\n<meta name=\"author\" content=\"El Universal\" \/>\n<meta name=\"twitter:card\" content=\"summary_large_image\" \/>\n<meta name=\"twitter:creator\" content=\"@fidedignas\" \/>\n<meta name=\"twitter:site\" content=\"@fidedignas\" \/>\n<meta name=\"twitter:label1\" content=\"Escrito por\" \/>\n\t<meta name=\"twitter:data1\" content=\"El Universal\" \/>\n\t<meta name=\"twitter:label2\" content=\"Tiempo de lectura\" \/>\n\t<meta name=\"twitter:data2\" content=\"2 minutos\" \/>\n<script type=\"application\/ld+json\" class=\"yoast-schema-graph\">{\"@context\":\"https:\\\/\\\/schema.org\",\"@graph\":[{\"@type\":\"Article\",\"@id\":\"https:\\\/\\\/fuentesfidedignas.com.mx\\\/index.php\\\/2022\\\/04\\\/27\\\/chofer-revela-su-version-sobre-lo-sucedido-con-debanhi-escobar\\\/#article\",\"isPartOf\":{\"@id\":\"https:\\\/\\\/fuentesfidedignas.com.mx\\\/index.php\\\/2022\\\/04\\\/27\\\/chofer-revela-su-version-sobre-lo-sucedido-con-debanhi-escobar\\\/\"},\"author\":{\"name\":\"El Universal\",\"@id\":\"https:\\\/\\\/fuentesfidedignas.com.mx\\\/#\\\/schema\\\/person\\\/fee3882e65fd0510d292c43a346d35d7\"},\"headline\":\"Chofer revela su versi\u00f3n sobre lo sucedido con Debanhi Escobar\",\"datePublished\":\"2022-04-27T13:11:36+00:00\",\"dateModified\":\"2022-04-27T13:11:38+00:00\",\"mainEntityOfPage\":{\"@id\":\"https:\\\/\\\/fuentesfidedignas.com.mx\\\/index.php\\\/2022\\\/04\\\/27\\\/chofer-revela-su-version-sobre-lo-sucedido-con-debanhi-escobar\\\/\"},\"wordCount\":315,\"commentCount\":0,\"publisher\":{\"@id\":\"https:\\\/\\\/fuentesfidedignas.com.mx\\\/#organization\"},\"image\":{\"@id\":\"https:\\\/\\\/fuentesfidedignas.com.mx\\\/index.php\\\/2022\\\/04\\\/27\\\/chofer-revela-su-version-sobre-lo-sucedido-con-debanhi-escobar\\\/#primaryimage\"},\"thumbnailUrl\":\"https:\\\/\\\/fuentesfidedignas.com.mx\\\/wp-content\\\/uploads\\\/2022\\\/04\\\/CHOFER_DEBANHI.jpg\",\"keywords\":[\"Debanhi Susana Escobar Bazald\u00faa\",\"Nuevo Le\u00f3n\"],\"articleSection\":[\"NOTICIAS NACIONALES\"],\"inLanguage\":\"es\",\"potentialAction\":[{\"@type\":\"CommentAction\",\"name\":\"Comment\",\"target\":[\"https:\\\/\\\/fuentesfidedignas.com.mx\\\/index.php\\\/2022\\\/04\\\/27\\\/chofer-revela-su-version-sobre-lo-sucedido-con-debanhi-escobar\\\/#respond\"]}]},{\"@type\":\"WebPage\",\"@id\":\"https:\\\/\\\/fuentesfidedignas.com.mx\\\/index.php\\\/2022\\\/04\\\/27\\\/chofer-revela-su-version-sobre-lo-sucedido-con-debanhi-escobar\\\/\",\"url\":\"https:\\\/\\\/fuentesfidedignas.com.mx\\\/index.php\\\/2022\\\/04\\\/27\\\/chofer-revela-su-version-sobre-lo-sucedido-con-debanhi-escobar\\\/\",\"name\":\"Chofer revela su versi\u00f3n sobre lo sucedido con Debanhi Escobar - Fuentes Fidedignas\",\"isPartOf\":{\"@id\":\"https:\\\/\\\/fuentesfidedignas.com.mx\\\/#website\"},\"primaryImageOfPage\":{\"@id\":\"https:\\\/\\\/fuentesfidedignas.com.mx\\\/index.php\\\/2022\\\/04\\\/27\\\/chofer-revela-su-version-sobre-lo-sucedido-con-debanhi-escobar\\\/#primaryimage\"},\"image\":{\"@id\":\"https:\\\/\\\/fuentesfidedignas.com.mx\\\/index.php\\\/2022\\\/04\\\/27\\\/chofer-revela-su-version-sobre-lo-sucedido-con-debanhi-escobar\\\/#primaryimage\"},\"thumbnailUrl\":\"https:\\\/\\\/fuentesfidedignas.com.mx\\\/wp-content\\\/uploads\\\/2022\\\/04\\\/CHOFER_DEBANHI.jpg\",\"datePublished\":\"2022-04-27T13:11:36+00:00\",\"dateModified\":\"2022-04-27T13:11:38+00:00\",\"breadcrumb\":{\"@id\":\"https:\\\/\\\/fuentesfidedignas.com.mx\\\/index.php\\\/2022\\\/04\\\/27\\\/chofer-revela-su-version-sobre-lo-sucedido-con-debanhi-escobar\\\/#breadcrumb\"},\"inLanguage\":\"es\",\"potentialAction\":[{\"@type\":\"ReadAction\",\"target\":[\"https:\\\/\\\/fuentesfidedignas.com.mx\\\/index.php\\\/2022\\\/04\\\/27\\\/chofer-revela-su-version-sobre-lo-sucedido-con-debanhi-escobar\\\/\"]}]},{\"@type\":\"ImageObject\",\"inLanguage\":\"es\",\"@id\":\"https:\\\/\\\/fuentesfidedignas.com.mx\\\/index.php\\\/2022\\\/04\\\/27\\\/chofer-revela-su-version-sobre-lo-sucedido-con-debanhi-escobar\\\/#primaryimage\",\"url\":\"https:\\\/\\\/fuentesfidedignas.com.mx\\\/wp-content\\\/uploads\\\/2022\\\/04\\\/CHOFER_DEBANHI.jpg\",\"contentUrl\":\"https:\\\/\\\/fuentesfidedignas.com.mx\\\/wp-content\\\/uploads\\\/2022\\\/04\\\/CHOFER_DEBANHI.jpg\",\"width\":1337,\"height\":814},{\"@type\":\"BreadcrumbList\",\"@id\":\"https:\\\/\\\/fuentesfidedignas.com.mx\\\/index.php\\\/2022\\\/04\\\/27\\\/chofer-revela-su-version-sobre-lo-sucedido-con-debanhi-escobar\\\/#breadcrumb\",\"itemListElement\":[{\"@type\":\"ListItem\",\"position\":1,\"name\":\"Inicio\",\"item\":\"https:\\\/\\\/fuentesfidedignas.com.mx\\\/\"},{\"@type\":\"ListItem\",\"position\":2,\"name\":\"Chofer revela su versi\u00f3n sobre lo sucedido con Debanhi Escobar\"}]},{\"@type\":\"WebSite\",\"@id\":\"https:\\\/\\\/fuentesfidedignas.com.mx\\\/#website\",\"url\":\"https:\\\/\\\/fuentesfidedignas.com.mx\\\/\",\"name\":\"Fuentes Fidedignas\",\"description\":\"Otro sitio realizado con WordPress\",\"publisher\":{\"@id\":\"https:\\\/\\\/fuentesfidedignas.com.mx\\\/#organization\"},\"potentialAction\":[{\"@type\":\"SearchAction\",\"target\":{\"@type\":\"EntryPoint\",\"urlTemplate\":\"https:\\\/\\\/fuentesfidedignas.com.mx\\\/?s={search_term_string}\"},\"query-input\":{\"@type\":\"PropertyValueSpecification\",\"valueRequired\":true,\"valueName\":\"search_term_string\"}}],\"inLanguage\":\"es\"},{\"@type\":\"Organization\",\"@id\":\"https:\\\/\\\/fuentesfidedignas.com.mx\\\/#organization\",\"name\":\"Fuentes Fidedignas\",\"url\":\"https:\\\/\\\/fuentesfidedignas.com.mx\\\/\",\"logo\":{\"@type\":\"ImageObject\",\"inLanguage\":\"es\",\"@id\":\"https:\\\/\\\/fuentesfidedignas.com.mx\\\/#\\\/schema\\\/logo\\\/image\\\/\",\"url\":\"https:\\\/\\\/fuentesfidedignas.com.mx\\\/wp-content\\\/uploads\\\/2021\\\/04\\\/logo-retina.png\",\"contentUrl\":\"https:\\\/\\\/fuentesfidedignas.com.mx\\\/wp-content\\\/uploads\\\/2021\\\/04\\\/logo-retina.png\",\"width\":280,\"height\":51,\"caption\":\"Fuentes Fidedignas\"},\"image\":{\"@id\":\"https:\\\/\\\/fuentesfidedignas.com.mx\\\/#\\\/schema\\\/logo\\\/image\\\/\"},\"sameAs\":[\"https:\\\/\\\/www.facebook.com\\\/Fuentes-Fidedignas-368234489921644\",\"https:\\\/\\\/x.com\\\/fidedignas\"]},{\"@type\":\"Person\",\"@id\":\"https:\\\/\\\/fuentesfidedignas.com.mx\\\/#\\\/schema\\\/person\\\/fee3882e65fd0510d292c43a346d35d7\",\"name\":\"El Universal\",\"image\":{\"@type\":\"ImageObject\",\"inLanguage\":\"es\",\"@id\":\"https:\\\/\\\/secure.gravatar.com\\\/avatar\\\/1ebc94d82b6c3c081781f73e5b76a0d0c1ac7bf8e57426f18802246eeaa2747c?s=96&d=mm&r=g\",\"url\":\"https:\\\/\\\/secure.gravatar.com\\\/avatar\\\/1ebc94d82b6c3c081781f73e5b76a0d0c1ac7bf8e57426f18802246eeaa2747c?s=96&d=mm&r=g\",\"contentUrl\":\"https:\\\/\\\/secure.gravatar.com\\\/avatar\\\/1ebc94d82b6c3c081781f73e5b76a0d0c1ac7bf8e57426f18802246eeaa2747c?s=96&d=mm&r=g\",\"caption\":\"El Universal\"},\"url\":\"https:\\\/\\\/fuentesfidedignas.com.mx\\\/index.php\\\/author\\\/el-universal\\\/\"}]}<\/script>\n<!-- \/ Yoast SEO plugin. -->","yoast_head_json":{"title":"Chofer revela su versi\u00f3n sobre lo sucedido con Debanhi Escobar - Fuentes Fidedignas","robots":{"index":"index","follow":"follow","max-snippet":"max-snippet:-1","max-image-preview":"max-image-preview:large","max-video-preview":"max-video-preview:-1"},"canonical":"https:\/\/fuentesfidedignas.com.mx\/index.php\/2022\/04\/27\/chofer-revela-su-version-sobre-lo-sucedido-con-debanhi-escobar\/","og_locale":"es_MX","og_type":"article","og_title":"Chofer revela su versi\u00f3n sobre lo sucedido con Debanhi Escobar - Fuentes Fidedignas","og_description":"A trav\u00e9s de un noticiario local, el joven que se identific\u00f3 como Juan David Cuellar habl\u00f3 sobre lo sucedido la noche en la que desapareci\u00f3. Monterrey.- Juan David Cu\u00e9llar, el supuesto chofer que recogi\u00f3 a Debanhi Escobar la madrugada del 9 de abril y le tom\u00f3 la \u00faltima fotograf\u00eda en la que se ve con [&hellip;]","og_url":"https:\/\/fuentesfidedignas.com.mx\/index.php\/2022\/04\/27\/chofer-revela-su-version-sobre-lo-sucedido-con-debanhi-escobar\/","og_site_name":"Fuentes Fidedignas","article_publisher":"https:\/\/www.facebook.com\/Fuentes-Fidedignas-368234489921644","article_published_time":"2022-04-27T13:11:36+00:00","article_modified_time":"2022-04-27T13:11:38+00:00","og_image":[{"width":1337,"height":814,"url":"https:\/\/fuentesfidedignas.com.mx\/wp-content\/uploads\/2022\/04\/CHOFER_DEBANHI.jpg","type":"image\/jpeg"}],"author":"El Universal","twitter_card":"summary_large_image","twitter_creator":"@fidedignas","twitter_site":"@fidedignas","twitter_misc":{"Escrito por":"El Universal","Tiempo de lectura":"2 minutos"},"schema":{"@context":"https:\/\/schema.org","@graph":[{"@type":"Article","@id":"https:\/\/fuentesfidedignas.com.mx\/index.php\/2022\/04\/27\/chofer-revela-su-version-sobre-lo-sucedido-con-debanhi-escobar\/#article","isPartOf":{"@id":"https:\/\/fuentesfidedignas.com.mx\/index.php\/2022\/04\/27\/chofer-revela-su-version-sobre-lo-sucedido-con-debanhi-escobar\/"},"author":{"name":"El Universal","@id":"https:\/\/fuentesfidedignas.com.mx\/#\/schema\/person\/fee3882e65fd0510d292c43a346d35d7"},"headline":"Chofer revela su versi\u00f3n sobre lo sucedido con Debanhi Escobar","datePublished":"2022-04-27T13:11:36+00:00","dateModified":"2022-04-27T13:11:38+00:00","mainEntityOfPage":{"@id":"https:\/\/fuentesfidedignas.com.mx\/index.php\/2022\/04\/27\/chofer-revela-su-version-sobre-lo-sucedido-con-debanhi-escobar\/"},"wordCount":315,"commentCount":0,"publisher":{"@id":"https:\/\/fuentesfidedignas.com.mx\/#organization"},"image":{"@id":"https:\/\/fuentesfidedignas.com.mx\/index.php\/2022\/04\/27\/chofer-revela-su-version-sobre-lo-sucedido-con-debanhi-escobar\/#primaryimage"},"thumbnailUrl":"https:\/\/fuentesfidedignas.com.mx\/wp-content\/uploads\/2022\/04\/CHOFER_DEBANHI.jpg","keywords":["Debanhi Susana Escobar Bazald\u00faa","Nuevo Le\u00f3n"],"articleSection":["NOTICIAS NACIONALES"],"inLanguage":"es","potentialAction":[{"@type":"CommentAction","name":"Comment","target":["https:\/\/fuentesfidedignas.com.mx\/index.php\/2022\/04\/27\/chofer-revela-su-version-sobre-lo-sucedido-con-debanhi-escobar\/#respond"]}]},{"@type":"WebPage","@id":"https:\/\/fuentesfidedignas.com.mx\/index.php\/2022\/04\/27\/chofer-revela-su-version-sobre-lo-sucedido-con-debanhi-escobar\/","url":"https:\/\/fuentesfidedignas.com.mx\/index.php\/2022\/04\/27\/chofer-revela-su-version-sobre-lo-sucedido-con-debanhi-escobar\/","name":"Chofer revela su versi\u00f3n sobre lo sucedido con Debanhi Escobar - Fuentes Fidedignas","isPartOf":{"@id":"https:\/\/fuentesfidedignas.com.mx\/#website"},"primaryImageOfPage":{"@id":"https:\/\/fuentesfidedignas.com.mx\/index.php\/2022\/04\/27\/chofer-revela-su-version-sobre-lo-sucedido-con-debanhi-escobar\/#primaryimage"},"image":{"@id":"https:\/\/fuentesfidedignas.com.mx\/index.php\/2022\/04\/27\/chofer-revela-su-version-sobre-lo-sucedido-con-debanhi-escobar\/#primaryimage"},"thumbnailUrl":"https:\/\/fuentesfidedignas.com.mx\/wp-content\/uploads\/2022\/04\/CHOFER_DEBANHI.jpg","datePublished":"2022-04-27T13:11:36+00:00","dateModified":"2022-04-27T13:11:38+00:00","breadcrumb":{"@id":"https:\/\/fuentesfidedignas.com.mx\/index.php\/2022\/04\/27\/chofer-revela-su-version-sobre-lo-sucedido-con-debanhi-escobar\/#breadcrumb"},"inLanguage":"es","potentialAction":[{"@type":"ReadAction","target":["https:\/\/fuentesfidedignas.com.mx\/index.php\/2022\/04\/27\/chofer-revela-su-version-sobre-lo-sucedido-con-debanhi-escobar\/"]}]},{"@type":"ImageObject","inLanguage":"es","@id":"https:\/\/fuentesfidedignas.com.mx\/index.php\/2022\/04\/27\/chofer-revela-su-version-sobre-lo-sucedido-con-debanhi-escobar\/#primaryimage","url":"https:\/\/fuentesfidedignas.com.mx\/wp-content\/uploads\/2022\/04\/CHOFER_DEBANHI.jpg","contentUrl":"https:\/\/fuentesfidedignas.com.mx\/wp-content\/uploads\/2022\/04\/CHOFER_DEBANHI.jpg","width":1337,"height":814},{"@type":"BreadcrumbList","@id":"https:\/\/fuentesfidedignas.com.mx\/index.php\/2022\/04\/27\/chofer-revela-su-version-sobre-lo-sucedido-con-debanhi-escobar\/#breadcrumb","itemListElement":[{"@type":"ListItem","position":1,"name":"Inicio","item":"https:\/\/fuentesfidedignas.com.mx\/"},{"@type":"ListItem","position":2,"name":"Chofer revela su versi\u00f3n sobre lo sucedido con Debanhi Escobar"}]},{"@type":"WebSite","@id":"https:\/\/fuentesfidedignas.com.mx\/#website","url":"https:\/\/fuentesfidedignas.com.mx\/","name":"Fuentes Fidedignas","description":"Otro sitio realizado con WordPress","publisher":{"@id":"https:\/\/fuentesfidedignas.com.mx\/#organization"},"potentialAction":[{"@type":"SearchAction","target":{"@type":"EntryPoint","urlTemplate":"https:\/\/fuentesfidedignas.com.mx\/?s={search_term_string}"},"query-input":{"@type":"PropertyValueSpecification","valueRequired":true,"valueName":"search_term_string"}}],"inLanguage":"es"},{"@type":"Organization","@id":"https:\/\/fuentesfidedignas.com.mx\/#organization","name":"Fuentes Fidedignas","url":"https:\/\/fuentesfidedignas.com.mx\/","logo":{"@type":"ImageObject","inLanguage":"es","@id":"https:\/\/fuentesfidedignas.com.mx\/#\/schema\/logo\/image\/","url":"https:\/\/fuentesfidedignas.com.mx\/wp-content\/uploads\/2021\/04\/logo-retina.png","contentUrl":"https:\/\/fuentesfidedignas.com.mx\/wp-content\/uploads\/2021\/04\/logo-retina.png","width":280,"height":51,"caption":"Fuentes Fidedignas"},"image":{"@id":"https:\/\/fuentesfidedignas.com.mx\/#\/schema\/logo\/image\/"},"sameAs":["https:\/\/www.facebook.com\/Fuentes-Fidedignas-368234489921644","https:\/\/x.com\/fidedignas"]},{"@type":"Person","@id":"https:\/\/fuentesfidedignas.com.mx\/#\/schema\/person\/fee3882e65fd0510d292c43a346d35d7","name":"El Universal","image":{"@type":"ImageObject","inLanguage":"es","@id":"https:\/\/secure.gravatar.com\/avatar\/1ebc94d82b6c3c081781f73e5b76a0d0c1ac7bf8e57426f18802246eeaa2747c?s=96&d=mm&r=g","url":"https:\/\/secure.gravatar.com\/avatar\/1ebc94d82b6c3c081781f73e5b76a0d0c1ac7bf8e57426f18802246eeaa2747c?s=96&d=mm&r=g","contentUrl":"https:\/\/secure.gravatar.com\/avatar\/1ebc94d82b6c3c081781f73e5b76a0d0c1ac7bf8e57426f18802246eeaa2747c?s=96&d=mm&r=g","caption":"El Universal"},"url":"https:\/\/fuentesfidedignas.com.mx\/index.php\/author\/el-universal\/"}]}},"_links":{"self":[{"href":"https:\/\/fuentesfidedignas.com.mx\/index.php\/wp-json\/wp\/v2\/posts\/29326","targetHints":{"allow":["GET"]}}],"collection":[{"href":"https:\/\/fuentesfidedignas.com.mx\/index.php\/wp-json\/wp\/v2\/posts"}],"about":[{"href":"https:\/\/fuentesfidedignas.com.mx\/index.php\/wp-json\/wp\/v2\/types\/post"}],"author":[{"embeddable":true,"href":"https:\/\/fuentesfidedignas.com.mx\/index.php\/wp-json\/wp\/v2\/users\/39"}],"replies":[{"embeddable":true,"href":"https:\/\/fuentesfidedignas.com.mx\/index.php\/wp-json\/wp\/v2\/comments?post=29326"}],"version-history":[{"count":1,"href":"https:\/\/fuentesfidedignas.com.mx\/index.php\/wp-json\/wp\/v2\/posts\/29326\/revisions"}],"predecessor-version":[{"id":29328,"href":"https:\/\/fuentesfidedignas.com.mx\/index.php\/wp-json\/wp\/v2\/posts\/29326\/revisions\/29328"}],"wp:featuredmedia":[{"embeddable":true,"href":"https:\/\/fuentesfidedignas.com.mx\/index.php\/wp-json\/wp\/v2\/media\/29327"}],"wp:attachment":[{"href":"https:\/\/fuentesfidedignas.com.mx\/index.php\/wp-json\/wp\/v2\/media?parent=29326"}],"wp:term":[{"taxonomy":"category","embeddable":true,"href":"https:\/\/fuentesfidedignas.com.mx\/index.php\/wp-json\/wp\/v2\/categories?post=29326"},{"taxonomy":"post_tag","embeddable":true,"href":"https:\/\/fuentesfidedignas.com.mx\/index.php\/wp-json\/wp\/v2\/tags?post=29326"}],"curies":[{"name":"wp","href":"https:\/\/api.w.org\/{rel}","templated":true}]}}