{"id":29316,"date":"2022-04-27T06:35:06","date_gmt":"2022-04-27T12:35:06","guid":{"rendered":"https:\/\/fuentesfidedignas.com.mx\/?p=29316"},"modified":"2022-04-27T06:35:48","modified_gmt":"2022-04-27T12:35:48","slug":"la-uas-realizara-el-xxvii-festival-internacional-universitario-de-la-cultura-del-5-al-13-de-mayo","status":"publish","type":"post","link":"https:\/\/fuentesfidedignas.com.mx\/index.php\/2022\/04\/27\/la-uas-realizara-el-xxvii-festival-internacional-universitario-de-la-cultura-del-5-al-13-de-mayo\/","title":{"rendered":"La UAS realizar\u00e1 el XXVII Festival Internacional Universitario de la Cultura del 5 al 13 de mayo"},"content":{"rendered":"\n<p><strong><em>Participan 6 estados del pa\u00eds y 14 pa\u00edses de Am\u00e9rica, Europa y Asia.<\/em><\/strong><\/p>\n\n\n\n<p>Culiac\u00e1n, Sin.- Para celebrar el 149 aniversario de su fundaci\u00f3n, la Universidad Aut\u00f3noma de Sinaloa (UAS) retoma de manera presencial la fiesta de mayor tradici\u00f3n: el Festival Internacional Universitario de la Cultura, en su XXVII Edici\u00f3n, con 358 actividades que se llevar\u00e1n a cabo del 5 al 13 de mayo en los 18 municipios de la entidad.<\/p>\n\n\n\n<p>El Rector de la UAS, doctor Jes\u00fas Madue\u00f1a Molina y el coordinador general de Extensi\u00f3n de la Cultura, doctor Homar Medina Barreda, dieron a conocer los detalles de este evento con el cual se cumple con una de las misiones m\u00e1s significativas de esta m\u00e1xima casa de estudios como lo es la extensi\u00f3n y difusi\u00f3n de la cultura en todas sus manifestaciones.<\/p>\n\n\n\n<p>\u201cTen\u00edamos dos a\u00f1os ya, lo que es 2020 y 2021, en los cuales el Festival se mantuvo de manera virtual y hoy con las condiciones que nos permite la pandemia y la vacunaci\u00f3n, ser\u00e1 de manera presencial, y se mantendr\u00e1 la transmisi\u00f3n para que todos tengan oportunidad de verlo\u201d, inform\u00f3 Madue\u00f1a Molina.<\/p>\n\n\n\n<p>Coment\u00f3 que con mucho esfuerzo y con los escasos recursos de la instituci\u00f3n, se trata de llevar la cultura a todos los rincones de Sinaloa ya que parte de la formaci\u00f3n integral de las personas es la cultura y con el apoyo de instituciones con las que se tienen convenios como universidades hermanas del pa\u00eds, instituciones del extranjero, locales y nacionales se logr\u00f3 con pocos recursos tener un programa muy interesante.<\/p>\n\n\n\n<p>Por su parte el coordinador de Extensi\u00f3n de la Cultura, Homar Medina Barreda, enfatiz\u00f3 que el Festival en esta edici\u00f3n regresa a sus ra\u00edces ya que ser\u00e1 totalmente universitario en cuanto a la participaci\u00f3n de artistas.<\/p>\n\n\n\n<p>Detall\u00f3 que se realizar\u00e1n 88 conciertos, 75 espect\u00e1culos de danza y teatro, 14 jornadas culturales, 29 exposiciones, 14 presentaciones de libros, lectura de poes\u00eda y cuentacuentos, 34 talleres, conferencias, charlas, concursos y clases magistrales, una muestra gastron\u00f3mica y 102 proyecciones de cine; en total ser\u00e1n 137 eventos con grupos universitarios, 101 eventos en colaboraci\u00f3n con instituciones y artistas locales, 8 eventos con instituciones nacionales, 10 eventos de car\u00e1cter internacional, en los cuales participan 6 estados del pa\u00eds y 14 pa\u00edses de Am\u00e9rica, Europa y Asia.<\/p>\n\n\n\n<p>Apoyan a la UAS en este Festival el Instituto Sinaloense de Cultura (ISIC), el Instituto Municipal de Cultura Culiac\u00e1n, la Banda El Recodo de Don Cruz Liz\u00e1rraga, la Universidad Aut\u00f3noma de Occidente (UAdeO), la ANUIES, el Sistema Nacional de Creadores del Arte, la Universidad de Texas, entre otras.<\/p>\n\n\n\n<p>Entre los eventos destaca la presentaci\u00f3n del tenor Ricardo Rodr\u00edguez, de Nadia Yuriar y David Pimentel; el Encuentro de Rock con los grupos Calavera, Ergo Sum y Vel Tersi; el Encuentro Regional de M\u00fasica de Tambora con las bandas Tierra Blanca, Los Populares del Llano y la Banda Regional Universitaria Rafael Buelna Tenorio, entre otros. La programaci\u00f3n completa del XXVII Festival Internacional Universitario de la Cultura se encuentra en la p\u00e1gina www.fiuc.mx.<\/p>\n","protected":false},"excerpt":{"rendered":"<p>Participan 6 estados del pa\u00eds y 14 pa\u00edses de Am\u00e9rica, Europa y Asia. Culiac\u00e1n, Sin.- Para celebrar el 149 aniversario de su fundaci\u00f3n, la Universidad Aut\u00f3noma de Sinaloa (UAS) retoma de manera presencial la fiesta de mayor tradici\u00f3n: el Festival Internacional Universitario de la Cultura, en su XXVII Edici\u00f3n, con 358 actividades que se llevar\u00e1n [&hellip;]<\/p>\n","protected":false},"author":4,"featured_media":29317,"comment_status":"open","ping_status":"open","sticky":false,"template":"","format":"standard","meta":{"tdm_status":"","tdm_grid_status":"","footnotes":""},"categories":[38],"tags":[2660,81,234],"class_list":{"0":"post-29316","1":"post","2":"type-post","3":"status-publish","4":"format-standard","5":"has-post-thumbnail","7":"category-noticias-locales","8":"tag-festival-internacional-universitario","9":"tag-uas","10":"tag-universidad-autonoma-de-sinaloa"},"yoast_head":"<!-- This site is optimized with the Yoast SEO plugin v27.5 - https:\/\/yoast.com\/product\/yoast-seo-wordpress\/ -->\n<title>La UAS realizar\u00e1 el XXVII Festival Internacional Universitario de la Cultura del 5 al 13 de mayo - Fuentes Fidedignas<\/title>\n<meta name=\"robots\" content=\"index, follow, max-snippet:-1, max-image-preview:large, max-video-preview:-1\" \/>\n<link rel=\"canonical\" href=\"https:\/\/fuentesfidedignas.com.mx\/index.php\/2022\/04\/27\/la-uas-realizara-el-xxvii-festival-internacional-universitario-de-la-cultura-del-5-al-13-de-mayo\/\" \/>\n<meta property=\"og:locale\" content=\"es_MX\" \/>\n<meta property=\"og:type\" content=\"article\" \/>\n<meta property=\"og:title\" content=\"La UAS realizar\u00e1 el XXVII Festival Internacional Universitario de la Cultura del 5 al 13 de mayo - Fuentes Fidedignas\" \/>\n<meta property=\"og:description\" content=\"Participan 6 estados del pa\u00eds y 14 pa\u00edses de Am\u00e9rica, Europa y Asia. Culiac\u00e1n, Sin.- Para celebrar el 149 aniversario de su fundaci\u00f3n, la Universidad Aut\u00f3noma de Sinaloa (UAS) retoma de manera presencial la fiesta de mayor tradici\u00f3n: el Festival Internacional Universitario de la Cultura, en su XXVII Edici\u00f3n, con 358 actividades que se llevar\u00e1n [&hellip;]\" \/>\n<meta property=\"og:url\" content=\"https:\/\/fuentesfidedignas.com.mx\/index.php\/2022\/04\/27\/la-uas-realizara-el-xxvii-festival-internacional-universitario-de-la-cultura-del-5-al-13-de-mayo\/\" \/>\n<meta property=\"og:site_name\" content=\"Fuentes Fidedignas\" \/>\n<meta property=\"article:publisher\" content=\"https:\/\/www.facebook.com\/Fuentes-Fidedignas-368234489921644\" \/>\n<meta property=\"article:published_time\" content=\"2022-04-27T12:35:06+00:00\" \/>\n<meta property=\"article:modified_time\" content=\"2022-04-27T12:35:48+00:00\" \/>\n<meta property=\"og:image\" content=\"https:\/\/fuentesfidedignas.com.mx\/wp-content\/uploads\/2022\/04\/UAS_EDIFICIO.jpg\" \/>\n\t<meta property=\"og:image:width\" content=\"933\" \/>\n\t<meta property=\"og:image:height\" content=\"574\" \/>\n\t<meta property=\"og:image:type\" content=\"image\/jpeg\" \/>\n<meta name=\"author\" content=\"Redacci\u00f3n\" \/>\n<meta name=\"twitter:card\" content=\"summary_large_image\" \/>\n<meta name=\"twitter:creator\" content=\"@fidedignas\" \/>\n<meta name=\"twitter:site\" content=\"@fidedignas\" \/>\n<meta name=\"twitter:label1\" content=\"Escrito por\" \/>\n\t<meta name=\"twitter:data1\" content=\"Redacci\u00f3n\" \/>\n\t<meta name=\"twitter:label2\" content=\"Tiempo de lectura\" \/>\n\t<meta name=\"twitter:data2\" content=\"3 minutos\" \/>\n<script type=\"application\/ld+json\" class=\"yoast-schema-graph\">{\"@context\":\"https:\\\/\\\/schema.org\",\"@graph\":[{\"@type\":\"Article\",\"@id\":\"https:\\\/\\\/fuentesfidedignas.com.mx\\\/index.php\\\/2022\\\/04\\\/27\\\/la-uas-realizara-el-xxvii-festival-internacional-universitario-de-la-cultura-del-5-al-13-de-mayo\\\/#article\",\"isPartOf\":{\"@id\":\"https:\\\/\\\/fuentesfidedignas.com.mx\\\/index.php\\\/2022\\\/04\\\/27\\\/la-uas-realizara-el-xxvii-festival-internacional-universitario-de-la-cultura-del-5-al-13-de-mayo\\\/\"},\"author\":{\"name\":\"Redacci\u00f3n\",\"@id\":\"https:\\\/\\\/fuentesfidedignas.com.mx\\\/#\\\/schema\\\/person\\\/331be9283d37198e2acd5750279085b0\"},\"headline\":\"La UAS realizar\u00e1 el XXVII Festival Internacional Universitario de la Cultura del 5 al 13 de mayo\",\"datePublished\":\"2022-04-27T12:35:06+00:00\",\"dateModified\":\"2022-04-27T12:35:48+00:00\",\"mainEntityOfPage\":{\"@id\":\"https:\\\/\\\/fuentesfidedignas.com.mx\\\/index.php\\\/2022\\\/04\\\/27\\\/la-uas-realizara-el-xxvii-festival-internacional-universitario-de-la-cultura-del-5-al-13-de-mayo\\\/\"},\"wordCount\":538,\"commentCount\":0,\"publisher\":{\"@id\":\"https:\\\/\\\/fuentesfidedignas.com.mx\\\/#organization\"},\"image\":{\"@id\":\"https:\\\/\\\/fuentesfidedignas.com.mx\\\/index.php\\\/2022\\\/04\\\/27\\\/la-uas-realizara-el-xxvii-festival-internacional-universitario-de-la-cultura-del-5-al-13-de-mayo\\\/#primaryimage\"},\"thumbnailUrl\":\"https:\\\/\\\/fuentesfidedignas.com.mx\\\/wp-content\\\/uploads\\\/2022\\\/04\\\/UAS_EDIFICIO.jpg\",\"keywords\":[\"Festival Internacional Universitario\",\"UAS\",\"Universidad Aut\u00f3noma de Sinaloa\"],\"articleSection\":[\"NOTICIAS LOCALES\"],\"inLanguage\":\"es\",\"potentialAction\":[{\"@type\":\"CommentAction\",\"name\":\"Comment\",\"target\":[\"https:\\\/\\\/fuentesfidedignas.com.mx\\\/index.php\\\/2022\\\/04\\\/27\\\/la-uas-realizara-el-xxvii-festival-internacional-universitario-de-la-cultura-del-5-al-13-de-mayo\\\/#respond\"]}]},{\"@type\":\"WebPage\",\"@id\":\"https:\\\/\\\/fuentesfidedignas.com.mx\\\/index.php\\\/2022\\\/04\\\/27\\\/la-uas-realizara-el-xxvii-festival-internacional-universitario-de-la-cultura-del-5-al-13-de-mayo\\\/\",\"url\":\"https:\\\/\\\/fuentesfidedignas.com.mx\\\/index.php\\\/2022\\\/04\\\/27\\\/la-uas-realizara-el-xxvii-festival-internacional-universitario-de-la-cultura-del-5-al-13-de-mayo\\\/\",\"name\":\"La UAS realizar\u00e1 el XXVII Festival Internacional Universitario de la Cultura del 5 al 13 de mayo - Fuentes Fidedignas\",\"isPartOf\":{\"@id\":\"https:\\\/\\\/fuentesfidedignas.com.mx\\\/#website\"},\"primaryImageOfPage\":{\"@id\":\"https:\\\/\\\/fuentesfidedignas.com.mx\\\/index.php\\\/2022\\\/04\\\/27\\\/la-uas-realizara-el-xxvii-festival-internacional-universitario-de-la-cultura-del-5-al-13-de-mayo\\\/#primaryimage\"},\"image\":{\"@id\":\"https:\\\/\\\/fuentesfidedignas.com.mx\\\/index.php\\\/2022\\\/04\\\/27\\\/la-uas-realizara-el-xxvii-festival-internacional-universitario-de-la-cultura-del-5-al-13-de-mayo\\\/#primaryimage\"},\"thumbnailUrl\":\"https:\\\/\\\/fuentesfidedignas.com.mx\\\/wp-content\\\/uploads\\\/2022\\\/04\\\/UAS_EDIFICIO.jpg\",\"datePublished\":\"2022-04-27T12:35:06+00:00\",\"dateModified\":\"2022-04-27T12:35:48+00:00\",\"breadcrumb\":{\"@id\":\"https:\\\/\\\/fuentesfidedignas.com.mx\\\/index.php\\\/2022\\\/04\\\/27\\\/la-uas-realizara-el-xxvii-festival-internacional-universitario-de-la-cultura-del-5-al-13-de-mayo\\\/#breadcrumb\"},\"inLanguage\":\"es\",\"potentialAction\":[{\"@type\":\"ReadAction\",\"target\":[\"https:\\\/\\\/fuentesfidedignas.com.mx\\\/index.php\\\/2022\\\/04\\\/27\\\/la-uas-realizara-el-xxvii-festival-internacional-universitario-de-la-cultura-del-5-al-13-de-mayo\\\/\"]}]},{\"@type\":\"ImageObject\",\"inLanguage\":\"es\",\"@id\":\"https:\\\/\\\/fuentesfidedignas.com.mx\\\/index.php\\\/2022\\\/04\\\/27\\\/la-uas-realizara-el-xxvii-festival-internacional-universitario-de-la-cultura-del-5-al-13-de-mayo\\\/#primaryimage\",\"url\":\"https:\\\/\\\/fuentesfidedignas.com.mx\\\/wp-content\\\/uploads\\\/2022\\\/04\\\/UAS_EDIFICIO.jpg\",\"contentUrl\":\"https:\\\/\\\/fuentesfidedignas.com.mx\\\/wp-content\\\/uploads\\\/2022\\\/04\\\/UAS_EDIFICIO.jpg\",\"width\":933,\"height\":574},{\"@type\":\"BreadcrumbList\",\"@id\":\"https:\\\/\\\/fuentesfidedignas.com.mx\\\/index.php\\\/2022\\\/04\\\/27\\\/la-uas-realizara-el-xxvii-festival-internacional-universitario-de-la-cultura-del-5-al-13-de-mayo\\\/#breadcrumb\",\"itemListElement\":[{\"@type\":\"ListItem\",\"position\":1,\"name\":\"Inicio\",\"item\":\"https:\\\/\\\/fuentesfidedignas.com.mx\\\/\"},{\"@type\":\"ListItem\",\"position\":2,\"name\":\"La UAS realizar\u00e1 el XXVII Festival Internacional Universitario de la Cultura del 5 al 13 de mayo\"}]},{\"@type\":\"WebSite\",\"@id\":\"https:\\\/\\\/fuentesfidedignas.com.mx\\\/#website\",\"url\":\"https:\\\/\\\/fuentesfidedignas.com.mx\\\/\",\"name\":\"Fuentes Fidedignas\",\"description\":\"Otro sitio realizado con WordPress\",\"publisher\":{\"@id\":\"https:\\\/\\\/fuentesfidedignas.com.mx\\\/#organization\"},\"potentialAction\":[{\"@type\":\"SearchAction\",\"target\":{\"@type\":\"EntryPoint\",\"urlTemplate\":\"https:\\\/\\\/fuentesfidedignas.com.mx\\\/?s={search_term_string}\"},\"query-input\":{\"@type\":\"PropertyValueSpecification\",\"valueRequired\":true,\"valueName\":\"search_term_string\"}}],\"inLanguage\":\"es\"},{\"@type\":\"Organization\",\"@id\":\"https:\\\/\\\/fuentesfidedignas.com.mx\\\/#organization\",\"name\":\"Fuentes Fidedignas\",\"url\":\"https:\\\/\\\/fuentesfidedignas.com.mx\\\/\",\"logo\":{\"@type\":\"ImageObject\",\"inLanguage\":\"es\",\"@id\":\"https:\\\/\\\/fuentesfidedignas.com.mx\\\/#\\\/schema\\\/logo\\\/image\\\/\",\"url\":\"https:\\\/\\\/fuentesfidedignas.com.mx\\\/wp-content\\\/uploads\\\/2021\\\/04\\\/logo-retina.png\",\"contentUrl\":\"https:\\\/\\\/fuentesfidedignas.com.mx\\\/wp-content\\\/uploads\\\/2021\\\/04\\\/logo-retina.png\",\"width\":280,\"height\":51,\"caption\":\"Fuentes Fidedignas\"},\"image\":{\"@id\":\"https:\\\/\\\/fuentesfidedignas.com.mx\\\/#\\\/schema\\\/logo\\\/image\\\/\"},\"sameAs\":[\"https:\\\/\\\/www.facebook.com\\\/Fuentes-Fidedignas-368234489921644\",\"https:\\\/\\\/x.com\\\/fidedignas\"]},{\"@type\":\"Person\",\"@id\":\"https:\\\/\\\/fuentesfidedignas.com.mx\\\/#\\\/schema\\\/person\\\/331be9283d37198e2acd5750279085b0\",\"name\":\"Redacci\u00f3n\",\"image\":{\"@type\":\"ImageObject\",\"inLanguage\":\"es\",\"@id\":\"https:\\\/\\\/secure.gravatar.com\\\/avatar\\\/f6d8782c11d12b2d4ad3fbb6931aeab5309937a4d6cd2fc9cfaa28a6396a5aec?s=96&d=mm&r=g\",\"url\":\"https:\\\/\\\/secure.gravatar.com\\\/avatar\\\/f6d8782c11d12b2d4ad3fbb6931aeab5309937a4d6cd2fc9cfaa28a6396a5aec?s=96&d=mm&r=g\",\"contentUrl\":\"https:\\\/\\\/secure.gravatar.com\\\/avatar\\\/f6d8782c11d12b2d4ad3fbb6931aeab5309937a4d6cd2fc9cfaa28a6396a5aec?s=96&d=mm&r=g\",\"caption\":\"Redacci\u00f3n\"},\"url\":\"https:\\\/\\\/fuentesfidedignas.com.mx\\\/index.php\\\/author\\\/redaccion\\\/\"}]}<\/script>\n<!-- \/ Yoast SEO plugin. -->","yoast_head_json":{"title":"La UAS realizar\u00e1 el XXVII Festival Internacional Universitario de la Cultura del 5 al 13 de mayo - Fuentes Fidedignas","robots":{"index":"index","follow":"follow","max-snippet":"max-snippet:-1","max-image-preview":"max-image-preview:large","max-video-preview":"max-video-preview:-1"},"canonical":"https:\/\/fuentesfidedignas.com.mx\/index.php\/2022\/04\/27\/la-uas-realizara-el-xxvii-festival-internacional-universitario-de-la-cultura-del-5-al-13-de-mayo\/","og_locale":"es_MX","og_type":"article","og_title":"La UAS realizar\u00e1 el XXVII Festival Internacional Universitario de la Cultura del 5 al 13 de mayo - Fuentes Fidedignas","og_description":"Participan 6 estados del pa\u00eds y 14 pa\u00edses de Am\u00e9rica, Europa y Asia. Culiac\u00e1n, Sin.- Para celebrar el 149 aniversario de su fundaci\u00f3n, la Universidad Aut\u00f3noma de Sinaloa (UAS) retoma de manera presencial la fiesta de mayor tradici\u00f3n: el Festival Internacional Universitario de la Cultura, en su XXVII Edici\u00f3n, con 358 actividades que se llevar\u00e1n [&hellip;]","og_url":"https:\/\/fuentesfidedignas.com.mx\/index.php\/2022\/04\/27\/la-uas-realizara-el-xxvii-festival-internacional-universitario-de-la-cultura-del-5-al-13-de-mayo\/","og_site_name":"Fuentes Fidedignas","article_publisher":"https:\/\/www.facebook.com\/Fuentes-Fidedignas-368234489921644","article_published_time":"2022-04-27T12:35:06+00:00","article_modified_time":"2022-04-27T12:35:48+00:00","og_image":[{"width":933,"height":574,"url":"https:\/\/fuentesfidedignas.com.mx\/wp-content\/uploads\/2022\/04\/UAS_EDIFICIO.jpg","type":"image\/jpeg"}],"author":"Redacci\u00f3n","twitter_card":"summary_large_image","twitter_creator":"@fidedignas","twitter_site":"@fidedignas","twitter_misc":{"Escrito por":"Redacci\u00f3n","Tiempo de lectura":"3 minutos"},"schema":{"@context":"https:\/\/schema.org","@graph":[{"@type":"Article","@id":"https:\/\/fuentesfidedignas.com.mx\/index.php\/2022\/04\/27\/la-uas-realizara-el-xxvii-festival-internacional-universitario-de-la-cultura-del-5-al-13-de-mayo\/#article","isPartOf":{"@id":"https:\/\/fuentesfidedignas.com.mx\/index.php\/2022\/04\/27\/la-uas-realizara-el-xxvii-festival-internacional-universitario-de-la-cultura-del-5-al-13-de-mayo\/"},"author":{"name":"Redacci\u00f3n","@id":"https:\/\/fuentesfidedignas.com.mx\/#\/schema\/person\/331be9283d37198e2acd5750279085b0"},"headline":"La UAS realizar\u00e1 el XXVII Festival Internacional Universitario de la Cultura del 5 al 13 de mayo","datePublished":"2022-04-27T12:35:06+00:00","dateModified":"2022-04-27T12:35:48+00:00","mainEntityOfPage":{"@id":"https:\/\/fuentesfidedignas.com.mx\/index.php\/2022\/04\/27\/la-uas-realizara-el-xxvii-festival-internacional-universitario-de-la-cultura-del-5-al-13-de-mayo\/"},"wordCount":538,"commentCount":0,"publisher":{"@id":"https:\/\/fuentesfidedignas.com.mx\/#organization"},"image":{"@id":"https:\/\/fuentesfidedignas.com.mx\/index.php\/2022\/04\/27\/la-uas-realizara-el-xxvii-festival-internacional-universitario-de-la-cultura-del-5-al-13-de-mayo\/#primaryimage"},"thumbnailUrl":"https:\/\/fuentesfidedignas.com.mx\/wp-content\/uploads\/2022\/04\/UAS_EDIFICIO.jpg","keywords":["Festival Internacional Universitario","UAS","Universidad Aut\u00f3noma de Sinaloa"],"articleSection":["NOTICIAS LOCALES"],"inLanguage":"es","potentialAction":[{"@type":"CommentAction","name":"Comment","target":["https:\/\/fuentesfidedignas.com.mx\/index.php\/2022\/04\/27\/la-uas-realizara-el-xxvii-festival-internacional-universitario-de-la-cultura-del-5-al-13-de-mayo\/#respond"]}]},{"@type":"WebPage","@id":"https:\/\/fuentesfidedignas.com.mx\/index.php\/2022\/04\/27\/la-uas-realizara-el-xxvii-festival-internacional-universitario-de-la-cultura-del-5-al-13-de-mayo\/","url":"https:\/\/fuentesfidedignas.com.mx\/index.php\/2022\/04\/27\/la-uas-realizara-el-xxvii-festival-internacional-universitario-de-la-cultura-del-5-al-13-de-mayo\/","name":"La UAS realizar\u00e1 el XXVII Festival Internacional Universitario de la Cultura del 5 al 13 de mayo - Fuentes Fidedignas","isPartOf":{"@id":"https:\/\/fuentesfidedignas.com.mx\/#website"},"primaryImageOfPage":{"@id":"https:\/\/fuentesfidedignas.com.mx\/index.php\/2022\/04\/27\/la-uas-realizara-el-xxvii-festival-internacional-universitario-de-la-cultura-del-5-al-13-de-mayo\/#primaryimage"},"image":{"@id":"https:\/\/fuentesfidedignas.com.mx\/index.php\/2022\/04\/27\/la-uas-realizara-el-xxvii-festival-internacional-universitario-de-la-cultura-del-5-al-13-de-mayo\/#primaryimage"},"thumbnailUrl":"https:\/\/fuentesfidedignas.com.mx\/wp-content\/uploads\/2022\/04\/UAS_EDIFICIO.jpg","datePublished":"2022-04-27T12:35:06+00:00","dateModified":"2022-04-27T12:35:48+00:00","breadcrumb":{"@id":"https:\/\/fuentesfidedignas.com.mx\/index.php\/2022\/04\/27\/la-uas-realizara-el-xxvii-festival-internacional-universitario-de-la-cultura-del-5-al-13-de-mayo\/#breadcrumb"},"inLanguage":"es","potentialAction":[{"@type":"ReadAction","target":["https:\/\/fuentesfidedignas.com.mx\/index.php\/2022\/04\/27\/la-uas-realizara-el-xxvii-festival-internacional-universitario-de-la-cultura-del-5-al-13-de-mayo\/"]}]},{"@type":"ImageObject","inLanguage":"es","@id":"https:\/\/fuentesfidedignas.com.mx\/index.php\/2022\/04\/27\/la-uas-realizara-el-xxvii-festival-internacional-universitario-de-la-cultura-del-5-al-13-de-mayo\/#primaryimage","url":"https:\/\/fuentesfidedignas.com.mx\/wp-content\/uploads\/2022\/04\/UAS_EDIFICIO.jpg","contentUrl":"https:\/\/fuentesfidedignas.com.mx\/wp-content\/uploads\/2022\/04\/UAS_EDIFICIO.jpg","width":933,"height":574},{"@type":"BreadcrumbList","@id":"https:\/\/fuentesfidedignas.com.mx\/index.php\/2022\/04\/27\/la-uas-realizara-el-xxvii-festival-internacional-universitario-de-la-cultura-del-5-al-13-de-mayo\/#breadcrumb","itemListElement":[{"@type":"ListItem","position":1,"name":"Inicio","item":"https:\/\/fuentesfidedignas.com.mx\/"},{"@type":"ListItem","position":2,"name":"La UAS realizar\u00e1 el XXVII Festival Internacional Universitario de la Cultura del 5 al 13 de mayo"}]},{"@type":"WebSite","@id":"https:\/\/fuentesfidedignas.com.mx\/#website","url":"https:\/\/fuentesfidedignas.com.mx\/","name":"Fuentes Fidedignas","description":"Otro sitio realizado con WordPress","publisher":{"@id":"https:\/\/fuentesfidedignas.com.mx\/#organization"},"potentialAction":[{"@type":"SearchAction","target":{"@type":"EntryPoint","urlTemplate":"https:\/\/fuentesfidedignas.com.mx\/?s={search_term_string}"},"query-input":{"@type":"PropertyValueSpecification","valueRequired":true,"valueName":"search_term_string"}}],"inLanguage":"es"},{"@type":"Organization","@id":"https:\/\/fuentesfidedignas.com.mx\/#organization","name":"Fuentes Fidedignas","url":"https:\/\/fuentesfidedignas.com.mx\/","logo":{"@type":"ImageObject","inLanguage":"es","@id":"https:\/\/fuentesfidedignas.com.mx\/#\/schema\/logo\/image\/","url":"https:\/\/fuentesfidedignas.com.mx\/wp-content\/uploads\/2021\/04\/logo-retina.png","contentUrl":"https:\/\/fuentesfidedignas.com.mx\/wp-content\/uploads\/2021\/04\/logo-retina.png","width":280,"height":51,"caption":"Fuentes Fidedignas"},"image":{"@id":"https:\/\/fuentesfidedignas.com.mx\/#\/schema\/logo\/image\/"},"sameAs":["https:\/\/www.facebook.com\/Fuentes-Fidedignas-368234489921644","https:\/\/x.com\/fidedignas"]},{"@type":"Person","@id":"https:\/\/fuentesfidedignas.com.mx\/#\/schema\/person\/331be9283d37198e2acd5750279085b0","name":"Redacci\u00f3n","image":{"@type":"ImageObject","inLanguage":"es","@id":"https:\/\/secure.gravatar.com\/avatar\/f6d8782c11d12b2d4ad3fbb6931aeab5309937a4d6cd2fc9cfaa28a6396a5aec?s=96&d=mm&r=g","url":"https:\/\/secure.gravatar.com\/avatar\/f6d8782c11d12b2d4ad3fbb6931aeab5309937a4d6cd2fc9cfaa28a6396a5aec?s=96&d=mm&r=g","contentUrl":"https:\/\/secure.gravatar.com\/avatar\/f6d8782c11d12b2d4ad3fbb6931aeab5309937a4d6cd2fc9cfaa28a6396a5aec?s=96&d=mm&r=g","caption":"Redacci\u00f3n"},"url":"https:\/\/fuentesfidedignas.com.mx\/index.php\/author\/redaccion\/"}]}},"_links":{"self":[{"href":"https:\/\/fuentesfidedignas.com.mx\/index.php\/wp-json\/wp\/v2\/posts\/29316","targetHints":{"allow":["GET"]}}],"collection":[{"href":"https:\/\/fuentesfidedignas.com.mx\/index.php\/wp-json\/wp\/v2\/posts"}],"about":[{"href":"https:\/\/fuentesfidedignas.com.mx\/index.php\/wp-json\/wp\/v2\/types\/post"}],"author":[{"embeddable":true,"href":"https:\/\/fuentesfidedignas.com.mx\/index.php\/wp-json\/wp\/v2\/users\/4"}],"replies":[{"embeddable":true,"href":"https:\/\/fuentesfidedignas.com.mx\/index.php\/wp-json\/wp\/v2\/comments?post=29316"}],"version-history":[{"count":2,"href":"https:\/\/fuentesfidedignas.com.mx\/index.php\/wp-json\/wp\/v2\/posts\/29316\/revisions"}],"predecessor-version":[{"id":29319,"href":"https:\/\/fuentesfidedignas.com.mx\/index.php\/wp-json\/wp\/v2\/posts\/29316\/revisions\/29319"}],"wp:featuredmedia":[{"embeddable":true,"href":"https:\/\/fuentesfidedignas.com.mx\/index.php\/wp-json\/wp\/v2\/media\/29317"}],"wp:attachment":[{"href":"https:\/\/fuentesfidedignas.com.mx\/index.php\/wp-json\/wp\/v2\/media?parent=29316"}],"wp:term":[{"taxonomy":"category","embeddable":true,"href":"https:\/\/fuentesfidedignas.com.mx\/index.php\/wp-json\/wp\/v2\/categories?post=29316"},{"taxonomy":"post_tag","embeddable":true,"href":"https:\/\/fuentesfidedignas.com.mx\/index.php\/wp-json\/wp\/v2\/tags?post=29316"}],"curies":[{"name":"wp","href":"https:\/\/api.w.org\/{rel}","templated":true}]}}