{"id":29251,"date":"2022-04-26T13:51:08","date_gmt":"2022-04-26T19:51:08","guid":{"rendered":"https:\/\/fuentesfidedignas.com.mx\/?p=29251"},"modified":"2022-04-26T13:51:24","modified_gmt":"2022-04-26T19:51:24","slug":"rinde-protesta-el-consejo-municipal-de-participacion-social-en-la-educacion-en-ahome","status":"publish","type":"post","link":"https:\/\/fuentesfidedignas.com.mx\/index.php\/2022\/04\/26\/rinde-protesta-el-consejo-municipal-de-participacion-social-en-la-educacion-en-ahome\/","title":{"rendered":"Rinde protesta el Consejo Municipal de Participaci\u00f3n Social en la Educaci\u00f3n en Ahome"},"content":{"rendered":"\n<p><strong><em>LA EDUCACI\u00d3N ES LA BASE DE UNA SOCIEDAD: GERARDO VARGAS<\/em><\/strong><\/p>\n\n\n\n<p> Ahome, Sin.- Luego de exhortar a los integrantes del Consejo Municipal de Participaci\u00f3n Social en la Educaci\u00f3n en Ahome, a ser lo m\u00e1s honestos posible, cumplir con su responsabilidad y aportar con objetividad en este tema, Gerardo Vargas Landeros, presidente municipal de Ahome destac\u00f3 que la educaci\u00f3n es la base fundamental de una sociedad.<\/p>\n\n\n\n<p>Asimismo, precis\u00f3 que si bien la educaci\u00f3n no es competencia directa del Gobierno Municipal todo lo que pasa en Ahome, es competencia de la Alcald\u00eda, por lo que se tiene como objetivo realizar una mejor gesti\u00f3n para atender todas las solicitudes que le presente la ciudadan\u00eda.<\/p>\n\n\n\n<p>\u201cLos invit\u00e9 a que no sean un simple Consejo, que no sea solo protocolo, si no como lo dijo Cristian, el Presidente de este Consejo, que sea algo que deje huella, que sea algo diferente, que sea algo distinto\u201d, asever\u00f3.<\/p>\n\n\n\n<p>Asi se expres\u00f3, Gerardo Vargas Landeros durante la toma de protesta a los integrantes del Consejo Municipal de Participaci\u00f3n Social en la Educaci\u00f3n en Ahome (CMPSEA), periodo 2022 \u2013 2024.<\/p>\n\n\n\n<p>El consejo tiene como objetivo coadyuvar con la educaci\u00f3n en el municipio de Ahome y promover los ambientes de aprendizaje id\u00f3neos que permitan a los estudiantes encontrar un espacio en el sistema no solo de desarrollo acad\u00e9mico, sino tambi\u00e9n de desarrollo cultural y social.<\/p>\n\n\n\n<p>En su mensaje, Cristian Iv\u00e1n G\u00e1mez, presidente del CMPSEA, coment\u00f3 que buscar\u00e1 en coordinaci\u00f3n con sus compa\u00f1eros asesorar, orientar y sumar esfuerzos para mejorar la educaci\u00f3n en el Municipio de Ahome.<\/p>\n\n\n\n<p>\u201cEs para m\u00ed un honor presidir este consejo, realmente voy a ocupar del esfuerzo de todos de ellos, porque es grande el reto son 502 escuela de educaci\u00f3n b\u00e1sica y cada escuela tiene su particularidad\u201d, agreg\u00f3.<\/p>\n\n\n\n<p>Por su parte, Alma Marien Fierro Arroyo, Directora de Educaci\u00f3n, expres\u00f3 que dicha integraci\u00f3n contempla todos los niveles educativos desde el preescolar, primaria, secundaria, preparatoria, universidad y posgrados.<\/p>\n\n\n\n<p>\u201cTodos los niveles est\u00e1n siendo atendidos con este consejo tanto la educaci\u00f3n p\u00fablica como privada\u201d, indic\u00f3.<\/p>\n\n\n\n<figure class=\"wp-block-image size-full\"><img decoding=\"async\" width=\"1209\" height=\"853\" src=\"https:\/\/fuentesfidedignas.com.mx\/wp-content\/uploads\/2022\/04\/IMG-20220426-WA0030.jpg\" alt=\"\" class=\"wp-image-29252\"\/><\/figure>\n\n\n\n<p>El Consejo Municipal de Participaci\u00f3n Social en la Educaci\u00f3n en Ahome est\u00e1 conformado por: Representantes del Municipio, Genaro Garc\u00eda Castro, Secretario del Ayuntamiento y Alma Marien Fierro Arroyo, Directora de Educaci\u00f3n.<\/p>\n\n\n\n<p>Como Secretaria T\u00e9cnica del Consejo, Regidora Marysol Morales Valenzuela, presidenta de la Comisi\u00f3n de Educaci\u00f3n; Consejero presidente del CMPSEA, Cristian Iv\u00e1n G\u00e1mez G\u00e1mez; Representantes de maestros, Alejandro Brito Acu\u00f1a, Jefe del Departamento de Servicios Regionales de la SEPyC en Ahome, Claudia Selene S\u00e1nchez Leyva, Coordinadora General del Centro de Maestros, y Milton Ayala Vega, Secretario Acad\u00e9mico de la UAS URN.<\/p>\n\n\n\n<p>As\u00ed tambi\u00e9n, Representante de Padres de Familia, Cynthia Lorena Padilla Jacobo; Representantes de Organizaciones Sindicales, Germ\u00e1n Alonso Ch\u00e1vez Gallardo, Representante Secci\u00f3n 53 y Luis Alberto Rend\u00f3n Liz\u00e1rraga, Representante Secci\u00f3n 27; Representantes de Organizaciones Sociales, H\u00e9ctor Ibarra Flores, Presidente CANACINTRA Delegaci\u00f3n Los Mochis, Claudia Esther Salazar Castro, Coordinadora de CADI CAIC del Sistema DIF Ahome y Jos\u00e9 Ra\u00fal Ramos Estrada, Presidente del Patronato Pro \u2013 Educaci\u00f3n de Ahome, A.C.<\/p>\n\n\n\n<p>Representantes Interinstitucionales del H. Ayuntamiento de Ahome, Claudia Canto Hern\u00e1ndez, Secretaria de Bienestar, Magdalena Rocha Pe\u00f1a, Secretaria de las Mujeres, Julio C\u00e9sar Romanillo, Secretario de Seguridad P\u00fablica y Protecci\u00f3n Ciudadana, Gladis Aid\u00e9 Gast\u00e9lum Barreras, Directora del Instituto Municipal de Arte y Cultura, Rodolfo Ramos Monreal, Director del Instituto Municipal de la Juventud, y Lidia Karely Moreno Zavala, Directora del Instituto para la Prevenci\u00f3n de las Adicciones del Municipio de Ahome.<\/p>\n","protected":false},"excerpt":{"rendered":"<p>LA EDUCACI\u00d3N ES LA BASE DE UNA SOCIEDAD: GERARDO VARGAS Ahome, Sin.- Luego de exhortar a los integrantes del Consejo Municipal de Participaci\u00f3n Social en la Educaci\u00f3n en Ahome, a ser lo m\u00e1s honestos posible, cumplir con su responsabilidad y aportar con objetividad en este tema, Gerardo Vargas Landeros, presidente municipal de Ahome destac\u00f3 que [&hellip;]<\/p>\n","protected":false},"author":4,"featured_media":29254,"comment_status":"open","ping_status":"open","sticky":false,"template":"","format":"standard","meta":{"tdm_status":"","tdm_grid_status":"","footnotes":""},"categories":[38],"tags":[1715,2019,1654],"class_list":{"0":"post-29251","1":"post","2":"type-post","3":"status-publish","4":"format-standard","5":"has-post-thumbnail","7":"category-noticias-locales","8":"tag-ayuntamiento-de-ahome","9":"tag-educacion","10":"tag-gerardo-vargas-landeros"},"yoast_head":"<!-- This site is optimized with the Yoast SEO plugin v27.5 - https:\/\/yoast.com\/product\/yoast-seo-wordpress\/ -->\n<title>Rinde protesta el Consejo Municipal de Participaci\u00f3n Social en la Educaci\u00f3n en Ahome - Fuentes Fidedignas<\/title>\n<meta name=\"robots\" content=\"index, follow, max-snippet:-1, max-image-preview:large, max-video-preview:-1\" \/>\n<link rel=\"canonical\" href=\"https:\/\/fuentesfidedignas.com.mx\/index.php\/2022\/04\/26\/rinde-protesta-el-consejo-municipal-de-participacion-social-en-la-educacion-en-ahome\/\" \/>\n<meta property=\"og:locale\" content=\"es_MX\" \/>\n<meta property=\"og:type\" content=\"article\" \/>\n<meta property=\"og:title\" content=\"Rinde protesta el Consejo Municipal de Participaci\u00f3n Social en la Educaci\u00f3n en Ahome - Fuentes Fidedignas\" \/>\n<meta property=\"og:description\" content=\"LA EDUCACI\u00d3N ES LA BASE DE UNA SOCIEDAD: GERARDO VARGAS Ahome, Sin.- Luego de exhortar a los integrantes del Consejo Municipal de Participaci\u00f3n Social en la Educaci\u00f3n en Ahome, a ser lo m\u00e1s honestos posible, cumplir con su responsabilidad y aportar con objetividad en este tema, Gerardo Vargas Landeros, presidente municipal de Ahome destac\u00f3 que [&hellip;]\" \/>\n<meta property=\"og:url\" content=\"https:\/\/fuentesfidedignas.com.mx\/index.php\/2022\/04\/26\/rinde-protesta-el-consejo-municipal-de-participacion-social-en-la-educacion-en-ahome\/\" \/>\n<meta property=\"og:site_name\" content=\"Fuentes Fidedignas\" \/>\n<meta property=\"article:publisher\" content=\"https:\/\/www.facebook.com\/Fuentes-Fidedignas-368234489921644\" \/>\n<meta property=\"article:published_time\" content=\"2022-04-26T19:51:08+00:00\" \/>\n<meta property=\"article:modified_time\" content=\"2022-04-26T19:51:24+00:00\" \/>\n<meta property=\"og:image\" content=\"https:\/\/fuentesfidedignas.com.mx\/wp-content\/uploads\/2022\/04\/IMG-20220426-WA0029.jpg\" \/>\n\t<meta property=\"og:image:width\" content=\"1280\" \/>\n\t<meta property=\"og:image:height\" content=\"853\" \/>\n\t<meta property=\"og:image:type\" content=\"image\/jpeg\" \/>\n<meta name=\"author\" content=\"Redacci\u00f3n\" \/>\n<meta name=\"twitter:card\" content=\"summary_large_image\" \/>\n<meta name=\"twitter:creator\" content=\"@fidedignas\" \/>\n<meta name=\"twitter:site\" content=\"@fidedignas\" \/>\n<meta name=\"twitter:label1\" content=\"Escrito por\" \/>\n\t<meta name=\"twitter:data1\" content=\"Redacci\u00f3n\" \/>\n\t<meta name=\"twitter:label2\" content=\"Tiempo de lectura\" \/>\n\t<meta name=\"twitter:data2\" content=\"3 minutos\" \/>\n<script type=\"application\/ld+json\" class=\"yoast-schema-graph\">{\"@context\":\"https:\\\/\\\/schema.org\",\"@graph\":[{\"@type\":\"Article\",\"@id\":\"https:\\\/\\\/fuentesfidedignas.com.mx\\\/index.php\\\/2022\\\/04\\\/26\\\/rinde-protesta-el-consejo-municipal-de-participacion-social-en-la-educacion-en-ahome\\\/#article\",\"isPartOf\":{\"@id\":\"https:\\\/\\\/fuentesfidedignas.com.mx\\\/index.php\\\/2022\\\/04\\\/26\\\/rinde-protesta-el-consejo-municipal-de-participacion-social-en-la-educacion-en-ahome\\\/\"},\"author\":{\"name\":\"Redacci\u00f3n\",\"@id\":\"https:\\\/\\\/fuentesfidedignas.com.mx\\\/#\\\/schema\\\/person\\\/331be9283d37198e2acd5750279085b0\"},\"headline\":\"Rinde protesta el Consejo Municipal de Participaci\u00f3n Social en la Educaci\u00f3n en Ahome\",\"datePublished\":\"2022-04-26T19:51:08+00:00\",\"dateModified\":\"2022-04-26T19:51:24+00:00\",\"mainEntityOfPage\":{\"@id\":\"https:\\\/\\\/fuentesfidedignas.com.mx\\\/index.php\\\/2022\\\/04\\\/26\\\/rinde-protesta-el-consejo-municipal-de-participacion-social-en-la-educacion-en-ahome\\\/\"},\"wordCount\":632,\"commentCount\":0,\"publisher\":{\"@id\":\"https:\\\/\\\/fuentesfidedignas.com.mx\\\/#organization\"},\"image\":{\"@id\":\"https:\\\/\\\/fuentesfidedignas.com.mx\\\/index.php\\\/2022\\\/04\\\/26\\\/rinde-protesta-el-consejo-municipal-de-participacion-social-en-la-educacion-en-ahome\\\/#primaryimage\"},\"thumbnailUrl\":\"https:\\\/\\\/fuentesfidedignas.com.mx\\\/wp-content\\\/uploads\\\/2022\\\/04\\\/IMG-20220426-WA0029.jpg\",\"keywords\":[\"Ayuntamiento de Ahome\",\"Educaci\u00f3n\",\"Gerardo Vargas Landeros\"],\"articleSection\":[\"NOTICIAS LOCALES\"],\"inLanguage\":\"es\",\"potentialAction\":[{\"@type\":\"CommentAction\",\"name\":\"Comment\",\"target\":[\"https:\\\/\\\/fuentesfidedignas.com.mx\\\/index.php\\\/2022\\\/04\\\/26\\\/rinde-protesta-el-consejo-municipal-de-participacion-social-en-la-educacion-en-ahome\\\/#respond\"]}]},{\"@type\":\"WebPage\",\"@id\":\"https:\\\/\\\/fuentesfidedignas.com.mx\\\/index.php\\\/2022\\\/04\\\/26\\\/rinde-protesta-el-consejo-municipal-de-participacion-social-en-la-educacion-en-ahome\\\/\",\"url\":\"https:\\\/\\\/fuentesfidedignas.com.mx\\\/index.php\\\/2022\\\/04\\\/26\\\/rinde-protesta-el-consejo-municipal-de-participacion-social-en-la-educacion-en-ahome\\\/\",\"name\":\"Rinde protesta el Consejo Municipal de Participaci\u00f3n Social en la Educaci\u00f3n en Ahome - Fuentes Fidedignas\",\"isPartOf\":{\"@id\":\"https:\\\/\\\/fuentesfidedignas.com.mx\\\/#website\"},\"primaryImageOfPage\":{\"@id\":\"https:\\\/\\\/fuentesfidedignas.com.mx\\\/index.php\\\/2022\\\/04\\\/26\\\/rinde-protesta-el-consejo-municipal-de-participacion-social-en-la-educacion-en-ahome\\\/#primaryimage\"},\"image\":{\"@id\":\"https:\\\/\\\/fuentesfidedignas.com.mx\\\/index.php\\\/2022\\\/04\\\/26\\\/rinde-protesta-el-consejo-municipal-de-participacion-social-en-la-educacion-en-ahome\\\/#primaryimage\"},\"thumbnailUrl\":\"https:\\\/\\\/fuentesfidedignas.com.mx\\\/wp-content\\\/uploads\\\/2022\\\/04\\\/IMG-20220426-WA0029.jpg\",\"datePublished\":\"2022-04-26T19:51:08+00:00\",\"dateModified\":\"2022-04-26T19:51:24+00:00\",\"breadcrumb\":{\"@id\":\"https:\\\/\\\/fuentesfidedignas.com.mx\\\/index.php\\\/2022\\\/04\\\/26\\\/rinde-protesta-el-consejo-municipal-de-participacion-social-en-la-educacion-en-ahome\\\/#breadcrumb\"},\"inLanguage\":\"es\",\"potentialAction\":[{\"@type\":\"ReadAction\",\"target\":[\"https:\\\/\\\/fuentesfidedignas.com.mx\\\/index.php\\\/2022\\\/04\\\/26\\\/rinde-protesta-el-consejo-municipal-de-participacion-social-en-la-educacion-en-ahome\\\/\"]}]},{\"@type\":\"ImageObject\",\"inLanguage\":\"es\",\"@id\":\"https:\\\/\\\/fuentesfidedignas.com.mx\\\/index.php\\\/2022\\\/04\\\/26\\\/rinde-protesta-el-consejo-municipal-de-participacion-social-en-la-educacion-en-ahome\\\/#primaryimage\",\"url\":\"https:\\\/\\\/fuentesfidedignas.com.mx\\\/wp-content\\\/uploads\\\/2022\\\/04\\\/IMG-20220426-WA0029.jpg\",\"contentUrl\":\"https:\\\/\\\/fuentesfidedignas.com.mx\\\/wp-content\\\/uploads\\\/2022\\\/04\\\/IMG-20220426-WA0029.jpg\",\"width\":1280,\"height\":853},{\"@type\":\"BreadcrumbList\",\"@id\":\"https:\\\/\\\/fuentesfidedignas.com.mx\\\/index.php\\\/2022\\\/04\\\/26\\\/rinde-protesta-el-consejo-municipal-de-participacion-social-en-la-educacion-en-ahome\\\/#breadcrumb\",\"itemListElement\":[{\"@type\":\"ListItem\",\"position\":1,\"name\":\"Inicio\",\"item\":\"https:\\\/\\\/fuentesfidedignas.com.mx\\\/\"},{\"@type\":\"ListItem\",\"position\":2,\"name\":\"Rinde protesta el Consejo Municipal de Participaci\u00f3n Social en la Educaci\u00f3n en Ahome\"}]},{\"@type\":\"WebSite\",\"@id\":\"https:\\\/\\\/fuentesfidedignas.com.mx\\\/#website\",\"url\":\"https:\\\/\\\/fuentesfidedignas.com.mx\\\/\",\"name\":\"Fuentes Fidedignas\",\"description\":\"Otro sitio realizado con WordPress\",\"publisher\":{\"@id\":\"https:\\\/\\\/fuentesfidedignas.com.mx\\\/#organization\"},\"potentialAction\":[{\"@type\":\"SearchAction\",\"target\":{\"@type\":\"EntryPoint\",\"urlTemplate\":\"https:\\\/\\\/fuentesfidedignas.com.mx\\\/?s={search_term_string}\"},\"query-input\":{\"@type\":\"PropertyValueSpecification\",\"valueRequired\":true,\"valueName\":\"search_term_string\"}}],\"inLanguage\":\"es\"},{\"@type\":\"Organization\",\"@id\":\"https:\\\/\\\/fuentesfidedignas.com.mx\\\/#organization\",\"name\":\"Fuentes Fidedignas\",\"url\":\"https:\\\/\\\/fuentesfidedignas.com.mx\\\/\",\"logo\":{\"@type\":\"ImageObject\",\"inLanguage\":\"es\",\"@id\":\"https:\\\/\\\/fuentesfidedignas.com.mx\\\/#\\\/schema\\\/logo\\\/image\\\/\",\"url\":\"https:\\\/\\\/fuentesfidedignas.com.mx\\\/wp-content\\\/uploads\\\/2021\\\/04\\\/logo-retina.png\",\"contentUrl\":\"https:\\\/\\\/fuentesfidedignas.com.mx\\\/wp-content\\\/uploads\\\/2021\\\/04\\\/logo-retina.png\",\"width\":280,\"height\":51,\"caption\":\"Fuentes Fidedignas\"},\"image\":{\"@id\":\"https:\\\/\\\/fuentesfidedignas.com.mx\\\/#\\\/schema\\\/logo\\\/image\\\/\"},\"sameAs\":[\"https:\\\/\\\/www.facebook.com\\\/Fuentes-Fidedignas-368234489921644\",\"https:\\\/\\\/x.com\\\/fidedignas\"]},{\"@type\":\"Person\",\"@id\":\"https:\\\/\\\/fuentesfidedignas.com.mx\\\/#\\\/schema\\\/person\\\/331be9283d37198e2acd5750279085b0\",\"name\":\"Redacci\u00f3n\",\"image\":{\"@type\":\"ImageObject\",\"inLanguage\":\"es\",\"@id\":\"https:\\\/\\\/secure.gravatar.com\\\/avatar\\\/f6d8782c11d12b2d4ad3fbb6931aeab5309937a4d6cd2fc9cfaa28a6396a5aec?s=96&d=mm&r=g\",\"url\":\"https:\\\/\\\/secure.gravatar.com\\\/avatar\\\/f6d8782c11d12b2d4ad3fbb6931aeab5309937a4d6cd2fc9cfaa28a6396a5aec?s=96&d=mm&r=g\",\"contentUrl\":\"https:\\\/\\\/secure.gravatar.com\\\/avatar\\\/f6d8782c11d12b2d4ad3fbb6931aeab5309937a4d6cd2fc9cfaa28a6396a5aec?s=96&d=mm&r=g\",\"caption\":\"Redacci\u00f3n\"},\"url\":\"https:\\\/\\\/fuentesfidedignas.com.mx\\\/index.php\\\/author\\\/redaccion\\\/\"}]}<\/script>\n<!-- \/ Yoast SEO plugin. -->","yoast_head_json":{"title":"Rinde protesta el Consejo Municipal de Participaci\u00f3n Social en la Educaci\u00f3n en Ahome - Fuentes Fidedignas","robots":{"index":"index","follow":"follow","max-snippet":"max-snippet:-1","max-image-preview":"max-image-preview:large","max-video-preview":"max-video-preview:-1"},"canonical":"https:\/\/fuentesfidedignas.com.mx\/index.php\/2022\/04\/26\/rinde-protesta-el-consejo-municipal-de-participacion-social-en-la-educacion-en-ahome\/","og_locale":"es_MX","og_type":"article","og_title":"Rinde protesta el Consejo Municipal de Participaci\u00f3n Social en la Educaci\u00f3n en Ahome - Fuentes Fidedignas","og_description":"LA EDUCACI\u00d3N ES LA BASE DE UNA SOCIEDAD: GERARDO VARGAS Ahome, Sin.- Luego de exhortar a los integrantes del Consejo Municipal de Participaci\u00f3n Social en la Educaci\u00f3n en Ahome, a ser lo m\u00e1s honestos posible, cumplir con su responsabilidad y aportar con objetividad en este tema, Gerardo Vargas Landeros, presidente municipal de Ahome destac\u00f3 que [&hellip;]","og_url":"https:\/\/fuentesfidedignas.com.mx\/index.php\/2022\/04\/26\/rinde-protesta-el-consejo-municipal-de-participacion-social-en-la-educacion-en-ahome\/","og_site_name":"Fuentes Fidedignas","article_publisher":"https:\/\/www.facebook.com\/Fuentes-Fidedignas-368234489921644","article_published_time":"2022-04-26T19:51:08+00:00","article_modified_time":"2022-04-26T19:51:24+00:00","og_image":[{"width":1280,"height":853,"url":"https:\/\/fuentesfidedignas.com.mx\/wp-content\/uploads\/2022\/04\/IMG-20220426-WA0029.jpg","type":"image\/jpeg"}],"author":"Redacci\u00f3n","twitter_card":"summary_large_image","twitter_creator":"@fidedignas","twitter_site":"@fidedignas","twitter_misc":{"Escrito por":"Redacci\u00f3n","Tiempo de lectura":"3 minutos"},"schema":{"@context":"https:\/\/schema.org","@graph":[{"@type":"Article","@id":"https:\/\/fuentesfidedignas.com.mx\/index.php\/2022\/04\/26\/rinde-protesta-el-consejo-municipal-de-participacion-social-en-la-educacion-en-ahome\/#article","isPartOf":{"@id":"https:\/\/fuentesfidedignas.com.mx\/index.php\/2022\/04\/26\/rinde-protesta-el-consejo-municipal-de-participacion-social-en-la-educacion-en-ahome\/"},"author":{"name":"Redacci\u00f3n","@id":"https:\/\/fuentesfidedignas.com.mx\/#\/schema\/person\/331be9283d37198e2acd5750279085b0"},"headline":"Rinde protesta el Consejo Municipal de Participaci\u00f3n Social en la Educaci\u00f3n en Ahome","datePublished":"2022-04-26T19:51:08+00:00","dateModified":"2022-04-26T19:51:24+00:00","mainEntityOfPage":{"@id":"https:\/\/fuentesfidedignas.com.mx\/index.php\/2022\/04\/26\/rinde-protesta-el-consejo-municipal-de-participacion-social-en-la-educacion-en-ahome\/"},"wordCount":632,"commentCount":0,"publisher":{"@id":"https:\/\/fuentesfidedignas.com.mx\/#organization"},"image":{"@id":"https:\/\/fuentesfidedignas.com.mx\/index.php\/2022\/04\/26\/rinde-protesta-el-consejo-municipal-de-participacion-social-en-la-educacion-en-ahome\/#primaryimage"},"thumbnailUrl":"https:\/\/fuentesfidedignas.com.mx\/wp-content\/uploads\/2022\/04\/IMG-20220426-WA0029.jpg","keywords":["Ayuntamiento de Ahome","Educaci\u00f3n","Gerardo Vargas Landeros"],"articleSection":["NOTICIAS LOCALES"],"inLanguage":"es","potentialAction":[{"@type":"CommentAction","name":"Comment","target":["https:\/\/fuentesfidedignas.com.mx\/index.php\/2022\/04\/26\/rinde-protesta-el-consejo-municipal-de-participacion-social-en-la-educacion-en-ahome\/#respond"]}]},{"@type":"WebPage","@id":"https:\/\/fuentesfidedignas.com.mx\/index.php\/2022\/04\/26\/rinde-protesta-el-consejo-municipal-de-participacion-social-en-la-educacion-en-ahome\/","url":"https:\/\/fuentesfidedignas.com.mx\/index.php\/2022\/04\/26\/rinde-protesta-el-consejo-municipal-de-participacion-social-en-la-educacion-en-ahome\/","name":"Rinde protesta el Consejo Municipal de Participaci\u00f3n Social en la Educaci\u00f3n en Ahome - Fuentes Fidedignas","isPartOf":{"@id":"https:\/\/fuentesfidedignas.com.mx\/#website"},"primaryImageOfPage":{"@id":"https:\/\/fuentesfidedignas.com.mx\/index.php\/2022\/04\/26\/rinde-protesta-el-consejo-municipal-de-participacion-social-en-la-educacion-en-ahome\/#primaryimage"},"image":{"@id":"https:\/\/fuentesfidedignas.com.mx\/index.php\/2022\/04\/26\/rinde-protesta-el-consejo-municipal-de-participacion-social-en-la-educacion-en-ahome\/#primaryimage"},"thumbnailUrl":"https:\/\/fuentesfidedignas.com.mx\/wp-content\/uploads\/2022\/04\/IMG-20220426-WA0029.jpg","datePublished":"2022-04-26T19:51:08+00:00","dateModified":"2022-04-26T19:51:24+00:00","breadcrumb":{"@id":"https:\/\/fuentesfidedignas.com.mx\/index.php\/2022\/04\/26\/rinde-protesta-el-consejo-municipal-de-participacion-social-en-la-educacion-en-ahome\/#breadcrumb"},"inLanguage":"es","potentialAction":[{"@type":"ReadAction","target":["https:\/\/fuentesfidedignas.com.mx\/index.php\/2022\/04\/26\/rinde-protesta-el-consejo-municipal-de-participacion-social-en-la-educacion-en-ahome\/"]}]},{"@type":"ImageObject","inLanguage":"es","@id":"https:\/\/fuentesfidedignas.com.mx\/index.php\/2022\/04\/26\/rinde-protesta-el-consejo-municipal-de-participacion-social-en-la-educacion-en-ahome\/#primaryimage","url":"https:\/\/fuentesfidedignas.com.mx\/wp-content\/uploads\/2022\/04\/IMG-20220426-WA0029.jpg","contentUrl":"https:\/\/fuentesfidedignas.com.mx\/wp-content\/uploads\/2022\/04\/IMG-20220426-WA0029.jpg","width":1280,"height":853},{"@type":"BreadcrumbList","@id":"https:\/\/fuentesfidedignas.com.mx\/index.php\/2022\/04\/26\/rinde-protesta-el-consejo-municipal-de-participacion-social-en-la-educacion-en-ahome\/#breadcrumb","itemListElement":[{"@type":"ListItem","position":1,"name":"Inicio","item":"https:\/\/fuentesfidedignas.com.mx\/"},{"@type":"ListItem","position":2,"name":"Rinde protesta el Consejo Municipal de Participaci\u00f3n Social en la Educaci\u00f3n en Ahome"}]},{"@type":"WebSite","@id":"https:\/\/fuentesfidedignas.com.mx\/#website","url":"https:\/\/fuentesfidedignas.com.mx\/","name":"Fuentes Fidedignas","description":"Otro sitio realizado con WordPress","publisher":{"@id":"https:\/\/fuentesfidedignas.com.mx\/#organization"},"potentialAction":[{"@type":"SearchAction","target":{"@type":"EntryPoint","urlTemplate":"https:\/\/fuentesfidedignas.com.mx\/?s={search_term_string}"},"query-input":{"@type":"PropertyValueSpecification","valueRequired":true,"valueName":"search_term_string"}}],"inLanguage":"es"},{"@type":"Organization","@id":"https:\/\/fuentesfidedignas.com.mx\/#organization","name":"Fuentes Fidedignas","url":"https:\/\/fuentesfidedignas.com.mx\/","logo":{"@type":"ImageObject","inLanguage":"es","@id":"https:\/\/fuentesfidedignas.com.mx\/#\/schema\/logo\/image\/","url":"https:\/\/fuentesfidedignas.com.mx\/wp-content\/uploads\/2021\/04\/logo-retina.png","contentUrl":"https:\/\/fuentesfidedignas.com.mx\/wp-content\/uploads\/2021\/04\/logo-retina.png","width":280,"height":51,"caption":"Fuentes Fidedignas"},"image":{"@id":"https:\/\/fuentesfidedignas.com.mx\/#\/schema\/logo\/image\/"},"sameAs":["https:\/\/www.facebook.com\/Fuentes-Fidedignas-368234489921644","https:\/\/x.com\/fidedignas"]},{"@type":"Person","@id":"https:\/\/fuentesfidedignas.com.mx\/#\/schema\/person\/331be9283d37198e2acd5750279085b0","name":"Redacci\u00f3n","image":{"@type":"ImageObject","inLanguage":"es","@id":"https:\/\/secure.gravatar.com\/avatar\/f6d8782c11d12b2d4ad3fbb6931aeab5309937a4d6cd2fc9cfaa28a6396a5aec?s=96&d=mm&r=g","url":"https:\/\/secure.gravatar.com\/avatar\/f6d8782c11d12b2d4ad3fbb6931aeab5309937a4d6cd2fc9cfaa28a6396a5aec?s=96&d=mm&r=g","contentUrl":"https:\/\/secure.gravatar.com\/avatar\/f6d8782c11d12b2d4ad3fbb6931aeab5309937a4d6cd2fc9cfaa28a6396a5aec?s=96&d=mm&r=g","caption":"Redacci\u00f3n"},"url":"https:\/\/fuentesfidedignas.com.mx\/index.php\/author\/redaccion\/"}]}},"_links":{"self":[{"href":"https:\/\/fuentesfidedignas.com.mx\/index.php\/wp-json\/wp\/v2\/posts\/29251","targetHints":{"allow":["GET"]}}],"collection":[{"href":"https:\/\/fuentesfidedignas.com.mx\/index.php\/wp-json\/wp\/v2\/posts"}],"about":[{"href":"https:\/\/fuentesfidedignas.com.mx\/index.php\/wp-json\/wp\/v2\/types\/post"}],"author":[{"embeddable":true,"href":"https:\/\/fuentesfidedignas.com.mx\/index.php\/wp-json\/wp\/v2\/users\/4"}],"replies":[{"embeddable":true,"href":"https:\/\/fuentesfidedignas.com.mx\/index.php\/wp-json\/wp\/v2\/comments?post=29251"}],"version-history":[{"count":1,"href":"https:\/\/fuentesfidedignas.com.mx\/index.php\/wp-json\/wp\/v2\/posts\/29251\/revisions"}],"predecessor-version":[{"id":29253,"href":"https:\/\/fuentesfidedignas.com.mx\/index.php\/wp-json\/wp\/v2\/posts\/29251\/revisions\/29253"}],"wp:featuredmedia":[{"embeddable":true,"href":"https:\/\/fuentesfidedignas.com.mx\/index.php\/wp-json\/wp\/v2\/media\/29254"}],"wp:attachment":[{"href":"https:\/\/fuentesfidedignas.com.mx\/index.php\/wp-json\/wp\/v2\/media?parent=29251"}],"wp:term":[{"taxonomy":"category","embeddable":true,"href":"https:\/\/fuentesfidedignas.com.mx\/index.php\/wp-json\/wp\/v2\/categories?post=29251"},{"taxonomy":"post_tag","embeddable":true,"href":"https:\/\/fuentesfidedignas.com.mx\/index.php\/wp-json\/wp\/v2\/tags?post=29251"}],"curies":[{"name":"wp","href":"https:\/\/api.w.org\/{rel}","templated":true}]}}