{"id":29162,"date":"2022-04-25T16:34:42","date_gmt":"2022-04-25T23:34:42","guid":{"rendered":"https:\/\/fuentesfidedignas.com.mx\/?p=29162"},"modified":"2022-04-25T16:40:29","modified_gmt":"2022-04-25T23:40:29","slug":"responden-sinaloenses-ante-intensa-jornada-de-vacunacion","status":"publish","type":"post","link":"https:\/\/fuentesfidedignas.com.mx\/index.php\/2022\/04\/25\/responden-sinaloenses-ante-intensa-jornada-de-vacunacion\/","title":{"rendered":"Responden sinaloenses ante intensa jornada de vacunaci\u00f3n"},"content":{"rendered":"\n<p><strong><br><em>A\u00f1adi\u00f3 que la meta es que no quede una sola vacuna sin aplicar al d\u00eda \u00faltimo de este mes<\/em><\/strong><\/p>\n\n\n\n<p><strong>Culiac\u00e1n, Sin.-<\/strong>&nbsp;Al recibir los Servicios de Salud de Sinaloa 63 mil dosis de vacunas AstraZeneca por parte de la federaci\u00f3n para proteger a la poblaci\u00f3n de Sinaloa contra el COVID-19, es que se dio inicio a una intensa campa\u00f1a de vacunaci\u00f3n por toda la entidad.<\/p>\n\n\n\n<p>El Secretario de Salud y titular de los Servicios de Salud de Sinaloa, H\u00e9ctor Melesio Cu\u00e9n Ojeda, destac\u00f3 que en seis d\u00edas de dicha jornada ya se han aplicado casi el 50 por ciento de las vacunas que se recibieron exclusivamente para esta instancia, dando cumplimiento al compromiso establecido por el Gobernador Rub\u00e9n Rocha Moya, de mantener la salud de los sinaloenses.<\/p>\n\n\n\n<figure class=\"wp-block-image size-large\"><img decoding=\"async\" width=\"1600\" height=\"1066\" src=\"https:\/\/fuentesfidedignas.com.mx\/wp-content\/uploads\/2022\/04\/25-ABR-2022-VACUNOLOGIA-Y-JURISDICCION-SANITARIA-IV-5.jpeg\" alt=\"\" class=\"wp-image-29166\"\/><\/figure>\n\n\n\n<p>\u201cEn este momento nos ha ido bien, pensamos que vamos a cumplir con la meta que nos planteamos con respecto al n\u00famero de vacunas que le dieron a los Servicios de Salud aqu\u00ed en el Estado de Sinaloa, es un compromiso muy formal lo que tiene en este momento el Dr. Rub\u00e9n Rocha Moya con la federaci\u00f3n, de tal manera que hemos trabajado alrededor de seis d\u00edas hasta hoy, y en ese tenor llevamos hasta hoy y en ese tenor llevamos casi el 50 por ciento de las dosis aplicadas, la meta es que no quede una sola vacuna sin aplicar al d\u00eda \u00faltimo de este mes y el objetivo principal es proteger en la medida de lo posible a la poblaci\u00f3n sinaloense contra esta enfermedad, estamos trabajando de manera multidisciplinaria en pro de la salud de los sinaloenses, as\u00ed que toda la confianza\u201d, detall\u00f3.<\/p>\n\n\n\n<p>Afirm\u00f3 que esta pandemia ha ido a la baja, pero hizo un llamado a la prudencia y responsabilidad por parte de todas las personas, no dar cabida a la confianza ya que en otros pa\u00edses ha habido rebrotes.<\/p>\n\n\n\n<p>Es importante se\u00f1alar que Sinaloa es una de las entidades que han dado una mayor cobertura al programa de vacunaci\u00f3n COVID, teniendo como resultado una inmunidad natural por parte de la poblaci\u00f3n y adem\u00e1s que se mantenga protegidos a todos, agradeciendo tambi\u00e9n a quienes han abierto las puertas de sus hogares a las Brigadas M\u00f3viles de vacunaci\u00f3n que acuden casa por casa, acercando este servicio a quienes lo requieren.<\/p>\n\n\n\n<p>Cu\u00e9n Ojeda realiz\u00f3 un recorrido por las instalaciones de la Jurisdicci\u00f3n Sanitaria No. IV en Culiac\u00e1n, as\u00ed como un encuentro en el Centro de Vacunolog\u00eda, manteniendo su firme convicci\u00f3n de velar por el bienestar y la salud de la ciudadan\u00eda de Sinaloa.<\/p>\n\n\n\n<figure class=\"wp-block-image size-full\"><img decoding=\"async\" width=\"1280\" height=\"960\" src=\"https:\/\/fuentesfidedignas.com.mx\/wp-content\/uploads\/2022\/04\/25-ABR-2022-BRIGADA-VACUNACION-GOBIERNO-4.jpeg\" alt=\"\" class=\"wp-image-29163\"\/><\/figure>\n\n\n<p><strong>EXITOSA BRIGADA M\u00d3VIL DE VACUNACI\u00d3N EN PALACIO DE GOBIERNO<\/strong><\/p>\n<p><b><br><\/b>Este ma<span style=\"color: initial;\">rtes 26 <\/span><em style=\"color: initial;\">abril se instalar\u00e1 nuevamente el mismo punto de vacunaci\u00f3n<\/em><\/p>\n\n\n<p>Como parte de la intensa jornada de vacunaci\u00f3n que se ha implementado por los Servicios de Salud de Sinaloa, se instal\u00f3 en la Unidad Administrativa de Palacio de Gobierno una Brigada M\u00f3vil, la cual realiz\u00f3 200 inmunizaciones con dosis de AstraZeneca a personal administrativo del sector salud, as\u00ed como a poblaci\u00f3n en general que ten\u00eda rezago en primera o segundas dosis, refuerzo o bien personas mayores de 18 a\u00f1os que cumplen m\u00e1s de dos meses de su vacunaci\u00f3n anterior.<\/p>\n\n\n\n<p>El personal de enfermer\u00eda que llev\u00f3 a cabo dicha jornada de vacunaci\u00f3n se mostr\u00f3 agradecido por la excelente respuesta de la poblaci\u00f3n que asisti\u00f3 a protegerse contra el COVID-19, es por ello que el d\u00eda de ma\u00f1ana martes 26 de abril se instalar\u00e1n nuevamente en los alrededores de la Secretar\u00eda de Salud, a partir de las 8:30 horas.<\/p>\n","protected":false},"excerpt":{"rendered":"<p>A\u00f1adi\u00f3 que la meta es que no quede una sola vacuna sin aplicar al d\u00eda \u00faltimo de este mes Culiac\u00e1n, Sin.-&nbsp;Al recibir los Servicios de Salud de Sinaloa 63 mil dosis de vacunas AstraZeneca por parte de la federaci\u00f3n para proteger a la poblaci\u00f3n de Sinaloa contra el COVID-19, es que se dio inicio a [&hellip;]<\/p>\n","protected":false},"author":4,"featured_media":29165,"comment_status":"open","ping_status":"open","sticky":false,"template":"","format":"standard","meta":{"tdm_status":"","tdm_grid_status":"","footnotes":""},"categories":[38],"tags":[332,59,1328,416,229,407],"class_list":{"0":"post-29162","1":"post","2":"type-post","3":"status-publish","4":"format-standard","5":"has-post-thumbnail","7":"category-noticias-locales","8":"tag-coronavirus","9":"tag-covid-19","10":"tag-hector-melesio-cuen-ojeda","11":"tag-sars-cov-2","12":"tag-secretaria-de-salud-de-sinaloa","13":"tag-vacuna-anticovid"},"yoast_head":"<!-- This site is optimized with the Yoast SEO plugin v27.5 - https:\/\/yoast.com\/product\/yoast-seo-wordpress\/ -->\n<title>Responden sinaloenses ante intensa jornada de vacunaci\u00f3n - Fuentes Fidedignas<\/title>\n<meta name=\"robots\" content=\"index, follow, max-snippet:-1, max-image-preview:large, max-video-preview:-1\" \/>\n<link rel=\"canonical\" href=\"https:\/\/fuentesfidedignas.com.mx\/index.php\/2022\/04\/25\/responden-sinaloenses-ante-intensa-jornada-de-vacunacion\/\" \/>\n<meta property=\"og:locale\" content=\"es_MX\" \/>\n<meta property=\"og:type\" content=\"article\" \/>\n<meta property=\"og:title\" content=\"Responden sinaloenses ante intensa jornada de vacunaci\u00f3n - Fuentes Fidedignas\" \/>\n<meta property=\"og:description\" content=\"A\u00f1adi\u00f3 que la meta es que no quede una sola vacuna sin aplicar al d\u00eda \u00faltimo de este mes Culiac\u00e1n, Sin.-&nbsp;Al recibir los Servicios de Salud de Sinaloa 63 mil dosis de vacunas AstraZeneca por parte de la federaci\u00f3n para proteger a la poblaci\u00f3n de Sinaloa contra el COVID-19, es que se dio inicio a [&hellip;]\" \/>\n<meta property=\"og:url\" content=\"https:\/\/fuentesfidedignas.com.mx\/index.php\/2022\/04\/25\/responden-sinaloenses-ante-intensa-jornada-de-vacunacion\/\" \/>\n<meta property=\"og:site_name\" content=\"Fuentes Fidedignas\" \/>\n<meta property=\"article:publisher\" content=\"https:\/\/www.facebook.com\/Fuentes-Fidedignas-368234489921644\" \/>\n<meta property=\"article:published_time\" content=\"2022-04-25T23:34:42+00:00\" \/>\n<meta property=\"article:modified_time\" content=\"2022-04-25T23:40:29+00:00\" \/>\n<meta property=\"og:image\" content=\"https:\/\/fuentesfidedignas.com.mx\/wp-content\/uploads\/2022\/04\/25-ABR-2022-BRIGADA-VACUNACION-GOBIERNO-1.jpeg\" \/>\n\t<meta property=\"og:image:width\" content=\"1280\" \/>\n\t<meta property=\"og:image:height\" content=\"960\" \/>\n\t<meta property=\"og:image:type\" content=\"image\/jpeg\" \/>\n<meta name=\"author\" content=\"Redacci\u00f3n\" \/>\n<meta name=\"twitter:card\" content=\"summary_large_image\" \/>\n<meta name=\"twitter:creator\" content=\"@fidedignas\" \/>\n<meta name=\"twitter:site\" content=\"@fidedignas\" \/>\n<meta name=\"twitter:label1\" content=\"Escrito por\" \/>\n\t<meta name=\"twitter:data1\" content=\"Redacci\u00f3n\" \/>\n\t<meta name=\"twitter:label2\" content=\"Tiempo de lectura\" \/>\n\t<meta name=\"twitter:data2\" content=\"4 minutos\" \/>\n<script type=\"application\/ld+json\" class=\"yoast-schema-graph\">{\"@context\":\"https:\\\/\\\/schema.org\",\"@graph\":[{\"@type\":\"Article\",\"@id\":\"https:\\\/\\\/fuentesfidedignas.com.mx\\\/index.php\\\/2022\\\/04\\\/25\\\/responden-sinaloenses-ante-intensa-jornada-de-vacunacion\\\/#article\",\"isPartOf\":{\"@id\":\"https:\\\/\\\/fuentesfidedignas.com.mx\\\/index.php\\\/2022\\\/04\\\/25\\\/responden-sinaloenses-ante-intensa-jornada-de-vacunacion\\\/\"},\"author\":{\"name\":\"Redacci\u00f3n\",\"@id\":\"https:\\\/\\\/fuentesfidedignas.com.mx\\\/#\\\/schema\\\/person\\\/331be9283d37198e2acd5750279085b0\"},\"headline\":\"Responden sinaloenses ante intensa jornada de vacunaci\u00f3n\",\"datePublished\":\"2022-04-25T23:34:42+00:00\",\"dateModified\":\"2022-04-25T23:40:29+00:00\",\"mainEntityOfPage\":{\"@id\":\"https:\\\/\\\/fuentesfidedignas.com.mx\\\/index.php\\\/2022\\\/04\\\/25\\\/responden-sinaloenses-ante-intensa-jornada-de-vacunacion\\\/\"},\"wordCount\":629,\"commentCount\":0,\"publisher\":{\"@id\":\"https:\\\/\\\/fuentesfidedignas.com.mx\\\/#organization\"},\"image\":{\"@id\":\"https:\\\/\\\/fuentesfidedignas.com.mx\\\/index.php\\\/2022\\\/04\\\/25\\\/responden-sinaloenses-ante-intensa-jornada-de-vacunacion\\\/#primaryimage\"},\"thumbnailUrl\":\"https:\\\/\\\/fuentesfidedignas.com.mx\\\/wp-content\\\/uploads\\\/2022\\\/04\\\/25-ABR-2022-BRIGADA-VACUNACION-GOBIERNO-1.jpeg\",\"keywords\":[\"Coronavirus\",\"Covid-19\",\"H\u00e9ctor Melesio Cu\u00e9n Ojeda\",\"SARS-CoV-2\",\"Secretar\u00eda de Salud de Sinaloa\",\"Vacuna anticovid\"],\"articleSection\":[\"NOTICIAS LOCALES\"],\"inLanguage\":\"es\",\"potentialAction\":[{\"@type\":\"CommentAction\",\"name\":\"Comment\",\"target\":[\"https:\\\/\\\/fuentesfidedignas.com.mx\\\/index.php\\\/2022\\\/04\\\/25\\\/responden-sinaloenses-ante-intensa-jornada-de-vacunacion\\\/#respond\"]}]},{\"@type\":\"WebPage\",\"@id\":\"https:\\\/\\\/fuentesfidedignas.com.mx\\\/index.php\\\/2022\\\/04\\\/25\\\/responden-sinaloenses-ante-intensa-jornada-de-vacunacion\\\/\",\"url\":\"https:\\\/\\\/fuentesfidedignas.com.mx\\\/index.php\\\/2022\\\/04\\\/25\\\/responden-sinaloenses-ante-intensa-jornada-de-vacunacion\\\/\",\"name\":\"Responden sinaloenses ante intensa jornada de vacunaci\u00f3n - Fuentes Fidedignas\",\"isPartOf\":{\"@id\":\"https:\\\/\\\/fuentesfidedignas.com.mx\\\/#website\"},\"primaryImageOfPage\":{\"@id\":\"https:\\\/\\\/fuentesfidedignas.com.mx\\\/index.php\\\/2022\\\/04\\\/25\\\/responden-sinaloenses-ante-intensa-jornada-de-vacunacion\\\/#primaryimage\"},\"image\":{\"@id\":\"https:\\\/\\\/fuentesfidedignas.com.mx\\\/index.php\\\/2022\\\/04\\\/25\\\/responden-sinaloenses-ante-intensa-jornada-de-vacunacion\\\/#primaryimage\"},\"thumbnailUrl\":\"https:\\\/\\\/fuentesfidedignas.com.mx\\\/wp-content\\\/uploads\\\/2022\\\/04\\\/25-ABR-2022-BRIGADA-VACUNACION-GOBIERNO-1.jpeg\",\"datePublished\":\"2022-04-25T23:34:42+00:00\",\"dateModified\":\"2022-04-25T23:40:29+00:00\",\"breadcrumb\":{\"@id\":\"https:\\\/\\\/fuentesfidedignas.com.mx\\\/index.php\\\/2022\\\/04\\\/25\\\/responden-sinaloenses-ante-intensa-jornada-de-vacunacion\\\/#breadcrumb\"},\"inLanguage\":\"es\",\"potentialAction\":[{\"@type\":\"ReadAction\",\"target\":[\"https:\\\/\\\/fuentesfidedignas.com.mx\\\/index.php\\\/2022\\\/04\\\/25\\\/responden-sinaloenses-ante-intensa-jornada-de-vacunacion\\\/\"]}]},{\"@type\":\"ImageObject\",\"inLanguage\":\"es\",\"@id\":\"https:\\\/\\\/fuentesfidedignas.com.mx\\\/index.php\\\/2022\\\/04\\\/25\\\/responden-sinaloenses-ante-intensa-jornada-de-vacunacion\\\/#primaryimage\",\"url\":\"https:\\\/\\\/fuentesfidedignas.com.mx\\\/wp-content\\\/uploads\\\/2022\\\/04\\\/25-ABR-2022-BRIGADA-VACUNACION-GOBIERNO-1.jpeg\",\"contentUrl\":\"https:\\\/\\\/fuentesfidedignas.com.mx\\\/wp-content\\\/uploads\\\/2022\\\/04\\\/25-ABR-2022-BRIGADA-VACUNACION-GOBIERNO-1.jpeg\",\"width\":1280,\"height\":960},{\"@type\":\"BreadcrumbList\",\"@id\":\"https:\\\/\\\/fuentesfidedignas.com.mx\\\/index.php\\\/2022\\\/04\\\/25\\\/responden-sinaloenses-ante-intensa-jornada-de-vacunacion\\\/#breadcrumb\",\"itemListElement\":[{\"@type\":\"ListItem\",\"position\":1,\"name\":\"Inicio\",\"item\":\"https:\\\/\\\/fuentesfidedignas.com.mx\\\/\"},{\"@type\":\"ListItem\",\"position\":2,\"name\":\"Responden sinaloenses ante intensa jornada de vacunaci\u00f3n\"}]},{\"@type\":\"WebSite\",\"@id\":\"https:\\\/\\\/fuentesfidedignas.com.mx\\\/#website\",\"url\":\"https:\\\/\\\/fuentesfidedignas.com.mx\\\/\",\"name\":\"Fuentes Fidedignas\",\"description\":\"Otro sitio realizado con WordPress\",\"publisher\":{\"@id\":\"https:\\\/\\\/fuentesfidedignas.com.mx\\\/#organization\"},\"potentialAction\":[{\"@type\":\"SearchAction\",\"target\":{\"@type\":\"EntryPoint\",\"urlTemplate\":\"https:\\\/\\\/fuentesfidedignas.com.mx\\\/?s={search_term_string}\"},\"query-input\":{\"@type\":\"PropertyValueSpecification\",\"valueRequired\":true,\"valueName\":\"search_term_string\"}}],\"inLanguage\":\"es\"},{\"@type\":\"Organization\",\"@id\":\"https:\\\/\\\/fuentesfidedignas.com.mx\\\/#organization\",\"name\":\"Fuentes Fidedignas\",\"url\":\"https:\\\/\\\/fuentesfidedignas.com.mx\\\/\",\"logo\":{\"@type\":\"ImageObject\",\"inLanguage\":\"es\",\"@id\":\"https:\\\/\\\/fuentesfidedignas.com.mx\\\/#\\\/schema\\\/logo\\\/image\\\/\",\"url\":\"https:\\\/\\\/fuentesfidedignas.com.mx\\\/wp-content\\\/uploads\\\/2021\\\/04\\\/logo-retina.png\",\"contentUrl\":\"https:\\\/\\\/fuentesfidedignas.com.mx\\\/wp-content\\\/uploads\\\/2021\\\/04\\\/logo-retina.png\",\"width\":280,\"height\":51,\"caption\":\"Fuentes Fidedignas\"},\"image\":{\"@id\":\"https:\\\/\\\/fuentesfidedignas.com.mx\\\/#\\\/schema\\\/logo\\\/image\\\/\"},\"sameAs\":[\"https:\\\/\\\/www.facebook.com\\\/Fuentes-Fidedignas-368234489921644\",\"https:\\\/\\\/x.com\\\/fidedignas\"]},{\"@type\":\"Person\",\"@id\":\"https:\\\/\\\/fuentesfidedignas.com.mx\\\/#\\\/schema\\\/person\\\/331be9283d37198e2acd5750279085b0\",\"name\":\"Redacci\u00f3n\",\"image\":{\"@type\":\"ImageObject\",\"inLanguage\":\"es\",\"@id\":\"https:\\\/\\\/secure.gravatar.com\\\/avatar\\\/f6d8782c11d12b2d4ad3fbb6931aeab5309937a4d6cd2fc9cfaa28a6396a5aec?s=96&d=mm&r=g\",\"url\":\"https:\\\/\\\/secure.gravatar.com\\\/avatar\\\/f6d8782c11d12b2d4ad3fbb6931aeab5309937a4d6cd2fc9cfaa28a6396a5aec?s=96&d=mm&r=g\",\"contentUrl\":\"https:\\\/\\\/secure.gravatar.com\\\/avatar\\\/f6d8782c11d12b2d4ad3fbb6931aeab5309937a4d6cd2fc9cfaa28a6396a5aec?s=96&d=mm&r=g\",\"caption\":\"Redacci\u00f3n\"},\"url\":\"https:\\\/\\\/fuentesfidedignas.com.mx\\\/index.php\\\/author\\\/redaccion\\\/\"}]}<\/script>\n<!-- \/ Yoast SEO plugin. -->","yoast_head_json":{"title":"Responden sinaloenses ante intensa jornada de vacunaci\u00f3n - Fuentes Fidedignas","robots":{"index":"index","follow":"follow","max-snippet":"max-snippet:-1","max-image-preview":"max-image-preview:large","max-video-preview":"max-video-preview:-1"},"canonical":"https:\/\/fuentesfidedignas.com.mx\/index.php\/2022\/04\/25\/responden-sinaloenses-ante-intensa-jornada-de-vacunacion\/","og_locale":"es_MX","og_type":"article","og_title":"Responden sinaloenses ante intensa jornada de vacunaci\u00f3n - Fuentes Fidedignas","og_description":"A\u00f1adi\u00f3 que la meta es que no quede una sola vacuna sin aplicar al d\u00eda \u00faltimo de este mes Culiac\u00e1n, Sin.-&nbsp;Al recibir los Servicios de Salud de Sinaloa 63 mil dosis de vacunas AstraZeneca por parte de la federaci\u00f3n para proteger a la poblaci\u00f3n de Sinaloa contra el COVID-19, es que se dio inicio a [&hellip;]","og_url":"https:\/\/fuentesfidedignas.com.mx\/index.php\/2022\/04\/25\/responden-sinaloenses-ante-intensa-jornada-de-vacunacion\/","og_site_name":"Fuentes Fidedignas","article_publisher":"https:\/\/www.facebook.com\/Fuentes-Fidedignas-368234489921644","article_published_time":"2022-04-25T23:34:42+00:00","article_modified_time":"2022-04-25T23:40:29+00:00","og_image":[{"width":1280,"height":960,"url":"https:\/\/fuentesfidedignas.com.mx\/wp-content\/uploads\/2022\/04\/25-ABR-2022-BRIGADA-VACUNACION-GOBIERNO-1.jpeg","type":"image\/jpeg"}],"author":"Redacci\u00f3n","twitter_card":"summary_large_image","twitter_creator":"@fidedignas","twitter_site":"@fidedignas","twitter_misc":{"Escrito por":"Redacci\u00f3n","Tiempo de lectura":"4 minutos"},"schema":{"@context":"https:\/\/schema.org","@graph":[{"@type":"Article","@id":"https:\/\/fuentesfidedignas.com.mx\/index.php\/2022\/04\/25\/responden-sinaloenses-ante-intensa-jornada-de-vacunacion\/#article","isPartOf":{"@id":"https:\/\/fuentesfidedignas.com.mx\/index.php\/2022\/04\/25\/responden-sinaloenses-ante-intensa-jornada-de-vacunacion\/"},"author":{"name":"Redacci\u00f3n","@id":"https:\/\/fuentesfidedignas.com.mx\/#\/schema\/person\/331be9283d37198e2acd5750279085b0"},"headline":"Responden sinaloenses ante intensa jornada de vacunaci\u00f3n","datePublished":"2022-04-25T23:34:42+00:00","dateModified":"2022-04-25T23:40:29+00:00","mainEntityOfPage":{"@id":"https:\/\/fuentesfidedignas.com.mx\/index.php\/2022\/04\/25\/responden-sinaloenses-ante-intensa-jornada-de-vacunacion\/"},"wordCount":629,"commentCount":0,"publisher":{"@id":"https:\/\/fuentesfidedignas.com.mx\/#organization"},"image":{"@id":"https:\/\/fuentesfidedignas.com.mx\/index.php\/2022\/04\/25\/responden-sinaloenses-ante-intensa-jornada-de-vacunacion\/#primaryimage"},"thumbnailUrl":"https:\/\/fuentesfidedignas.com.mx\/wp-content\/uploads\/2022\/04\/25-ABR-2022-BRIGADA-VACUNACION-GOBIERNO-1.jpeg","keywords":["Coronavirus","Covid-19","H\u00e9ctor Melesio Cu\u00e9n Ojeda","SARS-CoV-2","Secretar\u00eda de Salud de Sinaloa","Vacuna anticovid"],"articleSection":["NOTICIAS LOCALES"],"inLanguage":"es","potentialAction":[{"@type":"CommentAction","name":"Comment","target":["https:\/\/fuentesfidedignas.com.mx\/index.php\/2022\/04\/25\/responden-sinaloenses-ante-intensa-jornada-de-vacunacion\/#respond"]}]},{"@type":"WebPage","@id":"https:\/\/fuentesfidedignas.com.mx\/index.php\/2022\/04\/25\/responden-sinaloenses-ante-intensa-jornada-de-vacunacion\/","url":"https:\/\/fuentesfidedignas.com.mx\/index.php\/2022\/04\/25\/responden-sinaloenses-ante-intensa-jornada-de-vacunacion\/","name":"Responden sinaloenses ante intensa jornada de vacunaci\u00f3n - Fuentes Fidedignas","isPartOf":{"@id":"https:\/\/fuentesfidedignas.com.mx\/#website"},"primaryImageOfPage":{"@id":"https:\/\/fuentesfidedignas.com.mx\/index.php\/2022\/04\/25\/responden-sinaloenses-ante-intensa-jornada-de-vacunacion\/#primaryimage"},"image":{"@id":"https:\/\/fuentesfidedignas.com.mx\/index.php\/2022\/04\/25\/responden-sinaloenses-ante-intensa-jornada-de-vacunacion\/#primaryimage"},"thumbnailUrl":"https:\/\/fuentesfidedignas.com.mx\/wp-content\/uploads\/2022\/04\/25-ABR-2022-BRIGADA-VACUNACION-GOBIERNO-1.jpeg","datePublished":"2022-04-25T23:34:42+00:00","dateModified":"2022-04-25T23:40:29+00:00","breadcrumb":{"@id":"https:\/\/fuentesfidedignas.com.mx\/index.php\/2022\/04\/25\/responden-sinaloenses-ante-intensa-jornada-de-vacunacion\/#breadcrumb"},"inLanguage":"es","potentialAction":[{"@type":"ReadAction","target":["https:\/\/fuentesfidedignas.com.mx\/index.php\/2022\/04\/25\/responden-sinaloenses-ante-intensa-jornada-de-vacunacion\/"]}]},{"@type":"ImageObject","inLanguage":"es","@id":"https:\/\/fuentesfidedignas.com.mx\/index.php\/2022\/04\/25\/responden-sinaloenses-ante-intensa-jornada-de-vacunacion\/#primaryimage","url":"https:\/\/fuentesfidedignas.com.mx\/wp-content\/uploads\/2022\/04\/25-ABR-2022-BRIGADA-VACUNACION-GOBIERNO-1.jpeg","contentUrl":"https:\/\/fuentesfidedignas.com.mx\/wp-content\/uploads\/2022\/04\/25-ABR-2022-BRIGADA-VACUNACION-GOBIERNO-1.jpeg","width":1280,"height":960},{"@type":"BreadcrumbList","@id":"https:\/\/fuentesfidedignas.com.mx\/index.php\/2022\/04\/25\/responden-sinaloenses-ante-intensa-jornada-de-vacunacion\/#breadcrumb","itemListElement":[{"@type":"ListItem","position":1,"name":"Inicio","item":"https:\/\/fuentesfidedignas.com.mx\/"},{"@type":"ListItem","position":2,"name":"Responden sinaloenses ante intensa jornada de vacunaci\u00f3n"}]},{"@type":"WebSite","@id":"https:\/\/fuentesfidedignas.com.mx\/#website","url":"https:\/\/fuentesfidedignas.com.mx\/","name":"Fuentes Fidedignas","description":"Otro sitio realizado con WordPress","publisher":{"@id":"https:\/\/fuentesfidedignas.com.mx\/#organization"},"potentialAction":[{"@type":"SearchAction","target":{"@type":"EntryPoint","urlTemplate":"https:\/\/fuentesfidedignas.com.mx\/?s={search_term_string}"},"query-input":{"@type":"PropertyValueSpecification","valueRequired":true,"valueName":"search_term_string"}}],"inLanguage":"es"},{"@type":"Organization","@id":"https:\/\/fuentesfidedignas.com.mx\/#organization","name":"Fuentes Fidedignas","url":"https:\/\/fuentesfidedignas.com.mx\/","logo":{"@type":"ImageObject","inLanguage":"es","@id":"https:\/\/fuentesfidedignas.com.mx\/#\/schema\/logo\/image\/","url":"https:\/\/fuentesfidedignas.com.mx\/wp-content\/uploads\/2021\/04\/logo-retina.png","contentUrl":"https:\/\/fuentesfidedignas.com.mx\/wp-content\/uploads\/2021\/04\/logo-retina.png","width":280,"height":51,"caption":"Fuentes Fidedignas"},"image":{"@id":"https:\/\/fuentesfidedignas.com.mx\/#\/schema\/logo\/image\/"},"sameAs":["https:\/\/www.facebook.com\/Fuentes-Fidedignas-368234489921644","https:\/\/x.com\/fidedignas"]},{"@type":"Person","@id":"https:\/\/fuentesfidedignas.com.mx\/#\/schema\/person\/331be9283d37198e2acd5750279085b0","name":"Redacci\u00f3n","image":{"@type":"ImageObject","inLanguage":"es","@id":"https:\/\/secure.gravatar.com\/avatar\/f6d8782c11d12b2d4ad3fbb6931aeab5309937a4d6cd2fc9cfaa28a6396a5aec?s=96&d=mm&r=g","url":"https:\/\/secure.gravatar.com\/avatar\/f6d8782c11d12b2d4ad3fbb6931aeab5309937a4d6cd2fc9cfaa28a6396a5aec?s=96&d=mm&r=g","contentUrl":"https:\/\/secure.gravatar.com\/avatar\/f6d8782c11d12b2d4ad3fbb6931aeab5309937a4d6cd2fc9cfaa28a6396a5aec?s=96&d=mm&r=g","caption":"Redacci\u00f3n"},"url":"https:\/\/fuentesfidedignas.com.mx\/index.php\/author\/redaccion\/"}]}},"_links":{"self":[{"href":"https:\/\/fuentesfidedignas.com.mx\/index.php\/wp-json\/wp\/v2\/posts\/29162","targetHints":{"allow":["GET"]}}],"collection":[{"href":"https:\/\/fuentesfidedignas.com.mx\/index.php\/wp-json\/wp\/v2\/posts"}],"about":[{"href":"https:\/\/fuentesfidedignas.com.mx\/index.php\/wp-json\/wp\/v2\/types\/post"}],"author":[{"embeddable":true,"href":"https:\/\/fuentesfidedignas.com.mx\/index.php\/wp-json\/wp\/v2\/users\/4"}],"replies":[{"embeddable":true,"href":"https:\/\/fuentesfidedignas.com.mx\/index.php\/wp-json\/wp\/v2\/comments?post=29162"}],"version-history":[{"count":7,"href":"https:\/\/fuentesfidedignas.com.mx\/index.php\/wp-json\/wp\/v2\/posts\/29162\/revisions"}],"predecessor-version":[{"id":29172,"href":"https:\/\/fuentesfidedignas.com.mx\/index.php\/wp-json\/wp\/v2\/posts\/29162\/revisions\/29172"}],"wp:featuredmedia":[{"embeddable":true,"href":"https:\/\/fuentesfidedignas.com.mx\/index.php\/wp-json\/wp\/v2\/media\/29165"}],"wp:attachment":[{"href":"https:\/\/fuentesfidedignas.com.mx\/index.php\/wp-json\/wp\/v2\/media?parent=29162"}],"wp:term":[{"taxonomy":"category","embeddable":true,"href":"https:\/\/fuentesfidedignas.com.mx\/index.php\/wp-json\/wp\/v2\/categories?post=29162"},{"taxonomy":"post_tag","embeddable":true,"href":"https:\/\/fuentesfidedignas.com.mx\/index.php\/wp-json\/wp\/v2\/tags?post=29162"}],"curies":[{"name":"wp","href":"https:\/\/api.w.org\/{rel}","templated":true}]}}