{"id":29100,"date":"2022-04-25T10:40:11","date_gmt":"2022-04-25T17:40:11","guid":{"rendered":"https:\/\/fuentesfidedignas.com.mx\/?p=29100"},"modified":"2022-04-25T13:33:41","modified_gmt":"2022-04-25T20:33:41","slug":"ni-un-nino-mas-descalzo-en-ahome-gerardo-vargas-landeros","status":"publish","type":"post","link":"https:\/\/fuentesfidedignas.com.mx\/index.php\/2022\/04\/25\/ni-un-nino-mas-descalzo-en-ahome-gerardo-vargas-landeros\/","title":{"rendered":"\u201cNi un ni\u00f1o m\u00e1s descalzo en Ahome\u201d: Gerardo Vargas Landeros"},"content":{"rendered":"\n<p><strong><em>Ahome est\u00e1 en camino de ser un municipio con mejor calidad de vida, por lo que se debe iniciar con ni\u00f1a con ni\u00f1as, ni\u00f1os y adolescentes\u2026<\/em><\/strong><\/p>\n\n\n\n<p>Cohuibampo, Ahome, Sin.- Con el objetivo de brindar calzado digno a los ni\u00f1os de edad preescolar del municipio de Ahome, el Gobierno Municipal puso en operaci\u00f3n el programa \u201cNi Un Ni\u00f1o M\u00e1s Descalzo\u201d.<\/p>\n\n\n\n<p>En el Jard\u00edn de Ni\u00f1os Guadalupe Victoria del ejido Cohuibampo, perteneciente a la sindicatura Heriberto Valdez Romero, se llev\u00f3 a cabo el evento, donde el alcalde de Ahome estuvo acompa\u00f1ado de su esposa la se\u00f1ora M\u00f3nica Torres de Vargas, Presidenta del Sistema DIF Ahome, as\u00ed como algunos regidores y funcionarios municipales.<\/p>\n\n\n\n<p>Ah\u00ed, Gerardo Vargas detall\u00f3 que el Ayuntamiento de Ahome inicia dicho programa con 11 mil 500 pares de calzado, adem\u00e1s de que el DIF Municipal se suma con 4 mil 200 pares m\u00e1s en su primera etapa.<\/p>\n\n\n\n<p>Explic\u00f3 que existen estudios cient\u00edficos en los cuales se se\u00f1ala que los ni\u00f1os que se encuentran en la etapa donde comienzan a caminar y entrar a la escuela, y no tienen un par de zapatos se apartan de los dem\u00e1s, lo que crea un conflicto psicol\u00f3gico y en la mayor\u00eda de los casos con un da\u00f1o emocional.<\/p>\n\n\n\n<p>\u201cFue por eso que cuando me lo platican en campa\u00f1a, ah\u00ed hicimos un compromiso de hacer realidad que en Ahome ni un ni\u00f1o m\u00e1s descalzo, y el d\u00eda de hoy, como bien lo dijo Ana Mar\u00eda tambi\u00e9n, es un momento propicio para poder iniciar, no queremos que ninguno de los ni\u00f1os, en esa etapa de que inician a caminar y entran a la escuela, anden con un conflicto m\u00e1s\u201d, expres\u00f3 el presidente municipal de Ahome.<\/p>\n\n\n\n<p>Inform\u00f3 que el Gobierno del Estado tiene la obligaci\u00f3n de darle zapatos, uniformes y \u00fatiles a los alumnos a partir de que entran a la primaria, por lo que el Gobierno Municipal lo que busca es proteger a los ni\u00f1os antes de esa etapa, donde pidi\u00f3 se incluya a SIPINNA, que son los encargados de vigilar los temas de las ni\u00f1as, ni\u00f1os y adolescentes.<\/p>\n\n\n\n<p>Agreg\u00f3 que Ahome va en camino de ser un municipio con mejor calidad de vida, por lo que se tiene que empezar por las ni\u00f1as, los ni\u00f1os y adolescentes, donde \u00e9l est\u00e1 rescatando la palabra empe\u00f1ada en campa\u00f1a y con estas acciones se nota.<\/p>\n\n\n\n<p>Por su parte, el regidor Pedro Ceballos Rend\u00f3n, padrino de \u201cNi Un Ni\u00f1o M\u00e1s Descalzo\u201d, record\u00f3 que fue durante campa\u00f1a cuando se habl\u00f3 de este proyecto que hoy es una realidad, destacando que se otorgar\u00e1 calzado a los ni\u00f1os que lo necesiten.<\/p>\n\n\n\n<p>Ana Mar\u00eda Boj\u00f3rquez \u00c1lvarez, Directora de Bienestar Social, mencion\u00f3 que se busca que todos los ni\u00f1os del municipio de Ahome tengan calzado, adem\u00e1s de atender otras de sus necesidades.<\/p>\n\n\n\n<p>Rosario Armenta Ayala, Sindico de Heriberto Valdez Romero (El Guayabo), en su mensaje dijo estar agradecido con el Presidente Gerardo Vargas Landeros por llevar este tipo de programas a quienes menos tienen.<\/p>\n\n\n\n<p>Alejandra Valdez Villegas, Presidenta del Consejo Escolar de Participaci\u00f3n Social del Jard\u00edn de Ni\u00f1os Guadalupe Victoria, y madre de uno de los alumnos beneficiados, a nombre de todos los padres de familia, agradeci\u00f3 a las autoridades que hacen posible estos programas, en este caso \u201cNi Un Ni\u00f1o M\u00e1s Descalzo\u201d.<\/p>\n","protected":false},"excerpt":{"rendered":"<p>Ahome est\u00e1 en camino de ser un municipio con mejor calidad de vida, por lo que se debe iniciar con ni\u00f1a con ni\u00f1as, ni\u00f1os y adolescentes\u2026 Cohuibampo, Ahome, Sin.- Con el objetivo de brindar calzado digno a los ni\u00f1os de edad preescolar del municipio de Ahome, el Gobierno Municipal puso en operaci\u00f3n el programa \u201cNi [&hellip;]<\/p>\n","protected":false},"author":4,"featured_media":29101,"comment_status":"open","ping_status":"open","sticky":false,"template":"","format":"standard","meta":{"tdm_status":"","tdm_grid_status":"","footnotes":""},"categories":[38],"tags":[278,1715,1654],"class_list":{"0":"post-29100","1":"post","2":"type-post","3":"status-publish","4":"format-standard","5":"has-post-thumbnail","7":"category-noticias-locales","8":"tag-ahome","9":"tag-ayuntamiento-de-ahome","10":"tag-gerardo-vargas-landeros"},"yoast_head":"<!-- This site is optimized with the Yoast SEO plugin v27.5 - https:\/\/yoast.com\/product\/yoast-seo-wordpress\/ -->\n<title>\u201cNi un ni\u00f1o m\u00e1s descalzo en Ahome\u201d: Gerardo Vargas Landeros - Fuentes Fidedignas<\/title>\n<meta name=\"robots\" content=\"index, follow, max-snippet:-1, max-image-preview:large, max-video-preview:-1\" \/>\n<link rel=\"canonical\" href=\"https:\/\/fuentesfidedignas.com.mx\/index.php\/2022\/04\/25\/ni-un-nino-mas-descalzo-en-ahome-gerardo-vargas-landeros\/\" \/>\n<meta property=\"og:locale\" content=\"es_MX\" \/>\n<meta property=\"og:type\" content=\"article\" \/>\n<meta property=\"og:title\" content=\"\u201cNi un ni\u00f1o m\u00e1s descalzo en Ahome\u201d: Gerardo Vargas Landeros - Fuentes Fidedignas\" \/>\n<meta property=\"og:description\" content=\"Ahome est\u00e1 en camino de ser un municipio con mejor calidad de vida, por lo que se debe iniciar con ni\u00f1a con ni\u00f1as, ni\u00f1os y adolescentes\u2026 Cohuibampo, Ahome, Sin.- Con el objetivo de brindar calzado digno a los ni\u00f1os de edad preescolar del municipio de Ahome, el Gobierno Municipal puso en operaci\u00f3n el programa \u201cNi [&hellip;]\" \/>\n<meta property=\"og:url\" content=\"https:\/\/fuentesfidedignas.com.mx\/index.php\/2022\/04\/25\/ni-un-nino-mas-descalzo-en-ahome-gerardo-vargas-landeros\/\" \/>\n<meta property=\"og:site_name\" content=\"Fuentes Fidedignas\" \/>\n<meta property=\"article:publisher\" content=\"https:\/\/www.facebook.com\/Fuentes-Fidedignas-368234489921644\" \/>\n<meta property=\"article:published_time\" content=\"2022-04-25T17:40:11+00:00\" \/>\n<meta property=\"article:modified_time\" content=\"2022-04-25T20:33:41+00:00\" \/>\n<meta property=\"og:image\" content=\"https:\/\/fuentesfidedignas.com.mx\/wp-content\/uploads\/2022\/04\/WhatsApp-Image-2022-04-25-at-11.37.20-AM.jpeg\" \/>\n\t<meta property=\"og:image:width\" content=\"1212\" \/>\n\t<meta property=\"og:image:height\" content=\"853\" \/>\n\t<meta property=\"og:image:type\" content=\"image\/jpeg\" \/>\n<meta name=\"author\" content=\"Redacci\u00f3n\" \/>\n<meta name=\"twitter:card\" content=\"summary_large_image\" \/>\n<meta name=\"twitter:creator\" content=\"@fidedignas\" \/>\n<meta name=\"twitter:site\" content=\"@fidedignas\" \/>\n<meta name=\"twitter:label1\" content=\"Escrito por\" \/>\n\t<meta name=\"twitter:data1\" content=\"Redacci\u00f3n\" \/>\n\t<meta name=\"twitter:label2\" content=\"Tiempo de lectura\" \/>\n\t<meta name=\"twitter:data2\" content=\"3 minutos\" \/>\n<script type=\"application\/ld+json\" class=\"yoast-schema-graph\">{\"@context\":\"https:\\\/\\\/schema.org\",\"@graph\":[{\"@type\":\"Article\",\"@id\":\"https:\\\/\\\/fuentesfidedignas.com.mx\\\/index.php\\\/2022\\\/04\\\/25\\\/ni-un-nino-mas-descalzo-en-ahome-gerardo-vargas-landeros\\\/#article\",\"isPartOf\":{\"@id\":\"https:\\\/\\\/fuentesfidedignas.com.mx\\\/index.php\\\/2022\\\/04\\\/25\\\/ni-un-nino-mas-descalzo-en-ahome-gerardo-vargas-landeros\\\/\"},\"author\":{\"name\":\"Redacci\u00f3n\",\"@id\":\"https:\\\/\\\/fuentesfidedignas.com.mx\\\/#\\\/schema\\\/person\\\/331be9283d37198e2acd5750279085b0\"},\"headline\":\"\u201cNi un ni\u00f1o m\u00e1s descalzo en Ahome\u201d: Gerardo Vargas Landeros\",\"datePublished\":\"2022-04-25T17:40:11+00:00\",\"dateModified\":\"2022-04-25T20:33:41+00:00\",\"mainEntityOfPage\":{\"@id\":\"https:\\\/\\\/fuentesfidedignas.com.mx\\\/index.php\\\/2022\\\/04\\\/25\\\/ni-un-nino-mas-descalzo-en-ahome-gerardo-vargas-landeros\\\/\"},\"wordCount\":599,\"commentCount\":0,\"publisher\":{\"@id\":\"https:\\\/\\\/fuentesfidedignas.com.mx\\\/#organization\"},\"image\":{\"@id\":\"https:\\\/\\\/fuentesfidedignas.com.mx\\\/index.php\\\/2022\\\/04\\\/25\\\/ni-un-nino-mas-descalzo-en-ahome-gerardo-vargas-landeros\\\/#primaryimage\"},\"thumbnailUrl\":\"https:\\\/\\\/fuentesfidedignas.com.mx\\\/wp-content\\\/uploads\\\/2022\\\/04\\\/WhatsApp-Image-2022-04-25-at-11.37.20-AM.jpeg\",\"keywords\":[\"Ahome\",\"Ayuntamiento de Ahome\",\"Gerardo Vargas Landeros\"],\"articleSection\":[\"NOTICIAS LOCALES\"],\"inLanguage\":\"es\",\"potentialAction\":[{\"@type\":\"CommentAction\",\"name\":\"Comment\",\"target\":[\"https:\\\/\\\/fuentesfidedignas.com.mx\\\/index.php\\\/2022\\\/04\\\/25\\\/ni-un-nino-mas-descalzo-en-ahome-gerardo-vargas-landeros\\\/#respond\"]}]},{\"@type\":\"WebPage\",\"@id\":\"https:\\\/\\\/fuentesfidedignas.com.mx\\\/index.php\\\/2022\\\/04\\\/25\\\/ni-un-nino-mas-descalzo-en-ahome-gerardo-vargas-landeros\\\/\",\"url\":\"https:\\\/\\\/fuentesfidedignas.com.mx\\\/index.php\\\/2022\\\/04\\\/25\\\/ni-un-nino-mas-descalzo-en-ahome-gerardo-vargas-landeros\\\/\",\"name\":\"\u201cNi un ni\u00f1o m\u00e1s descalzo en Ahome\u201d: Gerardo Vargas Landeros - Fuentes Fidedignas\",\"isPartOf\":{\"@id\":\"https:\\\/\\\/fuentesfidedignas.com.mx\\\/#website\"},\"primaryImageOfPage\":{\"@id\":\"https:\\\/\\\/fuentesfidedignas.com.mx\\\/index.php\\\/2022\\\/04\\\/25\\\/ni-un-nino-mas-descalzo-en-ahome-gerardo-vargas-landeros\\\/#primaryimage\"},\"image\":{\"@id\":\"https:\\\/\\\/fuentesfidedignas.com.mx\\\/index.php\\\/2022\\\/04\\\/25\\\/ni-un-nino-mas-descalzo-en-ahome-gerardo-vargas-landeros\\\/#primaryimage\"},\"thumbnailUrl\":\"https:\\\/\\\/fuentesfidedignas.com.mx\\\/wp-content\\\/uploads\\\/2022\\\/04\\\/WhatsApp-Image-2022-04-25-at-11.37.20-AM.jpeg\",\"datePublished\":\"2022-04-25T17:40:11+00:00\",\"dateModified\":\"2022-04-25T20:33:41+00:00\",\"breadcrumb\":{\"@id\":\"https:\\\/\\\/fuentesfidedignas.com.mx\\\/index.php\\\/2022\\\/04\\\/25\\\/ni-un-nino-mas-descalzo-en-ahome-gerardo-vargas-landeros\\\/#breadcrumb\"},\"inLanguage\":\"es\",\"potentialAction\":[{\"@type\":\"ReadAction\",\"target\":[\"https:\\\/\\\/fuentesfidedignas.com.mx\\\/index.php\\\/2022\\\/04\\\/25\\\/ni-un-nino-mas-descalzo-en-ahome-gerardo-vargas-landeros\\\/\"]}]},{\"@type\":\"ImageObject\",\"inLanguage\":\"es\",\"@id\":\"https:\\\/\\\/fuentesfidedignas.com.mx\\\/index.php\\\/2022\\\/04\\\/25\\\/ni-un-nino-mas-descalzo-en-ahome-gerardo-vargas-landeros\\\/#primaryimage\",\"url\":\"https:\\\/\\\/fuentesfidedignas.com.mx\\\/wp-content\\\/uploads\\\/2022\\\/04\\\/WhatsApp-Image-2022-04-25-at-11.37.20-AM.jpeg\",\"contentUrl\":\"https:\\\/\\\/fuentesfidedignas.com.mx\\\/wp-content\\\/uploads\\\/2022\\\/04\\\/WhatsApp-Image-2022-04-25-at-11.37.20-AM.jpeg\",\"width\":1212,\"height\":853},{\"@type\":\"BreadcrumbList\",\"@id\":\"https:\\\/\\\/fuentesfidedignas.com.mx\\\/index.php\\\/2022\\\/04\\\/25\\\/ni-un-nino-mas-descalzo-en-ahome-gerardo-vargas-landeros\\\/#breadcrumb\",\"itemListElement\":[{\"@type\":\"ListItem\",\"position\":1,\"name\":\"Inicio\",\"item\":\"https:\\\/\\\/fuentesfidedignas.com.mx\\\/\"},{\"@type\":\"ListItem\",\"position\":2,\"name\":\"\u201cNi un ni\u00f1o m\u00e1s descalzo en Ahome\u201d: Gerardo Vargas Landeros\"}]},{\"@type\":\"WebSite\",\"@id\":\"https:\\\/\\\/fuentesfidedignas.com.mx\\\/#website\",\"url\":\"https:\\\/\\\/fuentesfidedignas.com.mx\\\/\",\"name\":\"Fuentes Fidedignas\",\"description\":\"Otro sitio realizado con WordPress\",\"publisher\":{\"@id\":\"https:\\\/\\\/fuentesfidedignas.com.mx\\\/#organization\"},\"potentialAction\":[{\"@type\":\"SearchAction\",\"target\":{\"@type\":\"EntryPoint\",\"urlTemplate\":\"https:\\\/\\\/fuentesfidedignas.com.mx\\\/?s={search_term_string}\"},\"query-input\":{\"@type\":\"PropertyValueSpecification\",\"valueRequired\":true,\"valueName\":\"search_term_string\"}}],\"inLanguage\":\"es\"},{\"@type\":\"Organization\",\"@id\":\"https:\\\/\\\/fuentesfidedignas.com.mx\\\/#organization\",\"name\":\"Fuentes Fidedignas\",\"url\":\"https:\\\/\\\/fuentesfidedignas.com.mx\\\/\",\"logo\":{\"@type\":\"ImageObject\",\"inLanguage\":\"es\",\"@id\":\"https:\\\/\\\/fuentesfidedignas.com.mx\\\/#\\\/schema\\\/logo\\\/image\\\/\",\"url\":\"https:\\\/\\\/fuentesfidedignas.com.mx\\\/wp-content\\\/uploads\\\/2021\\\/04\\\/logo-retina.png\",\"contentUrl\":\"https:\\\/\\\/fuentesfidedignas.com.mx\\\/wp-content\\\/uploads\\\/2021\\\/04\\\/logo-retina.png\",\"width\":280,\"height\":51,\"caption\":\"Fuentes Fidedignas\"},\"image\":{\"@id\":\"https:\\\/\\\/fuentesfidedignas.com.mx\\\/#\\\/schema\\\/logo\\\/image\\\/\"},\"sameAs\":[\"https:\\\/\\\/www.facebook.com\\\/Fuentes-Fidedignas-368234489921644\",\"https:\\\/\\\/x.com\\\/fidedignas\"]},{\"@type\":\"Person\",\"@id\":\"https:\\\/\\\/fuentesfidedignas.com.mx\\\/#\\\/schema\\\/person\\\/331be9283d37198e2acd5750279085b0\",\"name\":\"Redacci\u00f3n\",\"image\":{\"@type\":\"ImageObject\",\"inLanguage\":\"es\",\"@id\":\"https:\\\/\\\/secure.gravatar.com\\\/avatar\\\/f6d8782c11d12b2d4ad3fbb6931aeab5309937a4d6cd2fc9cfaa28a6396a5aec?s=96&d=mm&r=g\",\"url\":\"https:\\\/\\\/secure.gravatar.com\\\/avatar\\\/f6d8782c11d12b2d4ad3fbb6931aeab5309937a4d6cd2fc9cfaa28a6396a5aec?s=96&d=mm&r=g\",\"contentUrl\":\"https:\\\/\\\/secure.gravatar.com\\\/avatar\\\/f6d8782c11d12b2d4ad3fbb6931aeab5309937a4d6cd2fc9cfaa28a6396a5aec?s=96&d=mm&r=g\",\"caption\":\"Redacci\u00f3n\"},\"url\":\"https:\\\/\\\/fuentesfidedignas.com.mx\\\/index.php\\\/author\\\/redaccion\\\/\"}]}<\/script>\n<!-- \/ Yoast SEO plugin. -->","yoast_head_json":{"title":"\u201cNi un ni\u00f1o m\u00e1s descalzo en Ahome\u201d: Gerardo Vargas Landeros - Fuentes Fidedignas","robots":{"index":"index","follow":"follow","max-snippet":"max-snippet:-1","max-image-preview":"max-image-preview:large","max-video-preview":"max-video-preview:-1"},"canonical":"https:\/\/fuentesfidedignas.com.mx\/index.php\/2022\/04\/25\/ni-un-nino-mas-descalzo-en-ahome-gerardo-vargas-landeros\/","og_locale":"es_MX","og_type":"article","og_title":"\u201cNi un ni\u00f1o m\u00e1s descalzo en Ahome\u201d: Gerardo Vargas Landeros - Fuentes Fidedignas","og_description":"Ahome est\u00e1 en camino de ser un municipio con mejor calidad de vida, por lo que se debe iniciar con ni\u00f1a con ni\u00f1as, ni\u00f1os y adolescentes\u2026 Cohuibampo, Ahome, Sin.- Con el objetivo de brindar calzado digno a los ni\u00f1os de edad preescolar del municipio de Ahome, el Gobierno Municipal puso en operaci\u00f3n el programa \u201cNi [&hellip;]","og_url":"https:\/\/fuentesfidedignas.com.mx\/index.php\/2022\/04\/25\/ni-un-nino-mas-descalzo-en-ahome-gerardo-vargas-landeros\/","og_site_name":"Fuentes Fidedignas","article_publisher":"https:\/\/www.facebook.com\/Fuentes-Fidedignas-368234489921644","article_published_time":"2022-04-25T17:40:11+00:00","article_modified_time":"2022-04-25T20:33:41+00:00","og_image":[{"width":1212,"height":853,"url":"https:\/\/fuentesfidedignas.com.mx\/wp-content\/uploads\/2022\/04\/WhatsApp-Image-2022-04-25-at-11.37.20-AM.jpeg","type":"image\/jpeg"}],"author":"Redacci\u00f3n","twitter_card":"summary_large_image","twitter_creator":"@fidedignas","twitter_site":"@fidedignas","twitter_misc":{"Escrito por":"Redacci\u00f3n","Tiempo de lectura":"3 minutos"},"schema":{"@context":"https:\/\/schema.org","@graph":[{"@type":"Article","@id":"https:\/\/fuentesfidedignas.com.mx\/index.php\/2022\/04\/25\/ni-un-nino-mas-descalzo-en-ahome-gerardo-vargas-landeros\/#article","isPartOf":{"@id":"https:\/\/fuentesfidedignas.com.mx\/index.php\/2022\/04\/25\/ni-un-nino-mas-descalzo-en-ahome-gerardo-vargas-landeros\/"},"author":{"name":"Redacci\u00f3n","@id":"https:\/\/fuentesfidedignas.com.mx\/#\/schema\/person\/331be9283d37198e2acd5750279085b0"},"headline":"\u201cNi un ni\u00f1o m\u00e1s descalzo en Ahome\u201d: Gerardo Vargas Landeros","datePublished":"2022-04-25T17:40:11+00:00","dateModified":"2022-04-25T20:33:41+00:00","mainEntityOfPage":{"@id":"https:\/\/fuentesfidedignas.com.mx\/index.php\/2022\/04\/25\/ni-un-nino-mas-descalzo-en-ahome-gerardo-vargas-landeros\/"},"wordCount":599,"commentCount":0,"publisher":{"@id":"https:\/\/fuentesfidedignas.com.mx\/#organization"},"image":{"@id":"https:\/\/fuentesfidedignas.com.mx\/index.php\/2022\/04\/25\/ni-un-nino-mas-descalzo-en-ahome-gerardo-vargas-landeros\/#primaryimage"},"thumbnailUrl":"https:\/\/fuentesfidedignas.com.mx\/wp-content\/uploads\/2022\/04\/WhatsApp-Image-2022-04-25-at-11.37.20-AM.jpeg","keywords":["Ahome","Ayuntamiento de Ahome","Gerardo Vargas Landeros"],"articleSection":["NOTICIAS LOCALES"],"inLanguage":"es","potentialAction":[{"@type":"CommentAction","name":"Comment","target":["https:\/\/fuentesfidedignas.com.mx\/index.php\/2022\/04\/25\/ni-un-nino-mas-descalzo-en-ahome-gerardo-vargas-landeros\/#respond"]}]},{"@type":"WebPage","@id":"https:\/\/fuentesfidedignas.com.mx\/index.php\/2022\/04\/25\/ni-un-nino-mas-descalzo-en-ahome-gerardo-vargas-landeros\/","url":"https:\/\/fuentesfidedignas.com.mx\/index.php\/2022\/04\/25\/ni-un-nino-mas-descalzo-en-ahome-gerardo-vargas-landeros\/","name":"\u201cNi un ni\u00f1o m\u00e1s descalzo en Ahome\u201d: Gerardo Vargas Landeros - Fuentes Fidedignas","isPartOf":{"@id":"https:\/\/fuentesfidedignas.com.mx\/#website"},"primaryImageOfPage":{"@id":"https:\/\/fuentesfidedignas.com.mx\/index.php\/2022\/04\/25\/ni-un-nino-mas-descalzo-en-ahome-gerardo-vargas-landeros\/#primaryimage"},"image":{"@id":"https:\/\/fuentesfidedignas.com.mx\/index.php\/2022\/04\/25\/ni-un-nino-mas-descalzo-en-ahome-gerardo-vargas-landeros\/#primaryimage"},"thumbnailUrl":"https:\/\/fuentesfidedignas.com.mx\/wp-content\/uploads\/2022\/04\/WhatsApp-Image-2022-04-25-at-11.37.20-AM.jpeg","datePublished":"2022-04-25T17:40:11+00:00","dateModified":"2022-04-25T20:33:41+00:00","breadcrumb":{"@id":"https:\/\/fuentesfidedignas.com.mx\/index.php\/2022\/04\/25\/ni-un-nino-mas-descalzo-en-ahome-gerardo-vargas-landeros\/#breadcrumb"},"inLanguage":"es","potentialAction":[{"@type":"ReadAction","target":["https:\/\/fuentesfidedignas.com.mx\/index.php\/2022\/04\/25\/ni-un-nino-mas-descalzo-en-ahome-gerardo-vargas-landeros\/"]}]},{"@type":"ImageObject","inLanguage":"es","@id":"https:\/\/fuentesfidedignas.com.mx\/index.php\/2022\/04\/25\/ni-un-nino-mas-descalzo-en-ahome-gerardo-vargas-landeros\/#primaryimage","url":"https:\/\/fuentesfidedignas.com.mx\/wp-content\/uploads\/2022\/04\/WhatsApp-Image-2022-04-25-at-11.37.20-AM.jpeg","contentUrl":"https:\/\/fuentesfidedignas.com.mx\/wp-content\/uploads\/2022\/04\/WhatsApp-Image-2022-04-25-at-11.37.20-AM.jpeg","width":1212,"height":853},{"@type":"BreadcrumbList","@id":"https:\/\/fuentesfidedignas.com.mx\/index.php\/2022\/04\/25\/ni-un-nino-mas-descalzo-en-ahome-gerardo-vargas-landeros\/#breadcrumb","itemListElement":[{"@type":"ListItem","position":1,"name":"Inicio","item":"https:\/\/fuentesfidedignas.com.mx\/"},{"@type":"ListItem","position":2,"name":"\u201cNi un ni\u00f1o m\u00e1s descalzo en Ahome\u201d: Gerardo Vargas Landeros"}]},{"@type":"WebSite","@id":"https:\/\/fuentesfidedignas.com.mx\/#website","url":"https:\/\/fuentesfidedignas.com.mx\/","name":"Fuentes Fidedignas","description":"Otro sitio realizado con WordPress","publisher":{"@id":"https:\/\/fuentesfidedignas.com.mx\/#organization"},"potentialAction":[{"@type":"SearchAction","target":{"@type":"EntryPoint","urlTemplate":"https:\/\/fuentesfidedignas.com.mx\/?s={search_term_string}"},"query-input":{"@type":"PropertyValueSpecification","valueRequired":true,"valueName":"search_term_string"}}],"inLanguage":"es"},{"@type":"Organization","@id":"https:\/\/fuentesfidedignas.com.mx\/#organization","name":"Fuentes Fidedignas","url":"https:\/\/fuentesfidedignas.com.mx\/","logo":{"@type":"ImageObject","inLanguage":"es","@id":"https:\/\/fuentesfidedignas.com.mx\/#\/schema\/logo\/image\/","url":"https:\/\/fuentesfidedignas.com.mx\/wp-content\/uploads\/2021\/04\/logo-retina.png","contentUrl":"https:\/\/fuentesfidedignas.com.mx\/wp-content\/uploads\/2021\/04\/logo-retina.png","width":280,"height":51,"caption":"Fuentes Fidedignas"},"image":{"@id":"https:\/\/fuentesfidedignas.com.mx\/#\/schema\/logo\/image\/"},"sameAs":["https:\/\/www.facebook.com\/Fuentes-Fidedignas-368234489921644","https:\/\/x.com\/fidedignas"]},{"@type":"Person","@id":"https:\/\/fuentesfidedignas.com.mx\/#\/schema\/person\/331be9283d37198e2acd5750279085b0","name":"Redacci\u00f3n","image":{"@type":"ImageObject","inLanguage":"es","@id":"https:\/\/secure.gravatar.com\/avatar\/f6d8782c11d12b2d4ad3fbb6931aeab5309937a4d6cd2fc9cfaa28a6396a5aec?s=96&d=mm&r=g","url":"https:\/\/secure.gravatar.com\/avatar\/f6d8782c11d12b2d4ad3fbb6931aeab5309937a4d6cd2fc9cfaa28a6396a5aec?s=96&d=mm&r=g","contentUrl":"https:\/\/secure.gravatar.com\/avatar\/f6d8782c11d12b2d4ad3fbb6931aeab5309937a4d6cd2fc9cfaa28a6396a5aec?s=96&d=mm&r=g","caption":"Redacci\u00f3n"},"url":"https:\/\/fuentesfidedignas.com.mx\/index.php\/author\/redaccion\/"}]}},"_links":{"self":[{"href":"https:\/\/fuentesfidedignas.com.mx\/index.php\/wp-json\/wp\/v2\/posts\/29100","targetHints":{"allow":["GET"]}}],"collection":[{"href":"https:\/\/fuentesfidedignas.com.mx\/index.php\/wp-json\/wp\/v2\/posts"}],"about":[{"href":"https:\/\/fuentesfidedignas.com.mx\/index.php\/wp-json\/wp\/v2\/types\/post"}],"author":[{"embeddable":true,"href":"https:\/\/fuentesfidedignas.com.mx\/index.php\/wp-json\/wp\/v2\/users\/4"}],"replies":[{"embeddable":true,"href":"https:\/\/fuentesfidedignas.com.mx\/index.php\/wp-json\/wp\/v2\/comments?post=29100"}],"version-history":[{"count":1,"href":"https:\/\/fuentesfidedignas.com.mx\/index.php\/wp-json\/wp\/v2\/posts\/29100\/revisions"}],"predecessor-version":[{"id":29102,"href":"https:\/\/fuentesfidedignas.com.mx\/index.php\/wp-json\/wp\/v2\/posts\/29100\/revisions\/29102"}],"wp:featuredmedia":[{"embeddable":true,"href":"https:\/\/fuentesfidedignas.com.mx\/index.php\/wp-json\/wp\/v2\/media\/29101"}],"wp:attachment":[{"href":"https:\/\/fuentesfidedignas.com.mx\/index.php\/wp-json\/wp\/v2\/media?parent=29100"}],"wp:term":[{"taxonomy":"category","embeddable":true,"href":"https:\/\/fuentesfidedignas.com.mx\/index.php\/wp-json\/wp\/v2\/categories?post=29100"},{"taxonomy":"post_tag","embeddable":true,"href":"https:\/\/fuentesfidedignas.com.mx\/index.php\/wp-json\/wp\/v2\/tags?post=29100"}],"curies":[{"name":"wp","href":"https:\/\/api.w.org\/{rel}","templated":true}]}}