{"id":2908,"date":"2021-05-24T05:00:00","date_gmt":"2021-05-24T12:00:00","guid":{"rendered":"https:\/\/fuentesfidedignas.com.mx\/?p=2908"},"modified":"2021-05-23T16:26:02","modified_gmt":"2021-05-23T23:26:02","slug":"con-una-entrevista-a-lenin-marquez-este-lunes-abre-el-programa-perfiles-nuestros-artistas","status":"publish","type":"post","link":"https:\/\/fuentesfidedignas.com.mx\/index.php\/2021\/05\/24\/con-una-entrevista-a-lenin-marquez-este-lunes-abre-el-programa-perfiles-nuestros-artistas\/","title":{"rendered":"Con una entrevista a Lenin M\u00e1rquez, este lunes abre el programa \u201cPerfiles: Nuestros artistas\u201d"},"content":{"rendered":"\n<p><strong><em>El proyecto est\u00e1 a cargo del periodista Alejandro Cort\u00e9s, y ser\u00e1 transmitida en las redes sociales del ISIC<\/em><\/strong><\/p>\n\n\n\n<p>Culiac\u00e1n, Sin.- Hoy 24 de mayo, a las 17:00 horas, inicia el programa de entrevistas &#8220;Perfiles: Nuestros artistas&#8221;, en el marco del Festival de Primavera 2021 en honor al profesor Arturo Casta\u00f1eda Due\u00f1as, en esta ocasi\u00f3n con la presencia del pintor mocoritense Lenin M\u00e1rquez, en una entrevista realizada por Alejandro &#8220;El Negro&#8221; Cort\u00e9s.<\/p>\n\n\n\n<p>La entrevista se transmitir\u00e1 a trav\u00e9s de la p\u00e1gina del Instituto Sinaloense de Cultura en Facebook y en el canal Cultura Sinaloa en YouTube.<\/p>\n\n\n\n<p>Dibujante de excepci\u00f3n, pintor persistente de trazo firme y colorido, operador tozudo del arte-objeto, escultor de forja reciente, Lenin M\u00e1rquez es uno de los m\u00e1s destacados autores de la pl\u00e1stica sinaloense contempor\u00e1nea y miembro de una cepa de artistas pl\u00e1sticos que egresados de la Universidad Autonom\u00eda de Sinaloa que marcaron el hacer del estado en la materia.<\/p>\n\n\n\n<p>Un hombre de bajo perfil en el mejor sentido del t\u00e9rmino al que hemos visto pasar del centro de la ciudad a la escuela, crecer en su expresi\u00f3n, pintar con necedad, hacer familia con esmero, exponer por encima de la carencia, dar clases con verdadero compromiso y cari\u00f1o, hacerse hombre.<\/p>\n\n\n\n<p>Lenin M\u00e1rquez ha sido participe de toda suerte de exposiciones, talleres, becas y premios convocados en el \u00e1mbito de la pl\u00e1stica, de donde logra el que acaso sea el principal premio alcanzado hasta la fecha, un estilo personal definido y una trayectoria basada en la persistencia.<\/p>\n\n\n\n<p>Nacido en Mocorito, Lenin bien pudiera ser uno de los \u00faltimos exponentes de la llamada \u201cAtenas sinaloense\u201d y heredero de una a\u00f1eja tradici\u00f3n en la docencia, rasgo personal y familiar que le puso casi por casualidad al frente de un grupo de j\u00f3venes en el centro de las artes centenario, donde cumple ya varios lustros, sin dejar de lado una obra personal abundante; padre amante, forja una familia solida fundada en el trabajo y el estudio.<\/p>\n\n\n\n<p><\/p>\n","protected":false},"excerpt":{"rendered":"<p>El proyecto est\u00e1 a cargo del periodista Alejandro Cort\u00e9s, y ser\u00e1 transmitida en las redes sociales del ISIC Culiac\u00e1n, Sin.- Hoy 24 de mayo, a las 17:00 horas, inicia el programa de entrevistas &#8220;Perfiles: Nuestros artistas&#8221;, en el marco del Festival de Primavera 2021 en honor al profesor Arturo Casta\u00f1eda Due\u00f1as, en esta ocasi\u00f3n con [&hellip;]<\/p>\n","protected":false},"author":4,"featured_media":2909,"comment_status":"open","ping_status":"open","sticky":false,"template":"","format":"standard","meta":{"tdm_status":"","tdm_grid_status":"","footnotes":""},"categories":[31],"tags":[],"class_list":{"0":"post-2908","1":"post","2":"type-post","3":"status-publish","4":"format-standard","5":"has-post-thumbnail","7":"category-sinaloa-positivo"},"yoast_head":"<!-- This site is optimized with the Yoast SEO plugin v27.4 - https:\/\/yoast.com\/product\/yoast-seo-wordpress\/ -->\n<title>Con una entrevista a Lenin M\u00e1rquez, este lunes abre el programa \u201cPerfiles: Nuestros artistas\u201d - Fuentes Fidedignas<\/title>\n<meta name=\"robots\" content=\"index, follow, max-snippet:-1, max-image-preview:large, max-video-preview:-1\" \/>\n<link rel=\"canonical\" href=\"https:\/\/fuentesfidedignas.com.mx\/index.php\/2021\/05\/24\/con-una-entrevista-a-lenin-marquez-este-lunes-abre-el-programa-perfiles-nuestros-artistas\/\" \/>\n<meta property=\"og:locale\" content=\"es_MX\" \/>\n<meta property=\"og:type\" content=\"article\" \/>\n<meta property=\"og:title\" content=\"Con una entrevista a Lenin M\u00e1rquez, este lunes abre el programa \u201cPerfiles: Nuestros artistas\u201d - Fuentes Fidedignas\" \/>\n<meta property=\"og:description\" content=\"El proyecto est\u00e1 a cargo del periodista Alejandro Cort\u00e9s, y ser\u00e1 transmitida en las redes sociales del ISIC Culiac\u00e1n, Sin.- Hoy 24 de mayo, a las 17:00 horas, inicia el programa de entrevistas &#8220;Perfiles: Nuestros artistas&#8221;, en el marco del Festival de Primavera 2021 en honor al profesor Arturo Casta\u00f1eda Due\u00f1as, en esta ocasi\u00f3n con [&hellip;]\" \/>\n<meta property=\"og:url\" content=\"https:\/\/fuentesfidedignas.com.mx\/index.php\/2021\/05\/24\/con-una-entrevista-a-lenin-marquez-este-lunes-abre-el-programa-perfiles-nuestros-artistas\/\" \/>\n<meta property=\"og:site_name\" content=\"Fuentes Fidedignas\" \/>\n<meta property=\"article:publisher\" content=\"https:\/\/www.facebook.com\/Fuentes-Fidedignas-368234489921644\" \/>\n<meta property=\"article:published_time\" content=\"2021-05-24T12:00:00+00:00\" \/>\n<meta property=\"og:image\" content=\"https:\/\/fuentesfidedignas.com.mx\/wp-content\/uploads\/2021\/05\/PERFILES1-800x546-1-scaled.jpg\" \/>\n\t<meta property=\"og:image:width\" content=\"2560\" \/>\n\t<meta property=\"og:image:height\" content=\"1748\" \/>\n\t<meta property=\"og:image:type\" content=\"image\/jpeg\" \/>\n<meta name=\"author\" content=\"Redacci\u00f3n\" \/>\n<meta name=\"twitter:card\" content=\"summary_large_image\" \/>\n<meta name=\"twitter:creator\" content=\"@fidedignas\" \/>\n<meta name=\"twitter:site\" content=\"@fidedignas\" \/>\n<meta name=\"twitter:label1\" content=\"Escrito por\" \/>\n\t<meta name=\"twitter:data1\" content=\"Redacci\u00f3n\" \/>\n\t<meta name=\"twitter:label2\" content=\"Tiempo de lectura\" \/>\n\t<meta name=\"twitter:data2\" content=\"2 minutos\" \/>\n<script type=\"application\/ld+json\" class=\"yoast-schema-graph\">{\"@context\":\"https:\\\/\\\/schema.org\",\"@graph\":[{\"@type\":\"Article\",\"@id\":\"https:\\\/\\\/fuentesfidedignas.com.mx\\\/index.php\\\/2021\\\/05\\\/24\\\/con-una-entrevista-a-lenin-marquez-este-lunes-abre-el-programa-perfiles-nuestros-artistas\\\/#article\",\"isPartOf\":{\"@id\":\"https:\\\/\\\/fuentesfidedignas.com.mx\\\/index.php\\\/2021\\\/05\\\/24\\\/con-una-entrevista-a-lenin-marquez-este-lunes-abre-el-programa-perfiles-nuestros-artistas\\\/\"},\"author\":{\"name\":\"Redacci\u00f3n\",\"@id\":\"https:\\\/\\\/fuentesfidedignas.com.mx\\\/#\\\/schema\\\/person\\\/331be9283d37198e2acd5750279085b0\"},\"headline\":\"Con una entrevista a Lenin M\u00e1rquez, este lunes abre el programa \u201cPerfiles: Nuestros artistas\u201d\",\"datePublished\":\"2021-05-24T12:00:00+00:00\",\"mainEntityOfPage\":{\"@id\":\"https:\\\/\\\/fuentesfidedignas.com.mx\\\/index.php\\\/2021\\\/05\\\/24\\\/con-una-entrevista-a-lenin-marquez-este-lunes-abre-el-programa-perfiles-nuestros-artistas\\\/\"},\"wordCount\":361,\"commentCount\":0,\"publisher\":{\"@id\":\"https:\\\/\\\/fuentesfidedignas.com.mx\\\/#organization\"},\"image\":{\"@id\":\"https:\\\/\\\/fuentesfidedignas.com.mx\\\/index.php\\\/2021\\\/05\\\/24\\\/con-una-entrevista-a-lenin-marquez-este-lunes-abre-el-programa-perfiles-nuestros-artistas\\\/#primaryimage\"},\"thumbnailUrl\":\"https:\\\/\\\/fuentesfidedignas.com.mx\\\/wp-content\\\/uploads\\\/2021\\\/05\\\/PERFILES1-800x546-1-scaled.jpg\",\"articleSection\":[\"SINALOA POSITIVO\"],\"inLanguage\":\"es\",\"potentialAction\":[{\"@type\":\"CommentAction\",\"name\":\"Comment\",\"target\":[\"https:\\\/\\\/fuentesfidedignas.com.mx\\\/index.php\\\/2021\\\/05\\\/24\\\/con-una-entrevista-a-lenin-marquez-este-lunes-abre-el-programa-perfiles-nuestros-artistas\\\/#respond\"]}]},{\"@type\":\"WebPage\",\"@id\":\"https:\\\/\\\/fuentesfidedignas.com.mx\\\/index.php\\\/2021\\\/05\\\/24\\\/con-una-entrevista-a-lenin-marquez-este-lunes-abre-el-programa-perfiles-nuestros-artistas\\\/\",\"url\":\"https:\\\/\\\/fuentesfidedignas.com.mx\\\/index.php\\\/2021\\\/05\\\/24\\\/con-una-entrevista-a-lenin-marquez-este-lunes-abre-el-programa-perfiles-nuestros-artistas\\\/\",\"name\":\"Con una entrevista a Lenin M\u00e1rquez, este lunes abre el programa \u201cPerfiles: Nuestros artistas\u201d - Fuentes Fidedignas\",\"isPartOf\":{\"@id\":\"https:\\\/\\\/fuentesfidedignas.com.mx\\\/#website\"},\"primaryImageOfPage\":{\"@id\":\"https:\\\/\\\/fuentesfidedignas.com.mx\\\/index.php\\\/2021\\\/05\\\/24\\\/con-una-entrevista-a-lenin-marquez-este-lunes-abre-el-programa-perfiles-nuestros-artistas\\\/#primaryimage\"},\"image\":{\"@id\":\"https:\\\/\\\/fuentesfidedignas.com.mx\\\/index.php\\\/2021\\\/05\\\/24\\\/con-una-entrevista-a-lenin-marquez-este-lunes-abre-el-programa-perfiles-nuestros-artistas\\\/#primaryimage\"},\"thumbnailUrl\":\"https:\\\/\\\/fuentesfidedignas.com.mx\\\/wp-content\\\/uploads\\\/2021\\\/05\\\/PERFILES1-800x546-1-scaled.jpg\",\"datePublished\":\"2021-05-24T12:00:00+00:00\",\"breadcrumb\":{\"@id\":\"https:\\\/\\\/fuentesfidedignas.com.mx\\\/index.php\\\/2021\\\/05\\\/24\\\/con-una-entrevista-a-lenin-marquez-este-lunes-abre-el-programa-perfiles-nuestros-artistas\\\/#breadcrumb\"},\"inLanguage\":\"es\",\"potentialAction\":[{\"@type\":\"ReadAction\",\"target\":[\"https:\\\/\\\/fuentesfidedignas.com.mx\\\/index.php\\\/2021\\\/05\\\/24\\\/con-una-entrevista-a-lenin-marquez-este-lunes-abre-el-programa-perfiles-nuestros-artistas\\\/\"]}]},{\"@type\":\"ImageObject\",\"inLanguage\":\"es\",\"@id\":\"https:\\\/\\\/fuentesfidedignas.com.mx\\\/index.php\\\/2021\\\/05\\\/24\\\/con-una-entrevista-a-lenin-marquez-este-lunes-abre-el-programa-perfiles-nuestros-artistas\\\/#primaryimage\",\"url\":\"https:\\\/\\\/fuentesfidedignas.com.mx\\\/wp-content\\\/uploads\\\/2021\\\/05\\\/PERFILES1-800x546-1-scaled.jpg\",\"contentUrl\":\"https:\\\/\\\/fuentesfidedignas.com.mx\\\/wp-content\\\/uploads\\\/2021\\\/05\\\/PERFILES1-800x546-1-scaled.jpg\",\"width\":2560,\"height\":1748},{\"@type\":\"BreadcrumbList\",\"@id\":\"https:\\\/\\\/fuentesfidedignas.com.mx\\\/index.php\\\/2021\\\/05\\\/24\\\/con-una-entrevista-a-lenin-marquez-este-lunes-abre-el-programa-perfiles-nuestros-artistas\\\/#breadcrumb\",\"itemListElement\":[{\"@type\":\"ListItem\",\"position\":1,\"name\":\"Inicio\",\"item\":\"https:\\\/\\\/fuentesfidedignas.com.mx\\\/\"},{\"@type\":\"ListItem\",\"position\":2,\"name\":\"Con una entrevista a Lenin M\u00e1rquez, este lunes abre el programa \u201cPerfiles: Nuestros artistas\u201d\"}]},{\"@type\":\"WebSite\",\"@id\":\"https:\\\/\\\/fuentesfidedignas.com.mx\\\/#website\",\"url\":\"https:\\\/\\\/fuentesfidedignas.com.mx\\\/\",\"name\":\"Fuentes Fidedignas\",\"description\":\"Otro sitio realizado con WordPress\",\"publisher\":{\"@id\":\"https:\\\/\\\/fuentesfidedignas.com.mx\\\/#organization\"},\"potentialAction\":[{\"@type\":\"SearchAction\",\"target\":{\"@type\":\"EntryPoint\",\"urlTemplate\":\"https:\\\/\\\/fuentesfidedignas.com.mx\\\/?s={search_term_string}\"},\"query-input\":{\"@type\":\"PropertyValueSpecification\",\"valueRequired\":true,\"valueName\":\"search_term_string\"}}],\"inLanguage\":\"es\"},{\"@type\":\"Organization\",\"@id\":\"https:\\\/\\\/fuentesfidedignas.com.mx\\\/#organization\",\"name\":\"Fuentes Fidedignas\",\"url\":\"https:\\\/\\\/fuentesfidedignas.com.mx\\\/\",\"logo\":{\"@type\":\"ImageObject\",\"inLanguage\":\"es\",\"@id\":\"https:\\\/\\\/fuentesfidedignas.com.mx\\\/#\\\/schema\\\/logo\\\/image\\\/\",\"url\":\"https:\\\/\\\/fuentesfidedignas.com.mx\\\/wp-content\\\/uploads\\\/2021\\\/04\\\/logo-retina.png\",\"contentUrl\":\"https:\\\/\\\/fuentesfidedignas.com.mx\\\/wp-content\\\/uploads\\\/2021\\\/04\\\/logo-retina.png\",\"width\":280,\"height\":51,\"caption\":\"Fuentes Fidedignas\"},\"image\":{\"@id\":\"https:\\\/\\\/fuentesfidedignas.com.mx\\\/#\\\/schema\\\/logo\\\/image\\\/\"},\"sameAs\":[\"https:\\\/\\\/www.facebook.com\\\/Fuentes-Fidedignas-368234489921644\",\"https:\\\/\\\/x.com\\\/fidedignas\"]},{\"@type\":\"Person\",\"@id\":\"https:\\\/\\\/fuentesfidedignas.com.mx\\\/#\\\/schema\\\/person\\\/331be9283d37198e2acd5750279085b0\",\"name\":\"Redacci\u00f3n\",\"image\":{\"@type\":\"ImageObject\",\"inLanguage\":\"es\",\"@id\":\"https:\\\/\\\/secure.gravatar.com\\\/avatar\\\/f6d8782c11d12b2d4ad3fbb6931aeab5309937a4d6cd2fc9cfaa28a6396a5aec?s=96&d=mm&r=g\",\"url\":\"https:\\\/\\\/secure.gravatar.com\\\/avatar\\\/f6d8782c11d12b2d4ad3fbb6931aeab5309937a4d6cd2fc9cfaa28a6396a5aec?s=96&d=mm&r=g\",\"contentUrl\":\"https:\\\/\\\/secure.gravatar.com\\\/avatar\\\/f6d8782c11d12b2d4ad3fbb6931aeab5309937a4d6cd2fc9cfaa28a6396a5aec?s=96&d=mm&r=g\",\"caption\":\"Redacci\u00f3n\"},\"url\":\"https:\\\/\\\/fuentesfidedignas.com.mx\\\/index.php\\\/author\\\/redaccion\\\/\"}]}<\/script>\n<!-- \/ Yoast SEO plugin. -->","yoast_head_json":{"title":"Con una entrevista a Lenin M\u00e1rquez, este lunes abre el programa \u201cPerfiles: Nuestros artistas\u201d - Fuentes Fidedignas","robots":{"index":"index","follow":"follow","max-snippet":"max-snippet:-1","max-image-preview":"max-image-preview:large","max-video-preview":"max-video-preview:-1"},"canonical":"https:\/\/fuentesfidedignas.com.mx\/index.php\/2021\/05\/24\/con-una-entrevista-a-lenin-marquez-este-lunes-abre-el-programa-perfiles-nuestros-artistas\/","og_locale":"es_MX","og_type":"article","og_title":"Con una entrevista a Lenin M\u00e1rquez, este lunes abre el programa \u201cPerfiles: Nuestros artistas\u201d - Fuentes Fidedignas","og_description":"El proyecto est\u00e1 a cargo del periodista Alejandro Cort\u00e9s, y ser\u00e1 transmitida en las redes sociales del ISIC Culiac\u00e1n, Sin.- Hoy 24 de mayo, a las 17:00 horas, inicia el programa de entrevistas &#8220;Perfiles: Nuestros artistas&#8221;, en el marco del Festival de Primavera 2021 en honor al profesor Arturo Casta\u00f1eda Due\u00f1as, en esta ocasi\u00f3n con [&hellip;]","og_url":"https:\/\/fuentesfidedignas.com.mx\/index.php\/2021\/05\/24\/con-una-entrevista-a-lenin-marquez-este-lunes-abre-el-programa-perfiles-nuestros-artistas\/","og_site_name":"Fuentes Fidedignas","article_publisher":"https:\/\/www.facebook.com\/Fuentes-Fidedignas-368234489921644","article_published_time":"2021-05-24T12:00:00+00:00","og_image":[{"width":2560,"height":1748,"url":"https:\/\/fuentesfidedignas.com.mx\/wp-content\/uploads\/2021\/05\/PERFILES1-800x546-1-scaled.jpg","type":"image\/jpeg"}],"author":"Redacci\u00f3n","twitter_card":"summary_large_image","twitter_creator":"@fidedignas","twitter_site":"@fidedignas","twitter_misc":{"Escrito por":"Redacci\u00f3n","Tiempo de lectura":"2 minutos"},"schema":{"@context":"https:\/\/schema.org","@graph":[{"@type":"Article","@id":"https:\/\/fuentesfidedignas.com.mx\/index.php\/2021\/05\/24\/con-una-entrevista-a-lenin-marquez-este-lunes-abre-el-programa-perfiles-nuestros-artistas\/#article","isPartOf":{"@id":"https:\/\/fuentesfidedignas.com.mx\/index.php\/2021\/05\/24\/con-una-entrevista-a-lenin-marquez-este-lunes-abre-el-programa-perfiles-nuestros-artistas\/"},"author":{"name":"Redacci\u00f3n","@id":"https:\/\/fuentesfidedignas.com.mx\/#\/schema\/person\/331be9283d37198e2acd5750279085b0"},"headline":"Con una entrevista a Lenin M\u00e1rquez, este lunes abre el programa \u201cPerfiles: Nuestros artistas\u201d","datePublished":"2021-05-24T12:00:00+00:00","mainEntityOfPage":{"@id":"https:\/\/fuentesfidedignas.com.mx\/index.php\/2021\/05\/24\/con-una-entrevista-a-lenin-marquez-este-lunes-abre-el-programa-perfiles-nuestros-artistas\/"},"wordCount":361,"commentCount":0,"publisher":{"@id":"https:\/\/fuentesfidedignas.com.mx\/#organization"},"image":{"@id":"https:\/\/fuentesfidedignas.com.mx\/index.php\/2021\/05\/24\/con-una-entrevista-a-lenin-marquez-este-lunes-abre-el-programa-perfiles-nuestros-artistas\/#primaryimage"},"thumbnailUrl":"https:\/\/fuentesfidedignas.com.mx\/wp-content\/uploads\/2021\/05\/PERFILES1-800x546-1-scaled.jpg","articleSection":["SINALOA POSITIVO"],"inLanguage":"es","potentialAction":[{"@type":"CommentAction","name":"Comment","target":["https:\/\/fuentesfidedignas.com.mx\/index.php\/2021\/05\/24\/con-una-entrevista-a-lenin-marquez-este-lunes-abre-el-programa-perfiles-nuestros-artistas\/#respond"]}]},{"@type":"WebPage","@id":"https:\/\/fuentesfidedignas.com.mx\/index.php\/2021\/05\/24\/con-una-entrevista-a-lenin-marquez-este-lunes-abre-el-programa-perfiles-nuestros-artistas\/","url":"https:\/\/fuentesfidedignas.com.mx\/index.php\/2021\/05\/24\/con-una-entrevista-a-lenin-marquez-este-lunes-abre-el-programa-perfiles-nuestros-artistas\/","name":"Con una entrevista a Lenin M\u00e1rquez, este lunes abre el programa \u201cPerfiles: Nuestros artistas\u201d - Fuentes Fidedignas","isPartOf":{"@id":"https:\/\/fuentesfidedignas.com.mx\/#website"},"primaryImageOfPage":{"@id":"https:\/\/fuentesfidedignas.com.mx\/index.php\/2021\/05\/24\/con-una-entrevista-a-lenin-marquez-este-lunes-abre-el-programa-perfiles-nuestros-artistas\/#primaryimage"},"image":{"@id":"https:\/\/fuentesfidedignas.com.mx\/index.php\/2021\/05\/24\/con-una-entrevista-a-lenin-marquez-este-lunes-abre-el-programa-perfiles-nuestros-artistas\/#primaryimage"},"thumbnailUrl":"https:\/\/fuentesfidedignas.com.mx\/wp-content\/uploads\/2021\/05\/PERFILES1-800x546-1-scaled.jpg","datePublished":"2021-05-24T12:00:00+00:00","breadcrumb":{"@id":"https:\/\/fuentesfidedignas.com.mx\/index.php\/2021\/05\/24\/con-una-entrevista-a-lenin-marquez-este-lunes-abre-el-programa-perfiles-nuestros-artistas\/#breadcrumb"},"inLanguage":"es","potentialAction":[{"@type":"ReadAction","target":["https:\/\/fuentesfidedignas.com.mx\/index.php\/2021\/05\/24\/con-una-entrevista-a-lenin-marquez-este-lunes-abre-el-programa-perfiles-nuestros-artistas\/"]}]},{"@type":"ImageObject","inLanguage":"es","@id":"https:\/\/fuentesfidedignas.com.mx\/index.php\/2021\/05\/24\/con-una-entrevista-a-lenin-marquez-este-lunes-abre-el-programa-perfiles-nuestros-artistas\/#primaryimage","url":"https:\/\/fuentesfidedignas.com.mx\/wp-content\/uploads\/2021\/05\/PERFILES1-800x546-1-scaled.jpg","contentUrl":"https:\/\/fuentesfidedignas.com.mx\/wp-content\/uploads\/2021\/05\/PERFILES1-800x546-1-scaled.jpg","width":2560,"height":1748},{"@type":"BreadcrumbList","@id":"https:\/\/fuentesfidedignas.com.mx\/index.php\/2021\/05\/24\/con-una-entrevista-a-lenin-marquez-este-lunes-abre-el-programa-perfiles-nuestros-artistas\/#breadcrumb","itemListElement":[{"@type":"ListItem","position":1,"name":"Inicio","item":"https:\/\/fuentesfidedignas.com.mx\/"},{"@type":"ListItem","position":2,"name":"Con una entrevista a Lenin M\u00e1rquez, este lunes abre el programa \u201cPerfiles: Nuestros artistas\u201d"}]},{"@type":"WebSite","@id":"https:\/\/fuentesfidedignas.com.mx\/#website","url":"https:\/\/fuentesfidedignas.com.mx\/","name":"Fuentes Fidedignas","description":"Otro sitio realizado con WordPress","publisher":{"@id":"https:\/\/fuentesfidedignas.com.mx\/#organization"},"potentialAction":[{"@type":"SearchAction","target":{"@type":"EntryPoint","urlTemplate":"https:\/\/fuentesfidedignas.com.mx\/?s={search_term_string}"},"query-input":{"@type":"PropertyValueSpecification","valueRequired":true,"valueName":"search_term_string"}}],"inLanguage":"es"},{"@type":"Organization","@id":"https:\/\/fuentesfidedignas.com.mx\/#organization","name":"Fuentes Fidedignas","url":"https:\/\/fuentesfidedignas.com.mx\/","logo":{"@type":"ImageObject","inLanguage":"es","@id":"https:\/\/fuentesfidedignas.com.mx\/#\/schema\/logo\/image\/","url":"https:\/\/fuentesfidedignas.com.mx\/wp-content\/uploads\/2021\/04\/logo-retina.png","contentUrl":"https:\/\/fuentesfidedignas.com.mx\/wp-content\/uploads\/2021\/04\/logo-retina.png","width":280,"height":51,"caption":"Fuentes Fidedignas"},"image":{"@id":"https:\/\/fuentesfidedignas.com.mx\/#\/schema\/logo\/image\/"},"sameAs":["https:\/\/www.facebook.com\/Fuentes-Fidedignas-368234489921644","https:\/\/x.com\/fidedignas"]},{"@type":"Person","@id":"https:\/\/fuentesfidedignas.com.mx\/#\/schema\/person\/331be9283d37198e2acd5750279085b0","name":"Redacci\u00f3n","image":{"@type":"ImageObject","inLanguage":"es","@id":"https:\/\/secure.gravatar.com\/avatar\/f6d8782c11d12b2d4ad3fbb6931aeab5309937a4d6cd2fc9cfaa28a6396a5aec?s=96&d=mm&r=g","url":"https:\/\/secure.gravatar.com\/avatar\/f6d8782c11d12b2d4ad3fbb6931aeab5309937a4d6cd2fc9cfaa28a6396a5aec?s=96&d=mm&r=g","contentUrl":"https:\/\/secure.gravatar.com\/avatar\/f6d8782c11d12b2d4ad3fbb6931aeab5309937a4d6cd2fc9cfaa28a6396a5aec?s=96&d=mm&r=g","caption":"Redacci\u00f3n"},"url":"https:\/\/fuentesfidedignas.com.mx\/index.php\/author\/redaccion\/"}]}},"_links":{"self":[{"href":"https:\/\/fuentesfidedignas.com.mx\/index.php\/wp-json\/wp\/v2\/posts\/2908","targetHints":{"allow":["GET"]}}],"collection":[{"href":"https:\/\/fuentesfidedignas.com.mx\/index.php\/wp-json\/wp\/v2\/posts"}],"about":[{"href":"https:\/\/fuentesfidedignas.com.mx\/index.php\/wp-json\/wp\/v2\/types\/post"}],"author":[{"embeddable":true,"href":"https:\/\/fuentesfidedignas.com.mx\/index.php\/wp-json\/wp\/v2\/users\/4"}],"replies":[{"embeddable":true,"href":"https:\/\/fuentesfidedignas.com.mx\/index.php\/wp-json\/wp\/v2\/comments?post=2908"}],"version-history":[{"count":1,"href":"https:\/\/fuentesfidedignas.com.mx\/index.php\/wp-json\/wp\/v2\/posts\/2908\/revisions"}],"predecessor-version":[{"id":2910,"href":"https:\/\/fuentesfidedignas.com.mx\/index.php\/wp-json\/wp\/v2\/posts\/2908\/revisions\/2910"}],"wp:featuredmedia":[{"embeddable":true,"href":"https:\/\/fuentesfidedignas.com.mx\/index.php\/wp-json\/wp\/v2\/media\/2909"}],"wp:attachment":[{"href":"https:\/\/fuentesfidedignas.com.mx\/index.php\/wp-json\/wp\/v2\/media?parent=2908"}],"wp:term":[{"taxonomy":"category","embeddable":true,"href":"https:\/\/fuentesfidedignas.com.mx\/index.php\/wp-json\/wp\/v2\/categories?post=2908"},{"taxonomy":"post_tag","embeddable":true,"href":"https:\/\/fuentesfidedignas.com.mx\/index.php\/wp-json\/wp\/v2\/tags?post=2908"}],"curies":[{"name":"wp","href":"https:\/\/api.w.org\/{rel}","templated":true}]}}