{"id":29065,"date":"2022-04-26T01:55:00","date_gmt":"2022-04-26T08:55:00","guid":{"rendered":"https:\/\/fuentesfidedignas.com.mx\/?p=29065"},"modified":"2022-04-26T04:57:39","modified_gmt":"2022-04-26T11:57:39","slug":"ante-aumento-de-temperaturas-especialista-recomienda-proteger-a-las-mascotas","status":"publish","type":"post","link":"https:\/\/fuentesfidedignas.com.mx\/index.php\/2022\/04\/26\/ante-aumento-de-temperaturas-especialista-recomienda-proteger-a-las-mascotas\/","title":{"rendered":"Ante aumento de temperaturas, especialista recomienda proteger a las mascotas"},"content":{"rendered":"\n<p>Debido al aumento de temperatura que se manifiesta al inicio de la primavera y el verano en nuestro estado, se pueden presentar algunas complicaciones de salud en las mascotas como es el golpe de calor, debido a la exposici\u00f3n a la radiaci\u00f3n solar y a la falta de l\u00edquidos.<\/p>\n\n\n\n<p>Nohem\u00ed Castro del Campo, responsable del \u00e1rea de Parasitolog\u00eda de la Facultad de Medicina Veterinaria y Zootecnia de la Universidad Aut\u00f3noma de Sinaloa (UAS) coment\u00f3 que el shock de calor, puede derivar en una situaci\u00f3n irreversible afectando fuertemente a las c\u00e9lulas y en casos extremos provocar la muerte de las mascotas.<\/p>\n\n\n\n<p>Indic\u00f3 que los signos del golpe de calor en los animales pueden manifestarse de diferentes maneras, como puede ser que muestren debilidad muscular, enc\u00edas bastantes rojizas, salivaci\u00f3n excesiva y falta de equilibrio.<\/p>\n\n\n\n<p>Respecto a los cuidados para prevenir este padecimiento, Castro del Campo dijo que, si la mascota est\u00e1 al interior de la casa, se deber\u00e1n tener las ventanas abiertas para que haya ventilaci\u00f3n, tenerle agua de buena calidad, limpia y fresca, ya que el animal debe estar consumiendo frecuentemente l\u00edquidos para regular su temperatura y si se encuentra al exterior, mantenerlo a la sombra y evitar sacarlo a pasear en las horas m\u00e1s calurosas del d\u00eda.<\/p>\n\n\n\n<p>Como otra forma de protegerlos, la doctora aclar\u00f3 que no es recomendable rapar a los animales, ya que hay estudios cient\u00edficos que demuestran que, con esta pr\u00e1ctica, la temperatura tiende a elevarse, ya que el pelaje funciona como un colch\u00f3n t\u00e9rmico que mantiene fresco al animal al no permitir que los rayos del sol penetren directamente en la piel.<\/p>\n\n\n\n<p>Finalmente, la especialista resalt\u00f3 que, si las personas no est\u00e1n en condiciones de darles una atenci\u00f3n adecuada a los animales, es mejor no tenerlos, ya que las mascotas son parte de la familia, por lo que merecen una atenci\u00f3n apropiada, as\u00ed como un buen trato.<\/p>\n","protected":false},"excerpt":{"rendered":"<p>Debido al aumento de temperatura que se manifiesta al inicio de la primavera y el verano en nuestro estado, se pueden presentar algunas complicaciones de salud en las mascotas como es el golpe de calor, debido a la exposici\u00f3n a la radiaci\u00f3n solar y a la falta de l\u00edquidos. Nohem\u00ed Castro del Campo, responsable del [&hellip;]<\/p>\n","protected":false},"author":4,"featured_media":29066,"comment_status":"open","ping_status":"open","sticky":false,"template":"","format":"standard","meta":{"tdm_status":"","tdm_grid_status":"","footnotes":""},"categories":[32,36],"tags":[],"class_list":{"0":"post-29065","1":"post","2":"type-post","3":"status-publish","4":"format-standard","5":"has-post-thumbnail","7":"category-derechos-animales","8":"category-semanales"},"yoast_head":"<!-- This site is optimized with the Yoast SEO plugin v27.5 - https:\/\/yoast.com\/product\/yoast-seo-wordpress\/ -->\n<title>Ante aumento de temperaturas, especialista recomienda proteger a las mascotas - Fuentes Fidedignas<\/title>\n<meta name=\"robots\" content=\"index, follow, max-snippet:-1, max-image-preview:large, max-video-preview:-1\" \/>\n<link rel=\"canonical\" href=\"https:\/\/fuentesfidedignas.com.mx\/index.php\/2022\/04\/26\/ante-aumento-de-temperaturas-especialista-recomienda-proteger-a-las-mascotas\/\" \/>\n<meta property=\"og:locale\" content=\"es_MX\" \/>\n<meta property=\"og:type\" content=\"article\" \/>\n<meta property=\"og:title\" content=\"Ante aumento de temperaturas, especialista recomienda proteger a las mascotas - Fuentes Fidedignas\" \/>\n<meta property=\"og:description\" content=\"Debido al aumento de temperatura que se manifiesta al inicio de la primavera y el verano en nuestro estado, se pueden presentar algunas complicaciones de salud en las mascotas como es el golpe de calor, debido a la exposici\u00f3n a la radiaci\u00f3n solar y a la falta de l\u00edquidos. Nohem\u00ed Castro del Campo, responsable del [&hellip;]\" \/>\n<meta property=\"og:url\" content=\"https:\/\/fuentesfidedignas.com.mx\/index.php\/2022\/04\/26\/ante-aumento-de-temperaturas-especialista-recomienda-proteger-a-las-mascotas\/\" \/>\n<meta property=\"og:site_name\" content=\"Fuentes Fidedignas\" \/>\n<meta property=\"article:publisher\" content=\"https:\/\/www.facebook.com\/Fuentes-Fidedignas-368234489921644\" \/>\n<meta property=\"article:published_time\" content=\"2022-04-26T08:55:00+00:00\" \/>\n<meta property=\"article:modified_time\" content=\"2022-04-26T11:57:39+00:00\" \/>\n<meta property=\"og:image\" content=\"https:\/\/fuentesfidedignas.com.mx\/wp-content\/uploads\/2022\/04\/Mascotas-en-temporada-de-calor.jpg\" \/>\n\t<meta property=\"og:image:width\" content=\"840\" \/>\n\t<meta property=\"og:image:height\" content=\"644\" \/>\n\t<meta property=\"og:image:type\" content=\"image\/jpeg\" \/>\n<meta name=\"author\" content=\"Redacci\u00f3n\" \/>\n<meta name=\"twitter:card\" content=\"summary_large_image\" \/>\n<meta name=\"twitter:creator\" content=\"@fidedignas\" \/>\n<meta name=\"twitter:site\" content=\"@fidedignas\" \/>\n<meta name=\"twitter:label1\" content=\"Escrito por\" \/>\n\t<meta name=\"twitter:data1\" content=\"Redacci\u00f3n\" \/>\n\t<meta name=\"twitter:label2\" content=\"Tiempo de lectura\" \/>\n\t<meta name=\"twitter:data2\" content=\"2 minutos\" \/>\n<script type=\"application\/ld+json\" class=\"yoast-schema-graph\">{\"@context\":\"https:\\\/\\\/schema.org\",\"@graph\":[{\"@type\":\"Article\",\"@id\":\"https:\\\/\\\/fuentesfidedignas.com.mx\\\/index.php\\\/2022\\\/04\\\/26\\\/ante-aumento-de-temperaturas-especialista-recomienda-proteger-a-las-mascotas\\\/#article\",\"isPartOf\":{\"@id\":\"https:\\\/\\\/fuentesfidedignas.com.mx\\\/index.php\\\/2022\\\/04\\\/26\\\/ante-aumento-de-temperaturas-especialista-recomienda-proteger-a-las-mascotas\\\/\"},\"author\":{\"name\":\"Redacci\u00f3n\",\"@id\":\"https:\\\/\\\/fuentesfidedignas.com.mx\\\/#\\\/schema\\\/person\\\/331be9283d37198e2acd5750279085b0\"},\"headline\":\"Ante aumento de temperaturas, especialista recomienda proteger a las mascotas\",\"datePublished\":\"2022-04-26T08:55:00+00:00\",\"dateModified\":\"2022-04-26T11:57:39+00:00\",\"mainEntityOfPage\":{\"@id\":\"https:\\\/\\\/fuentesfidedignas.com.mx\\\/index.php\\\/2022\\\/04\\\/26\\\/ante-aumento-de-temperaturas-especialista-recomienda-proteger-a-las-mascotas\\\/\"},\"wordCount\":342,\"commentCount\":0,\"publisher\":{\"@id\":\"https:\\\/\\\/fuentesfidedignas.com.mx\\\/#organization\"},\"image\":{\"@id\":\"https:\\\/\\\/fuentesfidedignas.com.mx\\\/index.php\\\/2022\\\/04\\\/26\\\/ante-aumento-de-temperaturas-especialista-recomienda-proteger-a-las-mascotas\\\/#primaryimage\"},\"thumbnailUrl\":\"https:\\\/\\\/fuentesfidedignas.com.mx\\\/wp-content\\\/uploads\\\/2022\\\/04\\\/Mascotas-en-temporada-de-calor.jpg\",\"articleSection\":[\"DERECHOS ANIMALES\",\"SEMANALES\"],\"inLanguage\":\"es\",\"potentialAction\":[{\"@type\":\"CommentAction\",\"name\":\"Comment\",\"target\":[\"https:\\\/\\\/fuentesfidedignas.com.mx\\\/index.php\\\/2022\\\/04\\\/26\\\/ante-aumento-de-temperaturas-especialista-recomienda-proteger-a-las-mascotas\\\/#respond\"]}]},{\"@type\":\"WebPage\",\"@id\":\"https:\\\/\\\/fuentesfidedignas.com.mx\\\/index.php\\\/2022\\\/04\\\/26\\\/ante-aumento-de-temperaturas-especialista-recomienda-proteger-a-las-mascotas\\\/\",\"url\":\"https:\\\/\\\/fuentesfidedignas.com.mx\\\/index.php\\\/2022\\\/04\\\/26\\\/ante-aumento-de-temperaturas-especialista-recomienda-proteger-a-las-mascotas\\\/\",\"name\":\"Ante aumento de temperaturas, especialista recomienda proteger a las mascotas - Fuentes Fidedignas\",\"isPartOf\":{\"@id\":\"https:\\\/\\\/fuentesfidedignas.com.mx\\\/#website\"},\"primaryImageOfPage\":{\"@id\":\"https:\\\/\\\/fuentesfidedignas.com.mx\\\/index.php\\\/2022\\\/04\\\/26\\\/ante-aumento-de-temperaturas-especialista-recomienda-proteger-a-las-mascotas\\\/#primaryimage\"},\"image\":{\"@id\":\"https:\\\/\\\/fuentesfidedignas.com.mx\\\/index.php\\\/2022\\\/04\\\/26\\\/ante-aumento-de-temperaturas-especialista-recomienda-proteger-a-las-mascotas\\\/#primaryimage\"},\"thumbnailUrl\":\"https:\\\/\\\/fuentesfidedignas.com.mx\\\/wp-content\\\/uploads\\\/2022\\\/04\\\/Mascotas-en-temporada-de-calor.jpg\",\"datePublished\":\"2022-04-26T08:55:00+00:00\",\"dateModified\":\"2022-04-26T11:57:39+00:00\",\"breadcrumb\":{\"@id\":\"https:\\\/\\\/fuentesfidedignas.com.mx\\\/index.php\\\/2022\\\/04\\\/26\\\/ante-aumento-de-temperaturas-especialista-recomienda-proteger-a-las-mascotas\\\/#breadcrumb\"},\"inLanguage\":\"es\",\"potentialAction\":[{\"@type\":\"ReadAction\",\"target\":[\"https:\\\/\\\/fuentesfidedignas.com.mx\\\/index.php\\\/2022\\\/04\\\/26\\\/ante-aumento-de-temperaturas-especialista-recomienda-proteger-a-las-mascotas\\\/\"]}]},{\"@type\":\"ImageObject\",\"inLanguage\":\"es\",\"@id\":\"https:\\\/\\\/fuentesfidedignas.com.mx\\\/index.php\\\/2022\\\/04\\\/26\\\/ante-aumento-de-temperaturas-especialista-recomienda-proteger-a-las-mascotas\\\/#primaryimage\",\"url\":\"https:\\\/\\\/fuentesfidedignas.com.mx\\\/wp-content\\\/uploads\\\/2022\\\/04\\\/Mascotas-en-temporada-de-calor.jpg\",\"contentUrl\":\"https:\\\/\\\/fuentesfidedignas.com.mx\\\/wp-content\\\/uploads\\\/2022\\\/04\\\/Mascotas-en-temporada-de-calor.jpg\",\"width\":840,\"height\":644},{\"@type\":\"BreadcrumbList\",\"@id\":\"https:\\\/\\\/fuentesfidedignas.com.mx\\\/index.php\\\/2022\\\/04\\\/26\\\/ante-aumento-de-temperaturas-especialista-recomienda-proteger-a-las-mascotas\\\/#breadcrumb\",\"itemListElement\":[{\"@type\":\"ListItem\",\"position\":1,\"name\":\"Inicio\",\"item\":\"https:\\\/\\\/fuentesfidedignas.com.mx\\\/\"},{\"@type\":\"ListItem\",\"position\":2,\"name\":\"Ante aumento de temperaturas, especialista recomienda proteger a las mascotas\"}]},{\"@type\":\"WebSite\",\"@id\":\"https:\\\/\\\/fuentesfidedignas.com.mx\\\/#website\",\"url\":\"https:\\\/\\\/fuentesfidedignas.com.mx\\\/\",\"name\":\"Fuentes Fidedignas\",\"description\":\"Otro sitio realizado con WordPress\",\"publisher\":{\"@id\":\"https:\\\/\\\/fuentesfidedignas.com.mx\\\/#organization\"},\"potentialAction\":[{\"@type\":\"SearchAction\",\"target\":{\"@type\":\"EntryPoint\",\"urlTemplate\":\"https:\\\/\\\/fuentesfidedignas.com.mx\\\/?s={search_term_string}\"},\"query-input\":{\"@type\":\"PropertyValueSpecification\",\"valueRequired\":true,\"valueName\":\"search_term_string\"}}],\"inLanguage\":\"es\"},{\"@type\":\"Organization\",\"@id\":\"https:\\\/\\\/fuentesfidedignas.com.mx\\\/#organization\",\"name\":\"Fuentes Fidedignas\",\"url\":\"https:\\\/\\\/fuentesfidedignas.com.mx\\\/\",\"logo\":{\"@type\":\"ImageObject\",\"inLanguage\":\"es\",\"@id\":\"https:\\\/\\\/fuentesfidedignas.com.mx\\\/#\\\/schema\\\/logo\\\/image\\\/\",\"url\":\"https:\\\/\\\/fuentesfidedignas.com.mx\\\/wp-content\\\/uploads\\\/2021\\\/04\\\/logo-retina.png\",\"contentUrl\":\"https:\\\/\\\/fuentesfidedignas.com.mx\\\/wp-content\\\/uploads\\\/2021\\\/04\\\/logo-retina.png\",\"width\":280,\"height\":51,\"caption\":\"Fuentes Fidedignas\"},\"image\":{\"@id\":\"https:\\\/\\\/fuentesfidedignas.com.mx\\\/#\\\/schema\\\/logo\\\/image\\\/\"},\"sameAs\":[\"https:\\\/\\\/www.facebook.com\\\/Fuentes-Fidedignas-368234489921644\",\"https:\\\/\\\/x.com\\\/fidedignas\"]},{\"@type\":\"Person\",\"@id\":\"https:\\\/\\\/fuentesfidedignas.com.mx\\\/#\\\/schema\\\/person\\\/331be9283d37198e2acd5750279085b0\",\"name\":\"Redacci\u00f3n\",\"image\":{\"@type\":\"ImageObject\",\"inLanguage\":\"es\",\"@id\":\"https:\\\/\\\/secure.gravatar.com\\\/avatar\\\/f6d8782c11d12b2d4ad3fbb6931aeab5309937a4d6cd2fc9cfaa28a6396a5aec?s=96&d=mm&r=g\",\"url\":\"https:\\\/\\\/secure.gravatar.com\\\/avatar\\\/f6d8782c11d12b2d4ad3fbb6931aeab5309937a4d6cd2fc9cfaa28a6396a5aec?s=96&d=mm&r=g\",\"contentUrl\":\"https:\\\/\\\/secure.gravatar.com\\\/avatar\\\/f6d8782c11d12b2d4ad3fbb6931aeab5309937a4d6cd2fc9cfaa28a6396a5aec?s=96&d=mm&r=g\",\"caption\":\"Redacci\u00f3n\"},\"url\":\"https:\\\/\\\/fuentesfidedignas.com.mx\\\/index.php\\\/author\\\/redaccion\\\/\"}]}<\/script>\n<!-- \/ Yoast SEO plugin. -->","yoast_head_json":{"title":"Ante aumento de temperaturas, especialista recomienda proteger a las mascotas - Fuentes Fidedignas","robots":{"index":"index","follow":"follow","max-snippet":"max-snippet:-1","max-image-preview":"max-image-preview:large","max-video-preview":"max-video-preview:-1"},"canonical":"https:\/\/fuentesfidedignas.com.mx\/index.php\/2022\/04\/26\/ante-aumento-de-temperaturas-especialista-recomienda-proteger-a-las-mascotas\/","og_locale":"es_MX","og_type":"article","og_title":"Ante aumento de temperaturas, especialista recomienda proteger a las mascotas - Fuentes Fidedignas","og_description":"Debido al aumento de temperatura que se manifiesta al inicio de la primavera y el verano en nuestro estado, se pueden presentar algunas complicaciones de salud en las mascotas como es el golpe de calor, debido a la exposici\u00f3n a la radiaci\u00f3n solar y a la falta de l\u00edquidos. Nohem\u00ed Castro del Campo, responsable del [&hellip;]","og_url":"https:\/\/fuentesfidedignas.com.mx\/index.php\/2022\/04\/26\/ante-aumento-de-temperaturas-especialista-recomienda-proteger-a-las-mascotas\/","og_site_name":"Fuentes Fidedignas","article_publisher":"https:\/\/www.facebook.com\/Fuentes-Fidedignas-368234489921644","article_published_time":"2022-04-26T08:55:00+00:00","article_modified_time":"2022-04-26T11:57:39+00:00","og_image":[{"width":840,"height":644,"url":"https:\/\/fuentesfidedignas.com.mx\/wp-content\/uploads\/2022\/04\/Mascotas-en-temporada-de-calor.jpg","type":"image\/jpeg"}],"author":"Redacci\u00f3n","twitter_card":"summary_large_image","twitter_creator":"@fidedignas","twitter_site":"@fidedignas","twitter_misc":{"Escrito por":"Redacci\u00f3n","Tiempo de lectura":"2 minutos"},"schema":{"@context":"https:\/\/schema.org","@graph":[{"@type":"Article","@id":"https:\/\/fuentesfidedignas.com.mx\/index.php\/2022\/04\/26\/ante-aumento-de-temperaturas-especialista-recomienda-proteger-a-las-mascotas\/#article","isPartOf":{"@id":"https:\/\/fuentesfidedignas.com.mx\/index.php\/2022\/04\/26\/ante-aumento-de-temperaturas-especialista-recomienda-proteger-a-las-mascotas\/"},"author":{"name":"Redacci\u00f3n","@id":"https:\/\/fuentesfidedignas.com.mx\/#\/schema\/person\/331be9283d37198e2acd5750279085b0"},"headline":"Ante aumento de temperaturas, especialista recomienda proteger a las mascotas","datePublished":"2022-04-26T08:55:00+00:00","dateModified":"2022-04-26T11:57:39+00:00","mainEntityOfPage":{"@id":"https:\/\/fuentesfidedignas.com.mx\/index.php\/2022\/04\/26\/ante-aumento-de-temperaturas-especialista-recomienda-proteger-a-las-mascotas\/"},"wordCount":342,"commentCount":0,"publisher":{"@id":"https:\/\/fuentesfidedignas.com.mx\/#organization"},"image":{"@id":"https:\/\/fuentesfidedignas.com.mx\/index.php\/2022\/04\/26\/ante-aumento-de-temperaturas-especialista-recomienda-proteger-a-las-mascotas\/#primaryimage"},"thumbnailUrl":"https:\/\/fuentesfidedignas.com.mx\/wp-content\/uploads\/2022\/04\/Mascotas-en-temporada-de-calor.jpg","articleSection":["DERECHOS ANIMALES","SEMANALES"],"inLanguage":"es","potentialAction":[{"@type":"CommentAction","name":"Comment","target":["https:\/\/fuentesfidedignas.com.mx\/index.php\/2022\/04\/26\/ante-aumento-de-temperaturas-especialista-recomienda-proteger-a-las-mascotas\/#respond"]}]},{"@type":"WebPage","@id":"https:\/\/fuentesfidedignas.com.mx\/index.php\/2022\/04\/26\/ante-aumento-de-temperaturas-especialista-recomienda-proteger-a-las-mascotas\/","url":"https:\/\/fuentesfidedignas.com.mx\/index.php\/2022\/04\/26\/ante-aumento-de-temperaturas-especialista-recomienda-proteger-a-las-mascotas\/","name":"Ante aumento de temperaturas, especialista recomienda proteger a las mascotas - Fuentes Fidedignas","isPartOf":{"@id":"https:\/\/fuentesfidedignas.com.mx\/#website"},"primaryImageOfPage":{"@id":"https:\/\/fuentesfidedignas.com.mx\/index.php\/2022\/04\/26\/ante-aumento-de-temperaturas-especialista-recomienda-proteger-a-las-mascotas\/#primaryimage"},"image":{"@id":"https:\/\/fuentesfidedignas.com.mx\/index.php\/2022\/04\/26\/ante-aumento-de-temperaturas-especialista-recomienda-proteger-a-las-mascotas\/#primaryimage"},"thumbnailUrl":"https:\/\/fuentesfidedignas.com.mx\/wp-content\/uploads\/2022\/04\/Mascotas-en-temporada-de-calor.jpg","datePublished":"2022-04-26T08:55:00+00:00","dateModified":"2022-04-26T11:57:39+00:00","breadcrumb":{"@id":"https:\/\/fuentesfidedignas.com.mx\/index.php\/2022\/04\/26\/ante-aumento-de-temperaturas-especialista-recomienda-proteger-a-las-mascotas\/#breadcrumb"},"inLanguage":"es","potentialAction":[{"@type":"ReadAction","target":["https:\/\/fuentesfidedignas.com.mx\/index.php\/2022\/04\/26\/ante-aumento-de-temperaturas-especialista-recomienda-proteger-a-las-mascotas\/"]}]},{"@type":"ImageObject","inLanguage":"es","@id":"https:\/\/fuentesfidedignas.com.mx\/index.php\/2022\/04\/26\/ante-aumento-de-temperaturas-especialista-recomienda-proteger-a-las-mascotas\/#primaryimage","url":"https:\/\/fuentesfidedignas.com.mx\/wp-content\/uploads\/2022\/04\/Mascotas-en-temporada-de-calor.jpg","contentUrl":"https:\/\/fuentesfidedignas.com.mx\/wp-content\/uploads\/2022\/04\/Mascotas-en-temporada-de-calor.jpg","width":840,"height":644},{"@type":"BreadcrumbList","@id":"https:\/\/fuentesfidedignas.com.mx\/index.php\/2022\/04\/26\/ante-aumento-de-temperaturas-especialista-recomienda-proteger-a-las-mascotas\/#breadcrumb","itemListElement":[{"@type":"ListItem","position":1,"name":"Inicio","item":"https:\/\/fuentesfidedignas.com.mx\/"},{"@type":"ListItem","position":2,"name":"Ante aumento de temperaturas, especialista recomienda proteger a las mascotas"}]},{"@type":"WebSite","@id":"https:\/\/fuentesfidedignas.com.mx\/#website","url":"https:\/\/fuentesfidedignas.com.mx\/","name":"Fuentes Fidedignas","description":"Otro sitio realizado con WordPress","publisher":{"@id":"https:\/\/fuentesfidedignas.com.mx\/#organization"},"potentialAction":[{"@type":"SearchAction","target":{"@type":"EntryPoint","urlTemplate":"https:\/\/fuentesfidedignas.com.mx\/?s={search_term_string}"},"query-input":{"@type":"PropertyValueSpecification","valueRequired":true,"valueName":"search_term_string"}}],"inLanguage":"es"},{"@type":"Organization","@id":"https:\/\/fuentesfidedignas.com.mx\/#organization","name":"Fuentes Fidedignas","url":"https:\/\/fuentesfidedignas.com.mx\/","logo":{"@type":"ImageObject","inLanguage":"es","@id":"https:\/\/fuentesfidedignas.com.mx\/#\/schema\/logo\/image\/","url":"https:\/\/fuentesfidedignas.com.mx\/wp-content\/uploads\/2021\/04\/logo-retina.png","contentUrl":"https:\/\/fuentesfidedignas.com.mx\/wp-content\/uploads\/2021\/04\/logo-retina.png","width":280,"height":51,"caption":"Fuentes Fidedignas"},"image":{"@id":"https:\/\/fuentesfidedignas.com.mx\/#\/schema\/logo\/image\/"},"sameAs":["https:\/\/www.facebook.com\/Fuentes-Fidedignas-368234489921644","https:\/\/x.com\/fidedignas"]},{"@type":"Person","@id":"https:\/\/fuentesfidedignas.com.mx\/#\/schema\/person\/331be9283d37198e2acd5750279085b0","name":"Redacci\u00f3n","image":{"@type":"ImageObject","inLanguage":"es","@id":"https:\/\/secure.gravatar.com\/avatar\/f6d8782c11d12b2d4ad3fbb6931aeab5309937a4d6cd2fc9cfaa28a6396a5aec?s=96&d=mm&r=g","url":"https:\/\/secure.gravatar.com\/avatar\/f6d8782c11d12b2d4ad3fbb6931aeab5309937a4d6cd2fc9cfaa28a6396a5aec?s=96&d=mm&r=g","contentUrl":"https:\/\/secure.gravatar.com\/avatar\/f6d8782c11d12b2d4ad3fbb6931aeab5309937a4d6cd2fc9cfaa28a6396a5aec?s=96&d=mm&r=g","caption":"Redacci\u00f3n"},"url":"https:\/\/fuentesfidedignas.com.mx\/index.php\/author\/redaccion\/"}]}},"_links":{"self":[{"href":"https:\/\/fuentesfidedignas.com.mx\/index.php\/wp-json\/wp\/v2\/posts\/29065","targetHints":{"allow":["GET"]}}],"collection":[{"href":"https:\/\/fuentesfidedignas.com.mx\/index.php\/wp-json\/wp\/v2\/posts"}],"about":[{"href":"https:\/\/fuentesfidedignas.com.mx\/index.php\/wp-json\/wp\/v2\/types\/post"}],"author":[{"embeddable":true,"href":"https:\/\/fuentesfidedignas.com.mx\/index.php\/wp-json\/wp\/v2\/users\/4"}],"replies":[{"embeddable":true,"href":"https:\/\/fuentesfidedignas.com.mx\/index.php\/wp-json\/wp\/v2\/comments?post=29065"}],"version-history":[{"count":1,"href":"https:\/\/fuentesfidedignas.com.mx\/index.php\/wp-json\/wp\/v2\/posts\/29065\/revisions"}],"predecessor-version":[{"id":29067,"href":"https:\/\/fuentesfidedignas.com.mx\/index.php\/wp-json\/wp\/v2\/posts\/29065\/revisions\/29067"}],"wp:featuredmedia":[{"embeddable":true,"href":"https:\/\/fuentesfidedignas.com.mx\/index.php\/wp-json\/wp\/v2\/media\/29066"}],"wp:attachment":[{"href":"https:\/\/fuentesfidedignas.com.mx\/index.php\/wp-json\/wp\/v2\/media?parent=29065"}],"wp:term":[{"taxonomy":"category","embeddable":true,"href":"https:\/\/fuentesfidedignas.com.mx\/index.php\/wp-json\/wp\/v2\/categories?post=29065"},{"taxonomy":"post_tag","embeddable":true,"href":"https:\/\/fuentesfidedignas.com.mx\/index.php\/wp-json\/wp\/v2\/tags?post=29065"}],"curies":[{"name":"wp","href":"https:\/\/api.w.org\/{rel}","templated":true}]}}