{"id":29035,"date":"2022-04-24T11:42:56","date_gmt":"2022-04-24T18:42:56","guid":{"rendered":"https:\/\/fuentesfidedignas.com.mx\/?p=29035"},"modified":"2022-04-24T11:42:58","modified_gmt":"2022-04-24T18:42:58","slug":"que-comience-el-ahorro-estas-son-las-novedades-de-camaras-y-pantalla-del-iphone-14","status":"publish","type":"post","link":"https:\/\/fuentesfidedignas.com.mx\/index.php\/2022\/04\/24\/que-comience-el-ahorro-estas-son-las-novedades-de-camaras-y-pantalla-del-iphone-14\/","title":{"rendered":"Que comience el ahorro: Estas son las novedades de c\u00e1maras y pantalla del IPhone 14"},"content":{"rendered":"\n<p><strong><em>Con la pr\u00f3xima l\u00ednea de iPhone 14, probablemente a solo unos cinco meses de distancia, \u00bfqu\u00e9 debemos esperar con la \u00faltima entrega?<\/em><\/strong><\/p>\n\n\n\n<p>Ciudad de M\u00e9xico.- Aunque pueda parecer que el iPhone 13 acaba de salir a la venta,\u00a0el lanzamiento del iPhone 14 es en menos de seis meses. Esto es lo que podemos esperar, incluidas las actualizaciones en las caracter\u00edsticas del n\u00facleo, tambi\u00e9n: m\u00e1s sobre futuras Mac y el iOS 15.5.<\/p>\n\n\n\n<h2 class=\"wp-block-heading\">El inicio<\/h2>\n\n\n\n<p>Comenzando con el iPhone 6 en 2014,\u00a0Apple cambi\u00f3 a un ciclo de tres a\u00f1os para nuevos dise\u00f1os de hardware.\u00a0En el a\u00f1o uno de nuevos dise\u00f1os, la compa\u00f1\u00eda present\u00f3 un aspecto completamente nuevo. En el a\u00f1o dos mantiene ese dise\u00f1o id\u00e9ntico, pero actualiza las partes internas.<\/p>\n\n\n\n<p>En el tercer a\u00f1o, el dise\u00f1o recibe algunos cambios clave.\u00a0Este patr\u00f3n ha existido para los \u00faltimos tres dise\u00f1os:<\/p>\n\n\n\n<ul class=\"wp-block-list\"><li>El iPhone 6 se lanz\u00f3 en 2014, seguido del iPhone 6s en 2015 con un dise\u00f1o id\u00e9ntico. El iPhone 7 luego debut\u00f3 en 2016 con l\u00edneas de antena actualizadas, una c\u00e1mara dual en el modelo Plus y la eliminaci\u00f3n del conector para auriculares, pero el mismo aspecto b\u00e1sico.<\/li><li>El iPhone X se lanz\u00f3 en 2017, seguido del iPhone Xs en 2018 con el mismo dise\u00f1o. Cuando el iPhone 11 aterriz\u00f3 en 2019, tuvo un nuevo sistema de c\u00e1mara y una parte trasera con textura mate.<\/li><li>Ahora, estamos en el ciclo de vida del iPhone 12. Ese dise\u00f1o fue introducido en 2020 y mantenido igual en 2021 con el iPhone 13. Para el iPhone 14 a finales de este a\u00f1o, se espera que tenga algunos cambios.<\/li><\/ul>\n\n\n\n<h2 class=\"wp-block-heading\">Las diferencias del iPhone 14<\/h2>\n\n\n\n<p>Con la pr\u00f3xima l\u00ednea de iPhone, probablemente a solo unos cinco meses de distancia, \u00bfqu\u00e9 debemos esperar con la \u00faltima entrega? En primer lugar,\u00a0el dise\u00f1o general del iPhone 12 y el iPhone 13 se quedar\u00e1 un a\u00f1o m\u00e1s.\u00a0Contar\u00e1 con los mismos bordes planos y esquinas redondeadas, pero como se ha informado en el pasado, habr\u00e1 una nueva muesca en los modelos Pro. Tambi\u00e9n\u00a0habr\u00e1 una c\u00e1mara m\u00e1s grandes para instalar nuevos sensores.<a href=\"https:\/\/www.elfinanciero.com.mx\/empresas\/2022\/04\/21\/los-clientes-en-mexico-tendran-dificultades-para-obtener-chips-hasta-el-2023\/\"><\/a><\/p>\n\n\n\n<p>Esa muesca\u00a0incluir\u00e1 un recorte en forma de p\u00edldora para Face ID y un recorte circular para la c\u00e1mara.\u00a0Eso ser\u00e1 la soluci\u00f3n de Apple hasta que sea capaz de incrustar completamente Face ID y la parte frontal frente a la c\u00e1mara en la propia pantalla. Eso est\u00e1 todav\u00eda a unos tres o cuatro a\u00f1os de distancia.<\/p>\n\n\n\n<p>Hablando de pantallas, una de las\u00a0mayores diferencias en la l\u00ednea de iPhone 14 es que Apple est\u00e1 sacudiendo sus tama\u00f1os de pantalla.\u00a0Aqu\u00ed est\u00e1n las pantallas del iPhone 13:<\/p>\n\n\n\n<ul class=\"wp-block-list\"><li>iPhone 13 mini de 5.4 pulgadas<\/li><li>iPhone 13 de 6.1 pulgadas<\/li><li>iPhone 13 Pro de 6.1 pulgadas<\/li><li>iPhone 13 Pro Max de 6.7 pulgadas<\/li><\/ul>\n\n\n\n<p>El rendimiento relativo de las ventas tanto de los m\u00e1s grandes como de los los tama\u00f1os m\u00e1s peque\u00f1os empujaron a Apple a repensar la alineaci\u00f3n.\u00a0El modelo m\u00e1ximo es extremadamente popular, particularmente en China, mientras que el mini no se vende lo suficientemente bien como para mantenerse. As\u00ed que aqu\u00ed est\u00e1 la soluci\u00f3n que Apple est\u00e1 planeando para el iPhone 14:<\/p>\n\n\n\n<ul class=\"wp-block-list\"><li>6.1-inch iPhone 14<\/li><li>6.7-inch iPhone 14 Max<\/li><li>6.1-inch iPhone 14 Pro<\/li><li>6.7-inch iPhone 14 Pro Max<\/li><\/ul>\n\n\n\n<p>Entonces, por primera vez,\u00a0la l\u00ednea de iPhone no Pro obtendr\u00e1 un opci\u00f3n de pantalla de 6.7 pulgadas. Creo que esa versi\u00f3n del tel\u00e9fono ser\u00e1 extremadamente popular dado que los usuarios ahora podr\u00e1n obtener el tama\u00f1o de iPhone m\u00e1s grande de Apple por al menos 200 d\u00f3lares menos que antes.<\/p>\n\n\n\n<p>Sin embargo, eso crea un enigma: \u00bfC\u00f3mo Apple planea diferenciar sus tel\u00e9fonos Pro y no Pro? Ahora mismo,\u00a0la gran diferencia es un teleobjetivo, bordes de acero inoxidable, un esc\u00e1ner lidar, una pantalla ProMotion, algunas horas m\u00e1s de duraci\u00f3n de la bater\u00eda, un n\u00facleo de gr\u00e1ficos adicional y una opci\u00f3n de almacenamiento de 1 terabyte.<\/p>\n\n\n\n<p>Eso no parece suficiente para justificar la superioridad el estado Pro del dispositivo final. Pero\u00a0Apple est\u00e1 haciendo m\u00e1s para distinguir el iPhone 14 Pro de los modelos de gama baja:<\/p>\n\n\n\n<ul class=\"wp-block-list\"><li>El nuevo sensor de 48 megap\u00edxeles para el gran \u00e1ngulo de la c\u00e1mara(que es esencialmente la c\u00e1mara \u201cprincipal\u201d en el iPhone) ser\u00e1 exclusivo de los modelos Pro. El iPhone normal de la l\u00ednea 14 se adherir\u00e1 a un disparador de 12 megap\u00edxeles.<\/li><li>Como se ha informado, los modelos Pro obtendr\u00e1n el nuevo A16 de Apple chip, mientras que es probable que los modelos est\u00e1ndar se adhieran al A15 del a\u00f1o pasado o una variante del mismo. M\u00e1s all\u00e1 de intentar hacer que el Pro se destaque, la escasez de chips puede haber contribuido a esta decisi\u00f3n.<\/li><\/ul>\n\n\n\n<p>Para los aficionados a la c\u00e1mara,\u00a0la mejora en el sensor es un buen punto de venta para pasar del regular al Pro, pero yo dudo que un salto de procesador de una sola generaci\u00f3n sea suficiente para influir en un elecci\u00f3n del usuario.<\/p>\n\n\n\n<p>Adem\u00e1s de las actualizaciones orientadas hacia el exterior,\u00a0Apple todav\u00eda est\u00e1 trabajando para llevar conectividad satelital al iPhone.\u00a0La compa\u00f1\u00eda primero apunt\u00f3 en agregar las caracter\u00edsticas del modelo del a\u00f1o pasado, pero ahora la capacidad podr\u00eda estar lista esta vez.<\/p>\n\n\n\n<p>Para ser claros:\u00a0el iPhone no tendr\u00e1 la capacidad de realizar llamadas a trav\u00e9s de redes satelitales.\u00a0En cambio, la funci\u00f3n es dise\u00f1ada para reportar emergencias o enviar textos cortos a contactos emergencias cuando est\u00e1 fuera del alcance del servicio celular. Puedes leer mi historia del a\u00f1o pasado para m\u00e1s detalles.<\/p>\n\n\n\n<p>Desde que se inform\u00f3 que el iPhone est\u00e1 ganando la funci\u00f3n, escuch\u00e9 que\u00a0el Apple Watch tambi\u00e9n est\u00e1 destinado a conseguir esa funcionalidad, ya sea este a\u00f1o o en 2023.\u00a0Ya sea en el iPhone o Apple Watch, la tecnolog\u00eda proporcionar\u00eda una alternativa a Garmin inReach Explorer y SPOT o a los comunicadores satelitales de caracter\u00edsticas similares.<\/p>\n\n\n\n<p>Ha habido se\u00f1ales \u00faltimamente de que Apple y su aparente socio satelital, Globalstar podr\u00edan estar cada vez m\u00e1s cerca de lanzamiento de tal funci\u00f3n. En febrero, Globalstar dijo que lleg\u00f3 a un acuerdo para comprar 17 nuevos sat\u00e9lites para ayudar a impulsar los \u201cservicios satelitales continuos\u201d para un \u201cpotencial\u201d\u2014y sin nombre- cliente que le hab\u00eda pagado cientos de millones de d\u00f3lares.<\/p>\n\n\n\n<p>\u00bfEse cliente es Apple? Probablemente tengamos menos de seis meses para enterarnos. A la banca agregue un iMac basado en M3 a su lista de futuros modelos. La \u00faltima semana, detall\u00e9 la hoja de ruta de Apple para el chip M2 y Mac. Los planes incluyen:<\/p>\n\n\n\n<ul class=\"wp-block-list\"><li>Un chip M2 para una nueva MacBook Air, MacBook Pro de nivel de entrada y mini mac.<\/li><li>Chips M2 Pro y M2 Max para un nuevo MacBook Pro de 14 pulgadas y 16-MacBook Pro de pulgadas.<\/li><li>Un chip dual M2 Ultra para Mac Pro.<\/li><\/ul>\n\n\n\n<p>Desde entonces, he o\u00eddo que&nbsp;<strong>los chips M2 no son los \u00fanicos los que est\u00e1n en pruebas dentro de Apple<\/strong>. Y si est\u00e1s esperando una nueva iMac, escuch\u00e9 que ya hay una versi\u00f3n M3 de ese escritorio en el horno, aunque me imagino que no se lanzar\u00e1 hasta el final del pr\u00f3ximo a\u00f1o como m\u00ednimo. Adem\u00e1s, para aquellos que preguntan, sigo pensando que la llegada del iMac Pro simplemente no ser\u00e1 pronto.<\/p>\n\n\n\n<p>WWDC est\u00e1 a solo unas semanas de distancia, con\u00a0la conferencia anual prevista para principios de junio. Ah\u00ed es cuando Apple mostrar\u00e1 iOS 16, watchOS 9, macOS 13 y muchos otros programas e importantes actualizaciones para sus dispositivos.\u00a0Pero todav\u00eda hay una actualizaci\u00f3n m\u00e1s para iOS 15 en camino: 15.5.<\/p>\n\n\n\n<p>La actualizaci\u00f3n entr\u00f3 en su segunda versi\u00f3n beta la semana pasada.\u00a0Las nuevas caracter\u00edsticas son escasas, y el lanzamiento se trata m\u00e1s de correcciones de errores\u00a0y compatibilidad con algunas Mac pr\u00f3ximas. Pero hay algunas caracter\u00edsticas que mencionar:<\/p>\n\n\n\n<ul class=\"wp-block-list\"><li>Ahora hay botones en la aplicaci\u00f3n Wallet debajo de Apple Cash Tarjetas para enviar y recibir dinero. Antes necesitabas hacer esto dentro de Mensajes.<\/li><li>Ahora puede obtener indicadores de intensidad de la se\u00f1al Wi-Fi para poder emparejar los HomePods dentro de la aplicaci\u00f3n Home.<\/li><li>La tarjeta iTunes Pass, una tarjeta digital para almacenar iTunes y los fondos de la App Store ahora se llaman Apple Account Card.<\/li><li>El c\u00f3digo dentro de iOS 15.5 revela un soporte subyacente para la pr\u00f3xima aplicaci\u00f3n de m\u00fasica cl\u00e1sica, que se basa en la empresa adquirida de Primephonic.<\/li><\/ul>\n\n\n\n<p>Apple tambi\u00e9n\u00a0est\u00e1 ampliando la detecci\u00f3n de im\u00e1genes de desnudos de ni\u00f1os en iPhones, enviadas dentro de la aplicaci\u00f3n de mensajes fuera de los Estados Unidos. Esta funci\u00f3n llegar\u00e1 al Reino Unido, Canad\u00e1, Australia y Nueva Zelanda.<\/p>\n\n\n\n<p>La compa\u00f1\u00eda dar\u00e1 el reporte de su segundo trimestre fiscal, que concluy\u00f3 a fines del pasado mes. Durante el per\u00edodo, Apple lanz\u00f3 un iPhone SE actualizado, Mac Studio y una nueva pantalla.\u00a0Los analistas est\u00e1n esperando que supere los 94 mil millones de d\u00f3lares en ingresos, un 5 por ciento m\u00e1s que el a\u00f1o anterior, en lo que podr\u00eda ser\u00e1 el mayor trimestre del a\u00f1o no festivo de Apple.<\/p>\n\n\n\n<p>Del 6 al 10 de junio: WWDC 2022. La conferencia de desarrolladores de Apple tendr\u00e1 lugar durante toda esta semana, de manera virtual. Sin embargo, la gran noticia ser\u00e1 el lunes, cuando la compa\u00f1\u00eda celebre su reuni\u00f3n anual, durante el discurso de apertura se anunciar\u00e1 su \u00faltimo software y otros productos. M\u00e1s tarde ese d\u00eda, Apple llevar\u00e1 a cabo una reuni\u00f3n centrada en los desarrolladores.<\/p>\n\n\n\n<p>Preguntas y respuestas posteriores al evento:<\/p>\n\n\n\n<p>P: \u00bfCu\u00e1ndo se supone que el servicio \u201ccompre ahora, pague despu\u00e9s\u201d de Apple se lanzar\u00e1?<\/p>\n\n\n\n<p>R: El servicio estaba originalmente programado para el a\u00f1o pasado, pero se han enfrentado a algunos retrasos. En este punto, esperar\u00eda que se lance en alg\u00fan momento de la segunda mitad de este a\u00f1o o el pr\u00f3ximo a\u00f1o. El desarrollo avanza a toda velocidad y Apple tiene la intenci\u00f3n de adjuntar el servicio, como su pr\u00f3ximo programa de suscripci\u00f3n de hardware de iPhone, a su nueva plataforma de servicios financieros.<\/p>\n\n\n\n<p>P: \u00bfCu\u00e1ndo se expandir\u00e1 Apple Card fuera de los EU?<\/p>\n\n\n\n<p>R: Es sorprendente que hayan pasado tres a\u00f1os desde el lanzamiento de la tarjeta y la tarjeta de cr\u00e9dito de Apple y que est\u00e1 no est\u00e1 disponible en otros pa\u00edses. Tampoco est\u00e1 claro cu\u00e1ndo puede suceder esto. La expansi\u00f3n depende esencialmente de la capacidad de Apple para encontrar socios extranjeros similares a Goldman Sachs Group, que maneja la infraestructura de back-end para Apple Card a nivel nacional eso es a menos de que la compa\u00f1\u00eda mueva la Apple Card a su sistema financiero de pr\u00f3xima generaci\u00f3n, que podr\u00eda ser la forma m\u00e1s f\u00e1cil de llevar a pa\u00edses adicionales.<\/p>\n\n\n\n<p>P: \u00bfApple adquirir\u00eda Twitter?<\/p>\n\n\n\n<p>R: Se habla mucho de Twitter en estos d\u00edas dado que el intento de adquisici\u00f3n de Musk. Eso ha llevado a algunos a preguntarse qui\u00e9n m\u00e1s podr\u00eda estar dispuesto a participar y competir por un trato \u00bfser\u00e1 Apple? No, las redes sociales han sido un fracaso para Apple y claramente no es un un \u00e1rea de inter\u00e9s. Apple tampoco gasta mucho dinero cuando se trata de comprar compa\u00f1\u00edas, no hay planeta en el que Apple deje caer m\u00e1s de 40 mil millones de d\u00f3lares que ser\u00edan necesarios para incorporar Twitter, un negocio que no ha podido generar grandes ganancias a pesar de su base de usuarios adictos.<\/p>\n","protected":false},"excerpt":{"rendered":"<p>Con la pr\u00f3xima l\u00ednea de iPhone 14, probablemente a solo unos cinco meses de distancia, \u00bfqu\u00e9 debemos esperar con la \u00faltima entrega? Ciudad de M\u00e9xico.- Aunque pueda parecer que el iPhone 13 acaba de salir a la venta,\u00a0el lanzamiento del iPhone 14 es en menos de seis meses. Esto es lo que podemos esperar, incluidas [&hellip;]<\/p>\n","protected":false},"author":21,"featured_media":29036,"comment_status":"open","ping_status":"open","sticky":false,"template":"","format":"standard","meta":{"tdm_status":"","tdm_grid_status":"","footnotes":""},"categories":[39],"tags":[1603,2642],"class_list":{"0":"post-29035","1":"post","2":"type-post","3":"status-publish","4":"format-standard","5":"has-post-thumbnail","7":"category-noticias-nacionales","8":"tag-apple","9":"tag-iphone-14"},"yoast_head":"<!-- This site is optimized with the Yoast SEO plugin v27.5 - https:\/\/yoast.com\/product\/yoast-seo-wordpress\/ -->\n<title>Que comience el ahorro: Estas son las novedades de c\u00e1maras y pantalla del IPhone 14 - Fuentes Fidedignas<\/title>\n<meta name=\"robots\" content=\"index, follow, max-snippet:-1, max-image-preview:large, max-video-preview:-1\" \/>\n<link rel=\"canonical\" href=\"https:\/\/fuentesfidedignas.com.mx\/index.php\/2022\/04\/24\/que-comience-el-ahorro-estas-son-las-novedades-de-camaras-y-pantalla-del-iphone-14\/\" \/>\n<meta property=\"og:locale\" content=\"es_MX\" \/>\n<meta property=\"og:type\" content=\"article\" \/>\n<meta property=\"og:title\" content=\"Que comience el ahorro: Estas son las novedades de c\u00e1maras y pantalla del IPhone 14 - Fuentes Fidedignas\" \/>\n<meta property=\"og:description\" content=\"Con la pr\u00f3xima l\u00ednea de iPhone 14, probablemente a solo unos cinco meses de distancia, \u00bfqu\u00e9 debemos esperar con la \u00faltima entrega? Ciudad de M\u00e9xico.- Aunque pueda parecer que el iPhone 13 acaba de salir a la venta,\u00a0el lanzamiento del iPhone 14 es en menos de seis meses. Esto es lo que podemos esperar, incluidas [&hellip;]\" \/>\n<meta property=\"og:url\" content=\"https:\/\/fuentesfidedignas.com.mx\/index.php\/2022\/04\/24\/que-comience-el-ahorro-estas-son-las-novedades-de-camaras-y-pantalla-del-iphone-14\/\" \/>\n<meta property=\"og:site_name\" content=\"Fuentes Fidedignas\" \/>\n<meta property=\"article:publisher\" content=\"https:\/\/www.facebook.com\/Fuentes-Fidedignas-368234489921644\" \/>\n<meta property=\"article:published_time\" content=\"2022-04-24T18:42:56+00:00\" \/>\n<meta property=\"article:modified_time\" content=\"2022-04-24T18:42:58+00:00\" \/>\n<meta property=\"og:image\" content=\"https:\/\/fuentesfidedignas.com.mx\/wp-content\/uploads\/2022\/04\/APPLE_1.jpg\" \/>\n\t<meta property=\"og:image:width\" content=\"1600\" \/>\n\t<meta property=\"og:image:height\" content=\"900\" \/>\n\t<meta property=\"og:image:type\" content=\"image\/jpeg\" \/>\n<meta name=\"author\" content=\"El Financiero\" \/>\n<meta name=\"twitter:card\" content=\"summary_large_image\" \/>\n<meta name=\"twitter:creator\" content=\"@fidedignas\" \/>\n<meta name=\"twitter:site\" content=\"@fidedignas\" \/>\n<meta name=\"twitter:label1\" content=\"Escrito por\" \/>\n\t<meta name=\"twitter:data1\" content=\"El Financiero\" \/>\n\t<meta name=\"twitter:label2\" content=\"Tiempo de lectura\" \/>\n\t<meta name=\"twitter:data2\" content=\"9 minutos\" \/>\n<script type=\"application\/ld+json\" class=\"yoast-schema-graph\">{\"@context\":\"https:\\\/\\\/schema.org\",\"@graph\":[{\"@type\":\"Article\",\"@id\":\"https:\\\/\\\/fuentesfidedignas.com.mx\\\/index.php\\\/2022\\\/04\\\/24\\\/que-comience-el-ahorro-estas-son-las-novedades-de-camaras-y-pantalla-del-iphone-14\\\/#article\",\"isPartOf\":{\"@id\":\"https:\\\/\\\/fuentesfidedignas.com.mx\\\/index.php\\\/2022\\\/04\\\/24\\\/que-comience-el-ahorro-estas-son-las-novedades-de-camaras-y-pantalla-del-iphone-14\\\/\"},\"author\":{\"name\":\"El Financiero\",\"@id\":\"https:\\\/\\\/fuentesfidedignas.com.mx\\\/#\\\/schema\\\/person\\\/494f7e0dce8dfaaec5b64f16615b78e9\"},\"headline\":\"Que comience el ahorro: Estas son las novedades de c\u00e1maras y pantalla del IPhone 14\",\"datePublished\":\"2022-04-24T18:42:56+00:00\",\"dateModified\":\"2022-04-24T18:42:58+00:00\",\"mainEntityOfPage\":{\"@id\":\"https:\\\/\\\/fuentesfidedignas.com.mx\\\/index.php\\\/2022\\\/04\\\/24\\\/que-comience-el-ahorro-estas-son-las-novedades-de-camaras-y-pantalla-del-iphone-14\\\/\"},\"wordCount\":1987,\"commentCount\":0,\"publisher\":{\"@id\":\"https:\\\/\\\/fuentesfidedignas.com.mx\\\/#organization\"},\"image\":{\"@id\":\"https:\\\/\\\/fuentesfidedignas.com.mx\\\/index.php\\\/2022\\\/04\\\/24\\\/que-comience-el-ahorro-estas-son-las-novedades-de-camaras-y-pantalla-del-iphone-14\\\/#primaryimage\"},\"thumbnailUrl\":\"https:\\\/\\\/fuentesfidedignas.com.mx\\\/wp-content\\\/uploads\\\/2022\\\/04\\\/APPLE_1.jpg\",\"keywords\":[\"Apple\",\"IPhone 14\"],\"articleSection\":[\"NOTICIAS NACIONALES\"],\"inLanguage\":\"es\",\"potentialAction\":[{\"@type\":\"CommentAction\",\"name\":\"Comment\",\"target\":[\"https:\\\/\\\/fuentesfidedignas.com.mx\\\/index.php\\\/2022\\\/04\\\/24\\\/que-comience-el-ahorro-estas-son-las-novedades-de-camaras-y-pantalla-del-iphone-14\\\/#respond\"]}]},{\"@type\":\"WebPage\",\"@id\":\"https:\\\/\\\/fuentesfidedignas.com.mx\\\/index.php\\\/2022\\\/04\\\/24\\\/que-comience-el-ahorro-estas-son-las-novedades-de-camaras-y-pantalla-del-iphone-14\\\/\",\"url\":\"https:\\\/\\\/fuentesfidedignas.com.mx\\\/index.php\\\/2022\\\/04\\\/24\\\/que-comience-el-ahorro-estas-son-las-novedades-de-camaras-y-pantalla-del-iphone-14\\\/\",\"name\":\"Que comience el ahorro: Estas son las novedades de c\u00e1maras y pantalla del IPhone 14 - Fuentes Fidedignas\",\"isPartOf\":{\"@id\":\"https:\\\/\\\/fuentesfidedignas.com.mx\\\/#website\"},\"primaryImageOfPage\":{\"@id\":\"https:\\\/\\\/fuentesfidedignas.com.mx\\\/index.php\\\/2022\\\/04\\\/24\\\/que-comience-el-ahorro-estas-son-las-novedades-de-camaras-y-pantalla-del-iphone-14\\\/#primaryimage\"},\"image\":{\"@id\":\"https:\\\/\\\/fuentesfidedignas.com.mx\\\/index.php\\\/2022\\\/04\\\/24\\\/que-comience-el-ahorro-estas-son-las-novedades-de-camaras-y-pantalla-del-iphone-14\\\/#primaryimage\"},\"thumbnailUrl\":\"https:\\\/\\\/fuentesfidedignas.com.mx\\\/wp-content\\\/uploads\\\/2022\\\/04\\\/APPLE_1.jpg\",\"datePublished\":\"2022-04-24T18:42:56+00:00\",\"dateModified\":\"2022-04-24T18:42:58+00:00\",\"breadcrumb\":{\"@id\":\"https:\\\/\\\/fuentesfidedignas.com.mx\\\/index.php\\\/2022\\\/04\\\/24\\\/que-comience-el-ahorro-estas-son-las-novedades-de-camaras-y-pantalla-del-iphone-14\\\/#breadcrumb\"},\"inLanguage\":\"es\",\"potentialAction\":[{\"@type\":\"ReadAction\",\"target\":[\"https:\\\/\\\/fuentesfidedignas.com.mx\\\/index.php\\\/2022\\\/04\\\/24\\\/que-comience-el-ahorro-estas-son-las-novedades-de-camaras-y-pantalla-del-iphone-14\\\/\"]}]},{\"@type\":\"ImageObject\",\"inLanguage\":\"es\",\"@id\":\"https:\\\/\\\/fuentesfidedignas.com.mx\\\/index.php\\\/2022\\\/04\\\/24\\\/que-comience-el-ahorro-estas-son-las-novedades-de-camaras-y-pantalla-del-iphone-14\\\/#primaryimage\",\"url\":\"https:\\\/\\\/fuentesfidedignas.com.mx\\\/wp-content\\\/uploads\\\/2022\\\/04\\\/APPLE_1.jpg\",\"contentUrl\":\"https:\\\/\\\/fuentesfidedignas.com.mx\\\/wp-content\\\/uploads\\\/2022\\\/04\\\/APPLE_1.jpg\",\"width\":1600,\"height\":900},{\"@type\":\"BreadcrumbList\",\"@id\":\"https:\\\/\\\/fuentesfidedignas.com.mx\\\/index.php\\\/2022\\\/04\\\/24\\\/que-comience-el-ahorro-estas-son-las-novedades-de-camaras-y-pantalla-del-iphone-14\\\/#breadcrumb\",\"itemListElement\":[{\"@type\":\"ListItem\",\"position\":1,\"name\":\"Inicio\",\"item\":\"https:\\\/\\\/fuentesfidedignas.com.mx\\\/\"},{\"@type\":\"ListItem\",\"position\":2,\"name\":\"Que comience el ahorro: Estas son las novedades de c\u00e1maras y pantalla del IPhone 14\"}]},{\"@type\":\"WebSite\",\"@id\":\"https:\\\/\\\/fuentesfidedignas.com.mx\\\/#website\",\"url\":\"https:\\\/\\\/fuentesfidedignas.com.mx\\\/\",\"name\":\"Fuentes Fidedignas\",\"description\":\"Otro sitio realizado con WordPress\",\"publisher\":{\"@id\":\"https:\\\/\\\/fuentesfidedignas.com.mx\\\/#organization\"},\"potentialAction\":[{\"@type\":\"SearchAction\",\"target\":{\"@type\":\"EntryPoint\",\"urlTemplate\":\"https:\\\/\\\/fuentesfidedignas.com.mx\\\/?s={search_term_string}\"},\"query-input\":{\"@type\":\"PropertyValueSpecification\",\"valueRequired\":true,\"valueName\":\"search_term_string\"}}],\"inLanguage\":\"es\"},{\"@type\":\"Organization\",\"@id\":\"https:\\\/\\\/fuentesfidedignas.com.mx\\\/#organization\",\"name\":\"Fuentes Fidedignas\",\"url\":\"https:\\\/\\\/fuentesfidedignas.com.mx\\\/\",\"logo\":{\"@type\":\"ImageObject\",\"inLanguage\":\"es\",\"@id\":\"https:\\\/\\\/fuentesfidedignas.com.mx\\\/#\\\/schema\\\/logo\\\/image\\\/\",\"url\":\"https:\\\/\\\/fuentesfidedignas.com.mx\\\/wp-content\\\/uploads\\\/2021\\\/04\\\/logo-retina.png\",\"contentUrl\":\"https:\\\/\\\/fuentesfidedignas.com.mx\\\/wp-content\\\/uploads\\\/2021\\\/04\\\/logo-retina.png\",\"width\":280,\"height\":51,\"caption\":\"Fuentes Fidedignas\"},\"image\":{\"@id\":\"https:\\\/\\\/fuentesfidedignas.com.mx\\\/#\\\/schema\\\/logo\\\/image\\\/\"},\"sameAs\":[\"https:\\\/\\\/www.facebook.com\\\/Fuentes-Fidedignas-368234489921644\",\"https:\\\/\\\/x.com\\\/fidedignas\"]},{\"@type\":\"Person\",\"@id\":\"https:\\\/\\\/fuentesfidedignas.com.mx\\\/#\\\/schema\\\/person\\\/494f7e0dce8dfaaec5b64f16615b78e9\",\"name\":\"El Financiero\",\"image\":{\"@type\":\"ImageObject\",\"inLanguage\":\"es\",\"@id\":\"https:\\\/\\\/secure.gravatar.com\\\/avatar\\\/88c0f3f2079389318ef8dd35c22cb997212aa89646e357ba59b318db26ed91a9?s=96&d=mm&r=g\",\"url\":\"https:\\\/\\\/secure.gravatar.com\\\/avatar\\\/88c0f3f2079389318ef8dd35c22cb997212aa89646e357ba59b318db26ed91a9?s=96&d=mm&r=g\",\"contentUrl\":\"https:\\\/\\\/secure.gravatar.com\\\/avatar\\\/88c0f3f2079389318ef8dd35c22cb997212aa89646e357ba59b318db26ed91a9?s=96&d=mm&r=g\",\"caption\":\"El Financiero\"},\"url\":\"https:\\\/\\\/fuentesfidedignas.com.mx\\\/index.php\\\/author\\\/financiero\\\/\"}]}<\/script>\n<!-- \/ Yoast SEO plugin. -->","yoast_head_json":{"title":"Que comience el ahorro: Estas son las novedades de c\u00e1maras y pantalla del IPhone 14 - Fuentes Fidedignas","robots":{"index":"index","follow":"follow","max-snippet":"max-snippet:-1","max-image-preview":"max-image-preview:large","max-video-preview":"max-video-preview:-1"},"canonical":"https:\/\/fuentesfidedignas.com.mx\/index.php\/2022\/04\/24\/que-comience-el-ahorro-estas-son-las-novedades-de-camaras-y-pantalla-del-iphone-14\/","og_locale":"es_MX","og_type":"article","og_title":"Que comience el ahorro: Estas son las novedades de c\u00e1maras y pantalla del IPhone 14 - Fuentes Fidedignas","og_description":"Con la pr\u00f3xima l\u00ednea de iPhone 14, probablemente a solo unos cinco meses de distancia, \u00bfqu\u00e9 debemos esperar con la \u00faltima entrega? Ciudad de M\u00e9xico.- Aunque pueda parecer que el iPhone 13 acaba de salir a la venta,\u00a0el lanzamiento del iPhone 14 es en menos de seis meses. Esto es lo que podemos esperar, incluidas [&hellip;]","og_url":"https:\/\/fuentesfidedignas.com.mx\/index.php\/2022\/04\/24\/que-comience-el-ahorro-estas-son-las-novedades-de-camaras-y-pantalla-del-iphone-14\/","og_site_name":"Fuentes Fidedignas","article_publisher":"https:\/\/www.facebook.com\/Fuentes-Fidedignas-368234489921644","article_published_time":"2022-04-24T18:42:56+00:00","article_modified_time":"2022-04-24T18:42:58+00:00","og_image":[{"width":1600,"height":900,"url":"https:\/\/fuentesfidedignas.com.mx\/wp-content\/uploads\/2022\/04\/APPLE_1.jpg","type":"image\/jpeg"}],"author":"El Financiero","twitter_card":"summary_large_image","twitter_creator":"@fidedignas","twitter_site":"@fidedignas","twitter_misc":{"Escrito por":"El Financiero","Tiempo de lectura":"9 minutos"},"schema":{"@context":"https:\/\/schema.org","@graph":[{"@type":"Article","@id":"https:\/\/fuentesfidedignas.com.mx\/index.php\/2022\/04\/24\/que-comience-el-ahorro-estas-son-las-novedades-de-camaras-y-pantalla-del-iphone-14\/#article","isPartOf":{"@id":"https:\/\/fuentesfidedignas.com.mx\/index.php\/2022\/04\/24\/que-comience-el-ahorro-estas-son-las-novedades-de-camaras-y-pantalla-del-iphone-14\/"},"author":{"name":"El Financiero","@id":"https:\/\/fuentesfidedignas.com.mx\/#\/schema\/person\/494f7e0dce8dfaaec5b64f16615b78e9"},"headline":"Que comience el ahorro: Estas son las novedades de c\u00e1maras y pantalla del IPhone 14","datePublished":"2022-04-24T18:42:56+00:00","dateModified":"2022-04-24T18:42:58+00:00","mainEntityOfPage":{"@id":"https:\/\/fuentesfidedignas.com.mx\/index.php\/2022\/04\/24\/que-comience-el-ahorro-estas-son-las-novedades-de-camaras-y-pantalla-del-iphone-14\/"},"wordCount":1987,"commentCount":0,"publisher":{"@id":"https:\/\/fuentesfidedignas.com.mx\/#organization"},"image":{"@id":"https:\/\/fuentesfidedignas.com.mx\/index.php\/2022\/04\/24\/que-comience-el-ahorro-estas-son-las-novedades-de-camaras-y-pantalla-del-iphone-14\/#primaryimage"},"thumbnailUrl":"https:\/\/fuentesfidedignas.com.mx\/wp-content\/uploads\/2022\/04\/APPLE_1.jpg","keywords":["Apple","IPhone 14"],"articleSection":["NOTICIAS NACIONALES"],"inLanguage":"es","potentialAction":[{"@type":"CommentAction","name":"Comment","target":["https:\/\/fuentesfidedignas.com.mx\/index.php\/2022\/04\/24\/que-comience-el-ahorro-estas-son-las-novedades-de-camaras-y-pantalla-del-iphone-14\/#respond"]}]},{"@type":"WebPage","@id":"https:\/\/fuentesfidedignas.com.mx\/index.php\/2022\/04\/24\/que-comience-el-ahorro-estas-son-las-novedades-de-camaras-y-pantalla-del-iphone-14\/","url":"https:\/\/fuentesfidedignas.com.mx\/index.php\/2022\/04\/24\/que-comience-el-ahorro-estas-son-las-novedades-de-camaras-y-pantalla-del-iphone-14\/","name":"Que comience el ahorro: Estas son las novedades de c\u00e1maras y pantalla del IPhone 14 - Fuentes Fidedignas","isPartOf":{"@id":"https:\/\/fuentesfidedignas.com.mx\/#website"},"primaryImageOfPage":{"@id":"https:\/\/fuentesfidedignas.com.mx\/index.php\/2022\/04\/24\/que-comience-el-ahorro-estas-son-las-novedades-de-camaras-y-pantalla-del-iphone-14\/#primaryimage"},"image":{"@id":"https:\/\/fuentesfidedignas.com.mx\/index.php\/2022\/04\/24\/que-comience-el-ahorro-estas-son-las-novedades-de-camaras-y-pantalla-del-iphone-14\/#primaryimage"},"thumbnailUrl":"https:\/\/fuentesfidedignas.com.mx\/wp-content\/uploads\/2022\/04\/APPLE_1.jpg","datePublished":"2022-04-24T18:42:56+00:00","dateModified":"2022-04-24T18:42:58+00:00","breadcrumb":{"@id":"https:\/\/fuentesfidedignas.com.mx\/index.php\/2022\/04\/24\/que-comience-el-ahorro-estas-son-las-novedades-de-camaras-y-pantalla-del-iphone-14\/#breadcrumb"},"inLanguage":"es","potentialAction":[{"@type":"ReadAction","target":["https:\/\/fuentesfidedignas.com.mx\/index.php\/2022\/04\/24\/que-comience-el-ahorro-estas-son-las-novedades-de-camaras-y-pantalla-del-iphone-14\/"]}]},{"@type":"ImageObject","inLanguage":"es","@id":"https:\/\/fuentesfidedignas.com.mx\/index.php\/2022\/04\/24\/que-comience-el-ahorro-estas-son-las-novedades-de-camaras-y-pantalla-del-iphone-14\/#primaryimage","url":"https:\/\/fuentesfidedignas.com.mx\/wp-content\/uploads\/2022\/04\/APPLE_1.jpg","contentUrl":"https:\/\/fuentesfidedignas.com.mx\/wp-content\/uploads\/2022\/04\/APPLE_1.jpg","width":1600,"height":900},{"@type":"BreadcrumbList","@id":"https:\/\/fuentesfidedignas.com.mx\/index.php\/2022\/04\/24\/que-comience-el-ahorro-estas-son-las-novedades-de-camaras-y-pantalla-del-iphone-14\/#breadcrumb","itemListElement":[{"@type":"ListItem","position":1,"name":"Inicio","item":"https:\/\/fuentesfidedignas.com.mx\/"},{"@type":"ListItem","position":2,"name":"Que comience el ahorro: Estas son las novedades de c\u00e1maras y pantalla del IPhone 14"}]},{"@type":"WebSite","@id":"https:\/\/fuentesfidedignas.com.mx\/#website","url":"https:\/\/fuentesfidedignas.com.mx\/","name":"Fuentes Fidedignas","description":"Otro sitio realizado con WordPress","publisher":{"@id":"https:\/\/fuentesfidedignas.com.mx\/#organization"},"potentialAction":[{"@type":"SearchAction","target":{"@type":"EntryPoint","urlTemplate":"https:\/\/fuentesfidedignas.com.mx\/?s={search_term_string}"},"query-input":{"@type":"PropertyValueSpecification","valueRequired":true,"valueName":"search_term_string"}}],"inLanguage":"es"},{"@type":"Organization","@id":"https:\/\/fuentesfidedignas.com.mx\/#organization","name":"Fuentes Fidedignas","url":"https:\/\/fuentesfidedignas.com.mx\/","logo":{"@type":"ImageObject","inLanguage":"es","@id":"https:\/\/fuentesfidedignas.com.mx\/#\/schema\/logo\/image\/","url":"https:\/\/fuentesfidedignas.com.mx\/wp-content\/uploads\/2021\/04\/logo-retina.png","contentUrl":"https:\/\/fuentesfidedignas.com.mx\/wp-content\/uploads\/2021\/04\/logo-retina.png","width":280,"height":51,"caption":"Fuentes Fidedignas"},"image":{"@id":"https:\/\/fuentesfidedignas.com.mx\/#\/schema\/logo\/image\/"},"sameAs":["https:\/\/www.facebook.com\/Fuentes-Fidedignas-368234489921644","https:\/\/x.com\/fidedignas"]},{"@type":"Person","@id":"https:\/\/fuentesfidedignas.com.mx\/#\/schema\/person\/494f7e0dce8dfaaec5b64f16615b78e9","name":"El Financiero","image":{"@type":"ImageObject","inLanguage":"es","@id":"https:\/\/secure.gravatar.com\/avatar\/88c0f3f2079389318ef8dd35c22cb997212aa89646e357ba59b318db26ed91a9?s=96&d=mm&r=g","url":"https:\/\/secure.gravatar.com\/avatar\/88c0f3f2079389318ef8dd35c22cb997212aa89646e357ba59b318db26ed91a9?s=96&d=mm&r=g","contentUrl":"https:\/\/secure.gravatar.com\/avatar\/88c0f3f2079389318ef8dd35c22cb997212aa89646e357ba59b318db26ed91a9?s=96&d=mm&r=g","caption":"El Financiero"},"url":"https:\/\/fuentesfidedignas.com.mx\/index.php\/author\/financiero\/"}]}},"_links":{"self":[{"href":"https:\/\/fuentesfidedignas.com.mx\/index.php\/wp-json\/wp\/v2\/posts\/29035","targetHints":{"allow":["GET"]}}],"collection":[{"href":"https:\/\/fuentesfidedignas.com.mx\/index.php\/wp-json\/wp\/v2\/posts"}],"about":[{"href":"https:\/\/fuentesfidedignas.com.mx\/index.php\/wp-json\/wp\/v2\/types\/post"}],"author":[{"embeddable":true,"href":"https:\/\/fuentesfidedignas.com.mx\/index.php\/wp-json\/wp\/v2\/users\/21"}],"replies":[{"embeddable":true,"href":"https:\/\/fuentesfidedignas.com.mx\/index.php\/wp-json\/wp\/v2\/comments?post=29035"}],"version-history":[{"count":1,"href":"https:\/\/fuentesfidedignas.com.mx\/index.php\/wp-json\/wp\/v2\/posts\/29035\/revisions"}],"predecessor-version":[{"id":29037,"href":"https:\/\/fuentesfidedignas.com.mx\/index.php\/wp-json\/wp\/v2\/posts\/29035\/revisions\/29037"}],"wp:featuredmedia":[{"embeddable":true,"href":"https:\/\/fuentesfidedignas.com.mx\/index.php\/wp-json\/wp\/v2\/media\/29036"}],"wp:attachment":[{"href":"https:\/\/fuentesfidedignas.com.mx\/index.php\/wp-json\/wp\/v2\/media?parent=29035"}],"wp:term":[{"taxonomy":"category","embeddable":true,"href":"https:\/\/fuentesfidedignas.com.mx\/index.php\/wp-json\/wp\/v2\/categories?post=29035"},{"taxonomy":"post_tag","embeddable":true,"href":"https:\/\/fuentesfidedignas.com.mx\/index.php\/wp-json\/wp\/v2\/tags?post=29035"}],"curies":[{"name":"wp","href":"https:\/\/api.w.org\/{rel}","templated":true}]}}