{"id":29022,"date":"2022-04-24T10:01:16","date_gmt":"2022-04-24T17:01:16","guid":{"rendered":"https:\/\/fuentesfidedignas.com.mx\/?p=29022"},"modified":"2022-04-24T10:01:17","modified_gmt":"2022-04-24T17:01:17","slug":"checo-perez-se-sube-al-podio-en-el-gran-premio-de-imola","status":"publish","type":"post","link":"https:\/\/fuentesfidedignas.com.mx\/index.php\/2022\/04\/24\/checo-perez-se-sube-al-podio-en-el-gran-premio-de-imola\/","title":{"rendered":"\u2018Checo\u2019 P\u00e9rez se sube al podio en el Gran Premio de Imola"},"content":{"rendered":"\n<p><strong><em>Checo P\u00e9rez se sube al podio detr\u00e1s de Max Verstappen sobrellevando un buen arranque de temporada en la F\u00f3rmula 1.<\/em><\/strong><\/p>\n\n\n\n<p>Ciudad de M\u00e9xico.- El neerland\u00e9s Max Verstappen (Red Bull), \u00faltimo campe\u00f3n del mundo, gan\u00f3 este domingo el Gran Premio de la Emilia Romagna, el cuarto del Mundial de F\u00f3rmula Uno, disputado en el circuito de Imola (Italia), donde su compa\u00f1ero mexicano Sergio P\u00e9rez acab\u00f3 en segunda posici\u00f3n una carrera en la que abandonaron los dos espa\u00f1oles, Carlos Sainz (Ferrari) y Fernando Alonso (Alpine).<\/p>\n\n\n\n<p>Verstappen, de 24 a\u00f1os, logr\u00f3 su vig\u00e9sima segunda victoria en la F1 -la segunda de la temporada, despu\u00e9s de la de Arabia Saud\u00ed- de forma brillante, firmando un \u2018Grand Chelem\u2019 (saliendo desde la \u2018pole\u2019, marcando la vuelta r\u00e1pida y liderando la carrera de principio a fin) y encabezando el \u2018doblete\u2019 de Red Bull por delante de \u2018Checo\u2019; en una carrera que el ingl\u00e9s Lando Norris (McLaren) acab\u00f3 tercero.<\/p>\n","protected":false},"excerpt":{"rendered":"<p>Checo P\u00e9rez se sube al podio detr\u00e1s de Max Verstappen sobrellevando un buen arranque de temporada en la F\u00f3rmula 1. Ciudad de M\u00e9xico.- El neerland\u00e9s Max Verstappen (Red Bull), \u00faltimo campe\u00f3n del mundo, gan\u00f3 este domingo el Gran Premio de la Emilia Romagna, el cuarto del Mundial de F\u00f3rmula Uno, disputado en el circuito de [&hellip;]<\/p>\n","protected":false},"author":5,"featured_media":29023,"comment_status":"open","ping_status":"open","sticky":false,"template":"","format":"standard","meta":{"tdm_status":"","tdm_grid_status":"","footnotes":""},"categories":[39],"tags":[],"class_list":{"0":"post-29022","1":"post","2":"type-post","3":"status-publish","4":"format-standard","5":"has-post-thumbnail","7":"category-noticias-nacionales"},"yoast_head":"<!-- This site is optimized with the Yoast SEO plugin v27.5 - https:\/\/yoast.com\/product\/yoast-seo-wordpress\/ -->\n<title>\u2018Checo\u2019 P\u00e9rez se sube al podio en el Gran Premio de Imola - Fuentes Fidedignas<\/title>\n<meta name=\"robots\" content=\"index, follow, max-snippet:-1, max-image-preview:large, max-video-preview:-1\" \/>\n<link rel=\"canonical\" href=\"https:\/\/fuentesfidedignas.com.mx\/index.php\/2022\/04\/24\/checo-perez-se-sube-al-podio-en-el-gran-premio-de-imola\/\" \/>\n<meta property=\"og:locale\" content=\"es_MX\" \/>\n<meta property=\"og:type\" content=\"article\" \/>\n<meta property=\"og:title\" content=\"\u2018Checo\u2019 P\u00e9rez se sube al podio en el Gran Premio de Imola - Fuentes Fidedignas\" \/>\n<meta property=\"og:description\" content=\"Checo P\u00e9rez se sube al podio detr\u00e1s de Max Verstappen sobrellevando un buen arranque de temporada en la F\u00f3rmula 1. Ciudad de M\u00e9xico.- El neerland\u00e9s Max Verstappen (Red Bull), \u00faltimo campe\u00f3n del mundo, gan\u00f3 este domingo el Gran Premio de la Emilia Romagna, el cuarto del Mundial de F\u00f3rmula Uno, disputado en el circuito de [&hellip;]\" \/>\n<meta property=\"og:url\" content=\"https:\/\/fuentesfidedignas.com.mx\/index.php\/2022\/04\/24\/checo-perez-se-sube-al-podio-en-el-gran-premio-de-imola\/\" \/>\n<meta property=\"og:site_name\" content=\"Fuentes Fidedignas\" \/>\n<meta property=\"article:publisher\" content=\"https:\/\/www.facebook.com\/Fuentes-Fidedignas-368234489921644\" \/>\n<meta property=\"article:published_time\" content=\"2022-04-24T17:01:16+00:00\" \/>\n<meta property=\"article:modified_time\" content=\"2022-04-24T17:01:17+00:00\" \/>\n<meta property=\"og:image\" content=\"https:\/\/fuentesfidedignas.com.mx\/wp-content\/uploads\/2022\/04\/Checo-Perez-temporada-2022-640x360-1.jpg\" \/>\n\t<meta property=\"og:image:width\" content=\"640\" \/>\n\t<meta property=\"og:image:height\" content=\"360\" \/>\n\t<meta property=\"og:image:type\" content=\"image\/jpeg\" \/>\n<meta name=\"author\" content=\"Forbes\" \/>\n<meta name=\"twitter:card\" content=\"summary_large_image\" \/>\n<meta name=\"twitter:creator\" content=\"@fidedignas\" \/>\n<meta name=\"twitter:site\" content=\"@fidedignas\" \/>\n<meta name=\"twitter:label1\" content=\"Escrito por\" \/>\n\t<meta name=\"twitter:data1\" content=\"Forbes\" \/>\n\t<meta name=\"twitter:label2\" content=\"Tiempo de lectura\" \/>\n\t<meta name=\"twitter:data2\" content=\"1 minuto\" \/>\n<script type=\"application\/ld+json\" class=\"yoast-schema-graph\">{\"@context\":\"https:\\\/\\\/schema.org\",\"@graph\":[{\"@type\":\"Article\",\"@id\":\"https:\\\/\\\/fuentesfidedignas.com.mx\\\/index.php\\\/2022\\\/04\\\/24\\\/checo-perez-se-sube-al-podio-en-el-gran-premio-de-imola\\\/#article\",\"isPartOf\":{\"@id\":\"https:\\\/\\\/fuentesfidedignas.com.mx\\\/index.php\\\/2022\\\/04\\\/24\\\/checo-perez-se-sube-al-podio-en-el-gran-premio-de-imola\\\/\"},\"author\":{\"name\":\"Forbes\",\"@id\":\"https:\\\/\\\/fuentesfidedignas.com.mx\\\/#\\\/schema\\\/person\\\/5623d53fe2e579d825b1679734abcc44\"},\"headline\":\"\u2018Checo\u2019 P\u00e9rez se sube al podio en el Gran Premio de Imola\",\"datePublished\":\"2022-04-24T17:01:16+00:00\",\"dateModified\":\"2022-04-24T17:01:17+00:00\",\"mainEntityOfPage\":{\"@id\":\"https:\\\/\\\/fuentesfidedignas.com.mx\\\/index.php\\\/2022\\\/04\\\/24\\\/checo-perez-se-sube-al-podio-en-el-gran-premio-de-imola\\\/\"},\"wordCount\":180,\"commentCount\":0,\"publisher\":{\"@id\":\"https:\\\/\\\/fuentesfidedignas.com.mx\\\/#organization\"},\"image\":{\"@id\":\"https:\\\/\\\/fuentesfidedignas.com.mx\\\/index.php\\\/2022\\\/04\\\/24\\\/checo-perez-se-sube-al-podio-en-el-gran-premio-de-imola\\\/#primaryimage\"},\"thumbnailUrl\":\"https:\\\/\\\/fuentesfidedignas.com.mx\\\/wp-content\\\/uploads\\\/2022\\\/04\\\/Checo-Perez-temporada-2022-640x360-1.jpg\",\"articleSection\":[\"NOTICIAS NACIONALES\"],\"inLanguage\":\"es\",\"potentialAction\":[{\"@type\":\"CommentAction\",\"name\":\"Comment\",\"target\":[\"https:\\\/\\\/fuentesfidedignas.com.mx\\\/index.php\\\/2022\\\/04\\\/24\\\/checo-perez-se-sube-al-podio-en-el-gran-premio-de-imola\\\/#respond\"]}]},{\"@type\":\"WebPage\",\"@id\":\"https:\\\/\\\/fuentesfidedignas.com.mx\\\/index.php\\\/2022\\\/04\\\/24\\\/checo-perez-se-sube-al-podio-en-el-gran-premio-de-imola\\\/\",\"url\":\"https:\\\/\\\/fuentesfidedignas.com.mx\\\/index.php\\\/2022\\\/04\\\/24\\\/checo-perez-se-sube-al-podio-en-el-gran-premio-de-imola\\\/\",\"name\":\"\u2018Checo\u2019 P\u00e9rez se sube al podio en el Gran Premio de Imola - Fuentes Fidedignas\",\"isPartOf\":{\"@id\":\"https:\\\/\\\/fuentesfidedignas.com.mx\\\/#website\"},\"primaryImageOfPage\":{\"@id\":\"https:\\\/\\\/fuentesfidedignas.com.mx\\\/index.php\\\/2022\\\/04\\\/24\\\/checo-perez-se-sube-al-podio-en-el-gran-premio-de-imola\\\/#primaryimage\"},\"image\":{\"@id\":\"https:\\\/\\\/fuentesfidedignas.com.mx\\\/index.php\\\/2022\\\/04\\\/24\\\/checo-perez-se-sube-al-podio-en-el-gran-premio-de-imola\\\/#primaryimage\"},\"thumbnailUrl\":\"https:\\\/\\\/fuentesfidedignas.com.mx\\\/wp-content\\\/uploads\\\/2022\\\/04\\\/Checo-Perez-temporada-2022-640x360-1.jpg\",\"datePublished\":\"2022-04-24T17:01:16+00:00\",\"dateModified\":\"2022-04-24T17:01:17+00:00\",\"breadcrumb\":{\"@id\":\"https:\\\/\\\/fuentesfidedignas.com.mx\\\/index.php\\\/2022\\\/04\\\/24\\\/checo-perez-se-sube-al-podio-en-el-gran-premio-de-imola\\\/#breadcrumb\"},\"inLanguage\":\"es\",\"potentialAction\":[{\"@type\":\"ReadAction\",\"target\":[\"https:\\\/\\\/fuentesfidedignas.com.mx\\\/index.php\\\/2022\\\/04\\\/24\\\/checo-perez-se-sube-al-podio-en-el-gran-premio-de-imola\\\/\"]}]},{\"@type\":\"ImageObject\",\"inLanguage\":\"es\",\"@id\":\"https:\\\/\\\/fuentesfidedignas.com.mx\\\/index.php\\\/2022\\\/04\\\/24\\\/checo-perez-se-sube-al-podio-en-el-gran-premio-de-imola\\\/#primaryimage\",\"url\":\"https:\\\/\\\/fuentesfidedignas.com.mx\\\/wp-content\\\/uploads\\\/2022\\\/04\\\/Checo-Perez-temporada-2022-640x360-1.jpg\",\"contentUrl\":\"https:\\\/\\\/fuentesfidedignas.com.mx\\\/wp-content\\\/uploads\\\/2022\\\/04\\\/Checo-Perez-temporada-2022-640x360-1.jpg\",\"width\":640,\"height\":360},{\"@type\":\"BreadcrumbList\",\"@id\":\"https:\\\/\\\/fuentesfidedignas.com.mx\\\/index.php\\\/2022\\\/04\\\/24\\\/checo-perez-se-sube-al-podio-en-el-gran-premio-de-imola\\\/#breadcrumb\",\"itemListElement\":[{\"@type\":\"ListItem\",\"position\":1,\"name\":\"Inicio\",\"item\":\"https:\\\/\\\/fuentesfidedignas.com.mx\\\/\"},{\"@type\":\"ListItem\",\"position\":2,\"name\":\"\u2018Checo\u2019 P\u00e9rez se sube al podio en el Gran Premio de Imola\"}]},{\"@type\":\"WebSite\",\"@id\":\"https:\\\/\\\/fuentesfidedignas.com.mx\\\/#website\",\"url\":\"https:\\\/\\\/fuentesfidedignas.com.mx\\\/\",\"name\":\"Fuentes Fidedignas\",\"description\":\"Otro sitio realizado con WordPress\",\"publisher\":{\"@id\":\"https:\\\/\\\/fuentesfidedignas.com.mx\\\/#organization\"},\"potentialAction\":[{\"@type\":\"SearchAction\",\"target\":{\"@type\":\"EntryPoint\",\"urlTemplate\":\"https:\\\/\\\/fuentesfidedignas.com.mx\\\/?s={search_term_string}\"},\"query-input\":{\"@type\":\"PropertyValueSpecification\",\"valueRequired\":true,\"valueName\":\"search_term_string\"}}],\"inLanguage\":\"es\"},{\"@type\":\"Organization\",\"@id\":\"https:\\\/\\\/fuentesfidedignas.com.mx\\\/#organization\",\"name\":\"Fuentes Fidedignas\",\"url\":\"https:\\\/\\\/fuentesfidedignas.com.mx\\\/\",\"logo\":{\"@type\":\"ImageObject\",\"inLanguage\":\"es\",\"@id\":\"https:\\\/\\\/fuentesfidedignas.com.mx\\\/#\\\/schema\\\/logo\\\/image\\\/\",\"url\":\"https:\\\/\\\/fuentesfidedignas.com.mx\\\/wp-content\\\/uploads\\\/2021\\\/04\\\/logo-retina.png\",\"contentUrl\":\"https:\\\/\\\/fuentesfidedignas.com.mx\\\/wp-content\\\/uploads\\\/2021\\\/04\\\/logo-retina.png\",\"width\":280,\"height\":51,\"caption\":\"Fuentes Fidedignas\"},\"image\":{\"@id\":\"https:\\\/\\\/fuentesfidedignas.com.mx\\\/#\\\/schema\\\/logo\\\/image\\\/\"},\"sameAs\":[\"https:\\\/\\\/www.facebook.com\\\/Fuentes-Fidedignas-368234489921644\",\"https:\\\/\\\/x.com\\\/fidedignas\"]},{\"@type\":\"Person\",\"@id\":\"https:\\\/\\\/fuentesfidedignas.com.mx\\\/#\\\/schema\\\/person\\\/5623d53fe2e579d825b1679734abcc44\",\"name\":\"Forbes\",\"image\":{\"@type\":\"ImageObject\",\"inLanguage\":\"es\",\"@id\":\"https:\\\/\\\/secure.gravatar.com\\\/avatar\\\/87ce3dd4e41e60c22a79c758614f01a6bc2469255fc936ec7b15efb9bb5cb66f?s=96&d=mm&r=g\",\"url\":\"https:\\\/\\\/secure.gravatar.com\\\/avatar\\\/87ce3dd4e41e60c22a79c758614f01a6bc2469255fc936ec7b15efb9bb5cb66f?s=96&d=mm&r=g\",\"contentUrl\":\"https:\\\/\\\/secure.gravatar.com\\\/avatar\\\/87ce3dd4e41e60c22a79c758614f01a6bc2469255fc936ec7b15efb9bb5cb66f?s=96&d=mm&r=g\",\"caption\":\"Forbes\"},\"url\":\"https:\\\/\\\/fuentesfidedignas.com.mx\\\/index.php\\\/author\\\/forbes\\\/\"}]}<\/script>\n<!-- \/ Yoast SEO plugin. -->","yoast_head_json":{"title":"\u2018Checo\u2019 P\u00e9rez se sube al podio en el Gran Premio de Imola - Fuentes Fidedignas","robots":{"index":"index","follow":"follow","max-snippet":"max-snippet:-1","max-image-preview":"max-image-preview:large","max-video-preview":"max-video-preview:-1"},"canonical":"https:\/\/fuentesfidedignas.com.mx\/index.php\/2022\/04\/24\/checo-perez-se-sube-al-podio-en-el-gran-premio-de-imola\/","og_locale":"es_MX","og_type":"article","og_title":"\u2018Checo\u2019 P\u00e9rez se sube al podio en el Gran Premio de Imola - Fuentes Fidedignas","og_description":"Checo P\u00e9rez se sube al podio detr\u00e1s de Max Verstappen sobrellevando un buen arranque de temporada en la F\u00f3rmula 1. Ciudad de M\u00e9xico.- El neerland\u00e9s Max Verstappen (Red Bull), \u00faltimo campe\u00f3n del mundo, gan\u00f3 este domingo el Gran Premio de la Emilia Romagna, el cuarto del Mundial de F\u00f3rmula Uno, disputado en el circuito de [&hellip;]","og_url":"https:\/\/fuentesfidedignas.com.mx\/index.php\/2022\/04\/24\/checo-perez-se-sube-al-podio-en-el-gran-premio-de-imola\/","og_site_name":"Fuentes Fidedignas","article_publisher":"https:\/\/www.facebook.com\/Fuentes-Fidedignas-368234489921644","article_published_time":"2022-04-24T17:01:16+00:00","article_modified_time":"2022-04-24T17:01:17+00:00","og_image":[{"width":640,"height":360,"url":"https:\/\/fuentesfidedignas.com.mx\/wp-content\/uploads\/2022\/04\/Checo-Perez-temporada-2022-640x360-1.jpg","type":"image\/jpeg"}],"author":"Forbes","twitter_card":"summary_large_image","twitter_creator":"@fidedignas","twitter_site":"@fidedignas","twitter_misc":{"Escrito por":"Forbes","Tiempo de lectura":"1 minuto"},"schema":{"@context":"https:\/\/schema.org","@graph":[{"@type":"Article","@id":"https:\/\/fuentesfidedignas.com.mx\/index.php\/2022\/04\/24\/checo-perez-se-sube-al-podio-en-el-gran-premio-de-imola\/#article","isPartOf":{"@id":"https:\/\/fuentesfidedignas.com.mx\/index.php\/2022\/04\/24\/checo-perez-se-sube-al-podio-en-el-gran-premio-de-imola\/"},"author":{"name":"Forbes","@id":"https:\/\/fuentesfidedignas.com.mx\/#\/schema\/person\/5623d53fe2e579d825b1679734abcc44"},"headline":"\u2018Checo\u2019 P\u00e9rez se sube al podio en el Gran Premio de Imola","datePublished":"2022-04-24T17:01:16+00:00","dateModified":"2022-04-24T17:01:17+00:00","mainEntityOfPage":{"@id":"https:\/\/fuentesfidedignas.com.mx\/index.php\/2022\/04\/24\/checo-perez-se-sube-al-podio-en-el-gran-premio-de-imola\/"},"wordCount":180,"commentCount":0,"publisher":{"@id":"https:\/\/fuentesfidedignas.com.mx\/#organization"},"image":{"@id":"https:\/\/fuentesfidedignas.com.mx\/index.php\/2022\/04\/24\/checo-perez-se-sube-al-podio-en-el-gran-premio-de-imola\/#primaryimage"},"thumbnailUrl":"https:\/\/fuentesfidedignas.com.mx\/wp-content\/uploads\/2022\/04\/Checo-Perez-temporada-2022-640x360-1.jpg","articleSection":["NOTICIAS NACIONALES"],"inLanguage":"es","potentialAction":[{"@type":"CommentAction","name":"Comment","target":["https:\/\/fuentesfidedignas.com.mx\/index.php\/2022\/04\/24\/checo-perez-se-sube-al-podio-en-el-gran-premio-de-imola\/#respond"]}]},{"@type":"WebPage","@id":"https:\/\/fuentesfidedignas.com.mx\/index.php\/2022\/04\/24\/checo-perez-se-sube-al-podio-en-el-gran-premio-de-imola\/","url":"https:\/\/fuentesfidedignas.com.mx\/index.php\/2022\/04\/24\/checo-perez-se-sube-al-podio-en-el-gran-premio-de-imola\/","name":"\u2018Checo\u2019 P\u00e9rez se sube al podio en el Gran Premio de Imola - Fuentes Fidedignas","isPartOf":{"@id":"https:\/\/fuentesfidedignas.com.mx\/#website"},"primaryImageOfPage":{"@id":"https:\/\/fuentesfidedignas.com.mx\/index.php\/2022\/04\/24\/checo-perez-se-sube-al-podio-en-el-gran-premio-de-imola\/#primaryimage"},"image":{"@id":"https:\/\/fuentesfidedignas.com.mx\/index.php\/2022\/04\/24\/checo-perez-se-sube-al-podio-en-el-gran-premio-de-imola\/#primaryimage"},"thumbnailUrl":"https:\/\/fuentesfidedignas.com.mx\/wp-content\/uploads\/2022\/04\/Checo-Perez-temporada-2022-640x360-1.jpg","datePublished":"2022-04-24T17:01:16+00:00","dateModified":"2022-04-24T17:01:17+00:00","breadcrumb":{"@id":"https:\/\/fuentesfidedignas.com.mx\/index.php\/2022\/04\/24\/checo-perez-se-sube-al-podio-en-el-gran-premio-de-imola\/#breadcrumb"},"inLanguage":"es","potentialAction":[{"@type":"ReadAction","target":["https:\/\/fuentesfidedignas.com.mx\/index.php\/2022\/04\/24\/checo-perez-se-sube-al-podio-en-el-gran-premio-de-imola\/"]}]},{"@type":"ImageObject","inLanguage":"es","@id":"https:\/\/fuentesfidedignas.com.mx\/index.php\/2022\/04\/24\/checo-perez-se-sube-al-podio-en-el-gran-premio-de-imola\/#primaryimage","url":"https:\/\/fuentesfidedignas.com.mx\/wp-content\/uploads\/2022\/04\/Checo-Perez-temporada-2022-640x360-1.jpg","contentUrl":"https:\/\/fuentesfidedignas.com.mx\/wp-content\/uploads\/2022\/04\/Checo-Perez-temporada-2022-640x360-1.jpg","width":640,"height":360},{"@type":"BreadcrumbList","@id":"https:\/\/fuentesfidedignas.com.mx\/index.php\/2022\/04\/24\/checo-perez-se-sube-al-podio-en-el-gran-premio-de-imola\/#breadcrumb","itemListElement":[{"@type":"ListItem","position":1,"name":"Inicio","item":"https:\/\/fuentesfidedignas.com.mx\/"},{"@type":"ListItem","position":2,"name":"\u2018Checo\u2019 P\u00e9rez se sube al podio en el Gran Premio de Imola"}]},{"@type":"WebSite","@id":"https:\/\/fuentesfidedignas.com.mx\/#website","url":"https:\/\/fuentesfidedignas.com.mx\/","name":"Fuentes Fidedignas","description":"Otro sitio realizado con WordPress","publisher":{"@id":"https:\/\/fuentesfidedignas.com.mx\/#organization"},"potentialAction":[{"@type":"SearchAction","target":{"@type":"EntryPoint","urlTemplate":"https:\/\/fuentesfidedignas.com.mx\/?s={search_term_string}"},"query-input":{"@type":"PropertyValueSpecification","valueRequired":true,"valueName":"search_term_string"}}],"inLanguage":"es"},{"@type":"Organization","@id":"https:\/\/fuentesfidedignas.com.mx\/#organization","name":"Fuentes Fidedignas","url":"https:\/\/fuentesfidedignas.com.mx\/","logo":{"@type":"ImageObject","inLanguage":"es","@id":"https:\/\/fuentesfidedignas.com.mx\/#\/schema\/logo\/image\/","url":"https:\/\/fuentesfidedignas.com.mx\/wp-content\/uploads\/2021\/04\/logo-retina.png","contentUrl":"https:\/\/fuentesfidedignas.com.mx\/wp-content\/uploads\/2021\/04\/logo-retina.png","width":280,"height":51,"caption":"Fuentes Fidedignas"},"image":{"@id":"https:\/\/fuentesfidedignas.com.mx\/#\/schema\/logo\/image\/"},"sameAs":["https:\/\/www.facebook.com\/Fuentes-Fidedignas-368234489921644","https:\/\/x.com\/fidedignas"]},{"@type":"Person","@id":"https:\/\/fuentesfidedignas.com.mx\/#\/schema\/person\/5623d53fe2e579d825b1679734abcc44","name":"Forbes","image":{"@type":"ImageObject","inLanguage":"es","@id":"https:\/\/secure.gravatar.com\/avatar\/87ce3dd4e41e60c22a79c758614f01a6bc2469255fc936ec7b15efb9bb5cb66f?s=96&d=mm&r=g","url":"https:\/\/secure.gravatar.com\/avatar\/87ce3dd4e41e60c22a79c758614f01a6bc2469255fc936ec7b15efb9bb5cb66f?s=96&d=mm&r=g","contentUrl":"https:\/\/secure.gravatar.com\/avatar\/87ce3dd4e41e60c22a79c758614f01a6bc2469255fc936ec7b15efb9bb5cb66f?s=96&d=mm&r=g","caption":"Forbes"},"url":"https:\/\/fuentesfidedignas.com.mx\/index.php\/author\/forbes\/"}]}},"_links":{"self":[{"href":"https:\/\/fuentesfidedignas.com.mx\/index.php\/wp-json\/wp\/v2\/posts\/29022","targetHints":{"allow":["GET"]}}],"collection":[{"href":"https:\/\/fuentesfidedignas.com.mx\/index.php\/wp-json\/wp\/v2\/posts"}],"about":[{"href":"https:\/\/fuentesfidedignas.com.mx\/index.php\/wp-json\/wp\/v2\/types\/post"}],"author":[{"embeddable":true,"href":"https:\/\/fuentesfidedignas.com.mx\/index.php\/wp-json\/wp\/v2\/users\/5"}],"replies":[{"embeddable":true,"href":"https:\/\/fuentesfidedignas.com.mx\/index.php\/wp-json\/wp\/v2\/comments?post=29022"}],"version-history":[{"count":1,"href":"https:\/\/fuentesfidedignas.com.mx\/index.php\/wp-json\/wp\/v2\/posts\/29022\/revisions"}],"predecessor-version":[{"id":29024,"href":"https:\/\/fuentesfidedignas.com.mx\/index.php\/wp-json\/wp\/v2\/posts\/29022\/revisions\/29024"}],"wp:featuredmedia":[{"embeddable":true,"href":"https:\/\/fuentesfidedignas.com.mx\/index.php\/wp-json\/wp\/v2\/media\/29023"}],"wp:attachment":[{"href":"https:\/\/fuentesfidedignas.com.mx\/index.php\/wp-json\/wp\/v2\/media?parent=29022"}],"wp:term":[{"taxonomy":"category","embeddable":true,"href":"https:\/\/fuentesfidedignas.com.mx\/index.php\/wp-json\/wp\/v2\/categories?post=29022"},{"taxonomy":"post_tag","embeddable":true,"href":"https:\/\/fuentesfidedignas.com.mx\/index.php\/wp-json\/wp\/v2\/tags?post=29022"}],"curies":[{"name":"wp","href":"https:\/\/api.w.org\/{rel}","templated":true}]}}