{"id":29009,"date":"2022-04-24T07:23:06","date_gmt":"2022-04-24T14:23:06","guid":{"rendered":"https:\/\/fuentesfidedignas.com.mx\/?p=29009"},"modified":"2022-04-24T07:24:49","modified_gmt":"2022-04-24T14:24:49","slug":"iniciaran-en-elota-un-paquete-de-31-obras-de-impacto-social","status":"publish","type":"post","link":"https:\/\/fuentesfidedignas.com.mx\/index.php\/2022\/04\/24\/iniciaran-en-elota-un-paquete-de-31-obras-de-impacto-social\/","title":{"rendered":"Iniciar\u00e1n en Elota un paquete de 31 obras de impacto social"},"content":{"rendered":"\n<p><strong><em>La alcaldesa Ana Karen Val Medina indica que las obras son en materia de agua potable, drenaje sanitario, pavimentaci\u00f3n, electrificaci\u00f3n, alumbrado p\u00fablico, vivienda y educaci\u00f3n<\/em><\/strong><\/p>\n\n\n\n<p>La Cruz, Elota, Sinaloa.- De manera un\u00e1nime, el COPLADEMUN (Comit\u00e9 de Planeaci\u00f3n para el Desarrollo Municipal) Elota aprob\u00f3 un paquete de 31 obras y acciones de impacto social para las comunidades y la ciudad de La Cruz, correspondiente a la Matriz de Inversi\u00f3n del Ejercicio Fiscal 2022.<\/p>\n\n\n\n<p>La alcaldesa Ana Karen Val Medina inform\u00f3 que se ejecutar\u00e1n obras y acciones en materia de agua potable, drenaje sanitario, pavimentaci\u00f3n, electrificaci\u00f3n, alumbrado p\u00fablico, vivienda y educaci\u00f3n.<\/p>\n\n\n\n<p>La inversi\u00f3n total es de 30 millones 638 mil pesos a trav\u00e9s del FISM (Fondo de Infraestructura Social Municipal) 2022.<\/p>\n\n\n\n<p>Ana Karen Val enfatiz\u00f3 que el objetivo es combatir y disminuir el rezago social para mejorar la calidad de vida de las familias Elotenses.<\/p>\n\n\n\n<p>\u201cMe siento muy entusiasmada de dar a conocer el primer paquete de obras que habr\u00e1 de realizarse en nuestro municipio. Sabemos que los Elotenses esperan grandes resultados de nuestra administraci\u00f3n, por lo que con esta propuesta de inversi\u00f3n dentro del Fondo de Infraestructura Social Municipal 2022, estaremos dando los primeros pasos rumbo a ese cambio tan anhelado por la ciudadan\u00eda\u201d.<\/p>\n\n\n\n<p>\u201cS\u00e9 que las comunidades tienen notables necesidades, conozco la situaci\u00f3n del municipio y he estado muy al pendiente de las solicitudes que se reciben y a las que estaremos dando soluci\u00f3n durante estos tres a\u00f1os\u201d, sostuvo.<\/p>\n\n\n\n<p>La directora de Desarrollo Social del Ayuntamiento, Ver\u00f3nica Padilla Peraza, indic\u00f3 que la propuesta inicial de la Matriz de Inversi\u00f3n 2022 impactar\u00e1 en el desarrollo y progreso del municipio.<\/p>\n\n\n\n<p>\u201cPara llegar a este d\u00eda, representan meses de trabajo donde se han levantado las necesidades de nuestras comunidades a trav\u00e9s de peticiones y solicitudes realizadas por la ciudadan\u00eda y por ustedes mismos como funcionarios p\u00fablicos en las visitas y giras de trabajo que llevamos a cabo en las localidades\u201d, dijo.<\/p>\n\n\n\n<p>Entre las obras y acciones, se proyecta la construcci\u00f3n de 150 cuartos-dormitorios en beneficio del mismo n\u00famero de familias, con un monto total de 23 millones 925 mil pesos.<\/p>\n\n\n\n<p>La construcci\u00f3n de un pozo profundo y l\u00ednea de conducci\u00f3n para el sistema de agua potable en la comunidad de Nuevo Salto Grande, con una inversi\u00f3n de 5 millones 64 mil 535 pesos.<\/p>\n\n\n\n<p>La construcci\u00f3n de un pozo profundo para el sistema de agua potable en el poblado de El Aguaje, con una aportaci\u00f3n de 2 millones 275 mil 636 pesos.<\/p>\n\n\n\n<p>Se beneficiar\u00e1 tambi\u00e9n a las localidades de Tayoltita, Potrerillos del Norote, Caimanes, Elota \u201cPueblo Se\u00f1orial, Ejido Culiac\u00e1n, Pared\u00f3n Colorado, La Ensenada, Bellavista, El Saladito, Emiliano Zapata, Pueblo Nuevo, Tanques, El Bolillo y La Cruz.<\/p>\n","protected":false},"excerpt":{"rendered":"<p>La alcaldesa Ana Karen Val Medina indica que las obras son en materia de agua potable, drenaje sanitario, pavimentaci\u00f3n, electrificaci\u00f3n, alumbrado p\u00fablico, vivienda y educaci\u00f3n La Cruz, Elota, Sinaloa.- De manera un\u00e1nime, el COPLADEMUN (Comit\u00e9 de Planeaci\u00f3n para el Desarrollo Municipal) Elota aprob\u00f3 un paquete de 31 obras y acciones de impacto social para las [&hellip;]<\/p>\n","protected":false},"author":4,"featured_media":29010,"comment_status":"open","ping_status":"open","sticky":false,"template":"","format":"standard","meta":{"tdm_status":"","tdm_grid_status":"","footnotes":""},"categories":[38],"tags":[2641,1640,2639,2019,2640,734,2637,2638,2588],"class_list":{"0":"post-29009","1":"post","2":"type-post","3":"status-publish","4":"format-standard","5":"has-post-thumbnail","7":"category-noticias-locales","8":"tag-alumbrado-publico","9":"tag-ayuntamiento-de-elota","10":"tag-drenaje-sanitario","11":"tag-educacion","12":"tag-electrificacion","13":"tag-elota","14":"tag-la-alcaldesa-ana-karen-val-medina-indica-que-las-obras-son-en-materia-de-agua-potable","15":"tag-pavimentacion-2","16":"tag-vivienda"},"yoast_head":"<!-- This site is optimized with the Yoast SEO plugin v27.5 - https:\/\/yoast.com\/product\/yoast-seo-wordpress\/ -->\n<title>Iniciar\u00e1n en Elota un paquete de 31 obras de impacto social - Fuentes Fidedignas<\/title>\n<meta name=\"robots\" content=\"index, follow, max-snippet:-1, max-image-preview:large, max-video-preview:-1\" \/>\n<link rel=\"canonical\" href=\"https:\/\/fuentesfidedignas.com.mx\/index.php\/2022\/04\/24\/iniciaran-en-elota-un-paquete-de-31-obras-de-impacto-social\/\" \/>\n<meta property=\"og:locale\" content=\"es_MX\" \/>\n<meta property=\"og:type\" content=\"article\" \/>\n<meta property=\"og:title\" content=\"Iniciar\u00e1n en Elota un paquete de 31 obras de impacto social - Fuentes Fidedignas\" \/>\n<meta property=\"og:description\" content=\"La alcaldesa Ana Karen Val Medina indica que las obras son en materia de agua potable, drenaje sanitario, pavimentaci\u00f3n, electrificaci\u00f3n, alumbrado p\u00fablico, vivienda y educaci\u00f3n La Cruz, Elota, Sinaloa.- De manera un\u00e1nime, el COPLADEMUN (Comit\u00e9 de Planeaci\u00f3n para el Desarrollo Municipal) Elota aprob\u00f3 un paquete de 31 obras y acciones de impacto social para las [&hellip;]\" \/>\n<meta property=\"og:url\" content=\"https:\/\/fuentesfidedignas.com.mx\/index.php\/2022\/04\/24\/iniciaran-en-elota-un-paquete-de-31-obras-de-impacto-social\/\" \/>\n<meta property=\"og:site_name\" content=\"Fuentes Fidedignas\" \/>\n<meta property=\"article:publisher\" content=\"https:\/\/www.facebook.com\/Fuentes-Fidedignas-368234489921644\" \/>\n<meta property=\"article:published_time\" content=\"2022-04-24T14:23:06+00:00\" \/>\n<meta property=\"article:modified_time\" content=\"2022-04-24T14:24:49+00:00\" \/>\n<meta property=\"og:image\" content=\"https:\/\/fuentesfidedignas.com.mx\/wp-content\/uploads\/2022\/04\/WhatsApp-Image-2022-04-23-at-3.09.29-PM-3.jpeg\" \/>\n\t<meta property=\"og:image:width\" content=\"1024\" \/>\n\t<meta property=\"og:image:height\" content=\"682\" \/>\n\t<meta property=\"og:image:type\" content=\"image\/jpeg\" \/>\n<meta name=\"author\" content=\"Redacci\u00f3n\" \/>\n<meta name=\"twitter:card\" content=\"summary_large_image\" \/>\n<meta name=\"twitter:creator\" content=\"@fidedignas\" \/>\n<meta name=\"twitter:site\" content=\"@fidedignas\" \/>\n<meta name=\"twitter:label1\" content=\"Escrito por\" \/>\n\t<meta name=\"twitter:data1\" content=\"Redacci\u00f3n\" \/>\n\t<meta name=\"twitter:label2\" content=\"Tiempo de lectura\" \/>\n\t<meta name=\"twitter:data2\" content=\"3 minutos\" \/>\n<script type=\"application\/ld+json\" class=\"yoast-schema-graph\">{\"@context\":\"https:\\\/\\\/schema.org\",\"@graph\":[{\"@type\":\"Article\",\"@id\":\"https:\\\/\\\/fuentesfidedignas.com.mx\\\/index.php\\\/2022\\\/04\\\/24\\\/iniciaran-en-elota-un-paquete-de-31-obras-de-impacto-social\\\/#article\",\"isPartOf\":{\"@id\":\"https:\\\/\\\/fuentesfidedignas.com.mx\\\/index.php\\\/2022\\\/04\\\/24\\\/iniciaran-en-elota-un-paquete-de-31-obras-de-impacto-social\\\/\"},\"author\":{\"name\":\"Redacci\u00f3n\",\"@id\":\"https:\\\/\\\/fuentesfidedignas.com.mx\\\/#\\\/schema\\\/person\\\/331be9283d37198e2acd5750279085b0\"},\"headline\":\"Iniciar\u00e1n en Elota un paquete de 31 obras de impacto social\",\"datePublished\":\"2022-04-24T14:23:06+00:00\",\"dateModified\":\"2022-04-24T14:24:49+00:00\",\"mainEntityOfPage\":{\"@id\":\"https:\\\/\\\/fuentesfidedignas.com.mx\\\/index.php\\\/2022\\\/04\\\/24\\\/iniciaran-en-elota-un-paquete-de-31-obras-de-impacto-social\\\/\"},\"wordCount\":476,\"commentCount\":0,\"publisher\":{\"@id\":\"https:\\\/\\\/fuentesfidedignas.com.mx\\\/#organization\"},\"image\":{\"@id\":\"https:\\\/\\\/fuentesfidedignas.com.mx\\\/index.php\\\/2022\\\/04\\\/24\\\/iniciaran-en-elota-un-paquete-de-31-obras-de-impacto-social\\\/#primaryimage\"},\"thumbnailUrl\":\"https:\\\/\\\/fuentesfidedignas.com.mx\\\/wp-content\\\/uploads\\\/2022\\\/04\\\/WhatsApp-Image-2022-04-23-at-3.09.29-PM-3.jpeg\",\"keywords\":[\"alumbrado p\u00fablico\",\"Ayuntamiento de Elota\",\"drenaje sanitario\",\"Educaci\u00f3n\",\"electrificaci\u00f3n\",\"Elota\",\"La alcaldesa Ana Karen Val Medina indica que las obras son en materia de agua potable\",\"pavimentaci\u00f3n\",\"Vivienda\"],\"articleSection\":[\"NOTICIAS LOCALES\"],\"inLanguage\":\"es\",\"potentialAction\":[{\"@type\":\"CommentAction\",\"name\":\"Comment\",\"target\":[\"https:\\\/\\\/fuentesfidedignas.com.mx\\\/index.php\\\/2022\\\/04\\\/24\\\/iniciaran-en-elota-un-paquete-de-31-obras-de-impacto-social\\\/#respond\"]}]},{\"@type\":\"WebPage\",\"@id\":\"https:\\\/\\\/fuentesfidedignas.com.mx\\\/index.php\\\/2022\\\/04\\\/24\\\/iniciaran-en-elota-un-paquete-de-31-obras-de-impacto-social\\\/\",\"url\":\"https:\\\/\\\/fuentesfidedignas.com.mx\\\/index.php\\\/2022\\\/04\\\/24\\\/iniciaran-en-elota-un-paquete-de-31-obras-de-impacto-social\\\/\",\"name\":\"Iniciar\u00e1n en Elota un paquete de 31 obras de impacto social - Fuentes Fidedignas\",\"isPartOf\":{\"@id\":\"https:\\\/\\\/fuentesfidedignas.com.mx\\\/#website\"},\"primaryImageOfPage\":{\"@id\":\"https:\\\/\\\/fuentesfidedignas.com.mx\\\/index.php\\\/2022\\\/04\\\/24\\\/iniciaran-en-elota-un-paquete-de-31-obras-de-impacto-social\\\/#primaryimage\"},\"image\":{\"@id\":\"https:\\\/\\\/fuentesfidedignas.com.mx\\\/index.php\\\/2022\\\/04\\\/24\\\/iniciaran-en-elota-un-paquete-de-31-obras-de-impacto-social\\\/#primaryimage\"},\"thumbnailUrl\":\"https:\\\/\\\/fuentesfidedignas.com.mx\\\/wp-content\\\/uploads\\\/2022\\\/04\\\/WhatsApp-Image-2022-04-23-at-3.09.29-PM-3.jpeg\",\"datePublished\":\"2022-04-24T14:23:06+00:00\",\"dateModified\":\"2022-04-24T14:24:49+00:00\",\"breadcrumb\":{\"@id\":\"https:\\\/\\\/fuentesfidedignas.com.mx\\\/index.php\\\/2022\\\/04\\\/24\\\/iniciaran-en-elota-un-paquete-de-31-obras-de-impacto-social\\\/#breadcrumb\"},\"inLanguage\":\"es\",\"potentialAction\":[{\"@type\":\"ReadAction\",\"target\":[\"https:\\\/\\\/fuentesfidedignas.com.mx\\\/index.php\\\/2022\\\/04\\\/24\\\/iniciaran-en-elota-un-paquete-de-31-obras-de-impacto-social\\\/\"]}]},{\"@type\":\"ImageObject\",\"inLanguage\":\"es\",\"@id\":\"https:\\\/\\\/fuentesfidedignas.com.mx\\\/index.php\\\/2022\\\/04\\\/24\\\/iniciaran-en-elota-un-paquete-de-31-obras-de-impacto-social\\\/#primaryimage\",\"url\":\"https:\\\/\\\/fuentesfidedignas.com.mx\\\/wp-content\\\/uploads\\\/2022\\\/04\\\/WhatsApp-Image-2022-04-23-at-3.09.29-PM-3.jpeg\",\"contentUrl\":\"https:\\\/\\\/fuentesfidedignas.com.mx\\\/wp-content\\\/uploads\\\/2022\\\/04\\\/WhatsApp-Image-2022-04-23-at-3.09.29-PM-3.jpeg\",\"width\":1024,\"height\":682},{\"@type\":\"BreadcrumbList\",\"@id\":\"https:\\\/\\\/fuentesfidedignas.com.mx\\\/index.php\\\/2022\\\/04\\\/24\\\/iniciaran-en-elota-un-paquete-de-31-obras-de-impacto-social\\\/#breadcrumb\",\"itemListElement\":[{\"@type\":\"ListItem\",\"position\":1,\"name\":\"Inicio\",\"item\":\"https:\\\/\\\/fuentesfidedignas.com.mx\\\/\"},{\"@type\":\"ListItem\",\"position\":2,\"name\":\"Iniciar\u00e1n en Elota un paquete de 31 obras de impacto social\"}]},{\"@type\":\"WebSite\",\"@id\":\"https:\\\/\\\/fuentesfidedignas.com.mx\\\/#website\",\"url\":\"https:\\\/\\\/fuentesfidedignas.com.mx\\\/\",\"name\":\"Fuentes Fidedignas\",\"description\":\"Otro sitio realizado con WordPress\",\"publisher\":{\"@id\":\"https:\\\/\\\/fuentesfidedignas.com.mx\\\/#organization\"},\"potentialAction\":[{\"@type\":\"SearchAction\",\"target\":{\"@type\":\"EntryPoint\",\"urlTemplate\":\"https:\\\/\\\/fuentesfidedignas.com.mx\\\/?s={search_term_string}\"},\"query-input\":{\"@type\":\"PropertyValueSpecification\",\"valueRequired\":true,\"valueName\":\"search_term_string\"}}],\"inLanguage\":\"es\"},{\"@type\":\"Organization\",\"@id\":\"https:\\\/\\\/fuentesfidedignas.com.mx\\\/#organization\",\"name\":\"Fuentes Fidedignas\",\"url\":\"https:\\\/\\\/fuentesfidedignas.com.mx\\\/\",\"logo\":{\"@type\":\"ImageObject\",\"inLanguage\":\"es\",\"@id\":\"https:\\\/\\\/fuentesfidedignas.com.mx\\\/#\\\/schema\\\/logo\\\/image\\\/\",\"url\":\"https:\\\/\\\/fuentesfidedignas.com.mx\\\/wp-content\\\/uploads\\\/2021\\\/04\\\/logo-retina.png\",\"contentUrl\":\"https:\\\/\\\/fuentesfidedignas.com.mx\\\/wp-content\\\/uploads\\\/2021\\\/04\\\/logo-retina.png\",\"width\":280,\"height\":51,\"caption\":\"Fuentes Fidedignas\"},\"image\":{\"@id\":\"https:\\\/\\\/fuentesfidedignas.com.mx\\\/#\\\/schema\\\/logo\\\/image\\\/\"},\"sameAs\":[\"https:\\\/\\\/www.facebook.com\\\/Fuentes-Fidedignas-368234489921644\",\"https:\\\/\\\/x.com\\\/fidedignas\"]},{\"@type\":\"Person\",\"@id\":\"https:\\\/\\\/fuentesfidedignas.com.mx\\\/#\\\/schema\\\/person\\\/331be9283d37198e2acd5750279085b0\",\"name\":\"Redacci\u00f3n\",\"image\":{\"@type\":\"ImageObject\",\"inLanguage\":\"es\",\"@id\":\"https:\\\/\\\/secure.gravatar.com\\\/avatar\\\/f6d8782c11d12b2d4ad3fbb6931aeab5309937a4d6cd2fc9cfaa28a6396a5aec?s=96&d=mm&r=g\",\"url\":\"https:\\\/\\\/secure.gravatar.com\\\/avatar\\\/f6d8782c11d12b2d4ad3fbb6931aeab5309937a4d6cd2fc9cfaa28a6396a5aec?s=96&d=mm&r=g\",\"contentUrl\":\"https:\\\/\\\/secure.gravatar.com\\\/avatar\\\/f6d8782c11d12b2d4ad3fbb6931aeab5309937a4d6cd2fc9cfaa28a6396a5aec?s=96&d=mm&r=g\",\"caption\":\"Redacci\u00f3n\"},\"url\":\"https:\\\/\\\/fuentesfidedignas.com.mx\\\/index.php\\\/author\\\/redaccion\\\/\"}]}<\/script>\n<!-- \/ Yoast SEO plugin. -->","yoast_head_json":{"title":"Iniciar\u00e1n en Elota un paquete de 31 obras de impacto social - Fuentes Fidedignas","robots":{"index":"index","follow":"follow","max-snippet":"max-snippet:-1","max-image-preview":"max-image-preview:large","max-video-preview":"max-video-preview:-1"},"canonical":"https:\/\/fuentesfidedignas.com.mx\/index.php\/2022\/04\/24\/iniciaran-en-elota-un-paquete-de-31-obras-de-impacto-social\/","og_locale":"es_MX","og_type":"article","og_title":"Iniciar\u00e1n en Elota un paquete de 31 obras de impacto social - Fuentes Fidedignas","og_description":"La alcaldesa Ana Karen Val Medina indica que las obras son en materia de agua potable, drenaje sanitario, pavimentaci\u00f3n, electrificaci\u00f3n, alumbrado p\u00fablico, vivienda y educaci\u00f3n La Cruz, Elota, Sinaloa.- De manera un\u00e1nime, el COPLADEMUN (Comit\u00e9 de Planeaci\u00f3n para el Desarrollo Municipal) Elota aprob\u00f3 un paquete de 31 obras y acciones de impacto social para las [&hellip;]","og_url":"https:\/\/fuentesfidedignas.com.mx\/index.php\/2022\/04\/24\/iniciaran-en-elota-un-paquete-de-31-obras-de-impacto-social\/","og_site_name":"Fuentes Fidedignas","article_publisher":"https:\/\/www.facebook.com\/Fuentes-Fidedignas-368234489921644","article_published_time":"2022-04-24T14:23:06+00:00","article_modified_time":"2022-04-24T14:24:49+00:00","og_image":[{"width":1024,"height":682,"url":"https:\/\/fuentesfidedignas.com.mx\/wp-content\/uploads\/2022\/04\/WhatsApp-Image-2022-04-23-at-3.09.29-PM-3.jpeg","type":"image\/jpeg"}],"author":"Redacci\u00f3n","twitter_card":"summary_large_image","twitter_creator":"@fidedignas","twitter_site":"@fidedignas","twitter_misc":{"Escrito por":"Redacci\u00f3n","Tiempo de lectura":"3 minutos"},"schema":{"@context":"https:\/\/schema.org","@graph":[{"@type":"Article","@id":"https:\/\/fuentesfidedignas.com.mx\/index.php\/2022\/04\/24\/iniciaran-en-elota-un-paquete-de-31-obras-de-impacto-social\/#article","isPartOf":{"@id":"https:\/\/fuentesfidedignas.com.mx\/index.php\/2022\/04\/24\/iniciaran-en-elota-un-paquete-de-31-obras-de-impacto-social\/"},"author":{"name":"Redacci\u00f3n","@id":"https:\/\/fuentesfidedignas.com.mx\/#\/schema\/person\/331be9283d37198e2acd5750279085b0"},"headline":"Iniciar\u00e1n en Elota un paquete de 31 obras de impacto social","datePublished":"2022-04-24T14:23:06+00:00","dateModified":"2022-04-24T14:24:49+00:00","mainEntityOfPage":{"@id":"https:\/\/fuentesfidedignas.com.mx\/index.php\/2022\/04\/24\/iniciaran-en-elota-un-paquete-de-31-obras-de-impacto-social\/"},"wordCount":476,"commentCount":0,"publisher":{"@id":"https:\/\/fuentesfidedignas.com.mx\/#organization"},"image":{"@id":"https:\/\/fuentesfidedignas.com.mx\/index.php\/2022\/04\/24\/iniciaran-en-elota-un-paquete-de-31-obras-de-impacto-social\/#primaryimage"},"thumbnailUrl":"https:\/\/fuentesfidedignas.com.mx\/wp-content\/uploads\/2022\/04\/WhatsApp-Image-2022-04-23-at-3.09.29-PM-3.jpeg","keywords":["alumbrado p\u00fablico","Ayuntamiento de Elota","drenaje sanitario","Educaci\u00f3n","electrificaci\u00f3n","Elota","La alcaldesa Ana Karen Val Medina indica que las obras son en materia de agua potable","pavimentaci\u00f3n","Vivienda"],"articleSection":["NOTICIAS LOCALES"],"inLanguage":"es","potentialAction":[{"@type":"CommentAction","name":"Comment","target":["https:\/\/fuentesfidedignas.com.mx\/index.php\/2022\/04\/24\/iniciaran-en-elota-un-paquete-de-31-obras-de-impacto-social\/#respond"]}]},{"@type":"WebPage","@id":"https:\/\/fuentesfidedignas.com.mx\/index.php\/2022\/04\/24\/iniciaran-en-elota-un-paquete-de-31-obras-de-impacto-social\/","url":"https:\/\/fuentesfidedignas.com.mx\/index.php\/2022\/04\/24\/iniciaran-en-elota-un-paquete-de-31-obras-de-impacto-social\/","name":"Iniciar\u00e1n en Elota un paquete de 31 obras de impacto social - Fuentes Fidedignas","isPartOf":{"@id":"https:\/\/fuentesfidedignas.com.mx\/#website"},"primaryImageOfPage":{"@id":"https:\/\/fuentesfidedignas.com.mx\/index.php\/2022\/04\/24\/iniciaran-en-elota-un-paquete-de-31-obras-de-impacto-social\/#primaryimage"},"image":{"@id":"https:\/\/fuentesfidedignas.com.mx\/index.php\/2022\/04\/24\/iniciaran-en-elota-un-paquete-de-31-obras-de-impacto-social\/#primaryimage"},"thumbnailUrl":"https:\/\/fuentesfidedignas.com.mx\/wp-content\/uploads\/2022\/04\/WhatsApp-Image-2022-04-23-at-3.09.29-PM-3.jpeg","datePublished":"2022-04-24T14:23:06+00:00","dateModified":"2022-04-24T14:24:49+00:00","breadcrumb":{"@id":"https:\/\/fuentesfidedignas.com.mx\/index.php\/2022\/04\/24\/iniciaran-en-elota-un-paquete-de-31-obras-de-impacto-social\/#breadcrumb"},"inLanguage":"es","potentialAction":[{"@type":"ReadAction","target":["https:\/\/fuentesfidedignas.com.mx\/index.php\/2022\/04\/24\/iniciaran-en-elota-un-paquete-de-31-obras-de-impacto-social\/"]}]},{"@type":"ImageObject","inLanguage":"es","@id":"https:\/\/fuentesfidedignas.com.mx\/index.php\/2022\/04\/24\/iniciaran-en-elota-un-paquete-de-31-obras-de-impacto-social\/#primaryimage","url":"https:\/\/fuentesfidedignas.com.mx\/wp-content\/uploads\/2022\/04\/WhatsApp-Image-2022-04-23-at-3.09.29-PM-3.jpeg","contentUrl":"https:\/\/fuentesfidedignas.com.mx\/wp-content\/uploads\/2022\/04\/WhatsApp-Image-2022-04-23-at-3.09.29-PM-3.jpeg","width":1024,"height":682},{"@type":"BreadcrumbList","@id":"https:\/\/fuentesfidedignas.com.mx\/index.php\/2022\/04\/24\/iniciaran-en-elota-un-paquete-de-31-obras-de-impacto-social\/#breadcrumb","itemListElement":[{"@type":"ListItem","position":1,"name":"Inicio","item":"https:\/\/fuentesfidedignas.com.mx\/"},{"@type":"ListItem","position":2,"name":"Iniciar\u00e1n en Elota un paquete de 31 obras de impacto social"}]},{"@type":"WebSite","@id":"https:\/\/fuentesfidedignas.com.mx\/#website","url":"https:\/\/fuentesfidedignas.com.mx\/","name":"Fuentes Fidedignas","description":"Otro sitio realizado con WordPress","publisher":{"@id":"https:\/\/fuentesfidedignas.com.mx\/#organization"},"potentialAction":[{"@type":"SearchAction","target":{"@type":"EntryPoint","urlTemplate":"https:\/\/fuentesfidedignas.com.mx\/?s={search_term_string}"},"query-input":{"@type":"PropertyValueSpecification","valueRequired":true,"valueName":"search_term_string"}}],"inLanguage":"es"},{"@type":"Organization","@id":"https:\/\/fuentesfidedignas.com.mx\/#organization","name":"Fuentes Fidedignas","url":"https:\/\/fuentesfidedignas.com.mx\/","logo":{"@type":"ImageObject","inLanguage":"es","@id":"https:\/\/fuentesfidedignas.com.mx\/#\/schema\/logo\/image\/","url":"https:\/\/fuentesfidedignas.com.mx\/wp-content\/uploads\/2021\/04\/logo-retina.png","contentUrl":"https:\/\/fuentesfidedignas.com.mx\/wp-content\/uploads\/2021\/04\/logo-retina.png","width":280,"height":51,"caption":"Fuentes Fidedignas"},"image":{"@id":"https:\/\/fuentesfidedignas.com.mx\/#\/schema\/logo\/image\/"},"sameAs":["https:\/\/www.facebook.com\/Fuentes-Fidedignas-368234489921644","https:\/\/x.com\/fidedignas"]},{"@type":"Person","@id":"https:\/\/fuentesfidedignas.com.mx\/#\/schema\/person\/331be9283d37198e2acd5750279085b0","name":"Redacci\u00f3n","image":{"@type":"ImageObject","inLanguage":"es","@id":"https:\/\/secure.gravatar.com\/avatar\/f6d8782c11d12b2d4ad3fbb6931aeab5309937a4d6cd2fc9cfaa28a6396a5aec?s=96&d=mm&r=g","url":"https:\/\/secure.gravatar.com\/avatar\/f6d8782c11d12b2d4ad3fbb6931aeab5309937a4d6cd2fc9cfaa28a6396a5aec?s=96&d=mm&r=g","contentUrl":"https:\/\/secure.gravatar.com\/avatar\/f6d8782c11d12b2d4ad3fbb6931aeab5309937a4d6cd2fc9cfaa28a6396a5aec?s=96&d=mm&r=g","caption":"Redacci\u00f3n"},"url":"https:\/\/fuentesfidedignas.com.mx\/index.php\/author\/redaccion\/"}]}},"_links":{"self":[{"href":"https:\/\/fuentesfidedignas.com.mx\/index.php\/wp-json\/wp\/v2\/posts\/29009","targetHints":{"allow":["GET"]}}],"collection":[{"href":"https:\/\/fuentesfidedignas.com.mx\/index.php\/wp-json\/wp\/v2\/posts"}],"about":[{"href":"https:\/\/fuentesfidedignas.com.mx\/index.php\/wp-json\/wp\/v2\/types\/post"}],"author":[{"embeddable":true,"href":"https:\/\/fuentesfidedignas.com.mx\/index.php\/wp-json\/wp\/v2\/users\/4"}],"replies":[{"embeddable":true,"href":"https:\/\/fuentesfidedignas.com.mx\/index.php\/wp-json\/wp\/v2\/comments?post=29009"}],"version-history":[{"count":2,"href":"https:\/\/fuentesfidedignas.com.mx\/index.php\/wp-json\/wp\/v2\/posts\/29009\/revisions"}],"predecessor-version":[{"id":29012,"href":"https:\/\/fuentesfidedignas.com.mx\/index.php\/wp-json\/wp\/v2\/posts\/29009\/revisions\/29012"}],"wp:featuredmedia":[{"embeddable":true,"href":"https:\/\/fuentesfidedignas.com.mx\/index.php\/wp-json\/wp\/v2\/media\/29010"}],"wp:attachment":[{"href":"https:\/\/fuentesfidedignas.com.mx\/index.php\/wp-json\/wp\/v2\/media?parent=29009"}],"wp:term":[{"taxonomy":"category","embeddable":true,"href":"https:\/\/fuentesfidedignas.com.mx\/index.php\/wp-json\/wp\/v2\/categories?post=29009"},{"taxonomy":"post_tag","embeddable":true,"href":"https:\/\/fuentesfidedignas.com.mx\/index.php\/wp-json\/wp\/v2\/tags?post=29009"}],"curies":[{"name":"wp","href":"https:\/\/api.w.org\/{rel}","templated":true}]}}