{"id":29004,"date":"2022-04-24T01:45:00","date_gmt":"2022-04-24T08:45:00","guid":{"rendered":"https:\/\/fuentesfidedignas.com.mx\/?p=29004"},"modified":"2022-04-23T21:51:16","modified_gmt":"2022-04-24T04:51:16","slug":"nino-asesina-a-su-padrastro-exmilitar-miente-en-su-declaracion-pero-las-camaras-lo-delatan","status":"publish","type":"post","link":"https:\/\/fuentesfidedignas.com.mx\/index.php\/2022\/04\/24\/nino-asesina-a-su-padrastro-exmilitar-miente-en-su-declaracion-pero-las-camaras-lo-delatan\/","title":{"rendered":"Ni\u00f1o asesina a su padrastro exmilitar; miente en su declaraci\u00f3n pero las c\u00e1maras lo delatan"},"content":{"rendered":"\n<p><br><strong><em>Los eventos ocurrieron en la colonia An\u00e1huac de la Ciudad de M\u00e9xico<\/em><\/strong> <\/p>\n\n\n\n<p>Un ni\u00f1o de 13 a\u00f1os en la Ciudad de M\u00e9xico denunci\u00f3 que su padrastro hab\u00eda sido asesinado por dos hombres, sin embargo, al revisar una grabaci\u00f3n se descubri\u00f3 que fue el menor quien le quit\u00f3 la vida.<\/p>\n\n\n\n<p>El lunes 18 de abril por la ma\u00f1ana, el&nbsp;<strong>sargento retirado del Ej\u00e9rcito Mexicano<\/strong>&nbsp;identificado como Rafael \u201cB\u201d fue agredido con un arma de fuego. Fue el hijastro del exmilitar quien dio aviso de lo ocurrido.https:\/\/d-31058701852178778360.ampproject.net\/2203281422000\/frame.html<\/p>\n\n\n\n<p>De acuerdo al menor, con iniciales OMJR, dos hombres tocaron a la puerta de su vivienda, ubicada en la colonia An\u00e1huac. Cuando la v\u00edctima sali\u00f3 se top\u00f3 con dos hombres y uno de ellos le&nbsp;<strong>dispar\u00f3 en la cabeza<\/strong>&nbsp;para despu\u00e9s huir.<\/p>\n\n\n\n<p>No obstante, al revisar las c\u00e1maras del lugar los agentes de la polic\u00eda observaron que a las 6:53 horas Rafael caminaba con el ni\u00f1o, quien manipulaba la parte delantera de su pantal\u00f3n, como tratando de sacar algo. Despu\u00e9s se escucha una detonaci\u00f3n y al menor pidiendo ayuda a gritos. Luego sale corriendo al interior de su casa para regresar al poco tiempo.<\/p>\n\n\n\n<p>Al no observar en la grabaci\u00f3n a otras personas pasando, los polic\u00edas interrogaron al menor, quien confes\u00f3 que atac\u00f3 al exmilitar porque \u00e9ste\u00a0<strong>constantemente lo maltrataba<\/strong>.<\/p>\n\n\n\n<p>Tambi\u00e9n se\u00f1al\u00f3 a los agentes que un mec\u00e1nico, al que se refiri\u00f3 como \u201cDaniel\u201d, fue quien le dio un rev\u00f3lver .38 marca\u00a0<em>Smith &amp; Wesson<\/em>\u00a0para perpetrar la agresi\u00f3n.<\/p>\n","protected":false},"excerpt":{"rendered":"<p>Los eventos ocurrieron en la colonia An\u00e1huac de la Ciudad de M\u00e9xico Un ni\u00f1o de 13 a\u00f1os en la Ciudad de M\u00e9xico denunci\u00f3 que su padrastro hab\u00eda sido asesinado por dos hombres, sin embargo, al revisar una grabaci\u00f3n se descubri\u00f3 que fue el menor quien le quit\u00f3 la vida. El lunes 18 de abril por [&hellip;]<\/p>\n","protected":false},"author":46,"featured_media":29007,"comment_status":"open","ping_status":"open","sticky":false,"template":"","format":"standard","meta":{"tdm_status":"","tdm_grid_status":"","footnotes":""},"categories":[40],"tags":[290,193],"class_list":{"0":"post-29004","1":"post","2":"type-post","3":"status-publish","4":"format-standard","5":"has-post-thumbnail","7":"category-las-asombrosas","8":"tag-asombrosa","9":"tag-viral"},"yoast_head":"<!-- This site is optimized with the Yoast SEO plugin v27.5 - https:\/\/yoast.com\/product\/yoast-seo-wordpress\/ -->\n<title>Ni\u00f1o asesina a su padrastro exmilitar; miente en su declaraci\u00f3n pero las c\u00e1maras lo delatan - Fuentes Fidedignas<\/title>\n<meta name=\"robots\" content=\"index, follow, max-snippet:-1, max-image-preview:large, max-video-preview:-1\" \/>\n<link rel=\"canonical\" href=\"https:\/\/fuentesfidedignas.com.mx\/index.php\/2022\/04\/24\/nino-asesina-a-su-padrastro-exmilitar-miente-en-su-declaracion-pero-las-camaras-lo-delatan\/\" \/>\n<meta property=\"og:locale\" content=\"es_MX\" \/>\n<meta property=\"og:type\" content=\"article\" \/>\n<meta property=\"og:title\" content=\"Ni\u00f1o asesina a su padrastro exmilitar; miente en su declaraci\u00f3n pero las c\u00e1maras lo delatan - Fuentes Fidedignas\" \/>\n<meta property=\"og:description\" content=\"Los eventos ocurrieron en la colonia An\u00e1huac de la Ciudad de M\u00e9xico Un ni\u00f1o de 13 a\u00f1os en la Ciudad de M\u00e9xico denunci\u00f3 que su padrastro hab\u00eda sido asesinado por dos hombres, sin embargo, al revisar una grabaci\u00f3n se descubri\u00f3 que fue el menor quien le quit\u00f3 la vida. El lunes 18 de abril por [&hellip;]\" \/>\n<meta property=\"og:url\" content=\"https:\/\/fuentesfidedignas.com.mx\/index.php\/2022\/04\/24\/nino-asesina-a-su-padrastro-exmilitar-miente-en-su-declaracion-pero-las-camaras-lo-delatan\/\" \/>\n<meta property=\"og:site_name\" content=\"Fuentes Fidedignas\" \/>\n<meta property=\"article:publisher\" content=\"https:\/\/www.facebook.com\/Fuentes-Fidedignas-368234489921644\" \/>\n<meta property=\"article:published_time\" content=\"2022-04-24T08:45:00+00:00\" \/>\n<meta property=\"og:image\" content=\"https:\/\/fuentesfidedignas.com.mx\/wp-content\/uploads\/2022\/04\/escena-del-crimen-22254-5.jpeg\" \/>\n\t<meta property=\"og:image:width\" content=\"1280\" \/>\n\t<meta property=\"og:image:height\" content=\"720\" \/>\n\t<meta property=\"og:image:type\" content=\"image\/jpeg\" \/>\n<meta name=\"author\" content=\"Noticieros Televisa\" \/>\n<meta name=\"twitter:card\" content=\"summary_large_image\" \/>\n<meta name=\"twitter:creator\" content=\"@fidedignas\" \/>\n<meta name=\"twitter:site\" content=\"@fidedignas\" \/>\n<meta name=\"twitter:label1\" content=\"Escrito por\" \/>\n\t<meta name=\"twitter:data1\" content=\"Noticieros Televisa\" \/>\n\t<meta name=\"twitter:label2\" content=\"Tiempo de lectura\" \/>\n\t<meta name=\"twitter:data2\" content=\"2 minutos\" \/>\n<script type=\"application\/ld+json\" class=\"yoast-schema-graph\">{\"@context\":\"https:\\\/\\\/schema.org\",\"@graph\":[{\"@type\":\"Article\",\"@id\":\"https:\\\/\\\/fuentesfidedignas.com.mx\\\/index.php\\\/2022\\\/04\\\/24\\\/nino-asesina-a-su-padrastro-exmilitar-miente-en-su-declaracion-pero-las-camaras-lo-delatan\\\/#article\",\"isPartOf\":{\"@id\":\"https:\\\/\\\/fuentesfidedignas.com.mx\\\/index.php\\\/2022\\\/04\\\/24\\\/nino-asesina-a-su-padrastro-exmilitar-miente-en-su-declaracion-pero-las-camaras-lo-delatan\\\/\"},\"author\":{\"name\":\"Noticieros Televisa\",\"@id\":\"https:\\\/\\\/fuentesfidedignas.com.mx\\\/#\\\/schema\\\/person\\\/f030e42657a5a464a8bbd891b1aab6ee\"},\"headline\":\"Ni\u00f1o asesina a su padrastro exmilitar; miente en su declaraci\u00f3n pero las c\u00e1maras lo delatan\",\"datePublished\":\"2022-04-24T08:45:00+00:00\",\"mainEntityOfPage\":{\"@id\":\"https:\\\/\\\/fuentesfidedignas.com.mx\\\/index.php\\\/2022\\\/04\\\/24\\\/nino-asesina-a-su-padrastro-exmilitar-miente-en-su-declaracion-pero-las-camaras-lo-delatan\\\/\"},\"wordCount\":293,\"commentCount\":0,\"publisher\":{\"@id\":\"https:\\\/\\\/fuentesfidedignas.com.mx\\\/#organization\"},\"image\":{\"@id\":\"https:\\\/\\\/fuentesfidedignas.com.mx\\\/index.php\\\/2022\\\/04\\\/24\\\/nino-asesina-a-su-padrastro-exmilitar-miente-en-su-declaracion-pero-las-camaras-lo-delatan\\\/#primaryimage\"},\"thumbnailUrl\":\"https:\\\/\\\/fuentesfidedignas.com.mx\\\/wp-content\\\/uploads\\\/2022\\\/04\\\/escena-del-crimen-22254-5.jpeg\",\"keywords\":[\"Asombrosa\",\"Viral\"],\"articleSection\":[\"LAS ASOMBROSAS\"],\"inLanguage\":\"es\",\"potentialAction\":[{\"@type\":\"CommentAction\",\"name\":\"Comment\",\"target\":[\"https:\\\/\\\/fuentesfidedignas.com.mx\\\/index.php\\\/2022\\\/04\\\/24\\\/nino-asesina-a-su-padrastro-exmilitar-miente-en-su-declaracion-pero-las-camaras-lo-delatan\\\/#respond\"]}]},{\"@type\":\"WebPage\",\"@id\":\"https:\\\/\\\/fuentesfidedignas.com.mx\\\/index.php\\\/2022\\\/04\\\/24\\\/nino-asesina-a-su-padrastro-exmilitar-miente-en-su-declaracion-pero-las-camaras-lo-delatan\\\/\",\"url\":\"https:\\\/\\\/fuentesfidedignas.com.mx\\\/index.php\\\/2022\\\/04\\\/24\\\/nino-asesina-a-su-padrastro-exmilitar-miente-en-su-declaracion-pero-las-camaras-lo-delatan\\\/\",\"name\":\"Ni\u00f1o asesina a su padrastro exmilitar; miente en su declaraci\u00f3n pero las c\u00e1maras lo delatan - Fuentes Fidedignas\",\"isPartOf\":{\"@id\":\"https:\\\/\\\/fuentesfidedignas.com.mx\\\/#website\"},\"primaryImageOfPage\":{\"@id\":\"https:\\\/\\\/fuentesfidedignas.com.mx\\\/index.php\\\/2022\\\/04\\\/24\\\/nino-asesina-a-su-padrastro-exmilitar-miente-en-su-declaracion-pero-las-camaras-lo-delatan\\\/#primaryimage\"},\"image\":{\"@id\":\"https:\\\/\\\/fuentesfidedignas.com.mx\\\/index.php\\\/2022\\\/04\\\/24\\\/nino-asesina-a-su-padrastro-exmilitar-miente-en-su-declaracion-pero-las-camaras-lo-delatan\\\/#primaryimage\"},\"thumbnailUrl\":\"https:\\\/\\\/fuentesfidedignas.com.mx\\\/wp-content\\\/uploads\\\/2022\\\/04\\\/escena-del-crimen-22254-5.jpeg\",\"datePublished\":\"2022-04-24T08:45:00+00:00\",\"breadcrumb\":{\"@id\":\"https:\\\/\\\/fuentesfidedignas.com.mx\\\/index.php\\\/2022\\\/04\\\/24\\\/nino-asesina-a-su-padrastro-exmilitar-miente-en-su-declaracion-pero-las-camaras-lo-delatan\\\/#breadcrumb\"},\"inLanguage\":\"es\",\"potentialAction\":[{\"@type\":\"ReadAction\",\"target\":[\"https:\\\/\\\/fuentesfidedignas.com.mx\\\/index.php\\\/2022\\\/04\\\/24\\\/nino-asesina-a-su-padrastro-exmilitar-miente-en-su-declaracion-pero-las-camaras-lo-delatan\\\/\"]}]},{\"@type\":\"ImageObject\",\"inLanguage\":\"es\",\"@id\":\"https:\\\/\\\/fuentesfidedignas.com.mx\\\/index.php\\\/2022\\\/04\\\/24\\\/nino-asesina-a-su-padrastro-exmilitar-miente-en-su-declaracion-pero-las-camaras-lo-delatan\\\/#primaryimage\",\"url\":\"https:\\\/\\\/fuentesfidedignas.com.mx\\\/wp-content\\\/uploads\\\/2022\\\/04\\\/escena-del-crimen-22254-5.jpeg\",\"contentUrl\":\"https:\\\/\\\/fuentesfidedignas.com.mx\\\/wp-content\\\/uploads\\\/2022\\\/04\\\/escena-del-crimen-22254-5.jpeg\",\"width\":1280,\"height\":720},{\"@type\":\"BreadcrumbList\",\"@id\":\"https:\\\/\\\/fuentesfidedignas.com.mx\\\/index.php\\\/2022\\\/04\\\/24\\\/nino-asesina-a-su-padrastro-exmilitar-miente-en-su-declaracion-pero-las-camaras-lo-delatan\\\/#breadcrumb\",\"itemListElement\":[{\"@type\":\"ListItem\",\"position\":1,\"name\":\"Inicio\",\"item\":\"https:\\\/\\\/fuentesfidedignas.com.mx\\\/\"},{\"@type\":\"ListItem\",\"position\":2,\"name\":\"Ni\u00f1o asesina a su padrastro exmilitar; miente en su declaraci\u00f3n pero las c\u00e1maras lo delatan\"}]},{\"@type\":\"WebSite\",\"@id\":\"https:\\\/\\\/fuentesfidedignas.com.mx\\\/#website\",\"url\":\"https:\\\/\\\/fuentesfidedignas.com.mx\\\/\",\"name\":\"Fuentes Fidedignas\",\"description\":\"Otro sitio realizado con WordPress\",\"publisher\":{\"@id\":\"https:\\\/\\\/fuentesfidedignas.com.mx\\\/#organization\"},\"potentialAction\":[{\"@type\":\"SearchAction\",\"target\":{\"@type\":\"EntryPoint\",\"urlTemplate\":\"https:\\\/\\\/fuentesfidedignas.com.mx\\\/?s={search_term_string}\"},\"query-input\":{\"@type\":\"PropertyValueSpecification\",\"valueRequired\":true,\"valueName\":\"search_term_string\"}}],\"inLanguage\":\"es\"},{\"@type\":\"Organization\",\"@id\":\"https:\\\/\\\/fuentesfidedignas.com.mx\\\/#organization\",\"name\":\"Fuentes Fidedignas\",\"url\":\"https:\\\/\\\/fuentesfidedignas.com.mx\\\/\",\"logo\":{\"@type\":\"ImageObject\",\"inLanguage\":\"es\",\"@id\":\"https:\\\/\\\/fuentesfidedignas.com.mx\\\/#\\\/schema\\\/logo\\\/image\\\/\",\"url\":\"https:\\\/\\\/fuentesfidedignas.com.mx\\\/wp-content\\\/uploads\\\/2021\\\/04\\\/logo-retina.png\",\"contentUrl\":\"https:\\\/\\\/fuentesfidedignas.com.mx\\\/wp-content\\\/uploads\\\/2021\\\/04\\\/logo-retina.png\",\"width\":280,\"height\":51,\"caption\":\"Fuentes Fidedignas\"},\"image\":{\"@id\":\"https:\\\/\\\/fuentesfidedignas.com.mx\\\/#\\\/schema\\\/logo\\\/image\\\/\"},\"sameAs\":[\"https:\\\/\\\/www.facebook.com\\\/Fuentes-Fidedignas-368234489921644\",\"https:\\\/\\\/x.com\\\/fidedignas\"]},{\"@type\":\"Person\",\"@id\":\"https:\\\/\\\/fuentesfidedignas.com.mx\\\/#\\\/schema\\\/person\\\/f030e42657a5a464a8bbd891b1aab6ee\",\"name\":\"Noticieros Televisa\",\"image\":{\"@type\":\"ImageObject\",\"inLanguage\":\"es\",\"@id\":\"https:\\\/\\\/secure.gravatar.com\\\/avatar\\\/0e47b9e785a628831b8fd9eaf15e090e106760a879abbd4a3306f128ef5d43a9?s=96&d=mm&r=g\",\"url\":\"https:\\\/\\\/secure.gravatar.com\\\/avatar\\\/0e47b9e785a628831b8fd9eaf15e090e106760a879abbd4a3306f128ef5d43a9?s=96&d=mm&r=g\",\"contentUrl\":\"https:\\\/\\\/secure.gravatar.com\\\/avatar\\\/0e47b9e785a628831b8fd9eaf15e090e106760a879abbd4a3306f128ef5d43a9?s=96&d=mm&r=g\",\"caption\":\"Noticieros Televisa\"},\"url\":\"https:\\\/\\\/fuentesfidedignas.com.mx\\\/index.php\\\/author\\\/noticieros-televisa\\\/\"}]}<\/script>\n<!-- \/ Yoast SEO plugin. -->","yoast_head_json":{"title":"Ni\u00f1o asesina a su padrastro exmilitar; miente en su declaraci\u00f3n pero las c\u00e1maras lo delatan - Fuentes Fidedignas","robots":{"index":"index","follow":"follow","max-snippet":"max-snippet:-1","max-image-preview":"max-image-preview:large","max-video-preview":"max-video-preview:-1"},"canonical":"https:\/\/fuentesfidedignas.com.mx\/index.php\/2022\/04\/24\/nino-asesina-a-su-padrastro-exmilitar-miente-en-su-declaracion-pero-las-camaras-lo-delatan\/","og_locale":"es_MX","og_type":"article","og_title":"Ni\u00f1o asesina a su padrastro exmilitar; miente en su declaraci\u00f3n pero las c\u00e1maras lo delatan - Fuentes Fidedignas","og_description":"Los eventos ocurrieron en la colonia An\u00e1huac de la Ciudad de M\u00e9xico Un ni\u00f1o de 13 a\u00f1os en la Ciudad de M\u00e9xico denunci\u00f3 que su padrastro hab\u00eda sido asesinado por dos hombres, sin embargo, al revisar una grabaci\u00f3n se descubri\u00f3 que fue el menor quien le quit\u00f3 la vida. El lunes 18 de abril por [&hellip;]","og_url":"https:\/\/fuentesfidedignas.com.mx\/index.php\/2022\/04\/24\/nino-asesina-a-su-padrastro-exmilitar-miente-en-su-declaracion-pero-las-camaras-lo-delatan\/","og_site_name":"Fuentes Fidedignas","article_publisher":"https:\/\/www.facebook.com\/Fuentes-Fidedignas-368234489921644","article_published_time":"2022-04-24T08:45:00+00:00","og_image":[{"width":1280,"height":720,"url":"https:\/\/fuentesfidedignas.com.mx\/wp-content\/uploads\/2022\/04\/escena-del-crimen-22254-5.jpeg","type":"image\/jpeg"}],"author":"Noticieros Televisa","twitter_card":"summary_large_image","twitter_creator":"@fidedignas","twitter_site":"@fidedignas","twitter_misc":{"Escrito por":"Noticieros Televisa","Tiempo de lectura":"2 minutos"},"schema":{"@context":"https:\/\/schema.org","@graph":[{"@type":"Article","@id":"https:\/\/fuentesfidedignas.com.mx\/index.php\/2022\/04\/24\/nino-asesina-a-su-padrastro-exmilitar-miente-en-su-declaracion-pero-las-camaras-lo-delatan\/#article","isPartOf":{"@id":"https:\/\/fuentesfidedignas.com.mx\/index.php\/2022\/04\/24\/nino-asesina-a-su-padrastro-exmilitar-miente-en-su-declaracion-pero-las-camaras-lo-delatan\/"},"author":{"name":"Noticieros Televisa","@id":"https:\/\/fuentesfidedignas.com.mx\/#\/schema\/person\/f030e42657a5a464a8bbd891b1aab6ee"},"headline":"Ni\u00f1o asesina a su padrastro exmilitar; miente en su declaraci\u00f3n pero las c\u00e1maras lo delatan","datePublished":"2022-04-24T08:45:00+00:00","mainEntityOfPage":{"@id":"https:\/\/fuentesfidedignas.com.mx\/index.php\/2022\/04\/24\/nino-asesina-a-su-padrastro-exmilitar-miente-en-su-declaracion-pero-las-camaras-lo-delatan\/"},"wordCount":293,"commentCount":0,"publisher":{"@id":"https:\/\/fuentesfidedignas.com.mx\/#organization"},"image":{"@id":"https:\/\/fuentesfidedignas.com.mx\/index.php\/2022\/04\/24\/nino-asesina-a-su-padrastro-exmilitar-miente-en-su-declaracion-pero-las-camaras-lo-delatan\/#primaryimage"},"thumbnailUrl":"https:\/\/fuentesfidedignas.com.mx\/wp-content\/uploads\/2022\/04\/escena-del-crimen-22254-5.jpeg","keywords":["Asombrosa","Viral"],"articleSection":["LAS ASOMBROSAS"],"inLanguage":"es","potentialAction":[{"@type":"CommentAction","name":"Comment","target":["https:\/\/fuentesfidedignas.com.mx\/index.php\/2022\/04\/24\/nino-asesina-a-su-padrastro-exmilitar-miente-en-su-declaracion-pero-las-camaras-lo-delatan\/#respond"]}]},{"@type":"WebPage","@id":"https:\/\/fuentesfidedignas.com.mx\/index.php\/2022\/04\/24\/nino-asesina-a-su-padrastro-exmilitar-miente-en-su-declaracion-pero-las-camaras-lo-delatan\/","url":"https:\/\/fuentesfidedignas.com.mx\/index.php\/2022\/04\/24\/nino-asesina-a-su-padrastro-exmilitar-miente-en-su-declaracion-pero-las-camaras-lo-delatan\/","name":"Ni\u00f1o asesina a su padrastro exmilitar; miente en su declaraci\u00f3n pero las c\u00e1maras lo delatan - Fuentes Fidedignas","isPartOf":{"@id":"https:\/\/fuentesfidedignas.com.mx\/#website"},"primaryImageOfPage":{"@id":"https:\/\/fuentesfidedignas.com.mx\/index.php\/2022\/04\/24\/nino-asesina-a-su-padrastro-exmilitar-miente-en-su-declaracion-pero-las-camaras-lo-delatan\/#primaryimage"},"image":{"@id":"https:\/\/fuentesfidedignas.com.mx\/index.php\/2022\/04\/24\/nino-asesina-a-su-padrastro-exmilitar-miente-en-su-declaracion-pero-las-camaras-lo-delatan\/#primaryimage"},"thumbnailUrl":"https:\/\/fuentesfidedignas.com.mx\/wp-content\/uploads\/2022\/04\/escena-del-crimen-22254-5.jpeg","datePublished":"2022-04-24T08:45:00+00:00","breadcrumb":{"@id":"https:\/\/fuentesfidedignas.com.mx\/index.php\/2022\/04\/24\/nino-asesina-a-su-padrastro-exmilitar-miente-en-su-declaracion-pero-las-camaras-lo-delatan\/#breadcrumb"},"inLanguage":"es","potentialAction":[{"@type":"ReadAction","target":["https:\/\/fuentesfidedignas.com.mx\/index.php\/2022\/04\/24\/nino-asesina-a-su-padrastro-exmilitar-miente-en-su-declaracion-pero-las-camaras-lo-delatan\/"]}]},{"@type":"ImageObject","inLanguage":"es","@id":"https:\/\/fuentesfidedignas.com.mx\/index.php\/2022\/04\/24\/nino-asesina-a-su-padrastro-exmilitar-miente-en-su-declaracion-pero-las-camaras-lo-delatan\/#primaryimage","url":"https:\/\/fuentesfidedignas.com.mx\/wp-content\/uploads\/2022\/04\/escena-del-crimen-22254-5.jpeg","contentUrl":"https:\/\/fuentesfidedignas.com.mx\/wp-content\/uploads\/2022\/04\/escena-del-crimen-22254-5.jpeg","width":1280,"height":720},{"@type":"BreadcrumbList","@id":"https:\/\/fuentesfidedignas.com.mx\/index.php\/2022\/04\/24\/nino-asesina-a-su-padrastro-exmilitar-miente-en-su-declaracion-pero-las-camaras-lo-delatan\/#breadcrumb","itemListElement":[{"@type":"ListItem","position":1,"name":"Inicio","item":"https:\/\/fuentesfidedignas.com.mx\/"},{"@type":"ListItem","position":2,"name":"Ni\u00f1o asesina a su padrastro exmilitar; miente en su declaraci\u00f3n pero las c\u00e1maras lo delatan"}]},{"@type":"WebSite","@id":"https:\/\/fuentesfidedignas.com.mx\/#website","url":"https:\/\/fuentesfidedignas.com.mx\/","name":"Fuentes Fidedignas","description":"Otro sitio realizado con WordPress","publisher":{"@id":"https:\/\/fuentesfidedignas.com.mx\/#organization"},"potentialAction":[{"@type":"SearchAction","target":{"@type":"EntryPoint","urlTemplate":"https:\/\/fuentesfidedignas.com.mx\/?s={search_term_string}"},"query-input":{"@type":"PropertyValueSpecification","valueRequired":true,"valueName":"search_term_string"}}],"inLanguage":"es"},{"@type":"Organization","@id":"https:\/\/fuentesfidedignas.com.mx\/#organization","name":"Fuentes Fidedignas","url":"https:\/\/fuentesfidedignas.com.mx\/","logo":{"@type":"ImageObject","inLanguage":"es","@id":"https:\/\/fuentesfidedignas.com.mx\/#\/schema\/logo\/image\/","url":"https:\/\/fuentesfidedignas.com.mx\/wp-content\/uploads\/2021\/04\/logo-retina.png","contentUrl":"https:\/\/fuentesfidedignas.com.mx\/wp-content\/uploads\/2021\/04\/logo-retina.png","width":280,"height":51,"caption":"Fuentes Fidedignas"},"image":{"@id":"https:\/\/fuentesfidedignas.com.mx\/#\/schema\/logo\/image\/"},"sameAs":["https:\/\/www.facebook.com\/Fuentes-Fidedignas-368234489921644","https:\/\/x.com\/fidedignas"]},{"@type":"Person","@id":"https:\/\/fuentesfidedignas.com.mx\/#\/schema\/person\/f030e42657a5a464a8bbd891b1aab6ee","name":"Noticieros Televisa","image":{"@type":"ImageObject","inLanguage":"es","@id":"https:\/\/secure.gravatar.com\/avatar\/0e47b9e785a628831b8fd9eaf15e090e106760a879abbd4a3306f128ef5d43a9?s=96&d=mm&r=g","url":"https:\/\/secure.gravatar.com\/avatar\/0e47b9e785a628831b8fd9eaf15e090e106760a879abbd4a3306f128ef5d43a9?s=96&d=mm&r=g","contentUrl":"https:\/\/secure.gravatar.com\/avatar\/0e47b9e785a628831b8fd9eaf15e090e106760a879abbd4a3306f128ef5d43a9?s=96&d=mm&r=g","caption":"Noticieros Televisa"},"url":"https:\/\/fuentesfidedignas.com.mx\/index.php\/author\/noticieros-televisa\/"}]}},"_links":{"self":[{"href":"https:\/\/fuentesfidedignas.com.mx\/index.php\/wp-json\/wp\/v2\/posts\/29004","targetHints":{"allow":["GET"]}}],"collection":[{"href":"https:\/\/fuentesfidedignas.com.mx\/index.php\/wp-json\/wp\/v2\/posts"}],"about":[{"href":"https:\/\/fuentesfidedignas.com.mx\/index.php\/wp-json\/wp\/v2\/types\/post"}],"author":[{"embeddable":true,"href":"https:\/\/fuentesfidedignas.com.mx\/index.php\/wp-json\/wp\/v2\/users\/46"}],"replies":[{"embeddable":true,"href":"https:\/\/fuentesfidedignas.com.mx\/index.php\/wp-json\/wp\/v2\/comments?post=29004"}],"version-history":[{"count":1,"href":"https:\/\/fuentesfidedignas.com.mx\/index.php\/wp-json\/wp\/v2\/posts\/29004\/revisions"}],"predecessor-version":[{"id":29005,"href":"https:\/\/fuentesfidedignas.com.mx\/index.php\/wp-json\/wp\/v2\/posts\/29004\/revisions\/29005"}],"wp:featuredmedia":[{"embeddable":true,"href":"https:\/\/fuentesfidedignas.com.mx\/index.php\/wp-json\/wp\/v2\/media\/29007"}],"wp:attachment":[{"href":"https:\/\/fuentesfidedignas.com.mx\/index.php\/wp-json\/wp\/v2\/media?parent=29004"}],"wp:term":[{"taxonomy":"category","embeddable":true,"href":"https:\/\/fuentesfidedignas.com.mx\/index.php\/wp-json\/wp\/v2\/categories?post=29004"},{"taxonomy":"post_tag","embeddable":true,"href":"https:\/\/fuentesfidedignas.com.mx\/index.php\/wp-json\/wp\/v2\/tags?post=29004"}],"curies":[{"name":"wp","href":"https:\/\/api.w.org\/{rel}","templated":true}]}}