{"id":28987,"date":"2022-04-23T16:56:29","date_gmt":"2022-04-23T23:56:29","guid":{"rendered":"https:\/\/fuentesfidedignas.com.mx\/?p=28987"},"modified":"2022-04-24T11:47:31","modified_gmt":"2022-04-24T18:47:31","slug":"familia-y-amigos-dan-el-ultimo-adios-a-debanhi-escobar-en-galeana","status":"publish","type":"post","link":"https:\/\/fuentesfidedignas.com.mx\/index.php\/2022\/04\/23\/familia-y-amigos-dan-el-ultimo-adios-a-debanhi-escobar-en-galeana\/","title":{"rendered":"Familia y amigos dan el \u00faltimo adi\u00f3s a Debanhi Escobar en Galeana"},"content":{"rendered":"\n<p><strong><em><br>En medio de un convoy de autos particulares y custodiado por polic\u00edas, el cuerpo de Debanhi fue trasladado al municipio de Galeana donde le dieron sepultura <\/em><\/strong><\/p>\n\n\n\n<p>Nuevo Le\u00f3n. En el municipio de Galeana, Nuevo Le\u00f3n, familiares y amigos le dieron el \u00faltimo adi\u00f3s a Debanhi Escobar, la joven hallada muerta. <\/p>\n\n\n\n<p><a href=\"https:\/\/noticieros.televisa.com\/ultimas-noticias\/realizan-misa-de-cuerpo-presente-a-la-joven-debanhi-escobar\/\" target=\"_blank\" rel=\"noreferrer noopener\">Tras la&nbsp;<strong>ceremonia religiosa<\/strong><\/a>&nbsp;y en medio de un convoy de autos particulares y custodiado por polic\u00edas, el cuerpo de Debanhi fue trasladado al municipio de Galeana donde le dieron&nbsp;<strong>sepultura<\/strong>.<\/p>\n\n\n\n<p>Hoy s\u00e1bado, la familia de Debanhi Escobar tambi\u00e9n inform\u00f3 que exigir\u00e1 una nueva autopsia&nbsp;<a href=\"https:\/\/noticieros.televisa.com\/ultimas-noticias\/revelan-que-hay-indicios-de-abuso-sexual-contra-debanhi-escobar\/\" target=\"_blank\" rel=\"noreferrer noopener\">ante sus sospechas de&nbsp;<strong>abuso sexual<\/strong><\/a>&nbsp;y en rechazo a las versiones de la Fiscal\u00eda del Estado, que primero manej\u00f3 el caso como un accidente.<\/p>\n\n\n\n<p>Tras el velorio en la ciudad de Monterrey, la familia y asesores legales afirmaron este s\u00e1bado que \u201cs\u00ed hubo abuso sexual\u201d, por lo que acusaron a la Fiscal\u00eda de \u201cinconsistencias\u201d en el caso de la joven de 18 a\u00f1os, quien apareci\u00f3 muerta el jueves pasado en la cisterna de un motel tras desaparecer el 9 de abril.<\/p>\n\n\n\n<p><em>\u201cLa familia no est\u00e1 conforme con los resultados, queremos m\u00e1s estudios, tenemos suficiente material para continuar con los estudios, para un&nbsp;<\/em><strong>segundo peritaje<\/strong><em>\u201c, declar\u00f3 a los medios Omar Tamez, miembro de la organizaci\u00f3n no gubernamental Comisi\u00f3n Internacional de los Derechos Humanos.<\/em><\/p>\n\n\n\n<p>El caso de Debanhi ha despertado conmoci\u00f3n nacional e internacional por la imagen que se viraliz\u00f3 de ella abandonada en la carretera el 9 de abril en el municipio de Escobedo, despu\u00e9s de dejar una fiesta y tomar un taxi, cuyo conductor presuntamente intent\u00f3 abusar de ella.<\/p>\n\n\n\n<p>Tambi\u00e9n ha causado indignaci\u00f3n por las presuntas fallas en la investigaci\u00f3n de la&nbsp;<strong>Fiscal\u00eda de Nuevo Le\u00f3n<\/strong>, que primero manej\u00f3 el caso como un accidente y despu\u00e9s declar\u00f3 a los medios que la causa principal de la desaparici\u00f3n de las mujeres es por \u201crebeld\u00eda\u201d y \u201cfalta de comunicaci\u00f3n de la familia\u201d.<\/p>\n\n\n\n<p>En medio de protestas ciudadanas con miles de mujeres en las calles a nivel nacional, la Fiscal\u00eda del estado indic\u00f3 el viernes pasado que Debanhi muri\u00f3 por una&nbsp;<strong>\u201ccontusi\u00f3n<\/strong>&nbsp;profunda en el&nbsp;<strong>cr\u00e1neo\u201d<\/strong>&nbsp;antes de caer a la cisterna en la que hallaron su cuerpo.<\/p>\n\n\n\n<p>\u201cToda la ayuda que yo pueda tener para poder esclarecer el asesinato de mi hija es bienvenido, porque fue un asesinato, la mataron\u201d, coment\u00f3 este s\u00e1bado tras el velorio Mario Escobar, padre de la joven.<\/p>\n\n\n\n<p>El caso se ha visto como una muestra la doble crisis de&nbsp;<strong>violencia machista<\/strong>&nbsp;y de desapariciones en M\u00e9xico, donde asesinan a m\u00e1s de 10 mujeres al d\u00eda y hay m\u00e1s de 99,000 personas no localizadas desde 1964, seg\u00fan cifras del Gobierno.<\/p>\n\n\n\n<p>En lo que va de a\u00f1o, tan solo el estado de Nuevo Le\u00f3n ha registrado una ola de desapariciones con al menos una treintena de mujeres todav\u00eda sin localizar.<\/p>\n","protected":false},"excerpt":{"rendered":"<p>En medio de un convoy de autos particulares y custodiado por polic\u00edas, el cuerpo de Debanhi fue trasladado al municipio de Galeana donde le dieron sepultura Nuevo Le\u00f3n. En el municipio de Galeana, Nuevo Le\u00f3n, familiares y amigos le dieron el \u00faltimo adi\u00f3s a Debanhi Escobar, la joven hallada muerta. Tras la&nbsp;ceremonia religiosa&nbsp;y en medio [&hellip;]<\/p>\n","protected":false},"author":22,"featured_media":28989,"comment_status":"open","ping_status":"open","sticky":false,"template":"","format":"standard","meta":{"tdm_status":"","tdm_grid_status":"","footnotes":""},"categories":[1],"tags":[],"class_list":{"0":"post-28987","1":"post","2":"type-post","3":"status-publish","4":"format-standard","5":"has-post-thumbnail","7":"category-sin-categoria"},"yoast_head":"<!-- This site is optimized with the Yoast SEO plugin v27.5 - https:\/\/yoast.com\/product\/yoast-seo-wordpress\/ -->\n<title>Familia y amigos dan el \u00faltimo adi\u00f3s a Debanhi Escobar en Galeana - Fuentes Fidedignas<\/title>\n<meta name=\"robots\" content=\"index, follow, max-snippet:-1, max-image-preview:large, max-video-preview:-1\" \/>\n<link rel=\"canonical\" href=\"https:\/\/fuentesfidedignas.com.mx\/index.php\/2022\/04\/23\/familia-y-amigos-dan-el-ultimo-adios-a-debanhi-escobar-en-galeana\/\" \/>\n<meta property=\"og:locale\" content=\"es_MX\" \/>\n<meta property=\"og:type\" content=\"article\" \/>\n<meta property=\"og:title\" content=\"Familia y amigos dan el \u00faltimo adi\u00f3s a Debanhi Escobar en Galeana - Fuentes Fidedignas\" \/>\n<meta property=\"og:description\" content=\"En medio de un convoy de autos particulares y custodiado por polic\u00edas, el cuerpo de Debanhi fue trasladado al municipio de Galeana donde le dieron sepultura Nuevo Le\u00f3n. En el municipio de Galeana, Nuevo Le\u00f3n, familiares y amigos le dieron el \u00faltimo adi\u00f3s a Debanhi Escobar, la joven hallada muerta. Tras la&nbsp;ceremonia religiosa&nbsp;y en medio [&hellip;]\" \/>\n<meta property=\"og:url\" content=\"https:\/\/fuentesfidedignas.com.mx\/index.php\/2022\/04\/23\/familia-y-amigos-dan-el-ultimo-adios-a-debanhi-escobar-en-galeana\/\" \/>\n<meta property=\"og:site_name\" content=\"Fuentes Fidedignas\" \/>\n<meta property=\"article:publisher\" content=\"https:\/\/www.facebook.com\/Fuentes-Fidedignas-368234489921644\" \/>\n<meta property=\"article:published_time\" content=\"2022-04-23T23:56:29+00:00\" \/>\n<meta property=\"article:modified_time\" content=\"2022-04-24T18:47:31+00:00\" \/>\n<meta property=\"og:image\" content=\"https:\/\/fuentesfidedignas.com.mx\/wp-content\/uploads\/2022\/04\/2747983.jpg\" \/>\n\t<meta property=\"og:image:width\" content=\"800\" \/>\n\t<meta property=\"og:image:height\" content=\"600\" \/>\n\t<meta property=\"og:image:type\" content=\"image\/jpeg\" \/>\n<meta name=\"author\" content=\"EFE\" \/>\n<meta name=\"twitter:card\" content=\"summary_large_image\" \/>\n<meta name=\"twitter:creator\" content=\"@fidedignas\" \/>\n<meta name=\"twitter:site\" content=\"@fidedignas\" \/>\n<meta name=\"twitter:label1\" content=\"Escrito por\" \/>\n\t<meta name=\"twitter:data1\" content=\"EFE\" \/>\n\t<meta name=\"twitter:label2\" content=\"Tiempo de lectura\" \/>\n\t<meta name=\"twitter:data2\" content=\"3 minutos\" \/>\n<script type=\"application\/ld+json\" class=\"yoast-schema-graph\">{\"@context\":\"https:\\\/\\\/schema.org\",\"@graph\":[{\"@type\":\"Article\",\"@id\":\"https:\\\/\\\/fuentesfidedignas.com.mx\\\/index.php\\\/2022\\\/04\\\/23\\\/familia-y-amigos-dan-el-ultimo-adios-a-debanhi-escobar-en-galeana\\\/#article\",\"isPartOf\":{\"@id\":\"https:\\\/\\\/fuentesfidedignas.com.mx\\\/index.php\\\/2022\\\/04\\\/23\\\/familia-y-amigos-dan-el-ultimo-adios-a-debanhi-escobar-en-galeana\\\/\"},\"author\":{\"name\":\"EFE\",\"@id\":\"https:\\\/\\\/fuentesfidedignas.com.mx\\\/#\\\/schema\\\/person\\\/0d44615087b5a626d5d3f13afe31ac41\"},\"headline\":\"Familia y amigos dan el \u00faltimo adi\u00f3s a Debanhi Escobar en Galeana\",\"datePublished\":\"2022-04-23T23:56:29+00:00\",\"dateModified\":\"2022-04-24T18:47:31+00:00\",\"mainEntityOfPage\":{\"@id\":\"https:\\\/\\\/fuentesfidedignas.com.mx\\\/index.php\\\/2022\\\/04\\\/23\\\/familia-y-amigos-dan-el-ultimo-adios-a-debanhi-escobar-en-galeana\\\/\"},\"wordCount\":525,\"commentCount\":0,\"publisher\":{\"@id\":\"https:\\\/\\\/fuentesfidedignas.com.mx\\\/#organization\"},\"image\":{\"@id\":\"https:\\\/\\\/fuentesfidedignas.com.mx\\\/index.php\\\/2022\\\/04\\\/23\\\/familia-y-amigos-dan-el-ultimo-adios-a-debanhi-escobar-en-galeana\\\/#primaryimage\"},\"thumbnailUrl\":\"https:\\\/\\\/fuentesfidedignas.com.mx\\\/wp-content\\\/uploads\\\/2022\\\/04\\\/2747983.jpg\",\"inLanguage\":\"es\",\"potentialAction\":[{\"@type\":\"CommentAction\",\"name\":\"Comment\",\"target\":[\"https:\\\/\\\/fuentesfidedignas.com.mx\\\/index.php\\\/2022\\\/04\\\/23\\\/familia-y-amigos-dan-el-ultimo-adios-a-debanhi-escobar-en-galeana\\\/#respond\"]}]},{\"@type\":\"WebPage\",\"@id\":\"https:\\\/\\\/fuentesfidedignas.com.mx\\\/index.php\\\/2022\\\/04\\\/23\\\/familia-y-amigos-dan-el-ultimo-adios-a-debanhi-escobar-en-galeana\\\/\",\"url\":\"https:\\\/\\\/fuentesfidedignas.com.mx\\\/index.php\\\/2022\\\/04\\\/23\\\/familia-y-amigos-dan-el-ultimo-adios-a-debanhi-escobar-en-galeana\\\/\",\"name\":\"Familia y amigos dan el \u00faltimo adi\u00f3s a Debanhi Escobar en Galeana - Fuentes Fidedignas\",\"isPartOf\":{\"@id\":\"https:\\\/\\\/fuentesfidedignas.com.mx\\\/#website\"},\"primaryImageOfPage\":{\"@id\":\"https:\\\/\\\/fuentesfidedignas.com.mx\\\/index.php\\\/2022\\\/04\\\/23\\\/familia-y-amigos-dan-el-ultimo-adios-a-debanhi-escobar-en-galeana\\\/#primaryimage\"},\"image\":{\"@id\":\"https:\\\/\\\/fuentesfidedignas.com.mx\\\/index.php\\\/2022\\\/04\\\/23\\\/familia-y-amigos-dan-el-ultimo-adios-a-debanhi-escobar-en-galeana\\\/#primaryimage\"},\"thumbnailUrl\":\"https:\\\/\\\/fuentesfidedignas.com.mx\\\/wp-content\\\/uploads\\\/2022\\\/04\\\/2747983.jpg\",\"datePublished\":\"2022-04-23T23:56:29+00:00\",\"dateModified\":\"2022-04-24T18:47:31+00:00\",\"breadcrumb\":{\"@id\":\"https:\\\/\\\/fuentesfidedignas.com.mx\\\/index.php\\\/2022\\\/04\\\/23\\\/familia-y-amigos-dan-el-ultimo-adios-a-debanhi-escobar-en-galeana\\\/#breadcrumb\"},\"inLanguage\":\"es\",\"potentialAction\":[{\"@type\":\"ReadAction\",\"target\":[\"https:\\\/\\\/fuentesfidedignas.com.mx\\\/index.php\\\/2022\\\/04\\\/23\\\/familia-y-amigos-dan-el-ultimo-adios-a-debanhi-escobar-en-galeana\\\/\"]}]},{\"@type\":\"ImageObject\",\"inLanguage\":\"es\",\"@id\":\"https:\\\/\\\/fuentesfidedignas.com.mx\\\/index.php\\\/2022\\\/04\\\/23\\\/familia-y-amigos-dan-el-ultimo-adios-a-debanhi-escobar-en-galeana\\\/#primaryimage\",\"url\":\"https:\\\/\\\/fuentesfidedignas.com.mx\\\/wp-content\\\/uploads\\\/2022\\\/04\\\/2747983.jpg\",\"contentUrl\":\"https:\\\/\\\/fuentesfidedignas.com.mx\\\/wp-content\\\/uploads\\\/2022\\\/04\\\/2747983.jpg\",\"width\":800,\"height\":600},{\"@type\":\"BreadcrumbList\",\"@id\":\"https:\\\/\\\/fuentesfidedignas.com.mx\\\/index.php\\\/2022\\\/04\\\/23\\\/familia-y-amigos-dan-el-ultimo-adios-a-debanhi-escobar-en-galeana\\\/#breadcrumb\",\"itemListElement\":[{\"@type\":\"ListItem\",\"position\":1,\"name\":\"Inicio\",\"item\":\"https:\\\/\\\/fuentesfidedignas.com.mx\\\/\"},{\"@type\":\"ListItem\",\"position\":2,\"name\":\"Familia y amigos dan el \u00faltimo adi\u00f3s a Debanhi Escobar en Galeana\"}]},{\"@type\":\"WebSite\",\"@id\":\"https:\\\/\\\/fuentesfidedignas.com.mx\\\/#website\",\"url\":\"https:\\\/\\\/fuentesfidedignas.com.mx\\\/\",\"name\":\"Fuentes Fidedignas\",\"description\":\"Otro sitio realizado con WordPress\",\"publisher\":{\"@id\":\"https:\\\/\\\/fuentesfidedignas.com.mx\\\/#organization\"},\"potentialAction\":[{\"@type\":\"SearchAction\",\"target\":{\"@type\":\"EntryPoint\",\"urlTemplate\":\"https:\\\/\\\/fuentesfidedignas.com.mx\\\/?s={search_term_string}\"},\"query-input\":{\"@type\":\"PropertyValueSpecification\",\"valueRequired\":true,\"valueName\":\"search_term_string\"}}],\"inLanguage\":\"es\"},{\"@type\":\"Organization\",\"@id\":\"https:\\\/\\\/fuentesfidedignas.com.mx\\\/#organization\",\"name\":\"Fuentes Fidedignas\",\"url\":\"https:\\\/\\\/fuentesfidedignas.com.mx\\\/\",\"logo\":{\"@type\":\"ImageObject\",\"inLanguage\":\"es\",\"@id\":\"https:\\\/\\\/fuentesfidedignas.com.mx\\\/#\\\/schema\\\/logo\\\/image\\\/\",\"url\":\"https:\\\/\\\/fuentesfidedignas.com.mx\\\/wp-content\\\/uploads\\\/2021\\\/04\\\/logo-retina.png\",\"contentUrl\":\"https:\\\/\\\/fuentesfidedignas.com.mx\\\/wp-content\\\/uploads\\\/2021\\\/04\\\/logo-retina.png\",\"width\":280,\"height\":51,\"caption\":\"Fuentes Fidedignas\"},\"image\":{\"@id\":\"https:\\\/\\\/fuentesfidedignas.com.mx\\\/#\\\/schema\\\/logo\\\/image\\\/\"},\"sameAs\":[\"https:\\\/\\\/www.facebook.com\\\/Fuentes-Fidedignas-368234489921644\",\"https:\\\/\\\/x.com\\\/fidedignas\"]},{\"@type\":\"Person\",\"@id\":\"https:\\\/\\\/fuentesfidedignas.com.mx\\\/#\\\/schema\\\/person\\\/0d44615087b5a626d5d3f13afe31ac41\",\"name\":\"EFE\",\"image\":{\"@type\":\"ImageObject\",\"inLanguage\":\"es\",\"@id\":\"https:\\\/\\\/secure.gravatar.com\\\/avatar\\\/7048c2d9b569d9bed55bb53ad23821e6e047aa66338fb6ea9868627bbb9f54e8?s=96&d=mm&r=g\",\"url\":\"https:\\\/\\\/secure.gravatar.com\\\/avatar\\\/7048c2d9b569d9bed55bb53ad23821e6e047aa66338fb6ea9868627bbb9f54e8?s=96&d=mm&r=g\",\"contentUrl\":\"https:\\\/\\\/secure.gravatar.com\\\/avatar\\\/7048c2d9b569d9bed55bb53ad23821e6e047aa66338fb6ea9868627bbb9f54e8?s=96&d=mm&r=g\",\"caption\":\"EFE\"},\"url\":\"https:\\\/\\\/fuentesfidedignas.com.mx\\\/index.php\\\/author\\\/efe\\\/\"}]}<\/script>\n<!-- \/ Yoast SEO plugin. -->","yoast_head_json":{"title":"Familia y amigos dan el \u00faltimo adi\u00f3s a Debanhi Escobar en Galeana - Fuentes Fidedignas","robots":{"index":"index","follow":"follow","max-snippet":"max-snippet:-1","max-image-preview":"max-image-preview:large","max-video-preview":"max-video-preview:-1"},"canonical":"https:\/\/fuentesfidedignas.com.mx\/index.php\/2022\/04\/23\/familia-y-amigos-dan-el-ultimo-adios-a-debanhi-escobar-en-galeana\/","og_locale":"es_MX","og_type":"article","og_title":"Familia y amigos dan el \u00faltimo adi\u00f3s a Debanhi Escobar en Galeana - Fuentes Fidedignas","og_description":"En medio de un convoy de autos particulares y custodiado por polic\u00edas, el cuerpo de Debanhi fue trasladado al municipio de Galeana donde le dieron sepultura Nuevo Le\u00f3n. En el municipio de Galeana, Nuevo Le\u00f3n, familiares y amigos le dieron el \u00faltimo adi\u00f3s a Debanhi Escobar, la joven hallada muerta. Tras la&nbsp;ceremonia religiosa&nbsp;y en medio [&hellip;]","og_url":"https:\/\/fuentesfidedignas.com.mx\/index.php\/2022\/04\/23\/familia-y-amigos-dan-el-ultimo-adios-a-debanhi-escobar-en-galeana\/","og_site_name":"Fuentes Fidedignas","article_publisher":"https:\/\/www.facebook.com\/Fuentes-Fidedignas-368234489921644","article_published_time":"2022-04-23T23:56:29+00:00","article_modified_time":"2022-04-24T18:47:31+00:00","og_image":[{"width":800,"height":600,"url":"https:\/\/fuentesfidedignas.com.mx\/wp-content\/uploads\/2022\/04\/2747983.jpg","type":"image\/jpeg"}],"author":"EFE","twitter_card":"summary_large_image","twitter_creator":"@fidedignas","twitter_site":"@fidedignas","twitter_misc":{"Escrito por":"EFE","Tiempo de lectura":"3 minutos"},"schema":{"@context":"https:\/\/schema.org","@graph":[{"@type":"Article","@id":"https:\/\/fuentesfidedignas.com.mx\/index.php\/2022\/04\/23\/familia-y-amigos-dan-el-ultimo-adios-a-debanhi-escobar-en-galeana\/#article","isPartOf":{"@id":"https:\/\/fuentesfidedignas.com.mx\/index.php\/2022\/04\/23\/familia-y-amigos-dan-el-ultimo-adios-a-debanhi-escobar-en-galeana\/"},"author":{"name":"EFE","@id":"https:\/\/fuentesfidedignas.com.mx\/#\/schema\/person\/0d44615087b5a626d5d3f13afe31ac41"},"headline":"Familia y amigos dan el \u00faltimo adi\u00f3s a Debanhi Escobar en Galeana","datePublished":"2022-04-23T23:56:29+00:00","dateModified":"2022-04-24T18:47:31+00:00","mainEntityOfPage":{"@id":"https:\/\/fuentesfidedignas.com.mx\/index.php\/2022\/04\/23\/familia-y-amigos-dan-el-ultimo-adios-a-debanhi-escobar-en-galeana\/"},"wordCount":525,"commentCount":0,"publisher":{"@id":"https:\/\/fuentesfidedignas.com.mx\/#organization"},"image":{"@id":"https:\/\/fuentesfidedignas.com.mx\/index.php\/2022\/04\/23\/familia-y-amigos-dan-el-ultimo-adios-a-debanhi-escobar-en-galeana\/#primaryimage"},"thumbnailUrl":"https:\/\/fuentesfidedignas.com.mx\/wp-content\/uploads\/2022\/04\/2747983.jpg","inLanguage":"es","potentialAction":[{"@type":"CommentAction","name":"Comment","target":["https:\/\/fuentesfidedignas.com.mx\/index.php\/2022\/04\/23\/familia-y-amigos-dan-el-ultimo-adios-a-debanhi-escobar-en-galeana\/#respond"]}]},{"@type":"WebPage","@id":"https:\/\/fuentesfidedignas.com.mx\/index.php\/2022\/04\/23\/familia-y-amigos-dan-el-ultimo-adios-a-debanhi-escobar-en-galeana\/","url":"https:\/\/fuentesfidedignas.com.mx\/index.php\/2022\/04\/23\/familia-y-amigos-dan-el-ultimo-adios-a-debanhi-escobar-en-galeana\/","name":"Familia y amigos dan el \u00faltimo adi\u00f3s a Debanhi Escobar en Galeana - Fuentes Fidedignas","isPartOf":{"@id":"https:\/\/fuentesfidedignas.com.mx\/#website"},"primaryImageOfPage":{"@id":"https:\/\/fuentesfidedignas.com.mx\/index.php\/2022\/04\/23\/familia-y-amigos-dan-el-ultimo-adios-a-debanhi-escobar-en-galeana\/#primaryimage"},"image":{"@id":"https:\/\/fuentesfidedignas.com.mx\/index.php\/2022\/04\/23\/familia-y-amigos-dan-el-ultimo-adios-a-debanhi-escobar-en-galeana\/#primaryimage"},"thumbnailUrl":"https:\/\/fuentesfidedignas.com.mx\/wp-content\/uploads\/2022\/04\/2747983.jpg","datePublished":"2022-04-23T23:56:29+00:00","dateModified":"2022-04-24T18:47:31+00:00","breadcrumb":{"@id":"https:\/\/fuentesfidedignas.com.mx\/index.php\/2022\/04\/23\/familia-y-amigos-dan-el-ultimo-adios-a-debanhi-escobar-en-galeana\/#breadcrumb"},"inLanguage":"es","potentialAction":[{"@type":"ReadAction","target":["https:\/\/fuentesfidedignas.com.mx\/index.php\/2022\/04\/23\/familia-y-amigos-dan-el-ultimo-adios-a-debanhi-escobar-en-galeana\/"]}]},{"@type":"ImageObject","inLanguage":"es","@id":"https:\/\/fuentesfidedignas.com.mx\/index.php\/2022\/04\/23\/familia-y-amigos-dan-el-ultimo-adios-a-debanhi-escobar-en-galeana\/#primaryimage","url":"https:\/\/fuentesfidedignas.com.mx\/wp-content\/uploads\/2022\/04\/2747983.jpg","contentUrl":"https:\/\/fuentesfidedignas.com.mx\/wp-content\/uploads\/2022\/04\/2747983.jpg","width":800,"height":600},{"@type":"BreadcrumbList","@id":"https:\/\/fuentesfidedignas.com.mx\/index.php\/2022\/04\/23\/familia-y-amigos-dan-el-ultimo-adios-a-debanhi-escobar-en-galeana\/#breadcrumb","itemListElement":[{"@type":"ListItem","position":1,"name":"Inicio","item":"https:\/\/fuentesfidedignas.com.mx\/"},{"@type":"ListItem","position":2,"name":"Familia y amigos dan el \u00faltimo adi\u00f3s a Debanhi Escobar en Galeana"}]},{"@type":"WebSite","@id":"https:\/\/fuentesfidedignas.com.mx\/#website","url":"https:\/\/fuentesfidedignas.com.mx\/","name":"Fuentes Fidedignas","description":"Otro sitio realizado con WordPress","publisher":{"@id":"https:\/\/fuentesfidedignas.com.mx\/#organization"},"potentialAction":[{"@type":"SearchAction","target":{"@type":"EntryPoint","urlTemplate":"https:\/\/fuentesfidedignas.com.mx\/?s={search_term_string}"},"query-input":{"@type":"PropertyValueSpecification","valueRequired":true,"valueName":"search_term_string"}}],"inLanguage":"es"},{"@type":"Organization","@id":"https:\/\/fuentesfidedignas.com.mx\/#organization","name":"Fuentes Fidedignas","url":"https:\/\/fuentesfidedignas.com.mx\/","logo":{"@type":"ImageObject","inLanguage":"es","@id":"https:\/\/fuentesfidedignas.com.mx\/#\/schema\/logo\/image\/","url":"https:\/\/fuentesfidedignas.com.mx\/wp-content\/uploads\/2021\/04\/logo-retina.png","contentUrl":"https:\/\/fuentesfidedignas.com.mx\/wp-content\/uploads\/2021\/04\/logo-retina.png","width":280,"height":51,"caption":"Fuentes Fidedignas"},"image":{"@id":"https:\/\/fuentesfidedignas.com.mx\/#\/schema\/logo\/image\/"},"sameAs":["https:\/\/www.facebook.com\/Fuentes-Fidedignas-368234489921644","https:\/\/x.com\/fidedignas"]},{"@type":"Person","@id":"https:\/\/fuentesfidedignas.com.mx\/#\/schema\/person\/0d44615087b5a626d5d3f13afe31ac41","name":"EFE","image":{"@type":"ImageObject","inLanguage":"es","@id":"https:\/\/secure.gravatar.com\/avatar\/7048c2d9b569d9bed55bb53ad23821e6e047aa66338fb6ea9868627bbb9f54e8?s=96&d=mm&r=g","url":"https:\/\/secure.gravatar.com\/avatar\/7048c2d9b569d9bed55bb53ad23821e6e047aa66338fb6ea9868627bbb9f54e8?s=96&d=mm&r=g","contentUrl":"https:\/\/secure.gravatar.com\/avatar\/7048c2d9b569d9bed55bb53ad23821e6e047aa66338fb6ea9868627bbb9f54e8?s=96&d=mm&r=g","caption":"EFE"},"url":"https:\/\/fuentesfidedignas.com.mx\/index.php\/author\/efe\/"}]}},"_links":{"self":[{"href":"https:\/\/fuentesfidedignas.com.mx\/index.php\/wp-json\/wp\/v2\/posts\/28987","targetHints":{"allow":["GET"]}}],"collection":[{"href":"https:\/\/fuentesfidedignas.com.mx\/index.php\/wp-json\/wp\/v2\/posts"}],"about":[{"href":"https:\/\/fuentesfidedignas.com.mx\/index.php\/wp-json\/wp\/v2\/types\/post"}],"author":[{"embeddable":true,"href":"https:\/\/fuentesfidedignas.com.mx\/index.php\/wp-json\/wp\/v2\/users\/22"}],"replies":[{"embeddable":true,"href":"https:\/\/fuentesfidedignas.com.mx\/index.php\/wp-json\/wp\/v2\/comments?post=28987"}],"version-history":[{"count":4,"href":"https:\/\/fuentesfidedignas.com.mx\/index.php\/wp-json\/wp\/v2\/posts\/28987\/revisions"}],"predecessor-version":[{"id":29041,"href":"https:\/\/fuentesfidedignas.com.mx\/index.php\/wp-json\/wp\/v2\/posts\/28987\/revisions\/29041"}],"wp:featuredmedia":[{"embeddable":true,"href":"https:\/\/fuentesfidedignas.com.mx\/index.php\/wp-json\/wp\/v2\/media\/28989"}],"wp:attachment":[{"href":"https:\/\/fuentesfidedignas.com.mx\/index.php\/wp-json\/wp\/v2\/media?parent=28987"}],"wp:term":[{"taxonomy":"category","embeddable":true,"href":"https:\/\/fuentesfidedignas.com.mx\/index.php\/wp-json\/wp\/v2\/categories?post=28987"},{"taxonomy":"post_tag","embeddable":true,"href":"https:\/\/fuentesfidedignas.com.mx\/index.php\/wp-json\/wp\/v2\/tags?post=28987"}],"curies":[{"name":"wp","href":"https:\/\/api.w.org\/{rel}","templated":true}]}}