{"id":28857,"date":"2022-04-21T19:40:22","date_gmt":"2022-04-22T02:40:22","guid":{"rendered":"https:\/\/fuentesfidedignas.com.mx\/?p=28857"},"modified":"2022-04-22T05:12:00","modified_gmt":"2022-04-22T12:12:00","slug":"hallan-cuerpo-en-zona-donde-desaparecio-debanhi-podria-ser-ella","status":"publish","type":"post","link":"https:\/\/fuentesfidedignas.com.mx\/index.php\/2022\/04\/21\/hallan-cuerpo-en-zona-donde-desaparecio-debanhi-podria-ser-ella\/","title":{"rendered":"Hallan cuerpo en zona donde desapareci\u00f3 Debanhi; podr\u00eda ser ella"},"content":{"rendered":"\n<p><strong><em><br>Un cuerpo fue hallado en una cisterna en inmediaciones del Motel Nueva Castilla, donde fue buscada Debanhi tras su desaparici\u00f3n <\/em><\/strong><\/p>\n\n\n\n<p>Nuevo Le\u00f3n. Una intensa movilizaci\u00f3n se registra en el Motel Nueva Castilla en donde se realiz\u00f3 el hallazgo del cuerpo de una mujer que se presume ser\u00eda Debanhi Escobar Bazald\u00faa.<\/p>\n\n\n\n<p>La joven se encuentra desaparecida desde el pasado 9 de abril cuando acudi\u00f3 a una fiesta en una quinta de Escobedo. Un fuerte operativo resguarda las instalaciones del motel que est\u00e1 en la zona en donde la joven de 18 a\u00f1os fue vista por \u00faltima ocasi\u00f3n.<\/p>\n\n\n\n<p>Este hallazgo se da a 13 d\u00edas de la desaparici\u00f3n de la estudiante de Leyes a pesar de que la zona ya hab\u00eda sido literalmente \u201cpeinada\u201d. <\/p>\n\n\n\n<p>La Fiscal\u00eda General de Justicia de Nuevo Le\u00f3n confirm\u00f3 que un cuerpo fue hallado en una cisterna abandonada en las inmediaciones del Motel que hace unos d\u00edas fue cateado en la b\u00fasqueda de informaci\u00f3n sobre Debanhi.<\/p>\n\n\n\n<p>\u201cSE HAN EMPRENDIDO LAS ACCIONES DE RECUPERACI\u00d3N DEL CUERPO CON APOYO DE PROTECCI\u00d3N CIVIL DEL ESTADO QUE, POR LAS CONDICIONES DE ABANDONO DEL SITIO, LA PRESENCIA DE AGUA Y LA PROFUNDIDAD PRESENTA DIFICULTADES T\u00c9CNICAS PARA LOS PERITOS DE CAMPO\u201d, INFORM\u00d3 LA DEPENDENCIA.<\/p>\n\n\n\n<p><\/p>\n","protected":false},"excerpt":{"rendered":"<p>Un cuerpo fue hallado en una cisterna en inmediaciones del Motel Nueva Castilla, donde fue buscada Debanhi tras su desaparici\u00f3n Nuevo Le\u00f3n. Una intensa movilizaci\u00f3n se registra en el Motel Nueva Castilla en donde se realiz\u00f3 el hallazgo del cuerpo de una mujer que se presume ser\u00eda Debanhi Escobar Bazald\u00faa. La joven se encuentra desaparecida [&hellip;]<\/p>\n","protected":false},"author":7,"featured_media":28859,"comment_status":"open","ping_status":"open","sticky":false,"template":"","format":"standard","meta":{"tdm_status":"","tdm_grid_status":"","footnotes":""},"categories":[1],"tags":[],"class_list":{"0":"post-28857","1":"post","2":"type-post","3":"status-publish","4":"format-standard","5":"has-post-thumbnail","7":"category-sin-categoria"},"yoast_head":"<!-- This site is optimized with the Yoast SEO plugin v27.5 - https:\/\/yoast.com\/product\/yoast-seo-wordpress\/ -->\n<title>Hallan cuerpo en zona donde desapareci\u00f3 Debanhi; podr\u00eda ser ella - Fuentes Fidedignas<\/title>\n<meta name=\"robots\" content=\"index, follow, max-snippet:-1, max-image-preview:large, max-video-preview:-1\" \/>\n<link rel=\"canonical\" href=\"https:\/\/fuentesfidedignas.com.mx\/index.php\/2022\/04\/21\/hallan-cuerpo-en-zona-donde-desaparecio-debanhi-podria-ser-ella\/\" \/>\n<meta property=\"og:locale\" content=\"es_MX\" \/>\n<meta property=\"og:type\" content=\"article\" \/>\n<meta property=\"og:title\" content=\"Hallan cuerpo en zona donde desapareci\u00f3 Debanhi; podr\u00eda ser ella - Fuentes Fidedignas\" \/>\n<meta property=\"og:description\" content=\"Un cuerpo fue hallado en una cisterna en inmediaciones del Motel Nueva Castilla, donde fue buscada Debanhi tras su desaparici\u00f3n Nuevo Le\u00f3n. Una intensa movilizaci\u00f3n se registra en el Motel Nueva Castilla en donde se realiz\u00f3 el hallazgo del cuerpo de una mujer que se presume ser\u00eda Debanhi Escobar Bazald\u00faa. La joven se encuentra desaparecida [&hellip;]\" \/>\n<meta property=\"og:url\" content=\"https:\/\/fuentesfidedignas.com.mx\/index.php\/2022\/04\/21\/hallan-cuerpo-en-zona-donde-desaparecio-debanhi-podria-ser-ella\/\" \/>\n<meta property=\"og:site_name\" content=\"Fuentes Fidedignas\" \/>\n<meta property=\"article:publisher\" content=\"https:\/\/www.facebook.com\/Fuentes-Fidedignas-368234489921644\" \/>\n<meta property=\"article:published_time\" content=\"2022-04-22T02:40:22+00:00\" \/>\n<meta property=\"article:modified_time\" content=\"2022-04-22T12:12:00+00:00\" \/>\n<meta property=\"og:image\" content=\"https:\/\/fuentesfidedignas.com.mx\/wp-content\/uploads\/2022\/04\/2747245.jpg\" \/>\n\t<meta property=\"og:image:width\" content=\"800\" \/>\n\t<meta property=\"og:image:height\" content=\"600\" \/>\n\t<meta property=\"og:image:type\" content=\"image\/jpeg\" \/>\n<meta name=\"author\" content=\"Exc\u00e9lsior\" \/>\n<meta name=\"twitter:card\" content=\"summary_large_image\" \/>\n<meta name=\"twitter:creator\" content=\"@fidedignas\" \/>\n<meta name=\"twitter:site\" content=\"@fidedignas\" \/>\n<meta name=\"twitter:label1\" content=\"Escrito por\" \/>\n\t<meta name=\"twitter:data1\" content=\"Exc\u00e9lsior\" \/>\n\t<meta name=\"twitter:label2\" content=\"Tiempo de lectura\" \/>\n\t<meta name=\"twitter:data2\" content=\"1 minuto\" \/>\n<script type=\"application\/ld+json\" class=\"yoast-schema-graph\">{\"@context\":\"https:\\\/\\\/schema.org\",\"@graph\":[{\"@type\":\"Article\",\"@id\":\"https:\\\/\\\/fuentesfidedignas.com.mx\\\/index.php\\\/2022\\\/04\\\/21\\\/hallan-cuerpo-en-zona-donde-desaparecio-debanhi-podria-ser-ella\\\/#article\",\"isPartOf\":{\"@id\":\"https:\\\/\\\/fuentesfidedignas.com.mx\\\/index.php\\\/2022\\\/04\\\/21\\\/hallan-cuerpo-en-zona-donde-desaparecio-debanhi-podria-ser-ella\\\/\"},\"author\":{\"name\":\"Exc\u00e9lsior\",\"@id\":\"https:\\\/\\\/fuentesfidedignas.com.mx\\\/#\\\/schema\\\/person\\\/ec4edd1fbf5efa3e44fce34fe2787780\"},\"headline\":\"Hallan cuerpo en zona donde desapareci\u00f3 Debanhi; podr\u00eda ser ella\",\"datePublished\":\"2022-04-22T02:40:22+00:00\",\"dateModified\":\"2022-04-22T12:12:00+00:00\",\"mainEntityOfPage\":{\"@id\":\"https:\\\/\\\/fuentesfidedignas.com.mx\\\/index.php\\\/2022\\\/04\\\/21\\\/hallan-cuerpo-en-zona-donde-desaparecio-debanhi-podria-ser-ella\\\/\"},\"wordCount\":226,\"commentCount\":0,\"publisher\":{\"@id\":\"https:\\\/\\\/fuentesfidedignas.com.mx\\\/#organization\"},\"image\":{\"@id\":\"https:\\\/\\\/fuentesfidedignas.com.mx\\\/index.php\\\/2022\\\/04\\\/21\\\/hallan-cuerpo-en-zona-donde-desaparecio-debanhi-podria-ser-ella\\\/#primaryimage\"},\"thumbnailUrl\":\"https:\\\/\\\/fuentesfidedignas.com.mx\\\/wp-content\\\/uploads\\\/2022\\\/04\\\/2747245.jpg\",\"inLanguage\":\"es\",\"potentialAction\":[{\"@type\":\"CommentAction\",\"name\":\"Comment\",\"target\":[\"https:\\\/\\\/fuentesfidedignas.com.mx\\\/index.php\\\/2022\\\/04\\\/21\\\/hallan-cuerpo-en-zona-donde-desaparecio-debanhi-podria-ser-ella\\\/#respond\"]}]},{\"@type\":\"WebPage\",\"@id\":\"https:\\\/\\\/fuentesfidedignas.com.mx\\\/index.php\\\/2022\\\/04\\\/21\\\/hallan-cuerpo-en-zona-donde-desaparecio-debanhi-podria-ser-ella\\\/\",\"url\":\"https:\\\/\\\/fuentesfidedignas.com.mx\\\/index.php\\\/2022\\\/04\\\/21\\\/hallan-cuerpo-en-zona-donde-desaparecio-debanhi-podria-ser-ella\\\/\",\"name\":\"Hallan cuerpo en zona donde desapareci\u00f3 Debanhi; podr\u00eda ser ella - Fuentes Fidedignas\",\"isPartOf\":{\"@id\":\"https:\\\/\\\/fuentesfidedignas.com.mx\\\/#website\"},\"primaryImageOfPage\":{\"@id\":\"https:\\\/\\\/fuentesfidedignas.com.mx\\\/index.php\\\/2022\\\/04\\\/21\\\/hallan-cuerpo-en-zona-donde-desaparecio-debanhi-podria-ser-ella\\\/#primaryimage\"},\"image\":{\"@id\":\"https:\\\/\\\/fuentesfidedignas.com.mx\\\/index.php\\\/2022\\\/04\\\/21\\\/hallan-cuerpo-en-zona-donde-desaparecio-debanhi-podria-ser-ella\\\/#primaryimage\"},\"thumbnailUrl\":\"https:\\\/\\\/fuentesfidedignas.com.mx\\\/wp-content\\\/uploads\\\/2022\\\/04\\\/2747245.jpg\",\"datePublished\":\"2022-04-22T02:40:22+00:00\",\"dateModified\":\"2022-04-22T12:12:00+00:00\",\"breadcrumb\":{\"@id\":\"https:\\\/\\\/fuentesfidedignas.com.mx\\\/index.php\\\/2022\\\/04\\\/21\\\/hallan-cuerpo-en-zona-donde-desaparecio-debanhi-podria-ser-ella\\\/#breadcrumb\"},\"inLanguage\":\"es\",\"potentialAction\":[{\"@type\":\"ReadAction\",\"target\":[\"https:\\\/\\\/fuentesfidedignas.com.mx\\\/index.php\\\/2022\\\/04\\\/21\\\/hallan-cuerpo-en-zona-donde-desaparecio-debanhi-podria-ser-ella\\\/\"]}]},{\"@type\":\"ImageObject\",\"inLanguage\":\"es\",\"@id\":\"https:\\\/\\\/fuentesfidedignas.com.mx\\\/index.php\\\/2022\\\/04\\\/21\\\/hallan-cuerpo-en-zona-donde-desaparecio-debanhi-podria-ser-ella\\\/#primaryimage\",\"url\":\"https:\\\/\\\/fuentesfidedignas.com.mx\\\/wp-content\\\/uploads\\\/2022\\\/04\\\/2747245.jpg\",\"contentUrl\":\"https:\\\/\\\/fuentesfidedignas.com.mx\\\/wp-content\\\/uploads\\\/2022\\\/04\\\/2747245.jpg\",\"width\":800,\"height\":600},{\"@type\":\"BreadcrumbList\",\"@id\":\"https:\\\/\\\/fuentesfidedignas.com.mx\\\/index.php\\\/2022\\\/04\\\/21\\\/hallan-cuerpo-en-zona-donde-desaparecio-debanhi-podria-ser-ella\\\/#breadcrumb\",\"itemListElement\":[{\"@type\":\"ListItem\",\"position\":1,\"name\":\"Inicio\",\"item\":\"https:\\\/\\\/fuentesfidedignas.com.mx\\\/\"},{\"@type\":\"ListItem\",\"position\":2,\"name\":\"Hallan cuerpo en zona donde desapareci\u00f3 Debanhi; podr\u00eda ser ella\"}]},{\"@type\":\"WebSite\",\"@id\":\"https:\\\/\\\/fuentesfidedignas.com.mx\\\/#website\",\"url\":\"https:\\\/\\\/fuentesfidedignas.com.mx\\\/\",\"name\":\"Fuentes Fidedignas\",\"description\":\"Otro sitio realizado con WordPress\",\"publisher\":{\"@id\":\"https:\\\/\\\/fuentesfidedignas.com.mx\\\/#organization\"},\"potentialAction\":[{\"@type\":\"SearchAction\",\"target\":{\"@type\":\"EntryPoint\",\"urlTemplate\":\"https:\\\/\\\/fuentesfidedignas.com.mx\\\/?s={search_term_string}\"},\"query-input\":{\"@type\":\"PropertyValueSpecification\",\"valueRequired\":true,\"valueName\":\"search_term_string\"}}],\"inLanguage\":\"es\"},{\"@type\":\"Organization\",\"@id\":\"https:\\\/\\\/fuentesfidedignas.com.mx\\\/#organization\",\"name\":\"Fuentes Fidedignas\",\"url\":\"https:\\\/\\\/fuentesfidedignas.com.mx\\\/\",\"logo\":{\"@type\":\"ImageObject\",\"inLanguage\":\"es\",\"@id\":\"https:\\\/\\\/fuentesfidedignas.com.mx\\\/#\\\/schema\\\/logo\\\/image\\\/\",\"url\":\"https:\\\/\\\/fuentesfidedignas.com.mx\\\/wp-content\\\/uploads\\\/2021\\\/04\\\/logo-retina.png\",\"contentUrl\":\"https:\\\/\\\/fuentesfidedignas.com.mx\\\/wp-content\\\/uploads\\\/2021\\\/04\\\/logo-retina.png\",\"width\":280,\"height\":51,\"caption\":\"Fuentes Fidedignas\"},\"image\":{\"@id\":\"https:\\\/\\\/fuentesfidedignas.com.mx\\\/#\\\/schema\\\/logo\\\/image\\\/\"},\"sameAs\":[\"https:\\\/\\\/www.facebook.com\\\/Fuentes-Fidedignas-368234489921644\",\"https:\\\/\\\/x.com\\\/fidedignas\"]},{\"@type\":\"Person\",\"@id\":\"https:\\\/\\\/fuentesfidedignas.com.mx\\\/#\\\/schema\\\/person\\\/ec4edd1fbf5efa3e44fce34fe2787780\",\"name\":\"Exc\u00e9lsior\",\"image\":{\"@type\":\"ImageObject\",\"inLanguage\":\"es\",\"@id\":\"https:\\\/\\\/secure.gravatar.com\\\/avatar\\\/4b7ee9206b48be08447852b3f0814dbc7c0f3b51541b164f1464a2725614020b?s=96&d=mm&r=g\",\"url\":\"https:\\\/\\\/secure.gravatar.com\\\/avatar\\\/4b7ee9206b48be08447852b3f0814dbc7c0f3b51541b164f1464a2725614020b?s=96&d=mm&r=g\",\"contentUrl\":\"https:\\\/\\\/secure.gravatar.com\\\/avatar\\\/4b7ee9206b48be08447852b3f0814dbc7c0f3b51541b164f1464a2725614020b?s=96&d=mm&r=g\",\"caption\":\"Exc\u00e9lsior\"},\"url\":\"https:\\\/\\\/fuentesfidedignas.com.mx\\\/index.php\\\/author\\\/excelsior\\\/\"}]}<\/script>\n<!-- \/ Yoast SEO plugin. -->","yoast_head_json":{"title":"Hallan cuerpo en zona donde desapareci\u00f3 Debanhi; podr\u00eda ser ella - Fuentes Fidedignas","robots":{"index":"index","follow":"follow","max-snippet":"max-snippet:-1","max-image-preview":"max-image-preview:large","max-video-preview":"max-video-preview:-1"},"canonical":"https:\/\/fuentesfidedignas.com.mx\/index.php\/2022\/04\/21\/hallan-cuerpo-en-zona-donde-desaparecio-debanhi-podria-ser-ella\/","og_locale":"es_MX","og_type":"article","og_title":"Hallan cuerpo en zona donde desapareci\u00f3 Debanhi; podr\u00eda ser ella - Fuentes Fidedignas","og_description":"Un cuerpo fue hallado en una cisterna en inmediaciones del Motel Nueva Castilla, donde fue buscada Debanhi tras su desaparici\u00f3n Nuevo Le\u00f3n. Una intensa movilizaci\u00f3n se registra en el Motel Nueva Castilla en donde se realiz\u00f3 el hallazgo del cuerpo de una mujer que se presume ser\u00eda Debanhi Escobar Bazald\u00faa. La joven se encuentra desaparecida [&hellip;]","og_url":"https:\/\/fuentesfidedignas.com.mx\/index.php\/2022\/04\/21\/hallan-cuerpo-en-zona-donde-desaparecio-debanhi-podria-ser-ella\/","og_site_name":"Fuentes Fidedignas","article_publisher":"https:\/\/www.facebook.com\/Fuentes-Fidedignas-368234489921644","article_published_time":"2022-04-22T02:40:22+00:00","article_modified_time":"2022-04-22T12:12:00+00:00","og_image":[{"width":800,"height":600,"url":"https:\/\/fuentesfidedignas.com.mx\/wp-content\/uploads\/2022\/04\/2747245.jpg","type":"image\/jpeg"}],"author":"Exc\u00e9lsior","twitter_card":"summary_large_image","twitter_creator":"@fidedignas","twitter_site":"@fidedignas","twitter_misc":{"Escrito por":"Exc\u00e9lsior","Tiempo de lectura":"1 minuto"},"schema":{"@context":"https:\/\/schema.org","@graph":[{"@type":"Article","@id":"https:\/\/fuentesfidedignas.com.mx\/index.php\/2022\/04\/21\/hallan-cuerpo-en-zona-donde-desaparecio-debanhi-podria-ser-ella\/#article","isPartOf":{"@id":"https:\/\/fuentesfidedignas.com.mx\/index.php\/2022\/04\/21\/hallan-cuerpo-en-zona-donde-desaparecio-debanhi-podria-ser-ella\/"},"author":{"name":"Exc\u00e9lsior","@id":"https:\/\/fuentesfidedignas.com.mx\/#\/schema\/person\/ec4edd1fbf5efa3e44fce34fe2787780"},"headline":"Hallan cuerpo en zona donde desapareci\u00f3 Debanhi; podr\u00eda ser ella","datePublished":"2022-04-22T02:40:22+00:00","dateModified":"2022-04-22T12:12:00+00:00","mainEntityOfPage":{"@id":"https:\/\/fuentesfidedignas.com.mx\/index.php\/2022\/04\/21\/hallan-cuerpo-en-zona-donde-desaparecio-debanhi-podria-ser-ella\/"},"wordCount":226,"commentCount":0,"publisher":{"@id":"https:\/\/fuentesfidedignas.com.mx\/#organization"},"image":{"@id":"https:\/\/fuentesfidedignas.com.mx\/index.php\/2022\/04\/21\/hallan-cuerpo-en-zona-donde-desaparecio-debanhi-podria-ser-ella\/#primaryimage"},"thumbnailUrl":"https:\/\/fuentesfidedignas.com.mx\/wp-content\/uploads\/2022\/04\/2747245.jpg","inLanguage":"es","potentialAction":[{"@type":"CommentAction","name":"Comment","target":["https:\/\/fuentesfidedignas.com.mx\/index.php\/2022\/04\/21\/hallan-cuerpo-en-zona-donde-desaparecio-debanhi-podria-ser-ella\/#respond"]}]},{"@type":"WebPage","@id":"https:\/\/fuentesfidedignas.com.mx\/index.php\/2022\/04\/21\/hallan-cuerpo-en-zona-donde-desaparecio-debanhi-podria-ser-ella\/","url":"https:\/\/fuentesfidedignas.com.mx\/index.php\/2022\/04\/21\/hallan-cuerpo-en-zona-donde-desaparecio-debanhi-podria-ser-ella\/","name":"Hallan cuerpo en zona donde desapareci\u00f3 Debanhi; podr\u00eda ser ella - Fuentes Fidedignas","isPartOf":{"@id":"https:\/\/fuentesfidedignas.com.mx\/#website"},"primaryImageOfPage":{"@id":"https:\/\/fuentesfidedignas.com.mx\/index.php\/2022\/04\/21\/hallan-cuerpo-en-zona-donde-desaparecio-debanhi-podria-ser-ella\/#primaryimage"},"image":{"@id":"https:\/\/fuentesfidedignas.com.mx\/index.php\/2022\/04\/21\/hallan-cuerpo-en-zona-donde-desaparecio-debanhi-podria-ser-ella\/#primaryimage"},"thumbnailUrl":"https:\/\/fuentesfidedignas.com.mx\/wp-content\/uploads\/2022\/04\/2747245.jpg","datePublished":"2022-04-22T02:40:22+00:00","dateModified":"2022-04-22T12:12:00+00:00","breadcrumb":{"@id":"https:\/\/fuentesfidedignas.com.mx\/index.php\/2022\/04\/21\/hallan-cuerpo-en-zona-donde-desaparecio-debanhi-podria-ser-ella\/#breadcrumb"},"inLanguage":"es","potentialAction":[{"@type":"ReadAction","target":["https:\/\/fuentesfidedignas.com.mx\/index.php\/2022\/04\/21\/hallan-cuerpo-en-zona-donde-desaparecio-debanhi-podria-ser-ella\/"]}]},{"@type":"ImageObject","inLanguage":"es","@id":"https:\/\/fuentesfidedignas.com.mx\/index.php\/2022\/04\/21\/hallan-cuerpo-en-zona-donde-desaparecio-debanhi-podria-ser-ella\/#primaryimage","url":"https:\/\/fuentesfidedignas.com.mx\/wp-content\/uploads\/2022\/04\/2747245.jpg","contentUrl":"https:\/\/fuentesfidedignas.com.mx\/wp-content\/uploads\/2022\/04\/2747245.jpg","width":800,"height":600},{"@type":"BreadcrumbList","@id":"https:\/\/fuentesfidedignas.com.mx\/index.php\/2022\/04\/21\/hallan-cuerpo-en-zona-donde-desaparecio-debanhi-podria-ser-ella\/#breadcrumb","itemListElement":[{"@type":"ListItem","position":1,"name":"Inicio","item":"https:\/\/fuentesfidedignas.com.mx\/"},{"@type":"ListItem","position":2,"name":"Hallan cuerpo en zona donde desapareci\u00f3 Debanhi; podr\u00eda ser ella"}]},{"@type":"WebSite","@id":"https:\/\/fuentesfidedignas.com.mx\/#website","url":"https:\/\/fuentesfidedignas.com.mx\/","name":"Fuentes Fidedignas","description":"Otro sitio realizado con WordPress","publisher":{"@id":"https:\/\/fuentesfidedignas.com.mx\/#organization"},"potentialAction":[{"@type":"SearchAction","target":{"@type":"EntryPoint","urlTemplate":"https:\/\/fuentesfidedignas.com.mx\/?s={search_term_string}"},"query-input":{"@type":"PropertyValueSpecification","valueRequired":true,"valueName":"search_term_string"}}],"inLanguage":"es"},{"@type":"Organization","@id":"https:\/\/fuentesfidedignas.com.mx\/#organization","name":"Fuentes Fidedignas","url":"https:\/\/fuentesfidedignas.com.mx\/","logo":{"@type":"ImageObject","inLanguage":"es","@id":"https:\/\/fuentesfidedignas.com.mx\/#\/schema\/logo\/image\/","url":"https:\/\/fuentesfidedignas.com.mx\/wp-content\/uploads\/2021\/04\/logo-retina.png","contentUrl":"https:\/\/fuentesfidedignas.com.mx\/wp-content\/uploads\/2021\/04\/logo-retina.png","width":280,"height":51,"caption":"Fuentes Fidedignas"},"image":{"@id":"https:\/\/fuentesfidedignas.com.mx\/#\/schema\/logo\/image\/"},"sameAs":["https:\/\/www.facebook.com\/Fuentes-Fidedignas-368234489921644","https:\/\/x.com\/fidedignas"]},{"@type":"Person","@id":"https:\/\/fuentesfidedignas.com.mx\/#\/schema\/person\/ec4edd1fbf5efa3e44fce34fe2787780","name":"Exc\u00e9lsior","image":{"@type":"ImageObject","inLanguage":"es","@id":"https:\/\/secure.gravatar.com\/avatar\/4b7ee9206b48be08447852b3f0814dbc7c0f3b51541b164f1464a2725614020b?s=96&d=mm&r=g","url":"https:\/\/secure.gravatar.com\/avatar\/4b7ee9206b48be08447852b3f0814dbc7c0f3b51541b164f1464a2725614020b?s=96&d=mm&r=g","contentUrl":"https:\/\/secure.gravatar.com\/avatar\/4b7ee9206b48be08447852b3f0814dbc7c0f3b51541b164f1464a2725614020b?s=96&d=mm&r=g","caption":"Exc\u00e9lsior"},"url":"https:\/\/fuentesfidedignas.com.mx\/index.php\/author\/excelsior\/"}]}},"_links":{"self":[{"href":"https:\/\/fuentesfidedignas.com.mx\/index.php\/wp-json\/wp\/v2\/posts\/28857","targetHints":{"allow":["GET"]}}],"collection":[{"href":"https:\/\/fuentesfidedignas.com.mx\/index.php\/wp-json\/wp\/v2\/posts"}],"about":[{"href":"https:\/\/fuentesfidedignas.com.mx\/index.php\/wp-json\/wp\/v2\/types\/post"}],"author":[{"embeddable":true,"href":"https:\/\/fuentesfidedignas.com.mx\/index.php\/wp-json\/wp\/v2\/users\/7"}],"replies":[{"embeddable":true,"href":"https:\/\/fuentesfidedignas.com.mx\/index.php\/wp-json\/wp\/v2\/comments?post=28857"}],"version-history":[{"count":1,"href":"https:\/\/fuentesfidedignas.com.mx\/index.php\/wp-json\/wp\/v2\/posts\/28857\/revisions"}],"predecessor-version":[{"id":28858,"href":"https:\/\/fuentesfidedignas.com.mx\/index.php\/wp-json\/wp\/v2\/posts\/28857\/revisions\/28858"}],"wp:featuredmedia":[{"embeddable":true,"href":"https:\/\/fuentesfidedignas.com.mx\/index.php\/wp-json\/wp\/v2\/media\/28859"}],"wp:attachment":[{"href":"https:\/\/fuentesfidedignas.com.mx\/index.php\/wp-json\/wp\/v2\/media?parent=28857"}],"wp:term":[{"taxonomy":"category","embeddable":true,"href":"https:\/\/fuentesfidedignas.com.mx\/index.php\/wp-json\/wp\/v2\/categories?post=28857"},{"taxonomy":"post_tag","embeddable":true,"href":"https:\/\/fuentesfidedignas.com.mx\/index.php\/wp-json\/wp\/v2\/tags?post=28857"}],"curies":[{"name":"wp","href":"https:\/\/api.w.org\/{rel}","templated":true}]}}