{"id":28818,"date":"2022-04-21T12:42:01","date_gmt":"2022-04-21T19:42:01","guid":{"rendered":"https:\/\/fuentesfidedignas.com.mx\/?p=28818"},"modified":"2022-04-21T12:45:02","modified_gmt":"2022-04-21T19:45:02","slug":"personal-medico-covid-19-pide-apoyo-a-gerardo-vargas-ante-amenaza-de-despido","status":"publish","type":"post","link":"https:\/\/fuentesfidedignas.com.mx\/index.php\/2022\/04\/21\/personal-medico-covid-19-pide-apoyo-a-gerardo-vargas-ante-amenaza-de-despido\/","title":{"rendered":"Personal m\u00e9dico Covid-19, pide apoyo a Gerardo Vargas ante amenaza de despido"},"content":{"rendered":"\n<p><strong><em>Intercede el Presidente Municipal para ayudar al personal del Hospital General de Los Mochis, ante amenaza de despido por no contar con C\u00e9dula Fiscal del SAT<\/em><\/strong><\/p>\n\n\n\n<p>Ahome, Sin.- Grupo de trabajadores de la Salud, entre m\u00e9dicos, enfermeros y especialistas de la primera l\u00ednea de atenci\u00f3n COVID-19, del INSABI, en el Hospital General de Los Mochis, abordaron al Alcalde Gerardo Vargas Landeros, para pedir su intervenci\u00f3n ante la Secretar\u00eda de Salud del Estado de Sinaloa, y detener el proceso administrativo de baja laboral si no presentan hoy antes de las 6 de la tarde la C\u00e9dula de Identificaci\u00f3n Fiscal SAT.<\/p>\n\n\n\n<p>Los involucrados en el proceso son alrededor de 65 profesionistas que desde el 2020 est\u00e1n atendiendo en el \u00e1rea COVID.<\/p>\n\n\n\n<p>Explicaron a Vargas Landeros que el d\u00eda mi\u00e9rcoles les notificaron que hoy jueves habr\u00eda de presentar dicha c\u00e9dula, pero al acudir al SAT se encontraron con que no hay citas para atenci\u00f3n, por lo que no podr\u00e1n cumplir con el tr\u00e1mite, de ah\u00ed que acudieron en su busca para que interceda ante el Secretario de Salud y les d\u00e9 una pr\u00f3rroga.<\/p>\n\n\n\n<p>Los afectados fueron atendidos de inmediato por el Alcalde de Ahome al terminar la ceremonia c\u00edvica del 108 aniversario de la Gesta Heroica del Puerto de Veracruz, y despu\u00e9s de escucharlos, contact\u00f3 v\u00eda telef\u00f3nica y en altavoz con el Secretario de Salud de Sinaloa, H\u00e9ctor Melesio Cu\u00e9n Ojeda, quien hizo compromiso de contactarse posteriormente y ofrecerles una alternativa de pr\u00f3rroga.<\/p>\n\n\n\n<p>Paloma S\u00e1nchez Mart\u00ednez, enfermera, agradeci\u00f3 a nombre del grupo de efectuados, la intervenci\u00f3n de Gerardo Vargas Landeros ante Melesio Cuen Ojeda, para destrabar dicho conflicto.<\/p>\n\n\n\n<p>\u201cFuimos a buscarlo a Palacio, y al enterarnos que aqu\u00ed estaba, acudimos ante usted para pedirle su apoyo. Muchas gracias por su oportuna atenci\u00f3n e intervenci\u00f3n\u201d, dijo. \u201cSab\u00edamos que Usted pod\u00eda ayudarnos y no nos equivocamos\u201d.<\/p>\n\n\n\n<p>\u201cPor lo contrario, ustedes como trabajadores de la salud, que han salvado muchas vidas durante la pandemia, se merecen esto y m\u00e1s, y estamos para ayudarlos\u201d, expres\u00f3 el Presidente Municipal.<\/p>\n","protected":false},"excerpt":{"rendered":"<p>Intercede el Presidente Municipal para ayudar al personal del Hospital General de Los Mochis, ante amenaza de despido por no contar con C\u00e9dula Fiscal del SAT Ahome, Sin.- Grupo de trabajadores de la Salud, entre m\u00e9dicos, enfermeros y especialistas de la primera l\u00ednea de atenci\u00f3n COVID-19, del INSABI, en el Hospital General de Los Mochis, [&hellip;]<\/p>\n","protected":false},"author":4,"featured_media":28820,"comment_status":"open","ping_status":"open","sticky":false,"template":"","format":"standard","meta":{"tdm_status":"","tdm_grid_status":"","footnotes":""},"categories":[38],"tags":[278,1715,1654,2625],"class_list":{"0":"post-28818","1":"post","2":"type-post","3":"status-publish","4":"format-standard","5":"has-post-thumbnail","7":"category-noticias-locales","8":"tag-ahome","9":"tag-ayuntamiento-de-ahome","10":"tag-gerardo-vargas-landeros","11":"tag-hospital-general-de-los-mochis"},"yoast_head":"<!-- This site is optimized with the Yoast SEO plugin v27.5 - https:\/\/yoast.com\/product\/yoast-seo-wordpress\/ -->\n<title>Personal m\u00e9dico Covid-19, pide apoyo a Gerardo Vargas ante amenaza de despido - Fuentes Fidedignas<\/title>\n<meta name=\"robots\" content=\"index, follow, max-snippet:-1, max-image-preview:large, max-video-preview:-1\" \/>\n<link rel=\"canonical\" href=\"https:\/\/fuentesfidedignas.com.mx\/index.php\/2022\/04\/21\/personal-medico-covid-19-pide-apoyo-a-gerardo-vargas-ante-amenaza-de-despido\/\" \/>\n<meta property=\"og:locale\" content=\"es_MX\" \/>\n<meta property=\"og:type\" content=\"article\" \/>\n<meta property=\"og:title\" content=\"Personal m\u00e9dico Covid-19, pide apoyo a Gerardo Vargas ante amenaza de despido - Fuentes Fidedignas\" \/>\n<meta property=\"og:description\" content=\"Intercede el Presidente Municipal para ayudar al personal del Hospital General de Los Mochis, ante amenaza de despido por no contar con C\u00e9dula Fiscal del SAT Ahome, Sin.- Grupo de trabajadores de la Salud, entre m\u00e9dicos, enfermeros y especialistas de la primera l\u00ednea de atenci\u00f3n COVID-19, del INSABI, en el Hospital General de Los Mochis, [&hellip;]\" \/>\n<meta property=\"og:url\" content=\"https:\/\/fuentesfidedignas.com.mx\/index.php\/2022\/04\/21\/personal-medico-covid-19-pide-apoyo-a-gerardo-vargas-ante-amenaza-de-despido\/\" \/>\n<meta property=\"og:site_name\" content=\"Fuentes Fidedignas\" \/>\n<meta property=\"article:publisher\" content=\"https:\/\/www.facebook.com\/Fuentes-Fidedignas-368234489921644\" \/>\n<meta property=\"article:published_time\" content=\"2022-04-21T19:42:01+00:00\" \/>\n<meta property=\"article:modified_time\" content=\"2022-04-21T19:45:02+00:00\" \/>\n<meta property=\"og:image\" content=\"https:\/\/fuentesfidedignas.com.mx\/wp-content\/uploads\/2022\/04\/IMG-20220421-WA0015.jpg\" \/>\n\t<meta property=\"og:image:width\" content=\"1280\" \/>\n\t<meta property=\"og:image:height\" content=\"852\" \/>\n\t<meta property=\"og:image:type\" content=\"image\/jpeg\" \/>\n<meta name=\"author\" content=\"Redacci\u00f3n\" \/>\n<meta name=\"twitter:card\" content=\"summary_large_image\" \/>\n<meta name=\"twitter:creator\" content=\"@fidedignas\" \/>\n<meta name=\"twitter:site\" content=\"@fidedignas\" \/>\n<meta name=\"twitter:label1\" content=\"Escrito por\" \/>\n\t<meta name=\"twitter:data1\" content=\"Redacci\u00f3n\" \/>\n\t<meta name=\"twitter:label2\" content=\"Tiempo de lectura\" \/>\n\t<meta name=\"twitter:data2\" content=\"2 minutos\" \/>\n<script type=\"application\/ld+json\" class=\"yoast-schema-graph\">{\"@context\":\"https:\\\/\\\/schema.org\",\"@graph\":[{\"@type\":\"Article\",\"@id\":\"https:\\\/\\\/fuentesfidedignas.com.mx\\\/index.php\\\/2022\\\/04\\\/21\\\/personal-medico-covid-19-pide-apoyo-a-gerardo-vargas-ante-amenaza-de-despido\\\/#article\",\"isPartOf\":{\"@id\":\"https:\\\/\\\/fuentesfidedignas.com.mx\\\/index.php\\\/2022\\\/04\\\/21\\\/personal-medico-covid-19-pide-apoyo-a-gerardo-vargas-ante-amenaza-de-despido\\\/\"},\"author\":{\"name\":\"Redacci\u00f3n\",\"@id\":\"https:\\\/\\\/fuentesfidedignas.com.mx\\\/#\\\/schema\\\/person\\\/331be9283d37198e2acd5750279085b0\"},\"headline\":\"Personal m\u00e9dico Covid-19, pide apoyo a Gerardo Vargas ante amenaza de despido\",\"datePublished\":\"2022-04-21T19:42:01+00:00\",\"dateModified\":\"2022-04-21T19:45:02+00:00\",\"mainEntityOfPage\":{\"@id\":\"https:\\\/\\\/fuentesfidedignas.com.mx\\\/index.php\\\/2022\\\/04\\\/21\\\/personal-medico-covid-19-pide-apoyo-a-gerardo-vargas-ante-amenaza-de-despido\\\/\"},\"wordCount\":373,\"commentCount\":0,\"publisher\":{\"@id\":\"https:\\\/\\\/fuentesfidedignas.com.mx\\\/#organization\"},\"image\":{\"@id\":\"https:\\\/\\\/fuentesfidedignas.com.mx\\\/index.php\\\/2022\\\/04\\\/21\\\/personal-medico-covid-19-pide-apoyo-a-gerardo-vargas-ante-amenaza-de-despido\\\/#primaryimage\"},\"thumbnailUrl\":\"https:\\\/\\\/fuentesfidedignas.com.mx\\\/wp-content\\\/uploads\\\/2022\\\/04\\\/IMG-20220421-WA0015.jpg\",\"keywords\":[\"Ahome\",\"Ayuntamiento de Ahome\",\"Gerardo Vargas Landeros\",\"Hospital General de Los Mochis\"],\"articleSection\":[\"NOTICIAS LOCALES\"],\"inLanguage\":\"es\",\"potentialAction\":[{\"@type\":\"CommentAction\",\"name\":\"Comment\",\"target\":[\"https:\\\/\\\/fuentesfidedignas.com.mx\\\/index.php\\\/2022\\\/04\\\/21\\\/personal-medico-covid-19-pide-apoyo-a-gerardo-vargas-ante-amenaza-de-despido\\\/#respond\"]}]},{\"@type\":\"WebPage\",\"@id\":\"https:\\\/\\\/fuentesfidedignas.com.mx\\\/index.php\\\/2022\\\/04\\\/21\\\/personal-medico-covid-19-pide-apoyo-a-gerardo-vargas-ante-amenaza-de-despido\\\/\",\"url\":\"https:\\\/\\\/fuentesfidedignas.com.mx\\\/index.php\\\/2022\\\/04\\\/21\\\/personal-medico-covid-19-pide-apoyo-a-gerardo-vargas-ante-amenaza-de-despido\\\/\",\"name\":\"Personal m\u00e9dico Covid-19, pide apoyo a Gerardo Vargas ante amenaza de despido - Fuentes Fidedignas\",\"isPartOf\":{\"@id\":\"https:\\\/\\\/fuentesfidedignas.com.mx\\\/#website\"},\"primaryImageOfPage\":{\"@id\":\"https:\\\/\\\/fuentesfidedignas.com.mx\\\/index.php\\\/2022\\\/04\\\/21\\\/personal-medico-covid-19-pide-apoyo-a-gerardo-vargas-ante-amenaza-de-despido\\\/#primaryimage\"},\"image\":{\"@id\":\"https:\\\/\\\/fuentesfidedignas.com.mx\\\/index.php\\\/2022\\\/04\\\/21\\\/personal-medico-covid-19-pide-apoyo-a-gerardo-vargas-ante-amenaza-de-despido\\\/#primaryimage\"},\"thumbnailUrl\":\"https:\\\/\\\/fuentesfidedignas.com.mx\\\/wp-content\\\/uploads\\\/2022\\\/04\\\/IMG-20220421-WA0015.jpg\",\"datePublished\":\"2022-04-21T19:42:01+00:00\",\"dateModified\":\"2022-04-21T19:45:02+00:00\",\"breadcrumb\":{\"@id\":\"https:\\\/\\\/fuentesfidedignas.com.mx\\\/index.php\\\/2022\\\/04\\\/21\\\/personal-medico-covid-19-pide-apoyo-a-gerardo-vargas-ante-amenaza-de-despido\\\/#breadcrumb\"},\"inLanguage\":\"es\",\"potentialAction\":[{\"@type\":\"ReadAction\",\"target\":[\"https:\\\/\\\/fuentesfidedignas.com.mx\\\/index.php\\\/2022\\\/04\\\/21\\\/personal-medico-covid-19-pide-apoyo-a-gerardo-vargas-ante-amenaza-de-despido\\\/\"]}]},{\"@type\":\"ImageObject\",\"inLanguage\":\"es\",\"@id\":\"https:\\\/\\\/fuentesfidedignas.com.mx\\\/index.php\\\/2022\\\/04\\\/21\\\/personal-medico-covid-19-pide-apoyo-a-gerardo-vargas-ante-amenaza-de-despido\\\/#primaryimage\",\"url\":\"https:\\\/\\\/fuentesfidedignas.com.mx\\\/wp-content\\\/uploads\\\/2022\\\/04\\\/IMG-20220421-WA0015.jpg\",\"contentUrl\":\"https:\\\/\\\/fuentesfidedignas.com.mx\\\/wp-content\\\/uploads\\\/2022\\\/04\\\/IMG-20220421-WA0015.jpg\",\"width\":1280,\"height\":852},{\"@type\":\"BreadcrumbList\",\"@id\":\"https:\\\/\\\/fuentesfidedignas.com.mx\\\/index.php\\\/2022\\\/04\\\/21\\\/personal-medico-covid-19-pide-apoyo-a-gerardo-vargas-ante-amenaza-de-despido\\\/#breadcrumb\",\"itemListElement\":[{\"@type\":\"ListItem\",\"position\":1,\"name\":\"Inicio\",\"item\":\"https:\\\/\\\/fuentesfidedignas.com.mx\\\/\"},{\"@type\":\"ListItem\",\"position\":2,\"name\":\"Personal m\u00e9dico Covid-19, pide apoyo a Gerardo Vargas ante amenaza de despido\"}]},{\"@type\":\"WebSite\",\"@id\":\"https:\\\/\\\/fuentesfidedignas.com.mx\\\/#website\",\"url\":\"https:\\\/\\\/fuentesfidedignas.com.mx\\\/\",\"name\":\"Fuentes Fidedignas\",\"description\":\"Otro sitio realizado con WordPress\",\"publisher\":{\"@id\":\"https:\\\/\\\/fuentesfidedignas.com.mx\\\/#organization\"},\"potentialAction\":[{\"@type\":\"SearchAction\",\"target\":{\"@type\":\"EntryPoint\",\"urlTemplate\":\"https:\\\/\\\/fuentesfidedignas.com.mx\\\/?s={search_term_string}\"},\"query-input\":{\"@type\":\"PropertyValueSpecification\",\"valueRequired\":true,\"valueName\":\"search_term_string\"}}],\"inLanguage\":\"es\"},{\"@type\":\"Organization\",\"@id\":\"https:\\\/\\\/fuentesfidedignas.com.mx\\\/#organization\",\"name\":\"Fuentes Fidedignas\",\"url\":\"https:\\\/\\\/fuentesfidedignas.com.mx\\\/\",\"logo\":{\"@type\":\"ImageObject\",\"inLanguage\":\"es\",\"@id\":\"https:\\\/\\\/fuentesfidedignas.com.mx\\\/#\\\/schema\\\/logo\\\/image\\\/\",\"url\":\"https:\\\/\\\/fuentesfidedignas.com.mx\\\/wp-content\\\/uploads\\\/2021\\\/04\\\/logo-retina.png\",\"contentUrl\":\"https:\\\/\\\/fuentesfidedignas.com.mx\\\/wp-content\\\/uploads\\\/2021\\\/04\\\/logo-retina.png\",\"width\":280,\"height\":51,\"caption\":\"Fuentes Fidedignas\"},\"image\":{\"@id\":\"https:\\\/\\\/fuentesfidedignas.com.mx\\\/#\\\/schema\\\/logo\\\/image\\\/\"},\"sameAs\":[\"https:\\\/\\\/www.facebook.com\\\/Fuentes-Fidedignas-368234489921644\",\"https:\\\/\\\/x.com\\\/fidedignas\"]},{\"@type\":\"Person\",\"@id\":\"https:\\\/\\\/fuentesfidedignas.com.mx\\\/#\\\/schema\\\/person\\\/331be9283d37198e2acd5750279085b0\",\"name\":\"Redacci\u00f3n\",\"image\":{\"@type\":\"ImageObject\",\"inLanguage\":\"es\",\"@id\":\"https:\\\/\\\/secure.gravatar.com\\\/avatar\\\/f6d8782c11d12b2d4ad3fbb6931aeab5309937a4d6cd2fc9cfaa28a6396a5aec?s=96&d=mm&r=g\",\"url\":\"https:\\\/\\\/secure.gravatar.com\\\/avatar\\\/f6d8782c11d12b2d4ad3fbb6931aeab5309937a4d6cd2fc9cfaa28a6396a5aec?s=96&d=mm&r=g\",\"contentUrl\":\"https:\\\/\\\/secure.gravatar.com\\\/avatar\\\/f6d8782c11d12b2d4ad3fbb6931aeab5309937a4d6cd2fc9cfaa28a6396a5aec?s=96&d=mm&r=g\",\"caption\":\"Redacci\u00f3n\"},\"url\":\"https:\\\/\\\/fuentesfidedignas.com.mx\\\/index.php\\\/author\\\/redaccion\\\/\"}]}<\/script>\n<!-- \/ Yoast SEO plugin. -->","yoast_head_json":{"title":"Personal m\u00e9dico Covid-19, pide apoyo a Gerardo Vargas ante amenaza de despido - Fuentes Fidedignas","robots":{"index":"index","follow":"follow","max-snippet":"max-snippet:-1","max-image-preview":"max-image-preview:large","max-video-preview":"max-video-preview:-1"},"canonical":"https:\/\/fuentesfidedignas.com.mx\/index.php\/2022\/04\/21\/personal-medico-covid-19-pide-apoyo-a-gerardo-vargas-ante-amenaza-de-despido\/","og_locale":"es_MX","og_type":"article","og_title":"Personal m\u00e9dico Covid-19, pide apoyo a Gerardo Vargas ante amenaza de despido - Fuentes Fidedignas","og_description":"Intercede el Presidente Municipal para ayudar al personal del Hospital General de Los Mochis, ante amenaza de despido por no contar con C\u00e9dula Fiscal del SAT Ahome, Sin.- Grupo de trabajadores de la Salud, entre m\u00e9dicos, enfermeros y especialistas de la primera l\u00ednea de atenci\u00f3n COVID-19, del INSABI, en el Hospital General de Los Mochis, [&hellip;]","og_url":"https:\/\/fuentesfidedignas.com.mx\/index.php\/2022\/04\/21\/personal-medico-covid-19-pide-apoyo-a-gerardo-vargas-ante-amenaza-de-despido\/","og_site_name":"Fuentes Fidedignas","article_publisher":"https:\/\/www.facebook.com\/Fuentes-Fidedignas-368234489921644","article_published_time":"2022-04-21T19:42:01+00:00","article_modified_time":"2022-04-21T19:45:02+00:00","og_image":[{"width":1280,"height":852,"url":"https:\/\/fuentesfidedignas.com.mx\/wp-content\/uploads\/2022\/04\/IMG-20220421-WA0015.jpg","type":"image\/jpeg"}],"author":"Redacci\u00f3n","twitter_card":"summary_large_image","twitter_creator":"@fidedignas","twitter_site":"@fidedignas","twitter_misc":{"Escrito por":"Redacci\u00f3n","Tiempo de lectura":"2 minutos"},"schema":{"@context":"https:\/\/schema.org","@graph":[{"@type":"Article","@id":"https:\/\/fuentesfidedignas.com.mx\/index.php\/2022\/04\/21\/personal-medico-covid-19-pide-apoyo-a-gerardo-vargas-ante-amenaza-de-despido\/#article","isPartOf":{"@id":"https:\/\/fuentesfidedignas.com.mx\/index.php\/2022\/04\/21\/personal-medico-covid-19-pide-apoyo-a-gerardo-vargas-ante-amenaza-de-despido\/"},"author":{"name":"Redacci\u00f3n","@id":"https:\/\/fuentesfidedignas.com.mx\/#\/schema\/person\/331be9283d37198e2acd5750279085b0"},"headline":"Personal m\u00e9dico Covid-19, pide apoyo a Gerardo Vargas ante amenaza de despido","datePublished":"2022-04-21T19:42:01+00:00","dateModified":"2022-04-21T19:45:02+00:00","mainEntityOfPage":{"@id":"https:\/\/fuentesfidedignas.com.mx\/index.php\/2022\/04\/21\/personal-medico-covid-19-pide-apoyo-a-gerardo-vargas-ante-amenaza-de-despido\/"},"wordCount":373,"commentCount":0,"publisher":{"@id":"https:\/\/fuentesfidedignas.com.mx\/#organization"},"image":{"@id":"https:\/\/fuentesfidedignas.com.mx\/index.php\/2022\/04\/21\/personal-medico-covid-19-pide-apoyo-a-gerardo-vargas-ante-amenaza-de-despido\/#primaryimage"},"thumbnailUrl":"https:\/\/fuentesfidedignas.com.mx\/wp-content\/uploads\/2022\/04\/IMG-20220421-WA0015.jpg","keywords":["Ahome","Ayuntamiento de Ahome","Gerardo Vargas Landeros","Hospital General de Los Mochis"],"articleSection":["NOTICIAS LOCALES"],"inLanguage":"es","potentialAction":[{"@type":"CommentAction","name":"Comment","target":["https:\/\/fuentesfidedignas.com.mx\/index.php\/2022\/04\/21\/personal-medico-covid-19-pide-apoyo-a-gerardo-vargas-ante-amenaza-de-despido\/#respond"]}]},{"@type":"WebPage","@id":"https:\/\/fuentesfidedignas.com.mx\/index.php\/2022\/04\/21\/personal-medico-covid-19-pide-apoyo-a-gerardo-vargas-ante-amenaza-de-despido\/","url":"https:\/\/fuentesfidedignas.com.mx\/index.php\/2022\/04\/21\/personal-medico-covid-19-pide-apoyo-a-gerardo-vargas-ante-amenaza-de-despido\/","name":"Personal m\u00e9dico Covid-19, pide apoyo a Gerardo Vargas ante amenaza de despido - Fuentes Fidedignas","isPartOf":{"@id":"https:\/\/fuentesfidedignas.com.mx\/#website"},"primaryImageOfPage":{"@id":"https:\/\/fuentesfidedignas.com.mx\/index.php\/2022\/04\/21\/personal-medico-covid-19-pide-apoyo-a-gerardo-vargas-ante-amenaza-de-despido\/#primaryimage"},"image":{"@id":"https:\/\/fuentesfidedignas.com.mx\/index.php\/2022\/04\/21\/personal-medico-covid-19-pide-apoyo-a-gerardo-vargas-ante-amenaza-de-despido\/#primaryimage"},"thumbnailUrl":"https:\/\/fuentesfidedignas.com.mx\/wp-content\/uploads\/2022\/04\/IMG-20220421-WA0015.jpg","datePublished":"2022-04-21T19:42:01+00:00","dateModified":"2022-04-21T19:45:02+00:00","breadcrumb":{"@id":"https:\/\/fuentesfidedignas.com.mx\/index.php\/2022\/04\/21\/personal-medico-covid-19-pide-apoyo-a-gerardo-vargas-ante-amenaza-de-despido\/#breadcrumb"},"inLanguage":"es","potentialAction":[{"@type":"ReadAction","target":["https:\/\/fuentesfidedignas.com.mx\/index.php\/2022\/04\/21\/personal-medico-covid-19-pide-apoyo-a-gerardo-vargas-ante-amenaza-de-despido\/"]}]},{"@type":"ImageObject","inLanguage":"es","@id":"https:\/\/fuentesfidedignas.com.mx\/index.php\/2022\/04\/21\/personal-medico-covid-19-pide-apoyo-a-gerardo-vargas-ante-amenaza-de-despido\/#primaryimage","url":"https:\/\/fuentesfidedignas.com.mx\/wp-content\/uploads\/2022\/04\/IMG-20220421-WA0015.jpg","contentUrl":"https:\/\/fuentesfidedignas.com.mx\/wp-content\/uploads\/2022\/04\/IMG-20220421-WA0015.jpg","width":1280,"height":852},{"@type":"BreadcrumbList","@id":"https:\/\/fuentesfidedignas.com.mx\/index.php\/2022\/04\/21\/personal-medico-covid-19-pide-apoyo-a-gerardo-vargas-ante-amenaza-de-despido\/#breadcrumb","itemListElement":[{"@type":"ListItem","position":1,"name":"Inicio","item":"https:\/\/fuentesfidedignas.com.mx\/"},{"@type":"ListItem","position":2,"name":"Personal m\u00e9dico Covid-19, pide apoyo a Gerardo Vargas ante amenaza de despido"}]},{"@type":"WebSite","@id":"https:\/\/fuentesfidedignas.com.mx\/#website","url":"https:\/\/fuentesfidedignas.com.mx\/","name":"Fuentes Fidedignas","description":"Otro sitio realizado con WordPress","publisher":{"@id":"https:\/\/fuentesfidedignas.com.mx\/#organization"},"potentialAction":[{"@type":"SearchAction","target":{"@type":"EntryPoint","urlTemplate":"https:\/\/fuentesfidedignas.com.mx\/?s={search_term_string}"},"query-input":{"@type":"PropertyValueSpecification","valueRequired":true,"valueName":"search_term_string"}}],"inLanguage":"es"},{"@type":"Organization","@id":"https:\/\/fuentesfidedignas.com.mx\/#organization","name":"Fuentes Fidedignas","url":"https:\/\/fuentesfidedignas.com.mx\/","logo":{"@type":"ImageObject","inLanguage":"es","@id":"https:\/\/fuentesfidedignas.com.mx\/#\/schema\/logo\/image\/","url":"https:\/\/fuentesfidedignas.com.mx\/wp-content\/uploads\/2021\/04\/logo-retina.png","contentUrl":"https:\/\/fuentesfidedignas.com.mx\/wp-content\/uploads\/2021\/04\/logo-retina.png","width":280,"height":51,"caption":"Fuentes Fidedignas"},"image":{"@id":"https:\/\/fuentesfidedignas.com.mx\/#\/schema\/logo\/image\/"},"sameAs":["https:\/\/www.facebook.com\/Fuentes-Fidedignas-368234489921644","https:\/\/x.com\/fidedignas"]},{"@type":"Person","@id":"https:\/\/fuentesfidedignas.com.mx\/#\/schema\/person\/331be9283d37198e2acd5750279085b0","name":"Redacci\u00f3n","image":{"@type":"ImageObject","inLanguage":"es","@id":"https:\/\/secure.gravatar.com\/avatar\/f6d8782c11d12b2d4ad3fbb6931aeab5309937a4d6cd2fc9cfaa28a6396a5aec?s=96&d=mm&r=g","url":"https:\/\/secure.gravatar.com\/avatar\/f6d8782c11d12b2d4ad3fbb6931aeab5309937a4d6cd2fc9cfaa28a6396a5aec?s=96&d=mm&r=g","contentUrl":"https:\/\/secure.gravatar.com\/avatar\/f6d8782c11d12b2d4ad3fbb6931aeab5309937a4d6cd2fc9cfaa28a6396a5aec?s=96&d=mm&r=g","caption":"Redacci\u00f3n"},"url":"https:\/\/fuentesfidedignas.com.mx\/index.php\/author\/redaccion\/"}]}},"_links":{"self":[{"href":"https:\/\/fuentesfidedignas.com.mx\/index.php\/wp-json\/wp\/v2\/posts\/28818","targetHints":{"allow":["GET"]}}],"collection":[{"href":"https:\/\/fuentesfidedignas.com.mx\/index.php\/wp-json\/wp\/v2\/posts"}],"about":[{"href":"https:\/\/fuentesfidedignas.com.mx\/index.php\/wp-json\/wp\/v2\/types\/post"}],"author":[{"embeddable":true,"href":"https:\/\/fuentesfidedignas.com.mx\/index.php\/wp-json\/wp\/v2\/users\/4"}],"replies":[{"embeddable":true,"href":"https:\/\/fuentesfidedignas.com.mx\/index.php\/wp-json\/wp\/v2\/comments?post=28818"}],"version-history":[{"count":1,"href":"https:\/\/fuentesfidedignas.com.mx\/index.php\/wp-json\/wp\/v2\/posts\/28818\/revisions"}],"predecessor-version":[{"id":28819,"href":"https:\/\/fuentesfidedignas.com.mx\/index.php\/wp-json\/wp\/v2\/posts\/28818\/revisions\/28819"}],"wp:featuredmedia":[{"embeddable":true,"href":"https:\/\/fuentesfidedignas.com.mx\/index.php\/wp-json\/wp\/v2\/media\/28820"}],"wp:attachment":[{"href":"https:\/\/fuentesfidedignas.com.mx\/index.php\/wp-json\/wp\/v2\/media?parent=28818"}],"wp:term":[{"taxonomy":"category","embeddable":true,"href":"https:\/\/fuentesfidedignas.com.mx\/index.php\/wp-json\/wp\/v2\/categories?post=28818"},{"taxonomy":"post_tag","embeddable":true,"href":"https:\/\/fuentesfidedignas.com.mx\/index.php\/wp-json\/wp\/v2\/tags?post=28818"}],"curies":[{"name":"wp","href":"https:\/\/api.w.org\/{rel}","templated":true}]}}