{"id":28714,"date":"2022-04-20T13:03:47","date_gmt":"2022-04-20T20:03:47","guid":{"rendered":"https:\/\/fuentesfidedignas.com.mx\/?p=28714"},"modified":"2022-04-20T14:43:04","modified_gmt":"2022-04-20T21:43:04","slug":"lideres-estatales-del-pan-pri-prd-exigen-un-alto-a-campana-de-odio-de-morena","status":"publish","type":"post","link":"https:\/\/fuentesfidedignas.com.mx\/index.php\/2022\/04\/20\/lideres-estatales-del-pan-pri-prd-exigen-un-alto-a-campana-de-odio-de-morena\/","title":{"rendered":"PAN-PRI-PRD se unen contra Morena; seguir\u00e1 &#8220;Va por Sinaloa&#8221;"},"content":{"rendered":"\n<p><strong><em>Se unen para ponerle un alto a Morena y exigen respeto, ya que fomentar el odio solo divide a la poblaci\u00f3n<\/em><\/strong><\/p>\n\n\n\n<p>Culiac\u00e1n, Sin. La presidenta del PAN Sinaloa, Roxana Rubio Valdez enfatiz\u00f3 que no permitir\u00e1n que el discurso del presidente se polarice al llamarlos traicioneros de la Patria por no pensar igual que el mandatario nacional, sino al contrario, traicionar a las y los mexicanos es dejar a los enfermos sin medicinas, no prevenir ni combatir la violencia y los feminicidios, etc.<\/p>\n\n\n\n<p>\u201cDesde aqu\u00ed lo digo fuerte y claro, no permitiremos su discurso de odio y que como en las dictaduras nos acusen de traici\u00f3n a la Patria solo por pensar diferente al presidente y sus empleados. La verdadera traici\u00f3n a la Patria es dejar a millones sin medicina, generar casi 4 millones de pobres, ocasionar la peor ola de violencia con m\u00e1s de 100 mil homicidios, m\u00e1s de 25 mil mujeres desaparecidas y todas las muertes de personas y de empresas por el nefasto manejo de la pandemia\u201d, dijo.<\/p>\n\n\n\n<p>Rubio Valdez precis\u00f3 que el frente \u201cVa por M\u00e9xico\u201d no aprob\u00f3 la reforma el\u00e9ctrica propuesta por el presidente L\u00f3pez Obrador, porque era una reforma retr\u00f3grada y destructiva, adem\u00e1s iba en contra del medio ambiente, ya que pretend\u00eda producir energ\u00edas sucias, a trav\u00e9s de quema de combust\u00f3leos que contaminan y que ponen en riesgo el medio ambiente, al igual que da\u00f1ar la econom\u00eda derivado del incumplimiento de tratados internacionales y las relaciones comerciales con Estados Unidos y Canad\u00e1.<\/p>\n\n\n\n<p>Por su parte la presidente del PRI, Cinthia Valenzuela Langarica, enfatiz\u00f3 que desde que se tuvo conocimiento de la reforma, el frente Va por M\u00e9xico dijo que no pasar\u00eda y as\u00ed fue. &#8220;Se les dijo que no iba a pasar y no pas\u00f3. Hay que tambi\u00e9n reiterar que el PRI se dedic\u00f3 a escuchar, a construir, de manera coordinada en los parlamentos abiertos. Y hay que decirlo, fueron 150 horas destinadas a la basura por parte de Morena&#8221;.<\/p>\n\n\n\n<p>El dirigente estatal del PRD Oner Lazcano L\u00f3pez, mencion\u00f3 que la uni\u00f3n de los tres partidos de oposici\u00f3n trabajar\u00e1n juntos por el bien de M\u00e9xico y Sinaloa y resalt\u00f3 que la No aprobaci\u00f3n de la reforma el\u00e9ctrica es solo una muestra de la avalancha que se vendr\u00e1 para el 2024.<\/p>\n\n\n\n<p>\u201cLa votaci\u00f3n unida de la oposici\u00f3n es una muestra de la uni\u00f3n de los tres partidos que vamos en alianza, aqu\u00ed est\u00e1 demostrado que vamos juntos, en Sinaloa vamos a trabajar por la alianza para el 2024 por el bien de Sinaloa y por M\u00e9xico\u201d.<\/p>\n","protected":false},"excerpt":{"rendered":"<p>Se unen para ponerle un alto a Morena y exigen respeto, ya que fomentar el odio solo divide a la poblaci\u00f3n Culiac\u00e1n, Sin. La presidenta del PAN Sinaloa, Roxana Rubio Valdez enfatiz\u00f3 que no permitir\u00e1n que el discurso del presidente se polarice al llamarlos traicioneros de la Patria por no pensar igual que el mandatario [&hellip;]<\/p>\n","protected":false},"author":4,"featured_media":28716,"comment_status":"open","ping_status":"open","sticky":false,"template":"","format":"standard","meta":{"tdm_status":"","tdm_grid_status":"","footnotes":""},"categories":[37],"tags":[421,726,799,43],"class_list":{"0":"post-28714","1":"post","2":"type-post","3":"status-publish","4":"format-standard","5":"has-post-thumbnail","7":"category-nota-principal","8":"tag-partido-accion-nacional","9":"tag-partido-de-la-revolucion-democratica","10":"tag-partido-revolucionario-institucional","11":"tag-politica"},"yoast_head":"<!-- This site is optimized with the Yoast SEO plugin v27.5 - https:\/\/yoast.com\/product\/yoast-seo-wordpress\/ -->\n<title>PAN-PRI-PRD se unen contra Morena; seguir\u00e1 &quot;Va por Sinaloa&quot; - Fuentes Fidedignas<\/title>\n<meta name=\"robots\" content=\"index, follow, max-snippet:-1, max-image-preview:large, max-video-preview:-1\" \/>\n<link rel=\"canonical\" href=\"https:\/\/fuentesfidedignas.com.mx\/index.php\/2022\/04\/20\/lideres-estatales-del-pan-pri-prd-exigen-un-alto-a-campana-de-odio-de-morena\/\" \/>\n<meta property=\"og:locale\" content=\"es_MX\" \/>\n<meta property=\"og:type\" content=\"article\" \/>\n<meta property=\"og:title\" content=\"PAN-PRI-PRD se unen contra Morena; seguir\u00e1 &quot;Va por Sinaloa&quot; - Fuentes Fidedignas\" \/>\n<meta property=\"og:description\" content=\"Se unen para ponerle un alto a Morena y exigen respeto, ya que fomentar el odio solo divide a la poblaci\u00f3n Culiac\u00e1n, Sin. La presidenta del PAN Sinaloa, Roxana Rubio Valdez enfatiz\u00f3 que no permitir\u00e1n que el discurso del presidente se polarice al llamarlos traicioneros de la Patria por no pensar igual que el mandatario [&hellip;]\" \/>\n<meta property=\"og:url\" content=\"https:\/\/fuentesfidedignas.com.mx\/index.php\/2022\/04\/20\/lideres-estatales-del-pan-pri-prd-exigen-un-alto-a-campana-de-odio-de-morena\/\" \/>\n<meta property=\"og:site_name\" content=\"Fuentes Fidedignas\" \/>\n<meta property=\"article:publisher\" content=\"https:\/\/www.facebook.com\/Fuentes-Fidedignas-368234489921644\" \/>\n<meta property=\"article:published_time\" content=\"2022-04-20T20:03:47+00:00\" \/>\n<meta property=\"article:modified_time\" content=\"2022-04-20T21:43:04+00:00\" \/>\n<meta property=\"og:image\" content=\"https:\/\/fuentesfidedignas.com.mx\/wp-content\/uploads\/2022\/04\/IMG-20220420-WA0002.jpg\" \/>\n\t<meta property=\"og:image:width\" content=\"1280\" \/>\n\t<meta property=\"og:image:height\" content=\"853\" \/>\n\t<meta property=\"og:image:type\" content=\"image\/jpeg\" \/>\n<meta name=\"author\" content=\"Redacci\u00f3n\" \/>\n<meta name=\"twitter:card\" content=\"summary_large_image\" \/>\n<meta name=\"twitter:creator\" content=\"@fidedignas\" \/>\n<meta name=\"twitter:site\" content=\"@fidedignas\" \/>\n<meta name=\"twitter:label1\" content=\"Escrito por\" \/>\n\t<meta name=\"twitter:data1\" content=\"Redacci\u00f3n\" \/>\n\t<meta name=\"twitter:label2\" content=\"Tiempo de lectura\" \/>\n\t<meta name=\"twitter:data2\" content=\"2 minutos\" \/>\n<script type=\"application\/ld+json\" class=\"yoast-schema-graph\">{\"@context\":\"https:\\\/\\\/schema.org\",\"@graph\":[{\"@type\":\"Article\",\"@id\":\"https:\\\/\\\/fuentesfidedignas.com.mx\\\/index.php\\\/2022\\\/04\\\/20\\\/lideres-estatales-del-pan-pri-prd-exigen-un-alto-a-campana-de-odio-de-morena\\\/#article\",\"isPartOf\":{\"@id\":\"https:\\\/\\\/fuentesfidedignas.com.mx\\\/index.php\\\/2022\\\/04\\\/20\\\/lideres-estatales-del-pan-pri-prd-exigen-un-alto-a-campana-de-odio-de-morena\\\/\"},\"author\":{\"name\":\"Redacci\u00f3n\",\"@id\":\"https:\\\/\\\/fuentesfidedignas.com.mx\\\/#\\\/schema\\\/person\\\/331be9283d37198e2acd5750279085b0\"},\"headline\":\"PAN-PRI-PRD se unen contra Morena; seguir\u00e1 &#8220;Va por Sinaloa&#8221;\",\"datePublished\":\"2022-04-20T20:03:47+00:00\",\"dateModified\":\"2022-04-20T21:43:04+00:00\",\"mainEntityOfPage\":{\"@id\":\"https:\\\/\\\/fuentesfidedignas.com.mx\\\/index.php\\\/2022\\\/04\\\/20\\\/lideres-estatales-del-pan-pri-prd-exigen-un-alto-a-campana-de-odio-de-morena\\\/\"},\"wordCount\":455,\"commentCount\":0,\"publisher\":{\"@id\":\"https:\\\/\\\/fuentesfidedignas.com.mx\\\/#organization\"},\"image\":{\"@id\":\"https:\\\/\\\/fuentesfidedignas.com.mx\\\/index.php\\\/2022\\\/04\\\/20\\\/lideres-estatales-del-pan-pri-prd-exigen-un-alto-a-campana-de-odio-de-morena\\\/#primaryimage\"},\"thumbnailUrl\":\"https:\\\/\\\/fuentesfidedignas.com.mx\\\/wp-content\\\/uploads\\\/2022\\\/04\\\/IMG-20220420-WA0002.jpg\",\"keywords\":[\"Partido Acci\u00f3n Nacional\",\"Partido de la Revoluci\u00f3n Democr\u00e1tica\",\"Partido Revolucionario Institucional\",\"pol\u00edtica\"],\"articleSection\":[\"NOTA PRINCIPAL\"],\"inLanguage\":\"es\",\"potentialAction\":[{\"@type\":\"CommentAction\",\"name\":\"Comment\",\"target\":[\"https:\\\/\\\/fuentesfidedignas.com.mx\\\/index.php\\\/2022\\\/04\\\/20\\\/lideres-estatales-del-pan-pri-prd-exigen-un-alto-a-campana-de-odio-de-morena\\\/#respond\"]}]},{\"@type\":\"WebPage\",\"@id\":\"https:\\\/\\\/fuentesfidedignas.com.mx\\\/index.php\\\/2022\\\/04\\\/20\\\/lideres-estatales-del-pan-pri-prd-exigen-un-alto-a-campana-de-odio-de-morena\\\/\",\"url\":\"https:\\\/\\\/fuentesfidedignas.com.mx\\\/index.php\\\/2022\\\/04\\\/20\\\/lideres-estatales-del-pan-pri-prd-exigen-un-alto-a-campana-de-odio-de-morena\\\/\",\"name\":\"PAN-PRI-PRD se unen contra Morena; seguir\u00e1 \\\"Va por Sinaloa\\\" - Fuentes Fidedignas\",\"isPartOf\":{\"@id\":\"https:\\\/\\\/fuentesfidedignas.com.mx\\\/#website\"},\"primaryImageOfPage\":{\"@id\":\"https:\\\/\\\/fuentesfidedignas.com.mx\\\/index.php\\\/2022\\\/04\\\/20\\\/lideres-estatales-del-pan-pri-prd-exigen-un-alto-a-campana-de-odio-de-morena\\\/#primaryimage\"},\"image\":{\"@id\":\"https:\\\/\\\/fuentesfidedignas.com.mx\\\/index.php\\\/2022\\\/04\\\/20\\\/lideres-estatales-del-pan-pri-prd-exigen-un-alto-a-campana-de-odio-de-morena\\\/#primaryimage\"},\"thumbnailUrl\":\"https:\\\/\\\/fuentesfidedignas.com.mx\\\/wp-content\\\/uploads\\\/2022\\\/04\\\/IMG-20220420-WA0002.jpg\",\"datePublished\":\"2022-04-20T20:03:47+00:00\",\"dateModified\":\"2022-04-20T21:43:04+00:00\",\"breadcrumb\":{\"@id\":\"https:\\\/\\\/fuentesfidedignas.com.mx\\\/index.php\\\/2022\\\/04\\\/20\\\/lideres-estatales-del-pan-pri-prd-exigen-un-alto-a-campana-de-odio-de-morena\\\/#breadcrumb\"},\"inLanguage\":\"es\",\"potentialAction\":[{\"@type\":\"ReadAction\",\"target\":[\"https:\\\/\\\/fuentesfidedignas.com.mx\\\/index.php\\\/2022\\\/04\\\/20\\\/lideres-estatales-del-pan-pri-prd-exigen-un-alto-a-campana-de-odio-de-morena\\\/\"]}]},{\"@type\":\"ImageObject\",\"inLanguage\":\"es\",\"@id\":\"https:\\\/\\\/fuentesfidedignas.com.mx\\\/index.php\\\/2022\\\/04\\\/20\\\/lideres-estatales-del-pan-pri-prd-exigen-un-alto-a-campana-de-odio-de-morena\\\/#primaryimage\",\"url\":\"https:\\\/\\\/fuentesfidedignas.com.mx\\\/wp-content\\\/uploads\\\/2022\\\/04\\\/IMG-20220420-WA0002.jpg\",\"contentUrl\":\"https:\\\/\\\/fuentesfidedignas.com.mx\\\/wp-content\\\/uploads\\\/2022\\\/04\\\/IMG-20220420-WA0002.jpg\",\"width\":1280,\"height\":853},{\"@type\":\"BreadcrumbList\",\"@id\":\"https:\\\/\\\/fuentesfidedignas.com.mx\\\/index.php\\\/2022\\\/04\\\/20\\\/lideres-estatales-del-pan-pri-prd-exigen-un-alto-a-campana-de-odio-de-morena\\\/#breadcrumb\",\"itemListElement\":[{\"@type\":\"ListItem\",\"position\":1,\"name\":\"Inicio\",\"item\":\"https:\\\/\\\/fuentesfidedignas.com.mx\\\/\"},{\"@type\":\"ListItem\",\"position\":2,\"name\":\"PAN-PRI-PRD se unen contra Morena; seguir\u00e1 &#8220;Va por Sinaloa&#8221;\"}]},{\"@type\":\"WebSite\",\"@id\":\"https:\\\/\\\/fuentesfidedignas.com.mx\\\/#website\",\"url\":\"https:\\\/\\\/fuentesfidedignas.com.mx\\\/\",\"name\":\"Fuentes Fidedignas\",\"description\":\"Otro sitio realizado con WordPress\",\"publisher\":{\"@id\":\"https:\\\/\\\/fuentesfidedignas.com.mx\\\/#organization\"},\"potentialAction\":[{\"@type\":\"SearchAction\",\"target\":{\"@type\":\"EntryPoint\",\"urlTemplate\":\"https:\\\/\\\/fuentesfidedignas.com.mx\\\/?s={search_term_string}\"},\"query-input\":{\"@type\":\"PropertyValueSpecification\",\"valueRequired\":true,\"valueName\":\"search_term_string\"}}],\"inLanguage\":\"es\"},{\"@type\":\"Organization\",\"@id\":\"https:\\\/\\\/fuentesfidedignas.com.mx\\\/#organization\",\"name\":\"Fuentes Fidedignas\",\"url\":\"https:\\\/\\\/fuentesfidedignas.com.mx\\\/\",\"logo\":{\"@type\":\"ImageObject\",\"inLanguage\":\"es\",\"@id\":\"https:\\\/\\\/fuentesfidedignas.com.mx\\\/#\\\/schema\\\/logo\\\/image\\\/\",\"url\":\"https:\\\/\\\/fuentesfidedignas.com.mx\\\/wp-content\\\/uploads\\\/2021\\\/04\\\/logo-retina.png\",\"contentUrl\":\"https:\\\/\\\/fuentesfidedignas.com.mx\\\/wp-content\\\/uploads\\\/2021\\\/04\\\/logo-retina.png\",\"width\":280,\"height\":51,\"caption\":\"Fuentes Fidedignas\"},\"image\":{\"@id\":\"https:\\\/\\\/fuentesfidedignas.com.mx\\\/#\\\/schema\\\/logo\\\/image\\\/\"},\"sameAs\":[\"https:\\\/\\\/www.facebook.com\\\/Fuentes-Fidedignas-368234489921644\",\"https:\\\/\\\/x.com\\\/fidedignas\"]},{\"@type\":\"Person\",\"@id\":\"https:\\\/\\\/fuentesfidedignas.com.mx\\\/#\\\/schema\\\/person\\\/331be9283d37198e2acd5750279085b0\",\"name\":\"Redacci\u00f3n\",\"image\":{\"@type\":\"ImageObject\",\"inLanguage\":\"es\",\"@id\":\"https:\\\/\\\/secure.gravatar.com\\\/avatar\\\/f6d8782c11d12b2d4ad3fbb6931aeab5309937a4d6cd2fc9cfaa28a6396a5aec?s=96&d=mm&r=g\",\"url\":\"https:\\\/\\\/secure.gravatar.com\\\/avatar\\\/f6d8782c11d12b2d4ad3fbb6931aeab5309937a4d6cd2fc9cfaa28a6396a5aec?s=96&d=mm&r=g\",\"contentUrl\":\"https:\\\/\\\/secure.gravatar.com\\\/avatar\\\/f6d8782c11d12b2d4ad3fbb6931aeab5309937a4d6cd2fc9cfaa28a6396a5aec?s=96&d=mm&r=g\",\"caption\":\"Redacci\u00f3n\"},\"url\":\"https:\\\/\\\/fuentesfidedignas.com.mx\\\/index.php\\\/author\\\/redaccion\\\/\"}]}<\/script>\n<!-- \/ Yoast SEO plugin. -->","yoast_head_json":{"title":"PAN-PRI-PRD se unen contra Morena; seguir\u00e1 \"Va por Sinaloa\" - Fuentes Fidedignas","robots":{"index":"index","follow":"follow","max-snippet":"max-snippet:-1","max-image-preview":"max-image-preview:large","max-video-preview":"max-video-preview:-1"},"canonical":"https:\/\/fuentesfidedignas.com.mx\/index.php\/2022\/04\/20\/lideres-estatales-del-pan-pri-prd-exigen-un-alto-a-campana-de-odio-de-morena\/","og_locale":"es_MX","og_type":"article","og_title":"PAN-PRI-PRD se unen contra Morena; seguir\u00e1 \"Va por Sinaloa\" - Fuentes Fidedignas","og_description":"Se unen para ponerle un alto a Morena y exigen respeto, ya que fomentar el odio solo divide a la poblaci\u00f3n Culiac\u00e1n, Sin. La presidenta del PAN Sinaloa, Roxana Rubio Valdez enfatiz\u00f3 que no permitir\u00e1n que el discurso del presidente se polarice al llamarlos traicioneros de la Patria por no pensar igual que el mandatario [&hellip;]","og_url":"https:\/\/fuentesfidedignas.com.mx\/index.php\/2022\/04\/20\/lideres-estatales-del-pan-pri-prd-exigen-un-alto-a-campana-de-odio-de-morena\/","og_site_name":"Fuentes Fidedignas","article_publisher":"https:\/\/www.facebook.com\/Fuentes-Fidedignas-368234489921644","article_published_time":"2022-04-20T20:03:47+00:00","article_modified_time":"2022-04-20T21:43:04+00:00","og_image":[{"width":1280,"height":853,"url":"https:\/\/fuentesfidedignas.com.mx\/wp-content\/uploads\/2022\/04\/IMG-20220420-WA0002.jpg","type":"image\/jpeg"}],"author":"Redacci\u00f3n","twitter_card":"summary_large_image","twitter_creator":"@fidedignas","twitter_site":"@fidedignas","twitter_misc":{"Escrito por":"Redacci\u00f3n","Tiempo de lectura":"2 minutos"},"schema":{"@context":"https:\/\/schema.org","@graph":[{"@type":"Article","@id":"https:\/\/fuentesfidedignas.com.mx\/index.php\/2022\/04\/20\/lideres-estatales-del-pan-pri-prd-exigen-un-alto-a-campana-de-odio-de-morena\/#article","isPartOf":{"@id":"https:\/\/fuentesfidedignas.com.mx\/index.php\/2022\/04\/20\/lideres-estatales-del-pan-pri-prd-exigen-un-alto-a-campana-de-odio-de-morena\/"},"author":{"name":"Redacci\u00f3n","@id":"https:\/\/fuentesfidedignas.com.mx\/#\/schema\/person\/331be9283d37198e2acd5750279085b0"},"headline":"PAN-PRI-PRD se unen contra Morena; seguir\u00e1 &#8220;Va por Sinaloa&#8221;","datePublished":"2022-04-20T20:03:47+00:00","dateModified":"2022-04-20T21:43:04+00:00","mainEntityOfPage":{"@id":"https:\/\/fuentesfidedignas.com.mx\/index.php\/2022\/04\/20\/lideres-estatales-del-pan-pri-prd-exigen-un-alto-a-campana-de-odio-de-morena\/"},"wordCount":455,"commentCount":0,"publisher":{"@id":"https:\/\/fuentesfidedignas.com.mx\/#organization"},"image":{"@id":"https:\/\/fuentesfidedignas.com.mx\/index.php\/2022\/04\/20\/lideres-estatales-del-pan-pri-prd-exigen-un-alto-a-campana-de-odio-de-morena\/#primaryimage"},"thumbnailUrl":"https:\/\/fuentesfidedignas.com.mx\/wp-content\/uploads\/2022\/04\/IMG-20220420-WA0002.jpg","keywords":["Partido Acci\u00f3n Nacional","Partido de la Revoluci\u00f3n Democr\u00e1tica","Partido Revolucionario Institucional","pol\u00edtica"],"articleSection":["NOTA PRINCIPAL"],"inLanguage":"es","potentialAction":[{"@type":"CommentAction","name":"Comment","target":["https:\/\/fuentesfidedignas.com.mx\/index.php\/2022\/04\/20\/lideres-estatales-del-pan-pri-prd-exigen-un-alto-a-campana-de-odio-de-morena\/#respond"]}]},{"@type":"WebPage","@id":"https:\/\/fuentesfidedignas.com.mx\/index.php\/2022\/04\/20\/lideres-estatales-del-pan-pri-prd-exigen-un-alto-a-campana-de-odio-de-morena\/","url":"https:\/\/fuentesfidedignas.com.mx\/index.php\/2022\/04\/20\/lideres-estatales-del-pan-pri-prd-exigen-un-alto-a-campana-de-odio-de-morena\/","name":"PAN-PRI-PRD se unen contra Morena; seguir\u00e1 \"Va por Sinaloa\" - Fuentes Fidedignas","isPartOf":{"@id":"https:\/\/fuentesfidedignas.com.mx\/#website"},"primaryImageOfPage":{"@id":"https:\/\/fuentesfidedignas.com.mx\/index.php\/2022\/04\/20\/lideres-estatales-del-pan-pri-prd-exigen-un-alto-a-campana-de-odio-de-morena\/#primaryimage"},"image":{"@id":"https:\/\/fuentesfidedignas.com.mx\/index.php\/2022\/04\/20\/lideres-estatales-del-pan-pri-prd-exigen-un-alto-a-campana-de-odio-de-morena\/#primaryimage"},"thumbnailUrl":"https:\/\/fuentesfidedignas.com.mx\/wp-content\/uploads\/2022\/04\/IMG-20220420-WA0002.jpg","datePublished":"2022-04-20T20:03:47+00:00","dateModified":"2022-04-20T21:43:04+00:00","breadcrumb":{"@id":"https:\/\/fuentesfidedignas.com.mx\/index.php\/2022\/04\/20\/lideres-estatales-del-pan-pri-prd-exigen-un-alto-a-campana-de-odio-de-morena\/#breadcrumb"},"inLanguage":"es","potentialAction":[{"@type":"ReadAction","target":["https:\/\/fuentesfidedignas.com.mx\/index.php\/2022\/04\/20\/lideres-estatales-del-pan-pri-prd-exigen-un-alto-a-campana-de-odio-de-morena\/"]}]},{"@type":"ImageObject","inLanguage":"es","@id":"https:\/\/fuentesfidedignas.com.mx\/index.php\/2022\/04\/20\/lideres-estatales-del-pan-pri-prd-exigen-un-alto-a-campana-de-odio-de-morena\/#primaryimage","url":"https:\/\/fuentesfidedignas.com.mx\/wp-content\/uploads\/2022\/04\/IMG-20220420-WA0002.jpg","contentUrl":"https:\/\/fuentesfidedignas.com.mx\/wp-content\/uploads\/2022\/04\/IMG-20220420-WA0002.jpg","width":1280,"height":853},{"@type":"BreadcrumbList","@id":"https:\/\/fuentesfidedignas.com.mx\/index.php\/2022\/04\/20\/lideres-estatales-del-pan-pri-prd-exigen-un-alto-a-campana-de-odio-de-morena\/#breadcrumb","itemListElement":[{"@type":"ListItem","position":1,"name":"Inicio","item":"https:\/\/fuentesfidedignas.com.mx\/"},{"@type":"ListItem","position":2,"name":"PAN-PRI-PRD se unen contra Morena; seguir\u00e1 &#8220;Va por Sinaloa&#8221;"}]},{"@type":"WebSite","@id":"https:\/\/fuentesfidedignas.com.mx\/#website","url":"https:\/\/fuentesfidedignas.com.mx\/","name":"Fuentes Fidedignas","description":"Otro sitio realizado con WordPress","publisher":{"@id":"https:\/\/fuentesfidedignas.com.mx\/#organization"},"potentialAction":[{"@type":"SearchAction","target":{"@type":"EntryPoint","urlTemplate":"https:\/\/fuentesfidedignas.com.mx\/?s={search_term_string}"},"query-input":{"@type":"PropertyValueSpecification","valueRequired":true,"valueName":"search_term_string"}}],"inLanguage":"es"},{"@type":"Organization","@id":"https:\/\/fuentesfidedignas.com.mx\/#organization","name":"Fuentes Fidedignas","url":"https:\/\/fuentesfidedignas.com.mx\/","logo":{"@type":"ImageObject","inLanguage":"es","@id":"https:\/\/fuentesfidedignas.com.mx\/#\/schema\/logo\/image\/","url":"https:\/\/fuentesfidedignas.com.mx\/wp-content\/uploads\/2021\/04\/logo-retina.png","contentUrl":"https:\/\/fuentesfidedignas.com.mx\/wp-content\/uploads\/2021\/04\/logo-retina.png","width":280,"height":51,"caption":"Fuentes Fidedignas"},"image":{"@id":"https:\/\/fuentesfidedignas.com.mx\/#\/schema\/logo\/image\/"},"sameAs":["https:\/\/www.facebook.com\/Fuentes-Fidedignas-368234489921644","https:\/\/x.com\/fidedignas"]},{"@type":"Person","@id":"https:\/\/fuentesfidedignas.com.mx\/#\/schema\/person\/331be9283d37198e2acd5750279085b0","name":"Redacci\u00f3n","image":{"@type":"ImageObject","inLanguage":"es","@id":"https:\/\/secure.gravatar.com\/avatar\/f6d8782c11d12b2d4ad3fbb6931aeab5309937a4d6cd2fc9cfaa28a6396a5aec?s=96&d=mm&r=g","url":"https:\/\/secure.gravatar.com\/avatar\/f6d8782c11d12b2d4ad3fbb6931aeab5309937a4d6cd2fc9cfaa28a6396a5aec?s=96&d=mm&r=g","contentUrl":"https:\/\/secure.gravatar.com\/avatar\/f6d8782c11d12b2d4ad3fbb6931aeab5309937a4d6cd2fc9cfaa28a6396a5aec?s=96&d=mm&r=g","caption":"Redacci\u00f3n"},"url":"https:\/\/fuentesfidedignas.com.mx\/index.php\/author\/redaccion\/"}]}},"_links":{"self":[{"href":"https:\/\/fuentesfidedignas.com.mx\/index.php\/wp-json\/wp\/v2\/posts\/28714","targetHints":{"allow":["GET"]}}],"collection":[{"href":"https:\/\/fuentesfidedignas.com.mx\/index.php\/wp-json\/wp\/v2\/posts"}],"about":[{"href":"https:\/\/fuentesfidedignas.com.mx\/index.php\/wp-json\/wp\/v2\/types\/post"}],"author":[{"embeddable":true,"href":"https:\/\/fuentesfidedignas.com.mx\/index.php\/wp-json\/wp\/v2\/users\/4"}],"replies":[{"embeddable":true,"href":"https:\/\/fuentesfidedignas.com.mx\/index.php\/wp-json\/wp\/v2\/comments?post=28714"}],"version-history":[{"count":2,"href":"https:\/\/fuentesfidedignas.com.mx\/index.php\/wp-json\/wp\/v2\/posts\/28714\/revisions"}],"predecessor-version":[{"id":28730,"href":"https:\/\/fuentesfidedignas.com.mx\/index.php\/wp-json\/wp\/v2\/posts\/28714\/revisions\/28730"}],"wp:featuredmedia":[{"embeddable":true,"href":"https:\/\/fuentesfidedignas.com.mx\/index.php\/wp-json\/wp\/v2\/media\/28716"}],"wp:attachment":[{"href":"https:\/\/fuentesfidedignas.com.mx\/index.php\/wp-json\/wp\/v2\/media?parent=28714"}],"wp:term":[{"taxonomy":"category","embeddable":true,"href":"https:\/\/fuentesfidedignas.com.mx\/index.php\/wp-json\/wp\/v2\/categories?post=28714"},{"taxonomy":"post_tag","embeddable":true,"href":"https:\/\/fuentesfidedignas.com.mx\/index.php\/wp-json\/wp\/v2\/tags?post=28714"}],"curies":[{"name":"wp","href":"https:\/\/api.w.org\/{rel}","templated":true}]}}