{"id":28710,"date":"2022-04-20T11:23:23","date_gmt":"2022-04-20T18:23:23","guid":{"rendered":"https:\/\/fuentesfidedignas.com.mx\/?p=28710"},"modified":"2022-04-20T11:23:25","modified_gmt":"2022-04-20T18:23:25","slug":"aristoteles-sandoval-convivio-con-lider-del-cjng-antes-de-su-asesinato","status":"publish","type":"post","link":"https:\/\/fuentesfidedignas.com.mx\/index.php\/2022\/04\/20\/aristoteles-sandoval-convivio-con-lider-del-cjng-antes-de-su-asesinato\/","title":{"rendered":"Arist\u00f3teles Sandoval convivi\u00f3 con l\u00edder del CJNG antes de su asesinato"},"content":{"rendered":"\n<p><strong><em>El capo Sa\u00fal \u201cN\u201d, alias El Chopa se encontraba sentado en una mesa al lado de Arist\u00f3teles Sandoval, el d\u00eda que fue asesinado al interior del bar Distrito\/5<\/em><\/strong><\/p>\n\n\n\n<p>Ciudad de M\u00e9xico.- El asesinato del ex gobernador de Jalisco,\u00a0<strong>Arist\u00f3teles Sandoval<\/strong>, contin\u00faa avanzando en investigaciones. La nueva pista del caso se ha dado a conocer este mi\u00e9rcoles por el gobierno federal, que ha detallado que el ex mandatario convivi\u00f3 con un capo del\u00a0<strong>C\u00e1rtel Jalisco Nueva Generaci\u00f3n (CJNG)<\/strong>\u00a0el d\u00eda de su muerte.<\/p>\n\n\n\n<p>Seg\u00fan los detalles,&nbsp;<strong>Sandoval D\u00edaz<\/strong>&nbsp;\u2014quien fue asesinado al interior del bar Distrito 5 en Puerto Vallarta, Jalisco\u2014, se encontraba en una mesa contigua del cabecilla criminal identificado como Sa\u00fal \u201cN\u201d, alias&nbsp;<strong>El<\/strong><em><strong>&nbsp;Chopa<\/strong><\/em>.<\/p>\n\n\n\n<p>La semana pasada, la Fiscal\u00eda General del Estado de Jalisco dio a conocer la captura del due\u00f1o del bar,&nbsp;<strong>Jos\u00e9 Manuel S\u00e1nchez Cruz,&nbsp;<\/strong><em><strong>Manu Vaquita<\/strong><\/em>, quien orden\u00f3 limpiar la escena del crimen.<img decoding=\"async\" alt=\"Jos\u00e9 Manuel S\u00e1nchez Cruz, el Manu Vaquita, reconoci\u00f3 que limpi\u00f3 la escena del crimen donde fue asesinado Arist\u00f3teles Sandoval \" height=\"800\" width=\"1200\" class=\"\" src=\"https:\/\/cloudfront-us-east-1.images.arcpublishing.com\/infobae\/3SYKCOOKUVFLBOYF6ERJGGKTMU.jpeg\" srcset=\"https:\/\/www.infobae.com\/new-resizer\/3sNajoO3j28_fH-l3lVhGGhW5Zs=\/420x280\/filters:format(webp):quality(85)\/cloudfront-us-east-1.images.arcpublishing.com\/infobae\/3SYKCOOKUVFLBOYF6ERJGGKTMU.jpeg 420w,https:\/\/www.infobae.com\/new-resizer\/2xCw4rpAV06H64TYu94LtpIXTcU=\/768x512\/filters:format(webp):quality(85)\/cloudfront-us-east-1.images.arcpublishing.com\/infobae\/3SYKCOOKUVFLBOYF6ERJGGKTMU.jpeg 768w,https:\/\/www.infobae.com\/new-resizer\/ipa0Bd2Esy3-b6zLo7MyPBqOExY=\/992x661\/filters:format(webp):quality(85)\/cloudfront-us-east-1.images.arcpublishing.com\/infobae\/3SYKCOOKUVFLBOYF6ERJGGKTMU.jpeg 992w,https:\/\/www.infobae.com\/new-resizer\/aLQMU3zaA0FQHL-QR5s06Nd3KX4=\/1200x800\/filters:format(webp):quality(85)\/cloudfront-us-east-1.images.arcpublishing.com\/infobae\/3SYKCOOKUVFLBOYF6ERJGGKTMU.jpeg 1200w,https:\/\/www.infobae.com\/new-resizer\/9cZjGbSfF7muVn7FB1YiN888qs8=\/1440x960\/filters:format(webp):quality(85)\/cloudfront-us-east-1.images.arcpublishing.com\/infobae\/3SYKCOOKUVFLBOYF6ERJGGKTMU.jpeg 1440w\">Jos\u00e9 Manuel S\u00e1nchez Cruz, el Manu Vaquita, reconoci\u00f3 que limpi\u00f3 la escena del crimen donde fue asesinado Arist\u00f3teles Sandoval<\/p>\n\n\n\n<p>S\u00e1nchez Cruz, quien es un reconocido empresario de Puerto Vallarta, se habr\u00eda reunido con&nbsp;<strong>El&nbsp;<\/strong><em><strong>Chopa<\/strong><\/em>, antes de la ejecuci\u00f3n de Sandoval.<\/p>\n\n\n\n<p>El funcionario fue asesinado el 18 de diciembre de 2020 en el<strong>&nbsp;bar&nbsp;<\/strong><em><strong>Distrito 5<\/strong><\/em>, en&nbsp;<strong>Puerto Vallarta<\/strong>.<\/p>\n\n\n\n<p>Sandoval ingres\u00f3 al lugar a las 22:00 horas del 17 de diciembre, acompa\u00f1ado de dos hombres y una mujer. Se sent\u00f3, seg\u00fan puede constatarse en videos, al lado de un l\u00edder criminal identificado como<strong>&nbsp;El&nbsp;<\/strong><em><strong>Chopa<\/strong><\/em>, quien a las 00:30 horas abandon\u00f3 el sitio para reunirse en una famarcia con sujetos, que viajaban abordo de un veh\u00edculo visto durante la ejecuci\u00f3n de Sandoval.<\/p>\n\n\n\n<p>A las 01:21 horas horas, el pol\u00edtico se dirigi\u00f3 al sanitario que se encontraba en el primer piso del bar y al bajar las escaleras se le acerc\u00f3 un sujeto quien le dispar\u00f3 en tres ocasiones, impact\u00e1ndolo en la nuca y en la espalda.<\/p>\n\n\n\n<p>Sandoval fue trasladado a un hospital por su escolta; sin embargo \u00e9ste lleg\u00f3 sin vida. Sobre las 01:39 horas comenz\u00f3 la limpieza del bar por instrucciones de\u00a0<strong>Jos\u00e9 Manuel S\u00e1nchez Cruz, alias el\u00a0<\/strong><em><strong>Manu Vaquita<\/strong><\/em>.<img decoding=\"async\" height=\"718\" width=\"1280\" srcset=\"https:\/\/www.infobae.com\/new-resizer\/Pub6Q38t5bBcnRr4A8AW7Vmbifo=\/420x236\/filters:format(webp):quality(85)\/cloudfront-us-east-1.images.arcpublishing.com\/infobae\/K5XPOVHZ3NAKPPWDRR6MFTL7OY.jpg 420w,https:\/\/www.infobae.com\/new-resizer\/jaQW6-PJqAlQhNlfoBA81pR0eUA=\/768x432\/filters:format(webp):quality(85)\/cloudfront-us-east-1.images.arcpublishing.com\/infobae\/K5XPOVHZ3NAKPPWDRR6MFTL7OY.jpg 768w,https:\/\/www.infobae.com\/new-resizer\/FpS124EXbcNnJtvABNpGUnYa8_k=\/992x558\/filters:format(webp):quality(85)\/cloudfront-us-east-1.images.arcpublishing.com\/infobae\/K5XPOVHZ3NAKPPWDRR6MFTL7OY.jpg 992w,https:\/\/www.infobae.com\/new-resizer\/hBjo6_MnCfD6MhzP0PiIzkzVDU8=\/1200x675\/filters:format(webp):quality(85)\/cloudfront-us-east-1.images.arcpublishing.com\/infobae\/K5XPOVHZ3NAKPPWDRR6MFTL7OY.jpg 1200w,https:\/\/www.infobae.com\/new-resizer\/ux_E-XYdUsgfx1Du927OAXgP3uw=\/1440x810\/filters:format(webp):quality(85)\/cloudfront-us-east-1.images.arcpublishing.com\/infobae\/K5XPOVHZ3NAKPPWDRR6MFTL7OY.jpg 1440w\" class=\"\" src=\"https:\/\/cloudfront-us-east-1.images.arcpublishing.com\/infobae\/K5XPOVHZ3NAKPPWDRR6MFTL7OY.jpg\" alt=\"Arist\u00f3teles Sandoval fue asesinado al interior del bar Distrito 5\nFOTO: ESPECIAL\/CUARTOSCURO.COM\"><em>Arist\u00f3teles Sandoval fue asesinado al interior del bar Distrito 5 FOTO: ESPECIAL\/CUARTOSCURO.COM<\/em><\/p>\n\n\n\n<p>El pasado 16 de abril,&nbsp;<strong>el<\/strong><em><strong>Manu Vaquita<\/strong><\/em>&nbsp;admiti\u00f3 su encubrimiento en la escena criminal al pedir al personal que el sitio quedara limpio ante el temor de que el restaurante&nbsp;<strong>Distrito 5&nbsp;<\/strong>fuera clausurado.<\/p>\n\n\n\n<p>Durante su audiencia de vinculaci\u00f3n a proceso,&nbsp;<strong>el empresario neg\u00f3 que fuera responsable de la ejecuci\u00f3n del priista<\/strong>, pero relat\u00f3 sus intervenciones que entorpecieron las indagatorias de las autoridades, pues a 16 meses de los hechos<strong>&nbsp;a\u00fan no hay responsables concretos&nbsp;<\/strong>por el caso que conmocion\u00f3 al pa\u00eds desde&nbsp;<strong>Puerto Vallarta<\/strong>.<\/p>\n\n\n\n<p>\u201c<strong>S\u00ed<\/strong>,<strong>&nbsp;tuve miedo de una clausura, no sab\u00eda lo que estaba pasando<\/strong>\u201d, argument\u00f3 sobre sus peticiones para que la sangre fuera limpiada y la alfombra manchada tambi\u00e9n fuera retirada.<\/p>\n\n\n\n<p>\u201cPor querer que no me clausuran el lugar dej\u00e9 que lo dejar\u00e1n limpio\u201d, expres\u00f3.<\/p>\n\n\n\n<p>Pese a los avances, las autoridades a\u00fan no cuentan con una l\u00ednea de investigaci\u00f3n s\u00f3lida sobre el m\u00f3vil de la ejecuci\u00f3n del ex gobernador del&nbsp;<strong>Partido Revolucionario Institucional (PRI)<\/strong>.<\/p>\n","protected":false},"excerpt":{"rendered":"<p>El capo Sa\u00fal \u201cN\u201d, alias El Chopa se encontraba sentado en una mesa al lado de Arist\u00f3teles Sandoval, el d\u00eda que fue asesinado al interior del bar Distrito\/5 Ciudad de M\u00e9xico.- El asesinato del ex gobernador de Jalisco,\u00a0Arist\u00f3teles Sandoval, contin\u00faa avanzando en investigaciones. La nueva pista del caso se ha dado a conocer este mi\u00e9rcoles [&hellip;]<\/p>\n","protected":false},"author":41,"featured_media":28711,"comment_status":"open","ping_status":"open","sticky":false,"template":"","format":"standard","meta":{"tdm_status":"","tdm_grid_status":"","footnotes":""},"categories":[39],"tags":[],"class_list":{"0":"post-28710","1":"post","2":"type-post","3":"status-publish","4":"format-standard","5":"has-post-thumbnail","7":"category-noticias-nacionales"},"yoast_head":"<!-- This site is optimized with the Yoast SEO plugin v27.5 - https:\/\/yoast.com\/product\/yoast-seo-wordpress\/ -->\n<title>Arist\u00f3teles Sandoval convivi\u00f3 con l\u00edder del CJNG antes de su asesinato - Fuentes Fidedignas<\/title>\n<meta name=\"robots\" content=\"index, follow, max-snippet:-1, max-image-preview:large, max-video-preview:-1\" \/>\n<link rel=\"canonical\" href=\"https:\/\/fuentesfidedignas.com.mx\/index.php\/2022\/04\/20\/aristoteles-sandoval-convivio-con-lider-del-cjng-antes-de-su-asesinato\/\" \/>\n<meta property=\"og:locale\" content=\"es_MX\" \/>\n<meta property=\"og:type\" content=\"article\" \/>\n<meta property=\"og:title\" content=\"Arist\u00f3teles Sandoval convivi\u00f3 con l\u00edder del CJNG antes de su asesinato - Fuentes Fidedignas\" \/>\n<meta property=\"og:description\" content=\"El capo Sa\u00fal \u201cN\u201d, alias El Chopa se encontraba sentado en una mesa al lado de Arist\u00f3teles Sandoval, el d\u00eda que fue asesinado al interior del bar Distrito\/5 Ciudad de M\u00e9xico.- El asesinato del ex gobernador de Jalisco,\u00a0Arist\u00f3teles Sandoval, contin\u00faa avanzando en investigaciones. La nueva pista del caso se ha dado a conocer este mi\u00e9rcoles [&hellip;]\" \/>\n<meta property=\"og:url\" content=\"https:\/\/fuentesfidedignas.com.mx\/index.php\/2022\/04\/20\/aristoteles-sandoval-convivio-con-lider-del-cjng-antes-de-su-asesinato\/\" \/>\n<meta property=\"og:site_name\" content=\"Fuentes Fidedignas\" \/>\n<meta property=\"article:publisher\" content=\"https:\/\/www.facebook.com\/Fuentes-Fidedignas-368234489921644\" \/>\n<meta property=\"article:published_time\" content=\"2022-04-20T18:23:23+00:00\" \/>\n<meta property=\"article:modified_time\" content=\"2022-04-20T18:23:25+00:00\" \/>\n<meta property=\"og:image\" content=\"https:\/\/fuentesfidedignas.com.mx\/wp-content\/uploads\/2022\/04\/ARISTOTELES_SANDOVAL.jpg\" \/>\n\t<meta property=\"og:image:width\" content=\"971\" \/>\n\t<meta property=\"og:image:height\" content=\"542\" \/>\n\t<meta property=\"og:image:type\" content=\"image\/jpeg\" \/>\n<meta name=\"author\" content=\"Infobae\" \/>\n<meta name=\"twitter:card\" content=\"summary_large_image\" \/>\n<meta name=\"twitter:creator\" content=\"@fidedignas\" \/>\n<meta name=\"twitter:site\" content=\"@fidedignas\" \/>\n<meta name=\"twitter:label1\" content=\"Escrito por\" \/>\n\t<meta name=\"twitter:data1\" content=\"Infobae\" \/>\n\t<meta name=\"twitter:label2\" content=\"Tiempo de lectura\" \/>\n\t<meta name=\"twitter:data2\" content=\"3 minutos\" \/>\n<script type=\"application\/ld+json\" class=\"yoast-schema-graph\">{\"@context\":\"https:\\\/\\\/schema.org\",\"@graph\":[{\"@type\":\"Article\",\"@id\":\"https:\\\/\\\/fuentesfidedignas.com.mx\\\/index.php\\\/2022\\\/04\\\/20\\\/aristoteles-sandoval-convivio-con-lider-del-cjng-antes-de-su-asesinato\\\/#article\",\"isPartOf\":{\"@id\":\"https:\\\/\\\/fuentesfidedignas.com.mx\\\/index.php\\\/2022\\\/04\\\/20\\\/aristoteles-sandoval-convivio-con-lider-del-cjng-antes-de-su-asesinato\\\/\"},\"author\":{\"name\":\"Infobae\",\"@id\":\"https:\\\/\\\/fuentesfidedignas.com.mx\\\/#\\\/schema\\\/person\\\/8575896a7c1067d352f6c1cd6582c389\"},\"headline\":\"Arist\u00f3teles Sandoval convivi\u00f3 con l\u00edder del CJNG antes de su asesinato\",\"datePublished\":\"2022-04-20T18:23:23+00:00\",\"dateModified\":\"2022-04-20T18:23:25+00:00\",\"mainEntityOfPage\":{\"@id\":\"https:\\\/\\\/fuentesfidedignas.com.mx\\\/index.php\\\/2022\\\/04\\\/20\\\/aristoteles-sandoval-convivio-con-lider-del-cjng-antes-de-su-asesinato\\\/\"},\"wordCount\":588,\"commentCount\":0,\"publisher\":{\"@id\":\"https:\\\/\\\/fuentesfidedignas.com.mx\\\/#organization\"},\"image\":{\"@id\":\"https:\\\/\\\/fuentesfidedignas.com.mx\\\/index.php\\\/2022\\\/04\\\/20\\\/aristoteles-sandoval-convivio-con-lider-del-cjng-antes-de-su-asesinato\\\/#primaryimage\"},\"thumbnailUrl\":\"https:\\\/\\\/fuentesfidedignas.com.mx\\\/wp-content\\\/uploads\\\/2022\\\/04\\\/ARISTOTELES_SANDOVAL.jpg\",\"articleSection\":[\"NOTICIAS NACIONALES\"],\"inLanguage\":\"es\",\"potentialAction\":[{\"@type\":\"CommentAction\",\"name\":\"Comment\",\"target\":[\"https:\\\/\\\/fuentesfidedignas.com.mx\\\/index.php\\\/2022\\\/04\\\/20\\\/aristoteles-sandoval-convivio-con-lider-del-cjng-antes-de-su-asesinato\\\/#respond\"]}]},{\"@type\":\"WebPage\",\"@id\":\"https:\\\/\\\/fuentesfidedignas.com.mx\\\/index.php\\\/2022\\\/04\\\/20\\\/aristoteles-sandoval-convivio-con-lider-del-cjng-antes-de-su-asesinato\\\/\",\"url\":\"https:\\\/\\\/fuentesfidedignas.com.mx\\\/index.php\\\/2022\\\/04\\\/20\\\/aristoteles-sandoval-convivio-con-lider-del-cjng-antes-de-su-asesinato\\\/\",\"name\":\"Arist\u00f3teles Sandoval convivi\u00f3 con l\u00edder del CJNG antes de su asesinato - Fuentes Fidedignas\",\"isPartOf\":{\"@id\":\"https:\\\/\\\/fuentesfidedignas.com.mx\\\/#website\"},\"primaryImageOfPage\":{\"@id\":\"https:\\\/\\\/fuentesfidedignas.com.mx\\\/index.php\\\/2022\\\/04\\\/20\\\/aristoteles-sandoval-convivio-con-lider-del-cjng-antes-de-su-asesinato\\\/#primaryimage\"},\"image\":{\"@id\":\"https:\\\/\\\/fuentesfidedignas.com.mx\\\/index.php\\\/2022\\\/04\\\/20\\\/aristoteles-sandoval-convivio-con-lider-del-cjng-antes-de-su-asesinato\\\/#primaryimage\"},\"thumbnailUrl\":\"https:\\\/\\\/fuentesfidedignas.com.mx\\\/wp-content\\\/uploads\\\/2022\\\/04\\\/ARISTOTELES_SANDOVAL.jpg\",\"datePublished\":\"2022-04-20T18:23:23+00:00\",\"dateModified\":\"2022-04-20T18:23:25+00:00\",\"breadcrumb\":{\"@id\":\"https:\\\/\\\/fuentesfidedignas.com.mx\\\/index.php\\\/2022\\\/04\\\/20\\\/aristoteles-sandoval-convivio-con-lider-del-cjng-antes-de-su-asesinato\\\/#breadcrumb\"},\"inLanguage\":\"es\",\"potentialAction\":[{\"@type\":\"ReadAction\",\"target\":[\"https:\\\/\\\/fuentesfidedignas.com.mx\\\/index.php\\\/2022\\\/04\\\/20\\\/aristoteles-sandoval-convivio-con-lider-del-cjng-antes-de-su-asesinato\\\/\"]}]},{\"@type\":\"ImageObject\",\"inLanguage\":\"es\",\"@id\":\"https:\\\/\\\/fuentesfidedignas.com.mx\\\/index.php\\\/2022\\\/04\\\/20\\\/aristoteles-sandoval-convivio-con-lider-del-cjng-antes-de-su-asesinato\\\/#primaryimage\",\"url\":\"https:\\\/\\\/fuentesfidedignas.com.mx\\\/wp-content\\\/uploads\\\/2022\\\/04\\\/ARISTOTELES_SANDOVAL.jpg\",\"contentUrl\":\"https:\\\/\\\/fuentesfidedignas.com.mx\\\/wp-content\\\/uploads\\\/2022\\\/04\\\/ARISTOTELES_SANDOVAL.jpg\",\"width\":971,\"height\":542},{\"@type\":\"BreadcrumbList\",\"@id\":\"https:\\\/\\\/fuentesfidedignas.com.mx\\\/index.php\\\/2022\\\/04\\\/20\\\/aristoteles-sandoval-convivio-con-lider-del-cjng-antes-de-su-asesinato\\\/#breadcrumb\",\"itemListElement\":[{\"@type\":\"ListItem\",\"position\":1,\"name\":\"Inicio\",\"item\":\"https:\\\/\\\/fuentesfidedignas.com.mx\\\/\"},{\"@type\":\"ListItem\",\"position\":2,\"name\":\"Arist\u00f3teles Sandoval convivi\u00f3 con l\u00edder del CJNG antes de su asesinato\"}]},{\"@type\":\"WebSite\",\"@id\":\"https:\\\/\\\/fuentesfidedignas.com.mx\\\/#website\",\"url\":\"https:\\\/\\\/fuentesfidedignas.com.mx\\\/\",\"name\":\"Fuentes Fidedignas\",\"description\":\"Otro sitio realizado con WordPress\",\"publisher\":{\"@id\":\"https:\\\/\\\/fuentesfidedignas.com.mx\\\/#organization\"},\"potentialAction\":[{\"@type\":\"SearchAction\",\"target\":{\"@type\":\"EntryPoint\",\"urlTemplate\":\"https:\\\/\\\/fuentesfidedignas.com.mx\\\/?s={search_term_string}\"},\"query-input\":{\"@type\":\"PropertyValueSpecification\",\"valueRequired\":true,\"valueName\":\"search_term_string\"}}],\"inLanguage\":\"es\"},{\"@type\":\"Organization\",\"@id\":\"https:\\\/\\\/fuentesfidedignas.com.mx\\\/#organization\",\"name\":\"Fuentes Fidedignas\",\"url\":\"https:\\\/\\\/fuentesfidedignas.com.mx\\\/\",\"logo\":{\"@type\":\"ImageObject\",\"inLanguage\":\"es\",\"@id\":\"https:\\\/\\\/fuentesfidedignas.com.mx\\\/#\\\/schema\\\/logo\\\/image\\\/\",\"url\":\"https:\\\/\\\/fuentesfidedignas.com.mx\\\/wp-content\\\/uploads\\\/2021\\\/04\\\/logo-retina.png\",\"contentUrl\":\"https:\\\/\\\/fuentesfidedignas.com.mx\\\/wp-content\\\/uploads\\\/2021\\\/04\\\/logo-retina.png\",\"width\":280,\"height\":51,\"caption\":\"Fuentes Fidedignas\"},\"image\":{\"@id\":\"https:\\\/\\\/fuentesfidedignas.com.mx\\\/#\\\/schema\\\/logo\\\/image\\\/\"},\"sameAs\":[\"https:\\\/\\\/www.facebook.com\\\/Fuentes-Fidedignas-368234489921644\",\"https:\\\/\\\/x.com\\\/fidedignas\"]},{\"@type\":\"Person\",\"@id\":\"https:\\\/\\\/fuentesfidedignas.com.mx\\\/#\\\/schema\\\/person\\\/8575896a7c1067d352f6c1cd6582c389\",\"name\":\"Infobae\",\"image\":{\"@type\":\"ImageObject\",\"inLanguage\":\"es\",\"@id\":\"https:\\\/\\\/secure.gravatar.com\\\/avatar\\\/e4ec95706f8d1670343f6526fdcec45474bab17475a851434a64ca12b5acba1c?s=96&d=mm&r=g\",\"url\":\"https:\\\/\\\/secure.gravatar.com\\\/avatar\\\/e4ec95706f8d1670343f6526fdcec45474bab17475a851434a64ca12b5acba1c?s=96&d=mm&r=g\",\"contentUrl\":\"https:\\\/\\\/secure.gravatar.com\\\/avatar\\\/e4ec95706f8d1670343f6526fdcec45474bab17475a851434a64ca12b5acba1c?s=96&d=mm&r=g\",\"caption\":\"Infobae\"},\"url\":\"https:\\\/\\\/fuentesfidedignas.com.mx\\\/index.php\\\/author\\\/infobae\\\/\"}]}<\/script>\n<!-- \/ Yoast SEO plugin. -->","yoast_head_json":{"title":"Arist\u00f3teles Sandoval convivi\u00f3 con l\u00edder del CJNG antes de su asesinato - Fuentes Fidedignas","robots":{"index":"index","follow":"follow","max-snippet":"max-snippet:-1","max-image-preview":"max-image-preview:large","max-video-preview":"max-video-preview:-1"},"canonical":"https:\/\/fuentesfidedignas.com.mx\/index.php\/2022\/04\/20\/aristoteles-sandoval-convivio-con-lider-del-cjng-antes-de-su-asesinato\/","og_locale":"es_MX","og_type":"article","og_title":"Arist\u00f3teles Sandoval convivi\u00f3 con l\u00edder del CJNG antes de su asesinato - Fuentes Fidedignas","og_description":"El capo Sa\u00fal \u201cN\u201d, alias El Chopa se encontraba sentado en una mesa al lado de Arist\u00f3teles Sandoval, el d\u00eda que fue asesinado al interior del bar Distrito\/5 Ciudad de M\u00e9xico.- El asesinato del ex gobernador de Jalisco,\u00a0Arist\u00f3teles Sandoval, contin\u00faa avanzando en investigaciones. La nueva pista del caso se ha dado a conocer este mi\u00e9rcoles [&hellip;]","og_url":"https:\/\/fuentesfidedignas.com.mx\/index.php\/2022\/04\/20\/aristoteles-sandoval-convivio-con-lider-del-cjng-antes-de-su-asesinato\/","og_site_name":"Fuentes Fidedignas","article_publisher":"https:\/\/www.facebook.com\/Fuentes-Fidedignas-368234489921644","article_published_time":"2022-04-20T18:23:23+00:00","article_modified_time":"2022-04-20T18:23:25+00:00","og_image":[{"width":971,"height":542,"url":"https:\/\/fuentesfidedignas.com.mx\/wp-content\/uploads\/2022\/04\/ARISTOTELES_SANDOVAL.jpg","type":"image\/jpeg"}],"author":"Infobae","twitter_card":"summary_large_image","twitter_creator":"@fidedignas","twitter_site":"@fidedignas","twitter_misc":{"Escrito por":"Infobae","Tiempo de lectura":"3 minutos"},"schema":{"@context":"https:\/\/schema.org","@graph":[{"@type":"Article","@id":"https:\/\/fuentesfidedignas.com.mx\/index.php\/2022\/04\/20\/aristoteles-sandoval-convivio-con-lider-del-cjng-antes-de-su-asesinato\/#article","isPartOf":{"@id":"https:\/\/fuentesfidedignas.com.mx\/index.php\/2022\/04\/20\/aristoteles-sandoval-convivio-con-lider-del-cjng-antes-de-su-asesinato\/"},"author":{"name":"Infobae","@id":"https:\/\/fuentesfidedignas.com.mx\/#\/schema\/person\/8575896a7c1067d352f6c1cd6582c389"},"headline":"Arist\u00f3teles Sandoval convivi\u00f3 con l\u00edder del CJNG antes de su asesinato","datePublished":"2022-04-20T18:23:23+00:00","dateModified":"2022-04-20T18:23:25+00:00","mainEntityOfPage":{"@id":"https:\/\/fuentesfidedignas.com.mx\/index.php\/2022\/04\/20\/aristoteles-sandoval-convivio-con-lider-del-cjng-antes-de-su-asesinato\/"},"wordCount":588,"commentCount":0,"publisher":{"@id":"https:\/\/fuentesfidedignas.com.mx\/#organization"},"image":{"@id":"https:\/\/fuentesfidedignas.com.mx\/index.php\/2022\/04\/20\/aristoteles-sandoval-convivio-con-lider-del-cjng-antes-de-su-asesinato\/#primaryimage"},"thumbnailUrl":"https:\/\/fuentesfidedignas.com.mx\/wp-content\/uploads\/2022\/04\/ARISTOTELES_SANDOVAL.jpg","articleSection":["NOTICIAS NACIONALES"],"inLanguage":"es","potentialAction":[{"@type":"CommentAction","name":"Comment","target":["https:\/\/fuentesfidedignas.com.mx\/index.php\/2022\/04\/20\/aristoteles-sandoval-convivio-con-lider-del-cjng-antes-de-su-asesinato\/#respond"]}]},{"@type":"WebPage","@id":"https:\/\/fuentesfidedignas.com.mx\/index.php\/2022\/04\/20\/aristoteles-sandoval-convivio-con-lider-del-cjng-antes-de-su-asesinato\/","url":"https:\/\/fuentesfidedignas.com.mx\/index.php\/2022\/04\/20\/aristoteles-sandoval-convivio-con-lider-del-cjng-antes-de-su-asesinato\/","name":"Arist\u00f3teles Sandoval convivi\u00f3 con l\u00edder del CJNG antes de su asesinato - Fuentes Fidedignas","isPartOf":{"@id":"https:\/\/fuentesfidedignas.com.mx\/#website"},"primaryImageOfPage":{"@id":"https:\/\/fuentesfidedignas.com.mx\/index.php\/2022\/04\/20\/aristoteles-sandoval-convivio-con-lider-del-cjng-antes-de-su-asesinato\/#primaryimage"},"image":{"@id":"https:\/\/fuentesfidedignas.com.mx\/index.php\/2022\/04\/20\/aristoteles-sandoval-convivio-con-lider-del-cjng-antes-de-su-asesinato\/#primaryimage"},"thumbnailUrl":"https:\/\/fuentesfidedignas.com.mx\/wp-content\/uploads\/2022\/04\/ARISTOTELES_SANDOVAL.jpg","datePublished":"2022-04-20T18:23:23+00:00","dateModified":"2022-04-20T18:23:25+00:00","breadcrumb":{"@id":"https:\/\/fuentesfidedignas.com.mx\/index.php\/2022\/04\/20\/aristoteles-sandoval-convivio-con-lider-del-cjng-antes-de-su-asesinato\/#breadcrumb"},"inLanguage":"es","potentialAction":[{"@type":"ReadAction","target":["https:\/\/fuentesfidedignas.com.mx\/index.php\/2022\/04\/20\/aristoteles-sandoval-convivio-con-lider-del-cjng-antes-de-su-asesinato\/"]}]},{"@type":"ImageObject","inLanguage":"es","@id":"https:\/\/fuentesfidedignas.com.mx\/index.php\/2022\/04\/20\/aristoteles-sandoval-convivio-con-lider-del-cjng-antes-de-su-asesinato\/#primaryimage","url":"https:\/\/fuentesfidedignas.com.mx\/wp-content\/uploads\/2022\/04\/ARISTOTELES_SANDOVAL.jpg","contentUrl":"https:\/\/fuentesfidedignas.com.mx\/wp-content\/uploads\/2022\/04\/ARISTOTELES_SANDOVAL.jpg","width":971,"height":542},{"@type":"BreadcrumbList","@id":"https:\/\/fuentesfidedignas.com.mx\/index.php\/2022\/04\/20\/aristoteles-sandoval-convivio-con-lider-del-cjng-antes-de-su-asesinato\/#breadcrumb","itemListElement":[{"@type":"ListItem","position":1,"name":"Inicio","item":"https:\/\/fuentesfidedignas.com.mx\/"},{"@type":"ListItem","position":2,"name":"Arist\u00f3teles Sandoval convivi\u00f3 con l\u00edder del CJNG antes de su asesinato"}]},{"@type":"WebSite","@id":"https:\/\/fuentesfidedignas.com.mx\/#website","url":"https:\/\/fuentesfidedignas.com.mx\/","name":"Fuentes Fidedignas","description":"Otro sitio realizado con WordPress","publisher":{"@id":"https:\/\/fuentesfidedignas.com.mx\/#organization"},"potentialAction":[{"@type":"SearchAction","target":{"@type":"EntryPoint","urlTemplate":"https:\/\/fuentesfidedignas.com.mx\/?s={search_term_string}"},"query-input":{"@type":"PropertyValueSpecification","valueRequired":true,"valueName":"search_term_string"}}],"inLanguage":"es"},{"@type":"Organization","@id":"https:\/\/fuentesfidedignas.com.mx\/#organization","name":"Fuentes Fidedignas","url":"https:\/\/fuentesfidedignas.com.mx\/","logo":{"@type":"ImageObject","inLanguage":"es","@id":"https:\/\/fuentesfidedignas.com.mx\/#\/schema\/logo\/image\/","url":"https:\/\/fuentesfidedignas.com.mx\/wp-content\/uploads\/2021\/04\/logo-retina.png","contentUrl":"https:\/\/fuentesfidedignas.com.mx\/wp-content\/uploads\/2021\/04\/logo-retina.png","width":280,"height":51,"caption":"Fuentes Fidedignas"},"image":{"@id":"https:\/\/fuentesfidedignas.com.mx\/#\/schema\/logo\/image\/"},"sameAs":["https:\/\/www.facebook.com\/Fuentes-Fidedignas-368234489921644","https:\/\/x.com\/fidedignas"]},{"@type":"Person","@id":"https:\/\/fuentesfidedignas.com.mx\/#\/schema\/person\/8575896a7c1067d352f6c1cd6582c389","name":"Infobae","image":{"@type":"ImageObject","inLanguage":"es","@id":"https:\/\/secure.gravatar.com\/avatar\/e4ec95706f8d1670343f6526fdcec45474bab17475a851434a64ca12b5acba1c?s=96&d=mm&r=g","url":"https:\/\/secure.gravatar.com\/avatar\/e4ec95706f8d1670343f6526fdcec45474bab17475a851434a64ca12b5acba1c?s=96&d=mm&r=g","contentUrl":"https:\/\/secure.gravatar.com\/avatar\/e4ec95706f8d1670343f6526fdcec45474bab17475a851434a64ca12b5acba1c?s=96&d=mm&r=g","caption":"Infobae"},"url":"https:\/\/fuentesfidedignas.com.mx\/index.php\/author\/infobae\/"}]}},"_links":{"self":[{"href":"https:\/\/fuentesfidedignas.com.mx\/index.php\/wp-json\/wp\/v2\/posts\/28710","targetHints":{"allow":["GET"]}}],"collection":[{"href":"https:\/\/fuentesfidedignas.com.mx\/index.php\/wp-json\/wp\/v2\/posts"}],"about":[{"href":"https:\/\/fuentesfidedignas.com.mx\/index.php\/wp-json\/wp\/v2\/types\/post"}],"author":[{"embeddable":true,"href":"https:\/\/fuentesfidedignas.com.mx\/index.php\/wp-json\/wp\/v2\/users\/41"}],"replies":[{"embeddable":true,"href":"https:\/\/fuentesfidedignas.com.mx\/index.php\/wp-json\/wp\/v2\/comments?post=28710"}],"version-history":[{"count":1,"href":"https:\/\/fuentesfidedignas.com.mx\/index.php\/wp-json\/wp\/v2\/posts\/28710\/revisions"}],"predecessor-version":[{"id":28712,"href":"https:\/\/fuentesfidedignas.com.mx\/index.php\/wp-json\/wp\/v2\/posts\/28710\/revisions\/28712"}],"wp:featuredmedia":[{"embeddable":true,"href":"https:\/\/fuentesfidedignas.com.mx\/index.php\/wp-json\/wp\/v2\/media\/28711"}],"wp:attachment":[{"href":"https:\/\/fuentesfidedignas.com.mx\/index.php\/wp-json\/wp\/v2\/media?parent=28710"}],"wp:term":[{"taxonomy":"category","embeddable":true,"href":"https:\/\/fuentesfidedignas.com.mx\/index.php\/wp-json\/wp\/v2\/categories?post=28710"},{"taxonomy":"post_tag","embeddable":true,"href":"https:\/\/fuentesfidedignas.com.mx\/index.php\/wp-json\/wp\/v2\/tags?post=28710"}],"curies":[{"name":"wp","href":"https:\/\/api.w.org\/{rel}","templated":true}]}}