{"id":28572,"date":"2022-04-18T15:16:15","date_gmt":"2022-04-18T22:16:15","guid":{"rendered":"https:\/\/fuentesfidedignas.com.mx\/?p=28572"},"modified":"2022-04-18T15:23:53","modified_gmt":"2022-04-18T22:23:53","slug":"con-la-oposicion-ausente-morena-y-aliados-avalan-en-lo-general-nacionalizacion-del-litio","status":"publish","type":"post","link":"https:\/\/fuentesfidedignas.com.mx\/index.php\/2022\/04\/18\/con-la-oposicion-ausente-morena-y-aliados-avalan-en-lo-general-nacionalizacion-del-litio\/","title":{"rendered":"Con la oposici\u00f3n ausente, Morena y aliados avalan en lo general nacionalizaci\u00f3n del Litio"},"content":{"rendered":"\n<p><strong><em><br>La reforma a la Ley Minera se aval\u00f3 en el pleno con mayor\u00eda de 298 votos a favor por parte de Morena, PVEM, PT y MC; En este momento inicia la discusi\u00f3n en lo particular <\/em><\/strong><\/p>\n\n\n\n<p>Ciudad de M\u00e9xico. Como de urgente resoluci\u00f3n, con todos los tr\u00e1mites dispensados, en dos horas, y con la oposici\u00f3n ausente, Morena y sus aliados aprobaron en lo general la iniciativa del Presidente<a href=\"https:\/\/www.eluniversal.com.mx\/nacion\" target=\"_blank\" rel=\"noreferrer noopener\"><strong>&nbsp;Andr\u00e9s Manuel L\u00f3pez Obrador<\/strong><\/a>&nbsp;para&nbsp;<strong>nacionalizar el litio<\/strong>.<\/p>\n\n\n\n<p>La reforma a la<strong>&nbsp;<a href=\"https:\/\/www.eluniversal.com.mx\/tag\/ley-minera\" target=\"_blank\" rel=\"noreferrer noopener\">Ley Minera<\/a><\/strong>&nbsp;se aval\u00f3 en el pleno con mayor\u00eda de 298 votos a favor por parte de Morena, PVEM, PT y MC, cero en contra, as\u00ed como 197 abstenciones por parte de PRI, PAN, PRD. <\/p>\n\n\n\n<p>La sesi\u00f3n inici\u00f3 en punto de las 14:10 horas con un qu\u00f3rum de 487 legisladores presentes en el pleno de la C\u00e1mara de Diputados, y al inicio de la discusi\u00f3n, las bancadas del PRI, PAN y MC presentaron mociones suspensivas para exigir que la reforma se analizara detenidamente y no en \u201cfast track\u201d.<\/p>\n\n\n\n<p>En representaci\u00f3n de la coalici\u00f3n, el diputado del PAN, Anuar Roberto Azar Figueroa, sostuvo que &#8220;esta acci\u00f3n que hoy intenta el oficialismo es violentar el derecho de millones de mexicanas y mexicanos&#8221;.<\/p>\n\n\n\n<p>&#8220;Ustedes quieren un pa\u00eds autoritario, un pa\u00eds sin libertades, un pa\u00eds donde un falso mes\u00edas haga lo que sea su voluntad, no sean lacayos&#8221;, recrimin\u00f3, al tiempo que la bancada guinda respondi\u00f3 al grito de &#8220;es un honor estar con Obrador, es un honor, estar con Obrador&#8221;.<\/p>\n\n\n\n<p>Pese a las solicitudes, las mociones fueron rechazadas, motivo por el que las y los legisladores de Va por M\u00e9xico abandonaron la sesi\u00f3n, al tiempo que los legisladores guindas les gritaban &#8220;\u00a1Qu\u00e9dense, qu\u00e9dense!&#8221; &#8220;Cobardes&#8221;.<\/p>\n\n\n\n<p>Tras este acto, el diputado morenista Pablo Am\u00edlcar Sandoval solicit\u00f3 a la Mesa Directiva que se les descuente el d\u00eda a los legisladores que no est\u00e1n presentes en el pleno.<\/p>\n\n\n\n<p>M\u00e1s tarde, el vicecoordinador de Morena en la C\u00e1mara de Diputados, Leonel Godoy, asegur\u00f3 que la oposici\u00f3n \u201cpagar\u00e1 por darle la espalda al pueblo de M\u00e9xico\u201d.<\/p>\n\n\n\n<p>\u201cHay que votar a favor de esta iniciativa que presenta el Presidente de la Rep\u00fablica. Vamos a ganarles en las urnas, en las calles, en las elecciones \u00a1Vamos a hacer que paguen por darle la espalda al pueblo de M\u00e9xico!\u201d, asever\u00f3 desde la tribuna<\/p>\n\n\n\n<p>Acompa\u00f1ado de legisladores de su bancada, as\u00ed como del PT y del PVEM, quienes levantaron carteles con el s\u00edmbolo \u201cLi\u201d del litio, Godoy Rangel critic\u00f3 al PRI por hacerle segunda al PAN, y sostuvo que de seguir as\u00ed, se terminar\u00e1n convirtiendo en un partido sat\u00e9lite de los albiazules.<\/p>\n\n\n\n<p>\u201cLa r\u00e9mora de la derecha, en eso se va a convertir el PRI. Si no corrige el rumbo, se va a convertir en un sat\u00e9lite del Partido Acci\u00f3n Nacional, el PAN s\u00ed es nuestro adversario\u201d, declar\u00f3.<\/p>\n\n\n\n<p>En su oportunidad, el diputado del PT, Gerardo Fern\u00e1ndez Noro\u00f1a, advirti\u00f3 que no van a admitir ni una sola concesi\u00f3n \u201cporque somos mayor\u00eda\u201d, as\u00ed de simple.<\/p>\n\n\n\n<p>\u201cAyer celebraron como si hubieran ganado el mundial de futbol y hoy, la oposici\u00f3n, a excepci\u00f3n de Movimiento Ciudadano demuestran lo que son: la nada, no existen pol\u00edticamente porque en pol\u00edtica los vac\u00edos se llenan. Es un error grav\u00edsimo desaparecer, eso es lo que va a ocurrir\u201d, sostuvo.<\/p>\n\n\n\n<p>Dijo que la ausencia de la oposici\u00f3n en el debate de la Ley Minera, \u201ces otro mensaje de que est\u00e1n a favor de las empresas extranjeras\u201d.<\/p>\n\n\n\n<p>Tras dos horas y 17 minutos de posicionamientos en el pleno por parte de legisladores de Morena y aliados, y sin debate por la ausencia de la oposici\u00f3n, el dictamen fue aprobado en lo general. En este momento inicia la discusi\u00f3n en lo particular.<\/p>\n","protected":false},"excerpt":{"rendered":"<p>La reforma a la Ley Minera se aval\u00f3 en el pleno con mayor\u00eda de 298 votos a favor por parte de Morena, PVEM, PT y MC; En este momento inicia la discusi\u00f3n en lo particular Ciudad de M\u00e9xico. Como de urgente resoluci\u00f3n, con todos los tr\u00e1mites dispensados, en dos horas, y con la oposici\u00f3n ausente, [&hellip;]<\/p>\n","protected":false},"author":39,"featured_media":28576,"comment_status":"open","ping_status":"open","sticky":false,"template":"","format":"standard","meta":{"tdm_status":"","tdm_grid_status":"","footnotes":""},"categories":[39],"tags":[],"class_list":{"0":"post-28572","1":"post","2":"type-post","3":"status-publish","4":"format-standard","5":"has-post-thumbnail","7":"category-noticias-nacionales"},"yoast_head":"<!-- This site is optimized with the Yoast SEO plugin v27.5 - https:\/\/yoast.com\/product\/yoast-seo-wordpress\/ -->\n<title>Con la oposici\u00f3n ausente, Morena y aliados avalan en lo general nacionalizaci\u00f3n del Litio - Fuentes Fidedignas<\/title>\n<meta name=\"robots\" content=\"index, follow, max-snippet:-1, max-image-preview:large, max-video-preview:-1\" \/>\n<link rel=\"canonical\" href=\"https:\/\/fuentesfidedignas.com.mx\/index.php\/2022\/04\/18\/con-la-oposicion-ausente-morena-y-aliados-avalan-en-lo-general-nacionalizacion-del-litio\/\" \/>\n<meta property=\"og:locale\" content=\"es_MX\" \/>\n<meta property=\"og:type\" content=\"article\" \/>\n<meta property=\"og:title\" content=\"Con la oposici\u00f3n ausente, Morena y aliados avalan en lo general nacionalizaci\u00f3n del Litio - Fuentes Fidedignas\" \/>\n<meta property=\"og:description\" content=\"La reforma a la Ley Minera se aval\u00f3 en el pleno con mayor\u00eda de 298 votos a favor por parte de Morena, PVEM, PT y MC; En este momento inicia la discusi\u00f3n en lo particular Ciudad de M\u00e9xico. Como de urgente resoluci\u00f3n, con todos los tr\u00e1mites dispensados, en dos horas, y con la oposici\u00f3n ausente, [&hellip;]\" \/>\n<meta property=\"og:url\" content=\"https:\/\/fuentesfidedignas.com.mx\/index.php\/2022\/04\/18\/con-la-oposicion-ausente-morena-y-aliados-avalan-en-lo-general-nacionalizacion-del-litio\/\" \/>\n<meta property=\"og:site_name\" content=\"Fuentes Fidedignas\" \/>\n<meta property=\"article:publisher\" content=\"https:\/\/www.facebook.com\/Fuentes-Fidedignas-368234489921644\" \/>\n<meta property=\"article:published_time\" content=\"2022-04-18T22:16:15+00:00\" \/>\n<meta property=\"article:modified_time\" content=\"2022-04-18T22:23:53+00:00\" \/>\n<meta property=\"og:image\" content=\"https:\/\/fuentesfidedignas.com.mx\/wp-content\/uploads\/2022\/04\/Nacionalizan-el-litio-diputados-aprueban-en-lo-general-Ley-Minera.jpg\" \/>\n\t<meta property=\"og:image:width\" content=\"830\" \/>\n\t<meta property=\"og:image:height\" content=\"600\" \/>\n\t<meta property=\"og:image:type\" content=\"image\/jpeg\" \/>\n<meta name=\"author\" content=\"El Universal\" \/>\n<meta name=\"twitter:card\" content=\"summary_large_image\" \/>\n<meta name=\"twitter:creator\" content=\"@fidedignas\" \/>\n<meta name=\"twitter:site\" content=\"@fidedignas\" \/>\n<meta name=\"twitter:label1\" content=\"Escrito por\" \/>\n\t<meta name=\"twitter:data1\" content=\"El Universal\" \/>\n\t<meta name=\"twitter:label2\" content=\"Tiempo de lectura\" \/>\n\t<meta name=\"twitter:data2\" content=\"3 minutos\" \/>\n<script type=\"application\/ld+json\" class=\"yoast-schema-graph\">{\"@context\":\"https:\\\/\\\/schema.org\",\"@graph\":[{\"@type\":\"Article\",\"@id\":\"https:\\\/\\\/fuentesfidedignas.com.mx\\\/index.php\\\/2022\\\/04\\\/18\\\/con-la-oposicion-ausente-morena-y-aliados-avalan-en-lo-general-nacionalizacion-del-litio\\\/#article\",\"isPartOf\":{\"@id\":\"https:\\\/\\\/fuentesfidedignas.com.mx\\\/index.php\\\/2022\\\/04\\\/18\\\/con-la-oposicion-ausente-morena-y-aliados-avalan-en-lo-general-nacionalizacion-del-litio\\\/\"},\"author\":{\"name\":\"El Universal\",\"@id\":\"https:\\\/\\\/fuentesfidedignas.com.mx\\\/#\\\/schema\\\/person\\\/fee3882e65fd0510d292c43a346d35d7\"},\"headline\":\"Con la oposici\u00f3n ausente, Morena y aliados avalan en lo general nacionalizaci\u00f3n del Litio\",\"datePublished\":\"2022-04-18T22:16:15+00:00\",\"dateModified\":\"2022-04-18T22:23:53+00:00\",\"mainEntityOfPage\":{\"@id\":\"https:\\\/\\\/fuentesfidedignas.com.mx\\\/index.php\\\/2022\\\/04\\\/18\\\/con-la-oposicion-ausente-morena-y-aliados-avalan-en-lo-general-nacionalizacion-del-litio\\\/\"},\"wordCount\":677,\"commentCount\":0,\"publisher\":{\"@id\":\"https:\\\/\\\/fuentesfidedignas.com.mx\\\/#organization\"},\"image\":{\"@id\":\"https:\\\/\\\/fuentesfidedignas.com.mx\\\/index.php\\\/2022\\\/04\\\/18\\\/con-la-oposicion-ausente-morena-y-aliados-avalan-en-lo-general-nacionalizacion-del-litio\\\/#primaryimage\"},\"thumbnailUrl\":\"https:\\\/\\\/fuentesfidedignas.com.mx\\\/wp-content\\\/uploads\\\/2022\\\/04\\\/Nacionalizan-el-litio-diputados-aprueban-en-lo-general-Ley-Minera.jpg\",\"articleSection\":[\"NOTICIAS NACIONALES\"],\"inLanguage\":\"es\",\"potentialAction\":[{\"@type\":\"CommentAction\",\"name\":\"Comment\",\"target\":[\"https:\\\/\\\/fuentesfidedignas.com.mx\\\/index.php\\\/2022\\\/04\\\/18\\\/con-la-oposicion-ausente-morena-y-aliados-avalan-en-lo-general-nacionalizacion-del-litio\\\/#respond\"]}]},{\"@type\":\"WebPage\",\"@id\":\"https:\\\/\\\/fuentesfidedignas.com.mx\\\/index.php\\\/2022\\\/04\\\/18\\\/con-la-oposicion-ausente-morena-y-aliados-avalan-en-lo-general-nacionalizacion-del-litio\\\/\",\"url\":\"https:\\\/\\\/fuentesfidedignas.com.mx\\\/index.php\\\/2022\\\/04\\\/18\\\/con-la-oposicion-ausente-morena-y-aliados-avalan-en-lo-general-nacionalizacion-del-litio\\\/\",\"name\":\"Con la oposici\u00f3n ausente, Morena y aliados avalan en lo general nacionalizaci\u00f3n del Litio - Fuentes Fidedignas\",\"isPartOf\":{\"@id\":\"https:\\\/\\\/fuentesfidedignas.com.mx\\\/#website\"},\"primaryImageOfPage\":{\"@id\":\"https:\\\/\\\/fuentesfidedignas.com.mx\\\/index.php\\\/2022\\\/04\\\/18\\\/con-la-oposicion-ausente-morena-y-aliados-avalan-en-lo-general-nacionalizacion-del-litio\\\/#primaryimage\"},\"image\":{\"@id\":\"https:\\\/\\\/fuentesfidedignas.com.mx\\\/index.php\\\/2022\\\/04\\\/18\\\/con-la-oposicion-ausente-morena-y-aliados-avalan-en-lo-general-nacionalizacion-del-litio\\\/#primaryimage\"},\"thumbnailUrl\":\"https:\\\/\\\/fuentesfidedignas.com.mx\\\/wp-content\\\/uploads\\\/2022\\\/04\\\/Nacionalizan-el-litio-diputados-aprueban-en-lo-general-Ley-Minera.jpg\",\"datePublished\":\"2022-04-18T22:16:15+00:00\",\"dateModified\":\"2022-04-18T22:23:53+00:00\",\"breadcrumb\":{\"@id\":\"https:\\\/\\\/fuentesfidedignas.com.mx\\\/index.php\\\/2022\\\/04\\\/18\\\/con-la-oposicion-ausente-morena-y-aliados-avalan-en-lo-general-nacionalizacion-del-litio\\\/#breadcrumb\"},\"inLanguage\":\"es\",\"potentialAction\":[{\"@type\":\"ReadAction\",\"target\":[\"https:\\\/\\\/fuentesfidedignas.com.mx\\\/index.php\\\/2022\\\/04\\\/18\\\/con-la-oposicion-ausente-morena-y-aliados-avalan-en-lo-general-nacionalizacion-del-litio\\\/\"]}]},{\"@type\":\"ImageObject\",\"inLanguage\":\"es\",\"@id\":\"https:\\\/\\\/fuentesfidedignas.com.mx\\\/index.php\\\/2022\\\/04\\\/18\\\/con-la-oposicion-ausente-morena-y-aliados-avalan-en-lo-general-nacionalizacion-del-litio\\\/#primaryimage\",\"url\":\"https:\\\/\\\/fuentesfidedignas.com.mx\\\/wp-content\\\/uploads\\\/2022\\\/04\\\/Nacionalizan-el-litio-diputados-aprueban-en-lo-general-Ley-Minera.jpg\",\"contentUrl\":\"https:\\\/\\\/fuentesfidedignas.com.mx\\\/wp-content\\\/uploads\\\/2022\\\/04\\\/Nacionalizan-el-litio-diputados-aprueban-en-lo-general-Ley-Minera.jpg\",\"width\":830,\"height\":600},{\"@type\":\"BreadcrumbList\",\"@id\":\"https:\\\/\\\/fuentesfidedignas.com.mx\\\/index.php\\\/2022\\\/04\\\/18\\\/con-la-oposicion-ausente-morena-y-aliados-avalan-en-lo-general-nacionalizacion-del-litio\\\/#breadcrumb\",\"itemListElement\":[{\"@type\":\"ListItem\",\"position\":1,\"name\":\"Inicio\",\"item\":\"https:\\\/\\\/fuentesfidedignas.com.mx\\\/\"},{\"@type\":\"ListItem\",\"position\":2,\"name\":\"Con la oposici\u00f3n ausente, Morena y aliados avalan en lo general nacionalizaci\u00f3n del Litio\"}]},{\"@type\":\"WebSite\",\"@id\":\"https:\\\/\\\/fuentesfidedignas.com.mx\\\/#website\",\"url\":\"https:\\\/\\\/fuentesfidedignas.com.mx\\\/\",\"name\":\"Fuentes Fidedignas\",\"description\":\"Otro sitio realizado con WordPress\",\"publisher\":{\"@id\":\"https:\\\/\\\/fuentesfidedignas.com.mx\\\/#organization\"},\"potentialAction\":[{\"@type\":\"SearchAction\",\"target\":{\"@type\":\"EntryPoint\",\"urlTemplate\":\"https:\\\/\\\/fuentesfidedignas.com.mx\\\/?s={search_term_string}\"},\"query-input\":{\"@type\":\"PropertyValueSpecification\",\"valueRequired\":true,\"valueName\":\"search_term_string\"}}],\"inLanguage\":\"es\"},{\"@type\":\"Organization\",\"@id\":\"https:\\\/\\\/fuentesfidedignas.com.mx\\\/#organization\",\"name\":\"Fuentes Fidedignas\",\"url\":\"https:\\\/\\\/fuentesfidedignas.com.mx\\\/\",\"logo\":{\"@type\":\"ImageObject\",\"inLanguage\":\"es\",\"@id\":\"https:\\\/\\\/fuentesfidedignas.com.mx\\\/#\\\/schema\\\/logo\\\/image\\\/\",\"url\":\"https:\\\/\\\/fuentesfidedignas.com.mx\\\/wp-content\\\/uploads\\\/2021\\\/04\\\/logo-retina.png\",\"contentUrl\":\"https:\\\/\\\/fuentesfidedignas.com.mx\\\/wp-content\\\/uploads\\\/2021\\\/04\\\/logo-retina.png\",\"width\":280,\"height\":51,\"caption\":\"Fuentes Fidedignas\"},\"image\":{\"@id\":\"https:\\\/\\\/fuentesfidedignas.com.mx\\\/#\\\/schema\\\/logo\\\/image\\\/\"},\"sameAs\":[\"https:\\\/\\\/www.facebook.com\\\/Fuentes-Fidedignas-368234489921644\",\"https:\\\/\\\/x.com\\\/fidedignas\"]},{\"@type\":\"Person\",\"@id\":\"https:\\\/\\\/fuentesfidedignas.com.mx\\\/#\\\/schema\\\/person\\\/fee3882e65fd0510d292c43a346d35d7\",\"name\":\"El Universal\",\"image\":{\"@type\":\"ImageObject\",\"inLanguage\":\"es\",\"@id\":\"https:\\\/\\\/secure.gravatar.com\\\/avatar\\\/1ebc94d82b6c3c081781f73e5b76a0d0c1ac7bf8e57426f18802246eeaa2747c?s=96&d=mm&r=g\",\"url\":\"https:\\\/\\\/secure.gravatar.com\\\/avatar\\\/1ebc94d82b6c3c081781f73e5b76a0d0c1ac7bf8e57426f18802246eeaa2747c?s=96&d=mm&r=g\",\"contentUrl\":\"https:\\\/\\\/secure.gravatar.com\\\/avatar\\\/1ebc94d82b6c3c081781f73e5b76a0d0c1ac7bf8e57426f18802246eeaa2747c?s=96&d=mm&r=g\",\"caption\":\"El Universal\"},\"url\":\"https:\\\/\\\/fuentesfidedignas.com.mx\\\/index.php\\\/author\\\/el-universal\\\/\"}]}<\/script>\n<!-- \/ Yoast SEO plugin. -->","yoast_head_json":{"title":"Con la oposici\u00f3n ausente, Morena y aliados avalan en lo general nacionalizaci\u00f3n del Litio - Fuentes Fidedignas","robots":{"index":"index","follow":"follow","max-snippet":"max-snippet:-1","max-image-preview":"max-image-preview:large","max-video-preview":"max-video-preview:-1"},"canonical":"https:\/\/fuentesfidedignas.com.mx\/index.php\/2022\/04\/18\/con-la-oposicion-ausente-morena-y-aliados-avalan-en-lo-general-nacionalizacion-del-litio\/","og_locale":"es_MX","og_type":"article","og_title":"Con la oposici\u00f3n ausente, Morena y aliados avalan en lo general nacionalizaci\u00f3n del Litio - Fuentes Fidedignas","og_description":"La reforma a la Ley Minera se aval\u00f3 en el pleno con mayor\u00eda de 298 votos a favor por parte de Morena, PVEM, PT y MC; En este momento inicia la discusi\u00f3n en lo particular Ciudad de M\u00e9xico. Como de urgente resoluci\u00f3n, con todos los tr\u00e1mites dispensados, en dos horas, y con la oposici\u00f3n ausente, [&hellip;]","og_url":"https:\/\/fuentesfidedignas.com.mx\/index.php\/2022\/04\/18\/con-la-oposicion-ausente-morena-y-aliados-avalan-en-lo-general-nacionalizacion-del-litio\/","og_site_name":"Fuentes Fidedignas","article_publisher":"https:\/\/www.facebook.com\/Fuentes-Fidedignas-368234489921644","article_published_time":"2022-04-18T22:16:15+00:00","article_modified_time":"2022-04-18T22:23:53+00:00","og_image":[{"width":830,"height":600,"url":"https:\/\/fuentesfidedignas.com.mx\/wp-content\/uploads\/2022\/04\/Nacionalizan-el-litio-diputados-aprueban-en-lo-general-Ley-Minera.jpg","type":"image\/jpeg"}],"author":"El Universal","twitter_card":"summary_large_image","twitter_creator":"@fidedignas","twitter_site":"@fidedignas","twitter_misc":{"Escrito por":"El Universal","Tiempo de lectura":"3 minutos"},"schema":{"@context":"https:\/\/schema.org","@graph":[{"@type":"Article","@id":"https:\/\/fuentesfidedignas.com.mx\/index.php\/2022\/04\/18\/con-la-oposicion-ausente-morena-y-aliados-avalan-en-lo-general-nacionalizacion-del-litio\/#article","isPartOf":{"@id":"https:\/\/fuentesfidedignas.com.mx\/index.php\/2022\/04\/18\/con-la-oposicion-ausente-morena-y-aliados-avalan-en-lo-general-nacionalizacion-del-litio\/"},"author":{"name":"El Universal","@id":"https:\/\/fuentesfidedignas.com.mx\/#\/schema\/person\/fee3882e65fd0510d292c43a346d35d7"},"headline":"Con la oposici\u00f3n ausente, Morena y aliados avalan en lo general nacionalizaci\u00f3n del Litio","datePublished":"2022-04-18T22:16:15+00:00","dateModified":"2022-04-18T22:23:53+00:00","mainEntityOfPage":{"@id":"https:\/\/fuentesfidedignas.com.mx\/index.php\/2022\/04\/18\/con-la-oposicion-ausente-morena-y-aliados-avalan-en-lo-general-nacionalizacion-del-litio\/"},"wordCount":677,"commentCount":0,"publisher":{"@id":"https:\/\/fuentesfidedignas.com.mx\/#organization"},"image":{"@id":"https:\/\/fuentesfidedignas.com.mx\/index.php\/2022\/04\/18\/con-la-oposicion-ausente-morena-y-aliados-avalan-en-lo-general-nacionalizacion-del-litio\/#primaryimage"},"thumbnailUrl":"https:\/\/fuentesfidedignas.com.mx\/wp-content\/uploads\/2022\/04\/Nacionalizan-el-litio-diputados-aprueban-en-lo-general-Ley-Minera.jpg","articleSection":["NOTICIAS NACIONALES"],"inLanguage":"es","potentialAction":[{"@type":"CommentAction","name":"Comment","target":["https:\/\/fuentesfidedignas.com.mx\/index.php\/2022\/04\/18\/con-la-oposicion-ausente-morena-y-aliados-avalan-en-lo-general-nacionalizacion-del-litio\/#respond"]}]},{"@type":"WebPage","@id":"https:\/\/fuentesfidedignas.com.mx\/index.php\/2022\/04\/18\/con-la-oposicion-ausente-morena-y-aliados-avalan-en-lo-general-nacionalizacion-del-litio\/","url":"https:\/\/fuentesfidedignas.com.mx\/index.php\/2022\/04\/18\/con-la-oposicion-ausente-morena-y-aliados-avalan-en-lo-general-nacionalizacion-del-litio\/","name":"Con la oposici\u00f3n ausente, Morena y aliados avalan en lo general nacionalizaci\u00f3n del Litio - Fuentes Fidedignas","isPartOf":{"@id":"https:\/\/fuentesfidedignas.com.mx\/#website"},"primaryImageOfPage":{"@id":"https:\/\/fuentesfidedignas.com.mx\/index.php\/2022\/04\/18\/con-la-oposicion-ausente-morena-y-aliados-avalan-en-lo-general-nacionalizacion-del-litio\/#primaryimage"},"image":{"@id":"https:\/\/fuentesfidedignas.com.mx\/index.php\/2022\/04\/18\/con-la-oposicion-ausente-morena-y-aliados-avalan-en-lo-general-nacionalizacion-del-litio\/#primaryimage"},"thumbnailUrl":"https:\/\/fuentesfidedignas.com.mx\/wp-content\/uploads\/2022\/04\/Nacionalizan-el-litio-diputados-aprueban-en-lo-general-Ley-Minera.jpg","datePublished":"2022-04-18T22:16:15+00:00","dateModified":"2022-04-18T22:23:53+00:00","breadcrumb":{"@id":"https:\/\/fuentesfidedignas.com.mx\/index.php\/2022\/04\/18\/con-la-oposicion-ausente-morena-y-aliados-avalan-en-lo-general-nacionalizacion-del-litio\/#breadcrumb"},"inLanguage":"es","potentialAction":[{"@type":"ReadAction","target":["https:\/\/fuentesfidedignas.com.mx\/index.php\/2022\/04\/18\/con-la-oposicion-ausente-morena-y-aliados-avalan-en-lo-general-nacionalizacion-del-litio\/"]}]},{"@type":"ImageObject","inLanguage":"es","@id":"https:\/\/fuentesfidedignas.com.mx\/index.php\/2022\/04\/18\/con-la-oposicion-ausente-morena-y-aliados-avalan-en-lo-general-nacionalizacion-del-litio\/#primaryimage","url":"https:\/\/fuentesfidedignas.com.mx\/wp-content\/uploads\/2022\/04\/Nacionalizan-el-litio-diputados-aprueban-en-lo-general-Ley-Minera.jpg","contentUrl":"https:\/\/fuentesfidedignas.com.mx\/wp-content\/uploads\/2022\/04\/Nacionalizan-el-litio-diputados-aprueban-en-lo-general-Ley-Minera.jpg","width":830,"height":600},{"@type":"BreadcrumbList","@id":"https:\/\/fuentesfidedignas.com.mx\/index.php\/2022\/04\/18\/con-la-oposicion-ausente-morena-y-aliados-avalan-en-lo-general-nacionalizacion-del-litio\/#breadcrumb","itemListElement":[{"@type":"ListItem","position":1,"name":"Inicio","item":"https:\/\/fuentesfidedignas.com.mx\/"},{"@type":"ListItem","position":2,"name":"Con la oposici\u00f3n ausente, Morena y aliados avalan en lo general nacionalizaci\u00f3n del Litio"}]},{"@type":"WebSite","@id":"https:\/\/fuentesfidedignas.com.mx\/#website","url":"https:\/\/fuentesfidedignas.com.mx\/","name":"Fuentes Fidedignas","description":"Otro sitio realizado con WordPress","publisher":{"@id":"https:\/\/fuentesfidedignas.com.mx\/#organization"},"potentialAction":[{"@type":"SearchAction","target":{"@type":"EntryPoint","urlTemplate":"https:\/\/fuentesfidedignas.com.mx\/?s={search_term_string}"},"query-input":{"@type":"PropertyValueSpecification","valueRequired":true,"valueName":"search_term_string"}}],"inLanguage":"es"},{"@type":"Organization","@id":"https:\/\/fuentesfidedignas.com.mx\/#organization","name":"Fuentes Fidedignas","url":"https:\/\/fuentesfidedignas.com.mx\/","logo":{"@type":"ImageObject","inLanguage":"es","@id":"https:\/\/fuentesfidedignas.com.mx\/#\/schema\/logo\/image\/","url":"https:\/\/fuentesfidedignas.com.mx\/wp-content\/uploads\/2021\/04\/logo-retina.png","contentUrl":"https:\/\/fuentesfidedignas.com.mx\/wp-content\/uploads\/2021\/04\/logo-retina.png","width":280,"height":51,"caption":"Fuentes Fidedignas"},"image":{"@id":"https:\/\/fuentesfidedignas.com.mx\/#\/schema\/logo\/image\/"},"sameAs":["https:\/\/www.facebook.com\/Fuentes-Fidedignas-368234489921644","https:\/\/x.com\/fidedignas"]},{"@type":"Person","@id":"https:\/\/fuentesfidedignas.com.mx\/#\/schema\/person\/fee3882e65fd0510d292c43a346d35d7","name":"El Universal","image":{"@type":"ImageObject","inLanguage":"es","@id":"https:\/\/secure.gravatar.com\/avatar\/1ebc94d82b6c3c081781f73e5b76a0d0c1ac7bf8e57426f18802246eeaa2747c?s=96&d=mm&r=g","url":"https:\/\/secure.gravatar.com\/avatar\/1ebc94d82b6c3c081781f73e5b76a0d0c1ac7bf8e57426f18802246eeaa2747c?s=96&d=mm&r=g","contentUrl":"https:\/\/secure.gravatar.com\/avatar\/1ebc94d82b6c3c081781f73e5b76a0d0c1ac7bf8e57426f18802246eeaa2747c?s=96&d=mm&r=g","caption":"El Universal"},"url":"https:\/\/fuentesfidedignas.com.mx\/index.php\/author\/el-universal\/"}]}},"_links":{"self":[{"href":"https:\/\/fuentesfidedignas.com.mx\/index.php\/wp-json\/wp\/v2\/posts\/28572","targetHints":{"allow":["GET"]}}],"collection":[{"href":"https:\/\/fuentesfidedignas.com.mx\/index.php\/wp-json\/wp\/v2\/posts"}],"about":[{"href":"https:\/\/fuentesfidedignas.com.mx\/index.php\/wp-json\/wp\/v2\/types\/post"}],"author":[{"embeddable":true,"href":"https:\/\/fuentesfidedignas.com.mx\/index.php\/wp-json\/wp\/v2\/users\/39"}],"replies":[{"embeddable":true,"href":"https:\/\/fuentesfidedignas.com.mx\/index.php\/wp-json\/wp\/v2\/comments?post=28572"}],"version-history":[{"count":2,"href":"https:\/\/fuentesfidedignas.com.mx\/index.php\/wp-json\/wp\/v2\/posts\/28572\/revisions"}],"predecessor-version":[{"id":28575,"href":"https:\/\/fuentesfidedignas.com.mx\/index.php\/wp-json\/wp\/v2\/posts\/28572\/revisions\/28575"}],"wp:featuredmedia":[{"embeddable":true,"href":"https:\/\/fuentesfidedignas.com.mx\/index.php\/wp-json\/wp\/v2\/media\/28576"}],"wp:attachment":[{"href":"https:\/\/fuentesfidedignas.com.mx\/index.php\/wp-json\/wp\/v2\/media?parent=28572"}],"wp:term":[{"taxonomy":"category","embeddable":true,"href":"https:\/\/fuentesfidedignas.com.mx\/index.php\/wp-json\/wp\/v2\/categories?post=28572"},{"taxonomy":"post_tag","embeddable":true,"href":"https:\/\/fuentesfidedignas.com.mx\/index.php\/wp-json\/wp\/v2\/tags?post=28572"}],"curies":[{"name":"wp","href":"https:\/\/api.w.org\/{rel}","templated":true}]}}