{"id":28540,"date":"2022-04-18T10:58:30","date_gmt":"2022-04-18T17:58:30","guid":{"rendered":"https:\/\/fuentesfidedignas.com.mx\/?p=28540"},"modified":"2022-04-18T10:58:31","modified_gmt":"2022-04-18T17:58:31","slug":"ucrania-podria-ser-candidata-a-unirse-a-la-ue-en-unas-semanas-zelenski","status":"publish","type":"post","link":"https:\/\/fuentesfidedignas.com.mx\/index.php\/2022\/04\/18\/ucrania-podria-ser-candidata-a-unirse-a-la-ue-en-unas-semanas-zelenski\/","title":{"rendered":"Ucrania podr\u00eda ser candidata a unirse a la UE en unas semanas: Zelenski"},"content":{"rendered":"\n<p><strong><em>La presidenta de la Comisi\u00f3n Europea, Ursula von der Leyen, entreg\u00f3 el cuestionario a Zelenski durante una visita a Kiev el 8 de abril, prometiendo un inicio m\u00e1s r\u00e1pido de la candidatura ucraniana a la UE tras la invasi\u00f3n rusa del pa\u00eds.<\/em><\/strong><\/p>\n\n\n\n<p>Ciudad de M\u00e9xico.- El presidente ucraniano, Volod\u00edmir Zelenski, entreg\u00f3 el lunes un formulario sobre la adhesi\u00f3n a la Uni\u00f3n Europea y dijo que cre\u00eda que este paso llevar\u00eda a su pa\u00eds a obtener el estatus de candidato en unas semanas.<\/p>\n\n\n\n<p>La presidenta de la Comisi\u00f3n Europea, Ursula von der Leyen, entreg\u00f3 el cuestionario a Zelenski durante una visita a Kiev el 8 de abril, prometiendo un inicio m\u00e1s r\u00e1pido de la candidatura ucraniana a la UE tras la invasi\u00f3n rusa del pa\u00eds.<\/p>\n\n\n\n<p>Zelenski present\u00f3 el documento completo al enviado de la UE a Ucrania, seg\u00fan mostraron las im\u00e1genes de la reuni\u00f3n publicadas por su gobierno.<\/p>\n\n\n\n<p>\u201cCreemos firmemente que este procedimiento (la concesi\u00f3n del estatus de candidato) tendr\u00e1 lugar en las pr\u00f3ximas semanas y que ser\u00e1 positivo para la historia de nuestro pueblo, dado el precio que pag\u00f3 en el camino hacia la independencia y la democracia\u201d, dijo el dirigente ucraniano durante la reuni\u00f3n.<\/p>\n\n\n\n<p>Sigue la informaci\u00f3n sobre los negocios y la actualidad en Forbes M\u00e9xico<\/p>\n\n\n\n<p>El jefe adjunto de la oficina de Zelenski dijo con anterioridad el lunes que espera que Ucrania obtenga el estatus de candidato en junio durante una reuni\u00f3n programada del Consejo Europeo, que comprende a los l\u00edderes de los estados miembros de la UE.<\/p>\n\n\n\n<p>La Comisi\u00f3n Europea, el \u00f3rgano ejecutivo de la UE, deber\u00e1 emitir una recomendaci\u00f3n sobre el cumplimiento de los criterios de adhesi\u00f3n necesarios por parte de Ucrania, a\u00f1adi\u00f3.<\/p>\n","protected":false},"excerpt":{"rendered":"<p>La presidenta de la Comisi\u00f3n Europea, Ursula von der Leyen, entreg\u00f3 el cuestionario a Zelenski durante una visita a Kiev el 8 de abril, prometiendo un inicio m\u00e1s r\u00e1pido de la candidatura ucraniana a la UE tras la invasi\u00f3n rusa del pa\u00eds. Ciudad de M\u00e9xico.- El presidente ucraniano, Volod\u00edmir Zelenski, entreg\u00f3 el lunes un formulario [&hellip;]<\/p>\n","protected":false},"author":5,"featured_media":28542,"comment_status":"open","ping_status":"open","sticky":false,"template":"","format":"standard","meta":{"tdm_status":"","tdm_grid_status":"","footnotes":""},"categories":[39],"tags":[141,2362,472,2433],"class_list":{"0":"post-28540","1":"post","2":"type-post","3":"status-publish","4":"format-standard","5":"has-post-thumbnail","7":"category-noticias-nacionales","8":"tag-rusia","9":"tag-ucrania","10":"tag-union-europea","11":"tag-volodymyr-zelensky"},"yoast_head":"<!-- This site is optimized with the Yoast SEO plugin v27.5 - https:\/\/yoast.com\/product\/yoast-seo-wordpress\/ -->\n<title>Ucrania podr\u00eda ser candidata a unirse a la UE en unas semanas: Zelenski - Fuentes Fidedignas<\/title>\n<meta name=\"robots\" content=\"index, follow, max-snippet:-1, max-image-preview:large, max-video-preview:-1\" \/>\n<link rel=\"canonical\" href=\"https:\/\/fuentesfidedignas.com.mx\/index.php\/2022\/04\/18\/ucrania-podria-ser-candidata-a-unirse-a-la-ue-en-unas-semanas-zelenski\/\" \/>\n<meta property=\"og:locale\" content=\"es_MX\" \/>\n<meta property=\"og:type\" content=\"article\" \/>\n<meta property=\"og:title\" content=\"Ucrania podr\u00eda ser candidata a unirse a la UE en unas semanas: Zelenski - Fuentes Fidedignas\" \/>\n<meta property=\"og:description\" content=\"La presidenta de la Comisi\u00f3n Europea, Ursula von der Leyen, entreg\u00f3 el cuestionario a Zelenski durante una visita a Kiev el 8 de abril, prometiendo un inicio m\u00e1s r\u00e1pido de la candidatura ucraniana a la UE tras la invasi\u00f3n rusa del pa\u00eds. Ciudad de M\u00e9xico.- El presidente ucraniano, Volod\u00edmir Zelenski, entreg\u00f3 el lunes un formulario [&hellip;]\" \/>\n<meta property=\"og:url\" content=\"https:\/\/fuentesfidedignas.com.mx\/index.php\/2022\/04\/18\/ucrania-podria-ser-candidata-a-unirse-a-la-ue-en-unas-semanas-zelenski\/\" \/>\n<meta property=\"og:site_name\" content=\"Fuentes Fidedignas\" \/>\n<meta property=\"article:publisher\" content=\"https:\/\/www.facebook.com\/Fuentes-Fidedignas-368234489921644\" \/>\n<meta property=\"article:published_time\" content=\"2022-04-18T17:58:30+00:00\" \/>\n<meta property=\"article:modified_time\" content=\"2022-04-18T17:58:31+00:00\" \/>\n<meta property=\"og:image\" content=\"https:\/\/fuentesfidedignas.com.mx\/wp-content\/uploads\/2022\/04\/PRESI_UCRANIA.jpg\" \/>\n\t<meta property=\"og:image:width\" content=\"852\" \/>\n\t<meta property=\"og:image:height\" content=\"482\" \/>\n\t<meta property=\"og:image:type\" content=\"image\/jpeg\" \/>\n<meta name=\"author\" content=\"Forbes\" \/>\n<meta name=\"twitter:card\" content=\"summary_large_image\" \/>\n<meta name=\"twitter:creator\" content=\"@fidedignas\" \/>\n<meta name=\"twitter:site\" content=\"@fidedignas\" \/>\n<meta name=\"twitter:label1\" content=\"Escrito por\" \/>\n\t<meta name=\"twitter:data1\" content=\"Forbes\" \/>\n\t<meta name=\"twitter:label2\" content=\"Tiempo de lectura\" \/>\n\t<meta name=\"twitter:data2\" content=\"2 minutos\" \/>\n<script type=\"application\/ld+json\" class=\"yoast-schema-graph\">{\"@context\":\"https:\\\/\\\/schema.org\",\"@graph\":[{\"@type\":\"Article\",\"@id\":\"https:\\\/\\\/fuentesfidedignas.com.mx\\\/index.php\\\/2022\\\/04\\\/18\\\/ucrania-podria-ser-candidata-a-unirse-a-la-ue-en-unas-semanas-zelenski\\\/#article\",\"isPartOf\":{\"@id\":\"https:\\\/\\\/fuentesfidedignas.com.mx\\\/index.php\\\/2022\\\/04\\\/18\\\/ucrania-podria-ser-candidata-a-unirse-a-la-ue-en-unas-semanas-zelenski\\\/\"},\"author\":{\"name\":\"Forbes\",\"@id\":\"https:\\\/\\\/fuentesfidedignas.com.mx\\\/#\\\/schema\\\/person\\\/5623d53fe2e579d825b1679734abcc44\"},\"headline\":\"Ucrania podr\u00eda ser candidata a unirse a la UE en unas semanas: Zelenski\",\"datePublished\":\"2022-04-18T17:58:30+00:00\",\"dateModified\":\"2022-04-18T17:58:31+00:00\",\"mainEntityOfPage\":{\"@id\":\"https:\\\/\\\/fuentesfidedignas.com.mx\\\/index.php\\\/2022\\\/04\\\/18\\\/ucrania-podria-ser-candidata-a-unirse-a-la-ue-en-unas-semanas-zelenski\\\/\"},\"wordCount\":321,\"commentCount\":0,\"publisher\":{\"@id\":\"https:\\\/\\\/fuentesfidedignas.com.mx\\\/#organization\"},\"image\":{\"@id\":\"https:\\\/\\\/fuentesfidedignas.com.mx\\\/index.php\\\/2022\\\/04\\\/18\\\/ucrania-podria-ser-candidata-a-unirse-a-la-ue-en-unas-semanas-zelenski\\\/#primaryimage\"},\"thumbnailUrl\":\"https:\\\/\\\/fuentesfidedignas.com.mx\\\/wp-content\\\/uploads\\\/2022\\\/04\\\/PRESI_UCRANIA.jpg\",\"keywords\":[\"Rusia\",\"Ucrania\",\"Uni\u00f3n Europea\",\"Volodymyr Zelensky\"],\"articleSection\":[\"NOTICIAS NACIONALES\"],\"inLanguage\":\"es\",\"potentialAction\":[{\"@type\":\"CommentAction\",\"name\":\"Comment\",\"target\":[\"https:\\\/\\\/fuentesfidedignas.com.mx\\\/index.php\\\/2022\\\/04\\\/18\\\/ucrania-podria-ser-candidata-a-unirse-a-la-ue-en-unas-semanas-zelenski\\\/#respond\"]}]},{\"@type\":\"WebPage\",\"@id\":\"https:\\\/\\\/fuentesfidedignas.com.mx\\\/index.php\\\/2022\\\/04\\\/18\\\/ucrania-podria-ser-candidata-a-unirse-a-la-ue-en-unas-semanas-zelenski\\\/\",\"url\":\"https:\\\/\\\/fuentesfidedignas.com.mx\\\/index.php\\\/2022\\\/04\\\/18\\\/ucrania-podria-ser-candidata-a-unirse-a-la-ue-en-unas-semanas-zelenski\\\/\",\"name\":\"Ucrania podr\u00eda ser candidata a unirse a la UE en unas semanas: Zelenski - Fuentes Fidedignas\",\"isPartOf\":{\"@id\":\"https:\\\/\\\/fuentesfidedignas.com.mx\\\/#website\"},\"primaryImageOfPage\":{\"@id\":\"https:\\\/\\\/fuentesfidedignas.com.mx\\\/index.php\\\/2022\\\/04\\\/18\\\/ucrania-podria-ser-candidata-a-unirse-a-la-ue-en-unas-semanas-zelenski\\\/#primaryimage\"},\"image\":{\"@id\":\"https:\\\/\\\/fuentesfidedignas.com.mx\\\/index.php\\\/2022\\\/04\\\/18\\\/ucrania-podria-ser-candidata-a-unirse-a-la-ue-en-unas-semanas-zelenski\\\/#primaryimage\"},\"thumbnailUrl\":\"https:\\\/\\\/fuentesfidedignas.com.mx\\\/wp-content\\\/uploads\\\/2022\\\/04\\\/PRESI_UCRANIA.jpg\",\"datePublished\":\"2022-04-18T17:58:30+00:00\",\"dateModified\":\"2022-04-18T17:58:31+00:00\",\"breadcrumb\":{\"@id\":\"https:\\\/\\\/fuentesfidedignas.com.mx\\\/index.php\\\/2022\\\/04\\\/18\\\/ucrania-podria-ser-candidata-a-unirse-a-la-ue-en-unas-semanas-zelenski\\\/#breadcrumb\"},\"inLanguage\":\"es\",\"potentialAction\":[{\"@type\":\"ReadAction\",\"target\":[\"https:\\\/\\\/fuentesfidedignas.com.mx\\\/index.php\\\/2022\\\/04\\\/18\\\/ucrania-podria-ser-candidata-a-unirse-a-la-ue-en-unas-semanas-zelenski\\\/\"]}]},{\"@type\":\"ImageObject\",\"inLanguage\":\"es\",\"@id\":\"https:\\\/\\\/fuentesfidedignas.com.mx\\\/index.php\\\/2022\\\/04\\\/18\\\/ucrania-podria-ser-candidata-a-unirse-a-la-ue-en-unas-semanas-zelenski\\\/#primaryimage\",\"url\":\"https:\\\/\\\/fuentesfidedignas.com.mx\\\/wp-content\\\/uploads\\\/2022\\\/04\\\/PRESI_UCRANIA.jpg\",\"contentUrl\":\"https:\\\/\\\/fuentesfidedignas.com.mx\\\/wp-content\\\/uploads\\\/2022\\\/04\\\/PRESI_UCRANIA.jpg\",\"width\":852,\"height\":482},{\"@type\":\"BreadcrumbList\",\"@id\":\"https:\\\/\\\/fuentesfidedignas.com.mx\\\/index.php\\\/2022\\\/04\\\/18\\\/ucrania-podria-ser-candidata-a-unirse-a-la-ue-en-unas-semanas-zelenski\\\/#breadcrumb\",\"itemListElement\":[{\"@type\":\"ListItem\",\"position\":1,\"name\":\"Inicio\",\"item\":\"https:\\\/\\\/fuentesfidedignas.com.mx\\\/\"},{\"@type\":\"ListItem\",\"position\":2,\"name\":\"Ucrania podr\u00eda ser candidata a unirse a la UE en unas semanas: Zelenski\"}]},{\"@type\":\"WebSite\",\"@id\":\"https:\\\/\\\/fuentesfidedignas.com.mx\\\/#website\",\"url\":\"https:\\\/\\\/fuentesfidedignas.com.mx\\\/\",\"name\":\"Fuentes Fidedignas\",\"description\":\"Otro sitio realizado con WordPress\",\"publisher\":{\"@id\":\"https:\\\/\\\/fuentesfidedignas.com.mx\\\/#organization\"},\"potentialAction\":[{\"@type\":\"SearchAction\",\"target\":{\"@type\":\"EntryPoint\",\"urlTemplate\":\"https:\\\/\\\/fuentesfidedignas.com.mx\\\/?s={search_term_string}\"},\"query-input\":{\"@type\":\"PropertyValueSpecification\",\"valueRequired\":true,\"valueName\":\"search_term_string\"}}],\"inLanguage\":\"es\"},{\"@type\":\"Organization\",\"@id\":\"https:\\\/\\\/fuentesfidedignas.com.mx\\\/#organization\",\"name\":\"Fuentes Fidedignas\",\"url\":\"https:\\\/\\\/fuentesfidedignas.com.mx\\\/\",\"logo\":{\"@type\":\"ImageObject\",\"inLanguage\":\"es\",\"@id\":\"https:\\\/\\\/fuentesfidedignas.com.mx\\\/#\\\/schema\\\/logo\\\/image\\\/\",\"url\":\"https:\\\/\\\/fuentesfidedignas.com.mx\\\/wp-content\\\/uploads\\\/2021\\\/04\\\/logo-retina.png\",\"contentUrl\":\"https:\\\/\\\/fuentesfidedignas.com.mx\\\/wp-content\\\/uploads\\\/2021\\\/04\\\/logo-retina.png\",\"width\":280,\"height\":51,\"caption\":\"Fuentes Fidedignas\"},\"image\":{\"@id\":\"https:\\\/\\\/fuentesfidedignas.com.mx\\\/#\\\/schema\\\/logo\\\/image\\\/\"},\"sameAs\":[\"https:\\\/\\\/www.facebook.com\\\/Fuentes-Fidedignas-368234489921644\",\"https:\\\/\\\/x.com\\\/fidedignas\"]},{\"@type\":\"Person\",\"@id\":\"https:\\\/\\\/fuentesfidedignas.com.mx\\\/#\\\/schema\\\/person\\\/5623d53fe2e579d825b1679734abcc44\",\"name\":\"Forbes\",\"image\":{\"@type\":\"ImageObject\",\"inLanguage\":\"es\",\"@id\":\"https:\\\/\\\/secure.gravatar.com\\\/avatar\\\/87ce3dd4e41e60c22a79c758614f01a6bc2469255fc936ec7b15efb9bb5cb66f?s=96&d=mm&r=g\",\"url\":\"https:\\\/\\\/secure.gravatar.com\\\/avatar\\\/87ce3dd4e41e60c22a79c758614f01a6bc2469255fc936ec7b15efb9bb5cb66f?s=96&d=mm&r=g\",\"contentUrl\":\"https:\\\/\\\/secure.gravatar.com\\\/avatar\\\/87ce3dd4e41e60c22a79c758614f01a6bc2469255fc936ec7b15efb9bb5cb66f?s=96&d=mm&r=g\",\"caption\":\"Forbes\"},\"url\":\"https:\\\/\\\/fuentesfidedignas.com.mx\\\/index.php\\\/author\\\/forbes\\\/\"}]}<\/script>\n<!-- \/ Yoast SEO plugin. -->","yoast_head_json":{"title":"Ucrania podr\u00eda ser candidata a unirse a la UE en unas semanas: Zelenski - Fuentes Fidedignas","robots":{"index":"index","follow":"follow","max-snippet":"max-snippet:-1","max-image-preview":"max-image-preview:large","max-video-preview":"max-video-preview:-1"},"canonical":"https:\/\/fuentesfidedignas.com.mx\/index.php\/2022\/04\/18\/ucrania-podria-ser-candidata-a-unirse-a-la-ue-en-unas-semanas-zelenski\/","og_locale":"es_MX","og_type":"article","og_title":"Ucrania podr\u00eda ser candidata a unirse a la UE en unas semanas: Zelenski - Fuentes Fidedignas","og_description":"La presidenta de la Comisi\u00f3n Europea, Ursula von der Leyen, entreg\u00f3 el cuestionario a Zelenski durante una visita a Kiev el 8 de abril, prometiendo un inicio m\u00e1s r\u00e1pido de la candidatura ucraniana a la UE tras la invasi\u00f3n rusa del pa\u00eds. Ciudad de M\u00e9xico.- El presidente ucraniano, Volod\u00edmir Zelenski, entreg\u00f3 el lunes un formulario [&hellip;]","og_url":"https:\/\/fuentesfidedignas.com.mx\/index.php\/2022\/04\/18\/ucrania-podria-ser-candidata-a-unirse-a-la-ue-en-unas-semanas-zelenski\/","og_site_name":"Fuentes Fidedignas","article_publisher":"https:\/\/www.facebook.com\/Fuentes-Fidedignas-368234489921644","article_published_time":"2022-04-18T17:58:30+00:00","article_modified_time":"2022-04-18T17:58:31+00:00","og_image":[{"width":852,"height":482,"url":"https:\/\/fuentesfidedignas.com.mx\/wp-content\/uploads\/2022\/04\/PRESI_UCRANIA.jpg","type":"image\/jpeg"}],"author":"Forbes","twitter_card":"summary_large_image","twitter_creator":"@fidedignas","twitter_site":"@fidedignas","twitter_misc":{"Escrito por":"Forbes","Tiempo de lectura":"2 minutos"},"schema":{"@context":"https:\/\/schema.org","@graph":[{"@type":"Article","@id":"https:\/\/fuentesfidedignas.com.mx\/index.php\/2022\/04\/18\/ucrania-podria-ser-candidata-a-unirse-a-la-ue-en-unas-semanas-zelenski\/#article","isPartOf":{"@id":"https:\/\/fuentesfidedignas.com.mx\/index.php\/2022\/04\/18\/ucrania-podria-ser-candidata-a-unirse-a-la-ue-en-unas-semanas-zelenski\/"},"author":{"name":"Forbes","@id":"https:\/\/fuentesfidedignas.com.mx\/#\/schema\/person\/5623d53fe2e579d825b1679734abcc44"},"headline":"Ucrania podr\u00eda ser candidata a unirse a la UE en unas semanas: Zelenski","datePublished":"2022-04-18T17:58:30+00:00","dateModified":"2022-04-18T17:58:31+00:00","mainEntityOfPage":{"@id":"https:\/\/fuentesfidedignas.com.mx\/index.php\/2022\/04\/18\/ucrania-podria-ser-candidata-a-unirse-a-la-ue-en-unas-semanas-zelenski\/"},"wordCount":321,"commentCount":0,"publisher":{"@id":"https:\/\/fuentesfidedignas.com.mx\/#organization"},"image":{"@id":"https:\/\/fuentesfidedignas.com.mx\/index.php\/2022\/04\/18\/ucrania-podria-ser-candidata-a-unirse-a-la-ue-en-unas-semanas-zelenski\/#primaryimage"},"thumbnailUrl":"https:\/\/fuentesfidedignas.com.mx\/wp-content\/uploads\/2022\/04\/PRESI_UCRANIA.jpg","keywords":["Rusia","Ucrania","Uni\u00f3n Europea","Volodymyr Zelensky"],"articleSection":["NOTICIAS NACIONALES"],"inLanguage":"es","potentialAction":[{"@type":"CommentAction","name":"Comment","target":["https:\/\/fuentesfidedignas.com.mx\/index.php\/2022\/04\/18\/ucrania-podria-ser-candidata-a-unirse-a-la-ue-en-unas-semanas-zelenski\/#respond"]}]},{"@type":"WebPage","@id":"https:\/\/fuentesfidedignas.com.mx\/index.php\/2022\/04\/18\/ucrania-podria-ser-candidata-a-unirse-a-la-ue-en-unas-semanas-zelenski\/","url":"https:\/\/fuentesfidedignas.com.mx\/index.php\/2022\/04\/18\/ucrania-podria-ser-candidata-a-unirse-a-la-ue-en-unas-semanas-zelenski\/","name":"Ucrania podr\u00eda ser candidata a unirse a la UE en unas semanas: Zelenski - Fuentes Fidedignas","isPartOf":{"@id":"https:\/\/fuentesfidedignas.com.mx\/#website"},"primaryImageOfPage":{"@id":"https:\/\/fuentesfidedignas.com.mx\/index.php\/2022\/04\/18\/ucrania-podria-ser-candidata-a-unirse-a-la-ue-en-unas-semanas-zelenski\/#primaryimage"},"image":{"@id":"https:\/\/fuentesfidedignas.com.mx\/index.php\/2022\/04\/18\/ucrania-podria-ser-candidata-a-unirse-a-la-ue-en-unas-semanas-zelenski\/#primaryimage"},"thumbnailUrl":"https:\/\/fuentesfidedignas.com.mx\/wp-content\/uploads\/2022\/04\/PRESI_UCRANIA.jpg","datePublished":"2022-04-18T17:58:30+00:00","dateModified":"2022-04-18T17:58:31+00:00","breadcrumb":{"@id":"https:\/\/fuentesfidedignas.com.mx\/index.php\/2022\/04\/18\/ucrania-podria-ser-candidata-a-unirse-a-la-ue-en-unas-semanas-zelenski\/#breadcrumb"},"inLanguage":"es","potentialAction":[{"@type":"ReadAction","target":["https:\/\/fuentesfidedignas.com.mx\/index.php\/2022\/04\/18\/ucrania-podria-ser-candidata-a-unirse-a-la-ue-en-unas-semanas-zelenski\/"]}]},{"@type":"ImageObject","inLanguage":"es","@id":"https:\/\/fuentesfidedignas.com.mx\/index.php\/2022\/04\/18\/ucrania-podria-ser-candidata-a-unirse-a-la-ue-en-unas-semanas-zelenski\/#primaryimage","url":"https:\/\/fuentesfidedignas.com.mx\/wp-content\/uploads\/2022\/04\/PRESI_UCRANIA.jpg","contentUrl":"https:\/\/fuentesfidedignas.com.mx\/wp-content\/uploads\/2022\/04\/PRESI_UCRANIA.jpg","width":852,"height":482},{"@type":"BreadcrumbList","@id":"https:\/\/fuentesfidedignas.com.mx\/index.php\/2022\/04\/18\/ucrania-podria-ser-candidata-a-unirse-a-la-ue-en-unas-semanas-zelenski\/#breadcrumb","itemListElement":[{"@type":"ListItem","position":1,"name":"Inicio","item":"https:\/\/fuentesfidedignas.com.mx\/"},{"@type":"ListItem","position":2,"name":"Ucrania podr\u00eda ser candidata a unirse a la UE en unas semanas: Zelenski"}]},{"@type":"WebSite","@id":"https:\/\/fuentesfidedignas.com.mx\/#website","url":"https:\/\/fuentesfidedignas.com.mx\/","name":"Fuentes Fidedignas","description":"Otro sitio realizado con WordPress","publisher":{"@id":"https:\/\/fuentesfidedignas.com.mx\/#organization"},"potentialAction":[{"@type":"SearchAction","target":{"@type":"EntryPoint","urlTemplate":"https:\/\/fuentesfidedignas.com.mx\/?s={search_term_string}"},"query-input":{"@type":"PropertyValueSpecification","valueRequired":true,"valueName":"search_term_string"}}],"inLanguage":"es"},{"@type":"Organization","@id":"https:\/\/fuentesfidedignas.com.mx\/#organization","name":"Fuentes Fidedignas","url":"https:\/\/fuentesfidedignas.com.mx\/","logo":{"@type":"ImageObject","inLanguage":"es","@id":"https:\/\/fuentesfidedignas.com.mx\/#\/schema\/logo\/image\/","url":"https:\/\/fuentesfidedignas.com.mx\/wp-content\/uploads\/2021\/04\/logo-retina.png","contentUrl":"https:\/\/fuentesfidedignas.com.mx\/wp-content\/uploads\/2021\/04\/logo-retina.png","width":280,"height":51,"caption":"Fuentes Fidedignas"},"image":{"@id":"https:\/\/fuentesfidedignas.com.mx\/#\/schema\/logo\/image\/"},"sameAs":["https:\/\/www.facebook.com\/Fuentes-Fidedignas-368234489921644","https:\/\/x.com\/fidedignas"]},{"@type":"Person","@id":"https:\/\/fuentesfidedignas.com.mx\/#\/schema\/person\/5623d53fe2e579d825b1679734abcc44","name":"Forbes","image":{"@type":"ImageObject","inLanguage":"es","@id":"https:\/\/secure.gravatar.com\/avatar\/87ce3dd4e41e60c22a79c758614f01a6bc2469255fc936ec7b15efb9bb5cb66f?s=96&d=mm&r=g","url":"https:\/\/secure.gravatar.com\/avatar\/87ce3dd4e41e60c22a79c758614f01a6bc2469255fc936ec7b15efb9bb5cb66f?s=96&d=mm&r=g","contentUrl":"https:\/\/secure.gravatar.com\/avatar\/87ce3dd4e41e60c22a79c758614f01a6bc2469255fc936ec7b15efb9bb5cb66f?s=96&d=mm&r=g","caption":"Forbes"},"url":"https:\/\/fuentesfidedignas.com.mx\/index.php\/author\/forbes\/"}]}},"_links":{"self":[{"href":"https:\/\/fuentesfidedignas.com.mx\/index.php\/wp-json\/wp\/v2\/posts\/28540","targetHints":{"allow":["GET"]}}],"collection":[{"href":"https:\/\/fuentesfidedignas.com.mx\/index.php\/wp-json\/wp\/v2\/posts"}],"about":[{"href":"https:\/\/fuentesfidedignas.com.mx\/index.php\/wp-json\/wp\/v2\/types\/post"}],"author":[{"embeddable":true,"href":"https:\/\/fuentesfidedignas.com.mx\/index.php\/wp-json\/wp\/v2\/users\/5"}],"replies":[{"embeddable":true,"href":"https:\/\/fuentesfidedignas.com.mx\/index.php\/wp-json\/wp\/v2\/comments?post=28540"}],"version-history":[{"count":2,"href":"https:\/\/fuentesfidedignas.com.mx\/index.php\/wp-json\/wp\/v2\/posts\/28540\/revisions"}],"predecessor-version":[{"id":28543,"href":"https:\/\/fuentesfidedignas.com.mx\/index.php\/wp-json\/wp\/v2\/posts\/28540\/revisions\/28543"}],"wp:featuredmedia":[{"embeddable":true,"href":"https:\/\/fuentesfidedignas.com.mx\/index.php\/wp-json\/wp\/v2\/media\/28542"}],"wp:attachment":[{"href":"https:\/\/fuentesfidedignas.com.mx\/index.php\/wp-json\/wp\/v2\/media?parent=28540"}],"wp:term":[{"taxonomy":"category","embeddable":true,"href":"https:\/\/fuentesfidedignas.com.mx\/index.php\/wp-json\/wp\/v2\/categories?post=28540"},{"taxonomy":"post_tag","embeddable":true,"href":"https:\/\/fuentesfidedignas.com.mx\/index.php\/wp-json\/wp\/v2\/tags?post=28540"}],"curies":[{"name":"wp","href":"https:\/\/api.w.org\/{rel}","templated":true}]}}