{"id":28532,"date":"2022-04-18T10:36:33","date_gmt":"2022-04-18T17:36:33","guid":{"rendered":"https:\/\/fuentesfidedignas.com.mx\/?p=28532"},"modified":"2022-04-18T11:44:14","modified_gmt":"2022-04-18T18:44:14","slug":"autoridades-de-culiacan-reportan-saldo-blanco-en-esta-semana-santa-2022","status":"publish","type":"post","link":"https:\/\/fuentesfidedignas.com.mx\/index.php\/2022\/04\/18\/autoridades-de-culiacan-reportan-saldo-blanco-en-esta-semana-santa-2022\/","title":{"rendered":"Autoridades de Culiac\u00e1n reportan saldo blanco en esta Semana Santa 2022"},"content":{"rendered":"\n<p><strong><em>Si bien es cierto, se registraron peque\u00f1os incidentes, no hubo ninguno que pusiera en riesgo la vida de las personas<\/em><\/strong><\/p>\n\n\n\n<p>Culiac\u00e1n, Sin. &#8211; En relaci\u00f3n al Operativo de Semana Santa 2022 llevado a cabo en lo concerniente a la Coordinaci\u00f3n de Protecci\u00f3n Civil Municipal, se se\u00f1ala que el resultado fue de saldo blanco.<\/p>\n\n\n\n<p>Al respecto, el titular del \u00e1rea Marco Antonio Mart\u00ednez de Alba inform\u00f3 que hubo un movimiento de m\u00e1s de 153 mil vacacionistas, los cuales se distribuyeron en los mas de 35 puntos de auxilio que se estuvieron supervisando por el personal del \u00e1rea.<\/p>\n\n\n\n<p>Asimismo, aclar\u00f3 que, si bien es cierto, se registraron peque\u00f1os incidentes, no hubo ninguno que pusiera en riesgo la vida de las personas, de igual forma resalt\u00f3 el buen comportamiento de los ciudadanos, lo cual deriv\u00f3 en los mencionados resultados positivos de esta estrategia de seguridad.<\/p>\n\n\n\n<p>Mart\u00ednez de Alba, explic\u00f3 que en este desplegado particip\u00f3 todo el esquema de Protecci\u00f3n Civil, Parques y Jardines, Seguridad P\u00fablica, adem\u00e1s de los \u00f3rganos auxiliares de este sistema, tal es el caso de Bomberos, Cruz Roja y la Secretar\u00eda de la Defensa Nacional.<\/p>\n\n\n\n<p>Finalmente, el funcionario dio las gracias al Sistema Municipal, Estatal y Nacional de Protecci\u00f3n Civil, por el gran apoyo que presentaron para tener estos resultados favorables, pues salvaguardar la integridad de la ciudadan\u00eda es una de las prioridades del alcalde Lic. Jes\u00fas Estrada Ferreiro.<\/p>\n","protected":false},"excerpt":{"rendered":"<p>Si bien es cierto, se registraron peque\u00f1os incidentes, no hubo ninguno que pusiera en riesgo la vida de las personas Culiac\u00e1n, Sin. &#8211; En relaci\u00f3n al Operativo de Semana Santa 2022 llevado a cabo en lo concerniente a la Coordinaci\u00f3n de Protecci\u00f3n Civil Municipal, se se\u00f1ala que el resultado fue de saldo blanco. Al respecto, [&hellip;]<\/p>\n","protected":false},"author":4,"featured_media":28533,"comment_status":"open","ping_status":"open","sticky":false,"template":"","format":"standard","meta":{"tdm_status":"","tdm_grid_status":"","footnotes":""},"categories":[38],"tags":[1041,120,2443,1257],"class_list":{"0":"post-28532","1":"post","2":"type-post","3":"status-publish","4":"format-standard","5":"has-post-thumbnail","7":"category-noticias-locales","8":"tag-ayuntamiento-de-culiacan","9":"tag-culiacan","10":"tag-semana-santa","11":"tag-vacaciones"},"yoast_head":"<!-- This site is optimized with the Yoast SEO plugin v27.4 - https:\/\/yoast.com\/product\/yoast-seo-wordpress\/ -->\n<title>Autoridades de Culiac\u00e1n reportan saldo blanco en esta Semana Santa 2022 - Fuentes Fidedignas<\/title>\n<meta name=\"robots\" content=\"index, follow, max-snippet:-1, max-image-preview:large, max-video-preview:-1\" \/>\n<link rel=\"canonical\" href=\"https:\/\/fuentesfidedignas.com.mx\/index.php\/2022\/04\/18\/autoridades-de-culiacan-reportan-saldo-blanco-en-esta-semana-santa-2022\/\" \/>\n<meta property=\"og:locale\" content=\"es_MX\" \/>\n<meta property=\"og:type\" content=\"article\" \/>\n<meta property=\"og:title\" content=\"Autoridades de Culiac\u00e1n reportan saldo blanco en esta Semana Santa 2022 - Fuentes Fidedignas\" \/>\n<meta property=\"og:description\" content=\"Si bien es cierto, se registraron peque\u00f1os incidentes, no hubo ninguno que pusiera en riesgo la vida de las personas Culiac\u00e1n, Sin. &#8211; En relaci\u00f3n al Operativo de Semana Santa 2022 llevado a cabo en lo concerniente a la Coordinaci\u00f3n de Protecci\u00f3n Civil Municipal, se se\u00f1ala que el resultado fue de saldo blanco. Al respecto, [&hellip;]\" \/>\n<meta property=\"og:url\" content=\"https:\/\/fuentesfidedignas.com.mx\/index.php\/2022\/04\/18\/autoridades-de-culiacan-reportan-saldo-blanco-en-esta-semana-santa-2022\/\" \/>\n<meta property=\"og:site_name\" content=\"Fuentes Fidedignas\" \/>\n<meta property=\"article:publisher\" content=\"https:\/\/www.facebook.com\/Fuentes-Fidedignas-368234489921644\" \/>\n<meta property=\"article:published_time\" content=\"2022-04-18T17:36:33+00:00\" \/>\n<meta property=\"article:modified_time\" content=\"2022-04-18T18:44:14+00:00\" \/>\n<meta property=\"og:image\" content=\"https:\/\/fuentesfidedignas.com.mx\/wp-content\/uploads\/2022\/04\/AYUNTAMIENTO_CLN.jpg\" \/>\n\t<meta property=\"og:image:width\" content=\"1600\" \/>\n\t<meta property=\"og:image:height\" content=\"1200\" \/>\n\t<meta property=\"og:image:type\" content=\"image\/jpeg\" \/>\n<meta name=\"author\" content=\"Redacci\u00f3n\" \/>\n<meta name=\"twitter:card\" content=\"summary_large_image\" \/>\n<meta name=\"twitter:creator\" content=\"@fidedignas\" \/>\n<meta name=\"twitter:site\" content=\"@fidedignas\" \/>\n<meta name=\"twitter:label1\" content=\"Escrito por\" \/>\n\t<meta name=\"twitter:data1\" content=\"Redacci\u00f3n\" \/>\n\t<meta name=\"twitter:label2\" content=\"Tiempo de lectura\" \/>\n\t<meta name=\"twitter:data2\" content=\"2 minutos\" \/>\n<script type=\"application\/ld+json\" class=\"yoast-schema-graph\">{\"@context\":\"https:\\\/\\\/schema.org\",\"@graph\":[{\"@type\":\"Article\",\"@id\":\"https:\\\/\\\/fuentesfidedignas.com.mx\\\/index.php\\\/2022\\\/04\\\/18\\\/autoridades-de-culiacan-reportan-saldo-blanco-en-esta-semana-santa-2022\\\/#article\",\"isPartOf\":{\"@id\":\"https:\\\/\\\/fuentesfidedignas.com.mx\\\/index.php\\\/2022\\\/04\\\/18\\\/autoridades-de-culiacan-reportan-saldo-blanco-en-esta-semana-santa-2022\\\/\"},\"author\":{\"name\":\"Redacci\u00f3n\",\"@id\":\"https:\\\/\\\/fuentesfidedignas.com.mx\\\/#\\\/schema\\\/person\\\/331be9283d37198e2acd5750279085b0\"},\"headline\":\"Autoridades de Culiac\u00e1n reportan saldo blanco en esta Semana Santa 2022\",\"datePublished\":\"2022-04-18T17:36:33+00:00\",\"dateModified\":\"2022-04-18T18:44:14+00:00\",\"mainEntityOfPage\":{\"@id\":\"https:\\\/\\\/fuentesfidedignas.com.mx\\\/index.php\\\/2022\\\/04\\\/18\\\/autoridades-de-culiacan-reportan-saldo-blanco-en-esta-semana-santa-2022\\\/\"},\"wordCount\":254,\"commentCount\":0,\"publisher\":{\"@id\":\"https:\\\/\\\/fuentesfidedignas.com.mx\\\/#organization\"},\"image\":{\"@id\":\"https:\\\/\\\/fuentesfidedignas.com.mx\\\/index.php\\\/2022\\\/04\\\/18\\\/autoridades-de-culiacan-reportan-saldo-blanco-en-esta-semana-santa-2022\\\/#primaryimage\"},\"thumbnailUrl\":\"https:\\\/\\\/fuentesfidedignas.com.mx\\\/wp-content\\\/uploads\\\/2022\\\/04\\\/AYUNTAMIENTO_CLN.jpg\",\"keywords\":[\"Ayuntamiento de Culiac\u00e1n\",\"Culiac\u00e1n\",\"Semana Santa\",\"Vacaciones\"],\"articleSection\":[\"NOTICIAS LOCALES\"],\"inLanguage\":\"es\",\"potentialAction\":[{\"@type\":\"CommentAction\",\"name\":\"Comment\",\"target\":[\"https:\\\/\\\/fuentesfidedignas.com.mx\\\/index.php\\\/2022\\\/04\\\/18\\\/autoridades-de-culiacan-reportan-saldo-blanco-en-esta-semana-santa-2022\\\/#respond\"]}]},{\"@type\":\"WebPage\",\"@id\":\"https:\\\/\\\/fuentesfidedignas.com.mx\\\/index.php\\\/2022\\\/04\\\/18\\\/autoridades-de-culiacan-reportan-saldo-blanco-en-esta-semana-santa-2022\\\/\",\"url\":\"https:\\\/\\\/fuentesfidedignas.com.mx\\\/index.php\\\/2022\\\/04\\\/18\\\/autoridades-de-culiacan-reportan-saldo-blanco-en-esta-semana-santa-2022\\\/\",\"name\":\"Autoridades de Culiac\u00e1n reportan saldo blanco en esta Semana Santa 2022 - Fuentes Fidedignas\",\"isPartOf\":{\"@id\":\"https:\\\/\\\/fuentesfidedignas.com.mx\\\/#website\"},\"primaryImageOfPage\":{\"@id\":\"https:\\\/\\\/fuentesfidedignas.com.mx\\\/index.php\\\/2022\\\/04\\\/18\\\/autoridades-de-culiacan-reportan-saldo-blanco-en-esta-semana-santa-2022\\\/#primaryimage\"},\"image\":{\"@id\":\"https:\\\/\\\/fuentesfidedignas.com.mx\\\/index.php\\\/2022\\\/04\\\/18\\\/autoridades-de-culiacan-reportan-saldo-blanco-en-esta-semana-santa-2022\\\/#primaryimage\"},\"thumbnailUrl\":\"https:\\\/\\\/fuentesfidedignas.com.mx\\\/wp-content\\\/uploads\\\/2022\\\/04\\\/AYUNTAMIENTO_CLN.jpg\",\"datePublished\":\"2022-04-18T17:36:33+00:00\",\"dateModified\":\"2022-04-18T18:44:14+00:00\",\"breadcrumb\":{\"@id\":\"https:\\\/\\\/fuentesfidedignas.com.mx\\\/index.php\\\/2022\\\/04\\\/18\\\/autoridades-de-culiacan-reportan-saldo-blanco-en-esta-semana-santa-2022\\\/#breadcrumb\"},\"inLanguage\":\"es\",\"potentialAction\":[{\"@type\":\"ReadAction\",\"target\":[\"https:\\\/\\\/fuentesfidedignas.com.mx\\\/index.php\\\/2022\\\/04\\\/18\\\/autoridades-de-culiacan-reportan-saldo-blanco-en-esta-semana-santa-2022\\\/\"]}]},{\"@type\":\"ImageObject\",\"inLanguage\":\"es\",\"@id\":\"https:\\\/\\\/fuentesfidedignas.com.mx\\\/index.php\\\/2022\\\/04\\\/18\\\/autoridades-de-culiacan-reportan-saldo-blanco-en-esta-semana-santa-2022\\\/#primaryimage\",\"url\":\"https:\\\/\\\/fuentesfidedignas.com.mx\\\/wp-content\\\/uploads\\\/2022\\\/04\\\/AYUNTAMIENTO_CLN.jpg\",\"contentUrl\":\"https:\\\/\\\/fuentesfidedignas.com.mx\\\/wp-content\\\/uploads\\\/2022\\\/04\\\/AYUNTAMIENTO_CLN.jpg\",\"width\":1600,\"height\":1200},{\"@type\":\"BreadcrumbList\",\"@id\":\"https:\\\/\\\/fuentesfidedignas.com.mx\\\/index.php\\\/2022\\\/04\\\/18\\\/autoridades-de-culiacan-reportan-saldo-blanco-en-esta-semana-santa-2022\\\/#breadcrumb\",\"itemListElement\":[{\"@type\":\"ListItem\",\"position\":1,\"name\":\"Inicio\",\"item\":\"https:\\\/\\\/fuentesfidedignas.com.mx\\\/\"},{\"@type\":\"ListItem\",\"position\":2,\"name\":\"Autoridades de Culiac\u00e1n reportan saldo blanco en esta Semana Santa 2022\"}]},{\"@type\":\"WebSite\",\"@id\":\"https:\\\/\\\/fuentesfidedignas.com.mx\\\/#website\",\"url\":\"https:\\\/\\\/fuentesfidedignas.com.mx\\\/\",\"name\":\"Fuentes Fidedignas\",\"description\":\"Otro sitio realizado con WordPress\",\"publisher\":{\"@id\":\"https:\\\/\\\/fuentesfidedignas.com.mx\\\/#organization\"},\"potentialAction\":[{\"@type\":\"SearchAction\",\"target\":{\"@type\":\"EntryPoint\",\"urlTemplate\":\"https:\\\/\\\/fuentesfidedignas.com.mx\\\/?s={search_term_string}\"},\"query-input\":{\"@type\":\"PropertyValueSpecification\",\"valueRequired\":true,\"valueName\":\"search_term_string\"}}],\"inLanguage\":\"es\"},{\"@type\":\"Organization\",\"@id\":\"https:\\\/\\\/fuentesfidedignas.com.mx\\\/#organization\",\"name\":\"Fuentes Fidedignas\",\"url\":\"https:\\\/\\\/fuentesfidedignas.com.mx\\\/\",\"logo\":{\"@type\":\"ImageObject\",\"inLanguage\":\"es\",\"@id\":\"https:\\\/\\\/fuentesfidedignas.com.mx\\\/#\\\/schema\\\/logo\\\/image\\\/\",\"url\":\"https:\\\/\\\/fuentesfidedignas.com.mx\\\/wp-content\\\/uploads\\\/2021\\\/04\\\/logo-retina.png\",\"contentUrl\":\"https:\\\/\\\/fuentesfidedignas.com.mx\\\/wp-content\\\/uploads\\\/2021\\\/04\\\/logo-retina.png\",\"width\":280,\"height\":51,\"caption\":\"Fuentes Fidedignas\"},\"image\":{\"@id\":\"https:\\\/\\\/fuentesfidedignas.com.mx\\\/#\\\/schema\\\/logo\\\/image\\\/\"},\"sameAs\":[\"https:\\\/\\\/www.facebook.com\\\/Fuentes-Fidedignas-368234489921644\",\"https:\\\/\\\/x.com\\\/fidedignas\"]},{\"@type\":\"Person\",\"@id\":\"https:\\\/\\\/fuentesfidedignas.com.mx\\\/#\\\/schema\\\/person\\\/331be9283d37198e2acd5750279085b0\",\"name\":\"Redacci\u00f3n\",\"image\":{\"@type\":\"ImageObject\",\"inLanguage\":\"es\",\"@id\":\"https:\\\/\\\/secure.gravatar.com\\\/avatar\\\/f6d8782c11d12b2d4ad3fbb6931aeab5309937a4d6cd2fc9cfaa28a6396a5aec?s=96&d=mm&r=g\",\"url\":\"https:\\\/\\\/secure.gravatar.com\\\/avatar\\\/f6d8782c11d12b2d4ad3fbb6931aeab5309937a4d6cd2fc9cfaa28a6396a5aec?s=96&d=mm&r=g\",\"contentUrl\":\"https:\\\/\\\/secure.gravatar.com\\\/avatar\\\/f6d8782c11d12b2d4ad3fbb6931aeab5309937a4d6cd2fc9cfaa28a6396a5aec?s=96&d=mm&r=g\",\"caption\":\"Redacci\u00f3n\"},\"url\":\"https:\\\/\\\/fuentesfidedignas.com.mx\\\/index.php\\\/author\\\/redaccion\\\/\"}]}<\/script>\n<!-- \/ Yoast SEO plugin. -->","yoast_head_json":{"title":"Autoridades de Culiac\u00e1n reportan saldo blanco en esta Semana Santa 2022 - Fuentes Fidedignas","robots":{"index":"index","follow":"follow","max-snippet":"max-snippet:-1","max-image-preview":"max-image-preview:large","max-video-preview":"max-video-preview:-1"},"canonical":"https:\/\/fuentesfidedignas.com.mx\/index.php\/2022\/04\/18\/autoridades-de-culiacan-reportan-saldo-blanco-en-esta-semana-santa-2022\/","og_locale":"es_MX","og_type":"article","og_title":"Autoridades de Culiac\u00e1n reportan saldo blanco en esta Semana Santa 2022 - Fuentes Fidedignas","og_description":"Si bien es cierto, se registraron peque\u00f1os incidentes, no hubo ninguno que pusiera en riesgo la vida de las personas Culiac\u00e1n, Sin. &#8211; En relaci\u00f3n al Operativo de Semana Santa 2022 llevado a cabo en lo concerniente a la Coordinaci\u00f3n de Protecci\u00f3n Civil Municipal, se se\u00f1ala que el resultado fue de saldo blanco. Al respecto, [&hellip;]","og_url":"https:\/\/fuentesfidedignas.com.mx\/index.php\/2022\/04\/18\/autoridades-de-culiacan-reportan-saldo-blanco-en-esta-semana-santa-2022\/","og_site_name":"Fuentes Fidedignas","article_publisher":"https:\/\/www.facebook.com\/Fuentes-Fidedignas-368234489921644","article_published_time":"2022-04-18T17:36:33+00:00","article_modified_time":"2022-04-18T18:44:14+00:00","og_image":[{"width":1600,"height":1200,"url":"https:\/\/fuentesfidedignas.com.mx\/wp-content\/uploads\/2022\/04\/AYUNTAMIENTO_CLN.jpg","type":"image\/jpeg"}],"author":"Redacci\u00f3n","twitter_card":"summary_large_image","twitter_creator":"@fidedignas","twitter_site":"@fidedignas","twitter_misc":{"Escrito por":"Redacci\u00f3n","Tiempo de lectura":"2 minutos"},"schema":{"@context":"https:\/\/schema.org","@graph":[{"@type":"Article","@id":"https:\/\/fuentesfidedignas.com.mx\/index.php\/2022\/04\/18\/autoridades-de-culiacan-reportan-saldo-blanco-en-esta-semana-santa-2022\/#article","isPartOf":{"@id":"https:\/\/fuentesfidedignas.com.mx\/index.php\/2022\/04\/18\/autoridades-de-culiacan-reportan-saldo-blanco-en-esta-semana-santa-2022\/"},"author":{"name":"Redacci\u00f3n","@id":"https:\/\/fuentesfidedignas.com.mx\/#\/schema\/person\/331be9283d37198e2acd5750279085b0"},"headline":"Autoridades de Culiac\u00e1n reportan saldo blanco en esta Semana Santa 2022","datePublished":"2022-04-18T17:36:33+00:00","dateModified":"2022-04-18T18:44:14+00:00","mainEntityOfPage":{"@id":"https:\/\/fuentesfidedignas.com.mx\/index.php\/2022\/04\/18\/autoridades-de-culiacan-reportan-saldo-blanco-en-esta-semana-santa-2022\/"},"wordCount":254,"commentCount":0,"publisher":{"@id":"https:\/\/fuentesfidedignas.com.mx\/#organization"},"image":{"@id":"https:\/\/fuentesfidedignas.com.mx\/index.php\/2022\/04\/18\/autoridades-de-culiacan-reportan-saldo-blanco-en-esta-semana-santa-2022\/#primaryimage"},"thumbnailUrl":"https:\/\/fuentesfidedignas.com.mx\/wp-content\/uploads\/2022\/04\/AYUNTAMIENTO_CLN.jpg","keywords":["Ayuntamiento de Culiac\u00e1n","Culiac\u00e1n","Semana Santa","Vacaciones"],"articleSection":["NOTICIAS LOCALES"],"inLanguage":"es","potentialAction":[{"@type":"CommentAction","name":"Comment","target":["https:\/\/fuentesfidedignas.com.mx\/index.php\/2022\/04\/18\/autoridades-de-culiacan-reportan-saldo-blanco-en-esta-semana-santa-2022\/#respond"]}]},{"@type":"WebPage","@id":"https:\/\/fuentesfidedignas.com.mx\/index.php\/2022\/04\/18\/autoridades-de-culiacan-reportan-saldo-blanco-en-esta-semana-santa-2022\/","url":"https:\/\/fuentesfidedignas.com.mx\/index.php\/2022\/04\/18\/autoridades-de-culiacan-reportan-saldo-blanco-en-esta-semana-santa-2022\/","name":"Autoridades de Culiac\u00e1n reportan saldo blanco en esta Semana Santa 2022 - Fuentes Fidedignas","isPartOf":{"@id":"https:\/\/fuentesfidedignas.com.mx\/#website"},"primaryImageOfPage":{"@id":"https:\/\/fuentesfidedignas.com.mx\/index.php\/2022\/04\/18\/autoridades-de-culiacan-reportan-saldo-blanco-en-esta-semana-santa-2022\/#primaryimage"},"image":{"@id":"https:\/\/fuentesfidedignas.com.mx\/index.php\/2022\/04\/18\/autoridades-de-culiacan-reportan-saldo-blanco-en-esta-semana-santa-2022\/#primaryimage"},"thumbnailUrl":"https:\/\/fuentesfidedignas.com.mx\/wp-content\/uploads\/2022\/04\/AYUNTAMIENTO_CLN.jpg","datePublished":"2022-04-18T17:36:33+00:00","dateModified":"2022-04-18T18:44:14+00:00","breadcrumb":{"@id":"https:\/\/fuentesfidedignas.com.mx\/index.php\/2022\/04\/18\/autoridades-de-culiacan-reportan-saldo-blanco-en-esta-semana-santa-2022\/#breadcrumb"},"inLanguage":"es","potentialAction":[{"@type":"ReadAction","target":["https:\/\/fuentesfidedignas.com.mx\/index.php\/2022\/04\/18\/autoridades-de-culiacan-reportan-saldo-blanco-en-esta-semana-santa-2022\/"]}]},{"@type":"ImageObject","inLanguage":"es","@id":"https:\/\/fuentesfidedignas.com.mx\/index.php\/2022\/04\/18\/autoridades-de-culiacan-reportan-saldo-blanco-en-esta-semana-santa-2022\/#primaryimage","url":"https:\/\/fuentesfidedignas.com.mx\/wp-content\/uploads\/2022\/04\/AYUNTAMIENTO_CLN.jpg","contentUrl":"https:\/\/fuentesfidedignas.com.mx\/wp-content\/uploads\/2022\/04\/AYUNTAMIENTO_CLN.jpg","width":1600,"height":1200},{"@type":"BreadcrumbList","@id":"https:\/\/fuentesfidedignas.com.mx\/index.php\/2022\/04\/18\/autoridades-de-culiacan-reportan-saldo-blanco-en-esta-semana-santa-2022\/#breadcrumb","itemListElement":[{"@type":"ListItem","position":1,"name":"Inicio","item":"https:\/\/fuentesfidedignas.com.mx\/"},{"@type":"ListItem","position":2,"name":"Autoridades de Culiac\u00e1n reportan saldo blanco en esta Semana Santa 2022"}]},{"@type":"WebSite","@id":"https:\/\/fuentesfidedignas.com.mx\/#website","url":"https:\/\/fuentesfidedignas.com.mx\/","name":"Fuentes Fidedignas","description":"Otro sitio realizado con WordPress","publisher":{"@id":"https:\/\/fuentesfidedignas.com.mx\/#organization"},"potentialAction":[{"@type":"SearchAction","target":{"@type":"EntryPoint","urlTemplate":"https:\/\/fuentesfidedignas.com.mx\/?s={search_term_string}"},"query-input":{"@type":"PropertyValueSpecification","valueRequired":true,"valueName":"search_term_string"}}],"inLanguage":"es"},{"@type":"Organization","@id":"https:\/\/fuentesfidedignas.com.mx\/#organization","name":"Fuentes Fidedignas","url":"https:\/\/fuentesfidedignas.com.mx\/","logo":{"@type":"ImageObject","inLanguage":"es","@id":"https:\/\/fuentesfidedignas.com.mx\/#\/schema\/logo\/image\/","url":"https:\/\/fuentesfidedignas.com.mx\/wp-content\/uploads\/2021\/04\/logo-retina.png","contentUrl":"https:\/\/fuentesfidedignas.com.mx\/wp-content\/uploads\/2021\/04\/logo-retina.png","width":280,"height":51,"caption":"Fuentes Fidedignas"},"image":{"@id":"https:\/\/fuentesfidedignas.com.mx\/#\/schema\/logo\/image\/"},"sameAs":["https:\/\/www.facebook.com\/Fuentes-Fidedignas-368234489921644","https:\/\/x.com\/fidedignas"]},{"@type":"Person","@id":"https:\/\/fuentesfidedignas.com.mx\/#\/schema\/person\/331be9283d37198e2acd5750279085b0","name":"Redacci\u00f3n","image":{"@type":"ImageObject","inLanguage":"es","@id":"https:\/\/secure.gravatar.com\/avatar\/f6d8782c11d12b2d4ad3fbb6931aeab5309937a4d6cd2fc9cfaa28a6396a5aec?s=96&d=mm&r=g","url":"https:\/\/secure.gravatar.com\/avatar\/f6d8782c11d12b2d4ad3fbb6931aeab5309937a4d6cd2fc9cfaa28a6396a5aec?s=96&d=mm&r=g","contentUrl":"https:\/\/secure.gravatar.com\/avatar\/f6d8782c11d12b2d4ad3fbb6931aeab5309937a4d6cd2fc9cfaa28a6396a5aec?s=96&d=mm&r=g","caption":"Redacci\u00f3n"},"url":"https:\/\/fuentesfidedignas.com.mx\/index.php\/author\/redaccion\/"}]}},"_links":{"self":[{"href":"https:\/\/fuentesfidedignas.com.mx\/index.php\/wp-json\/wp\/v2\/posts\/28532","targetHints":{"allow":["GET"]}}],"collection":[{"href":"https:\/\/fuentesfidedignas.com.mx\/index.php\/wp-json\/wp\/v2\/posts"}],"about":[{"href":"https:\/\/fuentesfidedignas.com.mx\/index.php\/wp-json\/wp\/v2\/types\/post"}],"author":[{"embeddable":true,"href":"https:\/\/fuentesfidedignas.com.mx\/index.php\/wp-json\/wp\/v2\/users\/4"}],"replies":[{"embeddable":true,"href":"https:\/\/fuentesfidedignas.com.mx\/index.php\/wp-json\/wp\/v2\/comments?post=28532"}],"version-history":[{"count":2,"href":"https:\/\/fuentesfidedignas.com.mx\/index.php\/wp-json\/wp\/v2\/posts\/28532\/revisions"}],"predecessor-version":[{"id":28535,"href":"https:\/\/fuentesfidedignas.com.mx\/index.php\/wp-json\/wp\/v2\/posts\/28532\/revisions\/28535"}],"wp:featuredmedia":[{"embeddable":true,"href":"https:\/\/fuentesfidedignas.com.mx\/index.php\/wp-json\/wp\/v2\/media\/28533"}],"wp:attachment":[{"href":"https:\/\/fuentesfidedignas.com.mx\/index.php\/wp-json\/wp\/v2\/media?parent=28532"}],"wp:term":[{"taxonomy":"category","embeddable":true,"href":"https:\/\/fuentesfidedignas.com.mx\/index.php\/wp-json\/wp\/v2\/categories?post=28532"},{"taxonomy":"post_tag","embeddable":true,"href":"https:\/\/fuentesfidedignas.com.mx\/index.php\/wp-json\/wp\/v2\/tags?post=28532"}],"curies":[{"name":"wp","href":"https:\/\/api.w.org\/{rel}","templated":true}]}}