{"id":28524,"date":"2022-04-18T09:37:32","date_gmt":"2022-04-18T16:37:32","guid":{"rendered":"https:\/\/fuentesfidedignas.com.mx\/?p=28524"},"modified":"2022-04-18T09:37:33","modified_gmt":"2022-04-18T16:37:33","slug":"matamos-a-los-ninos-porque-nos-vieron-confiesan-autores-de-masacre-de-tultepec","status":"publish","type":"post","link":"https:\/\/fuentesfidedignas.com.mx\/index.php\/2022\/04\/18\/matamos-a-los-ninos-porque-nos-vieron-confiesan-autores-de-masacre-de-tultepec\/","title":{"rendered":"\u201cMatamos a los ni\u00f1os porque nos vieron\u201d; confiesan autores de masacre de Tultepec"},"content":{"rendered":"\n<p><strong><em>Fiscal\u00eda detalla que los implicados en el homicidio de los ocho integrantes de la familia iban muy drogados; en total suman nueve detenidos por los hechos<\/em><\/strong><\/p>\n\n\n\n<p>Tultepec, M\u00e9x.\u2014 Los Rikis iban drogados cuando ingresaron a la casa de do\u00f1a Rosa y la acribillaron junto a sus dos hijas y sus cuatro nietos, cuando s\u00f3lo iban por Jonathan, pues \u201clos ni\u00f1os nos vieron\u201d, afirmaron los detenidos, revelaron autoridades de la Fiscal\u00eda General de Justicia del Estado de M\u00e9xico (FGJEM).<\/p>\n\n\n\n<p>En total son nueve detenidos, ratificaron funcionarios de la fiscal\u00eda, tras el asesinato de una familia la madrugada del 11 de abril en la colonia La Ca\u00f1ada, encabezados por Ricky \u00c1ngel, de 30 a\u00f1os, y Jonathan Iv\u00e1n, apodado el G\u00fcero Simpson, de 32; V\u00edctor Manuel, de 53; Juan Jes\u00fas o Juan Jos\u00e9, de 22; Jorge Antonio, de 32; Neri Dayami, de 21; Jos\u00e9 Luis, de 23, y dos menores de edad.<\/p>\n\n\n\n<p>Los detenidos viven tanto en Tultepec como en el municipio vecino de Melchor Ocampo, en la zona lim\u00edtrofe donde ocurri\u00f3 el homicidio de mujeres, ni\u00f1as y un ni\u00f1o.<\/p>\n\n\n\n<p>De ellos, al menos seis participaron de forma directa en el multihomicidio, pues hay constancia de que a la casa ubicada en cerrada Mazahua, llegaron tres motocicletas con dos sujetos en cada una, es decir, los agresores fueron seis, se\u00f1alaron autoridades de la FGJEM.<\/p>\n\n\n\n<p>Antes de ingresar al domicilio, los detenidos consumieron drogas \u201cal tope\u201d, por lo que actuaron muy drogados y argumentaron que las ni\u00f1as y el ni\u00f1o los hab\u00edan visto, por lo que tambi\u00e9n los acribillaron, informaron autoridades de la fiscal\u00eda mexiquense.<\/p>\n\n\n\n<p>No obstante, ser\u00e1 en las pr\u00f3ximas horas cuando el Ministerio P\u00fablico y un juez decidan si hay elementos para vincular a los nueve detenidos por el homicidio de la familia de La Ca\u00f1ada, aunque todos podr\u00edan ser vinculados por delitos contra la salud, por la droga que tra\u00edan cuando fueron detenidos, indicaron autoridades de la fiscal\u00eda estatal.<\/p>\n\n\n\n<p>Ricky \u00c1ngel, quien habr\u00eda ordenado la ejecuci\u00f3n, es un joven \u201cmuy violento\u201d, quien adem\u00e1s ten\u00eda \u00f3rdenes de aprehensi\u00f3n por dos homicidios ocurridos en 2021, agregaron.<\/p>\n\n\n\n<p>Los Rikis son una banda emergente de narcomenudistas que operaban en Tultepec, Tultitl\u00e1n, Melchor Ocampo, Cuautitl\u00e1n y Zumpango, que en teor\u00eda no manejaban grandes vol\u00famenes de droga, usaban armas cortas en asaltos violentos y habr\u00edan actuado de forma sanguinaria al ejecutar a ocho personas, detallaron.<\/p>\n\n\n\n<p><strong>Narcomenudeo, al alza<\/strong><br>En Tultepec, entre enero y febrero de este a\u00f1o, se denunciaron 45 robos con violencia a personas en la v\u00eda p\u00fablica, cuando el a\u00f1o anterior ese delito fue de cero denuncias en el primer bimestre, de acuerdo con la estad\u00edstica del Secretariado Ejecutivo del Sistema Nacional de Seguridad P\u00fablica (SESNSP).<\/p>\n\n\n\n<p>El narcomenudeo registr\u00f3 nueve denuncias en el primer bimestre de este a\u00f1o, cuando en 2021 hubo cinco en Tultepec, de acuerdo con el secretariado.<\/p>\n\n\n\n<p>En el pa\u00eds, entre enero y febrero, se registraron 14 mil 718 denuncias por narcomenudeo, cuando un a\u00f1o antes en el mismo lapso hubo 14 mil 487.<\/p>\n\n\n\n<p>En el Edomex las denuncias por ese delito en enero y febrero de este a\u00f1o sumaron 617; mientras que en el mismo lapso del a\u00f1o anterior fueron 579.<\/p>\n\n\n\n<p><\/p>\n","protected":false},"excerpt":{"rendered":"<p>Fiscal\u00eda detalla que los implicados en el homicidio de los ocho integrantes de la familia iban muy drogados; en total suman nueve detenidos por los hechos Tultepec, M\u00e9x.\u2014 Los Rikis iban drogados cuando ingresaron a la casa de do\u00f1a Rosa y la acribillaron junto a sus dos hijas y sus cuatro nietos, cuando s\u00f3lo iban [&hellip;]<\/p>\n","protected":false},"author":39,"featured_media":28525,"comment_status":"open","ping_status":"open","sticky":false,"template":"","format":"standard","meta":{"tdm_status":"","tdm_grid_status":"","footnotes":""},"categories":[39],"tags":[],"class_list":{"0":"post-28524","1":"post","2":"type-post","3":"status-publish","4":"format-standard","5":"has-post-thumbnail","7":"category-noticias-nacionales"},"yoast_head":"<!-- This site is optimized with the Yoast SEO plugin v27.5 - https:\/\/yoast.com\/product\/yoast-seo-wordpress\/ -->\n<title>\u201cMatamos a los ni\u00f1os porque nos vieron\u201d; confiesan autores de masacre de Tultepec - Fuentes Fidedignas<\/title>\n<meta name=\"robots\" content=\"index, follow, max-snippet:-1, max-image-preview:large, max-video-preview:-1\" \/>\n<link rel=\"canonical\" href=\"https:\/\/fuentesfidedignas.com.mx\/index.php\/2022\/04\/18\/matamos-a-los-ninos-porque-nos-vieron-confiesan-autores-de-masacre-de-tultepec\/\" \/>\n<meta property=\"og:locale\" content=\"es_MX\" \/>\n<meta property=\"og:type\" content=\"article\" \/>\n<meta property=\"og:title\" content=\"\u201cMatamos a los ni\u00f1os porque nos vieron\u201d; confiesan autores de masacre de Tultepec - Fuentes Fidedignas\" \/>\n<meta property=\"og:description\" content=\"Fiscal\u00eda detalla que los implicados en el homicidio de los ocho integrantes de la familia iban muy drogados; en total suman nueve detenidos por los hechos Tultepec, M\u00e9x.\u2014 Los Rikis iban drogados cuando ingresaron a la casa de do\u00f1a Rosa y la acribillaron junto a sus dos hijas y sus cuatro nietos, cuando s\u00f3lo iban [&hellip;]\" \/>\n<meta property=\"og:url\" content=\"https:\/\/fuentesfidedignas.com.mx\/index.php\/2022\/04\/18\/matamos-a-los-ninos-porque-nos-vieron-confiesan-autores-de-masacre-de-tultepec\/\" \/>\n<meta property=\"og:site_name\" content=\"Fuentes Fidedignas\" \/>\n<meta property=\"article:publisher\" content=\"https:\/\/www.facebook.com\/Fuentes-Fidedignas-368234489921644\" \/>\n<meta property=\"article:published_time\" content=\"2022-04-18T16:37:32+00:00\" \/>\n<meta property=\"article:modified_time\" content=\"2022-04-18T16:37:33+00:00\" \/>\n<meta property=\"og:image\" content=\"https:\/\/fuentesfidedignas.com.mx\/wp-content\/uploads\/2022\/04\/12-casatultepec_137149703.jpg\" \/>\n\t<meta property=\"og:image:width\" content=\"1201\" \/>\n\t<meta property=\"og:image:height\" content=\"740\" \/>\n\t<meta property=\"og:image:type\" content=\"image\/jpeg\" \/>\n<meta name=\"author\" content=\"El Universal\" \/>\n<meta name=\"twitter:card\" content=\"summary_large_image\" \/>\n<meta name=\"twitter:creator\" content=\"@fidedignas\" \/>\n<meta name=\"twitter:site\" content=\"@fidedignas\" \/>\n<meta name=\"twitter:label1\" content=\"Escrito por\" \/>\n\t<meta name=\"twitter:data1\" content=\"El Universal\" \/>\n\t<meta name=\"twitter:label2\" content=\"Tiempo de lectura\" \/>\n\t<meta name=\"twitter:data2\" content=\"3 minutos\" \/>\n<script type=\"application\/ld+json\" class=\"yoast-schema-graph\">{\"@context\":\"https:\\\/\\\/schema.org\",\"@graph\":[{\"@type\":\"Article\",\"@id\":\"https:\\\/\\\/fuentesfidedignas.com.mx\\\/index.php\\\/2022\\\/04\\\/18\\\/matamos-a-los-ninos-porque-nos-vieron-confiesan-autores-de-masacre-de-tultepec\\\/#article\",\"isPartOf\":{\"@id\":\"https:\\\/\\\/fuentesfidedignas.com.mx\\\/index.php\\\/2022\\\/04\\\/18\\\/matamos-a-los-ninos-porque-nos-vieron-confiesan-autores-de-masacre-de-tultepec\\\/\"},\"author\":{\"name\":\"El Universal\",\"@id\":\"https:\\\/\\\/fuentesfidedignas.com.mx\\\/#\\\/schema\\\/person\\\/fee3882e65fd0510d292c43a346d35d7\"},\"headline\":\"\u201cMatamos a los ni\u00f1os porque nos vieron\u201d; confiesan autores de masacre de Tultepec\",\"datePublished\":\"2022-04-18T16:37:32+00:00\",\"dateModified\":\"2022-04-18T16:37:33+00:00\",\"mainEntityOfPage\":{\"@id\":\"https:\\\/\\\/fuentesfidedignas.com.mx\\\/index.php\\\/2022\\\/04\\\/18\\\/matamos-a-los-ninos-porque-nos-vieron-confiesan-autores-de-masacre-de-tultepec\\\/\"},\"wordCount\":567,\"commentCount\":0,\"publisher\":{\"@id\":\"https:\\\/\\\/fuentesfidedignas.com.mx\\\/#organization\"},\"image\":{\"@id\":\"https:\\\/\\\/fuentesfidedignas.com.mx\\\/index.php\\\/2022\\\/04\\\/18\\\/matamos-a-los-ninos-porque-nos-vieron-confiesan-autores-de-masacre-de-tultepec\\\/#primaryimage\"},\"thumbnailUrl\":\"https:\\\/\\\/fuentesfidedignas.com.mx\\\/wp-content\\\/uploads\\\/2022\\\/04\\\/12-casatultepec_137149703.jpg\",\"articleSection\":[\"NOTICIAS NACIONALES\"],\"inLanguage\":\"es\",\"potentialAction\":[{\"@type\":\"CommentAction\",\"name\":\"Comment\",\"target\":[\"https:\\\/\\\/fuentesfidedignas.com.mx\\\/index.php\\\/2022\\\/04\\\/18\\\/matamos-a-los-ninos-porque-nos-vieron-confiesan-autores-de-masacre-de-tultepec\\\/#respond\"]}]},{\"@type\":\"WebPage\",\"@id\":\"https:\\\/\\\/fuentesfidedignas.com.mx\\\/index.php\\\/2022\\\/04\\\/18\\\/matamos-a-los-ninos-porque-nos-vieron-confiesan-autores-de-masacre-de-tultepec\\\/\",\"url\":\"https:\\\/\\\/fuentesfidedignas.com.mx\\\/index.php\\\/2022\\\/04\\\/18\\\/matamos-a-los-ninos-porque-nos-vieron-confiesan-autores-de-masacre-de-tultepec\\\/\",\"name\":\"\u201cMatamos a los ni\u00f1os porque nos vieron\u201d; confiesan autores de masacre de Tultepec - Fuentes Fidedignas\",\"isPartOf\":{\"@id\":\"https:\\\/\\\/fuentesfidedignas.com.mx\\\/#website\"},\"primaryImageOfPage\":{\"@id\":\"https:\\\/\\\/fuentesfidedignas.com.mx\\\/index.php\\\/2022\\\/04\\\/18\\\/matamos-a-los-ninos-porque-nos-vieron-confiesan-autores-de-masacre-de-tultepec\\\/#primaryimage\"},\"image\":{\"@id\":\"https:\\\/\\\/fuentesfidedignas.com.mx\\\/index.php\\\/2022\\\/04\\\/18\\\/matamos-a-los-ninos-porque-nos-vieron-confiesan-autores-de-masacre-de-tultepec\\\/#primaryimage\"},\"thumbnailUrl\":\"https:\\\/\\\/fuentesfidedignas.com.mx\\\/wp-content\\\/uploads\\\/2022\\\/04\\\/12-casatultepec_137149703.jpg\",\"datePublished\":\"2022-04-18T16:37:32+00:00\",\"dateModified\":\"2022-04-18T16:37:33+00:00\",\"breadcrumb\":{\"@id\":\"https:\\\/\\\/fuentesfidedignas.com.mx\\\/index.php\\\/2022\\\/04\\\/18\\\/matamos-a-los-ninos-porque-nos-vieron-confiesan-autores-de-masacre-de-tultepec\\\/#breadcrumb\"},\"inLanguage\":\"es\",\"potentialAction\":[{\"@type\":\"ReadAction\",\"target\":[\"https:\\\/\\\/fuentesfidedignas.com.mx\\\/index.php\\\/2022\\\/04\\\/18\\\/matamos-a-los-ninos-porque-nos-vieron-confiesan-autores-de-masacre-de-tultepec\\\/\"]}]},{\"@type\":\"ImageObject\",\"inLanguage\":\"es\",\"@id\":\"https:\\\/\\\/fuentesfidedignas.com.mx\\\/index.php\\\/2022\\\/04\\\/18\\\/matamos-a-los-ninos-porque-nos-vieron-confiesan-autores-de-masacre-de-tultepec\\\/#primaryimage\",\"url\":\"https:\\\/\\\/fuentesfidedignas.com.mx\\\/wp-content\\\/uploads\\\/2022\\\/04\\\/12-casatultepec_137149703.jpg\",\"contentUrl\":\"https:\\\/\\\/fuentesfidedignas.com.mx\\\/wp-content\\\/uploads\\\/2022\\\/04\\\/12-casatultepec_137149703.jpg\",\"width\":1201,\"height\":740},{\"@type\":\"BreadcrumbList\",\"@id\":\"https:\\\/\\\/fuentesfidedignas.com.mx\\\/index.php\\\/2022\\\/04\\\/18\\\/matamos-a-los-ninos-porque-nos-vieron-confiesan-autores-de-masacre-de-tultepec\\\/#breadcrumb\",\"itemListElement\":[{\"@type\":\"ListItem\",\"position\":1,\"name\":\"Inicio\",\"item\":\"https:\\\/\\\/fuentesfidedignas.com.mx\\\/\"},{\"@type\":\"ListItem\",\"position\":2,\"name\":\"\u201cMatamos a los ni\u00f1os porque nos vieron\u201d; confiesan autores de masacre de Tultepec\"}]},{\"@type\":\"WebSite\",\"@id\":\"https:\\\/\\\/fuentesfidedignas.com.mx\\\/#website\",\"url\":\"https:\\\/\\\/fuentesfidedignas.com.mx\\\/\",\"name\":\"Fuentes Fidedignas\",\"description\":\"Otro sitio realizado con WordPress\",\"publisher\":{\"@id\":\"https:\\\/\\\/fuentesfidedignas.com.mx\\\/#organization\"},\"potentialAction\":[{\"@type\":\"SearchAction\",\"target\":{\"@type\":\"EntryPoint\",\"urlTemplate\":\"https:\\\/\\\/fuentesfidedignas.com.mx\\\/?s={search_term_string}\"},\"query-input\":{\"@type\":\"PropertyValueSpecification\",\"valueRequired\":true,\"valueName\":\"search_term_string\"}}],\"inLanguage\":\"es\"},{\"@type\":\"Organization\",\"@id\":\"https:\\\/\\\/fuentesfidedignas.com.mx\\\/#organization\",\"name\":\"Fuentes Fidedignas\",\"url\":\"https:\\\/\\\/fuentesfidedignas.com.mx\\\/\",\"logo\":{\"@type\":\"ImageObject\",\"inLanguage\":\"es\",\"@id\":\"https:\\\/\\\/fuentesfidedignas.com.mx\\\/#\\\/schema\\\/logo\\\/image\\\/\",\"url\":\"https:\\\/\\\/fuentesfidedignas.com.mx\\\/wp-content\\\/uploads\\\/2021\\\/04\\\/logo-retina.png\",\"contentUrl\":\"https:\\\/\\\/fuentesfidedignas.com.mx\\\/wp-content\\\/uploads\\\/2021\\\/04\\\/logo-retina.png\",\"width\":280,\"height\":51,\"caption\":\"Fuentes Fidedignas\"},\"image\":{\"@id\":\"https:\\\/\\\/fuentesfidedignas.com.mx\\\/#\\\/schema\\\/logo\\\/image\\\/\"},\"sameAs\":[\"https:\\\/\\\/www.facebook.com\\\/Fuentes-Fidedignas-368234489921644\",\"https:\\\/\\\/x.com\\\/fidedignas\"]},{\"@type\":\"Person\",\"@id\":\"https:\\\/\\\/fuentesfidedignas.com.mx\\\/#\\\/schema\\\/person\\\/fee3882e65fd0510d292c43a346d35d7\",\"name\":\"El Universal\",\"image\":{\"@type\":\"ImageObject\",\"inLanguage\":\"es\",\"@id\":\"https:\\\/\\\/secure.gravatar.com\\\/avatar\\\/1ebc94d82b6c3c081781f73e5b76a0d0c1ac7bf8e57426f18802246eeaa2747c?s=96&d=mm&r=g\",\"url\":\"https:\\\/\\\/secure.gravatar.com\\\/avatar\\\/1ebc94d82b6c3c081781f73e5b76a0d0c1ac7bf8e57426f18802246eeaa2747c?s=96&d=mm&r=g\",\"contentUrl\":\"https:\\\/\\\/secure.gravatar.com\\\/avatar\\\/1ebc94d82b6c3c081781f73e5b76a0d0c1ac7bf8e57426f18802246eeaa2747c?s=96&d=mm&r=g\",\"caption\":\"El Universal\"},\"url\":\"https:\\\/\\\/fuentesfidedignas.com.mx\\\/index.php\\\/author\\\/el-universal\\\/\"}]}<\/script>\n<!-- \/ Yoast SEO plugin. -->","yoast_head_json":{"title":"\u201cMatamos a los ni\u00f1os porque nos vieron\u201d; confiesan autores de masacre de Tultepec - Fuentes Fidedignas","robots":{"index":"index","follow":"follow","max-snippet":"max-snippet:-1","max-image-preview":"max-image-preview:large","max-video-preview":"max-video-preview:-1"},"canonical":"https:\/\/fuentesfidedignas.com.mx\/index.php\/2022\/04\/18\/matamos-a-los-ninos-porque-nos-vieron-confiesan-autores-de-masacre-de-tultepec\/","og_locale":"es_MX","og_type":"article","og_title":"\u201cMatamos a los ni\u00f1os porque nos vieron\u201d; confiesan autores de masacre de Tultepec - Fuentes Fidedignas","og_description":"Fiscal\u00eda detalla que los implicados en el homicidio de los ocho integrantes de la familia iban muy drogados; en total suman nueve detenidos por los hechos Tultepec, M\u00e9x.\u2014 Los Rikis iban drogados cuando ingresaron a la casa de do\u00f1a Rosa y la acribillaron junto a sus dos hijas y sus cuatro nietos, cuando s\u00f3lo iban [&hellip;]","og_url":"https:\/\/fuentesfidedignas.com.mx\/index.php\/2022\/04\/18\/matamos-a-los-ninos-porque-nos-vieron-confiesan-autores-de-masacre-de-tultepec\/","og_site_name":"Fuentes Fidedignas","article_publisher":"https:\/\/www.facebook.com\/Fuentes-Fidedignas-368234489921644","article_published_time":"2022-04-18T16:37:32+00:00","article_modified_time":"2022-04-18T16:37:33+00:00","og_image":[{"width":1201,"height":740,"url":"https:\/\/fuentesfidedignas.com.mx\/wp-content\/uploads\/2022\/04\/12-casatultepec_137149703.jpg","type":"image\/jpeg"}],"author":"El Universal","twitter_card":"summary_large_image","twitter_creator":"@fidedignas","twitter_site":"@fidedignas","twitter_misc":{"Escrito por":"El Universal","Tiempo de lectura":"3 minutos"},"schema":{"@context":"https:\/\/schema.org","@graph":[{"@type":"Article","@id":"https:\/\/fuentesfidedignas.com.mx\/index.php\/2022\/04\/18\/matamos-a-los-ninos-porque-nos-vieron-confiesan-autores-de-masacre-de-tultepec\/#article","isPartOf":{"@id":"https:\/\/fuentesfidedignas.com.mx\/index.php\/2022\/04\/18\/matamos-a-los-ninos-porque-nos-vieron-confiesan-autores-de-masacre-de-tultepec\/"},"author":{"name":"El Universal","@id":"https:\/\/fuentesfidedignas.com.mx\/#\/schema\/person\/fee3882e65fd0510d292c43a346d35d7"},"headline":"\u201cMatamos a los ni\u00f1os porque nos vieron\u201d; confiesan autores de masacre de Tultepec","datePublished":"2022-04-18T16:37:32+00:00","dateModified":"2022-04-18T16:37:33+00:00","mainEntityOfPage":{"@id":"https:\/\/fuentesfidedignas.com.mx\/index.php\/2022\/04\/18\/matamos-a-los-ninos-porque-nos-vieron-confiesan-autores-de-masacre-de-tultepec\/"},"wordCount":567,"commentCount":0,"publisher":{"@id":"https:\/\/fuentesfidedignas.com.mx\/#organization"},"image":{"@id":"https:\/\/fuentesfidedignas.com.mx\/index.php\/2022\/04\/18\/matamos-a-los-ninos-porque-nos-vieron-confiesan-autores-de-masacre-de-tultepec\/#primaryimage"},"thumbnailUrl":"https:\/\/fuentesfidedignas.com.mx\/wp-content\/uploads\/2022\/04\/12-casatultepec_137149703.jpg","articleSection":["NOTICIAS NACIONALES"],"inLanguage":"es","potentialAction":[{"@type":"CommentAction","name":"Comment","target":["https:\/\/fuentesfidedignas.com.mx\/index.php\/2022\/04\/18\/matamos-a-los-ninos-porque-nos-vieron-confiesan-autores-de-masacre-de-tultepec\/#respond"]}]},{"@type":"WebPage","@id":"https:\/\/fuentesfidedignas.com.mx\/index.php\/2022\/04\/18\/matamos-a-los-ninos-porque-nos-vieron-confiesan-autores-de-masacre-de-tultepec\/","url":"https:\/\/fuentesfidedignas.com.mx\/index.php\/2022\/04\/18\/matamos-a-los-ninos-porque-nos-vieron-confiesan-autores-de-masacre-de-tultepec\/","name":"\u201cMatamos a los ni\u00f1os porque nos vieron\u201d; confiesan autores de masacre de Tultepec - Fuentes Fidedignas","isPartOf":{"@id":"https:\/\/fuentesfidedignas.com.mx\/#website"},"primaryImageOfPage":{"@id":"https:\/\/fuentesfidedignas.com.mx\/index.php\/2022\/04\/18\/matamos-a-los-ninos-porque-nos-vieron-confiesan-autores-de-masacre-de-tultepec\/#primaryimage"},"image":{"@id":"https:\/\/fuentesfidedignas.com.mx\/index.php\/2022\/04\/18\/matamos-a-los-ninos-porque-nos-vieron-confiesan-autores-de-masacre-de-tultepec\/#primaryimage"},"thumbnailUrl":"https:\/\/fuentesfidedignas.com.mx\/wp-content\/uploads\/2022\/04\/12-casatultepec_137149703.jpg","datePublished":"2022-04-18T16:37:32+00:00","dateModified":"2022-04-18T16:37:33+00:00","breadcrumb":{"@id":"https:\/\/fuentesfidedignas.com.mx\/index.php\/2022\/04\/18\/matamos-a-los-ninos-porque-nos-vieron-confiesan-autores-de-masacre-de-tultepec\/#breadcrumb"},"inLanguage":"es","potentialAction":[{"@type":"ReadAction","target":["https:\/\/fuentesfidedignas.com.mx\/index.php\/2022\/04\/18\/matamos-a-los-ninos-porque-nos-vieron-confiesan-autores-de-masacre-de-tultepec\/"]}]},{"@type":"ImageObject","inLanguage":"es","@id":"https:\/\/fuentesfidedignas.com.mx\/index.php\/2022\/04\/18\/matamos-a-los-ninos-porque-nos-vieron-confiesan-autores-de-masacre-de-tultepec\/#primaryimage","url":"https:\/\/fuentesfidedignas.com.mx\/wp-content\/uploads\/2022\/04\/12-casatultepec_137149703.jpg","contentUrl":"https:\/\/fuentesfidedignas.com.mx\/wp-content\/uploads\/2022\/04\/12-casatultepec_137149703.jpg","width":1201,"height":740},{"@type":"BreadcrumbList","@id":"https:\/\/fuentesfidedignas.com.mx\/index.php\/2022\/04\/18\/matamos-a-los-ninos-porque-nos-vieron-confiesan-autores-de-masacre-de-tultepec\/#breadcrumb","itemListElement":[{"@type":"ListItem","position":1,"name":"Inicio","item":"https:\/\/fuentesfidedignas.com.mx\/"},{"@type":"ListItem","position":2,"name":"\u201cMatamos a los ni\u00f1os porque nos vieron\u201d; confiesan autores de masacre de Tultepec"}]},{"@type":"WebSite","@id":"https:\/\/fuentesfidedignas.com.mx\/#website","url":"https:\/\/fuentesfidedignas.com.mx\/","name":"Fuentes Fidedignas","description":"Otro sitio realizado con WordPress","publisher":{"@id":"https:\/\/fuentesfidedignas.com.mx\/#organization"},"potentialAction":[{"@type":"SearchAction","target":{"@type":"EntryPoint","urlTemplate":"https:\/\/fuentesfidedignas.com.mx\/?s={search_term_string}"},"query-input":{"@type":"PropertyValueSpecification","valueRequired":true,"valueName":"search_term_string"}}],"inLanguage":"es"},{"@type":"Organization","@id":"https:\/\/fuentesfidedignas.com.mx\/#organization","name":"Fuentes Fidedignas","url":"https:\/\/fuentesfidedignas.com.mx\/","logo":{"@type":"ImageObject","inLanguage":"es","@id":"https:\/\/fuentesfidedignas.com.mx\/#\/schema\/logo\/image\/","url":"https:\/\/fuentesfidedignas.com.mx\/wp-content\/uploads\/2021\/04\/logo-retina.png","contentUrl":"https:\/\/fuentesfidedignas.com.mx\/wp-content\/uploads\/2021\/04\/logo-retina.png","width":280,"height":51,"caption":"Fuentes Fidedignas"},"image":{"@id":"https:\/\/fuentesfidedignas.com.mx\/#\/schema\/logo\/image\/"},"sameAs":["https:\/\/www.facebook.com\/Fuentes-Fidedignas-368234489921644","https:\/\/x.com\/fidedignas"]},{"@type":"Person","@id":"https:\/\/fuentesfidedignas.com.mx\/#\/schema\/person\/fee3882e65fd0510d292c43a346d35d7","name":"El Universal","image":{"@type":"ImageObject","inLanguage":"es","@id":"https:\/\/secure.gravatar.com\/avatar\/1ebc94d82b6c3c081781f73e5b76a0d0c1ac7bf8e57426f18802246eeaa2747c?s=96&d=mm&r=g","url":"https:\/\/secure.gravatar.com\/avatar\/1ebc94d82b6c3c081781f73e5b76a0d0c1ac7bf8e57426f18802246eeaa2747c?s=96&d=mm&r=g","contentUrl":"https:\/\/secure.gravatar.com\/avatar\/1ebc94d82b6c3c081781f73e5b76a0d0c1ac7bf8e57426f18802246eeaa2747c?s=96&d=mm&r=g","caption":"El Universal"},"url":"https:\/\/fuentesfidedignas.com.mx\/index.php\/author\/el-universal\/"}]}},"_links":{"self":[{"href":"https:\/\/fuentesfidedignas.com.mx\/index.php\/wp-json\/wp\/v2\/posts\/28524","targetHints":{"allow":["GET"]}}],"collection":[{"href":"https:\/\/fuentesfidedignas.com.mx\/index.php\/wp-json\/wp\/v2\/posts"}],"about":[{"href":"https:\/\/fuentesfidedignas.com.mx\/index.php\/wp-json\/wp\/v2\/types\/post"}],"author":[{"embeddable":true,"href":"https:\/\/fuentesfidedignas.com.mx\/index.php\/wp-json\/wp\/v2\/users\/39"}],"replies":[{"embeddable":true,"href":"https:\/\/fuentesfidedignas.com.mx\/index.php\/wp-json\/wp\/v2\/comments?post=28524"}],"version-history":[{"count":1,"href":"https:\/\/fuentesfidedignas.com.mx\/index.php\/wp-json\/wp\/v2\/posts\/28524\/revisions"}],"predecessor-version":[{"id":28526,"href":"https:\/\/fuentesfidedignas.com.mx\/index.php\/wp-json\/wp\/v2\/posts\/28524\/revisions\/28526"}],"wp:featuredmedia":[{"embeddable":true,"href":"https:\/\/fuentesfidedignas.com.mx\/index.php\/wp-json\/wp\/v2\/media\/28525"}],"wp:attachment":[{"href":"https:\/\/fuentesfidedignas.com.mx\/index.php\/wp-json\/wp\/v2\/media?parent=28524"}],"wp:term":[{"taxonomy":"category","embeddable":true,"href":"https:\/\/fuentesfidedignas.com.mx\/index.php\/wp-json\/wp\/v2\/categories?post=28524"},{"taxonomy":"post_tag","embeddable":true,"href":"https:\/\/fuentesfidedignas.com.mx\/index.php\/wp-json\/wp\/v2\/tags?post=28524"}],"curies":[{"name":"wp","href":"https:\/\/api.w.org\/{rel}","templated":true}]}}