{"id":28442,"date":"2022-04-16T10:06:14","date_gmt":"2022-04-16T17:06:14","guid":{"rendered":"https:\/\/fuentesfidedignas.com.mx\/?p=28442"},"modified":"2022-04-16T10:16:59","modified_gmt":"2022-04-16T17:16:59","slug":"mexico-el-pais-mas-peligroso-de-america-latina-para-el-periodismo-sip","status":"publish","type":"post","link":"https:\/\/fuentesfidedignas.com.mx\/index.php\/2022\/04\/16\/mexico-el-pais-mas-peligroso-de-america-latina-para-el-periodismo-sip\/","title":{"rendered":"M\u00e9xico, el pa\u00eds m\u00e1s peligroso de Am\u00e9rica Latina para el periodismo: SIP"},"content":{"rendered":"\n<p><strong><em><br>La SIP asegur\u00f3 que M\u00e9xico es el pa\u00eds de la regi\u00f3n \u201cm\u00e1s peligroso\u201d para ejercer el periodismo, con \u201cun alto \u00edndice de impunidad\u201d en cr\u00edmenes <\/em><\/strong><\/p>\n\n\n\n<p>Ciudad de M\u00e9xico. El panorama de la&nbsp;<strong>libertad de&nbsp;<a href=\"https:\/\/lopezdoriga.com\/?s=periodistas\" target=\"_blank\" rel=\"noreferrer noopener\">prensa<\/a><\/strong>&nbsp;en Am\u00e9rica Latina no ha hecho m\u00e1s que empeorar, con una \u201cagudizaci\u00f3n de la represi\u00f3n\u201d del periodismo independiente y la \u201cviolencia\u201d contra los&nbsp;<strong>periodistas<\/strong>, advirti\u00f3 Ricardo Trotti, director ejecutivo de la&nbsp;<strong>Sociedad Interamericana de Prensa<\/strong>&nbsp;(SIP), que celebrar\u00e1 su reuni\u00f3n semestral del martes al jueves pr\u00f3ximos.<\/p>\n\n\n\n<p>En estos seis \u00faltimos meses la situaci\u00f3n de la&nbsp;<strong>libertad<\/strong>&nbsp;de&nbsp;<strong>prensa<\/strong>&nbsp;en la regi\u00f3n \u201cno ha hecho m\u00e1s que agravarse\u201d, con una serie de rasgos dominantes en recientes a\u00f1os como son la \u201cviolencia contra los medios y el asesinato y encarcelamiento de periodistas\u201d, denunci\u00f3 Trotti.<\/p>\n\n\n\n<figure class=\"wp-block-embed is-type-rich is-provider-twitter wp-block-embed-twitter\"><div class=\"wp-block-embed__wrapper\">\n<blockquote class=\"twitter-tweet\" data-width=\"550\" data-dnt=\"true\"><p lang=\"es\" dir=\"ltr\">\ud83d\udd35 La Reuni\u00f3n de Medio A\u00f1o de la Sociedad Interamericana de Prensa se realizar\u00e1 del 19 al 21 de abril.<br><br>La inscripci\u00f3n es gratuita y el encuentro ser\u00e1 virtual. Inscr\u00edbase: <a href=\"https:\/\/t.co\/tKrzHBJKxi\">https:\/\/t.co\/tKrzHBJKxi<\/a><br><br>\u00a1Conozcan el programa completo ac\u00e1!\ud83d\udc47\ud83c\udffc <a href=\"https:\/\/t.co\/t4ZT7EJ22U\">pic.twitter.com\/t4ZT7EJ22U<\/a><\/p>&mdash; SIP \u2022 IAPA (@sip_oficial) <a href=\"https:\/\/twitter.com\/sip_oficial\/status\/1514714491895775245?ref_src=twsrc%5Etfw\">April 14, 2022<\/a><\/blockquote><script async src=\"https:\/\/platform.twitter.com\/widgets.js\" charset=\"utf-8\"><\/script>\n<\/div><\/figure>\n\n\n\n<p>En estos tres primeros meses del a\u00f1o han sido asesinados&nbsp;<strong>13 periodistas en Latinoam\u00e9rica<\/strong>,&nbsp;<strong>ocho de ellos en M\u00e9xico<\/strong>, una cifra&nbsp;<strong>alarmante<\/strong>&nbsp;que revela la \u201cdeficiencia\u201d de los sistemas de protecci\u00f3n y seguridad para estos profesionales, un asunto que se abordar\u00e1 en la Reuni\u00f3n de Medio A\u00f1o, que ser\u00e1 en formato&nbsp;<strong>virtual<\/strong>.<\/p>\n\n\n\n<p>Trotti, exeditor jefe del diario&nbsp;<a href=\"https:\/\/www.elliberal.com.ar\/\" target=\"_blank\" rel=\"noreferrer noopener\"><em><strong>El Liberal<\/strong><\/em><\/a>, de Argentina, reconoci\u00f3 sentir \u201cfrustraci\u00f3n e impotencia\u201d al comprobar c\u00f3mo los r\u00e1pidos retrocesos en el \u00e1mbito de la libertad de prensa y de expresi\u00f3n echan por tierra los costosos avances realizados.<\/p>\n\n\n\n<h3 class=\"wp-block-heading\">Incremento en represi\u00f3n y violencia contra periodistas<\/h3>\n\n\n\n<p>Muy especialmente destac\u00f3 la \u201cagudizaci\u00f3n de la represi\u00f3n contra el&nbsp;<strong>periodismo<\/strong>&nbsp;ya sea a trav\u00e9s de condenas, encarcelamiento o violencia f\u00edsica\u201d en la regi\u00f3n, particularmente en&nbsp;<strong>Nicaragua<\/strong>, adem\u00e1s de&nbsp;<strong>Venezuela<\/strong>&nbsp;y&nbsp;<strong>Cuba<\/strong>.<\/p>\n\n\n\n<p>Apunt\u00f3 que los m\u00e1s recientes informes pa\u00eds por pa\u00eds que se presentar\u00e1n en la reuni\u00f3n de la&nbsp;<strong>SIP<\/strong>&nbsp;reflejan que \u201cno hablamos de simples manotazos contra la libertad de prensa, sino de ataques sistem\u00e1ticos\u201d.<\/p>\n","protected":false},"excerpt":{"rendered":"<p>La SIP asegur\u00f3 que M\u00e9xico es el pa\u00eds de la regi\u00f3n \u201cm\u00e1s peligroso\u201d para ejercer el periodismo, con \u201cun alto \u00edndice de impunidad\u201d en cr\u00edmenes Ciudad de M\u00e9xico. El panorama de la&nbsp;libertad de&nbsp;prensa&nbsp;en Am\u00e9rica Latina no ha hecho m\u00e1s que empeorar, con una \u201cagudizaci\u00f3n de la represi\u00f3n\u201d del periodismo independiente y la \u201cviolencia\u201d contra los&nbsp;periodistas, [&hellip;]<\/p>\n","protected":false},"author":47,"featured_media":28445,"comment_status":"open","ping_status":"open","sticky":false,"template":"","format":"standard","meta":{"tdm_status":"","tdm_grid_status":"","footnotes":""},"categories":[39,1],"tags":[],"class_list":{"0":"post-28442","1":"post","2":"type-post","3":"status-publish","4":"format-standard","5":"has-post-thumbnail","7":"category-noticias-nacionales","8":"category-sin-categoria"},"yoast_head":"<!-- This site is optimized with the Yoast SEO plugin v27.5 - https:\/\/yoast.com\/product\/yoast-seo-wordpress\/ -->\n<title>M\u00e9xico, el pa\u00eds m\u00e1s peligroso de Am\u00e9rica Latina para el periodismo: SIP - Fuentes Fidedignas<\/title>\n<meta name=\"robots\" content=\"index, follow, max-snippet:-1, max-image-preview:large, max-video-preview:-1\" \/>\n<link rel=\"canonical\" href=\"https:\/\/fuentesfidedignas.com.mx\/index.php\/2022\/04\/16\/mexico-el-pais-mas-peligroso-de-america-latina-para-el-periodismo-sip\/\" \/>\n<meta property=\"og:locale\" content=\"es_MX\" \/>\n<meta property=\"og:type\" content=\"article\" \/>\n<meta property=\"og:title\" content=\"M\u00e9xico, el pa\u00eds m\u00e1s peligroso de Am\u00e9rica Latina para el periodismo: SIP - Fuentes Fidedignas\" \/>\n<meta property=\"og:description\" content=\"La SIP asegur\u00f3 que M\u00e9xico es el pa\u00eds de la regi\u00f3n \u201cm\u00e1s peligroso\u201d para ejercer el periodismo, con \u201cun alto \u00edndice de impunidad\u201d en cr\u00edmenes Ciudad de M\u00e9xico. El panorama de la&nbsp;libertad de&nbsp;prensa&nbsp;en Am\u00e9rica Latina no ha hecho m\u00e1s que empeorar, con una \u201cagudizaci\u00f3n de la represi\u00f3n\u201d del periodismo independiente y la \u201cviolencia\u201d contra los&nbsp;periodistas, [&hellip;]\" \/>\n<meta property=\"og:url\" content=\"https:\/\/fuentesfidedignas.com.mx\/index.php\/2022\/04\/16\/mexico-el-pais-mas-peligroso-de-america-latina-para-el-periodismo-sip\/\" \/>\n<meta property=\"og:site_name\" content=\"Fuentes Fidedignas\" \/>\n<meta property=\"article:publisher\" content=\"https:\/\/www.facebook.com\/Fuentes-Fidedignas-368234489921644\" \/>\n<meta property=\"article:published_time\" content=\"2022-04-16T17:06:14+00:00\" \/>\n<meta property=\"article:modified_time\" content=\"2022-04-16T17:16:59+00:00\" \/>\n<meta property=\"og:image\" content=\"https:\/\/fuentesfidedignas.com.mx\/wp-content\/uploads\/2022\/04\/manifestacion-contra-asesinatos-de-periodistas-1.jpg\" \/>\n\t<meta property=\"og:image:width\" content=\"1920\" \/>\n\t<meta property=\"og:image:height\" content=\"1280\" \/>\n\t<meta property=\"og:image:type\" content=\"image\/jpeg\" \/>\n<meta name=\"author\" content=\"L\u00f3pez D\u00f3riga\" \/>\n<meta name=\"twitter:card\" content=\"summary_large_image\" \/>\n<meta name=\"twitter:creator\" content=\"@fidedignas\" \/>\n<meta name=\"twitter:site\" content=\"@fidedignas\" \/>\n<meta name=\"twitter:label1\" content=\"Escrito por\" \/>\n\t<meta name=\"twitter:data1\" content=\"L\u00f3pez D\u00f3riga\" \/>\n\t<meta name=\"twitter:label2\" content=\"Tiempo de lectura\" \/>\n\t<meta name=\"twitter:data2\" content=\"2 minutos\" \/>\n<script type=\"application\/ld+json\" class=\"yoast-schema-graph\">{\"@context\":\"https:\\\/\\\/schema.org\",\"@graph\":[{\"@type\":\"Article\",\"@id\":\"https:\\\/\\\/fuentesfidedignas.com.mx\\\/index.php\\\/2022\\\/04\\\/16\\\/mexico-el-pais-mas-peligroso-de-america-latina-para-el-periodismo-sip\\\/#article\",\"isPartOf\":{\"@id\":\"https:\\\/\\\/fuentesfidedignas.com.mx\\\/index.php\\\/2022\\\/04\\\/16\\\/mexico-el-pais-mas-peligroso-de-america-latina-para-el-periodismo-sip\\\/\"},\"author\":{\"name\":\"L\u00f3pez D\u00f3riga\",\"@id\":\"https:\\\/\\\/fuentesfidedignas.com.mx\\\/#\\\/schema\\\/person\\\/67d852f0557c8509146a4b9ddebd543a\"},\"headline\":\"M\u00e9xico, el pa\u00eds m\u00e1s peligroso de Am\u00e9rica Latina para el periodismo: SIP\",\"datePublished\":\"2022-04-16T17:06:14+00:00\",\"dateModified\":\"2022-04-16T17:16:59+00:00\",\"mainEntityOfPage\":{\"@id\":\"https:\\\/\\\/fuentesfidedignas.com.mx\\\/index.php\\\/2022\\\/04\\\/16\\\/mexico-el-pais-mas-peligroso-de-america-latina-para-el-periodismo-sip\\\/\"},\"wordCount\":398,\"commentCount\":0,\"publisher\":{\"@id\":\"https:\\\/\\\/fuentesfidedignas.com.mx\\\/#organization\"},\"image\":{\"@id\":\"https:\\\/\\\/fuentesfidedignas.com.mx\\\/index.php\\\/2022\\\/04\\\/16\\\/mexico-el-pais-mas-peligroso-de-america-latina-para-el-periodismo-sip\\\/#primaryimage\"},\"thumbnailUrl\":\"https:\\\/\\\/fuentesfidedignas.com.mx\\\/wp-content\\\/uploads\\\/2022\\\/04\\\/manifestacion-contra-asesinatos-de-periodistas-1.jpg\",\"articleSection\":[\"NOTICIAS NACIONALES\"],\"inLanguage\":\"es\",\"potentialAction\":[{\"@type\":\"CommentAction\",\"name\":\"Comment\",\"target\":[\"https:\\\/\\\/fuentesfidedignas.com.mx\\\/index.php\\\/2022\\\/04\\\/16\\\/mexico-el-pais-mas-peligroso-de-america-latina-para-el-periodismo-sip\\\/#respond\"]}]},{\"@type\":\"WebPage\",\"@id\":\"https:\\\/\\\/fuentesfidedignas.com.mx\\\/index.php\\\/2022\\\/04\\\/16\\\/mexico-el-pais-mas-peligroso-de-america-latina-para-el-periodismo-sip\\\/\",\"url\":\"https:\\\/\\\/fuentesfidedignas.com.mx\\\/index.php\\\/2022\\\/04\\\/16\\\/mexico-el-pais-mas-peligroso-de-america-latina-para-el-periodismo-sip\\\/\",\"name\":\"M\u00e9xico, el pa\u00eds m\u00e1s peligroso de Am\u00e9rica Latina para el periodismo: SIP - Fuentes Fidedignas\",\"isPartOf\":{\"@id\":\"https:\\\/\\\/fuentesfidedignas.com.mx\\\/#website\"},\"primaryImageOfPage\":{\"@id\":\"https:\\\/\\\/fuentesfidedignas.com.mx\\\/index.php\\\/2022\\\/04\\\/16\\\/mexico-el-pais-mas-peligroso-de-america-latina-para-el-periodismo-sip\\\/#primaryimage\"},\"image\":{\"@id\":\"https:\\\/\\\/fuentesfidedignas.com.mx\\\/index.php\\\/2022\\\/04\\\/16\\\/mexico-el-pais-mas-peligroso-de-america-latina-para-el-periodismo-sip\\\/#primaryimage\"},\"thumbnailUrl\":\"https:\\\/\\\/fuentesfidedignas.com.mx\\\/wp-content\\\/uploads\\\/2022\\\/04\\\/manifestacion-contra-asesinatos-de-periodistas-1.jpg\",\"datePublished\":\"2022-04-16T17:06:14+00:00\",\"dateModified\":\"2022-04-16T17:16:59+00:00\",\"breadcrumb\":{\"@id\":\"https:\\\/\\\/fuentesfidedignas.com.mx\\\/index.php\\\/2022\\\/04\\\/16\\\/mexico-el-pais-mas-peligroso-de-america-latina-para-el-periodismo-sip\\\/#breadcrumb\"},\"inLanguage\":\"es\",\"potentialAction\":[{\"@type\":\"ReadAction\",\"target\":[\"https:\\\/\\\/fuentesfidedignas.com.mx\\\/index.php\\\/2022\\\/04\\\/16\\\/mexico-el-pais-mas-peligroso-de-america-latina-para-el-periodismo-sip\\\/\"]}]},{\"@type\":\"ImageObject\",\"inLanguage\":\"es\",\"@id\":\"https:\\\/\\\/fuentesfidedignas.com.mx\\\/index.php\\\/2022\\\/04\\\/16\\\/mexico-el-pais-mas-peligroso-de-america-latina-para-el-periodismo-sip\\\/#primaryimage\",\"url\":\"https:\\\/\\\/fuentesfidedignas.com.mx\\\/wp-content\\\/uploads\\\/2022\\\/04\\\/manifestacion-contra-asesinatos-de-periodistas-1.jpg\",\"contentUrl\":\"https:\\\/\\\/fuentesfidedignas.com.mx\\\/wp-content\\\/uploads\\\/2022\\\/04\\\/manifestacion-contra-asesinatos-de-periodistas-1.jpg\",\"width\":1920,\"height\":1280},{\"@type\":\"BreadcrumbList\",\"@id\":\"https:\\\/\\\/fuentesfidedignas.com.mx\\\/index.php\\\/2022\\\/04\\\/16\\\/mexico-el-pais-mas-peligroso-de-america-latina-para-el-periodismo-sip\\\/#breadcrumb\",\"itemListElement\":[{\"@type\":\"ListItem\",\"position\":1,\"name\":\"Inicio\",\"item\":\"https:\\\/\\\/fuentesfidedignas.com.mx\\\/\"},{\"@type\":\"ListItem\",\"position\":2,\"name\":\"M\u00e9xico, el pa\u00eds m\u00e1s peligroso de Am\u00e9rica Latina para el periodismo: SIP\"}]},{\"@type\":\"WebSite\",\"@id\":\"https:\\\/\\\/fuentesfidedignas.com.mx\\\/#website\",\"url\":\"https:\\\/\\\/fuentesfidedignas.com.mx\\\/\",\"name\":\"Fuentes Fidedignas\",\"description\":\"Otro sitio realizado con WordPress\",\"publisher\":{\"@id\":\"https:\\\/\\\/fuentesfidedignas.com.mx\\\/#organization\"},\"potentialAction\":[{\"@type\":\"SearchAction\",\"target\":{\"@type\":\"EntryPoint\",\"urlTemplate\":\"https:\\\/\\\/fuentesfidedignas.com.mx\\\/?s={search_term_string}\"},\"query-input\":{\"@type\":\"PropertyValueSpecification\",\"valueRequired\":true,\"valueName\":\"search_term_string\"}}],\"inLanguage\":\"es\"},{\"@type\":\"Organization\",\"@id\":\"https:\\\/\\\/fuentesfidedignas.com.mx\\\/#organization\",\"name\":\"Fuentes Fidedignas\",\"url\":\"https:\\\/\\\/fuentesfidedignas.com.mx\\\/\",\"logo\":{\"@type\":\"ImageObject\",\"inLanguage\":\"es\",\"@id\":\"https:\\\/\\\/fuentesfidedignas.com.mx\\\/#\\\/schema\\\/logo\\\/image\\\/\",\"url\":\"https:\\\/\\\/fuentesfidedignas.com.mx\\\/wp-content\\\/uploads\\\/2021\\\/04\\\/logo-retina.png\",\"contentUrl\":\"https:\\\/\\\/fuentesfidedignas.com.mx\\\/wp-content\\\/uploads\\\/2021\\\/04\\\/logo-retina.png\",\"width\":280,\"height\":51,\"caption\":\"Fuentes Fidedignas\"},\"image\":{\"@id\":\"https:\\\/\\\/fuentesfidedignas.com.mx\\\/#\\\/schema\\\/logo\\\/image\\\/\"},\"sameAs\":[\"https:\\\/\\\/www.facebook.com\\\/Fuentes-Fidedignas-368234489921644\",\"https:\\\/\\\/x.com\\\/fidedignas\"]},{\"@type\":\"Person\",\"@id\":\"https:\\\/\\\/fuentesfidedignas.com.mx\\\/#\\\/schema\\\/person\\\/67d852f0557c8509146a4b9ddebd543a\",\"name\":\"L\u00f3pez D\u00f3riga\",\"image\":{\"@type\":\"ImageObject\",\"inLanguage\":\"es\",\"@id\":\"https:\\\/\\\/secure.gravatar.com\\\/avatar\\\/e525b06574ca18b33cded59dfe5778d6c823b9513154eff47da551b0551bdd1e?s=96&d=mm&r=g\",\"url\":\"https:\\\/\\\/secure.gravatar.com\\\/avatar\\\/e525b06574ca18b33cded59dfe5778d6c823b9513154eff47da551b0551bdd1e?s=96&d=mm&r=g\",\"contentUrl\":\"https:\\\/\\\/secure.gravatar.com\\\/avatar\\\/e525b06574ca18b33cded59dfe5778d6c823b9513154eff47da551b0551bdd1e?s=96&d=mm&r=g\",\"caption\":\"L\u00f3pez D\u00f3riga\"},\"url\":\"https:\\\/\\\/fuentesfidedignas.com.mx\\\/index.php\\\/author\\\/doriga\\\/\"}]}<\/script>\n<!-- \/ Yoast SEO plugin. -->","yoast_head_json":{"title":"M\u00e9xico, el pa\u00eds m\u00e1s peligroso de Am\u00e9rica Latina para el periodismo: SIP - Fuentes Fidedignas","robots":{"index":"index","follow":"follow","max-snippet":"max-snippet:-1","max-image-preview":"max-image-preview:large","max-video-preview":"max-video-preview:-1"},"canonical":"https:\/\/fuentesfidedignas.com.mx\/index.php\/2022\/04\/16\/mexico-el-pais-mas-peligroso-de-america-latina-para-el-periodismo-sip\/","og_locale":"es_MX","og_type":"article","og_title":"M\u00e9xico, el pa\u00eds m\u00e1s peligroso de Am\u00e9rica Latina para el periodismo: SIP - Fuentes Fidedignas","og_description":"La SIP asegur\u00f3 que M\u00e9xico es el pa\u00eds de la regi\u00f3n \u201cm\u00e1s peligroso\u201d para ejercer el periodismo, con \u201cun alto \u00edndice de impunidad\u201d en cr\u00edmenes Ciudad de M\u00e9xico. El panorama de la&nbsp;libertad de&nbsp;prensa&nbsp;en Am\u00e9rica Latina no ha hecho m\u00e1s que empeorar, con una \u201cagudizaci\u00f3n de la represi\u00f3n\u201d del periodismo independiente y la \u201cviolencia\u201d contra los&nbsp;periodistas, [&hellip;]","og_url":"https:\/\/fuentesfidedignas.com.mx\/index.php\/2022\/04\/16\/mexico-el-pais-mas-peligroso-de-america-latina-para-el-periodismo-sip\/","og_site_name":"Fuentes Fidedignas","article_publisher":"https:\/\/www.facebook.com\/Fuentes-Fidedignas-368234489921644","article_published_time":"2022-04-16T17:06:14+00:00","article_modified_time":"2022-04-16T17:16:59+00:00","og_image":[{"width":1920,"height":1280,"url":"https:\/\/fuentesfidedignas.com.mx\/wp-content\/uploads\/2022\/04\/manifestacion-contra-asesinatos-de-periodistas-1.jpg","type":"image\/jpeg"}],"author":"L\u00f3pez D\u00f3riga","twitter_card":"summary_large_image","twitter_creator":"@fidedignas","twitter_site":"@fidedignas","twitter_misc":{"Escrito por":"L\u00f3pez D\u00f3riga","Tiempo de lectura":"2 minutos"},"schema":{"@context":"https:\/\/schema.org","@graph":[{"@type":"Article","@id":"https:\/\/fuentesfidedignas.com.mx\/index.php\/2022\/04\/16\/mexico-el-pais-mas-peligroso-de-america-latina-para-el-periodismo-sip\/#article","isPartOf":{"@id":"https:\/\/fuentesfidedignas.com.mx\/index.php\/2022\/04\/16\/mexico-el-pais-mas-peligroso-de-america-latina-para-el-periodismo-sip\/"},"author":{"name":"L\u00f3pez D\u00f3riga","@id":"https:\/\/fuentesfidedignas.com.mx\/#\/schema\/person\/67d852f0557c8509146a4b9ddebd543a"},"headline":"M\u00e9xico, el pa\u00eds m\u00e1s peligroso de Am\u00e9rica Latina para el periodismo: SIP","datePublished":"2022-04-16T17:06:14+00:00","dateModified":"2022-04-16T17:16:59+00:00","mainEntityOfPage":{"@id":"https:\/\/fuentesfidedignas.com.mx\/index.php\/2022\/04\/16\/mexico-el-pais-mas-peligroso-de-america-latina-para-el-periodismo-sip\/"},"wordCount":398,"commentCount":0,"publisher":{"@id":"https:\/\/fuentesfidedignas.com.mx\/#organization"},"image":{"@id":"https:\/\/fuentesfidedignas.com.mx\/index.php\/2022\/04\/16\/mexico-el-pais-mas-peligroso-de-america-latina-para-el-periodismo-sip\/#primaryimage"},"thumbnailUrl":"https:\/\/fuentesfidedignas.com.mx\/wp-content\/uploads\/2022\/04\/manifestacion-contra-asesinatos-de-periodistas-1.jpg","articleSection":["NOTICIAS NACIONALES"],"inLanguage":"es","potentialAction":[{"@type":"CommentAction","name":"Comment","target":["https:\/\/fuentesfidedignas.com.mx\/index.php\/2022\/04\/16\/mexico-el-pais-mas-peligroso-de-america-latina-para-el-periodismo-sip\/#respond"]}]},{"@type":"WebPage","@id":"https:\/\/fuentesfidedignas.com.mx\/index.php\/2022\/04\/16\/mexico-el-pais-mas-peligroso-de-america-latina-para-el-periodismo-sip\/","url":"https:\/\/fuentesfidedignas.com.mx\/index.php\/2022\/04\/16\/mexico-el-pais-mas-peligroso-de-america-latina-para-el-periodismo-sip\/","name":"M\u00e9xico, el pa\u00eds m\u00e1s peligroso de Am\u00e9rica Latina para el periodismo: SIP - Fuentes Fidedignas","isPartOf":{"@id":"https:\/\/fuentesfidedignas.com.mx\/#website"},"primaryImageOfPage":{"@id":"https:\/\/fuentesfidedignas.com.mx\/index.php\/2022\/04\/16\/mexico-el-pais-mas-peligroso-de-america-latina-para-el-periodismo-sip\/#primaryimage"},"image":{"@id":"https:\/\/fuentesfidedignas.com.mx\/index.php\/2022\/04\/16\/mexico-el-pais-mas-peligroso-de-america-latina-para-el-periodismo-sip\/#primaryimage"},"thumbnailUrl":"https:\/\/fuentesfidedignas.com.mx\/wp-content\/uploads\/2022\/04\/manifestacion-contra-asesinatos-de-periodistas-1.jpg","datePublished":"2022-04-16T17:06:14+00:00","dateModified":"2022-04-16T17:16:59+00:00","breadcrumb":{"@id":"https:\/\/fuentesfidedignas.com.mx\/index.php\/2022\/04\/16\/mexico-el-pais-mas-peligroso-de-america-latina-para-el-periodismo-sip\/#breadcrumb"},"inLanguage":"es","potentialAction":[{"@type":"ReadAction","target":["https:\/\/fuentesfidedignas.com.mx\/index.php\/2022\/04\/16\/mexico-el-pais-mas-peligroso-de-america-latina-para-el-periodismo-sip\/"]}]},{"@type":"ImageObject","inLanguage":"es","@id":"https:\/\/fuentesfidedignas.com.mx\/index.php\/2022\/04\/16\/mexico-el-pais-mas-peligroso-de-america-latina-para-el-periodismo-sip\/#primaryimage","url":"https:\/\/fuentesfidedignas.com.mx\/wp-content\/uploads\/2022\/04\/manifestacion-contra-asesinatos-de-periodistas-1.jpg","contentUrl":"https:\/\/fuentesfidedignas.com.mx\/wp-content\/uploads\/2022\/04\/manifestacion-contra-asesinatos-de-periodistas-1.jpg","width":1920,"height":1280},{"@type":"BreadcrumbList","@id":"https:\/\/fuentesfidedignas.com.mx\/index.php\/2022\/04\/16\/mexico-el-pais-mas-peligroso-de-america-latina-para-el-periodismo-sip\/#breadcrumb","itemListElement":[{"@type":"ListItem","position":1,"name":"Inicio","item":"https:\/\/fuentesfidedignas.com.mx\/"},{"@type":"ListItem","position":2,"name":"M\u00e9xico, el pa\u00eds m\u00e1s peligroso de Am\u00e9rica Latina para el periodismo: SIP"}]},{"@type":"WebSite","@id":"https:\/\/fuentesfidedignas.com.mx\/#website","url":"https:\/\/fuentesfidedignas.com.mx\/","name":"Fuentes Fidedignas","description":"Otro sitio realizado con WordPress","publisher":{"@id":"https:\/\/fuentesfidedignas.com.mx\/#organization"},"potentialAction":[{"@type":"SearchAction","target":{"@type":"EntryPoint","urlTemplate":"https:\/\/fuentesfidedignas.com.mx\/?s={search_term_string}"},"query-input":{"@type":"PropertyValueSpecification","valueRequired":true,"valueName":"search_term_string"}}],"inLanguage":"es"},{"@type":"Organization","@id":"https:\/\/fuentesfidedignas.com.mx\/#organization","name":"Fuentes Fidedignas","url":"https:\/\/fuentesfidedignas.com.mx\/","logo":{"@type":"ImageObject","inLanguage":"es","@id":"https:\/\/fuentesfidedignas.com.mx\/#\/schema\/logo\/image\/","url":"https:\/\/fuentesfidedignas.com.mx\/wp-content\/uploads\/2021\/04\/logo-retina.png","contentUrl":"https:\/\/fuentesfidedignas.com.mx\/wp-content\/uploads\/2021\/04\/logo-retina.png","width":280,"height":51,"caption":"Fuentes Fidedignas"},"image":{"@id":"https:\/\/fuentesfidedignas.com.mx\/#\/schema\/logo\/image\/"},"sameAs":["https:\/\/www.facebook.com\/Fuentes-Fidedignas-368234489921644","https:\/\/x.com\/fidedignas"]},{"@type":"Person","@id":"https:\/\/fuentesfidedignas.com.mx\/#\/schema\/person\/67d852f0557c8509146a4b9ddebd543a","name":"L\u00f3pez D\u00f3riga","image":{"@type":"ImageObject","inLanguage":"es","@id":"https:\/\/secure.gravatar.com\/avatar\/e525b06574ca18b33cded59dfe5778d6c823b9513154eff47da551b0551bdd1e?s=96&d=mm&r=g","url":"https:\/\/secure.gravatar.com\/avatar\/e525b06574ca18b33cded59dfe5778d6c823b9513154eff47da551b0551bdd1e?s=96&d=mm&r=g","contentUrl":"https:\/\/secure.gravatar.com\/avatar\/e525b06574ca18b33cded59dfe5778d6c823b9513154eff47da551b0551bdd1e?s=96&d=mm&r=g","caption":"L\u00f3pez D\u00f3riga"},"url":"https:\/\/fuentesfidedignas.com.mx\/index.php\/author\/doriga\/"}]}},"_links":{"self":[{"href":"https:\/\/fuentesfidedignas.com.mx\/index.php\/wp-json\/wp\/v2\/posts\/28442","targetHints":{"allow":["GET"]}}],"collection":[{"href":"https:\/\/fuentesfidedignas.com.mx\/index.php\/wp-json\/wp\/v2\/posts"}],"about":[{"href":"https:\/\/fuentesfidedignas.com.mx\/index.php\/wp-json\/wp\/v2\/types\/post"}],"author":[{"embeddable":true,"href":"https:\/\/fuentesfidedignas.com.mx\/index.php\/wp-json\/wp\/v2\/users\/47"}],"replies":[{"embeddable":true,"href":"https:\/\/fuentesfidedignas.com.mx\/index.php\/wp-json\/wp\/v2\/comments?post=28442"}],"version-history":[{"count":2,"href":"https:\/\/fuentesfidedignas.com.mx\/index.php\/wp-json\/wp\/v2\/posts\/28442\/revisions"}],"predecessor-version":[{"id":28446,"href":"https:\/\/fuentesfidedignas.com.mx\/index.php\/wp-json\/wp\/v2\/posts\/28442\/revisions\/28446"}],"wp:featuredmedia":[{"embeddable":true,"href":"https:\/\/fuentesfidedignas.com.mx\/index.php\/wp-json\/wp\/v2\/media\/28445"}],"wp:attachment":[{"href":"https:\/\/fuentesfidedignas.com.mx\/index.php\/wp-json\/wp\/v2\/media?parent=28442"}],"wp:term":[{"taxonomy":"category","embeddable":true,"href":"https:\/\/fuentesfidedignas.com.mx\/index.php\/wp-json\/wp\/v2\/categories?post=28442"},{"taxonomy":"post_tag","embeddable":true,"href":"https:\/\/fuentesfidedignas.com.mx\/index.php\/wp-json\/wp\/v2\/tags?post=28442"}],"curies":[{"name":"wp","href":"https:\/\/api.w.org\/{rel}","templated":true}]}}