{"id":28438,"date":"2022-04-16T09:36:54","date_gmt":"2022-04-16T16:36:54","guid":{"rendered":"https:\/\/fuentesfidedignas.com.mx\/?p=28438"},"modified":"2022-04-16T09:37:37","modified_gmt":"2022-04-16T16:37:37","slug":"protegete-por-tercer-dia-consecutivo-continua-la-onda-de-calor-sobre-gran-parte-del-pais","status":"publish","type":"post","link":"https:\/\/fuentesfidedignas.com.mx\/index.php\/2022\/04\/16\/protegete-por-tercer-dia-consecutivo-continua-la-onda-de-calor-sobre-gran-parte-del-pais\/","title":{"rendered":"\u00a1Prot\u00e9gete! por tercer d\u00eda consecutivo, contin\u00faa la onda de calor sobre gran parte del pa\u00eds"},"content":{"rendered":"\n<p><br><strong><em>El SMN recomend\u00f3 a la poblaci\u00f3n tomar medidas preventivas como evitar la exposici\u00f3n prolongada a la radiaci\u00f3n del Sol<\/em><\/strong> <\/p>\n\n\n\n<p>Ciudad de M\u00e9xico. El\u00a0<strong>Servicio Meteorol\u00f3gico Nacional (SMN)<\/strong>\u00a0inform\u00f3 que contin\u00faa la onda de calor que afecta la mayor parte de la Rep\u00fablica Mexicana, por lo que se espera una tarde con\u00a0<strong>ambiente de caluroso a muy caluroso<\/strong>\u00a0con temperaturas m\u00e1ximas de 40 a 45 grados en Campeche, Chiapas, Coahuila, Guerrero, Hidalgo, Jalisco, Michoac\u00e1n, Morelos, Nayarit, Nuevo Le\u00f3n, Oaxaca, Puebla, Quer\u00e9taro, San Luis Potos\u00ed, Sinaloa, Tamaulipas, Veracruz y Yucat\u00e1n.<\/p>\n\n\n\n<p>Asimismo, se pronostican temperaturas de 35 a 40 grados en Colima, el suroeste del Estado de M\u00e9xico, Quintana Roo, Sonora y Tabasco, y de 30 a 35 grados en Aguascalientes, Baja California, Baja California Sur, Chihuahua, Ciudad de M\u00e9xico, Durango, Guanajuato, Tlaxcala y Zacatecas.<\/p>\n\n\n\n<p>Ante las altas temperaturas previstas,&nbsp;<strong>el SMN recomend\u00f3 a la poblaci\u00f3n tomar medidas preventivas como evitar la exposici\u00f3n prolongada a la radiaci\u00f3n del Sol, hidratarse adecuadamente, poner especial atenci\u00f3n a enfermos cr\u00f3nicos, ni\u00f1os y adultos mayores<\/strong>, as\u00ed como atender las indicaciones de las autoridades del sector salud y de protecci\u00f3n civil.<\/p>\n\n\n\n<p>Para este s\u00e1bado, se prev\u00e9n vientos con rachas de 60 a 70 kil\u00f3metros por hora y tolvaneras en Coahuila y Nuevo Le\u00f3n, as\u00ed como rachas de 50 a 60 kil\u00f3metros por hora en Baja California, Baja California Sur, Campeche, Chihuahua, Tamaulipas, Yucat\u00e1n y costas de Jalisco.<\/p>\n\n\n\n<p>Asimismo, se estiman intervalos de chubascos en sitios de Chiapas, as\u00ed como lluvias aisladas en Coahuila, Estado de M\u00e9xico, Hidalgo, Morelos, Nuevo Le\u00f3n, Oaxaca, Puebla, Quer\u00e9taro, Quintana Roo, San Luis Potos\u00ed y Tamaulipas.<\/p>\n\n\n\n<p>Las condiciones meteorol\u00f3gicas mencionadas son ocasionadas por un canal de baja presi\u00f3n sobre el noreste y oriente del pa\u00eds, que interacciona con una l\u00ednea seca sobre Coahuila y con el ingreso de humedad proveniente del Golfo de M\u00e9xico, Oc\u00e9ano Pac\u00edfico y el Mar Caribe, as\u00ed como por un sistema anticicl\u00f3nico en niveles medios de la atm\u00f3sfera y la<strong>\u00a0onda de calor.<\/strong><\/p>\n","protected":false},"excerpt":{"rendered":"<p>El SMN recomend\u00f3 a la poblaci\u00f3n tomar medidas preventivas como evitar la exposici\u00f3n prolongada a la radiaci\u00f3n del Sol Ciudad de M\u00e9xico. El\u00a0Servicio Meteorol\u00f3gico Nacional (SMN)\u00a0inform\u00f3 que contin\u00faa la onda de calor que afecta la mayor parte de la Rep\u00fablica Mexicana, por lo que se espera una tarde con\u00a0ambiente de caluroso a muy caluroso\u00a0con temperaturas [&hellip;]<\/p>\n","protected":false},"author":7,"featured_media":28440,"comment_status":"open","ping_status":"open","sticky":false,"template":"","format":"standard","meta":{"tdm_status":"","tdm_grid_status":"","footnotes":""},"categories":[39,1],"tags":[],"class_list":{"0":"post-28438","1":"post","2":"type-post","3":"status-publish","4":"format-standard","5":"has-post-thumbnail","7":"category-noticias-nacionales","8":"category-sin-categoria"},"yoast_head":"<!-- This site is optimized with the Yoast SEO plugin v27.5 - https:\/\/yoast.com\/product\/yoast-seo-wordpress\/ -->\n<title>\u00a1Prot\u00e9gete! por tercer d\u00eda consecutivo, contin\u00faa la onda de calor sobre gran parte del pa\u00eds - Fuentes Fidedignas<\/title>\n<meta name=\"robots\" content=\"index, follow, max-snippet:-1, max-image-preview:large, max-video-preview:-1\" \/>\n<link rel=\"canonical\" href=\"https:\/\/fuentesfidedignas.com.mx\/index.php\/2022\/04\/16\/protegete-por-tercer-dia-consecutivo-continua-la-onda-de-calor-sobre-gran-parte-del-pais\/\" \/>\n<meta property=\"og:locale\" content=\"es_MX\" \/>\n<meta property=\"og:type\" content=\"article\" \/>\n<meta property=\"og:title\" content=\"\u00a1Prot\u00e9gete! por tercer d\u00eda consecutivo, contin\u00faa la onda de calor sobre gran parte del pa\u00eds - Fuentes Fidedignas\" \/>\n<meta property=\"og:description\" content=\"El SMN recomend\u00f3 a la poblaci\u00f3n tomar medidas preventivas como evitar la exposici\u00f3n prolongada a la radiaci\u00f3n del Sol Ciudad de M\u00e9xico. El\u00a0Servicio Meteorol\u00f3gico Nacional (SMN)\u00a0inform\u00f3 que contin\u00faa la onda de calor que afecta la mayor parte de la Rep\u00fablica Mexicana, por lo que se espera una tarde con\u00a0ambiente de caluroso a muy caluroso\u00a0con temperaturas [&hellip;]\" \/>\n<meta property=\"og:url\" content=\"https:\/\/fuentesfidedignas.com.mx\/index.php\/2022\/04\/16\/protegete-por-tercer-dia-consecutivo-continua-la-onda-de-calor-sobre-gran-parte-del-pais\/\" \/>\n<meta property=\"og:site_name\" content=\"Fuentes Fidedignas\" \/>\n<meta property=\"article:publisher\" content=\"https:\/\/www.facebook.com\/Fuentes-Fidedignas-368234489921644\" \/>\n<meta property=\"article:published_time\" content=\"2022-04-16T16:36:54+00:00\" \/>\n<meta property=\"article:modified_time\" content=\"2022-04-16T16:37:37+00:00\" \/>\n<meta property=\"og:image\" content=\"https:\/\/fuentesfidedignas.com.mx\/wp-content\/uploads\/2022\/04\/2744676.jpg\" \/>\n\t<meta property=\"og:image:width\" content=\"800\" \/>\n\t<meta property=\"og:image:height\" content=\"600\" \/>\n\t<meta property=\"og:image:type\" content=\"image\/jpeg\" \/>\n<meta name=\"author\" content=\"Exc\u00e9lsior\" \/>\n<meta name=\"twitter:card\" content=\"summary_large_image\" \/>\n<meta name=\"twitter:creator\" content=\"@fidedignas\" \/>\n<meta name=\"twitter:site\" content=\"@fidedignas\" \/>\n<meta name=\"twitter:label1\" content=\"Escrito por\" \/>\n\t<meta name=\"twitter:data1\" content=\"Exc\u00e9lsior\" \/>\n\t<meta name=\"twitter:label2\" content=\"Tiempo de lectura\" \/>\n\t<meta name=\"twitter:data2\" content=\"2 minutos\" \/>\n<script type=\"application\/ld+json\" class=\"yoast-schema-graph\">{\"@context\":\"https:\\\/\\\/schema.org\",\"@graph\":[{\"@type\":\"Article\",\"@id\":\"https:\\\/\\\/fuentesfidedignas.com.mx\\\/index.php\\\/2022\\\/04\\\/16\\\/protegete-por-tercer-dia-consecutivo-continua-la-onda-de-calor-sobre-gran-parte-del-pais\\\/#article\",\"isPartOf\":{\"@id\":\"https:\\\/\\\/fuentesfidedignas.com.mx\\\/index.php\\\/2022\\\/04\\\/16\\\/protegete-por-tercer-dia-consecutivo-continua-la-onda-de-calor-sobre-gran-parte-del-pais\\\/\"},\"author\":{\"name\":\"Exc\u00e9lsior\",\"@id\":\"https:\\\/\\\/fuentesfidedignas.com.mx\\\/#\\\/schema\\\/person\\\/ec4edd1fbf5efa3e44fce34fe2787780\"},\"headline\":\"\u00a1Prot\u00e9gete! por tercer d\u00eda consecutivo, contin\u00faa la onda de calor sobre gran parte del pa\u00eds\",\"datePublished\":\"2022-04-16T16:36:54+00:00\",\"dateModified\":\"2022-04-16T16:37:37+00:00\",\"mainEntityOfPage\":{\"@id\":\"https:\\\/\\\/fuentesfidedignas.com.mx\\\/index.php\\\/2022\\\/04\\\/16\\\/protegete-por-tercer-dia-consecutivo-continua-la-onda-de-calor-sobre-gran-parte-del-pais\\\/\"},\"wordCount\":372,\"commentCount\":0,\"publisher\":{\"@id\":\"https:\\\/\\\/fuentesfidedignas.com.mx\\\/#organization\"},\"image\":{\"@id\":\"https:\\\/\\\/fuentesfidedignas.com.mx\\\/index.php\\\/2022\\\/04\\\/16\\\/protegete-por-tercer-dia-consecutivo-continua-la-onda-de-calor-sobre-gran-parte-del-pais\\\/#primaryimage\"},\"thumbnailUrl\":\"https:\\\/\\\/fuentesfidedignas.com.mx\\\/wp-content\\\/uploads\\\/2022\\\/04\\\/2744676.jpg\",\"articleSection\":[\"NOTICIAS NACIONALES\"],\"inLanguage\":\"es\",\"potentialAction\":[{\"@type\":\"CommentAction\",\"name\":\"Comment\",\"target\":[\"https:\\\/\\\/fuentesfidedignas.com.mx\\\/index.php\\\/2022\\\/04\\\/16\\\/protegete-por-tercer-dia-consecutivo-continua-la-onda-de-calor-sobre-gran-parte-del-pais\\\/#respond\"]}]},{\"@type\":\"WebPage\",\"@id\":\"https:\\\/\\\/fuentesfidedignas.com.mx\\\/index.php\\\/2022\\\/04\\\/16\\\/protegete-por-tercer-dia-consecutivo-continua-la-onda-de-calor-sobre-gran-parte-del-pais\\\/\",\"url\":\"https:\\\/\\\/fuentesfidedignas.com.mx\\\/index.php\\\/2022\\\/04\\\/16\\\/protegete-por-tercer-dia-consecutivo-continua-la-onda-de-calor-sobre-gran-parte-del-pais\\\/\",\"name\":\"\u00a1Prot\u00e9gete! por tercer d\u00eda consecutivo, contin\u00faa la onda de calor sobre gran parte del pa\u00eds - Fuentes Fidedignas\",\"isPartOf\":{\"@id\":\"https:\\\/\\\/fuentesfidedignas.com.mx\\\/#website\"},\"primaryImageOfPage\":{\"@id\":\"https:\\\/\\\/fuentesfidedignas.com.mx\\\/index.php\\\/2022\\\/04\\\/16\\\/protegete-por-tercer-dia-consecutivo-continua-la-onda-de-calor-sobre-gran-parte-del-pais\\\/#primaryimage\"},\"image\":{\"@id\":\"https:\\\/\\\/fuentesfidedignas.com.mx\\\/index.php\\\/2022\\\/04\\\/16\\\/protegete-por-tercer-dia-consecutivo-continua-la-onda-de-calor-sobre-gran-parte-del-pais\\\/#primaryimage\"},\"thumbnailUrl\":\"https:\\\/\\\/fuentesfidedignas.com.mx\\\/wp-content\\\/uploads\\\/2022\\\/04\\\/2744676.jpg\",\"datePublished\":\"2022-04-16T16:36:54+00:00\",\"dateModified\":\"2022-04-16T16:37:37+00:00\",\"breadcrumb\":{\"@id\":\"https:\\\/\\\/fuentesfidedignas.com.mx\\\/index.php\\\/2022\\\/04\\\/16\\\/protegete-por-tercer-dia-consecutivo-continua-la-onda-de-calor-sobre-gran-parte-del-pais\\\/#breadcrumb\"},\"inLanguage\":\"es\",\"potentialAction\":[{\"@type\":\"ReadAction\",\"target\":[\"https:\\\/\\\/fuentesfidedignas.com.mx\\\/index.php\\\/2022\\\/04\\\/16\\\/protegete-por-tercer-dia-consecutivo-continua-la-onda-de-calor-sobre-gran-parte-del-pais\\\/\"]}]},{\"@type\":\"ImageObject\",\"inLanguage\":\"es\",\"@id\":\"https:\\\/\\\/fuentesfidedignas.com.mx\\\/index.php\\\/2022\\\/04\\\/16\\\/protegete-por-tercer-dia-consecutivo-continua-la-onda-de-calor-sobre-gran-parte-del-pais\\\/#primaryimage\",\"url\":\"https:\\\/\\\/fuentesfidedignas.com.mx\\\/wp-content\\\/uploads\\\/2022\\\/04\\\/2744676.jpg\",\"contentUrl\":\"https:\\\/\\\/fuentesfidedignas.com.mx\\\/wp-content\\\/uploads\\\/2022\\\/04\\\/2744676.jpg\",\"width\":800,\"height\":600},{\"@type\":\"BreadcrumbList\",\"@id\":\"https:\\\/\\\/fuentesfidedignas.com.mx\\\/index.php\\\/2022\\\/04\\\/16\\\/protegete-por-tercer-dia-consecutivo-continua-la-onda-de-calor-sobre-gran-parte-del-pais\\\/#breadcrumb\",\"itemListElement\":[{\"@type\":\"ListItem\",\"position\":1,\"name\":\"Inicio\",\"item\":\"https:\\\/\\\/fuentesfidedignas.com.mx\\\/\"},{\"@type\":\"ListItem\",\"position\":2,\"name\":\"\u00a1Prot\u00e9gete! por tercer d\u00eda consecutivo, contin\u00faa la onda de calor sobre gran parte del pa\u00eds\"}]},{\"@type\":\"WebSite\",\"@id\":\"https:\\\/\\\/fuentesfidedignas.com.mx\\\/#website\",\"url\":\"https:\\\/\\\/fuentesfidedignas.com.mx\\\/\",\"name\":\"Fuentes Fidedignas\",\"description\":\"Otro sitio realizado con WordPress\",\"publisher\":{\"@id\":\"https:\\\/\\\/fuentesfidedignas.com.mx\\\/#organization\"},\"potentialAction\":[{\"@type\":\"SearchAction\",\"target\":{\"@type\":\"EntryPoint\",\"urlTemplate\":\"https:\\\/\\\/fuentesfidedignas.com.mx\\\/?s={search_term_string}\"},\"query-input\":{\"@type\":\"PropertyValueSpecification\",\"valueRequired\":true,\"valueName\":\"search_term_string\"}}],\"inLanguage\":\"es\"},{\"@type\":\"Organization\",\"@id\":\"https:\\\/\\\/fuentesfidedignas.com.mx\\\/#organization\",\"name\":\"Fuentes Fidedignas\",\"url\":\"https:\\\/\\\/fuentesfidedignas.com.mx\\\/\",\"logo\":{\"@type\":\"ImageObject\",\"inLanguage\":\"es\",\"@id\":\"https:\\\/\\\/fuentesfidedignas.com.mx\\\/#\\\/schema\\\/logo\\\/image\\\/\",\"url\":\"https:\\\/\\\/fuentesfidedignas.com.mx\\\/wp-content\\\/uploads\\\/2021\\\/04\\\/logo-retina.png\",\"contentUrl\":\"https:\\\/\\\/fuentesfidedignas.com.mx\\\/wp-content\\\/uploads\\\/2021\\\/04\\\/logo-retina.png\",\"width\":280,\"height\":51,\"caption\":\"Fuentes Fidedignas\"},\"image\":{\"@id\":\"https:\\\/\\\/fuentesfidedignas.com.mx\\\/#\\\/schema\\\/logo\\\/image\\\/\"},\"sameAs\":[\"https:\\\/\\\/www.facebook.com\\\/Fuentes-Fidedignas-368234489921644\",\"https:\\\/\\\/x.com\\\/fidedignas\"]},{\"@type\":\"Person\",\"@id\":\"https:\\\/\\\/fuentesfidedignas.com.mx\\\/#\\\/schema\\\/person\\\/ec4edd1fbf5efa3e44fce34fe2787780\",\"name\":\"Exc\u00e9lsior\",\"image\":{\"@type\":\"ImageObject\",\"inLanguage\":\"es\",\"@id\":\"https:\\\/\\\/secure.gravatar.com\\\/avatar\\\/4b7ee9206b48be08447852b3f0814dbc7c0f3b51541b164f1464a2725614020b?s=96&d=mm&r=g\",\"url\":\"https:\\\/\\\/secure.gravatar.com\\\/avatar\\\/4b7ee9206b48be08447852b3f0814dbc7c0f3b51541b164f1464a2725614020b?s=96&d=mm&r=g\",\"contentUrl\":\"https:\\\/\\\/secure.gravatar.com\\\/avatar\\\/4b7ee9206b48be08447852b3f0814dbc7c0f3b51541b164f1464a2725614020b?s=96&d=mm&r=g\",\"caption\":\"Exc\u00e9lsior\"},\"url\":\"https:\\\/\\\/fuentesfidedignas.com.mx\\\/index.php\\\/author\\\/excelsior\\\/\"}]}<\/script>\n<!-- \/ Yoast SEO plugin. -->","yoast_head_json":{"title":"\u00a1Prot\u00e9gete! por tercer d\u00eda consecutivo, contin\u00faa la onda de calor sobre gran parte del pa\u00eds - Fuentes Fidedignas","robots":{"index":"index","follow":"follow","max-snippet":"max-snippet:-1","max-image-preview":"max-image-preview:large","max-video-preview":"max-video-preview:-1"},"canonical":"https:\/\/fuentesfidedignas.com.mx\/index.php\/2022\/04\/16\/protegete-por-tercer-dia-consecutivo-continua-la-onda-de-calor-sobre-gran-parte-del-pais\/","og_locale":"es_MX","og_type":"article","og_title":"\u00a1Prot\u00e9gete! por tercer d\u00eda consecutivo, contin\u00faa la onda de calor sobre gran parte del pa\u00eds - Fuentes Fidedignas","og_description":"El SMN recomend\u00f3 a la poblaci\u00f3n tomar medidas preventivas como evitar la exposici\u00f3n prolongada a la radiaci\u00f3n del Sol Ciudad de M\u00e9xico. El\u00a0Servicio Meteorol\u00f3gico Nacional (SMN)\u00a0inform\u00f3 que contin\u00faa la onda de calor que afecta la mayor parte de la Rep\u00fablica Mexicana, por lo que se espera una tarde con\u00a0ambiente de caluroso a muy caluroso\u00a0con temperaturas [&hellip;]","og_url":"https:\/\/fuentesfidedignas.com.mx\/index.php\/2022\/04\/16\/protegete-por-tercer-dia-consecutivo-continua-la-onda-de-calor-sobre-gran-parte-del-pais\/","og_site_name":"Fuentes Fidedignas","article_publisher":"https:\/\/www.facebook.com\/Fuentes-Fidedignas-368234489921644","article_published_time":"2022-04-16T16:36:54+00:00","article_modified_time":"2022-04-16T16:37:37+00:00","og_image":[{"width":800,"height":600,"url":"https:\/\/fuentesfidedignas.com.mx\/wp-content\/uploads\/2022\/04\/2744676.jpg","type":"image\/jpeg"}],"author":"Exc\u00e9lsior","twitter_card":"summary_large_image","twitter_creator":"@fidedignas","twitter_site":"@fidedignas","twitter_misc":{"Escrito por":"Exc\u00e9lsior","Tiempo de lectura":"2 minutos"},"schema":{"@context":"https:\/\/schema.org","@graph":[{"@type":"Article","@id":"https:\/\/fuentesfidedignas.com.mx\/index.php\/2022\/04\/16\/protegete-por-tercer-dia-consecutivo-continua-la-onda-de-calor-sobre-gran-parte-del-pais\/#article","isPartOf":{"@id":"https:\/\/fuentesfidedignas.com.mx\/index.php\/2022\/04\/16\/protegete-por-tercer-dia-consecutivo-continua-la-onda-de-calor-sobre-gran-parte-del-pais\/"},"author":{"name":"Exc\u00e9lsior","@id":"https:\/\/fuentesfidedignas.com.mx\/#\/schema\/person\/ec4edd1fbf5efa3e44fce34fe2787780"},"headline":"\u00a1Prot\u00e9gete! por tercer d\u00eda consecutivo, contin\u00faa la onda de calor sobre gran parte del pa\u00eds","datePublished":"2022-04-16T16:36:54+00:00","dateModified":"2022-04-16T16:37:37+00:00","mainEntityOfPage":{"@id":"https:\/\/fuentesfidedignas.com.mx\/index.php\/2022\/04\/16\/protegete-por-tercer-dia-consecutivo-continua-la-onda-de-calor-sobre-gran-parte-del-pais\/"},"wordCount":372,"commentCount":0,"publisher":{"@id":"https:\/\/fuentesfidedignas.com.mx\/#organization"},"image":{"@id":"https:\/\/fuentesfidedignas.com.mx\/index.php\/2022\/04\/16\/protegete-por-tercer-dia-consecutivo-continua-la-onda-de-calor-sobre-gran-parte-del-pais\/#primaryimage"},"thumbnailUrl":"https:\/\/fuentesfidedignas.com.mx\/wp-content\/uploads\/2022\/04\/2744676.jpg","articleSection":["NOTICIAS NACIONALES"],"inLanguage":"es","potentialAction":[{"@type":"CommentAction","name":"Comment","target":["https:\/\/fuentesfidedignas.com.mx\/index.php\/2022\/04\/16\/protegete-por-tercer-dia-consecutivo-continua-la-onda-de-calor-sobre-gran-parte-del-pais\/#respond"]}]},{"@type":"WebPage","@id":"https:\/\/fuentesfidedignas.com.mx\/index.php\/2022\/04\/16\/protegete-por-tercer-dia-consecutivo-continua-la-onda-de-calor-sobre-gran-parte-del-pais\/","url":"https:\/\/fuentesfidedignas.com.mx\/index.php\/2022\/04\/16\/protegete-por-tercer-dia-consecutivo-continua-la-onda-de-calor-sobre-gran-parte-del-pais\/","name":"\u00a1Prot\u00e9gete! por tercer d\u00eda consecutivo, contin\u00faa la onda de calor sobre gran parte del pa\u00eds - Fuentes Fidedignas","isPartOf":{"@id":"https:\/\/fuentesfidedignas.com.mx\/#website"},"primaryImageOfPage":{"@id":"https:\/\/fuentesfidedignas.com.mx\/index.php\/2022\/04\/16\/protegete-por-tercer-dia-consecutivo-continua-la-onda-de-calor-sobre-gran-parte-del-pais\/#primaryimage"},"image":{"@id":"https:\/\/fuentesfidedignas.com.mx\/index.php\/2022\/04\/16\/protegete-por-tercer-dia-consecutivo-continua-la-onda-de-calor-sobre-gran-parte-del-pais\/#primaryimage"},"thumbnailUrl":"https:\/\/fuentesfidedignas.com.mx\/wp-content\/uploads\/2022\/04\/2744676.jpg","datePublished":"2022-04-16T16:36:54+00:00","dateModified":"2022-04-16T16:37:37+00:00","breadcrumb":{"@id":"https:\/\/fuentesfidedignas.com.mx\/index.php\/2022\/04\/16\/protegete-por-tercer-dia-consecutivo-continua-la-onda-de-calor-sobre-gran-parte-del-pais\/#breadcrumb"},"inLanguage":"es","potentialAction":[{"@type":"ReadAction","target":["https:\/\/fuentesfidedignas.com.mx\/index.php\/2022\/04\/16\/protegete-por-tercer-dia-consecutivo-continua-la-onda-de-calor-sobre-gran-parte-del-pais\/"]}]},{"@type":"ImageObject","inLanguage":"es","@id":"https:\/\/fuentesfidedignas.com.mx\/index.php\/2022\/04\/16\/protegete-por-tercer-dia-consecutivo-continua-la-onda-de-calor-sobre-gran-parte-del-pais\/#primaryimage","url":"https:\/\/fuentesfidedignas.com.mx\/wp-content\/uploads\/2022\/04\/2744676.jpg","contentUrl":"https:\/\/fuentesfidedignas.com.mx\/wp-content\/uploads\/2022\/04\/2744676.jpg","width":800,"height":600},{"@type":"BreadcrumbList","@id":"https:\/\/fuentesfidedignas.com.mx\/index.php\/2022\/04\/16\/protegete-por-tercer-dia-consecutivo-continua-la-onda-de-calor-sobre-gran-parte-del-pais\/#breadcrumb","itemListElement":[{"@type":"ListItem","position":1,"name":"Inicio","item":"https:\/\/fuentesfidedignas.com.mx\/"},{"@type":"ListItem","position":2,"name":"\u00a1Prot\u00e9gete! por tercer d\u00eda consecutivo, contin\u00faa la onda de calor sobre gran parte del pa\u00eds"}]},{"@type":"WebSite","@id":"https:\/\/fuentesfidedignas.com.mx\/#website","url":"https:\/\/fuentesfidedignas.com.mx\/","name":"Fuentes Fidedignas","description":"Otro sitio realizado con WordPress","publisher":{"@id":"https:\/\/fuentesfidedignas.com.mx\/#organization"},"potentialAction":[{"@type":"SearchAction","target":{"@type":"EntryPoint","urlTemplate":"https:\/\/fuentesfidedignas.com.mx\/?s={search_term_string}"},"query-input":{"@type":"PropertyValueSpecification","valueRequired":true,"valueName":"search_term_string"}}],"inLanguage":"es"},{"@type":"Organization","@id":"https:\/\/fuentesfidedignas.com.mx\/#organization","name":"Fuentes Fidedignas","url":"https:\/\/fuentesfidedignas.com.mx\/","logo":{"@type":"ImageObject","inLanguage":"es","@id":"https:\/\/fuentesfidedignas.com.mx\/#\/schema\/logo\/image\/","url":"https:\/\/fuentesfidedignas.com.mx\/wp-content\/uploads\/2021\/04\/logo-retina.png","contentUrl":"https:\/\/fuentesfidedignas.com.mx\/wp-content\/uploads\/2021\/04\/logo-retina.png","width":280,"height":51,"caption":"Fuentes Fidedignas"},"image":{"@id":"https:\/\/fuentesfidedignas.com.mx\/#\/schema\/logo\/image\/"},"sameAs":["https:\/\/www.facebook.com\/Fuentes-Fidedignas-368234489921644","https:\/\/x.com\/fidedignas"]},{"@type":"Person","@id":"https:\/\/fuentesfidedignas.com.mx\/#\/schema\/person\/ec4edd1fbf5efa3e44fce34fe2787780","name":"Exc\u00e9lsior","image":{"@type":"ImageObject","inLanguage":"es","@id":"https:\/\/secure.gravatar.com\/avatar\/4b7ee9206b48be08447852b3f0814dbc7c0f3b51541b164f1464a2725614020b?s=96&d=mm&r=g","url":"https:\/\/secure.gravatar.com\/avatar\/4b7ee9206b48be08447852b3f0814dbc7c0f3b51541b164f1464a2725614020b?s=96&d=mm&r=g","contentUrl":"https:\/\/secure.gravatar.com\/avatar\/4b7ee9206b48be08447852b3f0814dbc7c0f3b51541b164f1464a2725614020b?s=96&d=mm&r=g","caption":"Exc\u00e9lsior"},"url":"https:\/\/fuentesfidedignas.com.mx\/index.php\/author\/excelsior\/"}]}},"_links":{"self":[{"href":"https:\/\/fuentesfidedignas.com.mx\/index.php\/wp-json\/wp\/v2\/posts\/28438","targetHints":{"allow":["GET"]}}],"collection":[{"href":"https:\/\/fuentesfidedignas.com.mx\/index.php\/wp-json\/wp\/v2\/posts"}],"about":[{"href":"https:\/\/fuentesfidedignas.com.mx\/index.php\/wp-json\/wp\/v2\/types\/post"}],"author":[{"embeddable":true,"href":"https:\/\/fuentesfidedignas.com.mx\/index.php\/wp-json\/wp\/v2\/users\/7"}],"replies":[{"embeddable":true,"href":"https:\/\/fuentesfidedignas.com.mx\/index.php\/wp-json\/wp\/v2\/comments?post=28438"}],"version-history":[{"count":1,"href":"https:\/\/fuentesfidedignas.com.mx\/index.php\/wp-json\/wp\/v2\/posts\/28438\/revisions"}],"predecessor-version":[{"id":28439,"href":"https:\/\/fuentesfidedignas.com.mx\/index.php\/wp-json\/wp\/v2\/posts\/28438\/revisions\/28439"}],"wp:featuredmedia":[{"embeddable":true,"href":"https:\/\/fuentesfidedignas.com.mx\/index.php\/wp-json\/wp\/v2\/media\/28440"}],"wp:attachment":[{"href":"https:\/\/fuentesfidedignas.com.mx\/index.php\/wp-json\/wp\/v2\/media?parent=28438"}],"wp:term":[{"taxonomy":"category","embeddable":true,"href":"https:\/\/fuentesfidedignas.com.mx\/index.php\/wp-json\/wp\/v2\/categories?post=28438"},{"taxonomy":"post_tag","embeddable":true,"href":"https:\/\/fuentesfidedignas.com.mx\/index.php\/wp-json\/wp\/v2\/tags?post=28438"}],"curies":[{"name":"wp","href":"https:\/\/api.w.org\/{rel}","templated":true}]}}