{"id":28434,"date":"2022-04-16T07:11:50","date_gmt":"2022-04-16T14:11:50","guid":{"rendered":"https:\/\/fuentesfidedignas.com.mx\/?p=28434"},"modified":"2022-04-16T10:15:55","modified_gmt":"2022-04-16T17:15:55","slug":"centros-recreativos-y-parques-de-culiacan-reciben-a-vacacionistas-durante-la-semana-santa-2022","status":"publish","type":"post","link":"https:\/\/fuentesfidedignas.com.mx\/index.php\/2022\/04\/16\/centros-recreativos-y-parques-de-culiacan-reciben-a-vacacionistas-durante-la-semana-santa-2022\/","title":{"rendered":"Centros recreativos y parques de Culiac\u00e1n reciben a vacacionistas durante Semana Santa"},"content":{"rendered":"\n<p><br>Culiac\u00e1n, Sin.- Tras una extensa labor de limpieza, mantenimiento y rehabilitaci\u00f3n, los Centros de Barrio, parques y balnearios de la capital, se encuentran en \u00f3ptimas condiciones para recibir a los miles de vacacionistas que a\u00f1o tras a\u00f1o los visitan para disfrutar el periodo de Semana Santa.<\/p>\n\n\n\n<p><br>Rey David S\u00e1nchez Figueroa, director general de Centros Deportivos y Recreativos, detall\u00f3 que por instrucciones del alcalde Lic. Jes\u00fas Estrada Ferreiro, se redoblaron esfuerzos en las tareas de reacondicionamiento de estos espacios p\u00fablicos, con el principal objetivo de ofrecer un ambiente limpio y agradable para la sana convivencia social.<\/p>\n\n\n\n<p><br>Detall\u00f3 que entre las acciones m\u00e1s destacadas para la rehabilitaci\u00f3n de dichos centros recreativos, se encuentran las labores de limpieza y reparaci\u00f3n de albercas, donde se dedic\u00f3 especial atenci\u00f3n para mantener los niveles \u00f3ptimos del agua en cada una de ellas.<\/p>\n\n\n\n<p><br>Asimismo, dio a conocer que se llevaron a cabo trabajos de restauraci\u00f3n de pinturas, bancas, cestos de basura, reparaci\u00f3n de luminarias y arborizaci\u00f3n en los Centros de Barrio, tanto de la ciudad como de la sindicatura.<\/p>\n\n\n\n<p><br>S\u00e1nchez Figueroa agreg\u00f3 que las jornadas de rehabilitaci\u00f3n buscan mejorar las condiciones de estos espacios a fin de generar mayor seguridad a sus visitantes, mismas que se fortalecen gracias a la presencia de elementos de la Secretar\u00eda de Seguridad P\u00fablica y Tr\u00e1nsito Municipal, as\u00ed como tambi\u00e9n de Protecci\u00f3n Civil, como parte del Operativo Preventivo de Semana Santa 2022.<\/p>\n\n\n\n<p><br>Finalmente, invit\u00f3 al p\u00fablico en general para que acuda a disfrutar un agradable momento en compa\u00f1\u00eda de familiares y amigos a los Centros de Barrios y los diferentes parques del municipio, como lo son el Centro C\u00edvico Constituci\u00f3n y el Parque Culiac\u00e1n.<\/p>\n","protected":false},"excerpt":{"rendered":"<p>Culiac\u00e1n, Sin.- Tras una extensa labor de limpieza, mantenimiento y rehabilitaci\u00f3n, los Centros de Barrio, parques y balnearios de la capital, se encuentran en \u00f3ptimas condiciones para recibir a los miles de vacacionistas que a\u00f1o tras a\u00f1o los visitan para disfrutar el periodo de Semana Santa. Rey David S\u00e1nchez Figueroa, director general de Centros Deportivos [&hellip;]<\/p>\n","protected":false},"author":4,"featured_media":28436,"comment_status":"open","ping_status":"open","sticky":false,"template":"","format":"standard","meta":{"tdm_status":"","tdm_grid_status":"","footnotes":""},"categories":[37,1],"tags":[],"class_list":{"0":"post-28434","1":"post","2":"type-post","3":"status-publish","4":"format-standard","5":"has-post-thumbnail","7":"category-nota-principal","8":"category-sin-categoria"},"yoast_head":"<!-- This site is optimized with the Yoast SEO plugin v27.5 - https:\/\/yoast.com\/product\/yoast-seo-wordpress\/ -->\n<title>Centros recreativos y parques de Culiac\u00e1n reciben a vacacionistas durante Semana Santa - Fuentes Fidedignas<\/title>\n<meta name=\"robots\" content=\"index, follow, max-snippet:-1, max-image-preview:large, max-video-preview:-1\" \/>\n<link rel=\"canonical\" href=\"https:\/\/fuentesfidedignas.com.mx\/index.php\/2022\/04\/16\/centros-recreativos-y-parques-de-culiacan-reciben-a-vacacionistas-durante-la-semana-santa-2022\/\" \/>\n<meta property=\"og:locale\" content=\"es_MX\" \/>\n<meta property=\"og:type\" content=\"article\" \/>\n<meta property=\"og:title\" content=\"Centros recreativos y parques de Culiac\u00e1n reciben a vacacionistas durante Semana Santa - Fuentes Fidedignas\" \/>\n<meta property=\"og:description\" content=\"Culiac\u00e1n, Sin.- Tras una extensa labor de limpieza, mantenimiento y rehabilitaci\u00f3n, los Centros de Barrio, parques y balnearios de la capital, se encuentran en \u00f3ptimas condiciones para recibir a los miles de vacacionistas que a\u00f1o tras a\u00f1o los visitan para disfrutar el periodo de Semana Santa. Rey David S\u00e1nchez Figueroa, director general de Centros Deportivos [&hellip;]\" \/>\n<meta property=\"og:url\" content=\"https:\/\/fuentesfidedignas.com.mx\/index.php\/2022\/04\/16\/centros-recreativos-y-parques-de-culiacan-reciben-a-vacacionistas-durante-la-semana-santa-2022\/\" \/>\n<meta property=\"og:site_name\" content=\"Fuentes Fidedignas\" \/>\n<meta property=\"article:publisher\" content=\"https:\/\/www.facebook.com\/Fuentes-Fidedignas-368234489921644\" \/>\n<meta property=\"article:published_time\" content=\"2022-04-16T14:11:50+00:00\" \/>\n<meta property=\"article:modified_time\" content=\"2022-04-16T17:15:55+00:00\" \/>\n<meta property=\"og:image\" content=\"https:\/\/fuentesfidedignas.com.mx\/wp-content\/uploads\/2022\/04\/IMG-20220415-WA0067.jpg\" \/>\n\t<meta property=\"og:image:width\" content=\"1280\" \/>\n\t<meta property=\"og:image:height\" content=\"853\" \/>\n\t<meta property=\"og:image:type\" content=\"image\/jpeg\" \/>\n<meta name=\"author\" content=\"Redacci\u00f3n\" \/>\n<meta name=\"twitter:card\" content=\"summary_large_image\" \/>\n<meta name=\"twitter:creator\" content=\"@fidedignas\" \/>\n<meta name=\"twitter:site\" content=\"@fidedignas\" \/>\n<meta name=\"twitter:label1\" content=\"Escrito por\" \/>\n\t<meta name=\"twitter:data1\" content=\"Redacci\u00f3n\" \/>\n\t<meta name=\"twitter:label2\" content=\"Tiempo de lectura\" \/>\n\t<meta name=\"twitter:data2\" content=\"2 minutos\" \/>\n<script type=\"application\/ld+json\" class=\"yoast-schema-graph\">{\"@context\":\"https:\\\/\\\/schema.org\",\"@graph\":[{\"@type\":\"Article\",\"@id\":\"https:\\\/\\\/fuentesfidedignas.com.mx\\\/index.php\\\/2022\\\/04\\\/16\\\/centros-recreativos-y-parques-de-culiacan-reciben-a-vacacionistas-durante-la-semana-santa-2022\\\/#article\",\"isPartOf\":{\"@id\":\"https:\\\/\\\/fuentesfidedignas.com.mx\\\/index.php\\\/2022\\\/04\\\/16\\\/centros-recreativos-y-parques-de-culiacan-reciben-a-vacacionistas-durante-la-semana-santa-2022\\\/\"},\"author\":{\"name\":\"Redacci\u00f3n\",\"@id\":\"https:\\\/\\\/fuentesfidedignas.com.mx\\\/#\\\/schema\\\/person\\\/331be9283d37198e2acd5750279085b0\"},\"headline\":\"Centros recreativos y parques de Culiac\u00e1n reciben a vacacionistas durante Semana Santa\",\"datePublished\":\"2022-04-16T14:11:50+00:00\",\"dateModified\":\"2022-04-16T17:15:55+00:00\",\"mainEntityOfPage\":{\"@id\":\"https:\\\/\\\/fuentesfidedignas.com.mx\\\/index.php\\\/2022\\\/04\\\/16\\\/centros-recreativos-y-parques-de-culiacan-reciben-a-vacacionistas-durante-la-semana-santa-2022\\\/\"},\"wordCount\":311,\"commentCount\":0,\"publisher\":{\"@id\":\"https:\\\/\\\/fuentesfidedignas.com.mx\\\/#organization\"},\"image\":{\"@id\":\"https:\\\/\\\/fuentesfidedignas.com.mx\\\/index.php\\\/2022\\\/04\\\/16\\\/centros-recreativos-y-parques-de-culiacan-reciben-a-vacacionistas-durante-la-semana-santa-2022\\\/#primaryimage\"},\"thumbnailUrl\":\"https:\\\/\\\/fuentesfidedignas.com.mx\\\/wp-content\\\/uploads\\\/2022\\\/04\\\/IMG-20220415-WA0067.jpg\",\"articleSection\":[\"NOTA PRINCIPAL\"],\"inLanguage\":\"es\",\"potentialAction\":[{\"@type\":\"CommentAction\",\"name\":\"Comment\",\"target\":[\"https:\\\/\\\/fuentesfidedignas.com.mx\\\/index.php\\\/2022\\\/04\\\/16\\\/centros-recreativos-y-parques-de-culiacan-reciben-a-vacacionistas-durante-la-semana-santa-2022\\\/#respond\"]}]},{\"@type\":\"WebPage\",\"@id\":\"https:\\\/\\\/fuentesfidedignas.com.mx\\\/index.php\\\/2022\\\/04\\\/16\\\/centros-recreativos-y-parques-de-culiacan-reciben-a-vacacionistas-durante-la-semana-santa-2022\\\/\",\"url\":\"https:\\\/\\\/fuentesfidedignas.com.mx\\\/index.php\\\/2022\\\/04\\\/16\\\/centros-recreativos-y-parques-de-culiacan-reciben-a-vacacionistas-durante-la-semana-santa-2022\\\/\",\"name\":\"Centros recreativos y parques de Culiac\u00e1n reciben a vacacionistas durante Semana Santa - Fuentes Fidedignas\",\"isPartOf\":{\"@id\":\"https:\\\/\\\/fuentesfidedignas.com.mx\\\/#website\"},\"primaryImageOfPage\":{\"@id\":\"https:\\\/\\\/fuentesfidedignas.com.mx\\\/index.php\\\/2022\\\/04\\\/16\\\/centros-recreativos-y-parques-de-culiacan-reciben-a-vacacionistas-durante-la-semana-santa-2022\\\/#primaryimage\"},\"image\":{\"@id\":\"https:\\\/\\\/fuentesfidedignas.com.mx\\\/index.php\\\/2022\\\/04\\\/16\\\/centros-recreativos-y-parques-de-culiacan-reciben-a-vacacionistas-durante-la-semana-santa-2022\\\/#primaryimage\"},\"thumbnailUrl\":\"https:\\\/\\\/fuentesfidedignas.com.mx\\\/wp-content\\\/uploads\\\/2022\\\/04\\\/IMG-20220415-WA0067.jpg\",\"datePublished\":\"2022-04-16T14:11:50+00:00\",\"dateModified\":\"2022-04-16T17:15:55+00:00\",\"breadcrumb\":{\"@id\":\"https:\\\/\\\/fuentesfidedignas.com.mx\\\/index.php\\\/2022\\\/04\\\/16\\\/centros-recreativos-y-parques-de-culiacan-reciben-a-vacacionistas-durante-la-semana-santa-2022\\\/#breadcrumb\"},\"inLanguage\":\"es\",\"potentialAction\":[{\"@type\":\"ReadAction\",\"target\":[\"https:\\\/\\\/fuentesfidedignas.com.mx\\\/index.php\\\/2022\\\/04\\\/16\\\/centros-recreativos-y-parques-de-culiacan-reciben-a-vacacionistas-durante-la-semana-santa-2022\\\/\"]}]},{\"@type\":\"ImageObject\",\"inLanguage\":\"es\",\"@id\":\"https:\\\/\\\/fuentesfidedignas.com.mx\\\/index.php\\\/2022\\\/04\\\/16\\\/centros-recreativos-y-parques-de-culiacan-reciben-a-vacacionistas-durante-la-semana-santa-2022\\\/#primaryimage\",\"url\":\"https:\\\/\\\/fuentesfidedignas.com.mx\\\/wp-content\\\/uploads\\\/2022\\\/04\\\/IMG-20220415-WA0067.jpg\",\"contentUrl\":\"https:\\\/\\\/fuentesfidedignas.com.mx\\\/wp-content\\\/uploads\\\/2022\\\/04\\\/IMG-20220415-WA0067.jpg\",\"width\":1280,\"height\":853},{\"@type\":\"BreadcrumbList\",\"@id\":\"https:\\\/\\\/fuentesfidedignas.com.mx\\\/index.php\\\/2022\\\/04\\\/16\\\/centros-recreativos-y-parques-de-culiacan-reciben-a-vacacionistas-durante-la-semana-santa-2022\\\/#breadcrumb\",\"itemListElement\":[{\"@type\":\"ListItem\",\"position\":1,\"name\":\"Inicio\",\"item\":\"https:\\\/\\\/fuentesfidedignas.com.mx\\\/\"},{\"@type\":\"ListItem\",\"position\":2,\"name\":\"Centros recreativos y parques de Culiac\u00e1n reciben a vacacionistas durante Semana Santa\"}]},{\"@type\":\"WebSite\",\"@id\":\"https:\\\/\\\/fuentesfidedignas.com.mx\\\/#website\",\"url\":\"https:\\\/\\\/fuentesfidedignas.com.mx\\\/\",\"name\":\"Fuentes Fidedignas\",\"description\":\"Otro sitio realizado con WordPress\",\"publisher\":{\"@id\":\"https:\\\/\\\/fuentesfidedignas.com.mx\\\/#organization\"},\"potentialAction\":[{\"@type\":\"SearchAction\",\"target\":{\"@type\":\"EntryPoint\",\"urlTemplate\":\"https:\\\/\\\/fuentesfidedignas.com.mx\\\/?s={search_term_string}\"},\"query-input\":{\"@type\":\"PropertyValueSpecification\",\"valueRequired\":true,\"valueName\":\"search_term_string\"}}],\"inLanguage\":\"es\"},{\"@type\":\"Organization\",\"@id\":\"https:\\\/\\\/fuentesfidedignas.com.mx\\\/#organization\",\"name\":\"Fuentes Fidedignas\",\"url\":\"https:\\\/\\\/fuentesfidedignas.com.mx\\\/\",\"logo\":{\"@type\":\"ImageObject\",\"inLanguage\":\"es\",\"@id\":\"https:\\\/\\\/fuentesfidedignas.com.mx\\\/#\\\/schema\\\/logo\\\/image\\\/\",\"url\":\"https:\\\/\\\/fuentesfidedignas.com.mx\\\/wp-content\\\/uploads\\\/2021\\\/04\\\/logo-retina.png\",\"contentUrl\":\"https:\\\/\\\/fuentesfidedignas.com.mx\\\/wp-content\\\/uploads\\\/2021\\\/04\\\/logo-retina.png\",\"width\":280,\"height\":51,\"caption\":\"Fuentes Fidedignas\"},\"image\":{\"@id\":\"https:\\\/\\\/fuentesfidedignas.com.mx\\\/#\\\/schema\\\/logo\\\/image\\\/\"},\"sameAs\":[\"https:\\\/\\\/www.facebook.com\\\/Fuentes-Fidedignas-368234489921644\",\"https:\\\/\\\/x.com\\\/fidedignas\"]},{\"@type\":\"Person\",\"@id\":\"https:\\\/\\\/fuentesfidedignas.com.mx\\\/#\\\/schema\\\/person\\\/331be9283d37198e2acd5750279085b0\",\"name\":\"Redacci\u00f3n\",\"image\":{\"@type\":\"ImageObject\",\"inLanguage\":\"es\",\"@id\":\"https:\\\/\\\/secure.gravatar.com\\\/avatar\\\/f6d8782c11d12b2d4ad3fbb6931aeab5309937a4d6cd2fc9cfaa28a6396a5aec?s=96&d=mm&r=g\",\"url\":\"https:\\\/\\\/secure.gravatar.com\\\/avatar\\\/f6d8782c11d12b2d4ad3fbb6931aeab5309937a4d6cd2fc9cfaa28a6396a5aec?s=96&d=mm&r=g\",\"contentUrl\":\"https:\\\/\\\/secure.gravatar.com\\\/avatar\\\/f6d8782c11d12b2d4ad3fbb6931aeab5309937a4d6cd2fc9cfaa28a6396a5aec?s=96&d=mm&r=g\",\"caption\":\"Redacci\u00f3n\"},\"url\":\"https:\\\/\\\/fuentesfidedignas.com.mx\\\/index.php\\\/author\\\/redaccion\\\/\"}]}<\/script>\n<!-- \/ Yoast SEO plugin. -->","yoast_head_json":{"title":"Centros recreativos y parques de Culiac\u00e1n reciben a vacacionistas durante Semana Santa - Fuentes Fidedignas","robots":{"index":"index","follow":"follow","max-snippet":"max-snippet:-1","max-image-preview":"max-image-preview:large","max-video-preview":"max-video-preview:-1"},"canonical":"https:\/\/fuentesfidedignas.com.mx\/index.php\/2022\/04\/16\/centros-recreativos-y-parques-de-culiacan-reciben-a-vacacionistas-durante-la-semana-santa-2022\/","og_locale":"es_MX","og_type":"article","og_title":"Centros recreativos y parques de Culiac\u00e1n reciben a vacacionistas durante Semana Santa - Fuentes Fidedignas","og_description":"Culiac\u00e1n, Sin.- Tras una extensa labor de limpieza, mantenimiento y rehabilitaci\u00f3n, los Centros de Barrio, parques y balnearios de la capital, se encuentran en \u00f3ptimas condiciones para recibir a los miles de vacacionistas que a\u00f1o tras a\u00f1o los visitan para disfrutar el periodo de Semana Santa. Rey David S\u00e1nchez Figueroa, director general de Centros Deportivos [&hellip;]","og_url":"https:\/\/fuentesfidedignas.com.mx\/index.php\/2022\/04\/16\/centros-recreativos-y-parques-de-culiacan-reciben-a-vacacionistas-durante-la-semana-santa-2022\/","og_site_name":"Fuentes Fidedignas","article_publisher":"https:\/\/www.facebook.com\/Fuentes-Fidedignas-368234489921644","article_published_time":"2022-04-16T14:11:50+00:00","article_modified_time":"2022-04-16T17:15:55+00:00","og_image":[{"width":1280,"height":853,"url":"https:\/\/fuentesfidedignas.com.mx\/wp-content\/uploads\/2022\/04\/IMG-20220415-WA0067.jpg","type":"image\/jpeg"}],"author":"Redacci\u00f3n","twitter_card":"summary_large_image","twitter_creator":"@fidedignas","twitter_site":"@fidedignas","twitter_misc":{"Escrito por":"Redacci\u00f3n","Tiempo de lectura":"2 minutos"},"schema":{"@context":"https:\/\/schema.org","@graph":[{"@type":"Article","@id":"https:\/\/fuentesfidedignas.com.mx\/index.php\/2022\/04\/16\/centros-recreativos-y-parques-de-culiacan-reciben-a-vacacionistas-durante-la-semana-santa-2022\/#article","isPartOf":{"@id":"https:\/\/fuentesfidedignas.com.mx\/index.php\/2022\/04\/16\/centros-recreativos-y-parques-de-culiacan-reciben-a-vacacionistas-durante-la-semana-santa-2022\/"},"author":{"name":"Redacci\u00f3n","@id":"https:\/\/fuentesfidedignas.com.mx\/#\/schema\/person\/331be9283d37198e2acd5750279085b0"},"headline":"Centros recreativos y parques de Culiac\u00e1n reciben a vacacionistas durante Semana Santa","datePublished":"2022-04-16T14:11:50+00:00","dateModified":"2022-04-16T17:15:55+00:00","mainEntityOfPage":{"@id":"https:\/\/fuentesfidedignas.com.mx\/index.php\/2022\/04\/16\/centros-recreativos-y-parques-de-culiacan-reciben-a-vacacionistas-durante-la-semana-santa-2022\/"},"wordCount":311,"commentCount":0,"publisher":{"@id":"https:\/\/fuentesfidedignas.com.mx\/#organization"},"image":{"@id":"https:\/\/fuentesfidedignas.com.mx\/index.php\/2022\/04\/16\/centros-recreativos-y-parques-de-culiacan-reciben-a-vacacionistas-durante-la-semana-santa-2022\/#primaryimage"},"thumbnailUrl":"https:\/\/fuentesfidedignas.com.mx\/wp-content\/uploads\/2022\/04\/IMG-20220415-WA0067.jpg","articleSection":["NOTA PRINCIPAL"],"inLanguage":"es","potentialAction":[{"@type":"CommentAction","name":"Comment","target":["https:\/\/fuentesfidedignas.com.mx\/index.php\/2022\/04\/16\/centros-recreativos-y-parques-de-culiacan-reciben-a-vacacionistas-durante-la-semana-santa-2022\/#respond"]}]},{"@type":"WebPage","@id":"https:\/\/fuentesfidedignas.com.mx\/index.php\/2022\/04\/16\/centros-recreativos-y-parques-de-culiacan-reciben-a-vacacionistas-durante-la-semana-santa-2022\/","url":"https:\/\/fuentesfidedignas.com.mx\/index.php\/2022\/04\/16\/centros-recreativos-y-parques-de-culiacan-reciben-a-vacacionistas-durante-la-semana-santa-2022\/","name":"Centros recreativos y parques de Culiac\u00e1n reciben a vacacionistas durante Semana Santa - Fuentes Fidedignas","isPartOf":{"@id":"https:\/\/fuentesfidedignas.com.mx\/#website"},"primaryImageOfPage":{"@id":"https:\/\/fuentesfidedignas.com.mx\/index.php\/2022\/04\/16\/centros-recreativos-y-parques-de-culiacan-reciben-a-vacacionistas-durante-la-semana-santa-2022\/#primaryimage"},"image":{"@id":"https:\/\/fuentesfidedignas.com.mx\/index.php\/2022\/04\/16\/centros-recreativos-y-parques-de-culiacan-reciben-a-vacacionistas-durante-la-semana-santa-2022\/#primaryimage"},"thumbnailUrl":"https:\/\/fuentesfidedignas.com.mx\/wp-content\/uploads\/2022\/04\/IMG-20220415-WA0067.jpg","datePublished":"2022-04-16T14:11:50+00:00","dateModified":"2022-04-16T17:15:55+00:00","breadcrumb":{"@id":"https:\/\/fuentesfidedignas.com.mx\/index.php\/2022\/04\/16\/centros-recreativos-y-parques-de-culiacan-reciben-a-vacacionistas-durante-la-semana-santa-2022\/#breadcrumb"},"inLanguage":"es","potentialAction":[{"@type":"ReadAction","target":["https:\/\/fuentesfidedignas.com.mx\/index.php\/2022\/04\/16\/centros-recreativos-y-parques-de-culiacan-reciben-a-vacacionistas-durante-la-semana-santa-2022\/"]}]},{"@type":"ImageObject","inLanguage":"es","@id":"https:\/\/fuentesfidedignas.com.mx\/index.php\/2022\/04\/16\/centros-recreativos-y-parques-de-culiacan-reciben-a-vacacionistas-durante-la-semana-santa-2022\/#primaryimage","url":"https:\/\/fuentesfidedignas.com.mx\/wp-content\/uploads\/2022\/04\/IMG-20220415-WA0067.jpg","contentUrl":"https:\/\/fuentesfidedignas.com.mx\/wp-content\/uploads\/2022\/04\/IMG-20220415-WA0067.jpg","width":1280,"height":853},{"@type":"BreadcrumbList","@id":"https:\/\/fuentesfidedignas.com.mx\/index.php\/2022\/04\/16\/centros-recreativos-y-parques-de-culiacan-reciben-a-vacacionistas-durante-la-semana-santa-2022\/#breadcrumb","itemListElement":[{"@type":"ListItem","position":1,"name":"Inicio","item":"https:\/\/fuentesfidedignas.com.mx\/"},{"@type":"ListItem","position":2,"name":"Centros recreativos y parques de Culiac\u00e1n reciben a vacacionistas durante Semana Santa"}]},{"@type":"WebSite","@id":"https:\/\/fuentesfidedignas.com.mx\/#website","url":"https:\/\/fuentesfidedignas.com.mx\/","name":"Fuentes Fidedignas","description":"Otro sitio realizado con WordPress","publisher":{"@id":"https:\/\/fuentesfidedignas.com.mx\/#organization"},"potentialAction":[{"@type":"SearchAction","target":{"@type":"EntryPoint","urlTemplate":"https:\/\/fuentesfidedignas.com.mx\/?s={search_term_string}"},"query-input":{"@type":"PropertyValueSpecification","valueRequired":true,"valueName":"search_term_string"}}],"inLanguage":"es"},{"@type":"Organization","@id":"https:\/\/fuentesfidedignas.com.mx\/#organization","name":"Fuentes Fidedignas","url":"https:\/\/fuentesfidedignas.com.mx\/","logo":{"@type":"ImageObject","inLanguage":"es","@id":"https:\/\/fuentesfidedignas.com.mx\/#\/schema\/logo\/image\/","url":"https:\/\/fuentesfidedignas.com.mx\/wp-content\/uploads\/2021\/04\/logo-retina.png","contentUrl":"https:\/\/fuentesfidedignas.com.mx\/wp-content\/uploads\/2021\/04\/logo-retina.png","width":280,"height":51,"caption":"Fuentes Fidedignas"},"image":{"@id":"https:\/\/fuentesfidedignas.com.mx\/#\/schema\/logo\/image\/"},"sameAs":["https:\/\/www.facebook.com\/Fuentes-Fidedignas-368234489921644","https:\/\/x.com\/fidedignas"]},{"@type":"Person","@id":"https:\/\/fuentesfidedignas.com.mx\/#\/schema\/person\/331be9283d37198e2acd5750279085b0","name":"Redacci\u00f3n","image":{"@type":"ImageObject","inLanguage":"es","@id":"https:\/\/secure.gravatar.com\/avatar\/f6d8782c11d12b2d4ad3fbb6931aeab5309937a4d6cd2fc9cfaa28a6396a5aec?s=96&d=mm&r=g","url":"https:\/\/secure.gravatar.com\/avatar\/f6d8782c11d12b2d4ad3fbb6931aeab5309937a4d6cd2fc9cfaa28a6396a5aec?s=96&d=mm&r=g","contentUrl":"https:\/\/secure.gravatar.com\/avatar\/f6d8782c11d12b2d4ad3fbb6931aeab5309937a4d6cd2fc9cfaa28a6396a5aec?s=96&d=mm&r=g","caption":"Redacci\u00f3n"},"url":"https:\/\/fuentesfidedignas.com.mx\/index.php\/author\/redaccion\/"}]}},"_links":{"self":[{"href":"https:\/\/fuentesfidedignas.com.mx\/index.php\/wp-json\/wp\/v2\/posts\/28434","targetHints":{"allow":["GET"]}}],"collection":[{"href":"https:\/\/fuentesfidedignas.com.mx\/index.php\/wp-json\/wp\/v2\/posts"}],"about":[{"href":"https:\/\/fuentesfidedignas.com.mx\/index.php\/wp-json\/wp\/v2\/types\/post"}],"author":[{"embeddable":true,"href":"https:\/\/fuentesfidedignas.com.mx\/index.php\/wp-json\/wp\/v2\/users\/4"}],"replies":[{"embeddable":true,"href":"https:\/\/fuentesfidedignas.com.mx\/index.php\/wp-json\/wp\/v2\/comments?post=28434"}],"version-history":[{"count":3,"href":"https:\/\/fuentesfidedignas.com.mx\/index.php\/wp-json\/wp\/v2\/posts\/28434\/revisions"}],"predecessor-version":[{"id":28447,"href":"https:\/\/fuentesfidedignas.com.mx\/index.php\/wp-json\/wp\/v2\/posts\/28434\/revisions\/28447"}],"wp:featuredmedia":[{"embeddable":true,"href":"https:\/\/fuentesfidedignas.com.mx\/index.php\/wp-json\/wp\/v2\/media\/28436"}],"wp:attachment":[{"href":"https:\/\/fuentesfidedignas.com.mx\/index.php\/wp-json\/wp\/v2\/media?parent=28434"}],"wp:term":[{"taxonomy":"category","embeddable":true,"href":"https:\/\/fuentesfidedignas.com.mx\/index.php\/wp-json\/wp\/v2\/categories?post=28434"},{"taxonomy":"post_tag","embeddable":true,"href":"https:\/\/fuentesfidedignas.com.mx\/index.php\/wp-json\/wp\/v2\/tags?post=28434"}],"curies":[{"name":"wp","href":"https:\/\/api.w.org\/{rel}","templated":true}]}}