{"id":28155,"date":"2022-04-11T09:55:40","date_gmt":"2022-04-11T16:55:40","guid":{"rendered":"https:\/\/fuentesfidedignas.com.mx\/?p=28155"},"modified":"2022-04-11T09:55:41","modified_gmt":"2022-04-11T16:55:41","slug":"masacre-acaba-con-la-vida-de-una-familia-en-tultepec-mujeres-y-ninos-entre-los-fallecidos","status":"publish","type":"post","link":"https:\/\/fuentesfidedignas.com.mx\/index.php\/2022\/04\/11\/masacre-acaba-con-la-vida-de-una-familia-en-tultepec-mujeres-y-ninos-entre-los-fallecidos\/","title":{"rendered":"Masacre acaba con la vida de una familia en Tultepec; mujeres y ni\u00f1os, entre los fallecidos"},"content":{"rendered":"\n<p><strong><em>Los hechos se registraron la madrugada de este lunes; vecinos escucharon las detonaciones de arma de fuego en un domicilio del municipio de Tultepec<\/em><\/strong><\/p>\n\n\n\n<p>Ciudad de M\u00e9xico.- Ocho integrantes de una familia, en su mayor\u00eda mujeres y ni\u00f1os, fueron atacados dentro de su casa, donde siete fallecieron, en la colonia La Ca\u00f1ada, reportaron autoridades municipales.<\/p>\n\n\n\n<p>\u201cSolo escuchamos balazos, por miedo no salimos, por eso pedimos el apoyo de la polic\u00eda \u201c, afirmaron vecinos de la calle Cerrada Mazahuas, quienes m\u00e1s tarde se enteraron que sus vecinas del n\u00famero 10 hab\u00edan fallecido.<\/p>\n\n\n\n<p>El ataque se registr\u00f3 en los primeros minutos de este lunes 11 de abril, de acuerdo al reporte de la polic\u00eda.<\/p>\n\n\n\n<p>La fachada de la casa qued\u00f3 con varios impactos de bala por lo que los polic\u00edas ingresaron y vieron a una mujer gravemente herida, mientras que otros siete integrantes de la familia fallecieron.<\/p>\n\n\n\n<p>Entre las v\u00edctimas est\u00e1n dos ni\u00f1as y un ni\u00f1o, tres mujeres y un hombre, por lo que al lugar llegaron peritos y el Ministerio P\u00fablico de la Fiscal\u00eda General de Justicia del Estado de M\u00e9xico, quienes trasladaron los cuerpos al Servicio M\u00e9dico Forense.<\/p>\n\n\n\n<p>La mujer lesionada fue trasladada al hospital Vicente Villada en Cuautitl\u00e1n, donde perdi\u00f3 la vida.<\/p>\n","protected":false},"excerpt":{"rendered":"<p>Los hechos se registraron la madrugada de este lunes; vecinos escucharon las detonaciones de arma de fuego en un domicilio del municipio de Tultepec Ciudad de M\u00e9xico.- Ocho integrantes de una familia, en su mayor\u00eda mujeres y ni\u00f1os, fueron atacados dentro de su casa, donde siete fallecieron, en la colonia La Ca\u00f1ada, reportaron autoridades municipales. [&hellip;]<\/p>\n","protected":false},"author":39,"featured_media":28156,"comment_status":"open","ping_status":"open","sticky":false,"template":"","format":"standard","meta":{"tdm_status":"","tdm_grid_status":"","footnotes":""},"categories":[39],"tags":[],"class_list":{"0":"post-28155","1":"post","2":"type-post","3":"status-publish","4":"format-standard","5":"has-post-thumbnail","7":"category-noticias-nacionales"},"yoast_head":"<!-- This site is optimized with the Yoast SEO plugin v27.5 - https:\/\/yoast.com\/product\/yoast-seo-wordpress\/ -->\n<title>Masacre acaba con la vida de una familia en Tultepec; mujeres y ni\u00f1os, entre los fallecidos - Fuentes Fidedignas<\/title>\n<meta name=\"robots\" content=\"index, follow, max-snippet:-1, max-image-preview:large, max-video-preview:-1\" \/>\n<link rel=\"canonical\" href=\"https:\/\/fuentesfidedignas.com.mx\/index.php\/2022\/04\/11\/masacre-acaba-con-la-vida-de-una-familia-en-tultepec-mujeres-y-ninos-entre-los-fallecidos\/\" \/>\n<meta property=\"og:locale\" content=\"es_MX\" \/>\n<meta property=\"og:type\" content=\"article\" \/>\n<meta property=\"og:title\" content=\"Masacre acaba con la vida de una familia en Tultepec; mujeres y ni\u00f1os, entre los fallecidos - Fuentes Fidedignas\" \/>\n<meta property=\"og:description\" content=\"Los hechos se registraron la madrugada de este lunes; vecinos escucharon las detonaciones de arma de fuego en un domicilio del municipio de Tultepec Ciudad de M\u00e9xico.- Ocho integrantes de una familia, en su mayor\u00eda mujeres y ni\u00f1os, fueron atacados dentro de su casa, donde siete fallecieron, en la colonia La Ca\u00f1ada, reportaron autoridades municipales. [&hellip;]\" \/>\n<meta property=\"og:url\" content=\"https:\/\/fuentesfidedignas.com.mx\/index.php\/2022\/04\/11\/masacre-acaba-con-la-vida-de-una-familia-en-tultepec-mujeres-y-ninos-entre-los-fallecidos\/\" \/>\n<meta property=\"og:site_name\" content=\"Fuentes Fidedignas\" \/>\n<meta property=\"article:publisher\" content=\"https:\/\/www.facebook.com\/Fuentes-Fidedignas-368234489921644\" \/>\n<meta property=\"article:published_time\" content=\"2022-04-11T16:55:40+00:00\" \/>\n<meta property=\"article:modified_time\" content=\"2022-04-11T16:55:41+00:00\" \/>\n<meta property=\"og:image\" content=\"https:\/\/fuentesfidedignas.com.mx\/wp-content\/uploads\/2022\/04\/FAM_ASESINADA.jpeg\" \/>\n\t<meta property=\"og:image:width\" content=\"800\" \/>\n\t<meta property=\"og:image:height\" content=\"450\" \/>\n\t<meta property=\"og:image:type\" content=\"image\/jpeg\" \/>\n<meta name=\"author\" content=\"El Universal\" \/>\n<meta name=\"twitter:card\" content=\"summary_large_image\" \/>\n<meta name=\"twitter:creator\" content=\"@fidedignas\" \/>\n<meta name=\"twitter:site\" content=\"@fidedignas\" \/>\n<meta name=\"twitter:label1\" content=\"Escrito por\" \/>\n\t<meta name=\"twitter:data1\" content=\"El Universal\" \/>\n\t<meta name=\"twitter:label2\" content=\"Tiempo de lectura\" \/>\n\t<meta name=\"twitter:data2\" content=\"1 minuto\" \/>\n<script type=\"application\/ld+json\" class=\"yoast-schema-graph\">{\"@context\":\"https:\\\/\\\/schema.org\",\"@graph\":[{\"@type\":\"Article\",\"@id\":\"https:\\\/\\\/fuentesfidedignas.com.mx\\\/index.php\\\/2022\\\/04\\\/11\\\/masacre-acaba-con-la-vida-de-una-familia-en-tultepec-mujeres-y-ninos-entre-los-fallecidos\\\/#article\",\"isPartOf\":{\"@id\":\"https:\\\/\\\/fuentesfidedignas.com.mx\\\/index.php\\\/2022\\\/04\\\/11\\\/masacre-acaba-con-la-vida-de-una-familia-en-tultepec-mujeres-y-ninos-entre-los-fallecidos\\\/\"},\"author\":{\"name\":\"El Universal\",\"@id\":\"https:\\\/\\\/fuentesfidedignas.com.mx\\\/#\\\/schema\\\/person\\\/fee3882e65fd0510d292c43a346d35d7\"},\"headline\":\"Masacre acaba con la vida de una familia en Tultepec; mujeres y ni\u00f1os, entre los fallecidos\",\"datePublished\":\"2022-04-11T16:55:40+00:00\",\"dateModified\":\"2022-04-11T16:55:41+00:00\",\"mainEntityOfPage\":{\"@id\":\"https:\\\/\\\/fuentesfidedignas.com.mx\\\/index.php\\\/2022\\\/04\\\/11\\\/masacre-acaba-con-la-vida-de-una-familia-en-tultepec-mujeres-y-ninos-entre-los-fallecidos\\\/\"},\"wordCount\":237,\"commentCount\":0,\"publisher\":{\"@id\":\"https:\\\/\\\/fuentesfidedignas.com.mx\\\/#organization\"},\"image\":{\"@id\":\"https:\\\/\\\/fuentesfidedignas.com.mx\\\/index.php\\\/2022\\\/04\\\/11\\\/masacre-acaba-con-la-vida-de-una-familia-en-tultepec-mujeres-y-ninos-entre-los-fallecidos\\\/#primaryimage\"},\"thumbnailUrl\":\"https:\\\/\\\/fuentesfidedignas.com.mx\\\/wp-content\\\/uploads\\\/2022\\\/04\\\/FAM_ASESINADA.jpeg\",\"articleSection\":[\"NOTICIAS NACIONALES\"],\"inLanguage\":\"es\",\"potentialAction\":[{\"@type\":\"CommentAction\",\"name\":\"Comment\",\"target\":[\"https:\\\/\\\/fuentesfidedignas.com.mx\\\/index.php\\\/2022\\\/04\\\/11\\\/masacre-acaba-con-la-vida-de-una-familia-en-tultepec-mujeres-y-ninos-entre-los-fallecidos\\\/#respond\"]}]},{\"@type\":\"WebPage\",\"@id\":\"https:\\\/\\\/fuentesfidedignas.com.mx\\\/index.php\\\/2022\\\/04\\\/11\\\/masacre-acaba-con-la-vida-de-una-familia-en-tultepec-mujeres-y-ninos-entre-los-fallecidos\\\/\",\"url\":\"https:\\\/\\\/fuentesfidedignas.com.mx\\\/index.php\\\/2022\\\/04\\\/11\\\/masacre-acaba-con-la-vida-de-una-familia-en-tultepec-mujeres-y-ninos-entre-los-fallecidos\\\/\",\"name\":\"Masacre acaba con la vida de una familia en Tultepec; mujeres y ni\u00f1os, entre los fallecidos - Fuentes Fidedignas\",\"isPartOf\":{\"@id\":\"https:\\\/\\\/fuentesfidedignas.com.mx\\\/#website\"},\"primaryImageOfPage\":{\"@id\":\"https:\\\/\\\/fuentesfidedignas.com.mx\\\/index.php\\\/2022\\\/04\\\/11\\\/masacre-acaba-con-la-vida-de-una-familia-en-tultepec-mujeres-y-ninos-entre-los-fallecidos\\\/#primaryimage\"},\"image\":{\"@id\":\"https:\\\/\\\/fuentesfidedignas.com.mx\\\/index.php\\\/2022\\\/04\\\/11\\\/masacre-acaba-con-la-vida-de-una-familia-en-tultepec-mujeres-y-ninos-entre-los-fallecidos\\\/#primaryimage\"},\"thumbnailUrl\":\"https:\\\/\\\/fuentesfidedignas.com.mx\\\/wp-content\\\/uploads\\\/2022\\\/04\\\/FAM_ASESINADA.jpeg\",\"datePublished\":\"2022-04-11T16:55:40+00:00\",\"dateModified\":\"2022-04-11T16:55:41+00:00\",\"breadcrumb\":{\"@id\":\"https:\\\/\\\/fuentesfidedignas.com.mx\\\/index.php\\\/2022\\\/04\\\/11\\\/masacre-acaba-con-la-vida-de-una-familia-en-tultepec-mujeres-y-ninos-entre-los-fallecidos\\\/#breadcrumb\"},\"inLanguage\":\"es\",\"potentialAction\":[{\"@type\":\"ReadAction\",\"target\":[\"https:\\\/\\\/fuentesfidedignas.com.mx\\\/index.php\\\/2022\\\/04\\\/11\\\/masacre-acaba-con-la-vida-de-una-familia-en-tultepec-mujeres-y-ninos-entre-los-fallecidos\\\/\"]}]},{\"@type\":\"ImageObject\",\"inLanguage\":\"es\",\"@id\":\"https:\\\/\\\/fuentesfidedignas.com.mx\\\/index.php\\\/2022\\\/04\\\/11\\\/masacre-acaba-con-la-vida-de-una-familia-en-tultepec-mujeres-y-ninos-entre-los-fallecidos\\\/#primaryimage\",\"url\":\"https:\\\/\\\/fuentesfidedignas.com.mx\\\/wp-content\\\/uploads\\\/2022\\\/04\\\/FAM_ASESINADA.jpeg\",\"contentUrl\":\"https:\\\/\\\/fuentesfidedignas.com.mx\\\/wp-content\\\/uploads\\\/2022\\\/04\\\/FAM_ASESINADA.jpeg\",\"width\":800,\"height\":450},{\"@type\":\"BreadcrumbList\",\"@id\":\"https:\\\/\\\/fuentesfidedignas.com.mx\\\/index.php\\\/2022\\\/04\\\/11\\\/masacre-acaba-con-la-vida-de-una-familia-en-tultepec-mujeres-y-ninos-entre-los-fallecidos\\\/#breadcrumb\",\"itemListElement\":[{\"@type\":\"ListItem\",\"position\":1,\"name\":\"Inicio\",\"item\":\"https:\\\/\\\/fuentesfidedignas.com.mx\\\/\"},{\"@type\":\"ListItem\",\"position\":2,\"name\":\"Masacre acaba con la vida de una familia en Tultepec; mujeres y ni\u00f1os, entre los fallecidos\"}]},{\"@type\":\"WebSite\",\"@id\":\"https:\\\/\\\/fuentesfidedignas.com.mx\\\/#website\",\"url\":\"https:\\\/\\\/fuentesfidedignas.com.mx\\\/\",\"name\":\"Fuentes Fidedignas\",\"description\":\"Otro sitio realizado con WordPress\",\"publisher\":{\"@id\":\"https:\\\/\\\/fuentesfidedignas.com.mx\\\/#organization\"},\"potentialAction\":[{\"@type\":\"SearchAction\",\"target\":{\"@type\":\"EntryPoint\",\"urlTemplate\":\"https:\\\/\\\/fuentesfidedignas.com.mx\\\/?s={search_term_string}\"},\"query-input\":{\"@type\":\"PropertyValueSpecification\",\"valueRequired\":true,\"valueName\":\"search_term_string\"}}],\"inLanguage\":\"es\"},{\"@type\":\"Organization\",\"@id\":\"https:\\\/\\\/fuentesfidedignas.com.mx\\\/#organization\",\"name\":\"Fuentes Fidedignas\",\"url\":\"https:\\\/\\\/fuentesfidedignas.com.mx\\\/\",\"logo\":{\"@type\":\"ImageObject\",\"inLanguage\":\"es\",\"@id\":\"https:\\\/\\\/fuentesfidedignas.com.mx\\\/#\\\/schema\\\/logo\\\/image\\\/\",\"url\":\"https:\\\/\\\/fuentesfidedignas.com.mx\\\/wp-content\\\/uploads\\\/2021\\\/04\\\/logo-retina.png\",\"contentUrl\":\"https:\\\/\\\/fuentesfidedignas.com.mx\\\/wp-content\\\/uploads\\\/2021\\\/04\\\/logo-retina.png\",\"width\":280,\"height\":51,\"caption\":\"Fuentes Fidedignas\"},\"image\":{\"@id\":\"https:\\\/\\\/fuentesfidedignas.com.mx\\\/#\\\/schema\\\/logo\\\/image\\\/\"},\"sameAs\":[\"https:\\\/\\\/www.facebook.com\\\/Fuentes-Fidedignas-368234489921644\",\"https:\\\/\\\/x.com\\\/fidedignas\"]},{\"@type\":\"Person\",\"@id\":\"https:\\\/\\\/fuentesfidedignas.com.mx\\\/#\\\/schema\\\/person\\\/fee3882e65fd0510d292c43a346d35d7\",\"name\":\"El Universal\",\"image\":{\"@type\":\"ImageObject\",\"inLanguage\":\"es\",\"@id\":\"https:\\\/\\\/secure.gravatar.com\\\/avatar\\\/1ebc94d82b6c3c081781f73e5b76a0d0c1ac7bf8e57426f18802246eeaa2747c?s=96&d=mm&r=g\",\"url\":\"https:\\\/\\\/secure.gravatar.com\\\/avatar\\\/1ebc94d82b6c3c081781f73e5b76a0d0c1ac7bf8e57426f18802246eeaa2747c?s=96&d=mm&r=g\",\"contentUrl\":\"https:\\\/\\\/secure.gravatar.com\\\/avatar\\\/1ebc94d82b6c3c081781f73e5b76a0d0c1ac7bf8e57426f18802246eeaa2747c?s=96&d=mm&r=g\",\"caption\":\"El Universal\"},\"url\":\"https:\\\/\\\/fuentesfidedignas.com.mx\\\/index.php\\\/author\\\/el-universal\\\/\"}]}<\/script>\n<!-- \/ Yoast SEO plugin. -->","yoast_head_json":{"title":"Masacre acaba con la vida de una familia en Tultepec; mujeres y ni\u00f1os, entre los fallecidos - Fuentes Fidedignas","robots":{"index":"index","follow":"follow","max-snippet":"max-snippet:-1","max-image-preview":"max-image-preview:large","max-video-preview":"max-video-preview:-1"},"canonical":"https:\/\/fuentesfidedignas.com.mx\/index.php\/2022\/04\/11\/masacre-acaba-con-la-vida-de-una-familia-en-tultepec-mujeres-y-ninos-entre-los-fallecidos\/","og_locale":"es_MX","og_type":"article","og_title":"Masacre acaba con la vida de una familia en Tultepec; mujeres y ni\u00f1os, entre los fallecidos - Fuentes Fidedignas","og_description":"Los hechos se registraron la madrugada de este lunes; vecinos escucharon las detonaciones de arma de fuego en un domicilio del municipio de Tultepec Ciudad de M\u00e9xico.- Ocho integrantes de una familia, en su mayor\u00eda mujeres y ni\u00f1os, fueron atacados dentro de su casa, donde siete fallecieron, en la colonia La Ca\u00f1ada, reportaron autoridades municipales. [&hellip;]","og_url":"https:\/\/fuentesfidedignas.com.mx\/index.php\/2022\/04\/11\/masacre-acaba-con-la-vida-de-una-familia-en-tultepec-mujeres-y-ninos-entre-los-fallecidos\/","og_site_name":"Fuentes Fidedignas","article_publisher":"https:\/\/www.facebook.com\/Fuentes-Fidedignas-368234489921644","article_published_time":"2022-04-11T16:55:40+00:00","article_modified_time":"2022-04-11T16:55:41+00:00","og_image":[{"width":800,"height":450,"url":"https:\/\/fuentesfidedignas.com.mx\/wp-content\/uploads\/2022\/04\/FAM_ASESINADA.jpeg","type":"image\/jpeg"}],"author":"El Universal","twitter_card":"summary_large_image","twitter_creator":"@fidedignas","twitter_site":"@fidedignas","twitter_misc":{"Escrito por":"El Universal","Tiempo de lectura":"1 minuto"},"schema":{"@context":"https:\/\/schema.org","@graph":[{"@type":"Article","@id":"https:\/\/fuentesfidedignas.com.mx\/index.php\/2022\/04\/11\/masacre-acaba-con-la-vida-de-una-familia-en-tultepec-mujeres-y-ninos-entre-los-fallecidos\/#article","isPartOf":{"@id":"https:\/\/fuentesfidedignas.com.mx\/index.php\/2022\/04\/11\/masacre-acaba-con-la-vida-de-una-familia-en-tultepec-mujeres-y-ninos-entre-los-fallecidos\/"},"author":{"name":"El Universal","@id":"https:\/\/fuentesfidedignas.com.mx\/#\/schema\/person\/fee3882e65fd0510d292c43a346d35d7"},"headline":"Masacre acaba con la vida de una familia en Tultepec; mujeres y ni\u00f1os, entre los fallecidos","datePublished":"2022-04-11T16:55:40+00:00","dateModified":"2022-04-11T16:55:41+00:00","mainEntityOfPage":{"@id":"https:\/\/fuentesfidedignas.com.mx\/index.php\/2022\/04\/11\/masacre-acaba-con-la-vida-de-una-familia-en-tultepec-mujeres-y-ninos-entre-los-fallecidos\/"},"wordCount":237,"commentCount":0,"publisher":{"@id":"https:\/\/fuentesfidedignas.com.mx\/#organization"},"image":{"@id":"https:\/\/fuentesfidedignas.com.mx\/index.php\/2022\/04\/11\/masacre-acaba-con-la-vida-de-una-familia-en-tultepec-mujeres-y-ninos-entre-los-fallecidos\/#primaryimage"},"thumbnailUrl":"https:\/\/fuentesfidedignas.com.mx\/wp-content\/uploads\/2022\/04\/FAM_ASESINADA.jpeg","articleSection":["NOTICIAS NACIONALES"],"inLanguage":"es","potentialAction":[{"@type":"CommentAction","name":"Comment","target":["https:\/\/fuentesfidedignas.com.mx\/index.php\/2022\/04\/11\/masacre-acaba-con-la-vida-de-una-familia-en-tultepec-mujeres-y-ninos-entre-los-fallecidos\/#respond"]}]},{"@type":"WebPage","@id":"https:\/\/fuentesfidedignas.com.mx\/index.php\/2022\/04\/11\/masacre-acaba-con-la-vida-de-una-familia-en-tultepec-mujeres-y-ninos-entre-los-fallecidos\/","url":"https:\/\/fuentesfidedignas.com.mx\/index.php\/2022\/04\/11\/masacre-acaba-con-la-vida-de-una-familia-en-tultepec-mujeres-y-ninos-entre-los-fallecidos\/","name":"Masacre acaba con la vida de una familia en Tultepec; mujeres y ni\u00f1os, entre los fallecidos - Fuentes Fidedignas","isPartOf":{"@id":"https:\/\/fuentesfidedignas.com.mx\/#website"},"primaryImageOfPage":{"@id":"https:\/\/fuentesfidedignas.com.mx\/index.php\/2022\/04\/11\/masacre-acaba-con-la-vida-de-una-familia-en-tultepec-mujeres-y-ninos-entre-los-fallecidos\/#primaryimage"},"image":{"@id":"https:\/\/fuentesfidedignas.com.mx\/index.php\/2022\/04\/11\/masacre-acaba-con-la-vida-de-una-familia-en-tultepec-mujeres-y-ninos-entre-los-fallecidos\/#primaryimage"},"thumbnailUrl":"https:\/\/fuentesfidedignas.com.mx\/wp-content\/uploads\/2022\/04\/FAM_ASESINADA.jpeg","datePublished":"2022-04-11T16:55:40+00:00","dateModified":"2022-04-11T16:55:41+00:00","breadcrumb":{"@id":"https:\/\/fuentesfidedignas.com.mx\/index.php\/2022\/04\/11\/masacre-acaba-con-la-vida-de-una-familia-en-tultepec-mujeres-y-ninos-entre-los-fallecidos\/#breadcrumb"},"inLanguage":"es","potentialAction":[{"@type":"ReadAction","target":["https:\/\/fuentesfidedignas.com.mx\/index.php\/2022\/04\/11\/masacre-acaba-con-la-vida-de-una-familia-en-tultepec-mujeres-y-ninos-entre-los-fallecidos\/"]}]},{"@type":"ImageObject","inLanguage":"es","@id":"https:\/\/fuentesfidedignas.com.mx\/index.php\/2022\/04\/11\/masacre-acaba-con-la-vida-de-una-familia-en-tultepec-mujeres-y-ninos-entre-los-fallecidos\/#primaryimage","url":"https:\/\/fuentesfidedignas.com.mx\/wp-content\/uploads\/2022\/04\/FAM_ASESINADA.jpeg","contentUrl":"https:\/\/fuentesfidedignas.com.mx\/wp-content\/uploads\/2022\/04\/FAM_ASESINADA.jpeg","width":800,"height":450},{"@type":"BreadcrumbList","@id":"https:\/\/fuentesfidedignas.com.mx\/index.php\/2022\/04\/11\/masacre-acaba-con-la-vida-de-una-familia-en-tultepec-mujeres-y-ninos-entre-los-fallecidos\/#breadcrumb","itemListElement":[{"@type":"ListItem","position":1,"name":"Inicio","item":"https:\/\/fuentesfidedignas.com.mx\/"},{"@type":"ListItem","position":2,"name":"Masacre acaba con la vida de una familia en Tultepec; mujeres y ni\u00f1os, entre los fallecidos"}]},{"@type":"WebSite","@id":"https:\/\/fuentesfidedignas.com.mx\/#website","url":"https:\/\/fuentesfidedignas.com.mx\/","name":"Fuentes Fidedignas","description":"Otro sitio realizado con WordPress","publisher":{"@id":"https:\/\/fuentesfidedignas.com.mx\/#organization"},"potentialAction":[{"@type":"SearchAction","target":{"@type":"EntryPoint","urlTemplate":"https:\/\/fuentesfidedignas.com.mx\/?s={search_term_string}"},"query-input":{"@type":"PropertyValueSpecification","valueRequired":true,"valueName":"search_term_string"}}],"inLanguage":"es"},{"@type":"Organization","@id":"https:\/\/fuentesfidedignas.com.mx\/#organization","name":"Fuentes Fidedignas","url":"https:\/\/fuentesfidedignas.com.mx\/","logo":{"@type":"ImageObject","inLanguage":"es","@id":"https:\/\/fuentesfidedignas.com.mx\/#\/schema\/logo\/image\/","url":"https:\/\/fuentesfidedignas.com.mx\/wp-content\/uploads\/2021\/04\/logo-retina.png","contentUrl":"https:\/\/fuentesfidedignas.com.mx\/wp-content\/uploads\/2021\/04\/logo-retina.png","width":280,"height":51,"caption":"Fuentes Fidedignas"},"image":{"@id":"https:\/\/fuentesfidedignas.com.mx\/#\/schema\/logo\/image\/"},"sameAs":["https:\/\/www.facebook.com\/Fuentes-Fidedignas-368234489921644","https:\/\/x.com\/fidedignas"]},{"@type":"Person","@id":"https:\/\/fuentesfidedignas.com.mx\/#\/schema\/person\/fee3882e65fd0510d292c43a346d35d7","name":"El Universal","image":{"@type":"ImageObject","inLanguage":"es","@id":"https:\/\/secure.gravatar.com\/avatar\/1ebc94d82b6c3c081781f73e5b76a0d0c1ac7bf8e57426f18802246eeaa2747c?s=96&d=mm&r=g","url":"https:\/\/secure.gravatar.com\/avatar\/1ebc94d82b6c3c081781f73e5b76a0d0c1ac7bf8e57426f18802246eeaa2747c?s=96&d=mm&r=g","contentUrl":"https:\/\/secure.gravatar.com\/avatar\/1ebc94d82b6c3c081781f73e5b76a0d0c1ac7bf8e57426f18802246eeaa2747c?s=96&d=mm&r=g","caption":"El Universal"},"url":"https:\/\/fuentesfidedignas.com.mx\/index.php\/author\/el-universal\/"}]}},"_links":{"self":[{"href":"https:\/\/fuentesfidedignas.com.mx\/index.php\/wp-json\/wp\/v2\/posts\/28155","targetHints":{"allow":["GET"]}}],"collection":[{"href":"https:\/\/fuentesfidedignas.com.mx\/index.php\/wp-json\/wp\/v2\/posts"}],"about":[{"href":"https:\/\/fuentesfidedignas.com.mx\/index.php\/wp-json\/wp\/v2\/types\/post"}],"author":[{"embeddable":true,"href":"https:\/\/fuentesfidedignas.com.mx\/index.php\/wp-json\/wp\/v2\/users\/39"}],"replies":[{"embeddable":true,"href":"https:\/\/fuentesfidedignas.com.mx\/index.php\/wp-json\/wp\/v2\/comments?post=28155"}],"version-history":[{"count":1,"href":"https:\/\/fuentesfidedignas.com.mx\/index.php\/wp-json\/wp\/v2\/posts\/28155\/revisions"}],"predecessor-version":[{"id":28157,"href":"https:\/\/fuentesfidedignas.com.mx\/index.php\/wp-json\/wp\/v2\/posts\/28155\/revisions\/28157"}],"wp:featuredmedia":[{"embeddable":true,"href":"https:\/\/fuentesfidedignas.com.mx\/index.php\/wp-json\/wp\/v2\/media\/28156"}],"wp:attachment":[{"href":"https:\/\/fuentesfidedignas.com.mx\/index.php\/wp-json\/wp\/v2\/media?parent=28155"}],"wp:term":[{"taxonomy":"category","embeddable":true,"href":"https:\/\/fuentesfidedignas.com.mx\/index.php\/wp-json\/wp\/v2\/categories?post=28155"},{"taxonomy":"post_tag","embeddable":true,"href":"https:\/\/fuentesfidedignas.com.mx\/index.php\/wp-json\/wp\/v2\/tags?post=28155"}],"curies":[{"name":"wp","href":"https:\/\/api.w.org\/{rel}","templated":true}]}}