{"id":28136,"date":"2022-04-11T05:12:17","date_gmt":"2022-04-11T12:12:17","guid":{"rendered":"https:\/\/fuentesfidedignas.com.mx\/?p=28136"},"modified":"2022-04-11T05:12:17","modified_gmt":"2022-04-11T12:12:17","slug":"estoy-muy-contento-la-gente-salio-a-votar-seguira-la-transformacion-amlo","status":"publish","type":"post","link":"https:\/\/fuentesfidedignas.com.mx\/index.php\/2022\/04\/11\/estoy-muy-contento-la-gente-salio-a-votar-seguira-la-transformacion-amlo\/","title":{"rendered":"Estoy muy contento, la gente sali\u00f3 a votar; seguir\u00e1 la transformaci\u00f3n: AMLO"},"content":{"rendered":"\n<p><strong><em>Al referirse a las cifras oficiales, insisti\u00f3 en que salieron a votar m\u00e1s mexicanos, pese a que se instal\u00f3 solo el 30% de las casillas en comparaci\u00f3n con el 2018<\/em><\/strong><\/p>\n\n\n\n<p>Ciudad de M\u00e9xico.- Tras darse a conocer los resultados de conteo r\u00e1pido sobre la Consulta de Revocaci\u00f3n de Mandato, el presidente de M\u00e9xico, Andr\u00e9s Manuel L\u00f3pez Obrador, afirm\u00f3 en un mensaje a la Naci\u00f3n con una duraci\u00f3n de 14 minutos, que est\u00e1 muy contento con los resultados porque la gente sali\u00f3 a votar y continuar\u00e1 con su proceso de transformaci\u00f3n en el pa\u00eds y que concluir\u00e1 el 30 de septiembre de 2024, gracias al respaldo mayoritario de la poblaci\u00f3n que particip\u00f3 en este ejercicio.<\/p>\n\n\n\n<figure class=\"wp-block-embed is-type-rich is-provider-twitter wp-block-embed-twitter\"><div class=\"wp-block-embed__wrapper\">\n<blockquote class=\"twitter-tweet\" data-width=\"550\" data-dnt=\"true\"><p lang=\"es\" dir=\"ltr\">Hoy millones de mexicanos volvimos a hacer historia.<a href=\"https:\/\/t.co\/L0HYj7mk1J\">https:\/\/t.co\/L0HYj7mk1J<\/a> <a href=\"https:\/\/t.co\/qXCm5x9CO1\">pic.twitter.com\/qXCm5x9CO1<\/a><\/p>&mdash; Andr\u00e9s Manuel (@lopezobrador_) <a href=\"https:\/\/twitter.com\/lopezobrador_\/status\/1513373003626676225?ref_src=twsrc%5Etfw\">April 11, 2022<\/a><\/blockquote><script async src=\"https:\/\/platform.twitter.com\/widgets.js\" charset=\"utf-8\"><\/script>\n<\/div><\/figure>\n\n\n\n<p>\u201cEstoy muy contento porque a pesar de los pesares mucha gente sali\u00f3 a votar el d\u00eda de hoy, seg\u00fan los c\u00e1lculos oficiales m\u00e1s de 17 millones de mexicanos, a pesar de qu\u00e9, no se instalaron Casillas, s\u00f3lo se instalaron el 30% de las casillas que se instalaron en el 2018. En todo el pa\u00eds la gente busc\u00f3 la casilla, y se moviliz\u00f3 en cayuco, en lanchas, a caballo, en camionetas como pudieron fueron a cumplir con el compromiso de hacer valer la democracia. Quiero agradecerles porque m\u00e1s del 90% vot\u00f3 para que yo termine mi mandato, m\u00e1s de 15 millones de mexicanos est\u00e1n contentos, \u201cAmor con amor se paga\u201d, que nunca los voy a traicionar, nunca jam\u00e1s voy a traicionar al pueblo de M\u00e9xico, no mentir, no robar, no traicionar al pueblo, me quedo, y vamos a continuar con la transformaci\u00f3n de nuestro pa\u00eds\u201d.<\/p>\n\n\n\n<p>Resalt\u00f3 la importancia que tiene el que se inicie en M\u00e9xico con esta consulta el h\u00e1bito de la democracia participativa que da al ciudadano el poder de elegir a sus gobernantes, pero tambi\u00e9n de removerlos cuando no se cumple con la responsabilidad adquirida, y que se inicie con este ejercicio in\u00e9dito en la historia nacional preguntando si se deseaba que el presidente se mantuviera o no en su cargo. \u201cEs un paso adelante en la democracia\u201d.<\/p>\n\n\n\n<p>El mandatario se\u00f1al\u00f3 que el pueblo es el soberano y el que manda y decide sobre qu\u00e9 tipo de gobierno quiere.<\/p>\n\n\n\n<p>\u201cNo olvidemos que el pueblo ese el soberano, no tenemos un rey en M\u00e9xico, no hay una oligarqu\u00eda, es una democracia y es el pueblo que manda y decide. A pesar de los pesares mucha gente sali\u00f3 a votar\u201d.<\/p>\n\n\n\n<p>Al referirse a las cifras oficiales, insisti\u00f3 en que salieron a votar m\u00e1s mexicanos, pese a que se instal\u00f3 solo el 30% de las casillas en comparaci\u00f3n con el 2018. Remarc\u00f3 el n\u00famero de personas que se manifest\u00f3 en favor de que permanezca en el cargo, superior a los votos que \u00e9l mismo obtuvo en elecciones anteriores, y a los que obtuvieron los candidatos opositores en los comicios presidenciales de 2018, aun cuando, fue menor el n\u00famero de casillas instaladas en comparaci\u00f3n con dichas elecciones.<\/p>\n\n\n\n<p>\u201cSeg\u00fan los c\u00e1lculos oficiales m\u00e1s de 17 millones de mexicanos a pesar de que no se instalaron casillas solo se instalaron el 30% que se instalaron en el 2018, una tercera parte, en muchas cabeceras municipales no hubo. En mi pueblo, donde siempre se instalan, en esta ocasi\u00f3n no se instalaron, pero en todo el pa\u00eds la gente busc\u00f3 la casilla y se moviliz\u00f3 en diferentes formas. Obtuve m\u00e1s votos ahora para que yo contin\u00fae que en el 2006, claro ah\u00ed hubo un fraude, pero formalmente creo que me dejaron 14 millones 700 mil votos aproximadamente, Calder\u00f3n 15 millones, pero ahora se calcula que 15 millones 671 mil es la proyecci\u00f3n, m\u00e1s qu\u00e9 los que obtuve yo en el 2012, y m\u00e1s que los que obtuvo Anaya en la elecci\u00f3n presidencial pasada, \u00e9l obtuvo 12 millones 610 mil, segundo lugar, y el tercer lugar, Jos\u00e9 Antonio Meade 9 millones 289 mil, y ahora 15 millones 671 mil es lo que se est\u00e1 calculando a favor, y en contra como 1 mill\u00f3n y medio. Adem\u00e1s, fueron muy pocos los votos nulos, de acuerdo al INE, de 1.6 a 2.1 de votos nulos, de modo que fue una muy buena votaci\u00f3n, una buena jornada\u201d.<\/p>\n\n\n\n<p>Y agradeci\u00f3 a todos aquellos que votaron para que termine su mandato.<\/p>\n\n\n\n<p>\u201cY quiero agradecerles porque m\u00e1s del 90% vot\u00f3 para que yo termin\u00e9 mi mandato. M\u00e1s de 15 millones de mexicanos est\u00e1n contentos y quieren que yo contin\u00fae hasta septiembre de 2024. Amor con amor se paga, al pueblo de M\u00e9xico\u2026 Me quedo y vamos a continuar con la transformaci\u00f3n del pa\u00eds\u201d, insisti\u00f3.<\/p>\n\n\n\n<p>L\u00f3pez Obrador descart\u00f3 que vaya a buscar una reforma constitucional para reelegirse, tras dicha consulta.<\/p>\n\n\n\n<p>\u201cVoy a seguir sirviendo hasta el \u00faltimo d\u00eda de mi mandato, no me voy a pasar porque soy dem\u00f3crata y no estoy a favor de la reelecci\u00f3n\u201d, dijo.<\/p>\n\n\n\n<p>En este ejercicio in\u00e9dito en M\u00e9xico participaron entre 17% y 18,2% de los electores. Para que el resultado fuera vinculante, se requer\u00eda el voto del 40% de las personas habilitadas para el sufragio (37 millones).<\/p>\n\n\n\n<p>El mandatario recibi\u00f3 entre 90,3% y 91,9% de votos a favor de que termine su mandato, contra un rango de 6,4% a 7,8% que apoyaron revocarle.<\/p>\n\n\n\n<p>\u201cQuiero agradecerles porque m\u00e1s del 90% vot\u00f3 para que yo termin\u00e9 mi mandato, m\u00e1s de 15 millones de mexicanos est\u00e1n contentos y quieren que yo contin\u00fae hasta septiembre de 2024\u201d, a\u00f1adi\u00f3.<\/p>\n\n\n\n<p>Enfatiz\u00f3 tambi\u00e9n la autoridad pol\u00edtica que significan dichos votos para continuar con el proceso de transformaci\u00f3n que encabeza.<\/p>\n\n\n\n<p>\u201cA los conservadores, llamarlos con todo respeto a la reflexi\u00f3n, a que se serenen, en la democracia se gana, o se pierde, no hay porque optar por la abstenci\u00f3n, o por decir, c\u00f3mo voy a perder para que participo, entonces no se es dem\u00f3crata, porque lo importante es ejercer el derecho que tiene uno a manifestarse de manera pac\u00edfica, la democracia es el poder del pueblo, es mandar obedeciendo, y sobre todo, mandar sirviendo al pueblo, y no olvidar nunca que el pueblo es el soberano, es nuestro amo, y \u00e9l pone, y el quita\u201d.<\/p>\n\n\n\n<p>L\u00f3pez Obrador asegur\u00f3 que en lo que resta de su presidencia trabajar\u00e1 \u201ca fondo\u201d para lograr lo que llama una \u201ctransformaci\u00f3n\u201d de M\u00e9xico.<\/p>\n\n\n\n<p>L\u00f3pez Obrador se mostr\u00f3 feliz por el resultado de la consulta.<\/p>\n\n\n\n<p>\u201cLos quiero desaforadamente\u2026 sigo teniendo un gran amor a todo el pueblo de M\u00e9xico, soy feliz. Amor con amor se paga\u201d, concluy\u00f3.<\/p>\n","protected":false},"excerpt":{"rendered":"<p>Al referirse a las cifras oficiales, insisti\u00f3 en que salieron a votar m\u00e1s mexicanos, pese a que se instal\u00f3 solo el 30% de las casillas en comparaci\u00f3n con el 2018 Ciudad de M\u00e9xico.- Tras darse a conocer los resultados de conteo r\u00e1pido sobre la Consulta de Revocaci\u00f3n de Mandato, el presidente de M\u00e9xico, Andr\u00e9s Manuel [&hellip;]<\/p>\n","protected":false},"author":46,"featured_media":28137,"comment_status":"open","ping_status":"open","sticky":false,"template":"","format":"standard","meta":{"tdm_status":"","tdm_grid_status":"","footnotes":""},"categories":[37],"tags":[247,297,1582],"class_list":{"0":"post-28136","1":"post","2":"type-post","3":"status-publish","4":"format-standard","5":"has-post-thumbnail","7":"category-nota-principal","8":"tag-amlo","9":"tag-andres-manuel-lopez-obrador","10":"tag-revocacion-de-mandato"},"yoast_head":"<!-- This site is optimized with the Yoast SEO plugin v27.5 - https:\/\/yoast.com\/product\/yoast-seo-wordpress\/ -->\n<title>Estoy muy contento, la gente sali\u00f3 a votar; seguir\u00e1 la transformaci\u00f3n: AMLO - Fuentes Fidedignas<\/title>\n<meta name=\"robots\" content=\"index, follow, max-snippet:-1, max-image-preview:large, max-video-preview:-1\" \/>\n<link rel=\"canonical\" href=\"https:\/\/fuentesfidedignas.com.mx\/index.php\/2022\/04\/11\/estoy-muy-contento-la-gente-salio-a-votar-seguira-la-transformacion-amlo\/\" \/>\n<meta property=\"og:locale\" content=\"es_MX\" \/>\n<meta property=\"og:type\" content=\"article\" \/>\n<meta property=\"og:title\" content=\"Estoy muy contento, la gente sali\u00f3 a votar; seguir\u00e1 la transformaci\u00f3n: AMLO - Fuentes Fidedignas\" \/>\n<meta property=\"og:description\" content=\"Al referirse a las cifras oficiales, insisti\u00f3 en que salieron a votar m\u00e1s mexicanos, pese a que se instal\u00f3 solo el 30% de las casillas en comparaci\u00f3n con el 2018 Ciudad de M\u00e9xico.- Tras darse a conocer los resultados de conteo r\u00e1pido sobre la Consulta de Revocaci\u00f3n de Mandato, el presidente de M\u00e9xico, Andr\u00e9s Manuel [&hellip;]\" \/>\n<meta property=\"og:url\" content=\"https:\/\/fuentesfidedignas.com.mx\/index.php\/2022\/04\/11\/estoy-muy-contento-la-gente-salio-a-votar-seguira-la-transformacion-amlo\/\" \/>\n<meta property=\"og:site_name\" content=\"Fuentes Fidedignas\" \/>\n<meta property=\"article:publisher\" content=\"https:\/\/www.facebook.com\/Fuentes-Fidedignas-368234489921644\" \/>\n<meta property=\"article:published_time\" content=\"2022-04-11T12:12:17+00:00\" \/>\n<meta property=\"og:image\" content=\"https:\/\/fuentesfidedignas.com.mx\/wp-content\/uploads\/2022\/04\/AMLO_MENSAJE.jpg\" \/>\n\t<meta property=\"og:image:width\" content=\"1271\" \/>\n\t<meta property=\"og:image:height\" content=\"664\" \/>\n\t<meta property=\"og:image:type\" content=\"image\/jpeg\" \/>\n<meta name=\"author\" content=\"Noticieros Televisa\" \/>\n<meta name=\"twitter:card\" content=\"summary_large_image\" \/>\n<meta name=\"twitter:creator\" content=\"@fidedignas\" \/>\n<meta name=\"twitter:site\" content=\"@fidedignas\" \/>\n<meta name=\"twitter:label1\" content=\"Escrito por\" \/>\n\t<meta name=\"twitter:data1\" content=\"Noticieros Televisa\" \/>\n\t<meta name=\"twitter:label2\" content=\"Tiempo de lectura\" \/>\n\t<meta name=\"twitter:data2\" content=\"5 minutos\" \/>\n<script type=\"application\/ld+json\" class=\"yoast-schema-graph\">{\"@context\":\"https:\\\/\\\/schema.org\",\"@graph\":[{\"@type\":\"Article\",\"@id\":\"https:\\\/\\\/fuentesfidedignas.com.mx\\\/index.php\\\/2022\\\/04\\\/11\\\/estoy-muy-contento-la-gente-salio-a-votar-seguira-la-transformacion-amlo\\\/#article\",\"isPartOf\":{\"@id\":\"https:\\\/\\\/fuentesfidedignas.com.mx\\\/index.php\\\/2022\\\/04\\\/11\\\/estoy-muy-contento-la-gente-salio-a-votar-seguira-la-transformacion-amlo\\\/\"},\"author\":{\"name\":\"Noticieros Televisa\",\"@id\":\"https:\\\/\\\/fuentesfidedignas.com.mx\\\/#\\\/schema\\\/person\\\/f030e42657a5a464a8bbd891b1aab6ee\"},\"headline\":\"Estoy muy contento, la gente sali\u00f3 a votar; seguir\u00e1 la transformaci\u00f3n: AMLO\",\"datePublished\":\"2022-04-11T12:12:17+00:00\",\"mainEntityOfPage\":{\"@id\":\"https:\\\/\\\/fuentesfidedignas.com.mx\\\/index.php\\\/2022\\\/04\\\/11\\\/estoy-muy-contento-la-gente-salio-a-votar-seguira-la-transformacion-amlo\\\/\"},\"wordCount\":1131,\"commentCount\":0,\"publisher\":{\"@id\":\"https:\\\/\\\/fuentesfidedignas.com.mx\\\/#organization\"},\"image\":{\"@id\":\"https:\\\/\\\/fuentesfidedignas.com.mx\\\/index.php\\\/2022\\\/04\\\/11\\\/estoy-muy-contento-la-gente-salio-a-votar-seguira-la-transformacion-amlo\\\/#primaryimage\"},\"thumbnailUrl\":\"https:\\\/\\\/fuentesfidedignas.com.mx\\\/wp-content\\\/uploads\\\/2022\\\/04\\\/AMLO_MENSAJE.jpg\",\"keywords\":[\"AMLO\",\"Andr\u00e9s Manuel L\u00f3pez Obrador\",\"Revocaci\u00f3n de mandato\"],\"articleSection\":[\"NOTA PRINCIPAL\"],\"inLanguage\":\"es\",\"potentialAction\":[{\"@type\":\"CommentAction\",\"name\":\"Comment\",\"target\":[\"https:\\\/\\\/fuentesfidedignas.com.mx\\\/index.php\\\/2022\\\/04\\\/11\\\/estoy-muy-contento-la-gente-salio-a-votar-seguira-la-transformacion-amlo\\\/#respond\"]}]},{\"@type\":\"WebPage\",\"@id\":\"https:\\\/\\\/fuentesfidedignas.com.mx\\\/index.php\\\/2022\\\/04\\\/11\\\/estoy-muy-contento-la-gente-salio-a-votar-seguira-la-transformacion-amlo\\\/\",\"url\":\"https:\\\/\\\/fuentesfidedignas.com.mx\\\/index.php\\\/2022\\\/04\\\/11\\\/estoy-muy-contento-la-gente-salio-a-votar-seguira-la-transformacion-amlo\\\/\",\"name\":\"Estoy muy contento, la gente sali\u00f3 a votar; seguir\u00e1 la transformaci\u00f3n: AMLO - Fuentes Fidedignas\",\"isPartOf\":{\"@id\":\"https:\\\/\\\/fuentesfidedignas.com.mx\\\/#website\"},\"primaryImageOfPage\":{\"@id\":\"https:\\\/\\\/fuentesfidedignas.com.mx\\\/index.php\\\/2022\\\/04\\\/11\\\/estoy-muy-contento-la-gente-salio-a-votar-seguira-la-transformacion-amlo\\\/#primaryimage\"},\"image\":{\"@id\":\"https:\\\/\\\/fuentesfidedignas.com.mx\\\/index.php\\\/2022\\\/04\\\/11\\\/estoy-muy-contento-la-gente-salio-a-votar-seguira-la-transformacion-amlo\\\/#primaryimage\"},\"thumbnailUrl\":\"https:\\\/\\\/fuentesfidedignas.com.mx\\\/wp-content\\\/uploads\\\/2022\\\/04\\\/AMLO_MENSAJE.jpg\",\"datePublished\":\"2022-04-11T12:12:17+00:00\",\"breadcrumb\":{\"@id\":\"https:\\\/\\\/fuentesfidedignas.com.mx\\\/index.php\\\/2022\\\/04\\\/11\\\/estoy-muy-contento-la-gente-salio-a-votar-seguira-la-transformacion-amlo\\\/#breadcrumb\"},\"inLanguage\":\"es\",\"potentialAction\":[{\"@type\":\"ReadAction\",\"target\":[\"https:\\\/\\\/fuentesfidedignas.com.mx\\\/index.php\\\/2022\\\/04\\\/11\\\/estoy-muy-contento-la-gente-salio-a-votar-seguira-la-transformacion-amlo\\\/\"]}]},{\"@type\":\"ImageObject\",\"inLanguage\":\"es\",\"@id\":\"https:\\\/\\\/fuentesfidedignas.com.mx\\\/index.php\\\/2022\\\/04\\\/11\\\/estoy-muy-contento-la-gente-salio-a-votar-seguira-la-transformacion-amlo\\\/#primaryimage\",\"url\":\"https:\\\/\\\/fuentesfidedignas.com.mx\\\/wp-content\\\/uploads\\\/2022\\\/04\\\/AMLO_MENSAJE.jpg\",\"contentUrl\":\"https:\\\/\\\/fuentesfidedignas.com.mx\\\/wp-content\\\/uploads\\\/2022\\\/04\\\/AMLO_MENSAJE.jpg\",\"width\":1271,\"height\":664},{\"@type\":\"BreadcrumbList\",\"@id\":\"https:\\\/\\\/fuentesfidedignas.com.mx\\\/index.php\\\/2022\\\/04\\\/11\\\/estoy-muy-contento-la-gente-salio-a-votar-seguira-la-transformacion-amlo\\\/#breadcrumb\",\"itemListElement\":[{\"@type\":\"ListItem\",\"position\":1,\"name\":\"Inicio\",\"item\":\"https:\\\/\\\/fuentesfidedignas.com.mx\\\/\"},{\"@type\":\"ListItem\",\"position\":2,\"name\":\"Estoy muy contento, la gente sali\u00f3 a votar; seguir\u00e1 la transformaci\u00f3n: AMLO\"}]},{\"@type\":\"WebSite\",\"@id\":\"https:\\\/\\\/fuentesfidedignas.com.mx\\\/#website\",\"url\":\"https:\\\/\\\/fuentesfidedignas.com.mx\\\/\",\"name\":\"Fuentes Fidedignas\",\"description\":\"Otro sitio realizado con WordPress\",\"publisher\":{\"@id\":\"https:\\\/\\\/fuentesfidedignas.com.mx\\\/#organization\"},\"potentialAction\":[{\"@type\":\"SearchAction\",\"target\":{\"@type\":\"EntryPoint\",\"urlTemplate\":\"https:\\\/\\\/fuentesfidedignas.com.mx\\\/?s={search_term_string}\"},\"query-input\":{\"@type\":\"PropertyValueSpecification\",\"valueRequired\":true,\"valueName\":\"search_term_string\"}}],\"inLanguage\":\"es\"},{\"@type\":\"Organization\",\"@id\":\"https:\\\/\\\/fuentesfidedignas.com.mx\\\/#organization\",\"name\":\"Fuentes Fidedignas\",\"url\":\"https:\\\/\\\/fuentesfidedignas.com.mx\\\/\",\"logo\":{\"@type\":\"ImageObject\",\"inLanguage\":\"es\",\"@id\":\"https:\\\/\\\/fuentesfidedignas.com.mx\\\/#\\\/schema\\\/logo\\\/image\\\/\",\"url\":\"https:\\\/\\\/fuentesfidedignas.com.mx\\\/wp-content\\\/uploads\\\/2021\\\/04\\\/logo-retina.png\",\"contentUrl\":\"https:\\\/\\\/fuentesfidedignas.com.mx\\\/wp-content\\\/uploads\\\/2021\\\/04\\\/logo-retina.png\",\"width\":280,\"height\":51,\"caption\":\"Fuentes Fidedignas\"},\"image\":{\"@id\":\"https:\\\/\\\/fuentesfidedignas.com.mx\\\/#\\\/schema\\\/logo\\\/image\\\/\"},\"sameAs\":[\"https:\\\/\\\/www.facebook.com\\\/Fuentes-Fidedignas-368234489921644\",\"https:\\\/\\\/x.com\\\/fidedignas\"]},{\"@type\":\"Person\",\"@id\":\"https:\\\/\\\/fuentesfidedignas.com.mx\\\/#\\\/schema\\\/person\\\/f030e42657a5a464a8bbd891b1aab6ee\",\"name\":\"Noticieros Televisa\",\"image\":{\"@type\":\"ImageObject\",\"inLanguage\":\"es\",\"@id\":\"https:\\\/\\\/secure.gravatar.com\\\/avatar\\\/0e47b9e785a628831b8fd9eaf15e090e106760a879abbd4a3306f128ef5d43a9?s=96&d=mm&r=g\",\"url\":\"https:\\\/\\\/secure.gravatar.com\\\/avatar\\\/0e47b9e785a628831b8fd9eaf15e090e106760a879abbd4a3306f128ef5d43a9?s=96&d=mm&r=g\",\"contentUrl\":\"https:\\\/\\\/secure.gravatar.com\\\/avatar\\\/0e47b9e785a628831b8fd9eaf15e090e106760a879abbd4a3306f128ef5d43a9?s=96&d=mm&r=g\",\"caption\":\"Noticieros Televisa\"},\"url\":\"https:\\\/\\\/fuentesfidedignas.com.mx\\\/index.php\\\/author\\\/noticieros-televisa\\\/\"}]}<\/script>\n<!-- \/ Yoast SEO plugin. -->","yoast_head_json":{"title":"Estoy muy contento, la gente sali\u00f3 a votar; seguir\u00e1 la transformaci\u00f3n: AMLO - Fuentes Fidedignas","robots":{"index":"index","follow":"follow","max-snippet":"max-snippet:-1","max-image-preview":"max-image-preview:large","max-video-preview":"max-video-preview:-1"},"canonical":"https:\/\/fuentesfidedignas.com.mx\/index.php\/2022\/04\/11\/estoy-muy-contento-la-gente-salio-a-votar-seguira-la-transformacion-amlo\/","og_locale":"es_MX","og_type":"article","og_title":"Estoy muy contento, la gente sali\u00f3 a votar; seguir\u00e1 la transformaci\u00f3n: AMLO - Fuentes Fidedignas","og_description":"Al referirse a las cifras oficiales, insisti\u00f3 en que salieron a votar m\u00e1s mexicanos, pese a que se instal\u00f3 solo el 30% de las casillas en comparaci\u00f3n con el 2018 Ciudad de M\u00e9xico.- Tras darse a conocer los resultados de conteo r\u00e1pido sobre la Consulta de Revocaci\u00f3n de Mandato, el presidente de M\u00e9xico, Andr\u00e9s Manuel [&hellip;]","og_url":"https:\/\/fuentesfidedignas.com.mx\/index.php\/2022\/04\/11\/estoy-muy-contento-la-gente-salio-a-votar-seguira-la-transformacion-amlo\/","og_site_name":"Fuentes Fidedignas","article_publisher":"https:\/\/www.facebook.com\/Fuentes-Fidedignas-368234489921644","article_published_time":"2022-04-11T12:12:17+00:00","og_image":[{"width":1271,"height":664,"url":"https:\/\/fuentesfidedignas.com.mx\/wp-content\/uploads\/2022\/04\/AMLO_MENSAJE.jpg","type":"image\/jpeg"}],"author":"Noticieros Televisa","twitter_card":"summary_large_image","twitter_creator":"@fidedignas","twitter_site":"@fidedignas","twitter_misc":{"Escrito por":"Noticieros Televisa","Tiempo de lectura":"5 minutos"},"schema":{"@context":"https:\/\/schema.org","@graph":[{"@type":"Article","@id":"https:\/\/fuentesfidedignas.com.mx\/index.php\/2022\/04\/11\/estoy-muy-contento-la-gente-salio-a-votar-seguira-la-transformacion-amlo\/#article","isPartOf":{"@id":"https:\/\/fuentesfidedignas.com.mx\/index.php\/2022\/04\/11\/estoy-muy-contento-la-gente-salio-a-votar-seguira-la-transformacion-amlo\/"},"author":{"name":"Noticieros Televisa","@id":"https:\/\/fuentesfidedignas.com.mx\/#\/schema\/person\/f030e42657a5a464a8bbd891b1aab6ee"},"headline":"Estoy muy contento, la gente sali\u00f3 a votar; seguir\u00e1 la transformaci\u00f3n: AMLO","datePublished":"2022-04-11T12:12:17+00:00","mainEntityOfPage":{"@id":"https:\/\/fuentesfidedignas.com.mx\/index.php\/2022\/04\/11\/estoy-muy-contento-la-gente-salio-a-votar-seguira-la-transformacion-amlo\/"},"wordCount":1131,"commentCount":0,"publisher":{"@id":"https:\/\/fuentesfidedignas.com.mx\/#organization"},"image":{"@id":"https:\/\/fuentesfidedignas.com.mx\/index.php\/2022\/04\/11\/estoy-muy-contento-la-gente-salio-a-votar-seguira-la-transformacion-amlo\/#primaryimage"},"thumbnailUrl":"https:\/\/fuentesfidedignas.com.mx\/wp-content\/uploads\/2022\/04\/AMLO_MENSAJE.jpg","keywords":["AMLO","Andr\u00e9s Manuel L\u00f3pez Obrador","Revocaci\u00f3n de mandato"],"articleSection":["NOTA PRINCIPAL"],"inLanguage":"es","potentialAction":[{"@type":"CommentAction","name":"Comment","target":["https:\/\/fuentesfidedignas.com.mx\/index.php\/2022\/04\/11\/estoy-muy-contento-la-gente-salio-a-votar-seguira-la-transformacion-amlo\/#respond"]}]},{"@type":"WebPage","@id":"https:\/\/fuentesfidedignas.com.mx\/index.php\/2022\/04\/11\/estoy-muy-contento-la-gente-salio-a-votar-seguira-la-transformacion-amlo\/","url":"https:\/\/fuentesfidedignas.com.mx\/index.php\/2022\/04\/11\/estoy-muy-contento-la-gente-salio-a-votar-seguira-la-transformacion-amlo\/","name":"Estoy muy contento, la gente sali\u00f3 a votar; seguir\u00e1 la transformaci\u00f3n: AMLO - Fuentes Fidedignas","isPartOf":{"@id":"https:\/\/fuentesfidedignas.com.mx\/#website"},"primaryImageOfPage":{"@id":"https:\/\/fuentesfidedignas.com.mx\/index.php\/2022\/04\/11\/estoy-muy-contento-la-gente-salio-a-votar-seguira-la-transformacion-amlo\/#primaryimage"},"image":{"@id":"https:\/\/fuentesfidedignas.com.mx\/index.php\/2022\/04\/11\/estoy-muy-contento-la-gente-salio-a-votar-seguira-la-transformacion-amlo\/#primaryimage"},"thumbnailUrl":"https:\/\/fuentesfidedignas.com.mx\/wp-content\/uploads\/2022\/04\/AMLO_MENSAJE.jpg","datePublished":"2022-04-11T12:12:17+00:00","breadcrumb":{"@id":"https:\/\/fuentesfidedignas.com.mx\/index.php\/2022\/04\/11\/estoy-muy-contento-la-gente-salio-a-votar-seguira-la-transformacion-amlo\/#breadcrumb"},"inLanguage":"es","potentialAction":[{"@type":"ReadAction","target":["https:\/\/fuentesfidedignas.com.mx\/index.php\/2022\/04\/11\/estoy-muy-contento-la-gente-salio-a-votar-seguira-la-transformacion-amlo\/"]}]},{"@type":"ImageObject","inLanguage":"es","@id":"https:\/\/fuentesfidedignas.com.mx\/index.php\/2022\/04\/11\/estoy-muy-contento-la-gente-salio-a-votar-seguira-la-transformacion-amlo\/#primaryimage","url":"https:\/\/fuentesfidedignas.com.mx\/wp-content\/uploads\/2022\/04\/AMLO_MENSAJE.jpg","contentUrl":"https:\/\/fuentesfidedignas.com.mx\/wp-content\/uploads\/2022\/04\/AMLO_MENSAJE.jpg","width":1271,"height":664},{"@type":"BreadcrumbList","@id":"https:\/\/fuentesfidedignas.com.mx\/index.php\/2022\/04\/11\/estoy-muy-contento-la-gente-salio-a-votar-seguira-la-transformacion-amlo\/#breadcrumb","itemListElement":[{"@type":"ListItem","position":1,"name":"Inicio","item":"https:\/\/fuentesfidedignas.com.mx\/"},{"@type":"ListItem","position":2,"name":"Estoy muy contento, la gente sali\u00f3 a votar; seguir\u00e1 la transformaci\u00f3n: AMLO"}]},{"@type":"WebSite","@id":"https:\/\/fuentesfidedignas.com.mx\/#website","url":"https:\/\/fuentesfidedignas.com.mx\/","name":"Fuentes Fidedignas","description":"Otro sitio realizado con WordPress","publisher":{"@id":"https:\/\/fuentesfidedignas.com.mx\/#organization"},"potentialAction":[{"@type":"SearchAction","target":{"@type":"EntryPoint","urlTemplate":"https:\/\/fuentesfidedignas.com.mx\/?s={search_term_string}"},"query-input":{"@type":"PropertyValueSpecification","valueRequired":true,"valueName":"search_term_string"}}],"inLanguage":"es"},{"@type":"Organization","@id":"https:\/\/fuentesfidedignas.com.mx\/#organization","name":"Fuentes Fidedignas","url":"https:\/\/fuentesfidedignas.com.mx\/","logo":{"@type":"ImageObject","inLanguage":"es","@id":"https:\/\/fuentesfidedignas.com.mx\/#\/schema\/logo\/image\/","url":"https:\/\/fuentesfidedignas.com.mx\/wp-content\/uploads\/2021\/04\/logo-retina.png","contentUrl":"https:\/\/fuentesfidedignas.com.mx\/wp-content\/uploads\/2021\/04\/logo-retina.png","width":280,"height":51,"caption":"Fuentes Fidedignas"},"image":{"@id":"https:\/\/fuentesfidedignas.com.mx\/#\/schema\/logo\/image\/"},"sameAs":["https:\/\/www.facebook.com\/Fuentes-Fidedignas-368234489921644","https:\/\/x.com\/fidedignas"]},{"@type":"Person","@id":"https:\/\/fuentesfidedignas.com.mx\/#\/schema\/person\/f030e42657a5a464a8bbd891b1aab6ee","name":"Noticieros Televisa","image":{"@type":"ImageObject","inLanguage":"es","@id":"https:\/\/secure.gravatar.com\/avatar\/0e47b9e785a628831b8fd9eaf15e090e106760a879abbd4a3306f128ef5d43a9?s=96&d=mm&r=g","url":"https:\/\/secure.gravatar.com\/avatar\/0e47b9e785a628831b8fd9eaf15e090e106760a879abbd4a3306f128ef5d43a9?s=96&d=mm&r=g","contentUrl":"https:\/\/secure.gravatar.com\/avatar\/0e47b9e785a628831b8fd9eaf15e090e106760a879abbd4a3306f128ef5d43a9?s=96&d=mm&r=g","caption":"Noticieros Televisa"},"url":"https:\/\/fuentesfidedignas.com.mx\/index.php\/author\/noticieros-televisa\/"}]}},"_links":{"self":[{"href":"https:\/\/fuentesfidedignas.com.mx\/index.php\/wp-json\/wp\/v2\/posts\/28136","targetHints":{"allow":["GET"]}}],"collection":[{"href":"https:\/\/fuentesfidedignas.com.mx\/index.php\/wp-json\/wp\/v2\/posts"}],"about":[{"href":"https:\/\/fuentesfidedignas.com.mx\/index.php\/wp-json\/wp\/v2\/types\/post"}],"author":[{"embeddable":true,"href":"https:\/\/fuentesfidedignas.com.mx\/index.php\/wp-json\/wp\/v2\/users\/46"}],"replies":[{"embeddable":true,"href":"https:\/\/fuentesfidedignas.com.mx\/index.php\/wp-json\/wp\/v2\/comments?post=28136"}],"version-history":[{"count":1,"href":"https:\/\/fuentesfidedignas.com.mx\/index.php\/wp-json\/wp\/v2\/posts\/28136\/revisions"}],"predecessor-version":[{"id":28138,"href":"https:\/\/fuentesfidedignas.com.mx\/index.php\/wp-json\/wp\/v2\/posts\/28136\/revisions\/28138"}],"wp:featuredmedia":[{"embeddable":true,"href":"https:\/\/fuentesfidedignas.com.mx\/index.php\/wp-json\/wp\/v2\/media\/28137"}],"wp:attachment":[{"href":"https:\/\/fuentesfidedignas.com.mx\/index.php\/wp-json\/wp\/v2\/media?parent=28136"}],"wp:term":[{"taxonomy":"category","embeddable":true,"href":"https:\/\/fuentesfidedignas.com.mx\/index.php\/wp-json\/wp\/v2\/categories?post=28136"},{"taxonomy":"post_tag","embeddable":true,"href":"https:\/\/fuentesfidedignas.com.mx\/index.php\/wp-json\/wp\/v2\/tags?post=28136"}],"curies":[{"name":"wp","href":"https:\/\/api.w.org\/{rel}","templated":true}]}}