{"id":28098,"date":"2022-04-10T10:19:46","date_gmt":"2022-04-10T17:19:46","guid":{"rendered":"https:\/\/fuentesfidedignas.com.mx\/?p=28098"},"modified":"2022-04-10T10:19:47","modified_gmt":"2022-04-10T17:19:47","slug":"rocha-informa-la-exclusion-del-camaron-en-el-tratado-de-libre-comercio-con-ecuador","status":"publish","type":"post","link":"https:\/\/fuentesfidedignas.com.mx\/index.php\/2022\/04\/10\/rocha-informa-la-exclusion-del-camaron-en-el-tratado-de-libre-comercio-con-ecuador\/","title":{"rendered":"Rocha informa la exclusi\u00f3n del Camar\u00f3n en el tratado de libre comercio con Ecuador"},"content":{"rendered":"\n<p><strong><em>Rocha se\u00f1al\u00f3 que solicit\u00f3 al director de aduanas, Horacio Duarte Olivares, el permiso de un observador en la frontera sur del pa\u00eds para los acuicultores con el fin de detectar el ingreso de camar\u00f3n ilegal proveniente de Ecuador<\/em><\/strong><\/p>\n\n\n\n<p>Culiac\u00e1n, Sin.- El Gobernador Rub\u00e9n Rocha inform\u00f3 de la exclusi\u00f3n del camar\u00f3n en el tratado de libre comercio con el pa\u00eds de Ecuador, el cual se discutir\u00e1 por representantes de ambos pa\u00edses en los pr\u00f3ximos meses y mencion\u00f3 que este tema es de preocupaci\u00f3n para los acuicultores del estado, con quienes sostuvo una reuni\u00f3n semanas atr\u00e1s donde los productores le plantearon esta problem\u00e1tica al jefe del ejecutivo estatal.<\/p>\n\n\n\n<p>Rocha se\u00f1al\u00f3 que solicit\u00f3 al director de aduanas, Horacio Duarte Olivares, el permiso de un observador en la frontera sur del pa\u00eds para los acuicultores con el fin de detectar el ingreso de camar\u00f3n ilegal proveniente de Ecuador, sin embargo, el funcionario federal le coment\u00f3 que es en el centro del pa\u00eds donde normalmente se distribuye y se vende el camar\u00f3n ecuatoriano.<\/p>\n\n\n\n<p>Subray\u00f3 que por ahora ser\u00e1 intentar controlar la venta, pues asegur\u00f3 que se trata de una competencia desleal, raz\u00f3n por la cual le hizo el planteamiento al Presidente Andr\u00e9s Manuel L\u00f3pez Obrador, qui\u00e9n le inform\u00f3 que el tema del camar\u00f3n ecuatoriano quedar\u00e1 fuera de las negociaciones del tratado de libre comercio con el pa\u00eds sudamericano.<\/p>\n\n\n\n<p>El planteamiento hecho al Presidente L\u00f3pez Obrador de parte del mandatario sinaloense, fue en el marco de la visita que sostuvo este s\u00e1bado el Gobernador Rocha por Islas Mar\u00edas a invitaci\u00f3n del propio ejecutivo federal.<\/p>\n","protected":false},"excerpt":{"rendered":"<p>Rocha se\u00f1al\u00f3 que solicit\u00f3 al director de aduanas, Horacio Duarte Olivares, el permiso de un observador en la frontera sur del pa\u00eds para los acuicultores con el fin de detectar el ingreso de camar\u00f3n ilegal proveniente de Ecuador Culiac\u00e1n, Sin.- El Gobernador Rub\u00e9n Rocha inform\u00f3 de la exclusi\u00f3n del camar\u00f3n en el tratado de libre [&hellip;]<\/p>\n","protected":false},"author":4,"featured_media":28099,"comment_status":"open","ping_status":"open","sticky":false,"template":"","format":"standard","meta":{"tdm_status":"","tdm_grid_status":"","footnotes":""},"categories":[37],"tags":[109,1710,52],"class_list":{"0":"post-28098","1":"post","2":"type-post","3":"status-publish","4":"format-standard","5":"has-post-thumbnail","7":"category-nota-principal","8":"tag-camaron","9":"tag-ecuador","10":"tag-ruben-rocha-moya"},"yoast_head":"<!-- This site is optimized with the Yoast SEO plugin v27.5 - https:\/\/yoast.com\/product\/yoast-seo-wordpress\/ -->\n<title>Rocha informa la exclusi\u00f3n del Camar\u00f3n en el tratado de libre comercio con Ecuador - Fuentes Fidedignas<\/title>\n<meta name=\"robots\" content=\"index, follow, max-snippet:-1, max-image-preview:large, max-video-preview:-1\" \/>\n<link rel=\"canonical\" href=\"https:\/\/fuentesfidedignas.com.mx\/index.php\/2022\/04\/10\/rocha-informa-la-exclusion-del-camaron-en-el-tratado-de-libre-comercio-con-ecuador\/\" \/>\n<meta property=\"og:locale\" content=\"es_MX\" \/>\n<meta property=\"og:type\" content=\"article\" \/>\n<meta property=\"og:title\" content=\"Rocha informa la exclusi\u00f3n del Camar\u00f3n en el tratado de libre comercio con Ecuador - Fuentes Fidedignas\" \/>\n<meta property=\"og:description\" content=\"Rocha se\u00f1al\u00f3 que solicit\u00f3 al director de aduanas, Horacio Duarte Olivares, el permiso de un observador en la frontera sur del pa\u00eds para los acuicultores con el fin de detectar el ingreso de camar\u00f3n ilegal proveniente de Ecuador Culiac\u00e1n, Sin.- El Gobernador Rub\u00e9n Rocha inform\u00f3 de la exclusi\u00f3n del camar\u00f3n en el tratado de libre [&hellip;]\" \/>\n<meta property=\"og:url\" content=\"https:\/\/fuentesfidedignas.com.mx\/index.php\/2022\/04\/10\/rocha-informa-la-exclusion-del-camaron-en-el-tratado-de-libre-comercio-con-ecuador\/\" \/>\n<meta property=\"og:site_name\" content=\"Fuentes Fidedignas\" \/>\n<meta property=\"article:publisher\" content=\"https:\/\/www.facebook.com\/Fuentes-Fidedignas-368234489921644\" \/>\n<meta property=\"article:published_time\" content=\"2022-04-10T17:19:46+00:00\" \/>\n<meta property=\"article:modified_time\" content=\"2022-04-10T17:19:47+00:00\" \/>\n<meta property=\"og:image\" content=\"https:\/\/fuentesfidedignas.com.mx\/wp-content\/uploads\/2022\/04\/CAMARON-SINALOA-768x484-1.jpg\" \/>\n\t<meta property=\"og:image:width\" content=\"768\" \/>\n\t<meta property=\"og:image:height\" content=\"484\" \/>\n\t<meta property=\"og:image:type\" content=\"image\/jpeg\" \/>\n<meta name=\"author\" content=\"Redacci\u00f3n\" \/>\n<meta name=\"twitter:card\" content=\"summary_large_image\" \/>\n<meta name=\"twitter:creator\" content=\"@fidedignas\" \/>\n<meta name=\"twitter:site\" content=\"@fidedignas\" \/>\n<meta name=\"twitter:label1\" content=\"Escrito por\" \/>\n\t<meta name=\"twitter:data1\" content=\"Redacci\u00f3n\" \/>\n\t<meta name=\"twitter:label2\" content=\"Tiempo de lectura\" \/>\n\t<meta name=\"twitter:data2\" content=\"2 minutos\" \/>\n<script type=\"application\/ld+json\" class=\"yoast-schema-graph\">{\"@context\":\"https:\\\/\\\/schema.org\",\"@graph\":[{\"@type\":\"Article\",\"@id\":\"https:\\\/\\\/fuentesfidedignas.com.mx\\\/index.php\\\/2022\\\/04\\\/10\\\/rocha-informa-la-exclusion-del-camaron-en-el-tratado-de-libre-comercio-con-ecuador\\\/#article\",\"isPartOf\":{\"@id\":\"https:\\\/\\\/fuentesfidedignas.com.mx\\\/index.php\\\/2022\\\/04\\\/10\\\/rocha-informa-la-exclusion-del-camaron-en-el-tratado-de-libre-comercio-con-ecuador\\\/\"},\"author\":{\"name\":\"Redacci\u00f3n\",\"@id\":\"https:\\\/\\\/fuentesfidedignas.com.mx\\\/#\\\/schema\\\/person\\\/331be9283d37198e2acd5750279085b0\"},\"headline\":\"Rocha informa la exclusi\u00f3n del Camar\u00f3n en el tratado de libre comercio con Ecuador\",\"datePublished\":\"2022-04-10T17:19:46+00:00\",\"dateModified\":\"2022-04-10T17:19:47+00:00\",\"mainEntityOfPage\":{\"@id\":\"https:\\\/\\\/fuentesfidedignas.com.mx\\\/index.php\\\/2022\\\/04\\\/10\\\/rocha-informa-la-exclusion-del-camaron-en-el-tratado-de-libre-comercio-con-ecuador\\\/\"},\"wordCount\":304,\"commentCount\":0,\"publisher\":{\"@id\":\"https:\\\/\\\/fuentesfidedignas.com.mx\\\/#organization\"},\"image\":{\"@id\":\"https:\\\/\\\/fuentesfidedignas.com.mx\\\/index.php\\\/2022\\\/04\\\/10\\\/rocha-informa-la-exclusion-del-camaron-en-el-tratado-de-libre-comercio-con-ecuador\\\/#primaryimage\"},\"thumbnailUrl\":\"https:\\\/\\\/fuentesfidedignas.com.mx\\\/wp-content\\\/uploads\\\/2022\\\/04\\\/CAMARON-SINALOA-768x484-1.jpg\",\"keywords\":[\"Camar\u00f3n\",\"Ecuador\",\"Rub\u00e9n Rocha Moya\"],\"articleSection\":[\"NOTA PRINCIPAL\"],\"inLanguage\":\"es\",\"potentialAction\":[{\"@type\":\"CommentAction\",\"name\":\"Comment\",\"target\":[\"https:\\\/\\\/fuentesfidedignas.com.mx\\\/index.php\\\/2022\\\/04\\\/10\\\/rocha-informa-la-exclusion-del-camaron-en-el-tratado-de-libre-comercio-con-ecuador\\\/#respond\"]}]},{\"@type\":\"WebPage\",\"@id\":\"https:\\\/\\\/fuentesfidedignas.com.mx\\\/index.php\\\/2022\\\/04\\\/10\\\/rocha-informa-la-exclusion-del-camaron-en-el-tratado-de-libre-comercio-con-ecuador\\\/\",\"url\":\"https:\\\/\\\/fuentesfidedignas.com.mx\\\/index.php\\\/2022\\\/04\\\/10\\\/rocha-informa-la-exclusion-del-camaron-en-el-tratado-de-libre-comercio-con-ecuador\\\/\",\"name\":\"Rocha informa la exclusi\u00f3n del Camar\u00f3n en el tratado de libre comercio con Ecuador - Fuentes Fidedignas\",\"isPartOf\":{\"@id\":\"https:\\\/\\\/fuentesfidedignas.com.mx\\\/#website\"},\"primaryImageOfPage\":{\"@id\":\"https:\\\/\\\/fuentesfidedignas.com.mx\\\/index.php\\\/2022\\\/04\\\/10\\\/rocha-informa-la-exclusion-del-camaron-en-el-tratado-de-libre-comercio-con-ecuador\\\/#primaryimage\"},\"image\":{\"@id\":\"https:\\\/\\\/fuentesfidedignas.com.mx\\\/index.php\\\/2022\\\/04\\\/10\\\/rocha-informa-la-exclusion-del-camaron-en-el-tratado-de-libre-comercio-con-ecuador\\\/#primaryimage\"},\"thumbnailUrl\":\"https:\\\/\\\/fuentesfidedignas.com.mx\\\/wp-content\\\/uploads\\\/2022\\\/04\\\/CAMARON-SINALOA-768x484-1.jpg\",\"datePublished\":\"2022-04-10T17:19:46+00:00\",\"dateModified\":\"2022-04-10T17:19:47+00:00\",\"breadcrumb\":{\"@id\":\"https:\\\/\\\/fuentesfidedignas.com.mx\\\/index.php\\\/2022\\\/04\\\/10\\\/rocha-informa-la-exclusion-del-camaron-en-el-tratado-de-libre-comercio-con-ecuador\\\/#breadcrumb\"},\"inLanguage\":\"es\",\"potentialAction\":[{\"@type\":\"ReadAction\",\"target\":[\"https:\\\/\\\/fuentesfidedignas.com.mx\\\/index.php\\\/2022\\\/04\\\/10\\\/rocha-informa-la-exclusion-del-camaron-en-el-tratado-de-libre-comercio-con-ecuador\\\/\"]}]},{\"@type\":\"ImageObject\",\"inLanguage\":\"es\",\"@id\":\"https:\\\/\\\/fuentesfidedignas.com.mx\\\/index.php\\\/2022\\\/04\\\/10\\\/rocha-informa-la-exclusion-del-camaron-en-el-tratado-de-libre-comercio-con-ecuador\\\/#primaryimage\",\"url\":\"https:\\\/\\\/fuentesfidedignas.com.mx\\\/wp-content\\\/uploads\\\/2022\\\/04\\\/CAMARON-SINALOA-768x484-1.jpg\",\"contentUrl\":\"https:\\\/\\\/fuentesfidedignas.com.mx\\\/wp-content\\\/uploads\\\/2022\\\/04\\\/CAMARON-SINALOA-768x484-1.jpg\",\"width\":768,\"height\":484},{\"@type\":\"BreadcrumbList\",\"@id\":\"https:\\\/\\\/fuentesfidedignas.com.mx\\\/index.php\\\/2022\\\/04\\\/10\\\/rocha-informa-la-exclusion-del-camaron-en-el-tratado-de-libre-comercio-con-ecuador\\\/#breadcrumb\",\"itemListElement\":[{\"@type\":\"ListItem\",\"position\":1,\"name\":\"Inicio\",\"item\":\"https:\\\/\\\/fuentesfidedignas.com.mx\\\/\"},{\"@type\":\"ListItem\",\"position\":2,\"name\":\"Rocha informa la exclusi\u00f3n del Camar\u00f3n en el tratado de libre comercio con Ecuador\"}]},{\"@type\":\"WebSite\",\"@id\":\"https:\\\/\\\/fuentesfidedignas.com.mx\\\/#website\",\"url\":\"https:\\\/\\\/fuentesfidedignas.com.mx\\\/\",\"name\":\"Fuentes Fidedignas\",\"description\":\"Otro sitio realizado con WordPress\",\"publisher\":{\"@id\":\"https:\\\/\\\/fuentesfidedignas.com.mx\\\/#organization\"},\"potentialAction\":[{\"@type\":\"SearchAction\",\"target\":{\"@type\":\"EntryPoint\",\"urlTemplate\":\"https:\\\/\\\/fuentesfidedignas.com.mx\\\/?s={search_term_string}\"},\"query-input\":{\"@type\":\"PropertyValueSpecification\",\"valueRequired\":true,\"valueName\":\"search_term_string\"}}],\"inLanguage\":\"es\"},{\"@type\":\"Organization\",\"@id\":\"https:\\\/\\\/fuentesfidedignas.com.mx\\\/#organization\",\"name\":\"Fuentes Fidedignas\",\"url\":\"https:\\\/\\\/fuentesfidedignas.com.mx\\\/\",\"logo\":{\"@type\":\"ImageObject\",\"inLanguage\":\"es\",\"@id\":\"https:\\\/\\\/fuentesfidedignas.com.mx\\\/#\\\/schema\\\/logo\\\/image\\\/\",\"url\":\"https:\\\/\\\/fuentesfidedignas.com.mx\\\/wp-content\\\/uploads\\\/2021\\\/04\\\/logo-retina.png\",\"contentUrl\":\"https:\\\/\\\/fuentesfidedignas.com.mx\\\/wp-content\\\/uploads\\\/2021\\\/04\\\/logo-retina.png\",\"width\":280,\"height\":51,\"caption\":\"Fuentes Fidedignas\"},\"image\":{\"@id\":\"https:\\\/\\\/fuentesfidedignas.com.mx\\\/#\\\/schema\\\/logo\\\/image\\\/\"},\"sameAs\":[\"https:\\\/\\\/www.facebook.com\\\/Fuentes-Fidedignas-368234489921644\",\"https:\\\/\\\/x.com\\\/fidedignas\"]},{\"@type\":\"Person\",\"@id\":\"https:\\\/\\\/fuentesfidedignas.com.mx\\\/#\\\/schema\\\/person\\\/331be9283d37198e2acd5750279085b0\",\"name\":\"Redacci\u00f3n\",\"image\":{\"@type\":\"ImageObject\",\"inLanguage\":\"es\",\"@id\":\"https:\\\/\\\/secure.gravatar.com\\\/avatar\\\/f6d8782c11d12b2d4ad3fbb6931aeab5309937a4d6cd2fc9cfaa28a6396a5aec?s=96&d=mm&r=g\",\"url\":\"https:\\\/\\\/secure.gravatar.com\\\/avatar\\\/f6d8782c11d12b2d4ad3fbb6931aeab5309937a4d6cd2fc9cfaa28a6396a5aec?s=96&d=mm&r=g\",\"contentUrl\":\"https:\\\/\\\/secure.gravatar.com\\\/avatar\\\/f6d8782c11d12b2d4ad3fbb6931aeab5309937a4d6cd2fc9cfaa28a6396a5aec?s=96&d=mm&r=g\",\"caption\":\"Redacci\u00f3n\"},\"url\":\"https:\\\/\\\/fuentesfidedignas.com.mx\\\/index.php\\\/author\\\/redaccion\\\/\"}]}<\/script>\n<!-- \/ Yoast SEO plugin. -->","yoast_head_json":{"title":"Rocha informa la exclusi\u00f3n del Camar\u00f3n en el tratado de libre comercio con Ecuador - Fuentes Fidedignas","robots":{"index":"index","follow":"follow","max-snippet":"max-snippet:-1","max-image-preview":"max-image-preview:large","max-video-preview":"max-video-preview:-1"},"canonical":"https:\/\/fuentesfidedignas.com.mx\/index.php\/2022\/04\/10\/rocha-informa-la-exclusion-del-camaron-en-el-tratado-de-libre-comercio-con-ecuador\/","og_locale":"es_MX","og_type":"article","og_title":"Rocha informa la exclusi\u00f3n del Camar\u00f3n en el tratado de libre comercio con Ecuador - Fuentes Fidedignas","og_description":"Rocha se\u00f1al\u00f3 que solicit\u00f3 al director de aduanas, Horacio Duarte Olivares, el permiso de un observador en la frontera sur del pa\u00eds para los acuicultores con el fin de detectar el ingreso de camar\u00f3n ilegal proveniente de Ecuador Culiac\u00e1n, Sin.- El Gobernador Rub\u00e9n Rocha inform\u00f3 de la exclusi\u00f3n del camar\u00f3n en el tratado de libre [&hellip;]","og_url":"https:\/\/fuentesfidedignas.com.mx\/index.php\/2022\/04\/10\/rocha-informa-la-exclusion-del-camaron-en-el-tratado-de-libre-comercio-con-ecuador\/","og_site_name":"Fuentes Fidedignas","article_publisher":"https:\/\/www.facebook.com\/Fuentes-Fidedignas-368234489921644","article_published_time":"2022-04-10T17:19:46+00:00","article_modified_time":"2022-04-10T17:19:47+00:00","og_image":[{"width":768,"height":484,"url":"https:\/\/fuentesfidedignas.com.mx\/wp-content\/uploads\/2022\/04\/CAMARON-SINALOA-768x484-1.jpg","type":"image\/jpeg"}],"author":"Redacci\u00f3n","twitter_card":"summary_large_image","twitter_creator":"@fidedignas","twitter_site":"@fidedignas","twitter_misc":{"Escrito por":"Redacci\u00f3n","Tiempo de lectura":"2 minutos"},"schema":{"@context":"https:\/\/schema.org","@graph":[{"@type":"Article","@id":"https:\/\/fuentesfidedignas.com.mx\/index.php\/2022\/04\/10\/rocha-informa-la-exclusion-del-camaron-en-el-tratado-de-libre-comercio-con-ecuador\/#article","isPartOf":{"@id":"https:\/\/fuentesfidedignas.com.mx\/index.php\/2022\/04\/10\/rocha-informa-la-exclusion-del-camaron-en-el-tratado-de-libre-comercio-con-ecuador\/"},"author":{"name":"Redacci\u00f3n","@id":"https:\/\/fuentesfidedignas.com.mx\/#\/schema\/person\/331be9283d37198e2acd5750279085b0"},"headline":"Rocha informa la exclusi\u00f3n del Camar\u00f3n en el tratado de libre comercio con Ecuador","datePublished":"2022-04-10T17:19:46+00:00","dateModified":"2022-04-10T17:19:47+00:00","mainEntityOfPage":{"@id":"https:\/\/fuentesfidedignas.com.mx\/index.php\/2022\/04\/10\/rocha-informa-la-exclusion-del-camaron-en-el-tratado-de-libre-comercio-con-ecuador\/"},"wordCount":304,"commentCount":0,"publisher":{"@id":"https:\/\/fuentesfidedignas.com.mx\/#organization"},"image":{"@id":"https:\/\/fuentesfidedignas.com.mx\/index.php\/2022\/04\/10\/rocha-informa-la-exclusion-del-camaron-en-el-tratado-de-libre-comercio-con-ecuador\/#primaryimage"},"thumbnailUrl":"https:\/\/fuentesfidedignas.com.mx\/wp-content\/uploads\/2022\/04\/CAMARON-SINALOA-768x484-1.jpg","keywords":["Camar\u00f3n","Ecuador","Rub\u00e9n Rocha Moya"],"articleSection":["NOTA PRINCIPAL"],"inLanguage":"es","potentialAction":[{"@type":"CommentAction","name":"Comment","target":["https:\/\/fuentesfidedignas.com.mx\/index.php\/2022\/04\/10\/rocha-informa-la-exclusion-del-camaron-en-el-tratado-de-libre-comercio-con-ecuador\/#respond"]}]},{"@type":"WebPage","@id":"https:\/\/fuentesfidedignas.com.mx\/index.php\/2022\/04\/10\/rocha-informa-la-exclusion-del-camaron-en-el-tratado-de-libre-comercio-con-ecuador\/","url":"https:\/\/fuentesfidedignas.com.mx\/index.php\/2022\/04\/10\/rocha-informa-la-exclusion-del-camaron-en-el-tratado-de-libre-comercio-con-ecuador\/","name":"Rocha informa la exclusi\u00f3n del Camar\u00f3n en el tratado de libre comercio con Ecuador - Fuentes Fidedignas","isPartOf":{"@id":"https:\/\/fuentesfidedignas.com.mx\/#website"},"primaryImageOfPage":{"@id":"https:\/\/fuentesfidedignas.com.mx\/index.php\/2022\/04\/10\/rocha-informa-la-exclusion-del-camaron-en-el-tratado-de-libre-comercio-con-ecuador\/#primaryimage"},"image":{"@id":"https:\/\/fuentesfidedignas.com.mx\/index.php\/2022\/04\/10\/rocha-informa-la-exclusion-del-camaron-en-el-tratado-de-libre-comercio-con-ecuador\/#primaryimage"},"thumbnailUrl":"https:\/\/fuentesfidedignas.com.mx\/wp-content\/uploads\/2022\/04\/CAMARON-SINALOA-768x484-1.jpg","datePublished":"2022-04-10T17:19:46+00:00","dateModified":"2022-04-10T17:19:47+00:00","breadcrumb":{"@id":"https:\/\/fuentesfidedignas.com.mx\/index.php\/2022\/04\/10\/rocha-informa-la-exclusion-del-camaron-en-el-tratado-de-libre-comercio-con-ecuador\/#breadcrumb"},"inLanguage":"es","potentialAction":[{"@type":"ReadAction","target":["https:\/\/fuentesfidedignas.com.mx\/index.php\/2022\/04\/10\/rocha-informa-la-exclusion-del-camaron-en-el-tratado-de-libre-comercio-con-ecuador\/"]}]},{"@type":"ImageObject","inLanguage":"es","@id":"https:\/\/fuentesfidedignas.com.mx\/index.php\/2022\/04\/10\/rocha-informa-la-exclusion-del-camaron-en-el-tratado-de-libre-comercio-con-ecuador\/#primaryimage","url":"https:\/\/fuentesfidedignas.com.mx\/wp-content\/uploads\/2022\/04\/CAMARON-SINALOA-768x484-1.jpg","contentUrl":"https:\/\/fuentesfidedignas.com.mx\/wp-content\/uploads\/2022\/04\/CAMARON-SINALOA-768x484-1.jpg","width":768,"height":484},{"@type":"BreadcrumbList","@id":"https:\/\/fuentesfidedignas.com.mx\/index.php\/2022\/04\/10\/rocha-informa-la-exclusion-del-camaron-en-el-tratado-de-libre-comercio-con-ecuador\/#breadcrumb","itemListElement":[{"@type":"ListItem","position":1,"name":"Inicio","item":"https:\/\/fuentesfidedignas.com.mx\/"},{"@type":"ListItem","position":2,"name":"Rocha informa la exclusi\u00f3n del Camar\u00f3n en el tratado de libre comercio con Ecuador"}]},{"@type":"WebSite","@id":"https:\/\/fuentesfidedignas.com.mx\/#website","url":"https:\/\/fuentesfidedignas.com.mx\/","name":"Fuentes Fidedignas","description":"Otro sitio realizado con WordPress","publisher":{"@id":"https:\/\/fuentesfidedignas.com.mx\/#organization"},"potentialAction":[{"@type":"SearchAction","target":{"@type":"EntryPoint","urlTemplate":"https:\/\/fuentesfidedignas.com.mx\/?s={search_term_string}"},"query-input":{"@type":"PropertyValueSpecification","valueRequired":true,"valueName":"search_term_string"}}],"inLanguage":"es"},{"@type":"Organization","@id":"https:\/\/fuentesfidedignas.com.mx\/#organization","name":"Fuentes Fidedignas","url":"https:\/\/fuentesfidedignas.com.mx\/","logo":{"@type":"ImageObject","inLanguage":"es","@id":"https:\/\/fuentesfidedignas.com.mx\/#\/schema\/logo\/image\/","url":"https:\/\/fuentesfidedignas.com.mx\/wp-content\/uploads\/2021\/04\/logo-retina.png","contentUrl":"https:\/\/fuentesfidedignas.com.mx\/wp-content\/uploads\/2021\/04\/logo-retina.png","width":280,"height":51,"caption":"Fuentes Fidedignas"},"image":{"@id":"https:\/\/fuentesfidedignas.com.mx\/#\/schema\/logo\/image\/"},"sameAs":["https:\/\/www.facebook.com\/Fuentes-Fidedignas-368234489921644","https:\/\/x.com\/fidedignas"]},{"@type":"Person","@id":"https:\/\/fuentesfidedignas.com.mx\/#\/schema\/person\/331be9283d37198e2acd5750279085b0","name":"Redacci\u00f3n","image":{"@type":"ImageObject","inLanguage":"es","@id":"https:\/\/secure.gravatar.com\/avatar\/f6d8782c11d12b2d4ad3fbb6931aeab5309937a4d6cd2fc9cfaa28a6396a5aec?s=96&d=mm&r=g","url":"https:\/\/secure.gravatar.com\/avatar\/f6d8782c11d12b2d4ad3fbb6931aeab5309937a4d6cd2fc9cfaa28a6396a5aec?s=96&d=mm&r=g","contentUrl":"https:\/\/secure.gravatar.com\/avatar\/f6d8782c11d12b2d4ad3fbb6931aeab5309937a4d6cd2fc9cfaa28a6396a5aec?s=96&d=mm&r=g","caption":"Redacci\u00f3n"},"url":"https:\/\/fuentesfidedignas.com.mx\/index.php\/author\/redaccion\/"}]}},"_links":{"self":[{"href":"https:\/\/fuentesfidedignas.com.mx\/index.php\/wp-json\/wp\/v2\/posts\/28098","targetHints":{"allow":["GET"]}}],"collection":[{"href":"https:\/\/fuentesfidedignas.com.mx\/index.php\/wp-json\/wp\/v2\/posts"}],"about":[{"href":"https:\/\/fuentesfidedignas.com.mx\/index.php\/wp-json\/wp\/v2\/types\/post"}],"author":[{"embeddable":true,"href":"https:\/\/fuentesfidedignas.com.mx\/index.php\/wp-json\/wp\/v2\/users\/4"}],"replies":[{"embeddable":true,"href":"https:\/\/fuentesfidedignas.com.mx\/index.php\/wp-json\/wp\/v2\/comments?post=28098"}],"version-history":[{"count":1,"href":"https:\/\/fuentesfidedignas.com.mx\/index.php\/wp-json\/wp\/v2\/posts\/28098\/revisions"}],"predecessor-version":[{"id":28100,"href":"https:\/\/fuentesfidedignas.com.mx\/index.php\/wp-json\/wp\/v2\/posts\/28098\/revisions\/28100"}],"wp:featuredmedia":[{"embeddable":true,"href":"https:\/\/fuentesfidedignas.com.mx\/index.php\/wp-json\/wp\/v2\/media\/28099"}],"wp:attachment":[{"href":"https:\/\/fuentesfidedignas.com.mx\/index.php\/wp-json\/wp\/v2\/media?parent=28098"}],"wp:term":[{"taxonomy":"category","embeddable":true,"href":"https:\/\/fuentesfidedignas.com.mx\/index.php\/wp-json\/wp\/v2\/categories?post=28098"},{"taxonomy":"post_tag","embeddable":true,"href":"https:\/\/fuentesfidedignas.com.mx\/index.php\/wp-json\/wp\/v2\/tags?post=28098"}],"curies":[{"name":"wp","href":"https:\/\/api.w.org\/{rel}","templated":true}]}}