{"id":28091,"date":"2022-04-10T10:09:54","date_gmt":"2022-04-10T17:09:54","guid":{"rendered":"https:\/\/fuentesfidedignas.com.mx\/?p=28091"},"modified":"2022-04-10T10:10:20","modified_gmt":"2022-04-10T17:10:20","slug":"alcalde-gerardo-vargas-landeros-acude-a-emitir-su-voto-en-la-revocacion-de-mandato-2022","status":"publish","type":"post","link":"https:\/\/fuentesfidedignas.com.mx\/index.php\/2022\/04\/10\/alcalde-gerardo-vargas-landeros-acude-a-emitir-su-voto-en-la-revocacion-de-mandato-2022\/","title":{"rendered":"Alcalde Gerardo Vargas Landeros acude a emitir su voto en la revocaci\u00f3n de mandato 2022"},"content":{"rendered":"\n<p><strong><em>El Presidente Municipal de Ahome hizo un llamado a la ciudadan\u00eda para que salga a participar en este ejercicio democr\u00e1tico\u2026<\/em><\/strong><\/p>\n\n\n\n<p>Los Mochis, Ahome, Sin.- Minutos antes de las 08:00 de la ma\u00f1ana, el Presidente Municipal de Ahome, C. Gerardo Octavio Vargas Landeros, acudi\u00f3 a la casilla que fue instalada sobre la calle Jos\u00e9 Mar\u00eda Morelos y Pav\u00f3n, en el sector Centro de la ciudad, donde emiti\u00f3 su voto dentro de la revocaci\u00f3n de mandato 2022.<\/p>\n\n\n\n<p>El alcalde de Ahome, quien fue acompa\u00f1ado de su esposa, la se\u00f1ora M\u00f3nica Torres de Vargas, Presidenta del Sistema DIF Ahome, as\u00ed como de funcionarios municipales, hizo un llamado a la poblaci\u00f3n para que salgan a participar en este ejercicio democr\u00e1tico.<\/p>\n\n\n\n<p>Tras emitir su voto, Vargas Landeros inform\u00f3 que revisar\u00eda que todas las casillas estuvieran instaladas, las cuales en su mayor\u00eda ya estaban colocadas desde temprana hora.<\/p>\n\n\n\n<p>\u201cEstoy seguro que vamos a tener una gran participaci\u00f3n, el reporte que estoy teniendo hace unos minutos es que la gran mayor\u00eda ya est\u00e1n instaladas, que hay algunas filas importantes, sobre todo en la zona rural y aqu\u00ed en las colonias\u201d.<\/p>\n\n\n\n<p>Detall\u00f3 que en el municipio de Ahome fueron colocadas aproximadamente 212 casillas, en 90 puntos, con 2 mil boletas por casilla.<\/p>\n\n\n\n<p>Por su parte el Secretario de Seguridad y Protecci\u00f3n Ciudadana del Municipio de Ahome, Julio C\u00e9sar Romanillo Montoya, inform\u00f3 que el operativo para este ejercicio consiste en rondines en todo el municipio, principalmente donde fueron instaladas las casillas.<\/p>\n\n\n\n<p>\u201cTodos nuestros efectivos se encuentran laborando no tenemos descansos, no tenemos vacaciones, tenemos un excelente personal, capacitado y profesional con muchas ganas de trabajar\u201d.<\/p>\n","protected":false},"excerpt":{"rendered":"<p>El Presidente Municipal de Ahome hizo un llamado a la ciudadan\u00eda para que salga a participar en este ejercicio democr\u00e1tico\u2026 Los Mochis, Ahome, Sin.- Minutos antes de las 08:00 de la ma\u00f1ana, el Presidente Municipal de Ahome, C. Gerardo Octavio Vargas Landeros, acudi\u00f3 a la casilla que fue instalada sobre la calle Jos\u00e9 Mar\u00eda Morelos [&hellip;]<\/p>\n","protected":false},"author":4,"featured_media":28092,"comment_status":"open","ping_status":"open","sticky":false,"template":"","format":"standard","meta":{"tdm_status":"","tdm_grid_status":"","footnotes":""},"categories":[38],"tags":[278,1715,1654,1582],"class_list":{"0":"post-28091","1":"post","2":"type-post","3":"status-publish","4":"format-standard","5":"has-post-thumbnail","7":"category-noticias-locales","8":"tag-ahome","9":"tag-ayuntamiento-de-ahome","10":"tag-gerardo-vargas-landeros","11":"tag-revocacion-de-mandato"},"yoast_head":"<!-- This site is optimized with the Yoast SEO plugin v27.5 - https:\/\/yoast.com\/product\/yoast-seo-wordpress\/ -->\n<title>Alcalde Gerardo Vargas Landeros acude a emitir su voto en la revocaci\u00f3n de mandato 2022 - Fuentes Fidedignas<\/title>\n<meta name=\"robots\" content=\"index, follow, max-snippet:-1, max-image-preview:large, max-video-preview:-1\" \/>\n<link rel=\"canonical\" href=\"https:\/\/fuentesfidedignas.com.mx\/index.php\/2022\/04\/10\/alcalde-gerardo-vargas-landeros-acude-a-emitir-su-voto-en-la-revocacion-de-mandato-2022\/\" \/>\n<meta property=\"og:locale\" content=\"es_MX\" \/>\n<meta property=\"og:type\" content=\"article\" \/>\n<meta property=\"og:title\" content=\"Alcalde Gerardo Vargas Landeros acude a emitir su voto en la revocaci\u00f3n de mandato 2022 - Fuentes Fidedignas\" \/>\n<meta property=\"og:description\" content=\"El Presidente Municipal de Ahome hizo un llamado a la ciudadan\u00eda para que salga a participar en este ejercicio democr\u00e1tico\u2026 Los Mochis, Ahome, Sin.- Minutos antes de las 08:00 de la ma\u00f1ana, el Presidente Municipal de Ahome, C. Gerardo Octavio Vargas Landeros, acudi\u00f3 a la casilla que fue instalada sobre la calle Jos\u00e9 Mar\u00eda Morelos [&hellip;]\" \/>\n<meta property=\"og:url\" content=\"https:\/\/fuentesfidedignas.com.mx\/index.php\/2022\/04\/10\/alcalde-gerardo-vargas-landeros-acude-a-emitir-su-voto-en-la-revocacion-de-mandato-2022\/\" \/>\n<meta property=\"og:site_name\" content=\"Fuentes Fidedignas\" \/>\n<meta property=\"article:publisher\" content=\"https:\/\/www.facebook.com\/Fuentes-Fidedignas-368234489921644\" \/>\n<meta property=\"article:published_time\" content=\"2022-04-10T17:09:54+00:00\" \/>\n<meta property=\"article:modified_time\" content=\"2022-04-10T17:10:20+00:00\" \/>\n<meta property=\"og:image\" content=\"https:\/\/fuentesfidedignas.com.mx\/wp-content\/uploads\/2022\/04\/VARGAS_VOTO.jpg\" \/>\n\t<meta property=\"og:image:width\" content=\"1024\" \/>\n\t<meta property=\"og:image:height\" content=\"682\" \/>\n\t<meta property=\"og:image:type\" content=\"image\/jpeg\" \/>\n<meta name=\"author\" content=\"Redacci\u00f3n\" \/>\n<meta name=\"twitter:card\" content=\"summary_large_image\" \/>\n<meta name=\"twitter:creator\" content=\"@fidedignas\" \/>\n<meta name=\"twitter:site\" content=\"@fidedignas\" \/>\n<meta name=\"twitter:label1\" content=\"Escrito por\" \/>\n\t<meta name=\"twitter:data1\" content=\"Redacci\u00f3n\" \/>\n\t<meta name=\"twitter:label2\" content=\"Tiempo de lectura\" \/>\n\t<meta name=\"twitter:data2\" content=\"2 minutos\" \/>\n<script type=\"application\/ld+json\" class=\"yoast-schema-graph\">{\"@context\":\"https:\\\/\\\/schema.org\",\"@graph\":[{\"@type\":\"Article\",\"@id\":\"https:\\\/\\\/fuentesfidedignas.com.mx\\\/index.php\\\/2022\\\/04\\\/10\\\/alcalde-gerardo-vargas-landeros-acude-a-emitir-su-voto-en-la-revocacion-de-mandato-2022\\\/#article\",\"isPartOf\":{\"@id\":\"https:\\\/\\\/fuentesfidedignas.com.mx\\\/index.php\\\/2022\\\/04\\\/10\\\/alcalde-gerardo-vargas-landeros-acude-a-emitir-su-voto-en-la-revocacion-de-mandato-2022\\\/\"},\"author\":{\"name\":\"Redacci\u00f3n\",\"@id\":\"https:\\\/\\\/fuentesfidedignas.com.mx\\\/#\\\/schema\\\/person\\\/331be9283d37198e2acd5750279085b0\"},\"headline\":\"Alcalde Gerardo Vargas Landeros acude a emitir su voto en la revocaci\u00f3n de mandato 2022\",\"datePublished\":\"2022-04-10T17:09:54+00:00\",\"dateModified\":\"2022-04-10T17:10:20+00:00\",\"mainEntityOfPage\":{\"@id\":\"https:\\\/\\\/fuentesfidedignas.com.mx\\\/index.php\\\/2022\\\/04\\\/10\\\/alcalde-gerardo-vargas-landeros-acude-a-emitir-su-voto-en-la-revocacion-de-mandato-2022\\\/\"},\"wordCount\":295,\"commentCount\":0,\"publisher\":{\"@id\":\"https:\\\/\\\/fuentesfidedignas.com.mx\\\/#organization\"},\"image\":{\"@id\":\"https:\\\/\\\/fuentesfidedignas.com.mx\\\/index.php\\\/2022\\\/04\\\/10\\\/alcalde-gerardo-vargas-landeros-acude-a-emitir-su-voto-en-la-revocacion-de-mandato-2022\\\/#primaryimage\"},\"thumbnailUrl\":\"https:\\\/\\\/fuentesfidedignas.com.mx\\\/wp-content\\\/uploads\\\/2022\\\/04\\\/VARGAS_VOTO.jpg\",\"keywords\":[\"Ahome\",\"Ayuntamiento de Ahome\",\"Gerardo Vargas Landeros\",\"Revocaci\u00f3n de mandato\"],\"articleSection\":[\"NOTICIAS LOCALES\"],\"inLanguage\":\"es\",\"potentialAction\":[{\"@type\":\"CommentAction\",\"name\":\"Comment\",\"target\":[\"https:\\\/\\\/fuentesfidedignas.com.mx\\\/index.php\\\/2022\\\/04\\\/10\\\/alcalde-gerardo-vargas-landeros-acude-a-emitir-su-voto-en-la-revocacion-de-mandato-2022\\\/#respond\"]}]},{\"@type\":\"WebPage\",\"@id\":\"https:\\\/\\\/fuentesfidedignas.com.mx\\\/index.php\\\/2022\\\/04\\\/10\\\/alcalde-gerardo-vargas-landeros-acude-a-emitir-su-voto-en-la-revocacion-de-mandato-2022\\\/\",\"url\":\"https:\\\/\\\/fuentesfidedignas.com.mx\\\/index.php\\\/2022\\\/04\\\/10\\\/alcalde-gerardo-vargas-landeros-acude-a-emitir-su-voto-en-la-revocacion-de-mandato-2022\\\/\",\"name\":\"Alcalde Gerardo Vargas Landeros acude a emitir su voto en la revocaci\u00f3n de mandato 2022 - Fuentes Fidedignas\",\"isPartOf\":{\"@id\":\"https:\\\/\\\/fuentesfidedignas.com.mx\\\/#website\"},\"primaryImageOfPage\":{\"@id\":\"https:\\\/\\\/fuentesfidedignas.com.mx\\\/index.php\\\/2022\\\/04\\\/10\\\/alcalde-gerardo-vargas-landeros-acude-a-emitir-su-voto-en-la-revocacion-de-mandato-2022\\\/#primaryimage\"},\"image\":{\"@id\":\"https:\\\/\\\/fuentesfidedignas.com.mx\\\/index.php\\\/2022\\\/04\\\/10\\\/alcalde-gerardo-vargas-landeros-acude-a-emitir-su-voto-en-la-revocacion-de-mandato-2022\\\/#primaryimage\"},\"thumbnailUrl\":\"https:\\\/\\\/fuentesfidedignas.com.mx\\\/wp-content\\\/uploads\\\/2022\\\/04\\\/VARGAS_VOTO.jpg\",\"datePublished\":\"2022-04-10T17:09:54+00:00\",\"dateModified\":\"2022-04-10T17:10:20+00:00\",\"breadcrumb\":{\"@id\":\"https:\\\/\\\/fuentesfidedignas.com.mx\\\/index.php\\\/2022\\\/04\\\/10\\\/alcalde-gerardo-vargas-landeros-acude-a-emitir-su-voto-en-la-revocacion-de-mandato-2022\\\/#breadcrumb\"},\"inLanguage\":\"es\",\"potentialAction\":[{\"@type\":\"ReadAction\",\"target\":[\"https:\\\/\\\/fuentesfidedignas.com.mx\\\/index.php\\\/2022\\\/04\\\/10\\\/alcalde-gerardo-vargas-landeros-acude-a-emitir-su-voto-en-la-revocacion-de-mandato-2022\\\/\"]}]},{\"@type\":\"ImageObject\",\"inLanguage\":\"es\",\"@id\":\"https:\\\/\\\/fuentesfidedignas.com.mx\\\/index.php\\\/2022\\\/04\\\/10\\\/alcalde-gerardo-vargas-landeros-acude-a-emitir-su-voto-en-la-revocacion-de-mandato-2022\\\/#primaryimage\",\"url\":\"https:\\\/\\\/fuentesfidedignas.com.mx\\\/wp-content\\\/uploads\\\/2022\\\/04\\\/VARGAS_VOTO.jpg\",\"contentUrl\":\"https:\\\/\\\/fuentesfidedignas.com.mx\\\/wp-content\\\/uploads\\\/2022\\\/04\\\/VARGAS_VOTO.jpg\",\"width\":1024,\"height\":682},{\"@type\":\"BreadcrumbList\",\"@id\":\"https:\\\/\\\/fuentesfidedignas.com.mx\\\/index.php\\\/2022\\\/04\\\/10\\\/alcalde-gerardo-vargas-landeros-acude-a-emitir-su-voto-en-la-revocacion-de-mandato-2022\\\/#breadcrumb\",\"itemListElement\":[{\"@type\":\"ListItem\",\"position\":1,\"name\":\"Inicio\",\"item\":\"https:\\\/\\\/fuentesfidedignas.com.mx\\\/\"},{\"@type\":\"ListItem\",\"position\":2,\"name\":\"Alcalde Gerardo Vargas Landeros acude a emitir su voto en la revocaci\u00f3n de mandato 2022\"}]},{\"@type\":\"WebSite\",\"@id\":\"https:\\\/\\\/fuentesfidedignas.com.mx\\\/#website\",\"url\":\"https:\\\/\\\/fuentesfidedignas.com.mx\\\/\",\"name\":\"Fuentes Fidedignas\",\"description\":\"Otro sitio realizado con WordPress\",\"publisher\":{\"@id\":\"https:\\\/\\\/fuentesfidedignas.com.mx\\\/#organization\"},\"potentialAction\":[{\"@type\":\"SearchAction\",\"target\":{\"@type\":\"EntryPoint\",\"urlTemplate\":\"https:\\\/\\\/fuentesfidedignas.com.mx\\\/?s={search_term_string}\"},\"query-input\":{\"@type\":\"PropertyValueSpecification\",\"valueRequired\":true,\"valueName\":\"search_term_string\"}}],\"inLanguage\":\"es\"},{\"@type\":\"Organization\",\"@id\":\"https:\\\/\\\/fuentesfidedignas.com.mx\\\/#organization\",\"name\":\"Fuentes Fidedignas\",\"url\":\"https:\\\/\\\/fuentesfidedignas.com.mx\\\/\",\"logo\":{\"@type\":\"ImageObject\",\"inLanguage\":\"es\",\"@id\":\"https:\\\/\\\/fuentesfidedignas.com.mx\\\/#\\\/schema\\\/logo\\\/image\\\/\",\"url\":\"https:\\\/\\\/fuentesfidedignas.com.mx\\\/wp-content\\\/uploads\\\/2021\\\/04\\\/logo-retina.png\",\"contentUrl\":\"https:\\\/\\\/fuentesfidedignas.com.mx\\\/wp-content\\\/uploads\\\/2021\\\/04\\\/logo-retina.png\",\"width\":280,\"height\":51,\"caption\":\"Fuentes Fidedignas\"},\"image\":{\"@id\":\"https:\\\/\\\/fuentesfidedignas.com.mx\\\/#\\\/schema\\\/logo\\\/image\\\/\"},\"sameAs\":[\"https:\\\/\\\/www.facebook.com\\\/Fuentes-Fidedignas-368234489921644\",\"https:\\\/\\\/x.com\\\/fidedignas\"]},{\"@type\":\"Person\",\"@id\":\"https:\\\/\\\/fuentesfidedignas.com.mx\\\/#\\\/schema\\\/person\\\/331be9283d37198e2acd5750279085b0\",\"name\":\"Redacci\u00f3n\",\"image\":{\"@type\":\"ImageObject\",\"inLanguage\":\"es\",\"@id\":\"https:\\\/\\\/secure.gravatar.com\\\/avatar\\\/f6d8782c11d12b2d4ad3fbb6931aeab5309937a4d6cd2fc9cfaa28a6396a5aec?s=96&d=mm&r=g\",\"url\":\"https:\\\/\\\/secure.gravatar.com\\\/avatar\\\/f6d8782c11d12b2d4ad3fbb6931aeab5309937a4d6cd2fc9cfaa28a6396a5aec?s=96&d=mm&r=g\",\"contentUrl\":\"https:\\\/\\\/secure.gravatar.com\\\/avatar\\\/f6d8782c11d12b2d4ad3fbb6931aeab5309937a4d6cd2fc9cfaa28a6396a5aec?s=96&d=mm&r=g\",\"caption\":\"Redacci\u00f3n\"},\"url\":\"https:\\\/\\\/fuentesfidedignas.com.mx\\\/index.php\\\/author\\\/redaccion\\\/\"}]}<\/script>\n<!-- \/ Yoast SEO plugin. -->","yoast_head_json":{"title":"Alcalde Gerardo Vargas Landeros acude a emitir su voto en la revocaci\u00f3n de mandato 2022 - Fuentes Fidedignas","robots":{"index":"index","follow":"follow","max-snippet":"max-snippet:-1","max-image-preview":"max-image-preview:large","max-video-preview":"max-video-preview:-1"},"canonical":"https:\/\/fuentesfidedignas.com.mx\/index.php\/2022\/04\/10\/alcalde-gerardo-vargas-landeros-acude-a-emitir-su-voto-en-la-revocacion-de-mandato-2022\/","og_locale":"es_MX","og_type":"article","og_title":"Alcalde Gerardo Vargas Landeros acude a emitir su voto en la revocaci\u00f3n de mandato 2022 - Fuentes Fidedignas","og_description":"El Presidente Municipal de Ahome hizo un llamado a la ciudadan\u00eda para que salga a participar en este ejercicio democr\u00e1tico\u2026 Los Mochis, Ahome, Sin.- Minutos antes de las 08:00 de la ma\u00f1ana, el Presidente Municipal de Ahome, C. Gerardo Octavio Vargas Landeros, acudi\u00f3 a la casilla que fue instalada sobre la calle Jos\u00e9 Mar\u00eda Morelos [&hellip;]","og_url":"https:\/\/fuentesfidedignas.com.mx\/index.php\/2022\/04\/10\/alcalde-gerardo-vargas-landeros-acude-a-emitir-su-voto-en-la-revocacion-de-mandato-2022\/","og_site_name":"Fuentes Fidedignas","article_publisher":"https:\/\/www.facebook.com\/Fuentes-Fidedignas-368234489921644","article_published_time":"2022-04-10T17:09:54+00:00","article_modified_time":"2022-04-10T17:10:20+00:00","og_image":[{"width":1024,"height":682,"url":"https:\/\/fuentesfidedignas.com.mx\/wp-content\/uploads\/2022\/04\/VARGAS_VOTO.jpg","type":"image\/jpeg"}],"author":"Redacci\u00f3n","twitter_card":"summary_large_image","twitter_creator":"@fidedignas","twitter_site":"@fidedignas","twitter_misc":{"Escrito por":"Redacci\u00f3n","Tiempo de lectura":"2 minutos"},"schema":{"@context":"https:\/\/schema.org","@graph":[{"@type":"Article","@id":"https:\/\/fuentesfidedignas.com.mx\/index.php\/2022\/04\/10\/alcalde-gerardo-vargas-landeros-acude-a-emitir-su-voto-en-la-revocacion-de-mandato-2022\/#article","isPartOf":{"@id":"https:\/\/fuentesfidedignas.com.mx\/index.php\/2022\/04\/10\/alcalde-gerardo-vargas-landeros-acude-a-emitir-su-voto-en-la-revocacion-de-mandato-2022\/"},"author":{"name":"Redacci\u00f3n","@id":"https:\/\/fuentesfidedignas.com.mx\/#\/schema\/person\/331be9283d37198e2acd5750279085b0"},"headline":"Alcalde Gerardo Vargas Landeros acude a emitir su voto en la revocaci\u00f3n de mandato 2022","datePublished":"2022-04-10T17:09:54+00:00","dateModified":"2022-04-10T17:10:20+00:00","mainEntityOfPage":{"@id":"https:\/\/fuentesfidedignas.com.mx\/index.php\/2022\/04\/10\/alcalde-gerardo-vargas-landeros-acude-a-emitir-su-voto-en-la-revocacion-de-mandato-2022\/"},"wordCount":295,"commentCount":0,"publisher":{"@id":"https:\/\/fuentesfidedignas.com.mx\/#organization"},"image":{"@id":"https:\/\/fuentesfidedignas.com.mx\/index.php\/2022\/04\/10\/alcalde-gerardo-vargas-landeros-acude-a-emitir-su-voto-en-la-revocacion-de-mandato-2022\/#primaryimage"},"thumbnailUrl":"https:\/\/fuentesfidedignas.com.mx\/wp-content\/uploads\/2022\/04\/VARGAS_VOTO.jpg","keywords":["Ahome","Ayuntamiento de Ahome","Gerardo Vargas Landeros","Revocaci\u00f3n de mandato"],"articleSection":["NOTICIAS LOCALES"],"inLanguage":"es","potentialAction":[{"@type":"CommentAction","name":"Comment","target":["https:\/\/fuentesfidedignas.com.mx\/index.php\/2022\/04\/10\/alcalde-gerardo-vargas-landeros-acude-a-emitir-su-voto-en-la-revocacion-de-mandato-2022\/#respond"]}]},{"@type":"WebPage","@id":"https:\/\/fuentesfidedignas.com.mx\/index.php\/2022\/04\/10\/alcalde-gerardo-vargas-landeros-acude-a-emitir-su-voto-en-la-revocacion-de-mandato-2022\/","url":"https:\/\/fuentesfidedignas.com.mx\/index.php\/2022\/04\/10\/alcalde-gerardo-vargas-landeros-acude-a-emitir-su-voto-en-la-revocacion-de-mandato-2022\/","name":"Alcalde Gerardo Vargas Landeros acude a emitir su voto en la revocaci\u00f3n de mandato 2022 - Fuentes Fidedignas","isPartOf":{"@id":"https:\/\/fuentesfidedignas.com.mx\/#website"},"primaryImageOfPage":{"@id":"https:\/\/fuentesfidedignas.com.mx\/index.php\/2022\/04\/10\/alcalde-gerardo-vargas-landeros-acude-a-emitir-su-voto-en-la-revocacion-de-mandato-2022\/#primaryimage"},"image":{"@id":"https:\/\/fuentesfidedignas.com.mx\/index.php\/2022\/04\/10\/alcalde-gerardo-vargas-landeros-acude-a-emitir-su-voto-en-la-revocacion-de-mandato-2022\/#primaryimage"},"thumbnailUrl":"https:\/\/fuentesfidedignas.com.mx\/wp-content\/uploads\/2022\/04\/VARGAS_VOTO.jpg","datePublished":"2022-04-10T17:09:54+00:00","dateModified":"2022-04-10T17:10:20+00:00","breadcrumb":{"@id":"https:\/\/fuentesfidedignas.com.mx\/index.php\/2022\/04\/10\/alcalde-gerardo-vargas-landeros-acude-a-emitir-su-voto-en-la-revocacion-de-mandato-2022\/#breadcrumb"},"inLanguage":"es","potentialAction":[{"@type":"ReadAction","target":["https:\/\/fuentesfidedignas.com.mx\/index.php\/2022\/04\/10\/alcalde-gerardo-vargas-landeros-acude-a-emitir-su-voto-en-la-revocacion-de-mandato-2022\/"]}]},{"@type":"ImageObject","inLanguage":"es","@id":"https:\/\/fuentesfidedignas.com.mx\/index.php\/2022\/04\/10\/alcalde-gerardo-vargas-landeros-acude-a-emitir-su-voto-en-la-revocacion-de-mandato-2022\/#primaryimage","url":"https:\/\/fuentesfidedignas.com.mx\/wp-content\/uploads\/2022\/04\/VARGAS_VOTO.jpg","contentUrl":"https:\/\/fuentesfidedignas.com.mx\/wp-content\/uploads\/2022\/04\/VARGAS_VOTO.jpg","width":1024,"height":682},{"@type":"BreadcrumbList","@id":"https:\/\/fuentesfidedignas.com.mx\/index.php\/2022\/04\/10\/alcalde-gerardo-vargas-landeros-acude-a-emitir-su-voto-en-la-revocacion-de-mandato-2022\/#breadcrumb","itemListElement":[{"@type":"ListItem","position":1,"name":"Inicio","item":"https:\/\/fuentesfidedignas.com.mx\/"},{"@type":"ListItem","position":2,"name":"Alcalde Gerardo Vargas Landeros acude a emitir su voto en la revocaci\u00f3n de mandato 2022"}]},{"@type":"WebSite","@id":"https:\/\/fuentesfidedignas.com.mx\/#website","url":"https:\/\/fuentesfidedignas.com.mx\/","name":"Fuentes Fidedignas","description":"Otro sitio realizado con WordPress","publisher":{"@id":"https:\/\/fuentesfidedignas.com.mx\/#organization"},"potentialAction":[{"@type":"SearchAction","target":{"@type":"EntryPoint","urlTemplate":"https:\/\/fuentesfidedignas.com.mx\/?s={search_term_string}"},"query-input":{"@type":"PropertyValueSpecification","valueRequired":true,"valueName":"search_term_string"}}],"inLanguage":"es"},{"@type":"Organization","@id":"https:\/\/fuentesfidedignas.com.mx\/#organization","name":"Fuentes Fidedignas","url":"https:\/\/fuentesfidedignas.com.mx\/","logo":{"@type":"ImageObject","inLanguage":"es","@id":"https:\/\/fuentesfidedignas.com.mx\/#\/schema\/logo\/image\/","url":"https:\/\/fuentesfidedignas.com.mx\/wp-content\/uploads\/2021\/04\/logo-retina.png","contentUrl":"https:\/\/fuentesfidedignas.com.mx\/wp-content\/uploads\/2021\/04\/logo-retina.png","width":280,"height":51,"caption":"Fuentes Fidedignas"},"image":{"@id":"https:\/\/fuentesfidedignas.com.mx\/#\/schema\/logo\/image\/"},"sameAs":["https:\/\/www.facebook.com\/Fuentes-Fidedignas-368234489921644","https:\/\/x.com\/fidedignas"]},{"@type":"Person","@id":"https:\/\/fuentesfidedignas.com.mx\/#\/schema\/person\/331be9283d37198e2acd5750279085b0","name":"Redacci\u00f3n","image":{"@type":"ImageObject","inLanguage":"es","@id":"https:\/\/secure.gravatar.com\/avatar\/f6d8782c11d12b2d4ad3fbb6931aeab5309937a4d6cd2fc9cfaa28a6396a5aec?s=96&d=mm&r=g","url":"https:\/\/secure.gravatar.com\/avatar\/f6d8782c11d12b2d4ad3fbb6931aeab5309937a4d6cd2fc9cfaa28a6396a5aec?s=96&d=mm&r=g","contentUrl":"https:\/\/secure.gravatar.com\/avatar\/f6d8782c11d12b2d4ad3fbb6931aeab5309937a4d6cd2fc9cfaa28a6396a5aec?s=96&d=mm&r=g","caption":"Redacci\u00f3n"},"url":"https:\/\/fuentesfidedignas.com.mx\/index.php\/author\/redaccion\/"}]}},"_links":{"self":[{"href":"https:\/\/fuentesfidedignas.com.mx\/index.php\/wp-json\/wp\/v2\/posts\/28091","targetHints":{"allow":["GET"]}}],"collection":[{"href":"https:\/\/fuentesfidedignas.com.mx\/index.php\/wp-json\/wp\/v2\/posts"}],"about":[{"href":"https:\/\/fuentesfidedignas.com.mx\/index.php\/wp-json\/wp\/v2\/types\/post"}],"author":[{"embeddable":true,"href":"https:\/\/fuentesfidedignas.com.mx\/index.php\/wp-json\/wp\/v2\/users\/4"}],"replies":[{"embeddable":true,"href":"https:\/\/fuentesfidedignas.com.mx\/index.php\/wp-json\/wp\/v2\/comments?post=28091"}],"version-history":[{"count":2,"href":"https:\/\/fuentesfidedignas.com.mx\/index.php\/wp-json\/wp\/v2\/posts\/28091\/revisions"}],"predecessor-version":[{"id":28094,"href":"https:\/\/fuentesfidedignas.com.mx\/index.php\/wp-json\/wp\/v2\/posts\/28091\/revisions\/28094"}],"wp:featuredmedia":[{"embeddable":true,"href":"https:\/\/fuentesfidedignas.com.mx\/index.php\/wp-json\/wp\/v2\/media\/28092"}],"wp:attachment":[{"href":"https:\/\/fuentesfidedignas.com.mx\/index.php\/wp-json\/wp\/v2\/media?parent=28091"}],"wp:term":[{"taxonomy":"category","embeddable":true,"href":"https:\/\/fuentesfidedignas.com.mx\/index.php\/wp-json\/wp\/v2\/categories?post=28091"},{"taxonomy":"post_tag","embeddable":true,"href":"https:\/\/fuentesfidedignas.com.mx\/index.php\/wp-json\/wp\/v2\/tags?post=28091"}],"curies":[{"name":"wp","href":"https:\/\/api.w.org\/{rel}","templated":true}]}}