{"id":28079,"date":"2022-04-10T08:59:57","date_gmt":"2022-04-10T15:59:57","guid":{"rendered":"https:\/\/fuentesfidedignas.com.mx\/?p=28079"},"modified":"2022-04-10T08:59:58","modified_gmt":"2022-04-10T15:59:58","slug":"esta-es-la-pregunta-a-responder-en-la-consulta-de-revocacion-de-amlo","status":"publish","type":"post","link":"https:\/\/fuentesfidedignas.com.mx\/index.php\/2022\/04\/10\/esta-es-la-pregunta-a-responder-en-la-consulta-de-revocacion-de-amlo\/","title":{"rendered":"Esta es la pregunta a responder en la consulta de revocaci\u00f3n de AMLO"},"content":{"rendered":"\n<p><strong><em>La consulta de revocaci\u00f3n del presidente L\u00f3pez Obrador dar\u00e1 dos opciones de respuesta: que se le revoque el mandato o que siga.<\/em><\/strong><\/p>\n\n\n\n<p>Ciudad de M\u00e9xico.- La consulta de revocaci\u00f3n de mandato del presidente Andr\u00e9s Manuel L\u00f3pez Obrador llega hoy a su fecha de realizaci\u00f3n con una pregunta que, al igual que todo el proceso, no estuvo exenta de pol\u00e9mica.<\/p>\n\n\n\n<p>En las 57 mil 500 casillas a instalarse por ciudadanos capacitados por el Instituto Nacional Electoral (INE) se har\u00e1 la siguiente pregunta:<\/p>\n\n\n\n<p>\u201c\u00bfEst\u00e1s de acuerdo en que a Andr\u00e9s Manuel L\u00f3pez Obrador, presidente de los Estados Unidos Mexicanos, se le revoque el mandato por p\u00e9rdida de la confianza o siga en la Presidencia de la Rep\u00fablica hasta que termine su periodo?\u201d.<\/p>\n\n\n\n<p>Habr\u00e1 dos opciones de respuesta:<\/p>\n\n\n\n<p>\u201cQue se le revoque el mandato por p\u00e9rdida de la confianza\u201d.<br>\u201cQue siga en la Presidencia de la Rep\u00fablica\u201d.<\/p>\n\n\n\n<figure class=\"wp-block-image\"><img decoding=\"async\" src=\"https:\/\/cdn.forbes.com.mx\/2022\/04\/D7942D4A-6703-4F92-9292-48915EBFB197-1024x614.jpeg\" alt=\"\"\/><\/figure>\n\n\n\n<p>La pregunta fue dise\u00f1ada los legisladores federales y qued\u00f3 plasmada en la Ley Federal de Revocaci\u00f3n de Mandato, sin embargo, integrantes de la oposici\u00f3n se inconformaron ante la Suprema Corte de Justicia de la Naci\u00f3n.<\/p>\n\n\n\n<p>Seg\u00fan los opositores, el ofrecer la opci\u00f3n de \u201cQue siga\u201d transformaba la consulta en una ratificaci\u00f3n m\u00e1s que una revocaci\u00f3n, argumento con el que coincidieron cuatro ministros de la Corte en febrero pasado.<\/p>\n\n\n\n<p>No obstante, una mayor\u00eda de siete ministros rechaz\u00f3 cambiar la pregunta. En el debate, el ministro presidente Arturo Zald\u00edvar consider\u00f3 que el concepto sobre la revocaci\u00f3n de mandato no es claro para la ciudadan\u00eda, por lo que era pertinente invitarla a analizar si quieren que el jefe del Ejecutivo federal contin\u00fae en su encargo.<\/p>\n\n\n\n<p>Zald\u00edvar explic\u00f3 que la parte de la pregunta \u201cQue siga en la Presidencia de la Rep\u00fablica\u201d cumple una funci\u00f3n que clarifica la decisi\u00f3n de los ciudadanos.<\/p>\n\n\n\n<p>\u201cCuando la gente uno le puede preguntar \u2018est\u00e1s de acuerdo en la revocaci\u00f3n de mandato\u2019, estoy seguro de que la mayor\u00eda de las personas contestar\u00edan que no saben que les estamos preguntando\u201d, argument\u00f3 el ministro presidente.<\/p>\n\n\n\n<p>Para la consulta de hoy, las casillas abrir\u00e1n a las 8:00 horas y cerrar\u00e1n a las 18:00 horas. Tras ello, el INE prev\u00e9 dar el resultado entre las 21:00 y las 22:00 horas, a partir de un conteo r\u00e1pido que tomar\u00e1 como muestra 1,800 casillas.<\/p>\n\n\n\n<p>Los resultados definitivos se dar\u00e1n a conocer hacia la noche de ma\u00f1ana 11 de abril.<\/p>\n","protected":false},"excerpt":{"rendered":"<p>La consulta de revocaci\u00f3n del presidente L\u00f3pez Obrador dar\u00e1 dos opciones de respuesta: que se le revoque el mandato o que siga. Ciudad de M\u00e9xico.- La consulta de revocaci\u00f3n de mandato del presidente Andr\u00e9s Manuel L\u00f3pez Obrador llega hoy a su fecha de realizaci\u00f3n con una pregunta que, al igual que todo el proceso, no [&hellip;]<\/p>\n","protected":false},"author":5,"featured_media":28080,"comment_status":"open","ping_status":"open","sticky":false,"template":"","format":"standard","meta":{"tdm_status":"","tdm_grid_status":"","footnotes":""},"categories":[37],"tags":[247,297,1582],"class_list":{"0":"post-28079","1":"post","2":"type-post","3":"status-publish","4":"format-standard","5":"has-post-thumbnail","7":"category-nota-principal","8":"tag-amlo","9":"tag-andres-manuel-lopez-obrador","10":"tag-revocacion-de-mandato"},"yoast_head":"<!-- This site is optimized with the Yoast SEO plugin v27.5 - https:\/\/yoast.com\/product\/yoast-seo-wordpress\/ -->\n<title>Esta es la pregunta a responder en la consulta de revocaci\u00f3n de AMLO - Fuentes Fidedignas<\/title>\n<meta name=\"robots\" content=\"index, follow, max-snippet:-1, max-image-preview:large, max-video-preview:-1\" \/>\n<link rel=\"canonical\" href=\"https:\/\/fuentesfidedignas.com.mx\/index.php\/2022\/04\/10\/esta-es-la-pregunta-a-responder-en-la-consulta-de-revocacion-de-amlo\/\" \/>\n<meta property=\"og:locale\" content=\"es_MX\" \/>\n<meta property=\"og:type\" content=\"article\" \/>\n<meta property=\"og:title\" content=\"Esta es la pregunta a responder en la consulta de revocaci\u00f3n de AMLO - Fuentes Fidedignas\" \/>\n<meta property=\"og:description\" content=\"La consulta de revocaci\u00f3n del presidente L\u00f3pez Obrador dar\u00e1 dos opciones de respuesta: que se le revoque el mandato o que siga. Ciudad de M\u00e9xico.- La consulta de revocaci\u00f3n de mandato del presidente Andr\u00e9s Manuel L\u00f3pez Obrador llega hoy a su fecha de realizaci\u00f3n con una pregunta que, al igual que todo el proceso, no [&hellip;]\" \/>\n<meta property=\"og:url\" content=\"https:\/\/fuentesfidedignas.com.mx\/index.php\/2022\/04\/10\/esta-es-la-pregunta-a-responder-en-la-consulta-de-revocacion-de-amlo\/\" \/>\n<meta property=\"og:site_name\" content=\"Fuentes Fidedignas\" \/>\n<meta property=\"article:publisher\" content=\"https:\/\/www.facebook.com\/Fuentes-Fidedignas-368234489921644\" \/>\n<meta property=\"article:published_time\" content=\"2022-04-10T15:59:57+00:00\" \/>\n<meta property=\"article:modified_time\" content=\"2022-04-10T15:59:58+00:00\" \/>\n<meta property=\"og:image\" content=\"https:\/\/fuentesfidedignas.com.mx\/wp-content\/uploads\/2022\/04\/casilla-01-640x360-1.jpeg\" \/>\n\t<meta property=\"og:image:width\" content=\"640\" \/>\n\t<meta property=\"og:image:height\" content=\"360\" \/>\n\t<meta property=\"og:image:type\" content=\"image\/jpeg\" \/>\n<meta name=\"author\" content=\"Forbes\" \/>\n<meta name=\"twitter:card\" content=\"summary_large_image\" \/>\n<meta name=\"twitter:creator\" content=\"@fidedignas\" \/>\n<meta name=\"twitter:site\" content=\"@fidedignas\" \/>\n<meta name=\"twitter:label1\" content=\"Escrito por\" \/>\n\t<meta name=\"twitter:data1\" content=\"Forbes\" \/>\n\t<meta name=\"twitter:label2\" content=\"Tiempo de lectura\" \/>\n\t<meta name=\"twitter:data2\" content=\"2 minutos\" \/>\n<script type=\"application\/ld+json\" class=\"yoast-schema-graph\">{\"@context\":\"https:\\\/\\\/schema.org\",\"@graph\":[{\"@type\":\"Article\",\"@id\":\"https:\\\/\\\/fuentesfidedignas.com.mx\\\/index.php\\\/2022\\\/04\\\/10\\\/esta-es-la-pregunta-a-responder-en-la-consulta-de-revocacion-de-amlo\\\/#article\",\"isPartOf\":{\"@id\":\"https:\\\/\\\/fuentesfidedignas.com.mx\\\/index.php\\\/2022\\\/04\\\/10\\\/esta-es-la-pregunta-a-responder-en-la-consulta-de-revocacion-de-amlo\\\/\"},\"author\":{\"name\":\"Forbes\",\"@id\":\"https:\\\/\\\/fuentesfidedignas.com.mx\\\/#\\\/schema\\\/person\\\/5623d53fe2e579d825b1679734abcc44\"},\"headline\":\"Esta es la pregunta a responder en la consulta de revocaci\u00f3n de AMLO\",\"datePublished\":\"2022-04-10T15:59:57+00:00\",\"dateModified\":\"2022-04-10T15:59:58+00:00\",\"mainEntityOfPage\":{\"@id\":\"https:\\\/\\\/fuentesfidedignas.com.mx\\\/index.php\\\/2022\\\/04\\\/10\\\/esta-es-la-pregunta-a-responder-en-la-consulta-de-revocacion-de-amlo\\\/\"},\"wordCount\":437,\"commentCount\":0,\"publisher\":{\"@id\":\"https:\\\/\\\/fuentesfidedignas.com.mx\\\/#organization\"},\"image\":{\"@id\":\"https:\\\/\\\/fuentesfidedignas.com.mx\\\/index.php\\\/2022\\\/04\\\/10\\\/esta-es-la-pregunta-a-responder-en-la-consulta-de-revocacion-de-amlo\\\/#primaryimage\"},\"thumbnailUrl\":\"https:\\\/\\\/fuentesfidedignas.com.mx\\\/wp-content\\\/uploads\\\/2022\\\/04\\\/casilla-01-640x360-1.jpeg\",\"keywords\":[\"AMLO\",\"Andr\u00e9s Manuel L\u00f3pez Obrador\",\"Revocaci\u00f3n de mandato\"],\"articleSection\":[\"NOTA PRINCIPAL\"],\"inLanguage\":\"es\",\"potentialAction\":[{\"@type\":\"CommentAction\",\"name\":\"Comment\",\"target\":[\"https:\\\/\\\/fuentesfidedignas.com.mx\\\/index.php\\\/2022\\\/04\\\/10\\\/esta-es-la-pregunta-a-responder-en-la-consulta-de-revocacion-de-amlo\\\/#respond\"]}]},{\"@type\":\"WebPage\",\"@id\":\"https:\\\/\\\/fuentesfidedignas.com.mx\\\/index.php\\\/2022\\\/04\\\/10\\\/esta-es-la-pregunta-a-responder-en-la-consulta-de-revocacion-de-amlo\\\/\",\"url\":\"https:\\\/\\\/fuentesfidedignas.com.mx\\\/index.php\\\/2022\\\/04\\\/10\\\/esta-es-la-pregunta-a-responder-en-la-consulta-de-revocacion-de-amlo\\\/\",\"name\":\"Esta es la pregunta a responder en la consulta de revocaci\u00f3n de AMLO - Fuentes Fidedignas\",\"isPartOf\":{\"@id\":\"https:\\\/\\\/fuentesfidedignas.com.mx\\\/#website\"},\"primaryImageOfPage\":{\"@id\":\"https:\\\/\\\/fuentesfidedignas.com.mx\\\/index.php\\\/2022\\\/04\\\/10\\\/esta-es-la-pregunta-a-responder-en-la-consulta-de-revocacion-de-amlo\\\/#primaryimage\"},\"image\":{\"@id\":\"https:\\\/\\\/fuentesfidedignas.com.mx\\\/index.php\\\/2022\\\/04\\\/10\\\/esta-es-la-pregunta-a-responder-en-la-consulta-de-revocacion-de-amlo\\\/#primaryimage\"},\"thumbnailUrl\":\"https:\\\/\\\/fuentesfidedignas.com.mx\\\/wp-content\\\/uploads\\\/2022\\\/04\\\/casilla-01-640x360-1.jpeg\",\"datePublished\":\"2022-04-10T15:59:57+00:00\",\"dateModified\":\"2022-04-10T15:59:58+00:00\",\"breadcrumb\":{\"@id\":\"https:\\\/\\\/fuentesfidedignas.com.mx\\\/index.php\\\/2022\\\/04\\\/10\\\/esta-es-la-pregunta-a-responder-en-la-consulta-de-revocacion-de-amlo\\\/#breadcrumb\"},\"inLanguage\":\"es\",\"potentialAction\":[{\"@type\":\"ReadAction\",\"target\":[\"https:\\\/\\\/fuentesfidedignas.com.mx\\\/index.php\\\/2022\\\/04\\\/10\\\/esta-es-la-pregunta-a-responder-en-la-consulta-de-revocacion-de-amlo\\\/\"]}]},{\"@type\":\"ImageObject\",\"inLanguage\":\"es\",\"@id\":\"https:\\\/\\\/fuentesfidedignas.com.mx\\\/index.php\\\/2022\\\/04\\\/10\\\/esta-es-la-pregunta-a-responder-en-la-consulta-de-revocacion-de-amlo\\\/#primaryimage\",\"url\":\"https:\\\/\\\/fuentesfidedignas.com.mx\\\/wp-content\\\/uploads\\\/2022\\\/04\\\/casilla-01-640x360-1.jpeg\",\"contentUrl\":\"https:\\\/\\\/fuentesfidedignas.com.mx\\\/wp-content\\\/uploads\\\/2022\\\/04\\\/casilla-01-640x360-1.jpeg\",\"width\":640,\"height\":360},{\"@type\":\"BreadcrumbList\",\"@id\":\"https:\\\/\\\/fuentesfidedignas.com.mx\\\/index.php\\\/2022\\\/04\\\/10\\\/esta-es-la-pregunta-a-responder-en-la-consulta-de-revocacion-de-amlo\\\/#breadcrumb\",\"itemListElement\":[{\"@type\":\"ListItem\",\"position\":1,\"name\":\"Inicio\",\"item\":\"https:\\\/\\\/fuentesfidedignas.com.mx\\\/\"},{\"@type\":\"ListItem\",\"position\":2,\"name\":\"Esta es la pregunta a responder en la consulta de revocaci\u00f3n de AMLO\"}]},{\"@type\":\"WebSite\",\"@id\":\"https:\\\/\\\/fuentesfidedignas.com.mx\\\/#website\",\"url\":\"https:\\\/\\\/fuentesfidedignas.com.mx\\\/\",\"name\":\"Fuentes Fidedignas\",\"description\":\"Otro sitio realizado con WordPress\",\"publisher\":{\"@id\":\"https:\\\/\\\/fuentesfidedignas.com.mx\\\/#organization\"},\"potentialAction\":[{\"@type\":\"SearchAction\",\"target\":{\"@type\":\"EntryPoint\",\"urlTemplate\":\"https:\\\/\\\/fuentesfidedignas.com.mx\\\/?s={search_term_string}\"},\"query-input\":{\"@type\":\"PropertyValueSpecification\",\"valueRequired\":true,\"valueName\":\"search_term_string\"}}],\"inLanguage\":\"es\"},{\"@type\":\"Organization\",\"@id\":\"https:\\\/\\\/fuentesfidedignas.com.mx\\\/#organization\",\"name\":\"Fuentes Fidedignas\",\"url\":\"https:\\\/\\\/fuentesfidedignas.com.mx\\\/\",\"logo\":{\"@type\":\"ImageObject\",\"inLanguage\":\"es\",\"@id\":\"https:\\\/\\\/fuentesfidedignas.com.mx\\\/#\\\/schema\\\/logo\\\/image\\\/\",\"url\":\"https:\\\/\\\/fuentesfidedignas.com.mx\\\/wp-content\\\/uploads\\\/2021\\\/04\\\/logo-retina.png\",\"contentUrl\":\"https:\\\/\\\/fuentesfidedignas.com.mx\\\/wp-content\\\/uploads\\\/2021\\\/04\\\/logo-retina.png\",\"width\":280,\"height\":51,\"caption\":\"Fuentes Fidedignas\"},\"image\":{\"@id\":\"https:\\\/\\\/fuentesfidedignas.com.mx\\\/#\\\/schema\\\/logo\\\/image\\\/\"},\"sameAs\":[\"https:\\\/\\\/www.facebook.com\\\/Fuentes-Fidedignas-368234489921644\",\"https:\\\/\\\/x.com\\\/fidedignas\"]},{\"@type\":\"Person\",\"@id\":\"https:\\\/\\\/fuentesfidedignas.com.mx\\\/#\\\/schema\\\/person\\\/5623d53fe2e579d825b1679734abcc44\",\"name\":\"Forbes\",\"image\":{\"@type\":\"ImageObject\",\"inLanguage\":\"es\",\"@id\":\"https:\\\/\\\/secure.gravatar.com\\\/avatar\\\/87ce3dd4e41e60c22a79c758614f01a6bc2469255fc936ec7b15efb9bb5cb66f?s=96&d=mm&r=g\",\"url\":\"https:\\\/\\\/secure.gravatar.com\\\/avatar\\\/87ce3dd4e41e60c22a79c758614f01a6bc2469255fc936ec7b15efb9bb5cb66f?s=96&d=mm&r=g\",\"contentUrl\":\"https:\\\/\\\/secure.gravatar.com\\\/avatar\\\/87ce3dd4e41e60c22a79c758614f01a6bc2469255fc936ec7b15efb9bb5cb66f?s=96&d=mm&r=g\",\"caption\":\"Forbes\"},\"url\":\"https:\\\/\\\/fuentesfidedignas.com.mx\\\/index.php\\\/author\\\/forbes\\\/\"}]}<\/script>\n<!-- \/ Yoast SEO plugin. -->","yoast_head_json":{"title":"Esta es la pregunta a responder en la consulta de revocaci\u00f3n de AMLO - Fuentes Fidedignas","robots":{"index":"index","follow":"follow","max-snippet":"max-snippet:-1","max-image-preview":"max-image-preview:large","max-video-preview":"max-video-preview:-1"},"canonical":"https:\/\/fuentesfidedignas.com.mx\/index.php\/2022\/04\/10\/esta-es-la-pregunta-a-responder-en-la-consulta-de-revocacion-de-amlo\/","og_locale":"es_MX","og_type":"article","og_title":"Esta es la pregunta a responder en la consulta de revocaci\u00f3n de AMLO - Fuentes Fidedignas","og_description":"La consulta de revocaci\u00f3n del presidente L\u00f3pez Obrador dar\u00e1 dos opciones de respuesta: que se le revoque el mandato o que siga. Ciudad de M\u00e9xico.- La consulta de revocaci\u00f3n de mandato del presidente Andr\u00e9s Manuel L\u00f3pez Obrador llega hoy a su fecha de realizaci\u00f3n con una pregunta que, al igual que todo el proceso, no [&hellip;]","og_url":"https:\/\/fuentesfidedignas.com.mx\/index.php\/2022\/04\/10\/esta-es-la-pregunta-a-responder-en-la-consulta-de-revocacion-de-amlo\/","og_site_name":"Fuentes Fidedignas","article_publisher":"https:\/\/www.facebook.com\/Fuentes-Fidedignas-368234489921644","article_published_time":"2022-04-10T15:59:57+00:00","article_modified_time":"2022-04-10T15:59:58+00:00","og_image":[{"width":640,"height":360,"url":"https:\/\/fuentesfidedignas.com.mx\/wp-content\/uploads\/2022\/04\/casilla-01-640x360-1.jpeg","type":"image\/jpeg"}],"author":"Forbes","twitter_card":"summary_large_image","twitter_creator":"@fidedignas","twitter_site":"@fidedignas","twitter_misc":{"Escrito por":"Forbes","Tiempo de lectura":"2 minutos"},"schema":{"@context":"https:\/\/schema.org","@graph":[{"@type":"Article","@id":"https:\/\/fuentesfidedignas.com.mx\/index.php\/2022\/04\/10\/esta-es-la-pregunta-a-responder-en-la-consulta-de-revocacion-de-amlo\/#article","isPartOf":{"@id":"https:\/\/fuentesfidedignas.com.mx\/index.php\/2022\/04\/10\/esta-es-la-pregunta-a-responder-en-la-consulta-de-revocacion-de-amlo\/"},"author":{"name":"Forbes","@id":"https:\/\/fuentesfidedignas.com.mx\/#\/schema\/person\/5623d53fe2e579d825b1679734abcc44"},"headline":"Esta es la pregunta a responder en la consulta de revocaci\u00f3n de AMLO","datePublished":"2022-04-10T15:59:57+00:00","dateModified":"2022-04-10T15:59:58+00:00","mainEntityOfPage":{"@id":"https:\/\/fuentesfidedignas.com.mx\/index.php\/2022\/04\/10\/esta-es-la-pregunta-a-responder-en-la-consulta-de-revocacion-de-amlo\/"},"wordCount":437,"commentCount":0,"publisher":{"@id":"https:\/\/fuentesfidedignas.com.mx\/#organization"},"image":{"@id":"https:\/\/fuentesfidedignas.com.mx\/index.php\/2022\/04\/10\/esta-es-la-pregunta-a-responder-en-la-consulta-de-revocacion-de-amlo\/#primaryimage"},"thumbnailUrl":"https:\/\/fuentesfidedignas.com.mx\/wp-content\/uploads\/2022\/04\/casilla-01-640x360-1.jpeg","keywords":["AMLO","Andr\u00e9s Manuel L\u00f3pez Obrador","Revocaci\u00f3n de mandato"],"articleSection":["NOTA PRINCIPAL"],"inLanguage":"es","potentialAction":[{"@type":"CommentAction","name":"Comment","target":["https:\/\/fuentesfidedignas.com.mx\/index.php\/2022\/04\/10\/esta-es-la-pregunta-a-responder-en-la-consulta-de-revocacion-de-amlo\/#respond"]}]},{"@type":"WebPage","@id":"https:\/\/fuentesfidedignas.com.mx\/index.php\/2022\/04\/10\/esta-es-la-pregunta-a-responder-en-la-consulta-de-revocacion-de-amlo\/","url":"https:\/\/fuentesfidedignas.com.mx\/index.php\/2022\/04\/10\/esta-es-la-pregunta-a-responder-en-la-consulta-de-revocacion-de-amlo\/","name":"Esta es la pregunta a responder en la consulta de revocaci\u00f3n de AMLO - Fuentes Fidedignas","isPartOf":{"@id":"https:\/\/fuentesfidedignas.com.mx\/#website"},"primaryImageOfPage":{"@id":"https:\/\/fuentesfidedignas.com.mx\/index.php\/2022\/04\/10\/esta-es-la-pregunta-a-responder-en-la-consulta-de-revocacion-de-amlo\/#primaryimage"},"image":{"@id":"https:\/\/fuentesfidedignas.com.mx\/index.php\/2022\/04\/10\/esta-es-la-pregunta-a-responder-en-la-consulta-de-revocacion-de-amlo\/#primaryimage"},"thumbnailUrl":"https:\/\/fuentesfidedignas.com.mx\/wp-content\/uploads\/2022\/04\/casilla-01-640x360-1.jpeg","datePublished":"2022-04-10T15:59:57+00:00","dateModified":"2022-04-10T15:59:58+00:00","breadcrumb":{"@id":"https:\/\/fuentesfidedignas.com.mx\/index.php\/2022\/04\/10\/esta-es-la-pregunta-a-responder-en-la-consulta-de-revocacion-de-amlo\/#breadcrumb"},"inLanguage":"es","potentialAction":[{"@type":"ReadAction","target":["https:\/\/fuentesfidedignas.com.mx\/index.php\/2022\/04\/10\/esta-es-la-pregunta-a-responder-en-la-consulta-de-revocacion-de-amlo\/"]}]},{"@type":"ImageObject","inLanguage":"es","@id":"https:\/\/fuentesfidedignas.com.mx\/index.php\/2022\/04\/10\/esta-es-la-pregunta-a-responder-en-la-consulta-de-revocacion-de-amlo\/#primaryimage","url":"https:\/\/fuentesfidedignas.com.mx\/wp-content\/uploads\/2022\/04\/casilla-01-640x360-1.jpeg","contentUrl":"https:\/\/fuentesfidedignas.com.mx\/wp-content\/uploads\/2022\/04\/casilla-01-640x360-1.jpeg","width":640,"height":360},{"@type":"BreadcrumbList","@id":"https:\/\/fuentesfidedignas.com.mx\/index.php\/2022\/04\/10\/esta-es-la-pregunta-a-responder-en-la-consulta-de-revocacion-de-amlo\/#breadcrumb","itemListElement":[{"@type":"ListItem","position":1,"name":"Inicio","item":"https:\/\/fuentesfidedignas.com.mx\/"},{"@type":"ListItem","position":2,"name":"Esta es la pregunta a responder en la consulta de revocaci\u00f3n de AMLO"}]},{"@type":"WebSite","@id":"https:\/\/fuentesfidedignas.com.mx\/#website","url":"https:\/\/fuentesfidedignas.com.mx\/","name":"Fuentes Fidedignas","description":"Otro sitio realizado con WordPress","publisher":{"@id":"https:\/\/fuentesfidedignas.com.mx\/#organization"},"potentialAction":[{"@type":"SearchAction","target":{"@type":"EntryPoint","urlTemplate":"https:\/\/fuentesfidedignas.com.mx\/?s={search_term_string}"},"query-input":{"@type":"PropertyValueSpecification","valueRequired":true,"valueName":"search_term_string"}}],"inLanguage":"es"},{"@type":"Organization","@id":"https:\/\/fuentesfidedignas.com.mx\/#organization","name":"Fuentes Fidedignas","url":"https:\/\/fuentesfidedignas.com.mx\/","logo":{"@type":"ImageObject","inLanguage":"es","@id":"https:\/\/fuentesfidedignas.com.mx\/#\/schema\/logo\/image\/","url":"https:\/\/fuentesfidedignas.com.mx\/wp-content\/uploads\/2021\/04\/logo-retina.png","contentUrl":"https:\/\/fuentesfidedignas.com.mx\/wp-content\/uploads\/2021\/04\/logo-retina.png","width":280,"height":51,"caption":"Fuentes Fidedignas"},"image":{"@id":"https:\/\/fuentesfidedignas.com.mx\/#\/schema\/logo\/image\/"},"sameAs":["https:\/\/www.facebook.com\/Fuentes-Fidedignas-368234489921644","https:\/\/x.com\/fidedignas"]},{"@type":"Person","@id":"https:\/\/fuentesfidedignas.com.mx\/#\/schema\/person\/5623d53fe2e579d825b1679734abcc44","name":"Forbes","image":{"@type":"ImageObject","inLanguage":"es","@id":"https:\/\/secure.gravatar.com\/avatar\/87ce3dd4e41e60c22a79c758614f01a6bc2469255fc936ec7b15efb9bb5cb66f?s=96&d=mm&r=g","url":"https:\/\/secure.gravatar.com\/avatar\/87ce3dd4e41e60c22a79c758614f01a6bc2469255fc936ec7b15efb9bb5cb66f?s=96&d=mm&r=g","contentUrl":"https:\/\/secure.gravatar.com\/avatar\/87ce3dd4e41e60c22a79c758614f01a6bc2469255fc936ec7b15efb9bb5cb66f?s=96&d=mm&r=g","caption":"Forbes"},"url":"https:\/\/fuentesfidedignas.com.mx\/index.php\/author\/forbes\/"}]}},"_links":{"self":[{"href":"https:\/\/fuentesfidedignas.com.mx\/index.php\/wp-json\/wp\/v2\/posts\/28079","targetHints":{"allow":["GET"]}}],"collection":[{"href":"https:\/\/fuentesfidedignas.com.mx\/index.php\/wp-json\/wp\/v2\/posts"}],"about":[{"href":"https:\/\/fuentesfidedignas.com.mx\/index.php\/wp-json\/wp\/v2\/types\/post"}],"author":[{"embeddable":true,"href":"https:\/\/fuentesfidedignas.com.mx\/index.php\/wp-json\/wp\/v2\/users\/5"}],"replies":[{"embeddable":true,"href":"https:\/\/fuentesfidedignas.com.mx\/index.php\/wp-json\/wp\/v2\/comments?post=28079"}],"version-history":[{"count":1,"href":"https:\/\/fuentesfidedignas.com.mx\/index.php\/wp-json\/wp\/v2\/posts\/28079\/revisions"}],"predecessor-version":[{"id":28081,"href":"https:\/\/fuentesfidedignas.com.mx\/index.php\/wp-json\/wp\/v2\/posts\/28079\/revisions\/28081"}],"wp:featuredmedia":[{"embeddable":true,"href":"https:\/\/fuentesfidedignas.com.mx\/index.php\/wp-json\/wp\/v2\/media\/28080"}],"wp:attachment":[{"href":"https:\/\/fuentesfidedignas.com.mx\/index.php\/wp-json\/wp\/v2\/media?parent=28079"}],"wp:term":[{"taxonomy":"category","embeddable":true,"href":"https:\/\/fuentesfidedignas.com.mx\/index.php\/wp-json\/wp\/v2\/categories?post=28079"},{"taxonomy":"post_tag","embeddable":true,"href":"https:\/\/fuentesfidedignas.com.mx\/index.php\/wp-json\/wp\/v2\/tags?post=28079"}],"curies":[{"name":"wp","href":"https:\/\/api.w.org\/{rel}","templated":true}]}}