{"id":28075,"date":"2022-04-09T14:42:17","date_gmt":"2022-04-09T21:42:17","guid":{"rendered":"https:\/\/fuentesfidedignas.com.mx\/?p=28075"},"modified":"2022-04-09T14:42:35","modified_gmt":"2022-04-09T21:42:35","slug":"conoce-los-estados-donde-se-aplicara-ley-seca-este-domingo","status":"publish","type":"post","link":"https:\/\/fuentesfidedignas.com.mx\/index.php\/2022\/04\/09\/conoce-los-estados-donde-se-aplicara-ley-seca-este-domingo\/","title":{"rendered":"Conoce los estados donde se aplicar\u00e1 Ley Seca este domingo"},"content":{"rendered":"\n<p><strong><em>Este 10 de abril se llevar\u00e1 a cabo la consulta por la revocaci\u00f3n de mandato, por tanto, gobiernos locales han se\u00f1alado que aplicar\u00e1n la ley seca <\/em><\/strong><\/p>\n\n\n\n<p>Ciudad de M\u00e9xico. El pr\u00f3ximo<strong>&nbsp;10 de abril<\/strong>&nbsp;ser\u00e1 hist\u00f3rico porque se llevar\u00e1 a cabo la primera<a href=\"https:\/\/www.elsoldemexico.com.mx\/mexico\/politica\/que-pasaria-si-votan-en-la-revocacion-de-mandato-para-sacar-a-amlo-8039549.html\" target=\"_blank\" rel=\"noreferrer noopener\">&nbsp;<strong>revocaci\u00f3n de mandato<\/strong><\/a><strong>&nbsp;en M\u00e9xico<\/strong>. La consulta fue promovida por el presidente&nbsp;<strong>Andr\u00e9s Manuel L\u00f3pez Obrador<\/strong>&nbsp;y ha despertado tanto simpat\u00eda como enojo por parte de los ciudadanos.<\/p>\n\n\n\n<p>Algunos estados ya confirmaron la aplicaci\u00f3n de la ley seca, pues se considera un&nbsp;<strong>ejercicio electoral<\/strong>. Te decimos qu\u00e9 estados de la Rep\u00fablica han dicho que aplicar\u00e1n el veto al alcohol y en qu\u00e9 horario.<\/p>\n\n\n\n<h2 class=\"wp-block-heading\">Estados donde se aplicar\u00e1 la ley seca<\/h2>\n\n\n\n<p><strong>CDMX:<\/strong>&nbsp;La jefa de Gobierno, Claudia Sheinbaum, anunci\u00f3 que el 9 y el 10 de abril no se vender\u00e1 alcohol. Advirti\u00f3 que la venta de bebidas alcoh\u00f3licas ser\u00e1 suspendida en tiendas de conveniencia, peroestar\u00e1 permitida en los restaurantes.<\/p>\n\n\n\n<p><strong>Tlaxcala:<\/strong>&nbsp;El Gobierno de Tlaxcala inform\u00f3 que la ley seca entrar\u00e1 en vigor el s\u00e1bado 9 de abril a partir de la 1:00 de la ma\u00f1ana y hasta el lunes 11 del mismo mes y hora. Esto se aplicar\u00e1 en los 60 ayuntamientos para que el proceso no tenga pormenores.<\/p>\n\n\n\n<p><strong>Campeche<\/strong>: Se cancela la venta de bebidas alcoh\u00f3licas desde las 00:01 del d\u00eda 9, hasta las 23:59 horas del d\u00eda diez de abril.<\/p>\n\n\n\n<p><strong>Nuevo Le\u00f3n:<\/strong>&nbsp;En Nuevo Le\u00f3n habr\u00e1 ley seca el pr\u00f3ximo 9 y 10 de abril desde las cero horas hasta las veinticuatro horas del d\u00eda de la votaci\u00f3n.<\/p>\n\n\n\n<p><strong>Zacatecas<\/strong>: El Gobierno de Zacatecas indic\u00f3 que se deber\u00e1 suspender el servicio de venta de bebidas alcoh\u00f3licas el d\u00eda 10 a partir de las 8:00 horas y hasta las 18:00 horas.<\/p>\n\n\n\n<p><strong>Tabasco:<\/strong>&nbsp;El 10 de abril se suspender\u00e1 toda venta, distribuci\u00f3n y consumo de bebidas alcoh\u00f3licas a partir de las 00:00 horas hasta las 24:00 horas, pero los establecimientos que cuenten con licencia para vender alcohol funcionar\u00e1n normalmente.<\/p>\n\n\n\n<p><strong>Veracruz<\/strong>: Habr\u00e1 ley seca desde el s\u00e1bado 9 a las 23:00 horas hasta el domingo 10 a las 19:00 horas. El gobernador Cuitl\u00e1huac Garc\u00eda se\u00f1al\u00f3 que habr\u00e1 excepciones: en los restaurantes y hoteles se podr\u00e1 vender alcohol acompa\u00f1ado de alimentos.<\/p>\n","protected":false},"excerpt":{"rendered":"<p>Este 10 de abril se llevar\u00e1 a cabo la consulta por la revocaci\u00f3n de mandato, por tanto, gobiernos locales han se\u00f1alado que aplicar\u00e1n la ley seca Ciudad de M\u00e9xico. El pr\u00f3ximo&nbsp;10 de abril&nbsp;ser\u00e1 hist\u00f3rico porque se llevar\u00e1 a cabo la primera&nbsp;revocaci\u00f3n de mandato&nbsp;en M\u00e9xico. La consulta fue promovida por el presidente&nbsp;Andr\u00e9s Manuel L\u00f3pez Obrador&nbsp;y ha [&hellip;]<\/p>\n","protected":false},"author":11,"featured_media":28077,"comment_status":"open","ping_status":"open","sticky":false,"template":"","format":"standard","meta":{"tdm_status":"","tdm_grid_status":"","footnotes":""},"categories":[39],"tags":[],"class_list":{"0":"post-28075","1":"post","2":"type-post","3":"status-publish","4":"format-standard","5":"has-post-thumbnail","7":"category-noticias-nacionales"},"yoast_head":"<!-- This site is optimized with the Yoast SEO plugin v27.5 - https:\/\/yoast.com\/product\/yoast-seo-wordpress\/ -->\n<title>Conoce los estados donde se aplicar\u00e1 Ley Seca este domingo - Fuentes Fidedignas<\/title>\n<meta name=\"robots\" content=\"index, follow, max-snippet:-1, max-image-preview:large, max-video-preview:-1\" \/>\n<link rel=\"canonical\" href=\"https:\/\/fuentesfidedignas.com.mx\/index.php\/2022\/04\/09\/conoce-los-estados-donde-se-aplicara-ley-seca-este-domingo\/\" \/>\n<meta property=\"og:locale\" content=\"es_MX\" \/>\n<meta property=\"og:type\" content=\"article\" \/>\n<meta property=\"og:title\" content=\"Conoce los estados donde se aplicar\u00e1 Ley Seca este domingo - Fuentes Fidedignas\" \/>\n<meta property=\"og:description\" content=\"Este 10 de abril se llevar\u00e1 a cabo la consulta por la revocaci\u00f3n de mandato, por tanto, gobiernos locales han se\u00f1alado que aplicar\u00e1n la ley seca Ciudad de M\u00e9xico. El pr\u00f3ximo&nbsp;10 de abril&nbsp;ser\u00e1 hist\u00f3rico porque se llevar\u00e1 a cabo la primera&nbsp;revocaci\u00f3n de mandato&nbsp;en M\u00e9xico. La consulta fue promovida por el presidente&nbsp;Andr\u00e9s Manuel L\u00f3pez Obrador&nbsp;y ha [&hellip;]\" \/>\n<meta property=\"og:url\" content=\"https:\/\/fuentesfidedignas.com.mx\/index.php\/2022\/04\/09\/conoce-los-estados-donde-se-aplicara-ley-seca-este-domingo\/\" \/>\n<meta property=\"og:site_name\" content=\"Fuentes Fidedignas\" \/>\n<meta property=\"article:publisher\" content=\"https:\/\/www.facebook.com\/Fuentes-Fidedignas-368234489921644\" \/>\n<meta property=\"article:published_time\" content=\"2022-04-09T21:42:17+00:00\" \/>\n<meta property=\"article:modified_time\" content=\"2022-04-09T21:42:35+00:00\" \/>\n<meta property=\"og:image\" content=\"https:\/\/fuentesfidedignas.com.mx\/wp-content\/uploads\/2022\/04\/aurrera.jpeg\" \/>\n\t<meta property=\"og:image:width\" content=\"768\" \/>\n\t<meta property=\"og:image:height\" content=\"479\" \/>\n\t<meta property=\"og:image:type\" content=\"image\/jpeg\" \/>\n<meta name=\"author\" content=\"Marissa Palafox\" \/>\n<meta name=\"twitter:card\" content=\"summary_large_image\" \/>\n<meta name=\"twitter:creator\" content=\"@fidedignas\" \/>\n<meta name=\"twitter:site\" content=\"@fidedignas\" \/>\n<meta name=\"twitter:label1\" content=\"Escrito por\" \/>\n\t<meta name=\"twitter:data1\" content=\"Marissa Palafox\" \/>\n\t<meta name=\"twitter:label2\" content=\"Tiempo de lectura\" \/>\n\t<meta name=\"twitter:data2\" content=\"2 minutos\" \/>\n<script type=\"application\/ld+json\" class=\"yoast-schema-graph\">{\"@context\":\"https:\\\/\\\/schema.org\",\"@graph\":[{\"@type\":\"Article\",\"@id\":\"https:\\\/\\\/fuentesfidedignas.com.mx\\\/index.php\\\/2022\\\/04\\\/09\\\/conoce-los-estados-donde-se-aplicara-ley-seca-este-domingo\\\/#article\",\"isPartOf\":{\"@id\":\"https:\\\/\\\/fuentesfidedignas.com.mx\\\/index.php\\\/2022\\\/04\\\/09\\\/conoce-los-estados-donde-se-aplicara-ley-seca-este-domingo\\\/\"},\"author\":{\"name\":\"Marissa Palafox\",\"@id\":\"https:\\\/\\\/fuentesfidedignas.com.mx\\\/#\\\/schema\\\/person\\\/2c10028b4a30078c05a056a215342ab9\"},\"headline\":\"Conoce los estados donde se aplicar\u00e1 Ley Seca este domingo\",\"datePublished\":\"2022-04-09T21:42:17+00:00\",\"dateModified\":\"2022-04-09T21:42:35+00:00\",\"mainEntityOfPage\":{\"@id\":\"https:\\\/\\\/fuentesfidedignas.com.mx\\\/index.php\\\/2022\\\/04\\\/09\\\/conoce-los-estados-donde-se-aplicara-ley-seca-este-domingo\\\/\"},\"wordCount\":393,\"commentCount\":0,\"publisher\":{\"@id\":\"https:\\\/\\\/fuentesfidedignas.com.mx\\\/#organization\"},\"image\":{\"@id\":\"https:\\\/\\\/fuentesfidedignas.com.mx\\\/index.php\\\/2022\\\/04\\\/09\\\/conoce-los-estados-donde-se-aplicara-ley-seca-este-domingo\\\/#primaryimage\"},\"thumbnailUrl\":\"https:\\\/\\\/fuentesfidedignas.com.mx\\\/wp-content\\\/uploads\\\/2022\\\/04\\\/aurrera.jpeg\",\"articleSection\":[\"NOTICIAS NACIONALES\"],\"inLanguage\":\"es\",\"potentialAction\":[{\"@type\":\"CommentAction\",\"name\":\"Comment\",\"target\":[\"https:\\\/\\\/fuentesfidedignas.com.mx\\\/index.php\\\/2022\\\/04\\\/09\\\/conoce-los-estados-donde-se-aplicara-ley-seca-este-domingo\\\/#respond\"]}]},{\"@type\":\"WebPage\",\"@id\":\"https:\\\/\\\/fuentesfidedignas.com.mx\\\/index.php\\\/2022\\\/04\\\/09\\\/conoce-los-estados-donde-se-aplicara-ley-seca-este-domingo\\\/\",\"url\":\"https:\\\/\\\/fuentesfidedignas.com.mx\\\/index.php\\\/2022\\\/04\\\/09\\\/conoce-los-estados-donde-se-aplicara-ley-seca-este-domingo\\\/\",\"name\":\"Conoce los estados donde se aplicar\u00e1 Ley Seca este domingo - Fuentes Fidedignas\",\"isPartOf\":{\"@id\":\"https:\\\/\\\/fuentesfidedignas.com.mx\\\/#website\"},\"primaryImageOfPage\":{\"@id\":\"https:\\\/\\\/fuentesfidedignas.com.mx\\\/index.php\\\/2022\\\/04\\\/09\\\/conoce-los-estados-donde-se-aplicara-ley-seca-este-domingo\\\/#primaryimage\"},\"image\":{\"@id\":\"https:\\\/\\\/fuentesfidedignas.com.mx\\\/index.php\\\/2022\\\/04\\\/09\\\/conoce-los-estados-donde-se-aplicara-ley-seca-este-domingo\\\/#primaryimage\"},\"thumbnailUrl\":\"https:\\\/\\\/fuentesfidedignas.com.mx\\\/wp-content\\\/uploads\\\/2022\\\/04\\\/aurrera.jpeg\",\"datePublished\":\"2022-04-09T21:42:17+00:00\",\"dateModified\":\"2022-04-09T21:42:35+00:00\",\"breadcrumb\":{\"@id\":\"https:\\\/\\\/fuentesfidedignas.com.mx\\\/index.php\\\/2022\\\/04\\\/09\\\/conoce-los-estados-donde-se-aplicara-ley-seca-este-domingo\\\/#breadcrumb\"},\"inLanguage\":\"es\",\"potentialAction\":[{\"@type\":\"ReadAction\",\"target\":[\"https:\\\/\\\/fuentesfidedignas.com.mx\\\/index.php\\\/2022\\\/04\\\/09\\\/conoce-los-estados-donde-se-aplicara-ley-seca-este-domingo\\\/\"]}]},{\"@type\":\"ImageObject\",\"inLanguage\":\"es\",\"@id\":\"https:\\\/\\\/fuentesfidedignas.com.mx\\\/index.php\\\/2022\\\/04\\\/09\\\/conoce-los-estados-donde-se-aplicara-ley-seca-este-domingo\\\/#primaryimage\",\"url\":\"https:\\\/\\\/fuentesfidedignas.com.mx\\\/wp-content\\\/uploads\\\/2022\\\/04\\\/aurrera.jpeg\",\"contentUrl\":\"https:\\\/\\\/fuentesfidedignas.com.mx\\\/wp-content\\\/uploads\\\/2022\\\/04\\\/aurrera.jpeg\",\"width\":768,\"height\":479},{\"@type\":\"BreadcrumbList\",\"@id\":\"https:\\\/\\\/fuentesfidedignas.com.mx\\\/index.php\\\/2022\\\/04\\\/09\\\/conoce-los-estados-donde-se-aplicara-ley-seca-este-domingo\\\/#breadcrumb\",\"itemListElement\":[{\"@type\":\"ListItem\",\"position\":1,\"name\":\"Inicio\",\"item\":\"https:\\\/\\\/fuentesfidedignas.com.mx\\\/\"},{\"@type\":\"ListItem\",\"position\":2,\"name\":\"Conoce los estados donde se aplicar\u00e1 Ley Seca este domingo\"}]},{\"@type\":\"WebSite\",\"@id\":\"https:\\\/\\\/fuentesfidedignas.com.mx\\\/#website\",\"url\":\"https:\\\/\\\/fuentesfidedignas.com.mx\\\/\",\"name\":\"Fuentes Fidedignas\",\"description\":\"Otro sitio realizado con WordPress\",\"publisher\":{\"@id\":\"https:\\\/\\\/fuentesfidedignas.com.mx\\\/#organization\"},\"potentialAction\":[{\"@type\":\"SearchAction\",\"target\":{\"@type\":\"EntryPoint\",\"urlTemplate\":\"https:\\\/\\\/fuentesfidedignas.com.mx\\\/?s={search_term_string}\"},\"query-input\":{\"@type\":\"PropertyValueSpecification\",\"valueRequired\":true,\"valueName\":\"search_term_string\"}}],\"inLanguage\":\"es\"},{\"@type\":\"Organization\",\"@id\":\"https:\\\/\\\/fuentesfidedignas.com.mx\\\/#organization\",\"name\":\"Fuentes Fidedignas\",\"url\":\"https:\\\/\\\/fuentesfidedignas.com.mx\\\/\",\"logo\":{\"@type\":\"ImageObject\",\"inLanguage\":\"es\",\"@id\":\"https:\\\/\\\/fuentesfidedignas.com.mx\\\/#\\\/schema\\\/logo\\\/image\\\/\",\"url\":\"https:\\\/\\\/fuentesfidedignas.com.mx\\\/wp-content\\\/uploads\\\/2021\\\/04\\\/logo-retina.png\",\"contentUrl\":\"https:\\\/\\\/fuentesfidedignas.com.mx\\\/wp-content\\\/uploads\\\/2021\\\/04\\\/logo-retina.png\",\"width\":280,\"height\":51,\"caption\":\"Fuentes Fidedignas\"},\"image\":{\"@id\":\"https:\\\/\\\/fuentesfidedignas.com.mx\\\/#\\\/schema\\\/logo\\\/image\\\/\"},\"sameAs\":[\"https:\\\/\\\/www.facebook.com\\\/Fuentes-Fidedignas-368234489921644\",\"https:\\\/\\\/x.com\\\/fidedignas\"]},{\"@type\":\"Person\",\"@id\":\"https:\\\/\\\/fuentesfidedignas.com.mx\\\/#\\\/schema\\\/person\\\/2c10028b4a30078c05a056a215342ab9\",\"name\":\"Marissa Palafox\",\"image\":{\"@type\":\"ImageObject\",\"inLanguage\":\"es\",\"@id\":\"https:\\\/\\\/secure.gravatar.com\\\/avatar\\\/20a43bdb2f2db10f20b22d4e98b96eb027faf98f7f76d29854dc5fab46d1cf71?s=96&d=mm&r=g\",\"url\":\"https:\\\/\\\/secure.gravatar.com\\\/avatar\\\/20a43bdb2f2db10f20b22d4e98b96eb027faf98f7f76d29854dc5fab46d1cf71?s=96&d=mm&r=g\",\"contentUrl\":\"https:\\\/\\\/secure.gravatar.com\\\/avatar\\\/20a43bdb2f2db10f20b22d4e98b96eb027faf98f7f76d29854dc5fab46d1cf71?s=96&d=mm&r=g\",\"caption\":\"Marissa Palafox\"},\"url\":\"https:\\\/\\\/fuentesfidedignas.com.mx\\\/index.php\\\/author\\\/marissa\\\/\"}]}<\/script>\n<!-- \/ Yoast SEO plugin. -->","yoast_head_json":{"title":"Conoce los estados donde se aplicar\u00e1 Ley Seca este domingo - Fuentes Fidedignas","robots":{"index":"index","follow":"follow","max-snippet":"max-snippet:-1","max-image-preview":"max-image-preview:large","max-video-preview":"max-video-preview:-1"},"canonical":"https:\/\/fuentesfidedignas.com.mx\/index.php\/2022\/04\/09\/conoce-los-estados-donde-se-aplicara-ley-seca-este-domingo\/","og_locale":"es_MX","og_type":"article","og_title":"Conoce los estados donde se aplicar\u00e1 Ley Seca este domingo - Fuentes Fidedignas","og_description":"Este 10 de abril se llevar\u00e1 a cabo la consulta por la revocaci\u00f3n de mandato, por tanto, gobiernos locales han se\u00f1alado que aplicar\u00e1n la ley seca Ciudad de M\u00e9xico. El pr\u00f3ximo&nbsp;10 de abril&nbsp;ser\u00e1 hist\u00f3rico porque se llevar\u00e1 a cabo la primera&nbsp;revocaci\u00f3n de mandato&nbsp;en M\u00e9xico. La consulta fue promovida por el presidente&nbsp;Andr\u00e9s Manuel L\u00f3pez Obrador&nbsp;y ha [&hellip;]","og_url":"https:\/\/fuentesfidedignas.com.mx\/index.php\/2022\/04\/09\/conoce-los-estados-donde-se-aplicara-ley-seca-este-domingo\/","og_site_name":"Fuentes Fidedignas","article_publisher":"https:\/\/www.facebook.com\/Fuentes-Fidedignas-368234489921644","article_published_time":"2022-04-09T21:42:17+00:00","article_modified_time":"2022-04-09T21:42:35+00:00","og_image":[{"width":768,"height":479,"url":"https:\/\/fuentesfidedignas.com.mx\/wp-content\/uploads\/2022\/04\/aurrera.jpeg","type":"image\/jpeg"}],"author":"Marissa Palafox","twitter_card":"summary_large_image","twitter_creator":"@fidedignas","twitter_site":"@fidedignas","twitter_misc":{"Escrito por":"Marissa Palafox","Tiempo de lectura":"2 minutos"},"schema":{"@context":"https:\/\/schema.org","@graph":[{"@type":"Article","@id":"https:\/\/fuentesfidedignas.com.mx\/index.php\/2022\/04\/09\/conoce-los-estados-donde-se-aplicara-ley-seca-este-domingo\/#article","isPartOf":{"@id":"https:\/\/fuentesfidedignas.com.mx\/index.php\/2022\/04\/09\/conoce-los-estados-donde-se-aplicara-ley-seca-este-domingo\/"},"author":{"name":"Marissa Palafox","@id":"https:\/\/fuentesfidedignas.com.mx\/#\/schema\/person\/2c10028b4a30078c05a056a215342ab9"},"headline":"Conoce los estados donde se aplicar\u00e1 Ley Seca este domingo","datePublished":"2022-04-09T21:42:17+00:00","dateModified":"2022-04-09T21:42:35+00:00","mainEntityOfPage":{"@id":"https:\/\/fuentesfidedignas.com.mx\/index.php\/2022\/04\/09\/conoce-los-estados-donde-se-aplicara-ley-seca-este-domingo\/"},"wordCount":393,"commentCount":0,"publisher":{"@id":"https:\/\/fuentesfidedignas.com.mx\/#organization"},"image":{"@id":"https:\/\/fuentesfidedignas.com.mx\/index.php\/2022\/04\/09\/conoce-los-estados-donde-se-aplicara-ley-seca-este-domingo\/#primaryimage"},"thumbnailUrl":"https:\/\/fuentesfidedignas.com.mx\/wp-content\/uploads\/2022\/04\/aurrera.jpeg","articleSection":["NOTICIAS NACIONALES"],"inLanguage":"es","potentialAction":[{"@type":"CommentAction","name":"Comment","target":["https:\/\/fuentesfidedignas.com.mx\/index.php\/2022\/04\/09\/conoce-los-estados-donde-se-aplicara-ley-seca-este-domingo\/#respond"]}]},{"@type":"WebPage","@id":"https:\/\/fuentesfidedignas.com.mx\/index.php\/2022\/04\/09\/conoce-los-estados-donde-se-aplicara-ley-seca-este-domingo\/","url":"https:\/\/fuentesfidedignas.com.mx\/index.php\/2022\/04\/09\/conoce-los-estados-donde-se-aplicara-ley-seca-este-domingo\/","name":"Conoce los estados donde se aplicar\u00e1 Ley Seca este domingo - Fuentes Fidedignas","isPartOf":{"@id":"https:\/\/fuentesfidedignas.com.mx\/#website"},"primaryImageOfPage":{"@id":"https:\/\/fuentesfidedignas.com.mx\/index.php\/2022\/04\/09\/conoce-los-estados-donde-se-aplicara-ley-seca-este-domingo\/#primaryimage"},"image":{"@id":"https:\/\/fuentesfidedignas.com.mx\/index.php\/2022\/04\/09\/conoce-los-estados-donde-se-aplicara-ley-seca-este-domingo\/#primaryimage"},"thumbnailUrl":"https:\/\/fuentesfidedignas.com.mx\/wp-content\/uploads\/2022\/04\/aurrera.jpeg","datePublished":"2022-04-09T21:42:17+00:00","dateModified":"2022-04-09T21:42:35+00:00","breadcrumb":{"@id":"https:\/\/fuentesfidedignas.com.mx\/index.php\/2022\/04\/09\/conoce-los-estados-donde-se-aplicara-ley-seca-este-domingo\/#breadcrumb"},"inLanguage":"es","potentialAction":[{"@type":"ReadAction","target":["https:\/\/fuentesfidedignas.com.mx\/index.php\/2022\/04\/09\/conoce-los-estados-donde-se-aplicara-ley-seca-este-domingo\/"]}]},{"@type":"ImageObject","inLanguage":"es","@id":"https:\/\/fuentesfidedignas.com.mx\/index.php\/2022\/04\/09\/conoce-los-estados-donde-se-aplicara-ley-seca-este-domingo\/#primaryimage","url":"https:\/\/fuentesfidedignas.com.mx\/wp-content\/uploads\/2022\/04\/aurrera.jpeg","contentUrl":"https:\/\/fuentesfidedignas.com.mx\/wp-content\/uploads\/2022\/04\/aurrera.jpeg","width":768,"height":479},{"@type":"BreadcrumbList","@id":"https:\/\/fuentesfidedignas.com.mx\/index.php\/2022\/04\/09\/conoce-los-estados-donde-se-aplicara-ley-seca-este-domingo\/#breadcrumb","itemListElement":[{"@type":"ListItem","position":1,"name":"Inicio","item":"https:\/\/fuentesfidedignas.com.mx\/"},{"@type":"ListItem","position":2,"name":"Conoce los estados donde se aplicar\u00e1 Ley Seca este domingo"}]},{"@type":"WebSite","@id":"https:\/\/fuentesfidedignas.com.mx\/#website","url":"https:\/\/fuentesfidedignas.com.mx\/","name":"Fuentes Fidedignas","description":"Otro sitio realizado con WordPress","publisher":{"@id":"https:\/\/fuentesfidedignas.com.mx\/#organization"},"potentialAction":[{"@type":"SearchAction","target":{"@type":"EntryPoint","urlTemplate":"https:\/\/fuentesfidedignas.com.mx\/?s={search_term_string}"},"query-input":{"@type":"PropertyValueSpecification","valueRequired":true,"valueName":"search_term_string"}}],"inLanguage":"es"},{"@type":"Organization","@id":"https:\/\/fuentesfidedignas.com.mx\/#organization","name":"Fuentes Fidedignas","url":"https:\/\/fuentesfidedignas.com.mx\/","logo":{"@type":"ImageObject","inLanguage":"es","@id":"https:\/\/fuentesfidedignas.com.mx\/#\/schema\/logo\/image\/","url":"https:\/\/fuentesfidedignas.com.mx\/wp-content\/uploads\/2021\/04\/logo-retina.png","contentUrl":"https:\/\/fuentesfidedignas.com.mx\/wp-content\/uploads\/2021\/04\/logo-retina.png","width":280,"height":51,"caption":"Fuentes Fidedignas"},"image":{"@id":"https:\/\/fuentesfidedignas.com.mx\/#\/schema\/logo\/image\/"},"sameAs":["https:\/\/www.facebook.com\/Fuentes-Fidedignas-368234489921644","https:\/\/x.com\/fidedignas"]},{"@type":"Person","@id":"https:\/\/fuentesfidedignas.com.mx\/#\/schema\/person\/2c10028b4a30078c05a056a215342ab9","name":"Marissa Palafox","image":{"@type":"ImageObject","inLanguage":"es","@id":"https:\/\/secure.gravatar.com\/avatar\/20a43bdb2f2db10f20b22d4e98b96eb027faf98f7f76d29854dc5fab46d1cf71?s=96&d=mm&r=g","url":"https:\/\/secure.gravatar.com\/avatar\/20a43bdb2f2db10f20b22d4e98b96eb027faf98f7f76d29854dc5fab46d1cf71?s=96&d=mm&r=g","contentUrl":"https:\/\/secure.gravatar.com\/avatar\/20a43bdb2f2db10f20b22d4e98b96eb027faf98f7f76d29854dc5fab46d1cf71?s=96&d=mm&r=g","caption":"Marissa Palafox"},"url":"https:\/\/fuentesfidedignas.com.mx\/index.php\/author\/marissa\/"}]}},"_links":{"self":[{"href":"https:\/\/fuentesfidedignas.com.mx\/index.php\/wp-json\/wp\/v2\/posts\/28075","targetHints":{"allow":["GET"]}}],"collection":[{"href":"https:\/\/fuentesfidedignas.com.mx\/index.php\/wp-json\/wp\/v2\/posts"}],"about":[{"href":"https:\/\/fuentesfidedignas.com.mx\/index.php\/wp-json\/wp\/v2\/types\/post"}],"author":[{"embeddable":true,"href":"https:\/\/fuentesfidedignas.com.mx\/index.php\/wp-json\/wp\/v2\/users\/11"}],"replies":[{"embeddable":true,"href":"https:\/\/fuentesfidedignas.com.mx\/index.php\/wp-json\/wp\/v2\/comments?post=28075"}],"version-history":[{"count":1,"href":"https:\/\/fuentesfidedignas.com.mx\/index.php\/wp-json\/wp\/v2\/posts\/28075\/revisions"}],"predecessor-version":[{"id":28076,"href":"https:\/\/fuentesfidedignas.com.mx\/index.php\/wp-json\/wp\/v2\/posts\/28075\/revisions\/28076"}],"wp:featuredmedia":[{"embeddable":true,"href":"https:\/\/fuentesfidedignas.com.mx\/index.php\/wp-json\/wp\/v2\/media\/28077"}],"wp:attachment":[{"href":"https:\/\/fuentesfidedignas.com.mx\/index.php\/wp-json\/wp\/v2\/media?parent=28075"}],"wp:term":[{"taxonomy":"category","embeddable":true,"href":"https:\/\/fuentesfidedignas.com.mx\/index.php\/wp-json\/wp\/v2\/categories?post=28075"},{"taxonomy":"post_tag","embeddable":true,"href":"https:\/\/fuentesfidedignas.com.mx\/index.php\/wp-json\/wp\/v2\/tags?post=28075"}],"curies":[{"name":"wp","href":"https:\/\/api.w.org\/{rel}","templated":true}]}}