{"id":28065,"date":"2022-04-09T13:03:04","date_gmt":"2022-04-09T20:03:04","guid":{"rendered":"https:\/\/fuentesfidedignas.com.mx\/?p=28065"},"modified":"2022-04-09T13:06:31","modified_gmt":"2022-04-09T20:06:31","slug":"rocha-acompana-al-presidente-lopez-obrador-a-islas-marias","status":"publish","type":"post","link":"https:\/\/fuentesfidedignas.com.mx\/index.php\/2022\/04\/09\/rocha-acompana-al-presidente-lopez-obrador-a-islas-marias\/","title":{"rendered":"Rocha acompa\u00f1a al presidente L\u00f3pez Obrador a Islas Mar\u00edas"},"content":{"rendered":"\n<p><strong><em>Acudi\u00f3 a la ceremonia de abanderamiento del sector Naval de Islas Mar\u00edas, la estaci\u00f3n Naval de b\u00fasqueda, rescate y vigilancia mar\u00edtima y de la compa\u00f1\u00eda independiente de Infanter\u00eda de Marina n\u00famero 41<\/em><\/strong><\/p>\n\n\n\n<p>Nayarit. El gobernador de Sinaloa Rub\u00e9n Rocha Moya acompa\u00f1\u00f3 al presidente Andr\u00e9s Manuel L\u00f3pez Obrador en su viaje por Islas Mar\u00edas, la antigua colonia penal hoy convertida en un centro recreativo , cultural, hist\u00f3rico y de defensa del medio ambiente .<\/p>\n\n\n\n<p>El mandatario estatal acudi\u00f3 junto con el presidente L\u00f3pez Obrador y autoridades de la Secretar\u00eda de Marina y la Defensa Nacional , a la ceremonia de abanderamiento del sector Naval de Islas Mar\u00edas, la estaci\u00f3n Naval de b\u00fasqueda, rescate y vigilancia mar\u00edtima y de la compa\u00f1\u00eda independiente de Infanter\u00eda de Marina n\u00famero 41 , evento realizado en la base del sector Naval en la Isla Mar\u00eda Madre .<\/p>\n\n\n\n<figure class=\"wp-block-image size-large\"><img decoding=\"async\" width=\"1024\" height=\"682\" src=\"https:\/\/fuentesfidedignas.com.mx\/wp-content\/uploads\/2022\/04\/IMG-20220409-WA0012.jpg\" alt=\"\" class=\"wp-image-28068\"\/><\/figure>\n\n\n\n<p>El gobernador Rocha tambi\u00e9n fue invitado al Museo Islas Mar\u00edas, donde el mandatario nacional Andr\u00e9s Manuel L\u00f3pez Obrador destac\u00f3 la importancia del rescate de las Islas Mar\u00edas para convertirla en un centro recreativo, que en 3 meses m\u00e1s ser\u00e1 totalmente abierta a la poblaci\u00f3n que desee visitarla , ya que los turistas y visitantes podr\u00e1n acceder v\u00eda a\u00e9rea y por mar a trav\u00e9s del barco acondicionado por la Marina con una capacidad para 270 personas .<\/p>\n\n\n\n<p>El presidente L\u00f3pez Obrador mencion\u00f3 que se pondr\u00e1n en operaci\u00f3n dos nuevas embarcaciones tipo Ferrie para el traslado de visitantes quienes tendr\u00e1n la oportunidad de disfrutar de la fauna marina, los paisajes costeros , manglares y la diversidad de la arquitectura de la Isla Mar\u00eda Madre , donde ser\u00e1n acondicionados algunos edificios y viviendas para ponerlas en renta a los turistas.<\/p>\n\n\n\n<figure class=\"wp-block-image size-large\"><img decoding=\"async\" width=\"1024\" height=\"576\" src=\"https:\/\/fuentesfidedignas.com.mx\/wp-content\/uploads\/2022\/04\/IMG-20220409-WA0014.jpg\" alt=\"\" class=\"wp-image-28069\"\/><\/figure>\n\n\n\n<p>Asimismo se inform\u00f3 que no se construir\u00e1n nuevos edificios para mantener sin alteraciones el medio ambiente , pero tambi\u00e9n se habr\u00e1n de reforzar los servicios de agua potable , drenaje y energ\u00eda el\u00e9ctrica. El mandatario anunci\u00f3 que se ampliar\u00e1 el aeropuerto de la Isla Mar\u00eda Madre para recibir aviones con hasta 40 pasajeros que podr\u00e1n trasladarse desde Mazatl\u00e1n, Sinaloa o desde San Blas , Nayarit al igual que las embarcaciones que partir\u00e1n de estos destinos tur\u00edsticos del Pac\u00edfico .<\/p>\n\n\n\n<p>Junto con el gobernador Rocha , al presidente lo acompa\u00f1aron su esposa Beatriz Guti\u00e9rrez M\u00fcller , el gobernador de Nayarit Miguel \u00c1ngel Navarro , el secretario de Marina Almirante Jos\u00e9 Rafael Ojeda , el secretario de la Defensa Nacional General Luis Cresencio Sandoval adem\u00e1s estuvieron presentes la secretaria del Medio Ambiente Mar\u00eda Luisa Albores , el titular de Turismo Miguel Torruco Marqu\u00e9s, el periodista Pedro Miguel y el gobernador de Islas Mar\u00edas Capit\u00e1n Juli\u00e1n Castillo .<\/p>\n","protected":false},"excerpt":{"rendered":"<p>Acudi\u00f3 a la ceremonia de abanderamiento del sector Naval de Islas Mar\u00edas, la estaci\u00f3n Naval de b\u00fasqueda, rescate y vigilancia mar\u00edtima y de la compa\u00f1\u00eda independiente de Infanter\u00eda de Marina n\u00famero 41 Nayarit. El gobernador de Sinaloa Rub\u00e9n Rocha Moya acompa\u00f1\u00f3 al presidente Andr\u00e9s Manuel L\u00f3pez Obrador en su viaje por Islas Mar\u00edas, la antigua [&hellip;]<\/p>\n","protected":false},"author":4,"featured_media":28067,"comment_status":"open","ping_status":"open","sticky":false,"template":"","format":"standard","meta":{"tdm_status":"","tdm_grid_status":"","footnotes":""},"categories":[37],"tags":[297,52,416],"class_list":{"0":"post-28065","1":"post","2":"type-post","3":"status-publish","4":"format-standard","5":"has-post-thumbnail","7":"category-nota-principal","8":"tag-andres-manuel-lopez-obrador","9":"tag-ruben-rocha-moya","10":"tag-sars-cov-2"},"yoast_head":"<!-- This site is optimized with the Yoast SEO plugin v27.5 - https:\/\/yoast.com\/product\/yoast-seo-wordpress\/ -->\n<title>Rocha acompa\u00f1a al presidente L\u00f3pez Obrador a Islas Mar\u00edas - Fuentes Fidedignas<\/title>\n<meta name=\"robots\" content=\"index, follow, max-snippet:-1, max-image-preview:large, max-video-preview:-1\" \/>\n<link rel=\"canonical\" href=\"https:\/\/fuentesfidedignas.com.mx\/index.php\/2022\/04\/09\/rocha-acompana-al-presidente-lopez-obrador-a-islas-marias\/\" \/>\n<meta property=\"og:locale\" content=\"es_MX\" \/>\n<meta property=\"og:type\" content=\"article\" \/>\n<meta property=\"og:title\" content=\"Rocha acompa\u00f1a al presidente L\u00f3pez Obrador a Islas Mar\u00edas - Fuentes Fidedignas\" \/>\n<meta property=\"og:description\" content=\"Acudi\u00f3 a la ceremonia de abanderamiento del sector Naval de Islas Mar\u00edas, la estaci\u00f3n Naval de b\u00fasqueda, rescate y vigilancia mar\u00edtima y de la compa\u00f1\u00eda independiente de Infanter\u00eda de Marina n\u00famero 41 Nayarit. El gobernador de Sinaloa Rub\u00e9n Rocha Moya acompa\u00f1\u00f3 al presidente Andr\u00e9s Manuel L\u00f3pez Obrador en su viaje por Islas Mar\u00edas, la antigua [&hellip;]\" \/>\n<meta property=\"og:url\" content=\"https:\/\/fuentesfidedignas.com.mx\/index.php\/2022\/04\/09\/rocha-acompana-al-presidente-lopez-obrador-a-islas-marias\/\" \/>\n<meta property=\"og:site_name\" content=\"Fuentes Fidedignas\" \/>\n<meta property=\"article:publisher\" content=\"https:\/\/www.facebook.com\/Fuentes-Fidedignas-368234489921644\" \/>\n<meta property=\"article:published_time\" content=\"2022-04-09T20:03:04+00:00\" \/>\n<meta property=\"article:modified_time\" content=\"2022-04-09T20:06:31+00:00\" \/>\n<meta property=\"og:image\" content=\"https:\/\/fuentesfidedignas.com.mx\/wp-content\/uploads\/2022\/04\/IMG-20220409-WA0011.jpg\" \/>\n\t<meta property=\"og:image:width\" content=\"1024\" \/>\n\t<meta property=\"og:image:height\" content=\"576\" \/>\n\t<meta property=\"og:image:type\" content=\"image\/jpeg\" \/>\n<meta name=\"author\" content=\"Redacci\u00f3n\" \/>\n<meta name=\"twitter:card\" content=\"summary_large_image\" \/>\n<meta name=\"twitter:creator\" content=\"@fidedignas\" \/>\n<meta name=\"twitter:site\" content=\"@fidedignas\" \/>\n<meta name=\"twitter:label1\" content=\"Escrito por\" \/>\n\t<meta name=\"twitter:data1\" content=\"Redacci\u00f3n\" \/>\n\t<meta name=\"twitter:label2\" content=\"Tiempo de lectura\" \/>\n\t<meta name=\"twitter:data2\" content=\"2 minutos\" \/>\n<script type=\"application\/ld+json\" class=\"yoast-schema-graph\">{\"@context\":\"https:\\\/\\\/schema.org\",\"@graph\":[{\"@type\":\"Article\",\"@id\":\"https:\\\/\\\/fuentesfidedignas.com.mx\\\/index.php\\\/2022\\\/04\\\/09\\\/rocha-acompana-al-presidente-lopez-obrador-a-islas-marias\\\/#article\",\"isPartOf\":{\"@id\":\"https:\\\/\\\/fuentesfidedignas.com.mx\\\/index.php\\\/2022\\\/04\\\/09\\\/rocha-acompana-al-presidente-lopez-obrador-a-islas-marias\\\/\"},\"author\":{\"name\":\"Redacci\u00f3n\",\"@id\":\"https:\\\/\\\/fuentesfidedignas.com.mx\\\/#\\\/schema\\\/person\\\/331be9283d37198e2acd5750279085b0\"},\"headline\":\"Rocha acompa\u00f1a al presidente L\u00f3pez Obrador a Islas Mar\u00edas\",\"datePublished\":\"2022-04-09T20:03:04+00:00\",\"dateModified\":\"2022-04-09T20:06:31+00:00\",\"mainEntityOfPage\":{\"@id\":\"https:\\\/\\\/fuentesfidedignas.com.mx\\\/index.php\\\/2022\\\/04\\\/09\\\/rocha-acompana-al-presidente-lopez-obrador-a-islas-marias\\\/\"},\"wordCount\":480,\"commentCount\":0,\"publisher\":{\"@id\":\"https:\\\/\\\/fuentesfidedignas.com.mx\\\/#organization\"},\"image\":{\"@id\":\"https:\\\/\\\/fuentesfidedignas.com.mx\\\/index.php\\\/2022\\\/04\\\/09\\\/rocha-acompana-al-presidente-lopez-obrador-a-islas-marias\\\/#primaryimage\"},\"thumbnailUrl\":\"https:\\\/\\\/fuentesfidedignas.com.mx\\\/wp-content\\\/uploads\\\/2022\\\/04\\\/IMG-20220409-WA0011.jpg\",\"keywords\":[\"Andr\u00e9s Manuel L\u00f3pez Obrador\",\"Rub\u00e9n Rocha Moya\",\"SARS-CoV-2\"],\"articleSection\":[\"NOTA PRINCIPAL\"],\"inLanguage\":\"es\",\"potentialAction\":[{\"@type\":\"CommentAction\",\"name\":\"Comment\",\"target\":[\"https:\\\/\\\/fuentesfidedignas.com.mx\\\/index.php\\\/2022\\\/04\\\/09\\\/rocha-acompana-al-presidente-lopez-obrador-a-islas-marias\\\/#respond\"]}]},{\"@type\":\"WebPage\",\"@id\":\"https:\\\/\\\/fuentesfidedignas.com.mx\\\/index.php\\\/2022\\\/04\\\/09\\\/rocha-acompana-al-presidente-lopez-obrador-a-islas-marias\\\/\",\"url\":\"https:\\\/\\\/fuentesfidedignas.com.mx\\\/index.php\\\/2022\\\/04\\\/09\\\/rocha-acompana-al-presidente-lopez-obrador-a-islas-marias\\\/\",\"name\":\"Rocha acompa\u00f1a al presidente L\u00f3pez Obrador a Islas Mar\u00edas - Fuentes Fidedignas\",\"isPartOf\":{\"@id\":\"https:\\\/\\\/fuentesfidedignas.com.mx\\\/#website\"},\"primaryImageOfPage\":{\"@id\":\"https:\\\/\\\/fuentesfidedignas.com.mx\\\/index.php\\\/2022\\\/04\\\/09\\\/rocha-acompana-al-presidente-lopez-obrador-a-islas-marias\\\/#primaryimage\"},\"image\":{\"@id\":\"https:\\\/\\\/fuentesfidedignas.com.mx\\\/index.php\\\/2022\\\/04\\\/09\\\/rocha-acompana-al-presidente-lopez-obrador-a-islas-marias\\\/#primaryimage\"},\"thumbnailUrl\":\"https:\\\/\\\/fuentesfidedignas.com.mx\\\/wp-content\\\/uploads\\\/2022\\\/04\\\/IMG-20220409-WA0011.jpg\",\"datePublished\":\"2022-04-09T20:03:04+00:00\",\"dateModified\":\"2022-04-09T20:06:31+00:00\",\"breadcrumb\":{\"@id\":\"https:\\\/\\\/fuentesfidedignas.com.mx\\\/index.php\\\/2022\\\/04\\\/09\\\/rocha-acompana-al-presidente-lopez-obrador-a-islas-marias\\\/#breadcrumb\"},\"inLanguage\":\"es\",\"potentialAction\":[{\"@type\":\"ReadAction\",\"target\":[\"https:\\\/\\\/fuentesfidedignas.com.mx\\\/index.php\\\/2022\\\/04\\\/09\\\/rocha-acompana-al-presidente-lopez-obrador-a-islas-marias\\\/\"]}]},{\"@type\":\"ImageObject\",\"inLanguage\":\"es\",\"@id\":\"https:\\\/\\\/fuentesfidedignas.com.mx\\\/index.php\\\/2022\\\/04\\\/09\\\/rocha-acompana-al-presidente-lopez-obrador-a-islas-marias\\\/#primaryimage\",\"url\":\"https:\\\/\\\/fuentesfidedignas.com.mx\\\/wp-content\\\/uploads\\\/2022\\\/04\\\/IMG-20220409-WA0011.jpg\",\"contentUrl\":\"https:\\\/\\\/fuentesfidedignas.com.mx\\\/wp-content\\\/uploads\\\/2022\\\/04\\\/IMG-20220409-WA0011.jpg\",\"width\":1024,\"height\":576},{\"@type\":\"BreadcrumbList\",\"@id\":\"https:\\\/\\\/fuentesfidedignas.com.mx\\\/index.php\\\/2022\\\/04\\\/09\\\/rocha-acompana-al-presidente-lopez-obrador-a-islas-marias\\\/#breadcrumb\",\"itemListElement\":[{\"@type\":\"ListItem\",\"position\":1,\"name\":\"Inicio\",\"item\":\"https:\\\/\\\/fuentesfidedignas.com.mx\\\/\"},{\"@type\":\"ListItem\",\"position\":2,\"name\":\"Rocha acompa\u00f1a al presidente L\u00f3pez Obrador a Islas Mar\u00edas\"}]},{\"@type\":\"WebSite\",\"@id\":\"https:\\\/\\\/fuentesfidedignas.com.mx\\\/#website\",\"url\":\"https:\\\/\\\/fuentesfidedignas.com.mx\\\/\",\"name\":\"Fuentes Fidedignas\",\"description\":\"Otro sitio realizado con WordPress\",\"publisher\":{\"@id\":\"https:\\\/\\\/fuentesfidedignas.com.mx\\\/#organization\"},\"potentialAction\":[{\"@type\":\"SearchAction\",\"target\":{\"@type\":\"EntryPoint\",\"urlTemplate\":\"https:\\\/\\\/fuentesfidedignas.com.mx\\\/?s={search_term_string}\"},\"query-input\":{\"@type\":\"PropertyValueSpecification\",\"valueRequired\":true,\"valueName\":\"search_term_string\"}}],\"inLanguage\":\"es\"},{\"@type\":\"Organization\",\"@id\":\"https:\\\/\\\/fuentesfidedignas.com.mx\\\/#organization\",\"name\":\"Fuentes Fidedignas\",\"url\":\"https:\\\/\\\/fuentesfidedignas.com.mx\\\/\",\"logo\":{\"@type\":\"ImageObject\",\"inLanguage\":\"es\",\"@id\":\"https:\\\/\\\/fuentesfidedignas.com.mx\\\/#\\\/schema\\\/logo\\\/image\\\/\",\"url\":\"https:\\\/\\\/fuentesfidedignas.com.mx\\\/wp-content\\\/uploads\\\/2021\\\/04\\\/logo-retina.png\",\"contentUrl\":\"https:\\\/\\\/fuentesfidedignas.com.mx\\\/wp-content\\\/uploads\\\/2021\\\/04\\\/logo-retina.png\",\"width\":280,\"height\":51,\"caption\":\"Fuentes Fidedignas\"},\"image\":{\"@id\":\"https:\\\/\\\/fuentesfidedignas.com.mx\\\/#\\\/schema\\\/logo\\\/image\\\/\"},\"sameAs\":[\"https:\\\/\\\/www.facebook.com\\\/Fuentes-Fidedignas-368234489921644\",\"https:\\\/\\\/x.com\\\/fidedignas\"]},{\"@type\":\"Person\",\"@id\":\"https:\\\/\\\/fuentesfidedignas.com.mx\\\/#\\\/schema\\\/person\\\/331be9283d37198e2acd5750279085b0\",\"name\":\"Redacci\u00f3n\",\"image\":{\"@type\":\"ImageObject\",\"inLanguage\":\"es\",\"@id\":\"https:\\\/\\\/secure.gravatar.com\\\/avatar\\\/f6d8782c11d12b2d4ad3fbb6931aeab5309937a4d6cd2fc9cfaa28a6396a5aec?s=96&d=mm&r=g\",\"url\":\"https:\\\/\\\/secure.gravatar.com\\\/avatar\\\/f6d8782c11d12b2d4ad3fbb6931aeab5309937a4d6cd2fc9cfaa28a6396a5aec?s=96&d=mm&r=g\",\"contentUrl\":\"https:\\\/\\\/secure.gravatar.com\\\/avatar\\\/f6d8782c11d12b2d4ad3fbb6931aeab5309937a4d6cd2fc9cfaa28a6396a5aec?s=96&d=mm&r=g\",\"caption\":\"Redacci\u00f3n\"},\"url\":\"https:\\\/\\\/fuentesfidedignas.com.mx\\\/index.php\\\/author\\\/redaccion\\\/\"}]}<\/script>\n<!-- \/ Yoast SEO plugin. -->","yoast_head_json":{"title":"Rocha acompa\u00f1a al presidente L\u00f3pez Obrador a Islas Mar\u00edas - Fuentes Fidedignas","robots":{"index":"index","follow":"follow","max-snippet":"max-snippet:-1","max-image-preview":"max-image-preview:large","max-video-preview":"max-video-preview:-1"},"canonical":"https:\/\/fuentesfidedignas.com.mx\/index.php\/2022\/04\/09\/rocha-acompana-al-presidente-lopez-obrador-a-islas-marias\/","og_locale":"es_MX","og_type":"article","og_title":"Rocha acompa\u00f1a al presidente L\u00f3pez Obrador a Islas Mar\u00edas - Fuentes Fidedignas","og_description":"Acudi\u00f3 a la ceremonia de abanderamiento del sector Naval de Islas Mar\u00edas, la estaci\u00f3n Naval de b\u00fasqueda, rescate y vigilancia mar\u00edtima y de la compa\u00f1\u00eda independiente de Infanter\u00eda de Marina n\u00famero 41 Nayarit. El gobernador de Sinaloa Rub\u00e9n Rocha Moya acompa\u00f1\u00f3 al presidente Andr\u00e9s Manuel L\u00f3pez Obrador en su viaje por Islas Mar\u00edas, la antigua [&hellip;]","og_url":"https:\/\/fuentesfidedignas.com.mx\/index.php\/2022\/04\/09\/rocha-acompana-al-presidente-lopez-obrador-a-islas-marias\/","og_site_name":"Fuentes Fidedignas","article_publisher":"https:\/\/www.facebook.com\/Fuentes-Fidedignas-368234489921644","article_published_time":"2022-04-09T20:03:04+00:00","article_modified_time":"2022-04-09T20:06:31+00:00","og_image":[{"width":1024,"height":576,"url":"https:\/\/fuentesfidedignas.com.mx\/wp-content\/uploads\/2022\/04\/IMG-20220409-WA0011.jpg","type":"image\/jpeg"}],"author":"Redacci\u00f3n","twitter_card":"summary_large_image","twitter_creator":"@fidedignas","twitter_site":"@fidedignas","twitter_misc":{"Escrito por":"Redacci\u00f3n","Tiempo de lectura":"2 minutos"},"schema":{"@context":"https:\/\/schema.org","@graph":[{"@type":"Article","@id":"https:\/\/fuentesfidedignas.com.mx\/index.php\/2022\/04\/09\/rocha-acompana-al-presidente-lopez-obrador-a-islas-marias\/#article","isPartOf":{"@id":"https:\/\/fuentesfidedignas.com.mx\/index.php\/2022\/04\/09\/rocha-acompana-al-presidente-lopez-obrador-a-islas-marias\/"},"author":{"name":"Redacci\u00f3n","@id":"https:\/\/fuentesfidedignas.com.mx\/#\/schema\/person\/331be9283d37198e2acd5750279085b0"},"headline":"Rocha acompa\u00f1a al presidente L\u00f3pez Obrador a Islas Mar\u00edas","datePublished":"2022-04-09T20:03:04+00:00","dateModified":"2022-04-09T20:06:31+00:00","mainEntityOfPage":{"@id":"https:\/\/fuentesfidedignas.com.mx\/index.php\/2022\/04\/09\/rocha-acompana-al-presidente-lopez-obrador-a-islas-marias\/"},"wordCount":480,"commentCount":0,"publisher":{"@id":"https:\/\/fuentesfidedignas.com.mx\/#organization"},"image":{"@id":"https:\/\/fuentesfidedignas.com.mx\/index.php\/2022\/04\/09\/rocha-acompana-al-presidente-lopez-obrador-a-islas-marias\/#primaryimage"},"thumbnailUrl":"https:\/\/fuentesfidedignas.com.mx\/wp-content\/uploads\/2022\/04\/IMG-20220409-WA0011.jpg","keywords":["Andr\u00e9s Manuel L\u00f3pez Obrador","Rub\u00e9n Rocha Moya","SARS-CoV-2"],"articleSection":["NOTA PRINCIPAL"],"inLanguage":"es","potentialAction":[{"@type":"CommentAction","name":"Comment","target":["https:\/\/fuentesfidedignas.com.mx\/index.php\/2022\/04\/09\/rocha-acompana-al-presidente-lopez-obrador-a-islas-marias\/#respond"]}]},{"@type":"WebPage","@id":"https:\/\/fuentesfidedignas.com.mx\/index.php\/2022\/04\/09\/rocha-acompana-al-presidente-lopez-obrador-a-islas-marias\/","url":"https:\/\/fuentesfidedignas.com.mx\/index.php\/2022\/04\/09\/rocha-acompana-al-presidente-lopez-obrador-a-islas-marias\/","name":"Rocha acompa\u00f1a al presidente L\u00f3pez Obrador a Islas Mar\u00edas - Fuentes Fidedignas","isPartOf":{"@id":"https:\/\/fuentesfidedignas.com.mx\/#website"},"primaryImageOfPage":{"@id":"https:\/\/fuentesfidedignas.com.mx\/index.php\/2022\/04\/09\/rocha-acompana-al-presidente-lopez-obrador-a-islas-marias\/#primaryimage"},"image":{"@id":"https:\/\/fuentesfidedignas.com.mx\/index.php\/2022\/04\/09\/rocha-acompana-al-presidente-lopez-obrador-a-islas-marias\/#primaryimage"},"thumbnailUrl":"https:\/\/fuentesfidedignas.com.mx\/wp-content\/uploads\/2022\/04\/IMG-20220409-WA0011.jpg","datePublished":"2022-04-09T20:03:04+00:00","dateModified":"2022-04-09T20:06:31+00:00","breadcrumb":{"@id":"https:\/\/fuentesfidedignas.com.mx\/index.php\/2022\/04\/09\/rocha-acompana-al-presidente-lopez-obrador-a-islas-marias\/#breadcrumb"},"inLanguage":"es","potentialAction":[{"@type":"ReadAction","target":["https:\/\/fuentesfidedignas.com.mx\/index.php\/2022\/04\/09\/rocha-acompana-al-presidente-lopez-obrador-a-islas-marias\/"]}]},{"@type":"ImageObject","inLanguage":"es","@id":"https:\/\/fuentesfidedignas.com.mx\/index.php\/2022\/04\/09\/rocha-acompana-al-presidente-lopez-obrador-a-islas-marias\/#primaryimage","url":"https:\/\/fuentesfidedignas.com.mx\/wp-content\/uploads\/2022\/04\/IMG-20220409-WA0011.jpg","contentUrl":"https:\/\/fuentesfidedignas.com.mx\/wp-content\/uploads\/2022\/04\/IMG-20220409-WA0011.jpg","width":1024,"height":576},{"@type":"BreadcrumbList","@id":"https:\/\/fuentesfidedignas.com.mx\/index.php\/2022\/04\/09\/rocha-acompana-al-presidente-lopez-obrador-a-islas-marias\/#breadcrumb","itemListElement":[{"@type":"ListItem","position":1,"name":"Inicio","item":"https:\/\/fuentesfidedignas.com.mx\/"},{"@type":"ListItem","position":2,"name":"Rocha acompa\u00f1a al presidente L\u00f3pez Obrador a Islas Mar\u00edas"}]},{"@type":"WebSite","@id":"https:\/\/fuentesfidedignas.com.mx\/#website","url":"https:\/\/fuentesfidedignas.com.mx\/","name":"Fuentes Fidedignas","description":"Otro sitio realizado con WordPress","publisher":{"@id":"https:\/\/fuentesfidedignas.com.mx\/#organization"},"potentialAction":[{"@type":"SearchAction","target":{"@type":"EntryPoint","urlTemplate":"https:\/\/fuentesfidedignas.com.mx\/?s={search_term_string}"},"query-input":{"@type":"PropertyValueSpecification","valueRequired":true,"valueName":"search_term_string"}}],"inLanguage":"es"},{"@type":"Organization","@id":"https:\/\/fuentesfidedignas.com.mx\/#organization","name":"Fuentes Fidedignas","url":"https:\/\/fuentesfidedignas.com.mx\/","logo":{"@type":"ImageObject","inLanguage":"es","@id":"https:\/\/fuentesfidedignas.com.mx\/#\/schema\/logo\/image\/","url":"https:\/\/fuentesfidedignas.com.mx\/wp-content\/uploads\/2021\/04\/logo-retina.png","contentUrl":"https:\/\/fuentesfidedignas.com.mx\/wp-content\/uploads\/2021\/04\/logo-retina.png","width":280,"height":51,"caption":"Fuentes Fidedignas"},"image":{"@id":"https:\/\/fuentesfidedignas.com.mx\/#\/schema\/logo\/image\/"},"sameAs":["https:\/\/www.facebook.com\/Fuentes-Fidedignas-368234489921644","https:\/\/x.com\/fidedignas"]},{"@type":"Person","@id":"https:\/\/fuentesfidedignas.com.mx\/#\/schema\/person\/331be9283d37198e2acd5750279085b0","name":"Redacci\u00f3n","image":{"@type":"ImageObject","inLanguage":"es","@id":"https:\/\/secure.gravatar.com\/avatar\/f6d8782c11d12b2d4ad3fbb6931aeab5309937a4d6cd2fc9cfaa28a6396a5aec?s=96&d=mm&r=g","url":"https:\/\/secure.gravatar.com\/avatar\/f6d8782c11d12b2d4ad3fbb6931aeab5309937a4d6cd2fc9cfaa28a6396a5aec?s=96&d=mm&r=g","contentUrl":"https:\/\/secure.gravatar.com\/avatar\/f6d8782c11d12b2d4ad3fbb6931aeab5309937a4d6cd2fc9cfaa28a6396a5aec?s=96&d=mm&r=g","caption":"Redacci\u00f3n"},"url":"https:\/\/fuentesfidedignas.com.mx\/index.php\/author\/redaccion\/"}]}},"_links":{"self":[{"href":"https:\/\/fuentesfidedignas.com.mx\/index.php\/wp-json\/wp\/v2\/posts\/28065","targetHints":{"allow":["GET"]}}],"collection":[{"href":"https:\/\/fuentesfidedignas.com.mx\/index.php\/wp-json\/wp\/v2\/posts"}],"about":[{"href":"https:\/\/fuentesfidedignas.com.mx\/index.php\/wp-json\/wp\/v2\/types\/post"}],"author":[{"embeddable":true,"href":"https:\/\/fuentesfidedignas.com.mx\/index.php\/wp-json\/wp\/v2\/users\/4"}],"replies":[{"embeddable":true,"href":"https:\/\/fuentesfidedignas.com.mx\/index.php\/wp-json\/wp\/v2\/comments?post=28065"}],"version-history":[{"count":2,"href":"https:\/\/fuentesfidedignas.com.mx\/index.php\/wp-json\/wp\/v2\/posts\/28065\/revisions"}],"predecessor-version":[{"id":28070,"href":"https:\/\/fuentesfidedignas.com.mx\/index.php\/wp-json\/wp\/v2\/posts\/28065\/revisions\/28070"}],"wp:featuredmedia":[{"embeddable":true,"href":"https:\/\/fuentesfidedignas.com.mx\/index.php\/wp-json\/wp\/v2\/media\/28067"}],"wp:attachment":[{"href":"https:\/\/fuentesfidedignas.com.mx\/index.php\/wp-json\/wp\/v2\/media?parent=28065"}],"wp:term":[{"taxonomy":"category","embeddable":true,"href":"https:\/\/fuentesfidedignas.com.mx\/index.php\/wp-json\/wp\/v2\/categories?post=28065"},{"taxonomy":"post_tag","embeddable":true,"href":"https:\/\/fuentesfidedignas.com.mx\/index.php\/wp-json\/wp\/v2\/tags?post=28065"}],"curies":[{"name":"wp","href":"https:\/\/api.w.org\/{rel}","templated":true}]}}