{"id":28003,"date":"2022-04-08T13:21:15","date_gmt":"2022-04-08T20:21:15","guid":{"rendered":"https:\/\/fuentesfidedignas.com.mx\/?p=28003"},"modified":"2022-04-08T13:21:48","modified_gmt":"2022-04-08T20:21:48","slug":"ponen-en-marcha-operativo-de-semana-santa-2022","status":"publish","type":"post","link":"https:\/\/fuentesfidedignas.com.mx\/index.php\/2022\/04\/08\/ponen-en-marcha-operativo-de-semana-santa-2022\/","title":{"rendered":"Ponen en marcha Operativo de Semana Santa 2022"},"content":{"rendered":"\n<p><strong><em>Los aforos de los destinos de paseo ser\u00e1n al 100 por ciento<\/em><\/strong><\/p>\n\n\n\n<p>Culiac\u00e1n, Sin. Desde la playa de Bellavista, en el municipio de Guasave, el gobernador Rub\u00e9n Rocha Moya puso en marcha el Operativo de Seguridad y Protecci\u00f3n Civil por Semana Santa 2022, en el cual participar\u00e1n m\u00e1s de 10 mil elementos de las distintas corporaciones de seguridad p\u00fablica, Protecci\u00f3n Civil, organizaciones civiles de socorro como Cruz Roja y Bomberos, adem\u00e1s de la colaboraci\u00f3n del Ej\u00e9rcito Mexicano, Marina Armada de M\u00e9xico y Guardia Nacional, para dar protecci\u00f3n, asistencia y auxilio a los dos millones de visitantes que se estima acudan a los diferentes puntos de recreaci\u00f3n que hay en el estado, como playas, r\u00edos, balnearios y centros ceremoniales.<\/p>\n\n\n\n<p>El gobernador Rocha destac\u00f3 que los aforos a estos destinos de paseo ser\u00e1n al 100 por ciento, es decir, que no habr\u00e1 limitaciones para su ingreso, y en cuanto al uso del cubrebocas explic\u00f3 que ser\u00e1 opcional en los espacios abiertos y al aire libre, como las playas, pero en los lugares cerrados, como restaurantes por ejemplo, s\u00ed deber\u00e1n portarse, como medida para evitar contagios del COVID-19.<\/p>\n\n\n\n<p>Al referirse a la pandemia que ya cumpli\u00f3 dos a\u00f1os y que oblig\u00f3 a la implementaci\u00f3n de medidas restrictivas y cierre de playas, celebr\u00f3 que ya se est\u00e9 empezando a dejar atr\u00e1s estas restricciones, y un ejemplo es restablecer los aforos al 100 por ciento en las playas, pero de cualquier manera reiter\u00f3 el llamado a la poblaci\u00f3n a seguirse cuidando, guardar sana distancia y mantener las medidas de higiene.<\/p>\n\n\n\n<p>\u201cUstedes van a poder aprovechar sus playas, luego de dos a\u00f1os de no poder hacerlo por la pandemia\u201d, dijo.<\/p>\n\n\n\n<figure class=\"wp-block-image size-full\"><img decoding=\"async\" width=\"1024\" height=\"682\" src=\"https:\/\/fuentesfidedignas.com.mx\/wp-content\/uploads\/2022\/04\/IMG-20220408-WA0041.jpg\" alt=\"\" class=\"wp-image-28004\"\/><\/figure>\n\n\n\n<p>El mandatario estatal agradeci\u00f3 la participaci\u00f3n voluntaria de los cuerpos de auxilio de Cruz Roja y Bomberos en este operativo de Semana Santa, como todos los a\u00f1os lo hacen, y en reciprocidad dijo que su gobierno continuar\u00e1 apoyando a estas organizaciones no gubernamentales para que puedan seguir brindando sus labores de auxilio a la poblaci\u00f3n.<\/p>\n\n\n\n<p>La bienvenida estuvo a cargo del presidente municipal de Guasave, Mart\u00edn Ahumada Quintero, y en respuesta a las peticiones que le hizo durante su mensaje, el gobernador Rocha dio a conocer que de manera inmediata se cumplir\u00e1 con la principal demanda de la playa de Bellavista, como es la introducci\u00f3n del servicio de agua potable, del cual carece, y para ello, se ampliar\u00e1 la capacidad de la planta potabilizadora m\u00e1s cercana, ubicada en La Brecha, para traer el agua entubada hasta este destino tur\u00edstico.<\/p>\n\n\n\n<p>De la misma manera, el mandatario dio respuesta a otra petici\u00f3n, referente a la electrificaci\u00f3n de una parte faltante, para que Bellavista cuente con los dos servicios b\u00e1sicos m\u00e1s elementales, como son el agua y la luz.<\/p>\n\n\n\n<p>Otra de las peticiones del alcalde fue la construcci\u00f3n de un puente sobre la boca del r\u00edo, para conectar ambas riberas, y al respecto, se comprometi\u00f3 a incluir este proyecto para el siguiente presupuesto estatal, a fin de iniciar con la obra el pr\u00f3ximo a\u00f1o. Lo mismo ser\u00e1 con la conclusi\u00f3n de la carretera, ya que faltan alrededor de dos kil\u00f3metros para que la carpeta asf\u00e1ltica llegue hasta la entrada de la comunidad, frente a la playa.<\/p>\n\n\n\n<figure class=\"wp-block-image size-full\"><img decoding=\"async\" width=\"1024\" height=\"682\" src=\"https:\/\/fuentesfidedignas.com.mx\/wp-content\/uploads\/2022\/04\/IMG-20220408-WA0045.jpg\" alt=\"\" class=\"wp-image-28005\"\/><\/figure>\n\n\n\n<p>En este mismo sentido, adelant\u00f3 que tambi\u00e9n se concluir\u00e1 con la ampliaci\u00f3n a la carretera a Las Glorias, en este mismo municipio de Guasave, donde quedaron pendientes los \u00faltimos cinco kil\u00f3metros.<\/p>\n\n\n\n<p>Durante su mensaje, el gobernador Rocha coment\u00f3 que previo al inicio de este Operativo de Semana Santa, dio instrucciones al secretario de Obras P\u00fablicas, Jos\u00e9 Luis Zavala Cabanillas, para reparar y rehabilitar todas las carreteras y accesos a los destinos de playa, en todos los municipios, y en total se modernizaron un total de mil 16 kil\u00f3metros, con una inversi\u00f3n de casi 26 millones de pesos, pues se realizaron trabajos de bacheo y reencarpetado, pintura y se\u00f1alizaci\u00f3n, a fin de brindar seguridad a los automovilistas.<\/p>\n\n\n\n<p>A su vez, el secretario de Seguridad P\u00fablica, Crist\u00f3bal Casta\u00f1eda Camarillo, explic\u00f3 que en el Operativo de Seguridad y Protecci\u00f3n Civil por Semana Santa 2022 participar\u00e1n 10 mil elementos, mil 500 veh\u00edculos, 71 ambulancias, un helic\u00f3ptero, 33 gr\u00faas, 33 veh\u00edculos acu\u00e1ticos (jetsky y lanchas), mientras que la Secretar\u00eda de Marina dispondr\u00e1 de una lancha r\u00e1pida interceptora en la bah\u00eda de Altata.<\/p>\n\n\n\n<p>Este cuerpo de auxilio y protecci\u00f3n estar\u00e1 desplegado en 58 playas, 49 puntos de recreo en r\u00edos, 60 balnearios, 11 centros ceremoniales, cuatro Pueblos M\u00e1gicos y tres Pueblos Se\u00f1oriales.<\/p>\n\n\n\n<p>A este evento de inicio de operativo, tambi\u00e9n asistieron el comandante de la Tercera Regi\u00f3n Militar, general Enrique Dena Salgado; el comandante de la Novena Zona Militar, general H\u00e9ctor \u00c1vila Alcocer; el coordinador estatal de la Guardia Nacional, teniente coronel Ramiro Ram\u00edrez; el representante de la Marina, el capit\u00e1n Hegor Mart\u00ednez Hern\u00e1ndez; la fiscal general del Estado, Sara Bruna Qui\u00f1ones Estrada; el delegado de la Cruz Roja Sinaloa, Carlos Block Artola; y los presidentes municipales de Salvador Alvarado, Ahome, Mocorito, Badiraguato, Angostura y Sinaloa.<\/p>\n\n\n\n<p>Por parte del Gobierno del Estado, adem\u00e1s del secretario Caste\u00f1eda que hizo la explicaci\u00f3n del operativo, el secretario general de Gobierno, Enrique Inzunza C\u00e1zarez; la secretaria de Turismo, Rosario Torres Noriega; el secretario de Obras P\u00fablicas, Jos\u00e9 Luis Zavala Cabanillas; y el director de Protecci\u00f3n Civil, H\u00e9ctor F\u00e9lix Carrillo.<\/p>\n","protected":false},"excerpt":{"rendered":"<p>Los aforos de los destinos de paseo ser\u00e1n al 100 por ciento Culiac\u00e1n, Sin. Desde la playa de Bellavista, en el municipio de Guasave, el gobernador Rub\u00e9n Rocha Moya puso en marcha el Operativo de Seguridad y Protecci\u00f3n Civil por Semana Santa 2022, en el cual participar\u00e1n m\u00e1s de 10 mil elementos de las distintas [&hellip;]<\/p>\n","protected":false},"author":4,"featured_media":28007,"comment_status":"open","ping_status":"open","sticky":false,"template":"","format":"standard","meta":{"tdm_status":"","tdm_grid_status":"","footnotes":""},"categories":[37],"tags":[],"class_list":{"0":"post-28003","1":"post","2":"type-post","3":"status-publish","4":"format-standard","5":"has-post-thumbnail","7":"category-nota-principal"},"yoast_head":"<!-- This site is optimized with the Yoast SEO plugin v27.5 - https:\/\/yoast.com\/product\/yoast-seo-wordpress\/ -->\n<title>Ponen en marcha Operativo de Semana Santa 2022 - Fuentes Fidedignas<\/title>\n<meta name=\"robots\" content=\"index, follow, max-snippet:-1, max-image-preview:large, max-video-preview:-1\" \/>\n<link rel=\"canonical\" href=\"https:\/\/fuentesfidedignas.com.mx\/index.php\/2022\/04\/08\/ponen-en-marcha-operativo-de-semana-santa-2022\/\" \/>\n<meta property=\"og:locale\" content=\"es_MX\" \/>\n<meta property=\"og:type\" content=\"article\" \/>\n<meta property=\"og:title\" content=\"Ponen en marcha Operativo de Semana Santa 2022 - Fuentes Fidedignas\" \/>\n<meta property=\"og:description\" content=\"Los aforos de los destinos de paseo ser\u00e1n al 100 por ciento Culiac\u00e1n, Sin. Desde la playa de Bellavista, en el municipio de Guasave, el gobernador Rub\u00e9n Rocha Moya puso en marcha el Operativo de Seguridad y Protecci\u00f3n Civil por Semana Santa 2022, en el cual participar\u00e1n m\u00e1s de 10 mil elementos de las distintas [&hellip;]\" \/>\n<meta property=\"og:url\" content=\"https:\/\/fuentesfidedignas.com.mx\/index.php\/2022\/04\/08\/ponen-en-marcha-operativo-de-semana-santa-2022\/\" \/>\n<meta property=\"og:site_name\" content=\"Fuentes Fidedignas\" \/>\n<meta property=\"article:publisher\" content=\"https:\/\/www.facebook.com\/Fuentes-Fidedignas-368234489921644\" \/>\n<meta property=\"article:published_time\" content=\"2022-04-08T20:21:15+00:00\" \/>\n<meta property=\"article:modified_time\" content=\"2022-04-08T20:21:48+00:00\" \/>\n<meta property=\"og:image\" content=\"https:\/\/fuentesfidedignas.com.mx\/wp-content\/uploads\/2022\/04\/IMG-20220408-WA0042.jpg\" \/>\n\t<meta property=\"og:image:width\" content=\"1024\" \/>\n\t<meta property=\"og:image:height\" content=\"682\" \/>\n\t<meta property=\"og:image:type\" content=\"image\/jpeg\" \/>\n<meta name=\"author\" content=\"Redacci\u00f3n\" \/>\n<meta name=\"twitter:card\" content=\"summary_large_image\" \/>\n<meta name=\"twitter:creator\" content=\"@fidedignas\" \/>\n<meta name=\"twitter:site\" content=\"@fidedignas\" \/>\n<meta name=\"twitter:label1\" content=\"Escrito por\" \/>\n\t<meta name=\"twitter:data1\" content=\"Redacci\u00f3n\" \/>\n\t<meta name=\"twitter:label2\" content=\"Tiempo de lectura\" \/>\n\t<meta name=\"twitter:data2\" content=\"5 minutos\" \/>\n<script type=\"application\/ld+json\" class=\"yoast-schema-graph\">{\"@context\":\"https:\\\/\\\/schema.org\",\"@graph\":[{\"@type\":\"Article\",\"@id\":\"https:\\\/\\\/fuentesfidedignas.com.mx\\\/index.php\\\/2022\\\/04\\\/08\\\/ponen-en-marcha-operativo-de-semana-santa-2022\\\/#article\",\"isPartOf\":{\"@id\":\"https:\\\/\\\/fuentesfidedignas.com.mx\\\/index.php\\\/2022\\\/04\\\/08\\\/ponen-en-marcha-operativo-de-semana-santa-2022\\\/\"},\"author\":{\"name\":\"Redacci\u00f3n\",\"@id\":\"https:\\\/\\\/fuentesfidedignas.com.mx\\\/#\\\/schema\\\/person\\\/331be9283d37198e2acd5750279085b0\"},\"headline\":\"Ponen en marcha Operativo de Semana Santa 2022\",\"datePublished\":\"2022-04-08T20:21:15+00:00\",\"dateModified\":\"2022-04-08T20:21:48+00:00\",\"mainEntityOfPage\":{\"@id\":\"https:\\\/\\\/fuentesfidedignas.com.mx\\\/index.php\\\/2022\\\/04\\\/08\\\/ponen-en-marcha-operativo-de-semana-santa-2022\\\/\"},\"wordCount\":937,\"commentCount\":0,\"publisher\":{\"@id\":\"https:\\\/\\\/fuentesfidedignas.com.mx\\\/#organization\"},\"image\":{\"@id\":\"https:\\\/\\\/fuentesfidedignas.com.mx\\\/index.php\\\/2022\\\/04\\\/08\\\/ponen-en-marcha-operativo-de-semana-santa-2022\\\/#primaryimage\"},\"thumbnailUrl\":\"https:\\\/\\\/fuentesfidedignas.com.mx\\\/wp-content\\\/uploads\\\/2022\\\/04\\\/IMG-20220408-WA0042.jpg\",\"articleSection\":[\"NOTA PRINCIPAL\"],\"inLanguage\":\"es\",\"potentialAction\":[{\"@type\":\"CommentAction\",\"name\":\"Comment\",\"target\":[\"https:\\\/\\\/fuentesfidedignas.com.mx\\\/index.php\\\/2022\\\/04\\\/08\\\/ponen-en-marcha-operativo-de-semana-santa-2022\\\/#respond\"]}]},{\"@type\":\"WebPage\",\"@id\":\"https:\\\/\\\/fuentesfidedignas.com.mx\\\/index.php\\\/2022\\\/04\\\/08\\\/ponen-en-marcha-operativo-de-semana-santa-2022\\\/\",\"url\":\"https:\\\/\\\/fuentesfidedignas.com.mx\\\/index.php\\\/2022\\\/04\\\/08\\\/ponen-en-marcha-operativo-de-semana-santa-2022\\\/\",\"name\":\"Ponen en marcha Operativo de Semana Santa 2022 - Fuentes Fidedignas\",\"isPartOf\":{\"@id\":\"https:\\\/\\\/fuentesfidedignas.com.mx\\\/#website\"},\"primaryImageOfPage\":{\"@id\":\"https:\\\/\\\/fuentesfidedignas.com.mx\\\/index.php\\\/2022\\\/04\\\/08\\\/ponen-en-marcha-operativo-de-semana-santa-2022\\\/#primaryimage\"},\"image\":{\"@id\":\"https:\\\/\\\/fuentesfidedignas.com.mx\\\/index.php\\\/2022\\\/04\\\/08\\\/ponen-en-marcha-operativo-de-semana-santa-2022\\\/#primaryimage\"},\"thumbnailUrl\":\"https:\\\/\\\/fuentesfidedignas.com.mx\\\/wp-content\\\/uploads\\\/2022\\\/04\\\/IMG-20220408-WA0042.jpg\",\"datePublished\":\"2022-04-08T20:21:15+00:00\",\"dateModified\":\"2022-04-08T20:21:48+00:00\",\"breadcrumb\":{\"@id\":\"https:\\\/\\\/fuentesfidedignas.com.mx\\\/index.php\\\/2022\\\/04\\\/08\\\/ponen-en-marcha-operativo-de-semana-santa-2022\\\/#breadcrumb\"},\"inLanguage\":\"es\",\"potentialAction\":[{\"@type\":\"ReadAction\",\"target\":[\"https:\\\/\\\/fuentesfidedignas.com.mx\\\/index.php\\\/2022\\\/04\\\/08\\\/ponen-en-marcha-operativo-de-semana-santa-2022\\\/\"]}]},{\"@type\":\"ImageObject\",\"inLanguage\":\"es\",\"@id\":\"https:\\\/\\\/fuentesfidedignas.com.mx\\\/index.php\\\/2022\\\/04\\\/08\\\/ponen-en-marcha-operativo-de-semana-santa-2022\\\/#primaryimage\",\"url\":\"https:\\\/\\\/fuentesfidedignas.com.mx\\\/wp-content\\\/uploads\\\/2022\\\/04\\\/IMG-20220408-WA0042.jpg\",\"contentUrl\":\"https:\\\/\\\/fuentesfidedignas.com.mx\\\/wp-content\\\/uploads\\\/2022\\\/04\\\/IMG-20220408-WA0042.jpg\",\"width\":1024,\"height\":682},{\"@type\":\"BreadcrumbList\",\"@id\":\"https:\\\/\\\/fuentesfidedignas.com.mx\\\/index.php\\\/2022\\\/04\\\/08\\\/ponen-en-marcha-operativo-de-semana-santa-2022\\\/#breadcrumb\",\"itemListElement\":[{\"@type\":\"ListItem\",\"position\":1,\"name\":\"Inicio\",\"item\":\"https:\\\/\\\/fuentesfidedignas.com.mx\\\/\"},{\"@type\":\"ListItem\",\"position\":2,\"name\":\"Ponen en marcha Operativo de Semana Santa 2022\"}]},{\"@type\":\"WebSite\",\"@id\":\"https:\\\/\\\/fuentesfidedignas.com.mx\\\/#website\",\"url\":\"https:\\\/\\\/fuentesfidedignas.com.mx\\\/\",\"name\":\"Fuentes Fidedignas\",\"description\":\"Otro sitio realizado con WordPress\",\"publisher\":{\"@id\":\"https:\\\/\\\/fuentesfidedignas.com.mx\\\/#organization\"},\"potentialAction\":[{\"@type\":\"SearchAction\",\"target\":{\"@type\":\"EntryPoint\",\"urlTemplate\":\"https:\\\/\\\/fuentesfidedignas.com.mx\\\/?s={search_term_string}\"},\"query-input\":{\"@type\":\"PropertyValueSpecification\",\"valueRequired\":true,\"valueName\":\"search_term_string\"}}],\"inLanguage\":\"es\"},{\"@type\":\"Organization\",\"@id\":\"https:\\\/\\\/fuentesfidedignas.com.mx\\\/#organization\",\"name\":\"Fuentes Fidedignas\",\"url\":\"https:\\\/\\\/fuentesfidedignas.com.mx\\\/\",\"logo\":{\"@type\":\"ImageObject\",\"inLanguage\":\"es\",\"@id\":\"https:\\\/\\\/fuentesfidedignas.com.mx\\\/#\\\/schema\\\/logo\\\/image\\\/\",\"url\":\"https:\\\/\\\/fuentesfidedignas.com.mx\\\/wp-content\\\/uploads\\\/2021\\\/04\\\/logo-retina.png\",\"contentUrl\":\"https:\\\/\\\/fuentesfidedignas.com.mx\\\/wp-content\\\/uploads\\\/2021\\\/04\\\/logo-retina.png\",\"width\":280,\"height\":51,\"caption\":\"Fuentes Fidedignas\"},\"image\":{\"@id\":\"https:\\\/\\\/fuentesfidedignas.com.mx\\\/#\\\/schema\\\/logo\\\/image\\\/\"},\"sameAs\":[\"https:\\\/\\\/www.facebook.com\\\/Fuentes-Fidedignas-368234489921644\",\"https:\\\/\\\/x.com\\\/fidedignas\"]},{\"@type\":\"Person\",\"@id\":\"https:\\\/\\\/fuentesfidedignas.com.mx\\\/#\\\/schema\\\/person\\\/331be9283d37198e2acd5750279085b0\",\"name\":\"Redacci\u00f3n\",\"image\":{\"@type\":\"ImageObject\",\"inLanguage\":\"es\",\"@id\":\"https:\\\/\\\/secure.gravatar.com\\\/avatar\\\/f6d8782c11d12b2d4ad3fbb6931aeab5309937a4d6cd2fc9cfaa28a6396a5aec?s=96&d=mm&r=g\",\"url\":\"https:\\\/\\\/secure.gravatar.com\\\/avatar\\\/f6d8782c11d12b2d4ad3fbb6931aeab5309937a4d6cd2fc9cfaa28a6396a5aec?s=96&d=mm&r=g\",\"contentUrl\":\"https:\\\/\\\/secure.gravatar.com\\\/avatar\\\/f6d8782c11d12b2d4ad3fbb6931aeab5309937a4d6cd2fc9cfaa28a6396a5aec?s=96&d=mm&r=g\",\"caption\":\"Redacci\u00f3n\"},\"url\":\"https:\\\/\\\/fuentesfidedignas.com.mx\\\/index.php\\\/author\\\/redaccion\\\/\"}]}<\/script>\n<!-- \/ Yoast SEO plugin. -->","yoast_head_json":{"title":"Ponen en marcha Operativo de Semana Santa 2022 - Fuentes Fidedignas","robots":{"index":"index","follow":"follow","max-snippet":"max-snippet:-1","max-image-preview":"max-image-preview:large","max-video-preview":"max-video-preview:-1"},"canonical":"https:\/\/fuentesfidedignas.com.mx\/index.php\/2022\/04\/08\/ponen-en-marcha-operativo-de-semana-santa-2022\/","og_locale":"es_MX","og_type":"article","og_title":"Ponen en marcha Operativo de Semana Santa 2022 - Fuentes Fidedignas","og_description":"Los aforos de los destinos de paseo ser\u00e1n al 100 por ciento Culiac\u00e1n, Sin. Desde la playa de Bellavista, en el municipio de Guasave, el gobernador Rub\u00e9n Rocha Moya puso en marcha el Operativo de Seguridad y Protecci\u00f3n Civil por Semana Santa 2022, en el cual participar\u00e1n m\u00e1s de 10 mil elementos de las distintas [&hellip;]","og_url":"https:\/\/fuentesfidedignas.com.mx\/index.php\/2022\/04\/08\/ponen-en-marcha-operativo-de-semana-santa-2022\/","og_site_name":"Fuentes Fidedignas","article_publisher":"https:\/\/www.facebook.com\/Fuentes-Fidedignas-368234489921644","article_published_time":"2022-04-08T20:21:15+00:00","article_modified_time":"2022-04-08T20:21:48+00:00","og_image":[{"width":1024,"height":682,"url":"https:\/\/fuentesfidedignas.com.mx\/wp-content\/uploads\/2022\/04\/IMG-20220408-WA0042.jpg","type":"image\/jpeg"}],"author":"Redacci\u00f3n","twitter_card":"summary_large_image","twitter_creator":"@fidedignas","twitter_site":"@fidedignas","twitter_misc":{"Escrito por":"Redacci\u00f3n","Tiempo de lectura":"5 minutos"},"schema":{"@context":"https:\/\/schema.org","@graph":[{"@type":"Article","@id":"https:\/\/fuentesfidedignas.com.mx\/index.php\/2022\/04\/08\/ponen-en-marcha-operativo-de-semana-santa-2022\/#article","isPartOf":{"@id":"https:\/\/fuentesfidedignas.com.mx\/index.php\/2022\/04\/08\/ponen-en-marcha-operativo-de-semana-santa-2022\/"},"author":{"name":"Redacci\u00f3n","@id":"https:\/\/fuentesfidedignas.com.mx\/#\/schema\/person\/331be9283d37198e2acd5750279085b0"},"headline":"Ponen en marcha Operativo de Semana Santa 2022","datePublished":"2022-04-08T20:21:15+00:00","dateModified":"2022-04-08T20:21:48+00:00","mainEntityOfPage":{"@id":"https:\/\/fuentesfidedignas.com.mx\/index.php\/2022\/04\/08\/ponen-en-marcha-operativo-de-semana-santa-2022\/"},"wordCount":937,"commentCount":0,"publisher":{"@id":"https:\/\/fuentesfidedignas.com.mx\/#organization"},"image":{"@id":"https:\/\/fuentesfidedignas.com.mx\/index.php\/2022\/04\/08\/ponen-en-marcha-operativo-de-semana-santa-2022\/#primaryimage"},"thumbnailUrl":"https:\/\/fuentesfidedignas.com.mx\/wp-content\/uploads\/2022\/04\/IMG-20220408-WA0042.jpg","articleSection":["NOTA PRINCIPAL"],"inLanguage":"es","potentialAction":[{"@type":"CommentAction","name":"Comment","target":["https:\/\/fuentesfidedignas.com.mx\/index.php\/2022\/04\/08\/ponen-en-marcha-operativo-de-semana-santa-2022\/#respond"]}]},{"@type":"WebPage","@id":"https:\/\/fuentesfidedignas.com.mx\/index.php\/2022\/04\/08\/ponen-en-marcha-operativo-de-semana-santa-2022\/","url":"https:\/\/fuentesfidedignas.com.mx\/index.php\/2022\/04\/08\/ponen-en-marcha-operativo-de-semana-santa-2022\/","name":"Ponen en marcha Operativo de Semana Santa 2022 - Fuentes Fidedignas","isPartOf":{"@id":"https:\/\/fuentesfidedignas.com.mx\/#website"},"primaryImageOfPage":{"@id":"https:\/\/fuentesfidedignas.com.mx\/index.php\/2022\/04\/08\/ponen-en-marcha-operativo-de-semana-santa-2022\/#primaryimage"},"image":{"@id":"https:\/\/fuentesfidedignas.com.mx\/index.php\/2022\/04\/08\/ponen-en-marcha-operativo-de-semana-santa-2022\/#primaryimage"},"thumbnailUrl":"https:\/\/fuentesfidedignas.com.mx\/wp-content\/uploads\/2022\/04\/IMG-20220408-WA0042.jpg","datePublished":"2022-04-08T20:21:15+00:00","dateModified":"2022-04-08T20:21:48+00:00","breadcrumb":{"@id":"https:\/\/fuentesfidedignas.com.mx\/index.php\/2022\/04\/08\/ponen-en-marcha-operativo-de-semana-santa-2022\/#breadcrumb"},"inLanguage":"es","potentialAction":[{"@type":"ReadAction","target":["https:\/\/fuentesfidedignas.com.mx\/index.php\/2022\/04\/08\/ponen-en-marcha-operativo-de-semana-santa-2022\/"]}]},{"@type":"ImageObject","inLanguage":"es","@id":"https:\/\/fuentesfidedignas.com.mx\/index.php\/2022\/04\/08\/ponen-en-marcha-operativo-de-semana-santa-2022\/#primaryimage","url":"https:\/\/fuentesfidedignas.com.mx\/wp-content\/uploads\/2022\/04\/IMG-20220408-WA0042.jpg","contentUrl":"https:\/\/fuentesfidedignas.com.mx\/wp-content\/uploads\/2022\/04\/IMG-20220408-WA0042.jpg","width":1024,"height":682},{"@type":"BreadcrumbList","@id":"https:\/\/fuentesfidedignas.com.mx\/index.php\/2022\/04\/08\/ponen-en-marcha-operativo-de-semana-santa-2022\/#breadcrumb","itemListElement":[{"@type":"ListItem","position":1,"name":"Inicio","item":"https:\/\/fuentesfidedignas.com.mx\/"},{"@type":"ListItem","position":2,"name":"Ponen en marcha Operativo de Semana Santa 2022"}]},{"@type":"WebSite","@id":"https:\/\/fuentesfidedignas.com.mx\/#website","url":"https:\/\/fuentesfidedignas.com.mx\/","name":"Fuentes Fidedignas","description":"Otro sitio realizado con WordPress","publisher":{"@id":"https:\/\/fuentesfidedignas.com.mx\/#organization"},"potentialAction":[{"@type":"SearchAction","target":{"@type":"EntryPoint","urlTemplate":"https:\/\/fuentesfidedignas.com.mx\/?s={search_term_string}"},"query-input":{"@type":"PropertyValueSpecification","valueRequired":true,"valueName":"search_term_string"}}],"inLanguage":"es"},{"@type":"Organization","@id":"https:\/\/fuentesfidedignas.com.mx\/#organization","name":"Fuentes Fidedignas","url":"https:\/\/fuentesfidedignas.com.mx\/","logo":{"@type":"ImageObject","inLanguage":"es","@id":"https:\/\/fuentesfidedignas.com.mx\/#\/schema\/logo\/image\/","url":"https:\/\/fuentesfidedignas.com.mx\/wp-content\/uploads\/2021\/04\/logo-retina.png","contentUrl":"https:\/\/fuentesfidedignas.com.mx\/wp-content\/uploads\/2021\/04\/logo-retina.png","width":280,"height":51,"caption":"Fuentes Fidedignas"},"image":{"@id":"https:\/\/fuentesfidedignas.com.mx\/#\/schema\/logo\/image\/"},"sameAs":["https:\/\/www.facebook.com\/Fuentes-Fidedignas-368234489921644","https:\/\/x.com\/fidedignas"]},{"@type":"Person","@id":"https:\/\/fuentesfidedignas.com.mx\/#\/schema\/person\/331be9283d37198e2acd5750279085b0","name":"Redacci\u00f3n","image":{"@type":"ImageObject","inLanguage":"es","@id":"https:\/\/secure.gravatar.com\/avatar\/f6d8782c11d12b2d4ad3fbb6931aeab5309937a4d6cd2fc9cfaa28a6396a5aec?s=96&d=mm&r=g","url":"https:\/\/secure.gravatar.com\/avatar\/f6d8782c11d12b2d4ad3fbb6931aeab5309937a4d6cd2fc9cfaa28a6396a5aec?s=96&d=mm&r=g","contentUrl":"https:\/\/secure.gravatar.com\/avatar\/f6d8782c11d12b2d4ad3fbb6931aeab5309937a4d6cd2fc9cfaa28a6396a5aec?s=96&d=mm&r=g","caption":"Redacci\u00f3n"},"url":"https:\/\/fuentesfidedignas.com.mx\/index.php\/author\/redaccion\/"}]}},"_links":{"self":[{"href":"https:\/\/fuentesfidedignas.com.mx\/index.php\/wp-json\/wp\/v2\/posts\/28003","targetHints":{"allow":["GET"]}}],"collection":[{"href":"https:\/\/fuentesfidedignas.com.mx\/index.php\/wp-json\/wp\/v2\/posts"}],"about":[{"href":"https:\/\/fuentesfidedignas.com.mx\/index.php\/wp-json\/wp\/v2\/types\/post"}],"author":[{"embeddable":true,"href":"https:\/\/fuentesfidedignas.com.mx\/index.php\/wp-json\/wp\/v2\/users\/4"}],"replies":[{"embeddable":true,"href":"https:\/\/fuentesfidedignas.com.mx\/index.php\/wp-json\/wp\/v2\/comments?post=28003"}],"version-history":[{"count":1,"href":"https:\/\/fuentesfidedignas.com.mx\/index.php\/wp-json\/wp\/v2\/posts\/28003\/revisions"}],"predecessor-version":[{"id":28006,"href":"https:\/\/fuentesfidedignas.com.mx\/index.php\/wp-json\/wp\/v2\/posts\/28003\/revisions\/28006"}],"wp:featuredmedia":[{"embeddable":true,"href":"https:\/\/fuentesfidedignas.com.mx\/index.php\/wp-json\/wp\/v2\/media\/28007"}],"wp:attachment":[{"href":"https:\/\/fuentesfidedignas.com.mx\/index.php\/wp-json\/wp\/v2\/media?parent=28003"}],"wp:term":[{"taxonomy":"category","embeddable":true,"href":"https:\/\/fuentesfidedignas.com.mx\/index.php\/wp-json\/wp\/v2\/categories?post=28003"},{"taxonomy":"post_tag","embeddable":true,"href":"https:\/\/fuentesfidedignas.com.mx\/index.php\/wp-json\/wp\/v2\/tags?post=28003"}],"curies":[{"name":"wp","href":"https:\/\/api.w.org\/{rel}","templated":true}]}}