{"id":2795,"date":"2021-05-22T09:34:15","date_gmt":"2021-05-22T16:34:15","guid":{"rendered":"https:\/\/fuentesfidedignas.com.mx\/?p=2795"},"modified":"2021-05-22T09:34:17","modified_gmt":"2021-05-22T16:34:17","slug":"llegan-122-mil-vacunas-de-sinovac-para-culiacan-y-mazatlan","status":"publish","type":"post","link":"https:\/\/fuentesfidedignas.com.mx\/index.php\/2021\/05\/22\/llegan-122-mil-vacunas-de-sinovac-para-culiacan-y-mazatlan\/","title":{"rendered":"Llegan 122 mil vacunas de Sinovac para Culiac\u00e1n y Mazatl\u00e1n"},"content":{"rendered":"\n<p><em><strong>La din\u00e1mica de vacunaci\u00f3n iniciar\u00e1 este lunes 24 por medio de macrocentros y bajo la din\u00e1mica de apellidos.<\/strong><\/em><\/p>\n\n\n\n<p>Culiac\u00e1n, Sin.- Continuando con la Jornada de Vacunaci\u00f3n Covid-19 arribaron al Estado 122 mil 900 dosis de la farmac\u00e9utica Sinovac para ser aplicadas en adultos mayores de 50 a\u00f1os.<\/p>\n\n\n\n<p>El vocero del Comando Estatal de Vacunaci\u00f3n, Dr. Efr\u00e9n Encinas Torres explic\u00f3 que se gestion\u00f3 la vacunaci\u00f3n de este sector de la sociedad para bajar m\u00e1s los contagios en el Estado, ya que son los dos municipios con mayor movilidad urbana.<\/p>\n\n\n\n<p>Las dosis que arribaron v\u00eda terrestre fueron distribuidas de la siguiente manera: 79 mil 254 para Culiac\u00e1n y 43 mil 646 para Mazatl\u00e1n.<\/p>\n\n\n\n<p>Esta vacuna iniciar\u00e1 su aplicaci\u00f3n a partir del pr\u00f3ximo lunes bajo la din\u00e1mica de d\u00edas por primera letra del apellido paterno de la poblaci\u00f3n.<\/p>\n\n\n\n<p>Adem\u00e1s de los mayores de 50, en esta etapa tambi\u00e9n se vacunar\u00e1n mujeres embarazadas que est\u00e9n registradas en plataforma y tengan m\u00e1s de 9 semanas de gestaci\u00f3n y sean mayores de 18 a\u00f1os.<\/p>\n\n\n\n<p>El tambi\u00e9n Secretario de Salud del Estado insisti\u00f3 en que la vacuna es una herramienta m\u00e1s para contener esta pandemia, sin embargo, no suple al lavado de manos, uso de cubrebocas y sana distancia.<\/p>\n\n\n\n<p>Presentes estuvieron en el arribo de vacuna de este s\u00e1bado el Dr. Gerardo Alapizco Castro, Secretario General de la UAS as\u00ed como el Delegado del IMSS en Sinaloa, Dr. Luis Rafael L\u00f3pez Oca\u00f1a mientras que por las fuerzas armadas particip\u00f3 el Teniente Coronel Jes\u00fas Mart\u00ednez.<\/p>\n","protected":false},"excerpt":{"rendered":"<p>La din\u00e1mica de vacunaci\u00f3n iniciar\u00e1 este lunes 24 por medio de macrocentros y bajo la din\u00e1mica de apellidos. Culiac\u00e1n, Sin.- Continuando con la Jornada de Vacunaci\u00f3n Covid-19 arribaron al Estado 122 mil 900 dosis de la farmac\u00e9utica Sinovac para ser aplicadas en adultos mayores de 50 a\u00f1os. El vocero del Comando Estatal de Vacunaci\u00f3n, Dr. [&hellip;]<\/p>\n","protected":false},"author":4,"featured_media":2796,"comment_status":"open","ping_status":"open","sticky":false,"template":"","format":"standard","meta":{"tdm_status":"","tdm_grid_status":"","footnotes":""},"categories":[37],"tags":[331,49,407],"class_list":{"0":"post-2795","1":"post","2":"type-post","3":"status-publish","4":"format-standard","5":"has-post-thumbnail","7":"category-nota-principal","8":"tag-centro-de-vacunacion-covid","9":"tag-sinaloa","10":"tag-vacuna-anticovid"},"yoast_head":"<!-- This site is optimized with the Yoast SEO plugin v27.5 - https:\/\/yoast.com\/product\/yoast-seo-wordpress\/ -->\n<title>Llegan 122 mil vacunas de Sinovac para Culiac\u00e1n y Mazatl\u00e1n - Fuentes Fidedignas<\/title>\n<meta name=\"robots\" content=\"index, follow, max-snippet:-1, max-image-preview:large, max-video-preview:-1\" \/>\n<link rel=\"canonical\" href=\"https:\/\/fuentesfidedignas.com.mx\/index.php\/2021\/05\/22\/llegan-122-mil-vacunas-de-sinovac-para-culiacan-y-mazatlan\/\" \/>\n<meta property=\"og:locale\" content=\"es_MX\" \/>\n<meta property=\"og:type\" content=\"article\" \/>\n<meta property=\"og:title\" content=\"Llegan 122 mil vacunas de Sinovac para Culiac\u00e1n y Mazatl\u00e1n - Fuentes Fidedignas\" \/>\n<meta property=\"og:description\" content=\"La din\u00e1mica de vacunaci\u00f3n iniciar\u00e1 este lunes 24 por medio de macrocentros y bajo la din\u00e1mica de apellidos. Culiac\u00e1n, Sin.- Continuando con la Jornada de Vacunaci\u00f3n Covid-19 arribaron al Estado 122 mil 900 dosis de la farmac\u00e9utica Sinovac para ser aplicadas en adultos mayores de 50 a\u00f1os. El vocero del Comando Estatal de Vacunaci\u00f3n, Dr. [&hellip;]\" \/>\n<meta property=\"og:url\" content=\"https:\/\/fuentesfidedignas.com.mx\/index.php\/2021\/05\/22\/llegan-122-mil-vacunas-de-sinovac-para-culiacan-y-mazatlan\/\" \/>\n<meta property=\"og:site_name\" content=\"Fuentes Fidedignas\" \/>\n<meta property=\"article:publisher\" content=\"https:\/\/www.facebook.com\/Fuentes-Fidedignas-368234489921644\" \/>\n<meta property=\"article:published_time\" content=\"2021-05-22T16:34:15+00:00\" \/>\n<meta property=\"article:modified_time\" content=\"2021-05-22T16:34:17+00:00\" \/>\n<meta property=\"og:image\" content=\"https:\/\/fuentesfidedignas.com.mx\/wp-content\/uploads\/2021\/05\/IMG-20210522-WA0011.jpg\" \/>\n\t<meta property=\"og:image:width\" content=\"1600\" \/>\n\t<meta property=\"og:image:height\" content=\"901\" \/>\n\t<meta property=\"og:image:type\" content=\"image\/jpeg\" \/>\n<meta name=\"author\" content=\"Redacci\u00f3n\" \/>\n<meta name=\"twitter:card\" content=\"summary_large_image\" \/>\n<meta name=\"twitter:creator\" content=\"@fidedignas\" \/>\n<meta name=\"twitter:site\" content=\"@fidedignas\" \/>\n<meta name=\"twitter:label1\" content=\"Escrito por\" \/>\n\t<meta name=\"twitter:data1\" content=\"Redacci\u00f3n\" \/>\n\t<meta name=\"twitter:label2\" content=\"Tiempo de lectura\" \/>\n\t<meta name=\"twitter:data2\" content=\"2 minutos\" \/>\n<script type=\"application\/ld+json\" class=\"yoast-schema-graph\">{\"@context\":\"https:\\\/\\\/schema.org\",\"@graph\":[{\"@type\":\"Article\",\"@id\":\"https:\\\/\\\/fuentesfidedignas.com.mx\\\/index.php\\\/2021\\\/05\\\/22\\\/llegan-122-mil-vacunas-de-sinovac-para-culiacan-y-mazatlan\\\/#article\",\"isPartOf\":{\"@id\":\"https:\\\/\\\/fuentesfidedignas.com.mx\\\/index.php\\\/2021\\\/05\\\/22\\\/llegan-122-mil-vacunas-de-sinovac-para-culiacan-y-mazatlan\\\/\"},\"author\":{\"name\":\"Redacci\u00f3n\",\"@id\":\"https:\\\/\\\/fuentesfidedignas.com.mx\\\/#\\\/schema\\\/person\\\/331be9283d37198e2acd5750279085b0\"},\"headline\":\"Llegan 122 mil vacunas de Sinovac para Culiac\u00e1n y Mazatl\u00e1n\",\"datePublished\":\"2021-05-22T16:34:15+00:00\",\"dateModified\":\"2021-05-22T16:34:17+00:00\",\"mainEntityOfPage\":{\"@id\":\"https:\\\/\\\/fuentesfidedignas.com.mx\\\/index.php\\\/2021\\\/05\\\/22\\\/llegan-122-mil-vacunas-de-sinovac-para-culiacan-y-mazatlan\\\/\"},\"wordCount\":281,\"commentCount\":0,\"publisher\":{\"@id\":\"https:\\\/\\\/fuentesfidedignas.com.mx\\\/#organization\"},\"image\":{\"@id\":\"https:\\\/\\\/fuentesfidedignas.com.mx\\\/index.php\\\/2021\\\/05\\\/22\\\/llegan-122-mil-vacunas-de-sinovac-para-culiacan-y-mazatlan\\\/#primaryimage\"},\"thumbnailUrl\":\"https:\\\/\\\/fuentesfidedignas.com.mx\\\/wp-content\\\/uploads\\\/2021\\\/05\\\/IMG-20210522-WA0011.jpg\",\"keywords\":[\"Centro de Vacunaci\u00f3n Covid\",\"sinaloa\",\"Vacuna anticovid\"],\"articleSection\":[\"NOTA PRINCIPAL\"],\"inLanguage\":\"es\",\"potentialAction\":[{\"@type\":\"CommentAction\",\"name\":\"Comment\",\"target\":[\"https:\\\/\\\/fuentesfidedignas.com.mx\\\/index.php\\\/2021\\\/05\\\/22\\\/llegan-122-mil-vacunas-de-sinovac-para-culiacan-y-mazatlan\\\/#respond\"]}]},{\"@type\":\"WebPage\",\"@id\":\"https:\\\/\\\/fuentesfidedignas.com.mx\\\/index.php\\\/2021\\\/05\\\/22\\\/llegan-122-mil-vacunas-de-sinovac-para-culiacan-y-mazatlan\\\/\",\"url\":\"https:\\\/\\\/fuentesfidedignas.com.mx\\\/index.php\\\/2021\\\/05\\\/22\\\/llegan-122-mil-vacunas-de-sinovac-para-culiacan-y-mazatlan\\\/\",\"name\":\"Llegan 122 mil vacunas de Sinovac para Culiac\u00e1n y Mazatl\u00e1n - Fuentes Fidedignas\",\"isPartOf\":{\"@id\":\"https:\\\/\\\/fuentesfidedignas.com.mx\\\/#website\"},\"primaryImageOfPage\":{\"@id\":\"https:\\\/\\\/fuentesfidedignas.com.mx\\\/index.php\\\/2021\\\/05\\\/22\\\/llegan-122-mil-vacunas-de-sinovac-para-culiacan-y-mazatlan\\\/#primaryimage\"},\"image\":{\"@id\":\"https:\\\/\\\/fuentesfidedignas.com.mx\\\/index.php\\\/2021\\\/05\\\/22\\\/llegan-122-mil-vacunas-de-sinovac-para-culiacan-y-mazatlan\\\/#primaryimage\"},\"thumbnailUrl\":\"https:\\\/\\\/fuentesfidedignas.com.mx\\\/wp-content\\\/uploads\\\/2021\\\/05\\\/IMG-20210522-WA0011.jpg\",\"datePublished\":\"2021-05-22T16:34:15+00:00\",\"dateModified\":\"2021-05-22T16:34:17+00:00\",\"breadcrumb\":{\"@id\":\"https:\\\/\\\/fuentesfidedignas.com.mx\\\/index.php\\\/2021\\\/05\\\/22\\\/llegan-122-mil-vacunas-de-sinovac-para-culiacan-y-mazatlan\\\/#breadcrumb\"},\"inLanguage\":\"es\",\"potentialAction\":[{\"@type\":\"ReadAction\",\"target\":[\"https:\\\/\\\/fuentesfidedignas.com.mx\\\/index.php\\\/2021\\\/05\\\/22\\\/llegan-122-mil-vacunas-de-sinovac-para-culiacan-y-mazatlan\\\/\"]}]},{\"@type\":\"ImageObject\",\"inLanguage\":\"es\",\"@id\":\"https:\\\/\\\/fuentesfidedignas.com.mx\\\/index.php\\\/2021\\\/05\\\/22\\\/llegan-122-mil-vacunas-de-sinovac-para-culiacan-y-mazatlan\\\/#primaryimage\",\"url\":\"https:\\\/\\\/fuentesfidedignas.com.mx\\\/wp-content\\\/uploads\\\/2021\\\/05\\\/IMG-20210522-WA0011.jpg\",\"contentUrl\":\"https:\\\/\\\/fuentesfidedignas.com.mx\\\/wp-content\\\/uploads\\\/2021\\\/05\\\/IMG-20210522-WA0011.jpg\",\"width\":1600,\"height\":901},{\"@type\":\"BreadcrumbList\",\"@id\":\"https:\\\/\\\/fuentesfidedignas.com.mx\\\/index.php\\\/2021\\\/05\\\/22\\\/llegan-122-mil-vacunas-de-sinovac-para-culiacan-y-mazatlan\\\/#breadcrumb\",\"itemListElement\":[{\"@type\":\"ListItem\",\"position\":1,\"name\":\"Inicio\",\"item\":\"https:\\\/\\\/fuentesfidedignas.com.mx\\\/\"},{\"@type\":\"ListItem\",\"position\":2,\"name\":\"Llegan 122 mil vacunas de Sinovac para Culiac\u00e1n y Mazatl\u00e1n\"}]},{\"@type\":\"WebSite\",\"@id\":\"https:\\\/\\\/fuentesfidedignas.com.mx\\\/#website\",\"url\":\"https:\\\/\\\/fuentesfidedignas.com.mx\\\/\",\"name\":\"Fuentes Fidedignas\",\"description\":\"Otro sitio realizado con WordPress\",\"publisher\":{\"@id\":\"https:\\\/\\\/fuentesfidedignas.com.mx\\\/#organization\"},\"potentialAction\":[{\"@type\":\"SearchAction\",\"target\":{\"@type\":\"EntryPoint\",\"urlTemplate\":\"https:\\\/\\\/fuentesfidedignas.com.mx\\\/?s={search_term_string}\"},\"query-input\":{\"@type\":\"PropertyValueSpecification\",\"valueRequired\":true,\"valueName\":\"search_term_string\"}}],\"inLanguage\":\"es\"},{\"@type\":\"Organization\",\"@id\":\"https:\\\/\\\/fuentesfidedignas.com.mx\\\/#organization\",\"name\":\"Fuentes Fidedignas\",\"url\":\"https:\\\/\\\/fuentesfidedignas.com.mx\\\/\",\"logo\":{\"@type\":\"ImageObject\",\"inLanguage\":\"es\",\"@id\":\"https:\\\/\\\/fuentesfidedignas.com.mx\\\/#\\\/schema\\\/logo\\\/image\\\/\",\"url\":\"https:\\\/\\\/fuentesfidedignas.com.mx\\\/wp-content\\\/uploads\\\/2021\\\/04\\\/logo-retina.png\",\"contentUrl\":\"https:\\\/\\\/fuentesfidedignas.com.mx\\\/wp-content\\\/uploads\\\/2021\\\/04\\\/logo-retina.png\",\"width\":280,\"height\":51,\"caption\":\"Fuentes Fidedignas\"},\"image\":{\"@id\":\"https:\\\/\\\/fuentesfidedignas.com.mx\\\/#\\\/schema\\\/logo\\\/image\\\/\"},\"sameAs\":[\"https:\\\/\\\/www.facebook.com\\\/Fuentes-Fidedignas-368234489921644\",\"https:\\\/\\\/x.com\\\/fidedignas\"]},{\"@type\":\"Person\",\"@id\":\"https:\\\/\\\/fuentesfidedignas.com.mx\\\/#\\\/schema\\\/person\\\/331be9283d37198e2acd5750279085b0\",\"name\":\"Redacci\u00f3n\",\"image\":{\"@type\":\"ImageObject\",\"inLanguage\":\"es\",\"@id\":\"https:\\\/\\\/secure.gravatar.com\\\/avatar\\\/f6d8782c11d12b2d4ad3fbb6931aeab5309937a4d6cd2fc9cfaa28a6396a5aec?s=96&d=mm&r=g\",\"url\":\"https:\\\/\\\/secure.gravatar.com\\\/avatar\\\/f6d8782c11d12b2d4ad3fbb6931aeab5309937a4d6cd2fc9cfaa28a6396a5aec?s=96&d=mm&r=g\",\"contentUrl\":\"https:\\\/\\\/secure.gravatar.com\\\/avatar\\\/f6d8782c11d12b2d4ad3fbb6931aeab5309937a4d6cd2fc9cfaa28a6396a5aec?s=96&d=mm&r=g\",\"caption\":\"Redacci\u00f3n\"},\"url\":\"https:\\\/\\\/fuentesfidedignas.com.mx\\\/index.php\\\/author\\\/redaccion\\\/\"}]}<\/script>\n<!-- \/ Yoast SEO plugin. -->","yoast_head_json":{"title":"Llegan 122 mil vacunas de Sinovac para Culiac\u00e1n y Mazatl\u00e1n - Fuentes Fidedignas","robots":{"index":"index","follow":"follow","max-snippet":"max-snippet:-1","max-image-preview":"max-image-preview:large","max-video-preview":"max-video-preview:-1"},"canonical":"https:\/\/fuentesfidedignas.com.mx\/index.php\/2021\/05\/22\/llegan-122-mil-vacunas-de-sinovac-para-culiacan-y-mazatlan\/","og_locale":"es_MX","og_type":"article","og_title":"Llegan 122 mil vacunas de Sinovac para Culiac\u00e1n y Mazatl\u00e1n - Fuentes Fidedignas","og_description":"La din\u00e1mica de vacunaci\u00f3n iniciar\u00e1 este lunes 24 por medio de macrocentros y bajo la din\u00e1mica de apellidos. Culiac\u00e1n, Sin.- Continuando con la Jornada de Vacunaci\u00f3n Covid-19 arribaron al Estado 122 mil 900 dosis de la farmac\u00e9utica Sinovac para ser aplicadas en adultos mayores de 50 a\u00f1os. El vocero del Comando Estatal de Vacunaci\u00f3n, Dr. [&hellip;]","og_url":"https:\/\/fuentesfidedignas.com.mx\/index.php\/2021\/05\/22\/llegan-122-mil-vacunas-de-sinovac-para-culiacan-y-mazatlan\/","og_site_name":"Fuentes Fidedignas","article_publisher":"https:\/\/www.facebook.com\/Fuentes-Fidedignas-368234489921644","article_published_time":"2021-05-22T16:34:15+00:00","article_modified_time":"2021-05-22T16:34:17+00:00","og_image":[{"width":1600,"height":901,"url":"https:\/\/fuentesfidedignas.com.mx\/wp-content\/uploads\/2021\/05\/IMG-20210522-WA0011.jpg","type":"image\/jpeg"}],"author":"Redacci\u00f3n","twitter_card":"summary_large_image","twitter_creator":"@fidedignas","twitter_site":"@fidedignas","twitter_misc":{"Escrito por":"Redacci\u00f3n","Tiempo de lectura":"2 minutos"},"schema":{"@context":"https:\/\/schema.org","@graph":[{"@type":"Article","@id":"https:\/\/fuentesfidedignas.com.mx\/index.php\/2021\/05\/22\/llegan-122-mil-vacunas-de-sinovac-para-culiacan-y-mazatlan\/#article","isPartOf":{"@id":"https:\/\/fuentesfidedignas.com.mx\/index.php\/2021\/05\/22\/llegan-122-mil-vacunas-de-sinovac-para-culiacan-y-mazatlan\/"},"author":{"name":"Redacci\u00f3n","@id":"https:\/\/fuentesfidedignas.com.mx\/#\/schema\/person\/331be9283d37198e2acd5750279085b0"},"headline":"Llegan 122 mil vacunas de Sinovac para Culiac\u00e1n y Mazatl\u00e1n","datePublished":"2021-05-22T16:34:15+00:00","dateModified":"2021-05-22T16:34:17+00:00","mainEntityOfPage":{"@id":"https:\/\/fuentesfidedignas.com.mx\/index.php\/2021\/05\/22\/llegan-122-mil-vacunas-de-sinovac-para-culiacan-y-mazatlan\/"},"wordCount":281,"commentCount":0,"publisher":{"@id":"https:\/\/fuentesfidedignas.com.mx\/#organization"},"image":{"@id":"https:\/\/fuentesfidedignas.com.mx\/index.php\/2021\/05\/22\/llegan-122-mil-vacunas-de-sinovac-para-culiacan-y-mazatlan\/#primaryimage"},"thumbnailUrl":"https:\/\/fuentesfidedignas.com.mx\/wp-content\/uploads\/2021\/05\/IMG-20210522-WA0011.jpg","keywords":["Centro de Vacunaci\u00f3n Covid","sinaloa","Vacuna anticovid"],"articleSection":["NOTA PRINCIPAL"],"inLanguage":"es","potentialAction":[{"@type":"CommentAction","name":"Comment","target":["https:\/\/fuentesfidedignas.com.mx\/index.php\/2021\/05\/22\/llegan-122-mil-vacunas-de-sinovac-para-culiacan-y-mazatlan\/#respond"]}]},{"@type":"WebPage","@id":"https:\/\/fuentesfidedignas.com.mx\/index.php\/2021\/05\/22\/llegan-122-mil-vacunas-de-sinovac-para-culiacan-y-mazatlan\/","url":"https:\/\/fuentesfidedignas.com.mx\/index.php\/2021\/05\/22\/llegan-122-mil-vacunas-de-sinovac-para-culiacan-y-mazatlan\/","name":"Llegan 122 mil vacunas de Sinovac para Culiac\u00e1n y Mazatl\u00e1n - Fuentes Fidedignas","isPartOf":{"@id":"https:\/\/fuentesfidedignas.com.mx\/#website"},"primaryImageOfPage":{"@id":"https:\/\/fuentesfidedignas.com.mx\/index.php\/2021\/05\/22\/llegan-122-mil-vacunas-de-sinovac-para-culiacan-y-mazatlan\/#primaryimage"},"image":{"@id":"https:\/\/fuentesfidedignas.com.mx\/index.php\/2021\/05\/22\/llegan-122-mil-vacunas-de-sinovac-para-culiacan-y-mazatlan\/#primaryimage"},"thumbnailUrl":"https:\/\/fuentesfidedignas.com.mx\/wp-content\/uploads\/2021\/05\/IMG-20210522-WA0011.jpg","datePublished":"2021-05-22T16:34:15+00:00","dateModified":"2021-05-22T16:34:17+00:00","breadcrumb":{"@id":"https:\/\/fuentesfidedignas.com.mx\/index.php\/2021\/05\/22\/llegan-122-mil-vacunas-de-sinovac-para-culiacan-y-mazatlan\/#breadcrumb"},"inLanguage":"es","potentialAction":[{"@type":"ReadAction","target":["https:\/\/fuentesfidedignas.com.mx\/index.php\/2021\/05\/22\/llegan-122-mil-vacunas-de-sinovac-para-culiacan-y-mazatlan\/"]}]},{"@type":"ImageObject","inLanguage":"es","@id":"https:\/\/fuentesfidedignas.com.mx\/index.php\/2021\/05\/22\/llegan-122-mil-vacunas-de-sinovac-para-culiacan-y-mazatlan\/#primaryimage","url":"https:\/\/fuentesfidedignas.com.mx\/wp-content\/uploads\/2021\/05\/IMG-20210522-WA0011.jpg","contentUrl":"https:\/\/fuentesfidedignas.com.mx\/wp-content\/uploads\/2021\/05\/IMG-20210522-WA0011.jpg","width":1600,"height":901},{"@type":"BreadcrumbList","@id":"https:\/\/fuentesfidedignas.com.mx\/index.php\/2021\/05\/22\/llegan-122-mil-vacunas-de-sinovac-para-culiacan-y-mazatlan\/#breadcrumb","itemListElement":[{"@type":"ListItem","position":1,"name":"Inicio","item":"https:\/\/fuentesfidedignas.com.mx\/"},{"@type":"ListItem","position":2,"name":"Llegan 122 mil vacunas de Sinovac para Culiac\u00e1n y Mazatl\u00e1n"}]},{"@type":"WebSite","@id":"https:\/\/fuentesfidedignas.com.mx\/#website","url":"https:\/\/fuentesfidedignas.com.mx\/","name":"Fuentes Fidedignas","description":"Otro sitio realizado con WordPress","publisher":{"@id":"https:\/\/fuentesfidedignas.com.mx\/#organization"},"potentialAction":[{"@type":"SearchAction","target":{"@type":"EntryPoint","urlTemplate":"https:\/\/fuentesfidedignas.com.mx\/?s={search_term_string}"},"query-input":{"@type":"PropertyValueSpecification","valueRequired":true,"valueName":"search_term_string"}}],"inLanguage":"es"},{"@type":"Organization","@id":"https:\/\/fuentesfidedignas.com.mx\/#organization","name":"Fuentes Fidedignas","url":"https:\/\/fuentesfidedignas.com.mx\/","logo":{"@type":"ImageObject","inLanguage":"es","@id":"https:\/\/fuentesfidedignas.com.mx\/#\/schema\/logo\/image\/","url":"https:\/\/fuentesfidedignas.com.mx\/wp-content\/uploads\/2021\/04\/logo-retina.png","contentUrl":"https:\/\/fuentesfidedignas.com.mx\/wp-content\/uploads\/2021\/04\/logo-retina.png","width":280,"height":51,"caption":"Fuentes Fidedignas"},"image":{"@id":"https:\/\/fuentesfidedignas.com.mx\/#\/schema\/logo\/image\/"},"sameAs":["https:\/\/www.facebook.com\/Fuentes-Fidedignas-368234489921644","https:\/\/x.com\/fidedignas"]},{"@type":"Person","@id":"https:\/\/fuentesfidedignas.com.mx\/#\/schema\/person\/331be9283d37198e2acd5750279085b0","name":"Redacci\u00f3n","image":{"@type":"ImageObject","inLanguage":"es","@id":"https:\/\/secure.gravatar.com\/avatar\/f6d8782c11d12b2d4ad3fbb6931aeab5309937a4d6cd2fc9cfaa28a6396a5aec?s=96&d=mm&r=g","url":"https:\/\/secure.gravatar.com\/avatar\/f6d8782c11d12b2d4ad3fbb6931aeab5309937a4d6cd2fc9cfaa28a6396a5aec?s=96&d=mm&r=g","contentUrl":"https:\/\/secure.gravatar.com\/avatar\/f6d8782c11d12b2d4ad3fbb6931aeab5309937a4d6cd2fc9cfaa28a6396a5aec?s=96&d=mm&r=g","caption":"Redacci\u00f3n"},"url":"https:\/\/fuentesfidedignas.com.mx\/index.php\/author\/redaccion\/"}]}},"_links":{"self":[{"href":"https:\/\/fuentesfidedignas.com.mx\/index.php\/wp-json\/wp\/v2\/posts\/2795","targetHints":{"allow":["GET"]}}],"collection":[{"href":"https:\/\/fuentesfidedignas.com.mx\/index.php\/wp-json\/wp\/v2\/posts"}],"about":[{"href":"https:\/\/fuentesfidedignas.com.mx\/index.php\/wp-json\/wp\/v2\/types\/post"}],"author":[{"embeddable":true,"href":"https:\/\/fuentesfidedignas.com.mx\/index.php\/wp-json\/wp\/v2\/users\/4"}],"replies":[{"embeddable":true,"href":"https:\/\/fuentesfidedignas.com.mx\/index.php\/wp-json\/wp\/v2\/comments?post=2795"}],"version-history":[{"count":1,"href":"https:\/\/fuentesfidedignas.com.mx\/index.php\/wp-json\/wp\/v2\/posts\/2795\/revisions"}],"predecessor-version":[{"id":2797,"href":"https:\/\/fuentesfidedignas.com.mx\/index.php\/wp-json\/wp\/v2\/posts\/2795\/revisions\/2797"}],"wp:featuredmedia":[{"embeddable":true,"href":"https:\/\/fuentesfidedignas.com.mx\/index.php\/wp-json\/wp\/v2\/media\/2796"}],"wp:attachment":[{"href":"https:\/\/fuentesfidedignas.com.mx\/index.php\/wp-json\/wp\/v2\/media?parent=2795"}],"wp:term":[{"taxonomy":"category","embeddable":true,"href":"https:\/\/fuentesfidedignas.com.mx\/index.php\/wp-json\/wp\/v2\/categories?post=2795"},{"taxonomy":"post_tag","embeddable":true,"href":"https:\/\/fuentesfidedignas.com.mx\/index.php\/wp-json\/wp\/v2\/tags?post=2795"}],"curies":[{"name":"wp","href":"https:\/\/api.w.org\/{rel}","templated":true}]}}