{"id":27886,"date":"2022-04-07T11:28:29","date_gmt":"2022-04-07T18:28:29","guid":{"rendered":"https:\/\/fuentesfidedignas.com.mx\/?p=27886"},"modified":"2022-04-07T11:30:31","modified_gmt":"2022-04-07T18:30:31","slug":"conmemoran-dia-mundial-de-la-salud-con-caminata-en-los-mochis","status":"publish","type":"post","link":"https:\/\/fuentesfidedignas.com.mx\/index.php\/2022\/04\/07\/conmemoran-dia-mundial-de-la-salud-con-caminata-en-los-mochis\/","title":{"rendered":"Conmemoran D\u00eda Mundial de la Salud con caminata en Los Mochis"},"content":{"rendered":"\n<p><strong><em>El Presidente Municipal Gerardo Vargas encabez\u00f3 el recorrido, el cual dio en las instalaciones de la Direcci\u00f3n de Salud Municipal<\/em><\/strong><\/p>\n\n\n\n<p>Los Mochis, Ahome, Sin.-  Dentro del marco del D\u00eda Internacional de la Salud, el Ayuntamiento de Ahome realiz\u00f3 una caminata, la cual fue encabezada por el Presidente Municipal, C. Gerardo Octavio Vargas Landeros.<\/p>\n\n\n\n<p>El alcalde de Ahome explic\u00f3 que este festejo se realiza bajo el lema \u201cNuestro Planeta, Nuestra Salud\u201d, por lo que es importante realizar acciones encaminadas al cuidado del medio ambiente.<\/p>\n\n\n\n<p>\u201cNo interpretemos el d\u00eda de hoy como la salud \u00fanica y exclusivamente del ser humano, \u00bfy qu\u00e9 significa eso? hasta donde yo le entiendo hacer verde nuestro planeta, tener una mejor sustentabilidad, que es lo que estamos llevando a la pr\u00e1ctica aqu\u00ed en el municipio de Ahome\u201d.<\/p>\n\n\n\n<p>En este sentido, explic\u00f3 que se han tomado algunas decisiones, autorizadas por el Honorable Cabildo de Ahome, para poder llevar acciones importantes e interesantes que permitan salvar el planeta, estas relacionadas con temas como la basura, cambio a energ\u00edas limpias y la arborizaci\u00f3n de la ciudad.<\/p>\n\n\n\n<p>Vargas Landeros aprovech\u00f3 para hacer un llamado a la motivaci\u00f3n, donde la caminata sirva para hacer conciencia de que la humanidad tiene que ser responsable en el cuidado del planeta.<\/p>\n\n\n\n<p>Por su parte el doctor Luis Pablo Urcisichi Osuna, Director de Salud Municipal, agradeci\u00f3 al Presidente Municipal por su acompa\u00f1amiento y apoyo para que se pudiera realizar la caminata por el D\u00eda Internacional de la Salud.<\/p>\n\n\n\n<p>Expres\u00f3 que se trata de un d\u00eda muy especial, donde la OMS pide a todas las instituciones relacionadas con la sanidad a festejar esta fecha con el fin de seguir haciendo salud todo el a\u00f1o.<\/p>\n\n\n\n<p>Agreg\u00f3 que el tema de Covid enaltece esta fecha, pues a poco a poco la pandemia se va terminando, pero aclar\u00f3 que la ciudadan\u00eda se tiene que seguir cuidando.<\/p>\n\n\n\n<p>Cabe mencionar que se trat\u00f3 de un recorrido de aproximadamente 2 kil\u00f3metros, el cual dio inicio en las instalaciones de la Direcci\u00f3n de Salud Municipal, avanzando por la calle Ni\u00f1os H\u00e9roes hasta el bulevar Macario Gaxiola, ah\u00ed el contingente, conformado por funcionarios y trabajadores del Ayuntamiento de Ahome, as\u00ed como de otras instituciones, camin\u00f3 hasta la avenida Ignacio Zaragoza, para posteriormente tomar la avenida Independencia y regresar al punto de partida.<\/p>\n\n\n\n<figure class=\"wp-block-gallery has-nested-images columns-default is-cropped wp-block-gallery-1 is-layout-flex wp-block-gallery-is-layout-flex\">\n<figure class=\"wp-block-image size-large\"><img decoding=\"async\" width=\"1280\" height=\"852\" data-id=\"27889\" src=\"https:\/\/fuentesfidedignas.com.mx\/wp-content\/uploads\/2022\/04\/543f68c1-8361-417f-9cfb-9f6be678ea97.jpg\" alt=\"\" class=\"wp-image-27889\"\/><\/figure>\n\n\n\n<figure class=\"wp-block-image size-large\"><img decoding=\"async\" width=\"1280\" height=\"852\" data-id=\"27888\" src=\"https:\/\/fuentesfidedignas.com.mx\/wp-content\/uploads\/2022\/04\/WhatsApp-Image-2022-04-07-at-12.23.21-PM.jpeg\" alt=\"\" class=\"wp-image-27888\"\/><\/figure>\n\n\n\n<figure class=\"wp-block-image size-large\"><img decoding=\"async\" data-id=\"27887\" src=\"https:\/\/fuentesfidedignas.com.mx\/wp-content\/uploads\/2022\/04\/WhatsApp-Image-2022-04-07-at-12.23.21-PM-1.jpeg\" alt=\"\" class=\"wp-image-27887\"\/><\/figure>\n<\/figure>\n","protected":false},"excerpt":{"rendered":"<p>El Presidente Municipal Gerardo Vargas encabez\u00f3 el recorrido, el cual dio en las instalaciones de la Direcci\u00f3n de Salud Municipal Los Mochis, Ahome, Sin.- Dentro del marco del D\u00eda Internacional de la Salud, el Ayuntamiento de Ahome realiz\u00f3 una caminata, la cual fue encabezada por el Presidente Municipal, C. Gerardo Octavio Vargas Landeros. El alcalde [&hellip;]<\/p>\n","protected":false},"author":4,"featured_media":27890,"comment_status":"open","ping_status":"open","sticky":false,"template":"","format":"standard","meta":{"tdm_status":"","tdm_grid_status":"","footnotes":""},"categories":[37],"tags":[278,1715,1654],"class_list":{"0":"post-27886","1":"post","2":"type-post","3":"status-publish","4":"format-standard","5":"has-post-thumbnail","7":"category-nota-principal","8":"tag-ahome","9":"tag-ayuntamiento-de-ahome","10":"tag-gerardo-vargas-landeros"},"yoast_head":"<!-- This site is optimized with the Yoast SEO plugin v27.5 - https:\/\/yoast.com\/product\/yoast-seo-wordpress\/ -->\n<title>Conmemoran D\u00eda Mundial de la Salud con caminata en Los Mochis - Fuentes Fidedignas<\/title>\n<meta name=\"robots\" content=\"index, follow, max-snippet:-1, max-image-preview:large, max-video-preview:-1\" \/>\n<link rel=\"canonical\" href=\"https:\/\/fuentesfidedignas.com.mx\/index.php\/2022\/04\/07\/conmemoran-dia-mundial-de-la-salud-con-caminata-en-los-mochis\/\" \/>\n<meta property=\"og:locale\" content=\"es_MX\" \/>\n<meta property=\"og:type\" content=\"article\" \/>\n<meta property=\"og:title\" content=\"Conmemoran D\u00eda Mundial de la Salud con caminata en Los Mochis - Fuentes Fidedignas\" \/>\n<meta property=\"og:description\" content=\"El Presidente Municipal Gerardo Vargas encabez\u00f3 el recorrido, el cual dio en las instalaciones de la Direcci\u00f3n de Salud Municipal Los Mochis, Ahome, Sin.- Dentro del marco del D\u00eda Internacional de la Salud, el Ayuntamiento de Ahome realiz\u00f3 una caminata, la cual fue encabezada por el Presidente Municipal, C. Gerardo Octavio Vargas Landeros. El alcalde [&hellip;]\" \/>\n<meta property=\"og:url\" content=\"https:\/\/fuentesfidedignas.com.mx\/index.php\/2022\/04\/07\/conmemoran-dia-mundial-de-la-salud-con-caminata-en-los-mochis\/\" \/>\n<meta property=\"og:site_name\" content=\"Fuentes Fidedignas\" \/>\n<meta property=\"article:publisher\" content=\"https:\/\/www.facebook.com\/Fuentes-Fidedignas-368234489921644\" \/>\n<meta property=\"article:published_time\" content=\"2022-04-07T18:28:29+00:00\" \/>\n<meta property=\"article:modified_time\" content=\"2022-04-07T18:30:31+00:00\" \/>\n<meta property=\"og:image\" content=\"https:\/\/fuentesfidedignas.com.mx\/wp-content\/uploads\/2022\/04\/CAMINATA_1.jpg\" \/>\n\t<meta property=\"og:image:width\" content=\"1280\" \/>\n\t<meta property=\"og:image:height\" content=\"852\" \/>\n\t<meta property=\"og:image:type\" content=\"image\/jpeg\" \/>\n<meta name=\"author\" content=\"Redacci\u00f3n\" \/>\n<meta name=\"twitter:card\" content=\"summary_large_image\" \/>\n<meta name=\"twitter:creator\" content=\"@fidedignas\" \/>\n<meta name=\"twitter:site\" content=\"@fidedignas\" \/>\n<meta name=\"twitter:label1\" content=\"Escrito por\" \/>\n\t<meta name=\"twitter:data1\" content=\"Redacci\u00f3n\" \/>\n\t<meta name=\"twitter:label2\" content=\"Tiempo de lectura\" \/>\n\t<meta name=\"twitter:data2\" content=\"3 minutos\" \/>\n<script type=\"application\/ld+json\" class=\"yoast-schema-graph\">{\"@context\":\"https:\\\/\\\/schema.org\",\"@graph\":[{\"@type\":\"Article\",\"@id\":\"https:\\\/\\\/fuentesfidedignas.com.mx\\\/index.php\\\/2022\\\/04\\\/07\\\/conmemoran-dia-mundial-de-la-salud-con-caminata-en-los-mochis\\\/#article\",\"isPartOf\":{\"@id\":\"https:\\\/\\\/fuentesfidedignas.com.mx\\\/index.php\\\/2022\\\/04\\\/07\\\/conmemoran-dia-mundial-de-la-salud-con-caminata-en-los-mochis\\\/\"},\"author\":{\"name\":\"Redacci\u00f3n\",\"@id\":\"https:\\\/\\\/fuentesfidedignas.com.mx\\\/#\\\/schema\\\/person\\\/331be9283d37198e2acd5750279085b0\"},\"headline\":\"Conmemoran D\u00eda Mundial de la Salud con caminata en Los Mochis\",\"datePublished\":\"2022-04-07T18:28:29+00:00\",\"dateModified\":\"2022-04-07T18:30:31+00:00\",\"mainEntityOfPage\":{\"@id\":\"https:\\\/\\\/fuentesfidedignas.com.mx\\\/index.php\\\/2022\\\/04\\\/07\\\/conmemoran-dia-mundial-de-la-salud-con-caminata-en-los-mochis\\\/\"},\"wordCount\":405,\"commentCount\":0,\"publisher\":{\"@id\":\"https:\\\/\\\/fuentesfidedignas.com.mx\\\/#organization\"},\"image\":{\"@id\":\"https:\\\/\\\/fuentesfidedignas.com.mx\\\/index.php\\\/2022\\\/04\\\/07\\\/conmemoran-dia-mundial-de-la-salud-con-caminata-en-los-mochis\\\/#primaryimage\"},\"thumbnailUrl\":\"https:\\\/\\\/fuentesfidedignas.com.mx\\\/wp-content\\\/uploads\\\/2022\\\/04\\\/CAMINATA_1.jpg\",\"keywords\":[\"Ahome\",\"Ayuntamiento de Ahome\",\"Gerardo Vargas Landeros\"],\"articleSection\":[\"NOTA PRINCIPAL\"],\"inLanguage\":\"es\",\"potentialAction\":[{\"@type\":\"CommentAction\",\"name\":\"Comment\",\"target\":[\"https:\\\/\\\/fuentesfidedignas.com.mx\\\/index.php\\\/2022\\\/04\\\/07\\\/conmemoran-dia-mundial-de-la-salud-con-caminata-en-los-mochis\\\/#respond\"]}]},{\"@type\":\"WebPage\",\"@id\":\"https:\\\/\\\/fuentesfidedignas.com.mx\\\/index.php\\\/2022\\\/04\\\/07\\\/conmemoran-dia-mundial-de-la-salud-con-caminata-en-los-mochis\\\/\",\"url\":\"https:\\\/\\\/fuentesfidedignas.com.mx\\\/index.php\\\/2022\\\/04\\\/07\\\/conmemoran-dia-mundial-de-la-salud-con-caminata-en-los-mochis\\\/\",\"name\":\"Conmemoran D\u00eda Mundial de la Salud con caminata en Los Mochis - Fuentes Fidedignas\",\"isPartOf\":{\"@id\":\"https:\\\/\\\/fuentesfidedignas.com.mx\\\/#website\"},\"primaryImageOfPage\":{\"@id\":\"https:\\\/\\\/fuentesfidedignas.com.mx\\\/index.php\\\/2022\\\/04\\\/07\\\/conmemoran-dia-mundial-de-la-salud-con-caminata-en-los-mochis\\\/#primaryimage\"},\"image\":{\"@id\":\"https:\\\/\\\/fuentesfidedignas.com.mx\\\/index.php\\\/2022\\\/04\\\/07\\\/conmemoran-dia-mundial-de-la-salud-con-caminata-en-los-mochis\\\/#primaryimage\"},\"thumbnailUrl\":\"https:\\\/\\\/fuentesfidedignas.com.mx\\\/wp-content\\\/uploads\\\/2022\\\/04\\\/CAMINATA_1.jpg\",\"datePublished\":\"2022-04-07T18:28:29+00:00\",\"dateModified\":\"2022-04-07T18:30:31+00:00\",\"breadcrumb\":{\"@id\":\"https:\\\/\\\/fuentesfidedignas.com.mx\\\/index.php\\\/2022\\\/04\\\/07\\\/conmemoran-dia-mundial-de-la-salud-con-caminata-en-los-mochis\\\/#breadcrumb\"},\"inLanguage\":\"es\",\"potentialAction\":[{\"@type\":\"ReadAction\",\"target\":[\"https:\\\/\\\/fuentesfidedignas.com.mx\\\/index.php\\\/2022\\\/04\\\/07\\\/conmemoran-dia-mundial-de-la-salud-con-caminata-en-los-mochis\\\/\"]}]},{\"@type\":\"ImageObject\",\"inLanguage\":\"es\",\"@id\":\"https:\\\/\\\/fuentesfidedignas.com.mx\\\/index.php\\\/2022\\\/04\\\/07\\\/conmemoran-dia-mundial-de-la-salud-con-caminata-en-los-mochis\\\/#primaryimage\",\"url\":\"https:\\\/\\\/fuentesfidedignas.com.mx\\\/wp-content\\\/uploads\\\/2022\\\/04\\\/CAMINATA_1.jpg\",\"contentUrl\":\"https:\\\/\\\/fuentesfidedignas.com.mx\\\/wp-content\\\/uploads\\\/2022\\\/04\\\/CAMINATA_1.jpg\",\"width\":1280,\"height\":852},{\"@type\":\"BreadcrumbList\",\"@id\":\"https:\\\/\\\/fuentesfidedignas.com.mx\\\/index.php\\\/2022\\\/04\\\/07\\\/conmemoran-dia-mundial-de-la-salud-con-caminata-en-los-mochis\\\/#breadcrumb\",\"itemListElement\":[{\"@type\":\"ListItem\",\"position\":1,\"name\":\"Inicio\",\"item\":\"https:\\\/\\\/fuentesfidedignas.com.mx\\\/\"},{\"@type\":\"ListItem\",\"position\":2,\"name\":\"Conmemoran D\u00eda Mundial de la Salud con caminata en Los Mochis\"}]},{\"@type\":\"WebSite\",\"@id\":\"https:\\\/\\\/fuentesfidedignas.com.mx\\\/#website\",\"url\":\"https:\\\/\\\/fuentesfidedignas.com.mx\\\/\",\"name\":\"Fuentes Fidedignas\",\"description\":\"Otro sitio realizado con WordPress\",\"publisher\":{\"@id\":\"https:\\\/\\\/fuentesfidedignas.com.mx\\\/#organization\"},\"potentialAction\":[{\"@type\":\"SearchAction\",\"target\":{\"@type\":\"EntryPoint\",\"urlTemplate\":\"https:\\\/\\\/fuentesfidedignas.com.mx\\\/?s={search_term_string}\"},\"query-input\":{\"@type\":\"PropertyValueSpecification\",\"valueRequired\":true,\"valueName\":\"search_term_string\"}}],\"inLanguage\":\"es\"},{\"@type\":\"Organization\",\"@id\":\"https:\\\/\\\/fuentesfidedignas.com.mx\\\/#organization\",\"name\":\"Fuentes Fidedignas\",\"url\":\"https:\\\/\\\/fuentesfidedignas.com.mx\\\/\",\"logo\":{\"@type\":\"ImageObject\",\"inLanguage\":\"es\",\"@id\":\"https:\\\/\\\/fuentesfidedignas.com.mx\\\/#\\\/schema\\\/logo\\\/image\\\/\",\"url\":\"https:\\\/\\\/fuentesfidedignas.com.mx\\\/wp-content\\\/uploads\\\/2021\\\/04\\\/logo-retina.png\",\"contentUrl\":\"https:\\\/\\\/fuentesfidedignas.com.mx\\\/wp-content\\\/uploads\\\/2021\\\/04\\\/logo-retina.png\",\"width\":280,\"height\":51,\"caption\":\"Fuentes Fidedignas\"},\"image\":{\"@id\":\"https:\\\/\\\/fuentesfidedignas.com.mx\\\/#\\\/schema\\\/logo\\\/image\\\/\"},\"sameAs\":[\"https:\\\/\\\/www.facebook.com\\\/Fuentes-Fidedignas-368234489921644\",\"https:\\\/\\\/x.com\\\/fidedignas\"]},{\"@type\":\"Person\",\"@id\":\"https:\\\/\\\/fuentesfidedignas.com.mx\\\/#\\\/schema\\\/person\\\/331be9283d37198e2acd5750279085b0\",\"name\":\"Redacci\u00f3n\",\"image\":{\"@type\":\"ImageObject\",\"inLanguage\":\"es\",\"@id\":\"https:\\\/\\\/secure.gravatar.com\\\/avatar\\\/f6d8782c11d12b2d4ad3fbb6931aeab5309937a4d6cd2fc9cfaa28a6396a5aec?s=96&d=mm&r=g\",\"url\":\"https:\\\/\\\/secure.gravatar.com\\\/avatar\\\/f6d8782c11d12b2d4ad3fbb6931aeab5309937a4d6cd2fc9cfaa28a6396a5aec?s=96&d=mm&r=g\",\"contentUrl\":\"https:\\\/\\\/secure.gravatar.com\\\/avatar\\\/f6d8782c11d12b2d4ad3fbb6931aeab5309937a4d6cd2fc9cfaa28a6396a5aec?s=96&d=mm&r=g\",\"caption\":\"Redacci\u00f3n\"},\"url\":\"https:\\\/\\\/fuentesfidedignas.com.mx\\\/index.php\\\/author\\\/redaccion\\\/\"}]}<\/script>\n<!-- \/ Yoast SEO plugin. -->","yoast_head_json":{"title":"Conmemoran D\u00eda Mundial de la Salud con caminata en Los Mochis - Fuentes Fidedignas","robots":{"index":"index","follow":"follow","max-snippet":"max-snippet:-1","max-image-preview":"max-image-preview:large","max-video-preview":"max-video-preview:-1"},"canonical":"https:\/\/fuentesfidedignas.com.mx\/index.php\/2022\/04\/07\/conmemoran-dia-mundial-de-la-salud-con-caminata-en-los-mochis\/","og_locale":"es_MX","og_type":"article","og_title":"Conmemoran D\u00eda Mundial de la Salud con caminata en Los Mochis - Fuentes Fidedignas","og_description":"El Presidente Municipal Gerardo Vargas encabez\u00f3 el recorrido, el cual dio en las instalaciones de la Direcci\u00f3n de Salud Municipal Los Mochis, Ahome, Sin.- Dentro del marco del D\u00eda Internacional de la Salud, el Ayuntamiento de Ahome realiz\u00f3 una caminata, la cual fue encabezada por el Presidente Municipal, C. Gerardo Octavio Vargas Landeros. El alcalde [&hellip;]","og_url":"https:\/\/fuentesfidedignas.com.mx\/index.php\/2022\/04\/07\/conmemoran-dia-mundial-de-la-salud-con-caminata-en-los-mochis\/","og_site_name":"Fuentes Fidedignas","article_publisher":"https:\/\/www.facebook.com\/Fuentes-Fidedignas-368234489921644","article_published_time":"2022-04-07T18:28:29+00:00","article_modified_time":"2022-04-07T18:30:31+00:00","og_image":[{"width":1280,"height":852,"url":"https:\/\/fuentesfidedignas.com.mx\/wp-content\/uploads\/2022\/04\/CAMINATA_1.jpg","type":"image\/jpeg"}],"author":"Redacci\u00f3n","twitter_card":"summary_large_image","twitter_creator":"@fidedignas","twitter_site":"@fidedignas","twitter_misc":{"Escrito por":"Redacci\u00f3n","Tiempo de lectura":"3 minutos"},"schema":{"@context":"https:\/\/schema.org","@graph":[{"@type":"Article","@id":"https:\/\/fuentesfidedignas.com.mx\/index.php\/2022\/04\/07\/conmemoran-dia-mundial-de-la-salud-con-caminata-en-los-mochis\/#article","isPartOf":{"@id":"https:\/\/fuentesfidedignas.com.mx\/index.php\/2022\/04\/07\/conmemoran-dia-mundial-de-la-salud-con-caminata-en-los-mochis\/"},"author":{"name":"Redacci\u00f3n","@id":"https:\/\/fuentesfidedignas.com.mx\/#\/schema\/person\/331be9283d37198e2acd5750279085b0"},"headline":"Conmemoran D\u00eda Mundial de la Salud con caminata en Los Mochis","datePublished":"2022-04-07T18:28:29+00:00","dateModified":"2022-04-07T18:30:31+00:00","mainEntityOfPage":{"@id":"https:\/\/fuentesfidedignas.com.mx\/index.php\/2022\/04\/07\/conmemoran-dia-mundial-de-la-salud-con-caminata-en-los-mochis\/"},"wordCount":405,"commentCount":0,"publisher":{"@id":"https:\/\/fuentesfidedignas.com.mx\/#organization"},"image":{"@id":"https:\/\/fuentesfidedignas.com.mx\/index.php\/2022\/04\/07\/conmemoran-dia-mundial-de-la-salud-con-caminata-en-los-mochis\/#primaryimage"},"thumbnailUrl":"https:\/\/fuentesfidedignas.com.mx\/wp-content\/uploads\/2022\/04\/CAMINATA_1.jpg","keywords":["Ahome","Ayuntamiento de Ahome","Gerardo Vargas Landeros"],"articleSection":["NOTA PRINCIPAL"],"inLanguage":"es","potentialAction":[{"@type":"CommentAction","name":"Comment","target":["https:\/\/fuentesfidedignas.com.mx\/index.php\/2022\/04\/07\/conmemoran-dia-mundial-de-la-salud-con-caminata-en-los-mochis\/#respond"]}]},{"@type":"WebPage","@id":"https:\/\/fuentesfidedignas.com.mx\/index.php\/2022\/04\/07\/conmemoran-dia-mundial-de-la-salud-con-caminata-en-los-mochis\/","url":"https:\/\/fuentesfidedignas.com.mx\/index.php\/2022\/04\/07\/conmemoran-dia-mundial-de-la-salud-con-caminata-en-los-mochis\/","name":"Conmemoran D\u00eda Mundial de la Salud con caminata en Los Mochis - Fuentes Fidedignas","isPartOf":{"@id":"https:\/\/fuentesfidedignas.com.mx\/#website"},"primaryImageOfPage":{"@id":"https:\/\/fuentesfidedignas.com.mx\/index.php\/2022\/04\/07\/conmemoran-dia-mundial-de-la-salud-con-caminata-en-los-mochis\/#primaryimage"},"image":{"@id":"https:\/\/fuentesfidedignas.com.mx\/index.php\/2022\/04\/07\/conmemoran-dia-mundial-de-la-salud-con-caminata-en-los-mochis\/#primaryimage"},"thumbnailUrl":"https:\/\/fuentesfidedignas.com.mx\/wp-content\/uploads\/2022\/04\/CAMINATA_1.jpg","datePublished":"2022-04-07T18:28:29+00:00","dateModified":"2022-04-07T18:30:31+00:00","breadcrumb":{"@id":"https:\/\/fuentesfidedignas.com.mx\/index.php\/2022\/04\/07\/conmemoran-dia-mundial-de-la-salud-con-caminata-en-los-mochis\/#breadcrumb"},"inLanguage":"es","potentialAction":[{"@type":"ReadAction","target":["https:\/\/fuentesfidedignas.com.mx\/index.php\/2022\/04\/07\/conmemoran-dia-mundial-de-la-salud-con-caminata-en-los-mochis\/"]}]},{"@type":"ImageObject","inLanguage":"es","@id":"https:\/\/fuentesfidedignas.com.mx\/index.php\/2022\/04\/07\/conmemoran-dia-mundial-de-la-salud-con-caminata-en-los-mochis\/#primaryimage","url":"https:\/\/fuentesfidedignas.com.mx\/wp-content\/uploads\/2022\/04\/CAMINATA_1.jpg","contentUrl":"https:\/\/fuentesfidedignas.com.mx\/wp-content\/uploads\/2022\/04\/CAMINATA_1.jpg","width":1280,"height":852},{"@type":"BreadcrumbList","@id":"https:\/\/fuentesfidedignas.com.mx\/index.php\/2022\/04\/07\/conmemoran-dia-mundial-de-la-salud-con-caminata-en-los-mochis\/#breadcrumb","itemListElement":[{"@type":"ListItem","position":1,"name":"Inicio","item":"https:\/\/fuentesfidedignas.com.mx\/"},{"@type":"ListItem","position":2,"name":"Conmemoran D\u00eda Mundial de la Salud con caminata en Los Mochis"}]},{"@type":"WebSite","@id":"https:\/\/fuentesfidedignas.com.mx\/#website","url":"https:\/\/fuentesfidedignas.com.mx\/","name":"Fuentes Fidedignas","description":"Otro sitio realizado con WordPress","publisher":{"@id":"https:\/\/fuentesfidedignas.com.mx\/#organization"},"potentialAction":[{"@type":"SearchAction","target":{"@type":"EntryPoint","urlTemplate":"https:\/\/fuentesfidedignas.com.mx\/?s={search_term_string}"},"query-input":{"@type":"PropertyValueSpecification","valueRequired":true,"valueName":"search_term_string"}}],"inLanguage":"es"},{"@type":"Organization","@id":"https:\/\/fuentesfidedignas.com.mx\/#organization","name":"Fuentes Fidedignas","url":"https:\/\/fuentesfidedignas.com.mx\/","logo":{"@type":"ImageObject","inLanguage":"es","@id":"https:\/\/fuentesfidedignas.com.mx\/#\/schema\/logo\/image\/","url":"https:\/\/fuentesfidedignas.com.mx\/wp-content\/uploads\/2021\/04\/logo-retina.png","contentUrl":"https:\/\/fuentesfidedignas.com.mx\/wp-content\/uploads\/2021\/04\/logo-retina.png","width":280,"height":51,"caption":"Fuentes Fidedignas"},"image":{"@id":"https:\/\/fuentesfidedignas.com.mx\/#\/schema\/logo\/image\/"},"sameAs":["https:\/\/www.facebook.com\/Fuentes-Fidedignas-368234489921644","https:\/\/x.com\/fidedignas"]},{"@type":"Person","@id":"https:\/\/fuentesfidedignas.com.mx\/#\/schema\/person\/331be9283d37198e2acd5750279085b0","name":"Redacci\u00f3n","image":{"@type":"ImageObject","inLanguage":"es","@id":"https:\/\/secure.gravatar.com\/avatar\/f6d8782c11d12b2d4ad3fbb6931aeab5309937a4d6cd2fc9cfaa28a6396a5aec?s=96&d=mm&r=g","url":"https:\/\/secure.gravatar.com\/avatar\/f6d8782c11d12b2d4ad3fbb6931aeab5309937a4d6cd2fc9cfaa28a6396a5aec?s=96&d=mm&r=g","contentUrl":"https:\/\/secure.gravatar.com\/avatar\/f6d8782c11d12b2d4ad3fbb6931aeab5309937a4d6cd2fc9cfaa28a6396a5aec?s=96&d=mm&r=g","caption":"Redacci\u00f3n"},"url":"https:\/\/fuentesfidedignas.com.mx\/index.php\/author\/redaccion\/"}]}},"_links":{"self":[{"href":"https:\/\/fuentesfidedignas.com.mx\/index.php\/wp-json\/wp\/v2\/posts\/27886","targetHints":{"allow":["GET"]}}],"collection":[{"href":"https:\/\/fuentesfidedignas.com.mx\/index.php\/wp-json\/wp\/v2\/posts"}],"about":[{"href":"https:\/\/fuentesfidedignas.com.mx\/index.php\/wp-json\/wp\/v2\/types\/post"}],"author":[{"embeddable":true,"href":"https:\/\/fuentesfidedignas.com.mx\/index.php\/wp-json\/wp\/v2\/users\/4"}],"replies":[{"embeddable":true,"href":"https:\/\/fuentesfidedignas.com.mx\/index.php\/wp-json\/wp\/v2\/comments?post=27886"}],"version-history":[{"count":2,"href":"https:\/\/fuentesfidedignas.com.mx\/index.php\/wp-json\/wp\/v2\/posts\/27886\/revisions"}],"predecessor-version":[{"id":27892,"href":"https:\/\/fuentesfidedignas.com.mx\/index.php\/wp-json\/wp\/v2\/posts\/27886\/revisions\/27892"}],"wp:featuredmedia":[{"embeddable":true,"href":"https:\/\/fuentesfidedignas.com.mx\/index.php\/wp-json\/wp\/v2\/media\/27890"}],"wp:attachment":[{"href":"https:\/\/fuentesfidedignas.com.mx\/index.php\/wp-json\/wp\/v2\/media?parent=27886"}],"wp:term":[{"taxonomy":"category","embeddable":true,"href":"https:\/\/fuentesfidedignas.com.mx\/index.php\/wp-json\/wp\/v2\/categories?post=27886"},{"taxonomy":"post_tag","embeddable":true,"href":"https:\/\/fuentesfidedignas.com.mx\/index.php\/wp-json\/wp\/v2\/tags?post=27886"}],"curies":[{"name":"wp","href":"https:\/\/api.w.org\/{rel}","templated":true}]}}