{"id":27878,"date":"2022-04-07T10:54:46","date_gmt":"2022-04-07T17:54:46","guid":{"rendered":"https:\/\/fuentesfidedignas.com.mx\/?p=27878"},"modified":"2022-04-07T10:54:47","modified_gmt":"2022-04-07T17:54:47","slug":"elige-congreso-a-gloria-armida-uriarte-titular-de-la-ceaiv","status":"publish","type":"post","link":"https:\/\/fuentesfidedignas.com.mx\/index.php\/2022\/04\/07\/elige-congreso-a-gloria-armida-uriarte-titular-de-la-ceaiv\/","title":{"rendered":"Elige Congreso a Gloria Armida Uriarte titular de la CEAIV"},"content":{"rendered":"\n<p><strong><em>Fue electa Comisionada de una terna que present\u00f3 al Congreso del Estado, el Gobernador Rub\u00e9n Rocha Moya.<\/em><\/strong><\/p>\n\n\n\n<p>Culiac\u00e1n, Sin.- Con 40 votos el Pleno del Congreso del Estado de Sinaloa eligi\u00f3 a Gloria Armida Uriarte Uriarte, titular de la Comisi\u00f3n Estatal de Atenci\u00f3n Integral a V\u00edctimas.<br>Luego de leerse el dictamen elaborado por las Comisiones unidas de Puntos Constitucionales y Gobernaci\u00f3n y de Derechos Humanos, en votaci\u00f3n por c\u00e9dula, de forma un\u00e1nime fue electa Uriarte Uriarte como Comisionada Estatal de la CEAIV, quien durar\u00e1 en el cargo cinco a\u00f1os sin posibilidad de reelecci\u00f3n.<\/p>\n\n\n\n<p>Miguel \u00c1ngel Calder\u00f3n Espinoza y Juan Jos\u00e9 R\u00edos L\u00f3pez no registraron votos.<\/p>\n\n\n\n<p>Gloria Armida Uriarte Uriarte fue electa Comisionada de una terna que present\u00f3 al Congreso del Estado, el Gobernador Rub\u00e9n Rocha Moya.<\/p>\n\n\n\n<p>De conformidad con la Ley de Atenci\u00f3n y Protecci\u00f3n a V\u00edctimas es facultad del Congreso elegir por el voto de las dos terceras partes de los miembros presentes a la persona que ocupar\u00e1 la titularidad de la CEAIV.<\/p>\n\n\n\n<p><strong>Votaci\u00f3n:<\/strong><br>Gloria Armida Uriarte Uriarte, 40 votos.<br>Miguel \u00c1ngel Calder\u00f3n Espinoza, 0 votos.<br>Juan Jos\u00e9 R\u00edos L\u00f3pez, 0 votos.<\/p>\n\n\n\n<p><strong>Perfil<\/strong><\/p>\n\n\n\n<figure class=\"wp-block-image size-full\"><img decoding=\"async\" width=\"1257\" height=\"1280\" src=\"https:\/\/fuentesfidedignas.com.mx\/wp-content\/uploads\/2022\/04\/CV_IMELDA.jpg\" alt=\"\" class=\"wp-image-27879\"\/><\/figure>\n","protected":false},"excerpt":{"rendered":"<p>Fue electa Comisionada de una terna que present\u00f3 al Congreso del Estado, el Gobernador Rub\u00e9n Rocha Moya. Culiac\u00e1n, Sin.- Con 40 votos el Pleno del Congreso del Estado de Sinaloa eligi\u00f3 a Gloria Armida Uriarte Uriarte, titular de la Comisi\u00f3n Estatal de Atenci\u00f3n Integral a V\u00edctimas.Luego de leerse el dictamen elaborado por las Comisiones unidas [&hellip;]<\/p>\n","protected":false},"author":4,"featured_media":27880,"comment_status":"open","ping_status":"open","sticky":false,"template":"","format":"standard","meta":{"tdm_status":"","tdm_grid_status":"","footnotes":""},"categories":[37],"tags":[],"class_list":{"0":"post-27878","1":"post","2":"type-post","3":"status-publish","4":"format-standard","5":"has-post-thumbnail","7":"category-nota-principal"},"yoast_head":"<!-- This site is optimized with the Yoast SEO plugin v27.5 - https:\/\/yoast.com\/product\/yoast-seo-wordpress\/ -->\n<title>Elige Congreso a Gloria Armida Uriarte titular de la CEAIV - Fuentes Fidedignas<\/title>\n<meta name=\"robots\" content=\"index, follow, max-snippet:-1, max-image-preview:large, max-video-preview:-1\" \/>\n<link rel=\"canonical\" href=\"https:\/\/fuentesfidedignas.com.mx\/index.php\/2022\/04\/07\/elige-congreso-a-gloria-armida-uriarte-titular-de-la-ceaiv\/\" \/>\n<meta property=\"og:locale\" content=\"es_MX\" \/>\n<meta property=\"og:type\" content=\"article\" \/>\n<meta property=\"og:title\" content=\"Elige Congreso a Gloria Armida Uriarte titular de la CEAIV - Fuentes Fidedignas\" \/>\n<meta property=\"og:description\" content=\"Fue electa Comisionada de una terna que present\u00f3 al Congreso del Estado, el Gobernador Rub\u00e9n Rocha Moya. Culiac\u00e1n, Sin.- Con 40 votos el Pleno del Congreso del Estado de Sinaloa eligi\u00f3 a Gloria Armida Uriarte Uriarte, titular de la Comisi\u00f3n Estatal de Atenci\u00f3n Integral a V\u00edctimas.Luego de leerse el dictamen elaborado por las Comisiones unidas [&hellip;]\" \/>\n<meta property=\"og:url\" content=\"https:\/\/fuentesfidedignas.com.mx\/index.php\/2022\/04\/07\/elige-congreso-a-gloria-armida-uriarte-titular-de-la-ceaiv\/\" \/>\n<meta property=\"og:site_name\" content=\"Fuentes Fidedignas\" \/>\n<meta property=\"article:publisher\" content=\"https:\/\/www.facebook.com\/Fuentes-Fidedignas-368234489921644\" \/>\n<meta property=\"article:published_time\" content=\"2022-04-07T17:54:46+00:00\" \/>\n<meta property=\"article:modified_time\" content=\"2022-04-07T17:54:47+00:00\" \/>\n<meta property=\"og:image\" content=\"https:\/\/fuentesfidedignas.com.mx\/wp-content\/uploads\/2022\/04\/GLORIA_IMELDA.jpg\" \/>\n\t<meta property=\"og:image:width\" content=\"1280\" \/>\n\t<meta property=\"og:image:height\" content=\"853\" \/>\n\t<meta property=\"og:image:type\" content=\"image\/jpeg\" \/>\n<meta name=\"author\" content=\"Redacci\u00f3n\" \/>\n<meta name=\"twitter:card\" content=\"summary_large_image\" \/>\n<meta name=\"twitter:creator\" content=\"@fidedignas\" \/>\n<meta name=\"twitter:site\" content=\"@fidedignas\" \/>\n<meta name=\"twitter:label1\" content=\"Escrito por\" \/>\n\t<meta name=\"twitter:data1\" content=\"Redacci\u00f3n\" \/>\n\t<meta name=\"twitter:label2\" content=\"Tiempo de lectura\" \/>\n\t<meta name=\"twitter:data2\" content=\"2 minutos\" \/>\n<script type=\"application\/ld+json\" class=\"yoast-schema-graph\">{\"@context\":\"https:\\\/\\\/schema.org\",\"@graph\":[{\"@type\":\"Article\",\"@id\":\"https:\\\/\\\/fuentesfidedignas.com.mx\\\/index.php\\\/2022\\\/04\\\/07\\\/elige-congreso-a-gloria-armida-uriarte-titular-de-la-ceaiv\\\/#article\",\"isPartOf\":{\"@id\":\"https:\\\/\\\/fuentesfidedignas.com.mx\\\/index.php\\\/2022\\\/04\\\/07\\\/elige-congreso-a-gloria-armida-uriarte-titular-de-la-ceaiv\\\/\"},\"author\":{\"name\":\"Redacci\u00f3n\",\"@id\":\"https:\\\/\\\/fuentesfidedignas.com.mx\\\/#\\\/schema\\\/person\\\/331be9283d37198e2acd5750279085b0\"},\"headline\":\"Elige Congreso a Gloria Armida Uriarte titular de la CEAIV\",\"datePublished\":\"2022-04-07T17:54:46+00:00\",\"dateModified\":\"2022-04-07T17:54:47+00:00\",\"mainEntityOfPage\":{\"@id\":\"https:\\\/\\\/fuentesfidedignas.com.mx\\\/index.php\\\/2022\\\/04\\\/07\\\/elige-congreso-a-gloria-armida-uriarte-titular-de-la-ceaiv\\\/\"},\"wordCount\":213,\"commentCount\":0,\"publisher\":{\"@id\":\"https:\\\/\\\/fuentesfidedignas.com.mx\\\/#organization\"},\"image\":{\"@id\":\"https:\\\/\\\/fuentesfidedignas.com.mx\\\/index.php\\\/2022\\\/04\\\/07\\\/elige-congreso-a-gloria-armida-uriarte-titular-de-la-ceaiv\\\/#primaryimage\"},\"thumbnailUrl\":\"https:\\\/\\\/fuentesfidedignas.com.mx\\\/wp-content\\\/uploads\\\/2022\\\/04\\\/GLORIA_IMELDA.jpg\",\"articleSection\":[\"NOTA PRINCIPAL\"],\"inLanguage\":\"es\",\"potentialAction\":[{\"@type\":\"CommentAction\",\"name\":\"Comment\",\"target\":[\"https:\\\/\\\/fuentesfidedignas.com.mx\\\/index.php\\\/2022\\\/04\\\/07\\\/elige-congreso-a-gloria-armida-uriarte-titular-de-la-ceaiv\\\/#respond\"]}]},{\"@type\":\"WebPage\",\"@id\":\"https:\\\/\\\/fuentesfidedignas.com.mx\\\/index.php\\\/2022\\\/04\\\/07\\\/elige-congreso-a-gloria-armida-uriarte-titular-de-la-ceaiv\\\/\",\"url\":\"https:\\\/\\\/fuentesfidedignas.com.mx\\\/index.php\\\/2022\\\/04\\\/07\\\/elige-congreso-a-gloria-armida-uriarte-titular-de-la-ceaiv\\\/\",\"name\":\"Elige Congreso a Gloria Armida Uriarte titular de la CEAIV - Fuentes Fidedignas\",\"isPartOf\":{\"@id\":\"https:\\\/\\\/fuentesfidedignas.com.mx\\\/#website\"},\"primaryImageOfPage\":{\"@id\":\"https:\\\/\\\/fuentesfidedignas.com.mx\\\/index.php\\\/2022\\\/04\\\/07\\\/elige-congreso-a-gloria-armida-uriarte-titular-de-la-ceaiv\\\/#primaryimage\"},\"image\":{\"@id\":\"https:\\\/\\\/fuentesfidedignas.com.mx\\\/index.php\\\/2022\\\/04\\\/07\\\/elige-congreso-a-gloria-armida-uriarte-titular-de-la-ceaiv\\\/#primaryimage\"},\"thumbnailUrl\":\"https:\\\/\\\/fuentesfidedignas.com.mx\\\/wp-content\\\/uploads\\\/2022\\\/04\\\/GLORIA_IMELDA.jpg\",\"datePublished\":\"2022-04-07T17:54:46+00:00\",\"dateModified\":\"2022-04-07T17:54:47+00:00\",\"breadcrumb\":{\"@id\":\"https:\\\/\\\/fuentesfidedignas.com.mx\\\/index.php\\\/2022\\\/04\\\/07\\\/elige-congreso-a-gloria-armida-uriarte-titular-de-la-ceaiv\\\/#breadcrumb\"},\"inLanguage\":\"es\",\"potentialAction\":[{\"@type\":\"ReadAction\",\"target\":[\"https:\\\/\\\/fuentesfidedignas.com.mx\\\/index.php\\\/2022\\\/04\\\/07\\\/elige-congreso-a-gloria-armida-uriarte-titular-de-la-ceaiv\\\/\"]}]},{\"@type\":\"ImageObject\",\"inLanguage\":\"es\",\"@id\":\"https:\\\/\\\/fuentesfidedignas.com.mx\\\/index.php\\\/2022\\\/04\\\/07\\\/elige-congreso-a-gloria-armida-uriarte-titular-de-la-ceaiv\\\/#primaryimage\",\"url\":\"https:\\\/\\\/fuentesfidedignas.com.mx\\\/wp-content\\\/uploads\\\/2022\\\/04\\\/GLORIA_IMELDA.jpg\",\"contentUrl\":\"https:\\\/\\\/fuentesfidedignas.com.mx\\\/wp-content\\\/uploads\\\/2022\\\/04\\\/GLORIA_IMELDA.jpg\",\"width\":1280,\"height\":853},{\"@type\":\"BreadcrumbList\",\"@id\":\"https:\\\/\\\/fuentesfidedignas.com.mx\\\/index.php\\\/2022\\\/04\\\/07\\\/elige-congreso-a-gloria-armida-uriarte-titular-de-la-ceaiv\\\/#breadcrumb\",\"itemListElement\":[{\"@type\":\"ListItem\",\"position\":1,\"name\":\"Inicio\",\"item\":\"https:\\\/\\\/fuentesfidedignas.com.mx\\\/\"},{\"@type\":\"ListItem\",\"position\":2,\"name\":\"Elige Congreso a Gloria Armida Uriarte titular de la CEAIV\"}]},{\"@type\":\"WebSite\",\"@id\":\"https:\\\/\\\/fuentesfidedignas.com.mx\\\/#website\",\"url\":\"https:\\\/\\\/fuentesfidedignas.com.mx\\\/\",\"name\":\"Fuentes Fidedignas\",\"description\":\"Otro sitio realizado con WordPress\",\"publisher\":{\"@id\":\"https:\\\/\\\/fuentesfidedignas.com.mx\\\/#organization\"},\"potentialAction\":[{\"@type\":\"SearchAction\",\"target\":{\"@type\":\"EntryPoint\",\"urlTemplate\":\"https:\\\/\\\/fuentesfidedignas.com.mx\\\/?s={search_term_string}\"},\"query-input\":{\"@type\":\"PropertyValueSpecification\",\"valueRequired\":true,\"valueName\":\"search_term_string\"}}],\"inLanguage\":\"es\"},{\"@type\":\"Organization\",\"@id\":\"https:\\\/\\\/fuentesfidedignas.com.mx\\\/#organization\",\"name\":\"Fuentes Fidedignas\",\"url\":\"https:\\\/\\\/fuentesfidedignas.com.mx\\\/\",\"logo\":{\"@type\":\"ImageObject\",\"inLanguage\":\"es\",\"@id\":\"https:\\\/\\\/fuentesfidedignas.com.mx\\\/#\\\/schema\\\/logo\\\/image\\\/\",\"url\":\"https:\\\/\\\/fuentesfidedignas.com.mx\\\/wp-content\\\/uploads\\\/2021\\\/04\\\/logo-retina.png\",\"contentUrl\":\"https:\\\/\\\/fuentesfidedignas.com.mx\\\/wp-content\\\/uploads\\\/2021\\\/04\\\/logo-retina.png\",\"width\":280,\"height\":51,\"caption\":\"Fuentes Fidedignas\"},\"image\":{\"@id\":\"https:\\\/\\\/fuentesfidedignas.com.mx\\\/#\\\/schema\\\/logo\\\/image\\\/\"},\"sameAs\":[\"https:\\\/\\\/www.facebook.com\\\/Fuentes-Fidedignas-368234489921644\",\"https:\\\/\\\/x.com\\\/fidedignas\"]},{\"@type\":\"Person\",\"@id\":\"https:\\\/\\\/fuentesfidedignas.com.mx\\\/#\\\/schema\\\/person\\\/331be9283d37198e2acd5750279085b0\",\"name\":\"Redacci\u00f3n\",\"image\":{\"@type\":\"ImageObject\",\"inLanguage\":\"es\",\"@id\":\"https:\\\/\\\/secure.gravatar.com\\\/avatar\\\/f6d8782c11d12b2d4ad3fbb6931aeab5309937a4d6cd2fc9cfaa28a6396a5aec?s=96&d=mm&r=g\",\"url\":\"https:\\\/\\\/secure.gravatar.com\\\/avatar\\\/f6d8782c11d12b2d4ad3fbb6931aeab5309937a4d6cd2fc9cfaa28a6396a5aec?s=96&d=mm&r=g\",\"contentUrl\":\"https:\\\/\\\/secure.gravatar.com\\\/avatar\\\/f6d8782c11d12b2d4ad3fbb6931aeab5309937a4d6cd2fc9cfaa28a6396a5aec?s=96&d=mm&r=g\",\"caption\":\"Redacci\u00f3n\"},\"url\":\"https:\\\/\\\/fuentesfidedignas.com.mx\\\/index.php\\\/author\\\/redaccion\\\/\"}]}<\/script>\n<!-- \/ Yoast SEO plugin. -->","yoast_head_json":{"title":"Elige Congreso a Gloria Armida Uriarte titular de la CEAIV - Fuentes Fidedignas","robots":{"index":"index","follow":"follow","max-snippet":"max-snippet:-1","max-image-preview":"max-image-preview:large","max-video-preview":"max-video-preview:-1"},"canonical":"https:\/\/fuentesfidedignas.com.mx\/index.php\/2022\/04\/07\/elige-congreso-a-gloria-armida-uriarte-titular-de-la-ceaiv\/","og_locale":"es_MX","og_type":"article","og_title":"Elige Congreso a Gloria Armida Uriarte titular de la CEAIV - Fuentes Fidedignas","og_description":"Fue electa Comisionada de una terna que present\u00f3 al Congreso del Estado, el Gobernador Rub\u00e9n Rocha Moya. Culiac\u00e1n, Sin.- Con 40 votos el Pleno del Congreso del Estado de Sinaloa eligi\u00f3 a Gloria Armida Uriarte Uriarte, titular de la Comisi\u00f3n Estatal de Atenci\u00f3n Integral a V\u00edctimas.Luego de leerse el dictamen elaborado por las Comisiones unidas [&hellip;]","og_url":"https:\/\/fuentesfidedignas.com.mx\/index.php\/2022\/04\/07\/elige-congreso-a-gloria-armida-uriarte-titular-de-la-ceaiv\/","og_site_name":"Fuentes Fidedignas","article_publisher":"https:\/\/www.facebook.com\/Fuentes-Fidedignas-368234489921644","article_published_time":"2022-04-07T17:54:46+00:00","article_modified_time":"2022-04-07T17:54:47+00:00","og_image":[{"width":1280,"height":853,"url":"https:\/\/fuentesfidedignas.com.mx\/wp-content\/uploads\/2022\/04\/GLORIA_IMELDA.jpg","type":"image\/jpeg"}],"author":"Redacci\u00f3n","twitter_card":"summary_large_image","twitter_creator":"@fidedignas","twitter_site":"@fidedignas","twitter_misc":{"Escrito por":"Redacci\u00f3n","Tiempo de lectura":"2 minutos"},"schema":{"@context":"https:\/\/schema.org","@graph":[{"@type":"Article","@id":"https:\/\/fuentesfidedignas.com.mx\/index.php\/2022\/04\/07\/elige-congreso-a-gloria-armida-uriarte-titular-de-la-ceaiv\/#article","isPartOf":{"@id":"https:\/\/fuentesfidedignas.com.mx\/index.php\/2022\/04\/07\/elige-congreso-a-gloria-armida-uriarte-titular-de-la-ceaiv\/"},"author":{"name":"Redacci\u00f3n","@id":"https:\/\/fuentesfidedignas.com.mx\/#\/schema\/person\/331be9283d37198e2acd5750279085b0"},"headline":"Elige Congreso a Gloria Armida Uriarte titular de la CEAIV","datePublished":"2022-04-07T17:54:46+00:00","dateModified":"2022-04-07T17:54:47+00:00","mainEntityOfPage":{"@id":"https:\/\/fuentesfidedignas.com.mx\/index.php\/2022\/04\/07\/elige-congreso-a-gloria-armida-uriarte-titular-de-la-ceaiv\/"},"wordCount":213,"commentCount":0,"publisher":{"@id":"https:\/\/fuentesfidedignas.com.mx\/#organization"},"image":{"@id":"https:\/\/fuentesfidedignas.com.mx\/index.php\/2022\/04\/07\/elige-congreso-a-gloria-armida-uriarte-titular-de-la-ceaiv\/#primaryimage"},"thumbnailUrl":"https:\/\/fuentesfidedignas.com.mx\/wp-content\/uploads\/2022\/04\/GLORIA_IMELDA.jpg","articleSection":["NOTA PRINCIPAL"],"inLanguage":"es","potentialAction":[{"@type":"CommentAction","name":"Comment","target":["https:\/\/fuentesfidedignas.com.mx\/index.php\/2022\/04\/07\/elige-congreso-a-gloria-armida-uriarte-titular-de-la-ceaiv\/#respond"]}]},{"@type":"WebPage","@id":"https:\/\/fuentesfidedignas.com.mx\/index.php\/2022\/04\/07\/elige-congreso-a-gloria-armida-uriarte-titular-de-la-ceaiv\/","url":"https:\/\/fuentesfidedignas.com.mx\/index.php\/2022\/04\/07\/elige-congreso-a-gloria-armida-uriarte-titular-de-la-ceaiv\/","name":"Elige Congreso a Gloria Armida Uriarte titular de la CEAIV - Fuentes Fidedignas","isPartOf":{"@id":"https:\/\/fuentesfidedignas.com.mx\/#website"},"primaryImageOfPage":{"@id":"https:\/\/fuentesfidedignas.com.mx\/index.php\/2022\/04\/07\/elige-congreso-a-gloria-armida-uriarte-titular-de-la-ceaiv\/#primaryimage"},"image":{"@id":"https:\/\/fuentesfidedignas.com.mx\/index.php\/2022\/04\/07\/elige-congreso-a-gloria-armida-uriarte-titular-de-la-ceaiv\/#primaryimage"},"thumbnailUrl":"https:\/\/fuentesfidedignas.com.mx\/wp-content\/uploads\/2022\/04\/GLORIA_IMELDA.jpg","datePublished":"2022-04-07T17:54:46+00:00","dateModified":"2022-04-07T17:54:47+00:00","breadcrumb":{"@id":"https:\/\/fuentesfidedignas.com.mx\/index.php\/2022\/04\/07\/elige-congreso-a-gloria-armida-uriarte-titular-de-la-ceaiv\/#breadcrumb"},"inLanguage":"es","potentialAction":[{"@type":"ReadAction","target":["https:\/\/fuentesfidedignas.com.mx\/index.php\/2022\/04\/07\/elige-congreso-a-gloria-armida-uriarte-titular-de-la-ceaiv\/"]}]},{"@type":"ImageObject","inLanguage":"es","@id":"https:\/\/fuentesfidedignas.com.mx\/index.php\/2022\/04\/07\/elige-congreso-a-gloria-armida-uriarte-titular-de-la-ceaiv\/#primaryimage","url":"https:\/\/fuentesfidedignas.com.mx\/wp-content\/uploads\/2022\/04\/GLORIA_IMELDA.jpg","contentUrl":"https:\/\/fuentesfidedignas.com.mx\/wp-content\/uploads\/2022\/04\/GLORIA_IMELDA.jpg","width":1280,"height":853},{"@type":"BreadcrumbList","@id":"https:\/\/fuentesfidedignas.com.mx\/index.php\/2022\/04\/07\/elige-congreso-a-gloria-armida-uriarte-titular-de-la-ceaiv\/#breadcrumb","itemListElement":[{"@type":"ListItem","position":1,"name":"Inicio","item":"https:\/\/fuentesfidedignas.com.mx\/"},{"@type":"ListItem","position":2,"name":"Elige Congreso a Gloria Armida Uriarte titular de la CEAIV"}]},{"@type":"WebSite","@id":"https:\/\/fuentesfidedignas.com.mx\/#website","url":"https:\/\/fuentesfidedignas.com.mx\/","name":"Fuentes Fidedignas","description":"Otro sitio realizado con WordPress","publisher":{"@id":"https:\/\/fuentesfidedignas.com.mx\/#organization"},"potentialAction":[{"@type":"SearchAction","target":{"@type":"EntryPoint","urlTemplate":"https:\/\/fuentesfidedignas.com.mx\/?s={search_term_string}"},"query-input":{"@type":"PropertyValueSpecification","valueRequired":true,"valueName":"search_term_string"}}],"inLanguage":"es"},{"@type":"Organization","@id":"https:\/\/fuentesfidedignas.com.mx\/#organization","name":"Fuentes Fidedignas","url":"https:\/\/fuentesfidedignas.com.mx\/","logo":{"@type":"ImageObject","inLanguage":"es","@id":"https:\/\/fuentesfidedignas.com.mx\/#\/schema\/logo\/image\/","url":"https:\/\/fuentesfidedignas.com.mx\/wp-content\/uploads\/2021\/04\/logo-retina.png","contentUrl":"https:\/\/fuentesfidedignas.com.mx\/wp-content\/uploads\/2021\/04\/logo-retina.png","width":280,"height":51,"caption":"Fuentes Fidedignas"},"image":{"@id":"https:\/\/fuentesfidedignas.com.mx\/#\/schema\/logo\/image\/"},"sameAs":["https:\/\/www.facebook.com\/Fuentes-Fidedignas-368234489921644","https:\/\/x.com\/fidedignas"]},{"@type":"Person","@id":"https:\/\/fuentesfidedignas.com.mx\/#\/schema\/person\/331be9283d37198e2acd5750279085b0","name":"Redacci\u00f3n","image":{"@type":"ImageObject","inLanguage":"es","@id":"https:\/\/secure.gravatar.com\/avatar\/f6d8782c11d12b2d4ad3fbb6931aeab5309937a4d6cd2fc9cfaa28a6396a5aec?s=96&d=mm&r=g","url":"https:\/\/secure.gravatar.com\/avatar\/f6d8782c11d12b2d4ad3fbb6931aeab5309937a4d6cd2fc9cfaa28a6396a5aec?s=96&d=mm&r=g","contentUrl":"https:\/\/secure.gravatar.com\/avatar\/f6d8782c11d12b2d4ad3fbb6931aeab5309937a4d6cd2fc9cfaa28a6396a5aec?s=96&d=mm&r=g","caption":"Redacci\u00f3n"},"url":"https:\/\/fuentesfidedignas.com.mx\/index.php\/author\/redaccion\/"}]}},"_links":{"self":[{"href":"https:\/\/fuentesfidedignas.com.mx\/index.php\/wp-json\/wp\/v2\/posts\/27878","targetHints":{"allow":["GET"]}}],"collection":[{"href":"https:\/\/fuentesfidedignas.com.mx\/index.php\/wp-json\/wp\/v2\/posts"}],"about":[{"href":"https:\/\/fuentesfidedignas.com.mx\/index.php\/wp-json\/wp\/v2\/types\/post"}],"author":[{"embeddable":true,"href":"https:\/\/fuentesfidedignas.com.mx\/index.php\/wp-json\/wp\/v2\/users\/4"}],"replies":[{"embeddable":true,"href":"https:\/\/fuentesfidedignas.com.mx\/index.php\/wp-json\/wp\/v2\/comments?post=27878"}],"version-history":[{"count":1,"href":"https:\/\/fuentesfidedignas.com.mx\/index.php\/wp-json\/wp\/v2\/posts\/27878\/revisions"}],"predecessor-version":[{"id":27881,"href":"https:\/\/fuentesfidedignas.com.mx\/index.php\/wp-json\/wp\/v2\/posts\/27878\/revisions\/27881"}],"wp:featuredmedia":[{"embeddable":true,"href":"https:\/\/fuentesfidedignas.com.mx\/index.php\/wp-json\/wp\/v2\/media\/27880"}],"wp:attachment":[{"href":"https:\/\/fuentesfidedignas.com.mx\/index.php\/wp-json\/wp\/v2\/media?parent=27878"}],"wp:term":[{"taxonomy":"category","embeddable":true,"href":"https:\/\/fuentesfidedignas.com.mx\/index.php\/wp-json\/wp\/v2\/categories?post=27878"},{"taxonomy":"post_tag","embeddable":true,"href":"https:\/\/fuentesfidedignas.com.mx\/index.php\/wp-json\/wp\/v2\/tags?post=27878"}],"curies":[{"name":"wp","href":"https:\/\/api.w.org\/{rel}","templated":true}]}}