{"id":27863,"date":"2022-04-07T06:58:51","date_gmt":"2022-04-07T13:58:51","guid":{"rendered":"https:\/\/fuentesfidedignas.com.mx\/?p=27863"},"modified":"2022-04-07T06:58:52","modified_gmt":"2022-04-07T13:58:52","slug":"destaca-sspc-la-captura-de-21-presuntos-asesinos-de-periodistas","status":"publish","type":"post","link":"https:\/\/fuentesfidedignas.com.mx\/index.php\/2022\/04\/07\/destaca-sspc-la-captura-de-21-presuntos-asesinos-de-periodistas\/","title":{"rendered":"Destaca SSPC la captura de 21 presuntos asesinos de periodistas"},"content":{"rendered":"\n<p><strong><em>La secretaria Rosa Icela Rodr\u00edguez inform\u00f3 que en los 6 casos de comunicadores asesinados hay avances en investigaciones; hay recompensas por 5 sospechosos<\/em><\/strong><\/p>\n\n\n\n<p>Ciudad de M\u00e9xico.- Por los homicidios de seis periodistas en 2022 ya hay 21 presuntos criminales detenidos, inform\u00f3 la secretaria de Seguridad y Protecci\u00f3n Ciudadana (SSPC), Rosa Icela Rodr\u00edguez.<\/p>\n\n\n\n<p>En conferencia en Palacio Nacional, la funcionaria destac\u00f3 que gracias a las investigaciones se ha podido aprehender a los presuntos sospechosos de los homicidios de los comunicadores e incluso se ofrecen recompensas por otros cinco.<\/p>\n\n\n\n<p>&#8220;Estas personas (21 detenidas) est\u00e1n tras las rejas llevando ya un juicio penal correspondientes en todos los casos y hay personas que a\u00fan estamos en b\u00fasqueda, que ya est\u00e1n identificados, que conocemos sus nombres e incluso hay dos por quienes hay recompensas\u201d, indic\u00f3.<\/p>\n\n\n\n<p>Explic\u00f3 que en el caso del homicidio del periodista del diario digital Inforegio, Jos\u00e9 Luis Gamboa Arenas, el pasado 10 de enero, ya se tiene identificado el m\u00f3vil y a los autores materiales e intelectuales del crimen, por lo que pronto habr\u00e1 avances importantes, dijo.<\/p>\n\n\n\n<p>En lo que respecta al caso del reportero gr\u00e1fico freelance, Alfonso Margarito Mart\u00ednez Esquivel, asesinado el 17 de enero en Tijuana, Baja California, hay 10 detenidos y 2 m\u00e1s est\u00e1n en proceso.<\/p>\n\n\n\n<p>Sobre el homicidio de la periodista de Radio sin Fronteras, Lourdes Maldonado, el 23 de enero tambi\u00e9n en Tijuana, Baja California, hay 3 vinculados.<\/p>\n\n\n\n<p>La titular de la SSPC adem\u00e1s coment\u00f3 que hay 2 detenidos y 2 vinculados a proceso por el homicidio del comunicador de Noticias Web, en Salina Cruz, Oaxaca, el 10 de febrero, Heber Fernando L\u00f3pez.<\/p>\n\n\n\n<p>En torno al crimen en contra del periodista del portal Testigo Minero, Juan Carlos Mu\u00f1iz, el pasado 4 de marzo en Fresnillo, Zacatecas, hay una persona aprehendida.<\/p>\n\n\n\n<p>Adem\u00e1s, sobre el asesinato de Armando Linares L\u00f3pez, del Monitor Michoac\u00e1n, el pasado 15 de marzo en Zit\u00e1cuaro, Michoac\u00e1n, las autoridades indicaron que hay 3 presuntos responsables identificados, de los cuales la Fiscal\u00eda estatal ofrece recompensa por 2 de \u00e9stos.<\/p>\n\n\n\n<p>Rodr\u00edguez Vel\u00e1zquez asegur\u00f3 que continuar\u00e1n las indagatorias de cada uno de estos cr\u00edmenes cometidos en el presente a\u00f1o para dar con los responsables, esclarecer los hechos y hacer justicia.<\/p>\n\n\n\n<p>&#8220;En todos los casos hay avances y ninguna de las carpetas est\u00e1 cerrada y se continuar\u00e1 hasta llegar a las \u00faltimas evidencias de las investigaciones\u201d, coment\u00f3.<\/p>\n\n\n\n<p>Sin embargo, organizaciones han informado que adem\u00e1s de los seis periodistas asesinados antes mencionados, tambi\u00e9n est\u00e1n los casos de Roberto Toledo, del Monitor Michoac\u00e1n, asesinado el 31 de enero, as\u00ed como el de Jorge Luis Camero, de El Informativo, ocurrido el 2 de febrero.<\/p>\n","protected":false},"excerpt":{"rendered":"<p>La secretaria Rosa Icela Rodr\u00edguez inform\u00f3 que en los 6 casos de comunicadores asesinados hay avances en investigaciones; hay recompensas por 5 sospechosos Ciudad de M\u00e9xico.- Por los homicidios de seis periodistas en 2022 ya hay 21 presuntos criminales detenidos, inform\u00f3 la secretaria de Seguridad y Protecci\u00f3n Ciudadana (SSPC), Rosa Icela Rodr\u00edguez. En conferencia en [&hellip;]<\/p>\n","protected":false},"author":7,"featured_media":27864,"comment_status":"open","ping_status":"open","sticky":false,"template":"","format":"standard","meta":{"tdm_status":"","tdm_grid_status":"","footnotes":""},"categories":[39],"tags":[678,1214,115],"class_list":{"0":"post-27863","1":"post","2":"type-post","3":"status-publish","4":"format-standard","5":"has-post-thumbnail","7":"category-noticias-nacionales","8":"tag-periodistas","9":"tag-prensa","10":"tag-violencia"},"yoast_head":"<!-- This site is optimized with the Yoast SEO plugin v27.4 - https:\/\/yoast.com\/product\/yoast-seo-wordpress\/ -->\n<title>Destaca SSPC la captura de 21 presuntos asesinos de periodistas - Fuentes Fidedignas<\/title>\n<meta name=\"robots\" content=\"index, follow, max-snippet:-1, max-image-preview:large, max-video-preview:-1\" \/>\n<link rel=\"canonical\" href=\"https:\/\/fuentesfidedignas.com.mx\/index.php\/2022\/04\/07\/destaca-sspc-la-captura-de-21-presuntos-asesinos-de-periodistas\/\" \/>\n<meta property=\"og:locale\" content=\"es_MX\" \/>\n<meta property=\"og:type\" content=\"article\" \/>\n<meta property=\"og:title\" content=\"Destaca SSPC la captura de 21 presuntos asesinos de periodistas - Fuentes Fidedignas\" \/>\n<meta property=\"og:description\" content=\"La secretaria Rosa Icela Rodr\u00edguez inform\u00f3 que en los 6 casos de comunicadores asesinados hay avances en investigaciones; hay recompensas por 5 sospechosos Ciudad de M\u00e9xico.- Por los homicidios de seis periodistas en 2022 ya hay 21 presuntos criminales detenidos, inform\u00f3 la secretaria de Seguridad y Protecci\u00f3n Ciudadana (SSPC), Rosa Icela Rodr\u00edguez. En conferencia en [&hellip;]\" \/>\n<meta property=\"og:url\" content=\"https:\/\/fuentesfidedignas.com.mx\/index.php\/2022\/04\/07\/destaca-sspc-la-captura-de-21-presuntos-asesinos-de-periodistas\/\" \/>\n<meta property=\"og:site_name\" content=\"Fuentes Fidedignas\" \/>\n<meta property=\"article:publisher\" content=\"https:\/\/www.facebook.com\/Fuentes-Fidedignas-368234489921644\" \/>\n<meta property=\"article:published_time\" content=\"2022-04-07T13:58:51+00:00\" \/>\n<meta property=\"article:modified_time\" content=\"2022-04-07T13:58:52+00:00\" \/>\n<meta property=\"og:image\" content=\"https:\/\/fuentesfidedignas.com.mx\/wp-content\/uploads\/2022\/04\/PRENSA_1.jpg\" \/>\n\t<meta property=\"og:image:width\" content=\"931\" \/>\n\t<meta property=\"og:image:height\" content=\"577\" \/>\n\t<meta property=\"og:image:type\" content=\"image\/jpeg\" \/>\n<meta name=\"author\" content=\"Exc\u00e9lsior\" \/>\n<meta name=\"twitter:card\" content=\"summary_large_image\" \/>\n<meta name=\"twitter:creator\" content=\"@fidedignas\" \/>\n<meta name=\"twitter:site\" content=\"@fidedignas\" \/>\n<meta name=\"twitter:label1\" content=\"Escrito por\" \/>\n\t<meta name=\"twitter:data1\" content=\"Exc\u00e9lsior\" \/>\n\t<meta name=\"twitter:label2\" content=\"Tiempo de lectura\" \/>\n\t<meta name=\"twitter:data2\" content=\"2 minutos\" \/>\n<script type=\"application\/ld+json\" class=\"yoast-schema-graph\">{\"@context\":\"https:\\\/\\\/schema.org\",\"@graph\":[{\"@type\":\"Article\",\"@id\":\"https:\\\/\\\/fuentesfidedignas.com.mx\\\/index.php\\\/2022\\\/04\\\/07\\\/destaca-sspc-la-captura-de-21-presuntos-asesinos-de-periodistas\\\/#article\",\"isPartOf\":{\"@id\":\"https:\\\/\\\/fuentesfidedignas.com.mx\\\/index.php\\\/2022\\\/04\\\/07\\\/destaca-sspc-la-captura-de-21-presuntos-asesinos-de-periodistas\\\/\"},\"author\":{\"name\":\"Exc\u00e9lsior\",\"@id\":\"https:\\\/\\\/fuentesfidedignas.com.mx\\\/#\\\/schema\\\/person\\\/ec4edd1fbf5efa3e44fce34fe2787780\"},\"headline\":\"Destaca SSPC la captura de 21 presuntos asesinos de periodistas\",\"datePublished\":\"2022-04-07T13:58:51+00:00\",\"dateModified\":\"2022-04-07T13:58:52+00:00\",\"mainEntityOfPage\":{\"@id\":\"https:\\\/\\\/fuentesfidedignas.com.mx\\\/index.php\\\/2022\\\/04\\\/07\\\/destaca-sspc-la-captura-de-21-presuntos-asesinos-de-periodistas\\\/\"},\"wordCount\":454,\"commentCount\":0,\"publisher\":{\"@id\":\"https:\\\/\\\/fuentesfidedignas.com.mx\\\/#organization\"},\"image\":{\"@id\":\"https:\\\/\\\/fuentesfidedignas.com.mx\\\/index.php\\\/2022\\\/04\\\/07\\\/destaca-sspc-la-captura-de-21-presuntos-asesinos-de-periodistas\\\/#primaryimage\"},\"thumbnailUrl\":\"https:\\\/\\\/fuentesfidedignas.com.mx\\\/wp-content\\\/uploads\\\/2022\\\/04\\\/PRENSA_1.jpg\",\"keywords\":[\"Periodistas\",\"Prensa\",\"violencia\"],\"articleSection\":[\"NOTICIAS NACIONALES\"],\"inLanguage\":\"es\",\"potentialAction\":[{\"@type\":\"CommentAction\",\"name\":\"Comment\",\"target\":[\"https:\\\/\\\/fuentesfidedignas.com.mx\\\/index.php\\\/2022\\\/04\\\/07\\\/destaca-sspc-la-captura-de-21-presuntos-asesinos-de-periodistas\\\/#respond\"]}]},{\"@type\":\"WebPage\",\"@id\":\"https:\\\/\\\/fuentesfidedignas.com.mx\\\/index.php\\\/2022\\\/04\\\/07\\\/destaca-sspc-la-captura-de-21-presuntos-asesinos-de-periodistas\\\/\",\"url\":\"https:\\\/\\\/fuentesfidedignas.com.mx\\\/index.php\\\/2022\\\/04\\\/07\\\/destaca-sspc-la-captura-de-21-presuntos-asesinos-de-periodistas\\\/\",\"name\":\"Destaca SSPC la captura de 21 presuntos asesinos de periodistas - Fuentes Fidedignas\",\"isPartOf\":{\"@id\":\"https:\\\/\\\/fuentesfidedignas.com.mx\\\/#website\"},\"primaryImageOfPage\":{\"@id\":\"https:\\\/\\\/fuentesfidedignas.com.mx\\\/index.php\\\/2022\\\/04\\\/07\\\/destaca-sspc-la-captura-de-21-presuntos-asesinos-de-periodistas\\\/#primaryimage\"},\"image\":{\"@id\":\"https:\\\/\\\/fuentesfidedignas.com.mx\\\/index.php\\\/2022\\\/04\\\/07\\\/destaca-sspc-la-captura-de-21-presuntos-asesinos-de-periodistas\\\/#primaryimage\"},\"thumbnailUrl\":\"https:\\\/\\\/fuentesfidedignas.com.mx\\\/wp-content\\\/uploads\\\/2022\\\/04\\\/PRENSA_1.jpg\",\"datePublished\":\"2022-04-07T13:58:51+00:00\",\"dateModified\":\"2022-04-07T13:58:52+00:00\",\"breadcrumb\":{\"@id\":\"https:\\\/\\\/fuentesfidedignas.com.mx\\\/index.php\\\/2022\\\/04\\\/07\\\/destaca-sspc-la-captura-de-21-presuntos-asesinos-de-periodistas\\\/#breadcrumb\"},\"inLanguage\":\"es\",\"potentialAction\":[{\"@type\":\"ReadAction\",\"target\":[\"https:\\\/\\\/fuentesfidedignas.com.mx\\\/index.php\\\/2022\\\/04\\\/07\\\/destaca-sspc-la-captura-de-21-presuntos-asesinos-de-periodistas\\\/\"]}]},{\"@type\":\"ImageObject\",\"inLanguage\":\"es\",\"@id\":\"https:\\\/\\\/fuentesfidedignas.com.mx\\\/index.php\\\/2022\\\/04\\\/07\\\/destaca-sspc-la-captura-de-21-presuntos-asesinos-de-periodistas\\\/#primaryimage\",\"url\":\"https:\\\/\\\/fuentesfidedignas.com.mx\\\/wp-content\\\/uploads\\\/2022\\\/04\\\/PRENSA_1.jpg\",\"contentUrl\":\"https:\\\/\\\/fuentesfidedignas.com.mx\\\/wp-content\\\/uploads\\\/2022\\\/04\\\/PRENSA_1.jpg\",\"width\":931,\"height\":577},{\"@type\":\"BreadcrumbList\",\"@id\":\"https:\\\/\\\/fuentesfidedignas.com.mx\\\/index.php\\\/2022\\\/04\\\/07\\\/destaca-sspc-la-captura-de-21-presuntos-asesinos-de-periodistas\\\/#breadcrumb\",\"itemListElement\":[{\"@type\":\"ListItem\",\"position\":1,\"name\":\"Inicio\",\"item\":\"https:\\\/\\\/fuentesfidedignas.com.mx\\\/\"},{\"@type\":\"ListItem\",\"position\":2,\"name\":\"Destaca SSPC la captura de 21 presuntos asesinos de periodistas\"}]},{\"@type\":\"WebSite\",\"@id\":\"https:\\\/\\\/fuentesfidedignas.com.mx\\\/#website\",\"url\":\"https:\\\/\\\/fuentesfidedignas.com.mx\\\/\",\"name\":\"Fuentes Fidedignas\",\"description\":\"Otro sitio realizado con WordPress\",\"publisher\":{\"@id\":\"https:\\\/\\\/fuentesfidedignas.com.mx\\\/#organization\"},\"potentialAction\":[{\"@type\":\"SearchAction\",\"target\":{\"@type\":\"EntryPoint\",\"urlTemplate\":\"https:\\\/\\\/fuentesfidedignas.com.mx\\\/?s={search_term_string}\"},\"query-input\":{\"@type\":\"PropertyValueSpecification\",\"valueRequired\":true,\"valueName\":\"search_term_string\"}}],\"inLanguage\":\"es\"},{\"@type\":\"Organization\",\"@id\":\"https:\\\/\\\/fuentesfidedignas.com.mx\\\/#organization\",\"name\":\"Fuentes Fidedignas\",\"url\":\"https:\\\/\\\/fuentesfidedignas.com.mx\\\/\",\"logo\":{\"@type\":\"ImageObject\",\"inLanguage\":\"es\",\"@id\":\"https:\\\/\\\/fuentesfidedignas.com.mx\\\/#\\\/schema\\\/logo\\\/image\\\/\",\"url\":\"https:\\\/\\\/fuentesfidedignas.com.mx\\\/wp-content\\\/uploads\\\/2021\\\/04\\\/logo-retina.png\",\"contentUrl\":\"https:\\\/\\\/fuentesfidedignas.com.mx\\\/wp-content\\\/uploads\\\/2021\\\/04\\\/logo-retina.png\",\"width\":280,\"height\":51,\"caption\":\"Fuentes Fidedignas\"},\"image\":{\"@id\":\"https:\\\/\\\/fuentesfidedignas.com.mx\\\/#\\\/schema\\\/logo\\\/image\\\/\"},\"sameAs\":[\"https:\\\/\\\/www.facebook.com\\\/Fuentes-Fidedignas-368234489921644\",\"https:\\\/\\\/x.com\\\/fidedignas\"]},{\"@type\":\"Person\",\"@id\":\"https:\\\/\\\/fuentesfidedignas.com.mx\\\/#\\\/schema\\\/person\\\/ec4edd1fbf5efa3e44fce34fe2787780\",\"name\":\"Exc\u00e9lsior\",\"image\":{\"@type\":\"ImageObject\",\"inLanguage\":\"es\",\"@id\":\"https:\\\/\\\/secure.gravatar.com\\\/avatar\\\/4b7ee9206b48be08447852b3f0814dbc7c0f3b51541b164f1464a2725614020b?s=96&d=mm&r=g\",\"url\":\"https:\\\/\\\/secure.gravatar.com\\\/avatar\\\/4b7ee9206b48be08447852b3f0814dbc7c0f3b51541b164f1464a2725614020b?s=96&d=mm&r=g\",\"contentUrl\":\"https:\\\/\\\/secure.gravatar.com\\\/avatar\\\/4b7ee9206b48be08447852b3f0814dbc7c0f3b51541b164f1464a2725614020b?s=96&d=mm&r=g\",\"caption\":\"Exc\u00e9lsior\"},\"url\":\"https:\\\/\\\/fuentesfidedignas.com.mx\\\/index.php\\\/author\\\/excelsior\\\/\"}]}<\/script>\n<!-- \/ Yoast SEO plugin. -->","yoast_head_json":{"title":"Destaca SSPC la captura de 21 presuntos asesinos de periodistas - Fuentes Fidedignas","robots":{"index":"index","follow":"follow","max-snippet":"max-snippet:-1","max-image-preview":"max-image-preview:large","max-video-preview":"max-video-preview:-1"},"canonical":"https:\/\/fuentesfidedignas.com.mx\/index.php\/2022\/04\/07\/destaca-sspc-la-captura-de-21-presuntos-asesinos-de-periodistas\/","og_locale":"es_MX","og_type":"article","og_title":"Destaca SSPC la captura de 21 presuntos asesinos de periodistas - Fuentes Fidedignas","og_description":"La secretaria Rosa Icela Rodr\u00edguez inform\u00f3 que en los 6 casos de comunicadores asesinados hay avances en investigaciones; hay recompensas por 5 sospechosos Ciudad de M\u00e9xico.- Por los homicidios de seis periodistas en 2022 ya hay 21 presuntos criminales detenidos, inform\u00f3 la secretaria de Seguridad y Protecci\u00f3n Ciudadana (SSPC), Rosa Icela Rodr\u00edguez. En conferencia en [&hellip;]","og_url":"https:\/\/fuentesfidedignas.com.mx\/index.php\/2022\/04\/07\/destaca-sspc-la-captura-de-21-presuntos-asesinos-de-periodistas\/","og_site_name":"Fuentes Fidedignas","article_publisher":"https:\/\/www.facebook.com\/Fuentes-Fidedignas-368234489921644","article_published_time":"2022-04-07T13:58:51+00:00","article_modified_time":"2022-04-07T13:58:52+00:00","og_image":[{"width":931,"height":577,"url":"https:\/\/fuentesfidedignas.com.mx\/wp-content\/uploads\/2022\/04\/PRENSA_1.jpg","type":"image\/jpeg"}],"author":"Exc\u00e9lsior","twitter_card":"summary_large_image","twitter_creator":"@fidedignas","twitter_site":"@fidedignas","twitter_misc":{"Escrito por":"Exc\u00e9lsior","Tiempo de lectura":"2 minutos"},"schema":{"@context":"https:\/\/schema.org","@graph":[{"@type":"Article","@id":"https:\/\/fuentesfidedignas.com.mx\/index.php\/2022\/04\/07\/destaca-sspc-la-captura-de-21-presuntos-asesinos-de-periodistas\/#article","isPartOf":{"@id":"https:\/\/fuentesfidedignas.com.mx\/index.php\/2022\/04\/07\/destaca-sspc-la-captura-de-21-presuntos-asesinos-de-periodistas\/"},"author":{"name":"Exc\u00e9lsior","@id":"https:\/\/fuentesfidedignas.com.mx\/#\/schema\/person\/ec4edd1fbf5efa3e44fce34fe2787780"},"headline":"Destaca SSPC la captura de 21 presuntos asesinos de periodistas","datePublished":"2022-04-07T13:58:51+00:00","dateModified":"2022-04-07T13:58:52+00:00","mainEntityOfPage":{"@id":"https:\/\/fuentesfidedignas.com.mx\/index.php\/2022\/04\/07\/destaca-sspc-la-captura-de-21-presuntos-asesinos-de-periodistas\/"},"wordCount":454,"commentCount":0,"publisher":{"@id":"https:\/\/fuentesfidedignas.com.mx\/#organization"},"image":{"@id":"https:\/\/fuentesfidedignas.com.mx\/index.php\/2022\/04\/07\/destaca-sspc-la-captura-de-21-presuntos-asesinos-de-periodistas\/#primaryimage"},"thumbnailUrl":"https:\/\/fuentesfidedignas.com.mx\/wp-content\/uploads\/2022\/04\/PRENSA_1.jpg","keywords":["Periodistas","Prensa","violencia"],"articleSection":["NOTICIAS NACIONALES"],"inLanguage":"es","potentialAction":[{"@type":"CommentAction","name":"Comment","target":["https:\/\/fuentesfidedignas.com.mx\/index.php\/2022\/04\/07\/destaca-sspc-la-captura-de-21-presuntos-asesinos-de-periodistas\/#respond"]}]},{"@type":"WebPage","@id":"https:\/\/fuentesfidedignas.com.mx\/index.php\/2022\/04\/07\/destaca-sspc-la-captura-de-21-presuntos-asesinos-de-periodistas\/","url":"https:\/\/fuentesfidedignas.com.mx\/index.php\/2022\/04\/07\/destaca-sspc-la-captura-de-21-presuntos-asesinos-de-periodistas\/","name":"Destaca SSPC la captura de 21 presuntos asesinos de periodistas - Fuentes Fidedignas","isPartOf":{"@id":"https:\/\/fuentesfidedignas.com.mx\/#website"},"primaryImageOfPage":{"@id":"https:\/\/fuentesfidedignas.com.mx\/index.php\/2022\/04\/07\/destaca-sspc-la-captura-de-21-presuntos-asesinos-de-periodistas\/#primaryimage"},"image":{"@id":"https:\/\/fuentesfidedignas.com.mx\/index.php\/2022\/04\/07\/destaca-sspc-la-captura-de-21-presuntos-asesinos-de-periodistas\/#primaryimage"},"thumbnailUrl":"https:\/\/fuentesfidedignas.com.mx\/wp-content\/uploads\/2022\/04\/PRENSA_1.jpg","datePublished":"2022-04-07T13:58:51+00:00","dateModified":"2022-04-07T13:58:52+00:00","breadcrumb":{"@id":"https:\/\/fuentesfidedignas.com.mx\/index.php\/2022\/04\/07\/destaca-sspc-la-captura-de-21-presuntos-asesinos-de-periodistas\/#breadcrumb"},"inLanguage":"es","potentialAction":[{"@type":"ReadAction","target":["https:\/\/fuentesfidedignas.com.mx\/index.php\/2022\/04\/07\/destaca-sspc-la-captura-de-21-presuntos-asesinos-de-periodistas\/"]}]},{"@type":"ImageObject","inLanguage":"es","@id":"https:\/\/fuentesfidedignas.com.mx\/index.php\/2022\/04\/07\/destaca-sspc-la-captura-de-21-presuntos-asesinos-de-periodistas\/#primaryimage","url":"https:\/\/fuentesfidedignas.com.mx\/wp-content\/uploads\/2022\/04\/PRENSA_1.jpg","contentUrl":"https:\/\/fuentesfidedignas.com.mx\/wp-content\/uploads\/2022\/04\/PRENSA_1.jpg","width":931,"height":577},{"@type":"BreadcrumbList","@id":"https:\/\/fuentesfidedignas.com.mx\/index.php\/2022\/04\/07\/destaca-sspc-la-captura-de-21-presuntos-asesinos-de-periodistas\/#breadcrumb","itemListElement":[{"@type":"ListItem","position":1,"name":"Inicio","item":"https:\/\/fuentesfidedignas.com.mx\/"},{"@type":"ListItem","position":2,"name":"Destaca SSPC la captura de 21 presuntos asesinos de periodistas"}]},{"@type":"WebSite","@id":"https:\/\/fuentesfidedignas.com.mx\/#website","url":"https:\/\/fuentesfidedignas.com.mx\/","name":"Fuentes Fidedignas","description":"Otro sitio realizado con WordPress","publisher":{"@id":"https:\/\/fuentesfidedignas.com.mx\/#organization"},"potentialAction":[{"@type":"SearchAction","target":{"@type":"EntryPoint","urlTemplate":"https:\/\/fuentesfidedignas.com.mx\/?s={search_term_string}"},"query-input":{"@type":"PropertyValueSpecification","valueRequired":true,"valueName":"search_term_string"}}],"inLanguage":"es"},{"@type":"Organization","@id":"https:\/\/fuentesfidedignas.com.mx\/#organization","name":"Fuentes Fidedignas","url":"https:\/\/fuentesfidedignas.com.mx\/","logo":{"@type":"ImageObject","inLanguage":"es","@id":"https:\/\/fuentesfidedignas.com.mx\/#\/schema\/logo\/image\/","url":"https:\/\/fuentesfidedignas.com.mx\/wp-content\/uploads\/2021\/04\/logo-retina.png","contentUrl":"https:\/\/fuentesfidedignas.com.mx\/wp-content\/uploads\/2021\/04\/logo-retina.png","width":280,"height":51,"caption":"Fuentes Fidedignas"},"image":{"@id":"https:\/\/fuentesfidedignas.com.mx\/#\/schema\/logo\/image\/"},"sameAs":["https:\/\/www.facebook.com\/Fuentes-Fidedignas-368234489921644","https:\/\/x.com\/fidedignas"]},{"@type":"Person","@id":"https:\/\/fuentesfidedignas.com.mx\/#\/schema\/person\/ec4edd1fbf5efa3e44fce34fe2787780","name":"Exc\u00e9lsior","image":{"@type":"ImageObject","inLanguage":"es","@id":"https:\/\/secure.gravatar.com\/avatar\/4b7ee9206b48be08447852b3f0814dbc7c0f3b51541b164f1464a2725614020b?s=96&d=mm&r=g","url":"https:\/\/secure.gravatar.com\/avatar\/4b7ee9206b48be08447852b3f0814dbc7c0f3b51541b164f1464a2725614020b?s=96&d=mm&r=g","contentUrl":"https:\/\/secure.gravatar.com\/avatar\/4b7ee9206b48be08447852b3f0814dbc7c0f3b51541b164f1464a2725614020b?s=96&d=mm&r=g","caption":"Exc\u00e9lsior"},"url":"https:\/\/fuentesfidedignas.com.mx\/index.php\/author\/excelsior\/"}]}},"_links":{"self":[{"href":"https:\/\/fuentesfidedignas.com.mx\/index.php\/wp-json\/wp\/v2\/posts\/27863","targetHints":{"allow":["GET"]}}],"collection":[{"href":"https:\/\/fuentesfidedignas.com.mx\/index.php\/wp-json\/wp\/v2\/posts"}],"about":[{"href":"https:\/\/fuentesfidedignas.com.mx\/index.php\/wp-json\/wp\/v2\/types\/post"}],"author":[{"embeddable":true,"href":"https:\/\/fuentesfidedignas.com.mx\/index.php\/wp-json\/wp\/v2\/users\/7"}],"replies":[{"embeddable":true,"href":"https:\/\/fuentesfidedignas.com.mx\/index.php\/wp-json\/wp\/v2\/comments?post=27863"}],"version-history":[{"count":1,"href":"https:\/\/fuentesfidedignas.com.mx\/index.php\/wp-json\/wp\/v2\/posts\/27863\/revisions"}],"predecessor-version":[{"id":27865,"href":"https:\/\/fuentesfidedignas.com.mx\/index.php\/wp-json\/wp\/v2\/posts\/27863\/revisions\/27865"}],"wp:featuredmedia":[{"embeddable":true,"href":"https:\/\/fuentesfidedignas.com.mx\/index.php\/wp-json\/wp\/v2\/media\/27864"}],"wp:attachment":[{"href":"https:\/\/fuentesfidedignas.com.mx\/index.php\/wp-json\/wp\/v2\/media?parent=27863"}],"wp:term":[{"taxonomy":"category","embeddable":true,"href":"https:\/\/fuentesfidedignas.com.mx\/index.php\/wp-json\/wp\/v2\/categories?post=27863"},{"taxonomy":"post_tag","embeddable":true,"href":"https:\/\/fuentesfidedignas.com.mx\/index.php\/wp-json\/wp\/v2\/tags?post=27863"}],"curies":[{"name":"wp","href":"https:\/\/api.w.org\/{rel}","templated":true}]}}