{"id":27848,"date":"2022-04-07T05:08:01","date_gmt":"2022-04-07T12:08:01","guid":{"rendered":"https:\/\/fuentesfidedignas.com.mx\/?p=27848"},"modified":"2022-04-07T05:08:02","modified_gmt":"2022-04-07T12:08:02","slug":"la-uas-recibe-a-deportistas-como-sede-de-la-universiada-regional-2022","status":"publish","type":"post","link":"https:\/\/fuentesfidedignas.com.mx\/index.php\/2022\/04\/07\/la-uas-recibe-a-deportistas-como-sede-de-la-universiada-regional-2022\/","title":{"rendered":"La UAS recibe a deportistas como sede de la Universiada Regional 2022"},"content":{"rendered":"\n<p><strong><em>La Universiada Regional 2022 que re\u00fane a cerca de 520 deportistas, entrenadores, cuerpo t\u00e9cnico y m\u00e9dico, de 20 instituciones del noroeste del pa\u00eds.<\/em><\/strong><\/p>\n\n\n\n<p>Culiac\u00e1n, Sin.- Tras dos a\u00f1os de receso en las competencias derivado de la pandemia por COVID-19, el deporte universitario se re\u00fane nuevamente y es la Universidad Aut\u00f3noma de Sinaloa (UAS) sede y anfitriona de la Universiada Regional 2022 que re\u00fane a cerca de 520 deportistas, entrenadores, cuerpo t\u00e9cnico y m\u00e9dico, de 20 instituciones del noroeste del pa\u00eds.<\/p>\n\n\n\n<p>En representaci\u00f3n del Rector de la UAS, doctor Jes\u00fas Madue\u00f1a Molina, el Secretario General, doctor Gerardo Alapizco Castro, inaugur\u00f3 este evento y dio la bienvenida a los atletas de universidades e institutos tecnol\u00f3gicos de Baja California, Baja California Sur, Sonora y Sinaloa ante la presencia del Secretario General Ejecutivo del Consejo Nacional del Deporte de la Educaci\u00f3n (CONDDE), doctor Manuel Alan Merodio Reza,<\/p>\n\n\n\n<p>\u201cDurante los \u00faltimos d\u00edas miles de estudiantes se han movilizado por toda la Rep\u00fablica para ser parte de una de las convivencias m\u00e1s sanas y demandantes que existe en la educaci\u00f3n superior: la Universiada, la cual se encuentra en su etapa regional, hoy corresponde a la Universidad Aut\u00f3noma de Sinaloa recibir a los competidores en deportes como atletismo, b\u00e9isbol, tochito, ajedrez, basquetbol tres por tres\u201d, expres\u00f3 el funcionario de la UAS en la ceremonia inaugural.<\/p>\n\n\n\n<p>Enfatiz\u00f3 que en la UAS el deporte ocupa un sitio muy especial y hoy le complace ser sede de un evento de tan alta calidad a trav\u00e9s del cual se manda un mensaje de disciplina, tenacidad, talento, amistad y respeto entre deportistas e instituciones y un mensaje en favor de la paz y los valores, as\u00ed mismo se refiri\u00f3 al apoyo y esfuerzo del Rector, doctor Jes\u00fas Madue\u00f1a Molina por rehabilitar los espacios deportivos en la Universidad por lo que se esperan excelentes resultados de esta justa deportiva y se mantenga entre las 10 mejores universidades en el medallero.<\/p>\n\n\n\n<p>El Director General de Deportes de la UAS, doctor Gilberto Berrelleza Reyes, se\u00f1al\u00f3 que luego de un esfuerzo colectivo entre los rectores del ITSON, UABC, la UAS y el CONDDE se logra este evento y comparti\u00f3 que la UAS siempre ha tenido la garra y tenacidad de competir con otras universidades de gran nivel.<\/p>\n\n\n\n<p>\u201cLas expectativas son buenas, sabemos que despu\u00e9s de esta pandemia son nuevas generaciones (\u2026) la UAS va a estar representada a nivel nacional e internacional\u201d, expres\u00f3.<\/p>\n\n\n\n<p>El Secretario General Ejecutivo del CONDDE, Manuel Alan Merodio Reza, dese\u00f3 el mayor de los \u00e9xitos a los deportistas y se mostr\u00f3 sorprendido por la calidad de las instalaciones de la UAS.<\/p>\n\n\n\n<p>Correspondi\u00f3 al atleta destacado, V\u00edctor Alonso Castro Cuevas, representante de M\u00e9xico en los Juegos Panamericanos Junior 2022 en Cali, Colombia, hacer el juramento deportivo. Estuvieron presentes tambi\u00e9n los delegados estatales del CONDDE de los estados participantes.<\/p>\n\n\n\n<p>&#8212;<\/p>\n","protected":false},"excerpt":{"rendered":"<p>La Universiada Regional 2022 que re\u00fane a cerca de 520 deportistas, entrenadores, cuerpo t\u00e9cnico y m\u00e9dico, de 20 instituciones del noroeste del pa\u00eds. Culiac\u00e1n, Sin.- Tras dos a\u00f1os de receso en las competencias derivado de la pandemia por COVID-19, el deporte universitario se re\u00fane nuevamente y es la Universidad Aut\u00f3noma de Sinaloa (UAS) sede y [&hellip;]<\/p>\n","protected":false},"author":4,"featured_media":27849,"comment_status":"open","ping_status":"open","sticky":false,"template":"","format":"standard","meta":{"tdm_status":"","tdm_grid_status":"","footnotes":""},"categories":[37],"tags":[2590,81,234],"class_list":{"0":"post-27848","1":"post","2":"type-post","3":"status-publish","4":"format-standard","5":"has-post-thumbnail","7":"category-nota-principal","8":"tag-deporte","9":"tag-uas","10":"tag-universidad-autonoma-de-sinaloa"},"yoast_head":"<!-- This site is optimized with the Yoast SEO plugin v27.5 - https:\/\/yoast.com\/product\/yoast-seo-wordpress\/ -->\n<title>La UAS recibe a deportistas como sede de la Universiada Regional 2022 - Fuentes Fidedignas<\/title>\n<meta name=\"robots\" content=\"index, follow, max-snippet:-1, max-image-preview:large, max-video-preview:-1\" \/>\n<link rel=\"canonical\" href=\"https:\/\/fuentesfidedignas.com.mx\/index.php\/2022\/04\/07\/la-uas-recibe-a-deportistas-como-sede-de-la-universiada-regional-2022\/\" \/>\n<meta property=\"og:locale\" content=\"es_MX\" \/>\n<meta property=\"og:type\" content=\"article\" \/>\n<meta property=\"og:title\" content=\"La UAS recibe a deportistas como sede de la Universiada Regional 2022 - Fuentes Fidedignas\" \/>\n<meta property=\"og:description\" content=\"La Universiada Regional 2022 que re\u00fane a cerca de 520 deportistas, entrenadores, cuerpo t\u00e9cnico y m\u00e9dico, de 20 instituciones del noroeste del pa\u00eds. Culiac\u00e1n, Sin.- Tras dos a\u00f1os de receso en las competencias derivado de la pandemia por COVID-19, el deporte universitario se re\u00fane nuevamente y es la Universidad Aut\u00f3noma de Sinaloa (UAS) sede y [&hellip;]\" \/>\n<meta property=\"og:url\" content=\"https:\/\/fuentesfidedignas.com.mx\/index.php\/2022\/04\/07\/la-uas-recibe-a-deportistas-como-sede-de-la-universiada-regional-2022\/\" \/>\n<meta property=\"og:site_name\" content=\"Fuentes Fidedignas\" \/>\n<meta property=\"article:publisher\" content=\"https:\/\/www.facebook.com\/Fuentes-Fidedignas-368234489921644\" \/>\n<meta property=\"article:published_time\" content=\"2022-04-07T12:08:01+00:00\" \/>\n<meta property=\"article:modified_time\" content=\"2022-04-07T12:08:02+00:00\" \/>\n<meta property=\"og:image\" content=\"https:\/\/fuentesfidedignas.com.mx\/wp-content\/uploads\/2022\/04\/Universiada-Regional-2022-2.jpg\" \/>\n\t<meta property=\"og:image:width\" content=\"1280\" \/>\n\t<meta property=\"og:image:height\" content=\"853\" \/>\n\t<meta property=\"og:image:type\" content=\"image\/jpeg\" \/>\n<meta name=\"author\" content=\"Redacci\u00f3n\" \/>\n<meta name=\"twitter:card\" content=\"summary_large_image\" \/>\n<meta name=\"twitter:creator\" content=\"@fidedignas\" \/>\n<meta name=\"twitter:site\" content=\"@fidedignas\" \/>\n<meta name=\"twitter:label1\" content=\"Escrito por\" \/>\n\t<meta name=\"twitter:data1\" content=\"Redacci\u00f3n\" \/>\n\t<meta name=\"twitter:label2\" content=\"Tiempo de lectura\" \/>\n\t<meta name=\"twitter:data2\" content=\"3 minutos\" \/>\n<script type=\"application\/ld+json\" class=\"yoast-schema-graph\">{\"@context\":\"https:\\\/\\\/schema.org\",\"@graph\":[{\"@type\":\"Article\",\"@id\":\"https:\\\/\\\/fuentesfidedignas.com.mx\\\/index.php\\\/2022\\\/04\\\/07\\\/la-uas-recibe-a-deportistas-como-sede-de-la-universiada-regional-2022\\\/#article\",\"isPartOf\":{\"@id\":\"https:\\\/\\\/fuentesfidedignas.com.mx\\\/index.php\\\/2022\\\/04\\\/07\\\/la-uas-recibe-a-deportistas-como-sede-de-la-universiada-regional-2022\\\/\"},\"author\":{\"name\":\"Redacci\u00f3n\",\"@id\":\"https:\\\/\\\/fuentesfidedignas.com.mx\\\/#\\\/schema\\\/person\\\/331be9283d37198e2acd5750279085b0\"},\"headline\":\"La UAS recibe a deportistas como sede de la Universiada Regional 2022\",\"datePublished\":\"2022-04-07T12:08:01+00:00\",\"dateModified\":\"2022-04-07T12:08:02+00:00\",\"mainEntityOfPage\":{\"@id\":\"https:\\\/\\\/fuentesfidedignas.com.mx\\\/index.php\\\/2022\\\/04\\\/07\\\/la-uas-recibe-a-deportistas-como-sede-de-la-universiada-regional-2022\\\/\"},\"wordCount\":500,\"commentCount\":0,\"publisher\":{\"@id\":\"https:\\\/\\\/fuentesfidedignas.com.mx\\\/#organization\"},\"image\":{\"@id\":\"https:\\\/\\\/fuentesfidedignas.com.mx\\\/index.php\\\/2022\\\/04\\\/07\\\/la-uas-recibe-a-deportistas-como-sede-de-la-universiada-regional-2022\\\/#primaryimage\"},\"thumbnailUrl\":\"https:\\\/\\\/fuentesfidedignas.com.mx\\\/wp-content\\\/uploads\\\/2022\\\/04\\\/Universiada-Regional-2022-2.jpg\",\"keywords\":[\"Deporte\",\"UAS\",\"Universidad Aut\u00f3noma de Sinaloa\"],\"articleSection\":[\"NOTA PRINCIPAL\"],\"inLanguage\":\"es\",\"potentialAction\":[{\"@type\":\"CommentAction\",\"name\":\"Comment\",\"target\":[\"https:\\\/\\\/fuentesfidedignas.com.mx\\\/index.php\\\/2022\\\/04\\\/07\\\/la-uas-recibe-a-deportistas-como-sede-de-la-universiada-regional-2022\\\/#respond\"]}]},{\"@type\":\"WebPage\",\"@id\":\"https:\\\/\\\/fuentesfidedignas.com.mx\\\/index.php\\\/2022\\\/04\\\/07\\\/la-uas-recibe-a-deportistas-como-sede-de-la-universiada-regional-2022\\\/\",\"url\":\"https:\\\/\\\/fuentesfidedignas.com.mx\\\/index.php\\\/2022\\\/04\\\/07\\\/la-uas-recibe-a-deportistas-como-sede-de-la-universiada-regional-2022\\\/\",\"name\":\"La UAS recibe a deportistas como sede de la Universiada Regional 2022 - Fuentes Fidedignas\",\"isPartOf\":{\"@id\":\"https:\\\/\\\/fuentesfidedignas.com.mx\\\/#website\"},\"primaryImageOfPage\":{\"@id\":\"https:\\\/\\\/fuentesfidedignas.com.mx\\\/index.php\\\/2022\\\/04\\\/07\\\/la-uas-recibe-a-deportistas-como-sede-de-la-universiada-regional-2022\\\/#primaryimage\"},\"image\":{\"@id\":\"https:\\\/\\\/fuentesfidedignas.com.mx\\\/index.php\\\/2022\\\/04\\\/07\\\/la-uas-recibe-a-deportistas-como-sede-de-la-universiada-regional-2022\\\/#primaryimage\"},\"thumbnailUrl\":\"https:\\\/\\\/fuentesfidedignas.com.mx\\\/wp-content\\\/uploads\\\/2022\\\/04\\\/Universiada-Regional-2022-2.jpg\",\"datePublished\":\"2022-04-07T12:08:01+00:00\",\"dateModified\":\"2022-04-07T12:08:02+00:00\",\"breadcrumb\":{\"@id\":\"https:\\\/\\\/fuentesfidedignas.com.mx\\\/index.php\\\/2022\\\/04\\\/07\\\/la-uas-recibe-a-deportistas-como-sede-de-la-universiada-regional-2022\\\/#breadcrumb\"},\"inLanguage\":\"es\",\"potentialAction\":[{\"@type\":\"ReadAction\",\"target\":[\"https:\\\/\\\/fuentesfidedignas.com.mx\\\/index.php\\\/2022\\\/04\\\/07\\\/la-uas-recibe-a-deportistas-como-sede-de-la-universiada-regional-2022\\\/\"]}]},{\"@type\":\"ImageObject\",\"inLanguage\":\"es\",\"@id\":\"https:\\\/\\\/fuentesfidedignas.com.mx\\\/index.php\\\/2022\\\/04\\\/07\\\/la-uas-recibe-a-deportistas-como-sede-de-la-universiada-regional-2022\\\/#primaryimage\",\"url\":\"https:\\\/\\\/fuentesfidedignas.com.mx\\\/wp-content\\\/uploads\\\/2022\\\/04\\\/Universiada-Regional-2022-2.jpg\",\"contentUrl\":\"https:\\\/\\\/fuentesfidedignas.com.mx\\\/wp-content\\\/uploads\\\/2022\\\/04\\\/Universiada-Regional-2022-2.jpg\",\"width\":1280,\"height\":853},{\"@type\":\"BreadcrumbList\",\"@id\":\"https:\\\/\\\/fuentesfidedignas.com.mx\\\/index.php\\\/2022\\\/04\\\/07\\\/la-uas-recibe-a-deportistas-como-sede-de-la-universiada-regional-2022\\\/#breadcrumb\",\"itemListElement\":[{\"@type\":\"ListItem\",\"position\":1,\"name\":\"Inicio\",\"item\":\"https:\\\/\\\/fuentesfidedignas.com.mx\\\/\"},{\"@type\":\"ListItem\",\"position\":2,\"name\":\"La UAS recibe a deportistas como sede de la Universiada Regional 2022\"}]},{\"@type\":\"WebSite\",\"@id\":\"https:\\\/\\\/fuentesfidedignas.com.mx\\\/#website\",\"url\":\"https:\\\/\\\/fuentesfidedignas.com.mx\\\/\",\"name\":\"Fuentes Fidedignas\",\"description\":\"Otro sitio realizado con WordPress\",\"publisher\":{\"@id\":\"https:\\\/\\\/fuentesfidedignas.com.mx\\\/#organization\"},\"potentialAction\":[{\"@type\":\"SearchAction\",\"target\":{\"@type\":\"EntryPoint\",\"urlTemplate\":\"https:\\\/\\\/fuentesfidedignas.com.mx\\\/?s={search_term_string}\"},\"query-input\":{\"@type\":\"PropertyValueSpecification\",\"valueRequired\":true,\"valueName\":\"search_term_string\"}}],\"inLanguage\":\"es\"},{\"@type\":\"Organization\",\"@id\":\"https:\\\/\\\/fuentesfidedignas.com.mx\\\/#organization\",\"name\":\"Fuentes Fidedignas\",\"url\":\"https:\\\/\\\/fuentesfidedignas.com.mx\\\/\",\"logo\":{\"@type\":\"ImageObject\",\"inLanguage\":\"es\",\"@id\":\"https:\\\/\\\/fuentesfidedignas.com.mx\\\/#\\\/schema\\\/logo\\\/image\\\/\",\"url\":\"https:\\\/\\\/fuentesfidedignas.com.mx\\\/wp-content\\\/uploads\\\/2021\\\/04\\\/logo-retina.png\",\"contentUrl\":\"https:\\\/\\\/fuentesfidedignas.com.mx\\\/wp-content\\\/uploads\\\/2021\\\/04\\\/logo-retina.png\",\"width\":280,\"height\":51,\"caption\":\"Fuentes Fidedignas\"},\"image\":{\"@id\":\"https:\\\/\\\/fuentesfidedignas.com.mx\\\/#\\\/schema\\\/logo\\\/image\\\/\"},\"sameAs\":[\"https:\\\/\\\/www.facebook.com\\\/Fuentes-Fidedignas-368234489921644\",\"https:\\\/\\\/x.com\\\/fidedignas\"]},{\"@type\":\"Person\",\"@id\":\"https:\\\/\\\/fuentesfidedignas.com.mx\\\/#\\\/schema\\\/person\\\/331be9283d37198e2acd5750279085b0\",\"name\":\"Redacci\u00f3n\",\"image\":{\"@type\":\"ImageObject\",\"inLanguage\":\"es\",\"@id\":\"https:\\\/\\\/secure.gravatar.com\\\/avatar\\\/f6d8782c11d12b2d4ad3fbb6931aeab5309937a4d6cd2fc9cfaa28a6396a5aec?s=96&d=mm&r=g\",\"url\":\"https:\\\/\\\/secure.gravatar.com\\\/avatar\\\/f6d8782c11d12b2d4ad3fbb6931aeab5309937a4d6cd2fc9cfaa28a6396a5aec?s=96&d=mm&r=g\",\"contentUrl\":\"https:\\\/\\\/secure.gravatar.com\\\/avatar\\\/f6d8782c11d12b2d4ad3fbb6931aeab5309937a4d6cd2fc9cfaa28a6396a5aec?s=96&d=mm&r=g\",\"caption\":\"Redacci\u00f3n\"},\"url\":\"https:\\\/\\\/fuentesfidedignas.com.mx\\\/index.php\\\/author\\\/redaccion\\\/\"}]}<\/script>\n<!-- \/ Yoast SEO plugin. -->","yoast_head_json":{"title":"La UAS recibe a deportistas como sede de la Universiada Regional 2022 - Fuentes Fidedignas","robots":{"index":"index","follow":"follow","max-snippet":"max-snippet:-1","max-image-preview":"max-image-preview:large","max-video-preview":"max-video-preview:-1"},"canonical":"https:\/\/fuentesfidedignas.com.mx\/index.php\/2022\/04\/07\/la-uas-recibe-a-deportistas-como-sede-de-la-universiada-regional-2022\/","og_locale":"es_MX","og_type":"article","og_title":"La UAS recibe a deportistas como sede de la Universiada Regional 2022 - Fuentes Fidedignas","og_description":"La Universiada Regional 2022 que re\u00fane a cerca de 520 deportistas, entrenadores, cuerpo t\u00e9cnico y m\u00e9dico, de 20 instituciones del noroeste del pa\u00eds. Culiac\u00e1n, Sin.- Tras dos a\u00f1os de receso en las competencias derivado de la pandemia por COVID-19, el deporte universitario se re\u00fane nuevamente y es la Universidad Aut\u00f3noma de Sinaloa (UAS) sede y [&hellip;]","og_url":"https:\/\/fuentesfidedignas.com.mx\/index.php\/2022\/04\/07\/la-uas-recibe-a-deportistas-como-sede-de-la-universiada-regional-2022\/","og_site_name":"Fuentes Fidedignas","article_publisher":"https:\/\/www.facebook.com\/Fuentes-Fidedignas-368234489921644","article_published_time":"2022-04-07T12:08:01+00:00","article_modified_time":"2022-04-07T12:08:02+00:00","og_image":[{"width":1280,"height":853,"url":"https:\/\/fuentesfidedignas.com.mx\/wp-content\/uploads\/2022\/04\/Universiada-Regional-2022-2.jpg","type":"image\/jpeg"}],"author":"Redacci\u00f3n","twitter_card":"summary_large_image","twitter_creator":"@fidedignas","twitter_site":"@fidedignas","twitter_misc":{"Escrito por":"Redacci\u00f3n","Tiempo de lectura":"3 minutos"},"schema":{"@context":"https:\/\/schema.org","@graph":[{"@type":"Article","@id":"https:\/\/fuentesfidedignas.com.mx\/index.php\/2022\/04\/07\/la-uas-recibe-a-deportistas-como-sede-de-la-universiada-regional-2022\/#article","isPartOf":{"@id":"https:\/\/fuentesfidedignas.com.mx\/index.php\/2022\/04\/07\/la-uas-recibe-a-deportistas-como-sede-de-la-universiada-regional-2022\/"},"author":{"name":"Redacci\u00f3n","@id":"https:\/\/fuentesfidedignas.com.mx\/#\/schema\/person\/331be9283d37198e2acd5750279085b0"},"headline":"La UAS recibe a deportistas como sede de la Universiada Regional 2022","datePublished":"2022-04-07T12:08:01+00:00","dateModified":"2022-04-07T12:08:02+00:00","mainEntityOfPage":{"@id":"https:\/\/fuentesfidedignas.com.mx\/index.php\/2022\/04\/07\/la-uas-recibe-a-deportistas-como-sede-de-la-universiada-regional-2022\/"},"wordCount":500,"commentCount":0,"publisher":{"@id":"https:\/\/fuentesfidedignas.com.mx\/#organization"},"image":{"@id":"https:\/\/fuentesfidedignas.com.mx\/index.php\/2022\/04\/07\/la-uas-recibe-a-deportistas-como-sede-de-la-universiada-regional-2022\/#primaryimage"},"thumbnailUrl":"https:\/\/fuentesfidedignas.com.mx\/wp-content\/uploads\/2022\/04\/Universiada-Regional-2022-2.jpg","keywords":["Deporte","UAS","Universidad Aut\u00f3noma de Sinaloa"],"articleSection":["NOTA PRINCIPAL"],"inLanguage":"es","potentialAction":[{"@type":"CommentAction","name":"Comment","target":["https:\/\/fuentesfidedignas.com.mx\/index.php\/2022\/04\/07\/la-uas-recibe-a-deportistas-como-sede-de-la-universiada-regional-2022\/#respond"]}]},{"@type":"WebPage","@id":"https:\/\/fuentesfidedignas.com.mx\/index.php\/2022\/04\/07\/la-uas-recibe-a-deportistas-como-sede-de-la-universiada-regional-2022\/","url":"https:\/\/fuentesfidedignas.com.mx\/index.php\/2022\/04\/07\/la-uas-recibe-a-deportistas-como-sede-de-la-universiada-regional-2022\/","name":"La UAS recibe a deportistas como sede de la Universiada Regional 2022 - Fuentes Fidedignas","isPartOf":{"@id":"https:\/\/fuentesfidedignas.com.mx\/#website"},"primaryImageOfPage":{"@id":"https:\/\/fuentesfidedignas.com.mx\/index.php\/2022\/04\/07\/la-uas-recibe-a-deportistas-como-sede-de-la-universiada-regional-2022\/#primaryimage"},"image":{"@id":"https:\/\/fuentesfidedignas.com.mx\/index.php\/2022\/04\/07\/la-uas-recibe-a-deportistas-como-sede-de-la-universiada-regional-2022\/#primaryimage"},"thumbnailUrl":"https:\/\/fuentesfidedignas.com.mx\/wp-content\/uploads\/2022\/04\/Universiada-Regional-2022-2.jpg","datePublished":"2022-04-07T12:08:01+00:00","dateModified":"2022-04-07T12:08:02+00:00","breadcrumb":{"@id":"https:\/\/fuentesfidedignas.com.mx\/index.php\/2022\/04\/07\/la-uas-recibe-a-deportistas-como-sede-de-la-universiada-regional-2022\/#breadcrumb"},"inLanguage":"es","potentialAction":[{"@type":"ReadAction","target":["https:\/\/fuentesfidedignas.com.mx\/index.php\/2022\/04\/07\/la-uas-recibe-a-deportistas-como-sede-de-la-universiada-regional-2022\/"]}]},{"@type":"ImageObject","inLanguage":"es","@id":"https:\/\/fuentesfidedignas.com.mx\/index.php\/2022\/04\/07\/la-uas-recibe-a-deportistas-como-sede-de-la-universiada-regional-2022\/#primaryimage","url":"https:\/\/fuentesfidedignas.com.mx\/wp-content\/uploads\/2022\/04\/Universiada-Regional-2022-2.jpg","contentUrl":"https:\/\/fuentesfidedignas.com.mx\/wp-content\/uploads\/2022\/04\/Universiada-Regional-2022-2.jpg","width":1280,"height":853},{"@type":"BreadcrumbList","@id":"https:\/\/fuentesfidedignas.com.mx\/index.php\/2022\/04\/07\/la-uas-recibe-a-deportistas-como-sede-de-la-universiada-regional-2022\/#breadcrumb","itemListElement":[{"@type":"ListItem","position":1,"name":"Inicio","item":"https:\/\/fuentesfidedignas.com.mx\/"},{"@type":"ListItem","position":2,"name":"La UAS recibe a deportistas como sede de la Universiada Regional 2022"}]},{"@type":"WebSite","@id":"https:\/\/fuentesfidedignas.com.mx\/#website","url":"https:\/\/fuentesfidedignas.com.mx\/","name":"Fuentes Fidedignas","description":"Otro sitio realizado con WordPress","publisher":{"@id":"https:\/\/fuentesfidedignas.com.mx\/#organization"},"potentialAction":[{"@type":"SearchAction","target":{"@type":"EntryPoint","urlTemplate":"https:\/\/fuentesfidedignas.com.mx\/?s={search_term_string}"},"query-input":{"@type":"PropertyValueSpecification","valueRequired":true,"valueName":"search_term_string"}}],"inLanguage":"es"},{"@type":"Organization","@id":"https:\/\/fuentesfidedignas.com.mx\/#organization","name":"Fuentes Fidedignas","url":"https:\/\/fuentesfidedignas.com.mx\/","logo":{"@type":"ImageObject","inLanguage":"es","@id":"https:\/\/fuentesfidedignas.com.mx\/#\/schema\/logo\/image\/","url":"https:\/\/fuentesfidedignas.com.mx\/wp-content\/uploads\/2021\/04\/logo-retina.png","contentUrl":"https:\/\/fuentesfidedignas.com.mx\/wp-content\/uploads\/2021\/04\/logo-retina.png","width":280,"height":51,"caption":"Fuentes Fidedignas"},"image":{"@id":"https:\/\/fuentesfidedignas.com.mx\/#\/schema\/logo\/image\/"},"sameAs":["https:\/\/www.facebook.com\/Fuentes-Fidedignas-368234489921644","https:\/\/x.com\/fidedignas"]},{"@type":"Person","@id":"https:\/\/fuentesfidedignas.com.mx\/#\/schema\/person\/331be9283d37198e2acd5750279085b0","name":"Redacci\u00f3n","image":{"@type":"ImageObject","inLanguage":"es","@id":"https:\/\/secure.gravatar.com\/avatar\/f6d8782c11d12b2d4ad3fbb6931aeab5309937a4d6cd2fc9cfaa28a6396a5aec?s=96&d=mm&r=g","url":"https:\/\/secure.gravatar.com\/avatar\/f6d8782c11d12b2d4ad3fbb6931aeab5309937a4d6cd2fc9cfaa28a6396a5aec?s=96&d=mm&r=g","contentUrl":"https:\/\/secure.gravatar.com\/avatar\/f6d8782c11d12b2d4ad3fbb6931aeab5309937a4d6cd2fc9cfaa28a6396a5aec?s=96&d=mm&r=g","caption":"Redacci\u00f3n"},"url":"https:\/\/fuentesfidedignas.com.mx\/index.php\/author\/redaccion\/"}]}},"_links":{"self":[{"href":"https:\/\/fuentesfidedignas.com.mx\/index.php\/wp-json\/wp\/v2\/posts\/27848","targetHints":{"allow":["GET"]}}],"collection":[{"href":"https:\/\/fuentesfidedignas.com.mx\/index.php\/wp-json\/wp\/v2\/posts"}],"about":[{"href":"https:\/\/fuentesfidedignas.com.mx\/index.php\/wp-json\/wp\/v2\/types\/post"}],"author":[{"embeddable":true,"href":"https:\/\/fuentesfidedignas.com.mx\/index.php\/wp-json\/wp\/v2\/users\/4"}],"replies":[{"embeddable":true,"href":"https:\/\/fuentesfidedignas.com.mx\/index.php\/wp-json\/wp\/v2\/comments?post=27848"}],"version-history":[{"count":1,"href":"https:\/\/fuentesfidedignas.com.mx\/index.php\/wp-json\/wp\/v2\/posts\/27848\/revisions"}],"predecessor-version":[{"id":27850,"href":"https:\/\/fuentesfidedignas.com.mx\/index.php\/wp-json\/wp\/v2\/posts\/27848\/revisions\/27850"}],"wp:featuredmedia":[{"embeddable":true,"href":"https:\/\/fuentesfidedignas.com.mx\/index.php\/wp-json\/wp\/v2\/media\/27849"}],"wp:attachment":[{"href":"https:\/\/fuentesfidedignas.com.mx\/index.php\/wp-json\/wp\/v2\/media?parent=27848"}],"wp:term":[{"taxonomy":"category","embeddable":true,"href":"https:\/\/fuentesfidedignas.com.mx\/index.php\/wp-json\/wp\/v2\/categories?post=27848"},{"taxonomy":"post_tag","embeddable":true,"href":"https:\/\/fuentesfidedignas.com.mx\/index.php\/wp-json\/wp\/v2\/tags?post=27848"}],"curies":[{"name":"wp","href":"https:\/\/api.w.org\/{rel}","templated":true}]}}