{"id":27820,"date":"2022-04-06T13:45:13","date_gmt":"2022-04-06T20:45:13","guid":{"rendered":"https:\/\/fuentesfidedignas.com.mx\/?p=27820"},"modified":"2022-04-06T13:45:29","modified_gmt":"2022-04-06T20:45:29","slug":"llaman-a-acudir-a-jornada-de-vacunacion-para-segunda-y-tercera-dosis-contra-covid-19","status":"publish","type":"post","link":"https:\/\/fuentesfidedignas.com.mx\/index.php\/2022\/04\/06\/llaman-a-acudir-a-jornada-de-vacunacion-para-segunda-y-tercera-dosis-contra-covid-19\/","title":{"rendered":"Llaman a acudir a Jornada de Vacunaci\u00f3n para segunda y tercera dosis contra Covid-19"},"content":{"rendered":"\n<p><strong><em>Iniciar\u00e1 a las 9 de la ma\u00f1ana en el Covitario Culiac\u00e1n ubicado en Calle Cuitl\u00e1huac #3566, colonia Rosario Uz\u00e1rraga y la vacuna que se aplicar\u00e1 ser\u00e1 AstraZeneca<\/em><\/strong><\/p>\n\n\n\n<p>Culiac\u00e1n, Sin.- La Direcci\u00f3n de Salud Municipal en respuesta a la solicitud de la Delegaci\u00f3n del IMSS en Sinaloa, realizar\u00e1 una Jornada de Vacunaci\u00f3n dirigida a mayores de 18 a\u00f1os que les haga falta la segunda o tercera dosis contra COVID-19, esto en las instalaciones del Covitario Culiac\u00e1n.<\/p>\n\n\n\n<p>El objetivo es reforzar la salud de los culiacanenses contra la enfermedad que sigue vigente, por lo que se invita a los habitantes cercanos a la colonia Rosario Uz\u00e1rraga que es donde se ubica el Covitario, a que acudan, aunque la invitaci\u00f3n se extiende tambi\u00e9n al p\u00fablico en general, explic\u00f3 la directora de Salud Municipal Dra. Martha Alicia Torres Reyes.<\/p>\n\n\n\n<p>\u201cHemos abrazado la solicitud de participaci\u00f3n, de colaboraci\u00f3n que nos hizo la Dra. Tania para que apoyemos a la gente que no se haya vacunado pues tenga su segunda o su tercera dosis que le haga falta, en este caso nosotros como Covitario Culiac\u00e1n estamos haciendo un llamado a las colonias que est\u00e1n aleda\u00f1as a la Rosario Uz\u00e1rraga para que acudan el d\u00eda de ma\u00f1ana jueves para que adquieran la dosis de vacuna que les hace falta\u201d, dijo.<\/p>\n\n\n\n<p>La titular de salud en el municipio, precis\u00f3 que la jornada iniciar\u00e1 a las 9 de la ma\u00f1ana en el Covitario Culiac\u00e1n ubicado en Calle Cuitl\u00e1huac #3566, colonia Rosario Uz\u00e1rraga y la vacuna que se aplicar\u00e1 ser\u00e1 AstraZeneca; a las personas que acudan se les pide llevar su comprobante de la dosis m\u00e1s reciente que hayan recibido.<\/p>\n\n\n\n<p>Asimismo, indic\u00f3 que fue en la Sesi\u00f3n Extraordinaria donde se realiz\u00f3 la Instalaci\u00f3n del Consejo Municipal de Protecci\u00f3n Civil donde surgi\u00f3 la propuesta de esta Jornada por parte de la delegada del IMSS Tania Clarissa Medina L\u00f3pez, instituci\u00f3n que estar\u00e1 a cargo de las dosis y donde el municipio apoyar\u00e1 en la aplicaci\u00f3n.<\/p>\n","protected":false},"excerpt":{"rendered":"<p>Iniciar\u00e1 a las 9 de la ma\u00f1ana en el Covitario Culiac\u00e1n ubicado en Calle Cuitl\u00e1huac #3566, colonia Rosario Uz\u00e1rraga y la vacuna que se aplicar\u00e1 ser\u00e1 AstraZeneca Culiac\u00e1n, Sin.- La Direcci\u00f3n de Salud Municipal en respuesta a la solicitud de la Delegaci\u00f3n del IMSS en Sinaloa, realizar\u00e1 una Jornada de Vacunaci\u00f3n dirigida a mayores de [&hellip;]<\/p>\n","protected":false},"author":4,"featured_media":27822,"comment_status":"open","ping_status":"open","sticky":false,"template":"","format":"standard","meta":{"tdm_status":"","tdm_grid_status":"","footnotes":""},"categories":[37],"tags":[332,59,416,407],"class_list":{"0":"post-27820","1":"post","2":"type-post","3":"status-publish","4":"format-standard","5":"has-post-thumbnail","7":"category-nota-principal","8":"tag-coronavirus","9":"tag-covid-19","10":"tag-sars-cov-2","11":"tag-vacuna-anticovid"},"yoast_head":"<!-- This site is optimized with the Yoast SEO plugin v27.5 - https:\/\/yoast.com\/product\/yoast-seo-wordpress\/ -->\n<title>Llaman a acudir a Jornada de Vacunaci\u00f3n para segunda y tercera dosis contra Covid-19 - Fuentes Fidedignas<\/title>\n<meta name=\"robots\" content=\"index, follow, max-snippet:-1, max-image-preview:large, max-video-preview:-1\" \/>\n<link rel=\"canonical\" href=\"https:\/\/fuentesfidedignas.com.mx\/index.php\/2022\/04\/06\/llaman-a-acudir-a-jornada-de-vacunacion-para-segunda-y-tercera-dosis-contra-covid-19\/\" \/>\n<meta property=\"og:locale\" content=\"es_MX\" \/>\n<meta property=\"og:type\" content=\"article\" \/>\n<meta property=\"og:title\" content=\"Llaman a acudir a Jornada de Vacunaci\u00f3n para segunda y tercera dosis contra Covid-19 - Fuentes Fidedignas\" \/>\n<meta property=\"og:description\" content=\"Iniciar\u00e1 a las 9 de la ma\u00f1ana en el Covitario Culiac\u00e1n ubicado en Calle Cuitl\u00e1huac #3566, colonia Rosario Uz\u00e1rraga y la vacuna que se aplicar\u00e1 ser\u00e1 AstraZeneca Culiac\u00e1n, Sin.- La Direcci\u00f3n de Salud Municipal en respuesta a la solicitud de la Delegaci\u00f3n del IMSS en Sinaloa, realizar\u00e1 una Jornada de Vacunaci\u00f3n dirigida a mayores de [&hellip;]\" \/>\n<meta property=\"og:url\" content=\"https:\/\/fuentesfidedignas.com.mx\/index.php\/2022\/04\/06\/llaman-a-acudir-a-jornada-de-vacunacion-para-segunda-y-tercera-dosis-contra-covid-19\/\" \/>\n<meta property=\"og:site_name\" content=\"Fuentes Fidedignas\" \/>\n<meta property=\"article:publisher\" content=\"https:\/\/www.facebook.com\/Fuentes-Fidedignas-368234489921644\" \/>\n<meta property=\"article:published_time\" content=\"2022-04-06T20:45:13+00:00\" \/>\n<meta property=\"article:modified_time\" content=\"2022-04-06T20:45:29+00:00\" \/>\n<meta property=\"og:image\" content=\"https:\/\/fuentesfidedignas.com.mx\/wp-content\/uploads\/2022\/04\/images-99.jpeg\" \/>\n\t<meta property=\"og:image:width\" content=\"701\" \/>\n\t<meta property=\"og:image:height\" content=\"438\" \/>\n\t<meta property=\"og:image:type\" content=\"image\/jpeg\" \/>\n<meta name=\"author\" content=\"Redacci\u00f3n\" \/>\n<meta name=\"twitter:card\" content=\"summary_large_image\" \/>\n<meta name=\"twitter:creator\" content=\"@fidedignas\" \/>\n<meta name=\"twitter:site\" content=\"@fidedignas\" \/>\n<meta name=\"twitter:label1\" content=\"Escrito por\" \/>\n\t<meta name=\"twitter:data1\" content=\"Redacci\u00f3n\" \/>\n\t<meta name=\"twitter:label2\" content=\"Tiempo de lectura\" \/>\n\t<meta name=\"twitter:data2\" content=\"2 minutos\" \/>\n<script type=\"application\/ld+json\" class=\"yoast-schema-graph\">{\"@context\":\"https:\\\/\\\/schema.org\",\"@graph\":[{\"@type\":\"Article\",\"@id\":\"https:\\\/\\\/fuentesfidedignas.com.mx\\\/index.php\\\/2022\\\/04\\\/06\\\/llaman-a-acudir-a-jornada-de-vacunacion-para-segunda-y-tercera-dosis-contra-covid-19\\\/#article\",\"isPartOf\":{\"@id\":\"https:\\\/\\\/fuentesfidedignas.com.mx\\\/index.php\\\/2022\\\/04\\\/06\\\/llaman-a-acudir-a-jornada-de-vacunacion-para-segunda-y-tercera-dosis-contra-covid-19\\\/\"},\"author\":{\"name\":\"Redacci\u00f3n\",\"@id\":\"https:\\\/\\\/fuentesfidedignas.com.mx\\\/#\\\/schema\\\/person\\\/331be9283d37198e2acd5750279085b0\"},\"headline\":\"Llaman a acudir a Jornada de Vacunaci\u00f3n para segunda y tercera dosis contra Covid-19\",\"datePublished\":\"2022-04-06T20:45:13+00:00\",\"dateModified\":\"2022-04-06T20:45:29+00:00\",\"mainEntityOfPage\":{\"@id\":\"https:\\\/\\\/fuentesfidedignas.com.mx\\\/index.php\\\/2022\\\/04\\\/06\\\/llaman-a-acudir-a-jornada-de-vacunacion-para-segunda-y-tercera-dosis-contra-covid-19\\\/\"},\"wordCount\":367,\"commentCount\":0,\"publisher\":{\"@id\":\"https:\\\/\\\/fuentesfidedignas.com.mx\\\/#organization\"},\"image\":{\"@id\":\"https:\\\/\\\/fuentesfidedignas.com.mx\\\/index.php\\\/2022\\\/04\\\/06\\\/llaman-a-acudir-a-jornada-de-vacunacion-para-segunda-y-tercera-dosis-contra-covid-19\\\/#primaryimage\"},\"thumbnailUrl\":\"https:\\\/\\\/fuentesfidedignas.com.mx\\\/wp-content\\\/uploads\\\/2022\\\/04\\\/images-99.jpeg\",\"keywords\":[\"Coronavirus\",\"Covid-19\",\"SARS-CoV-2\",\"Vacuna anticovid\"],\"articleSection\":[\"NOTA PRINCIPAL\"],\"inLanguage\":\"es\",\"potentialAction\":[{\"@type\":\"CommentAction\",\"name\":\"Comment\",\"target\":[\"https:\\\/\\\/fuentesfidedignas.com.mx\\\/index.php\\\/2022\\\/04\\\/06\\\/llaman-a-acudir-a-jornada-de-vacunacion-para-segunda-y-tercera-dosis-contra-covid-19\\\/#respond\"]}]},{\"@type\":\"WebPage\",\"@id\":\"https:\\\/\\\/fuentesfidedignas.com.mx\\\/index.php\\\/2022\\\/04\\\/06\\\/llaman-a-acudir-a-jornada-de-vacunacion-para-segunda-y-tercera-dosis-contra-covid-19\\\/\",\"url\":\"https:\\\/\\\/fuentesfidedignas.com.mx\\\/index.php\\\/2022\\\/04\\\/06\\\/llaman-a-acudir-a-jornada-de-vacunacion-para-segunda-y-tercera-dosis-contra-covid-19\\\/\",\"name\":\"Llaman a acudir a Jornada de Vacunaci\u00f3n para segunda y tercera dosis contra Covid-19 - Fuentes Fidedignas\",\"isPartOf\":{\"@id\":\"https:\\\/\\\/fuentesfidedignas.com.mx\\\/#website\"},\"primaryImageOfPage\":{\"@id\":\"https:\\\/\\\/fuentesfidedignas.com.mx\\\/index.php\\\/2022\\\/04\\\/06\\\/llaman-a-acudir-a-jornada-de-vacunacion-para-segunda-y-tercera-dosis-contra-covid-19\\\/#primaryimage\"},\"image\":{\"@id\":\"https:\\\/\\\/fuentesfidedignas.com.mx\\\/index.php\\\/2022\\\/04\\\/06\\\/llaman-a-acudir-a-jornada-de-vacunacion-para-segunda-y-tercera-dosis-contra-covid-19\\\/#primaryimage\"},\"thumbnailUrl\":\"https:\\\/\\\/fuentesfidedignas.com.mx\\\/wp-content\\\/uploads\\\/2022\\\/04\\\/images-99.jpeg\",\"datePublished\":\"2022-04-06T20:45:13+00:00\",\"dateModified\":\"2022-04-06T20:45:29+00:00\",\"breadcrumb\":{\"@id\":\"https:\\\/\\\/fuentesfidedignas.com.mx\\\/index.php\\\/2022\\\/04\\\/06\\\/llaman-a-acudir-a-jornada-de-vacunacion-para-segunda-y-tercera-dosis-contra-covid-19\\\/#breadcrumb\"},\"inLanguage\":\"es\",\"potentialAction\":[{\"@type\":\"ReadAction\",\"target\":[\"https:\\\/\\\/fuentesfidedignas.com.mx\\\/index.php\\\/2022\\\/04\\\/06\\\/llaman-a-acudir-a-jornada-de-vacunacion-para-segunda-y-tercera-dosis-contra-covid-19\\\/\"]}]},{\"@type\":\"ImageObject\",\"inLanguage\":\"es\",\"@id\":\"https:\\\/\\\/fuentesfidedignas.com.mx\\\/index.php\\\/2022\\\/04\\\/06\\\/llaman-a-acudir-a-jornada-de-vacunacion-para-segunda-y-tercera-dosis-contra-covid-19\\\/#primaryimage\",\"url\":\"https:\\\/\\\/fuentesfidedignas.com.mx\\\/wp-content\\\/uploads\\\/2022\\\/04\\\/images-99.jpeg\",\"contentUrl\":\"https:\\\/\\\/fuentesfidedignas.com.mx\\\/wp-content\\\/uploads\\\/2022\\\/04\\\/images-99.jpeg\",\"width\":701,\"height\":438},{\"@type\":\"BreadcrumbList\",\"@id\":\"https:\\\/\\\/fuentesfidedignas.com.mx\\\/index.php\\\/2022\\\/04\\\/06\\\/llaman-a-acudir-a-jornada-de-vacunacion-para-segunda-y-tercera-dosis-contra-covid-19\\\/#breadcrumb\",\"itemListElement\":[{\"@type\":\"ListItem\",\"position\":1,\"name\":\"Inicio\",\"item\":\"https:\\\/\\\/fuentesfidedignas.com.mx\\\/\"},{\"@type\":\"ListItem\",\"position\":2,\"name\":\"Llaman a acudir a Jornada de Vacunaci\u00f3n para segunda y tercera dosis contra Covid-19\"}]},{\"@type\":\"WebSite\",\"@id\":\"https:\\\/\\\/fuentesfidedignas.com.mx\\\/#website\",\"url\":\"https:\\\/\\\/fuentesfidedignas.com.mx\\\/\",\"name\":\"Fuentes Fidedignas\",\"description\":\"Otro sitio realizado con WordPress\",\"publisher\":{\"@id\":\"https:\\\/\\\/fuentesfidedignas.com.mx\\\/#organization\"},\"potentialAction\":[{\"@type\":\"SearchAction\",\"target\":{\"@type\":\"EntryPoint\",\"urlTemplate\":\"https:\\\/\\\/fuentesfidedignas.com.mx\\\/?s={search_term_string}\"},\"query-input\":{\"@type\":\"PropertyValueSpecification\",\"valueRequired\":true,\"valueName\":\"search_term_string\"}}],\"inLanguage\":\"es\"},{\"@type\":\"Organization\",\"@id\":\"https:\\\/\\\/fuentesfidedignas.com.mx\\\/#organization\",\"name\":\"Fuentes Fidedignas\",\"url\":\"https:\\\/\\\/fuentesfidedignas.com.mx\\\/\",\"logo\":{\"@type\":\"ImageObject\",\"inLanguage\":\"es\",\"@id\":\"https:\\\/\\\/fuentesfidedignas.com.mx\\\/#\\\/schema\\\/logo\\\/image\\\/\",\"url\":\"https:\\\/\\\/fuentesfidedignas.com.mx\\\/wp-content\\\/uploads\\\/2021\\\/04\\\/logo-retina.png\",\"contentUrl\":\"https:\\\/\\\/fuentesfidedignas.com.mx\\\/wp-content\\\/uploads\\\/2021\\\/04\\\/logo-retina.png\",\"width\":280,\"height\":51,\"caption\":\"Fuentes Fidedignas\"},\"image\":{\"@id\":\"https:\\\/\\\/fuentesfidedignas.com.mx\\\/#\\\/schema\\\/logo\\\/image\\\/\"},\"sameAs\":[\"https:\\\/\\\/www.facebook.com\\\/Fuentes-Fidedignas-368234489921644\",\"https:\\\/\\\/x.com\\\/fidedignas\"]},{\"@type\":\"Person\",\"@id\":\"https:\\\/\\\/fuentesfidedignas.com.mx\\\/#\\\/schema\\\/person\\\/331be9283d37198e2acd5750279085b0\",\"name\":\"Redacci\u00f3n\",\"image\":{\"@type\":\"ImageObject\",\"inLanguage\":\"es\",\"@id\":\"https:\\\/\\\/secure.gravatar.com\\\/avatar\\\/f6d8782c11d12b2d4ad3fbb6931aeab5309937a4d6cd2fc9cfaa28a6396a5aec?s=96&d=mm&r=g\",\"url\":\"https:\\\/\\\/secure.gravatar.com\\\/avatar\\\/f6d8782c11d12b2d4ad3fbb6931aeab5309937a4d6cd2fc9cfaa28a6396a5aec?s=96&d=mm&r=g\",\"contentUrl\":\"https:\\\/\\\/secure.gravatar.com\\\/avatar\\\/f6d8782c11d12b2d4ad3fbb6931aeab5309937a4d6cd2fc9cfaa28a6396a5aec?s=96&d=mm&r=g\",\"caption\":\"Redacci\u00f3n\"},\"url\":\"https:\\\/\\\/fuentesfidedignas.com.mx\\\/index.php\\\/author\\\/redaccion\\\/\"}]}<\/script>\n<!-- \/ Yoast SEO plugin. -->","yoast_head_json":{"title":"Llaman a acudir a Jornada de Vacunaci\u00f3n para segunda y tercera dosis contra Covid-19 - Fuentes Fidedignas","robots":{"index":"index","follow":"follow","max-snippet":"max-snippet:-1","max-image-preview":"max-image-preview:large","max-video-preview":"max-video-preview:-1"},"canonical":"https:\/\/fuentesfidedignas.com.mx\/index.php\/2022\/04\/06\/llaman-a-acudir-a-jornada-de-vacunacion-para-segunda-y-tercera-dosis-contra-covid-19\/","og_locale":"es_MX","og_type":"article","og_title":"Llaman a acudir a Jornada de Vacunaci\u00f3n para segunda y tercera dosis contra Covid-19 - Fuentes Fidedignas","og_description":"Iniciar\u00e1 a las 9 de la ma\u00f1ana en el Covitario Culiac\u00e1n ubicado en Calle Cuitl\u00e1huac #3566, colonia Rosario Uz\u00e1rraga y la vacuna que se aplicar\u00e1 ser\u00e1 AstraZeneca Culiac\u00e1n, Sin.- La Direcci\u00f3n de Salud Municipal en respuesta a la solicitud de la Delegaci\u00f3n del IMSS en Sinaloa, realizar\u00e1 una Jornada de Vacunaci\u00f3n dirigida a mayores de [&hellip;]","og_url":"https:\/\/fuentesfidedignas.com.mx\/index.php\/2022\/04\/06\/llaman-a-acudir-a-jornada-de-vacunacion-para-segunda-y-tercera-dosis-contra-covid-19\/","og_site_name":"Fuentes Fidedignas","article_publisher":"https:\/\/www.facebook.com\/Fuentes-Fidedignas-368234489921644","article_published_time":"2022-04-06T20:45:13+00:00","article_modified_time":"2022-04-06T20:45:29+00:00","og_image":[{"width":701,"height":438,"url":"https:\/\/fuentesfidedignas.com.mx\/wp-content\/uploads\/2022\/04\/images-99.jpeg","type":"image\/jpeg"}],"author":"Redacci\u00f3n","twitter_card":"summary_large_image","twitter_creator":"@fidedignas","twitter_site":"@fidedignas","twitter_misc":{"Escrito por":"Redacci\u00f3n","Tiempo de lectura":"2 minutos"},"schema":{"@context":"https:\/\/schema.org","@graph":[{"@type":"Article","@id":"https:\/\/fuentesfidedignas.com.mx\/index.php\/2022\/04\/06\/llaman-a-acudir-a-jornada-de-vacunacion-para-segunda-y-tercera-dosis-contra-covid-19\/#article","isPartOf":{"@id":"https:\/\/fuentesfidedignas.com.mx\/index.php\/2022\/04\/06\/llaman-a-acudir-a-jornada-de-vacunacion-para-segunda-y-tercera-dosis-contra-covid-19\/"},"author":{"name":"Redacci\u00f3n","@id":"https:\/\/fuentesfidedignas.com.mx\/#\/schema\/person\/331be9283d37198e2acd5750279085b0"},"headline":"Llaman a acudir a Jornada de Vacunaci\u00f3n para segunda y tercera dosis contra Covid-19","datePublished":"2022-04-06T20:45:13+00:00","dateModified":"2022-04-06T20:45:29+00:00","mainEntityOfPage":{"@id":"https:\/\/fuentesfidedignas.com.mx\/index.php\/2022\/04\/06\/llaman-a-acudir-a-jornada-de-vacunacion-para-segunda-y-tercera-dosis-contra-covid-19\/"},"wordCount":367,"commentCount":0,"publisher":{"@id":"https:\/\/fuentesfidedignas.com.mx\/#organization"},"image":{"@id":"https:\/\/fuentesfidedignas.com.mx\/index.php\/2022\/04\/06\/llaman-a-acudir-a-jornada-de-vacunacion-para-segunda-y-tercera-dosis-contra-covid-19\/#primaryimage"},"thumbnailUrl":"https:\/\/fuentesfidedignas.com.mx\/wp-content\/uploads\/2022\/04\/images-99.jpeg","keywords":["Coronavirus","Covid-19","SARS-CoV-2","Vacuna anticovid"],"articleSection":["NOTA PRINCIPAL"],"inLanguage":"es","potentialAction":[{"@type":"CommentAction","name":"Comment","target":["https:\/\/fuentesfidedignas.com.mx\/index.php\/2022\/04\/06\/llaman-a-acudir-a-jornada-de-vacunacion-para-segunda-y-tercera-dosis-contra-covid-19\/#respond"]}]},{"@type":"WebPage","@id":"https:\/\/fuentesfidedignas.com.mx\/index.php\/2022\/04\/06\/llaman-a-acudir-a-jornada-de-vacunacion-para-segunda-y-tercera-dosis-contra-covid-19\/","url":"https:\/\/fuentesfidedignas.com.mx\/index.php\/2022\/04\/06\/llaman-a-acudir-a-jornada-de-vacunacion-para-segunda-y-tercera-dosis-contra-covid-19\/","name":"Llaman a acudir a Jornada de Vacunaci\u00f3n para segunda y tercera dosis contra Covid-19 - Fuentes Fidedignas","isPartOf":{"@id":"https:\/\/fuentesfidedignas.com.mx\/#website"},"primaryImageOfPage":{"@id":"https:\/\/fuentesfidedignas.com.mx\/index.php\/2022\/04\/06\/llaman-a-acudir-a-jornada-de-vacunacion-para-segunda-y-tercera-dosis-contra-covid-19\/#primaryimage"},"image":{"@id":"https:\/\/fuentesfidedignas.com.mx\/index.php\/2022\/04\/06\/llaman-a-acudir-a-jornada-de-vacunacion-para-segunda-y-tercera-dosis-contra-covid-19\/#primaryimage"},"thumbnailUrl":"https:\/\/fuentesfidedignas.com.mx\/wp-content\/uploads\/2022\/04\/images-99.jpeg","datePublished":"2022-04-06T20:45:13+00:00","dateModified":"2022-04-06T20:45:29+00:00","breadcrumb":{"@id":"https:\/\/fuentesfidedignas.com.mx\/index.php\/2022\/04\/06\/llaman-a-acudir-a-jornada-de-vacunacion-para-segunda-y-tercera-dosis-contra-covid-19\/#breadcrumb"},"inLanguage":"es","potentialAction":[{"@type":"ReadAction","target":["https:\/\/fuentesfidedignas.com.mx\/index.php\/2022\/04\/06\/llaman-a-acudir-a-jornada-de-vacunacion-para-segunda-y-tercera-dosis-contra-covid-19\/"]}]},{"@type":"ImageObject","inLanguage":"es","@id":"https:\/\/fuentesfidedignas.com.mx\/index.php\/2022\/04\/06\/llaman-a-acudir-a-jornada-de-vacunacion-para-segunda-y-tercera-dosis-contra-covid-19\/#primaryimage","url":"https:\/\/fuentesfidedignas.com.mx\/wp-content\/uploads\/2022\/04\/images-99.jpeg","contentUrl":"https:\/\/fuentesfidedignas.com.mx\/wp-content\/uploads\/2022\/04\/images-99.jpeg","width":701,"height":438},{"@type":"BreadcrumbList","@id":"https:\/\/fuentesfidedignas.com.mx\/index.php\/2022\/04\/06\/llaman-a-acudir-a-jornada-de-vacunacion-para-segunda-y-tercera-dosis-contra-covid-19\/#breadcrumb","itemListElement":[{"@type":"ListItem","position":1,"name":"Inicio","item":"https:\/\/fuentesfidedignas.com.mx\/"},{"@type":"ListItem","position":2,"name":"Llaman a acudir a Jornada de Vacunaci\u00f3n para segunda y tercera dosis contra Covid-19"}]},{"@type":"WebSite","@id":"https:\/\/fuentesfidedignas.com.mx\/#website","url":"https:\/\/fuentesfidedignas.com.mx\/","name":"Fuentes Fidedignas","description":"Otro sitio realizado con WordPress","publisher":{"@id":"https:\/\/fuentesfidedignas.com.mx\/#organization"},"potentialAction":[{"@type":"SearchAction","target":{"@type":"EntryPoint","urlTemplate":"https:\/\/fuentesfidedignas.com.mx\/?s={search_term_string}"},"query-input":{"@type":"PropertyValueSpecification","valueRequired":true,"valueName":"search_term_string"}}],"inLanguage":"es"},{"@type":"Organization","@id":"https:\/\/fuentesfidedignas.com.mx\/#organization","name":"Fuentes Fidedignas","url":"https:\/\/fuentesfidedignas.com.mx\/","logo":{"@type":"ImageObject","inLanguage":"es","@id":"https:\/\/fuentesfidedignas.com.mx\/#\/schema\/logo\/image\/","url":"https:\/\/fuentesfidedignas.com.mx\/wp-content\/uploads\/2021\/04\/logo-retina.png","contentUrl":"https:\/\/fuentesfidedignas.com.mx\/wp-content\/uploads\/2021\/04\/logo-retina.png","width":280,"height":51,"caption":"Fuentes Fidedignas"},"image":{"@id":"https:\/\/fuentesfidedignas.com.mx\/#\/schema\/logo\/image\/"},"sameAs":["https:\/\/www.facebook.com\/Fuentes-Fidedignas-368234489921644","https:\/\/x.com\/fidedignas"]},{"@type":"Person","@id":"https:\/\/fuentesfidedignas.com.mx\/#\/schema\/person\/331be9283d37198e2acd5750279085b0","name":"Redacci\u00f3n","image":{"@type":"ImageObject","inLanguage":"es","@id":"https:\/\/secure.gravatar.com\/avatar\/f6d8782c11d12b2d4ad3fbb6931aeab5309937a4d6cd2fc9cfaa28a6396a5aec?s=96&d=mm&r=g","url":"https:\/\/secure.gravatar.com\/avatar\/f6d8782c11d12b2d4ad3fbb6931aeab5309937a4d6cd2fc9cfaa28a6396a5aec?s=96&d=mm&r=g","contentUrl":"https:\/\/secure.gravatar.com\/avatar\/f6d8782c11d12b2d4ad3fbb6931aeab5309937a4d6cd2fc9cfaa28a6396a5aec?s=96&d=mm&r=g","caption":"Redacci\u00f3n"},"url":"https:\/\/fuentesfidedignas.com.mx\/index.php\/author\/redaccion\/"}]}},"_links":{"self":[{"href":"https:\/\/fuentesfidedignas.com.mx\/index.php\/wp-json\/wp\/v2\/posts\/27820","targetHints":{"allow":["GET"]}}],"collection":[{"href":"https:\/\/fuentesfidedignas.com.mx\/index.php\/wp-json\/wp\/v2\/posts"}],"about":[{"href":"https:\/\/fuentesfidedignas.com.mx\/index.php\/wp-json\/wp\/v2\/types\/post"}],"author":[{"embeddable":true,"href":"https:\/\/fuentesfidedignas.com.mx\/index.php\/wp-json\/wp\/v2\/users\/4"}],"replies":[{"embeddable":true,"href":"https:\/\/fuentesfidedignas.com.mx\/index.php\/wp-json\/wp\/v2\/comments?post=27820"}],"version-history":[{"count":1,"href":"https:\/\/fuentesfidedignas.com.mx\/index.php\/wp-json\/wp\/v2\/posts\/27820\/revisions"}],"predecessor-version":[{"id":27821,"href":"https:\/\/fuentesfidedignas.com.mx\/index.php\/wp-json\/wp\/v2\/posts\/27820\/revisions\/27821"}],"wp:featuredmedia":[{"embeddable":true,"href":"https:\/\/fuentesfidedignas.com.mx\/index.php\/wp-json\/wp\/v2\/media\/27822"}],"wp:attachment":[{"href":"https:\/\/fuentesfidedignas.com.mx\/index.php\/wp-json\/wp\/v2\/media?parent=27820"}],"wp:term":[{"taxonomy":"category","embeddable":true,"href":"https:\/\/fuentesfidedignas.com.mx\/index.php\/wp-json\/wp\/v2\/categories?post=27820"},{"taxonomy":"post_tag","embeddable":true,"href":"https:\/\/fuentesfidedignas.com.mx\/index.php\/wp-json\/wp\/v2\/tags?post=27820"}],"curies":[{"name":"wp","href":"https:\/\/api.w.org\/{rel}","templated":true}]}}