{"id":27805,"date":"2022-04-06T11:52:04","date_gmt":"2022-04-06T18:52:04","guid":{"rendered":"https:\/\/fuentesfidedignas.com.mx\/?p=27805"},"modified":"2022-04-06T11:53:23","modified_gmt":"2022-04-06T18:53:23","slug":"publican-lineamientos-para-la-normalizacion-de-los-trabajadores-de-los-servicios-de-salud","status":"publish","type":"post","link":"https:\/\/fuentesfidedignas.com.mx\/index.php\/2022\/04\/06\/publican-lineamientos-para-la-normalizacion-de-los-trabajadores-de-los-servicios-de-salud\/","title":{"rendered":"Publican lineamientos para la normalizaci\u00f3n de los trabajadores de los servicios de salud"},"content":{"rendered":"\n<p><strong><em>El Peri\u00f3dico Oficial del Estado de Sinaloa publica, en su edici\u00f3n de este mi\u00e9rcoles, la pauta a seguir para regular la situaci\u00f3n laboral de trabajadores del sector salud<\/em><\/strong><\/p>\n\n\n\n<p>Culiac\u00e1n, Sin.- La Secretar\u00eda de Salud de Sinaloa informa que este d\u00eda se han hecho p\u00fablicos los lineamientos para la normalizaci\u00f3n de las y los trabajadores de los Servicios de Salud de Sinaloa, es a trav\u00e9s del Peri\u00f3dico Oficial del Estado de Sinaloa que se da a conocer de manera institucional que el contexto laboral de los trabajadores del sector salud en la entidad ser\u00e1 regularizado.<\/p>\n\n\n\n<p>El MC H\u00e9ctor Melesio Cu\u00e9n Ojeda, Secretario de Salud y director general de los Servicios de Salud de Sinaloa, expres\u00f3 que lo anterior significa un gran paso para quienes conforman el padr\u00f3n laboral de esta instancia al ver que el Gobernador del Estado, Dr. Rub\u00e9n Rocha Moya, da cumplimiento a su compromiso de procurar la estabilidad de quienes luchan por preservar la salud de los sinaloenses.<\/p>\n\n\n\n<p>\u201cEstamos contentos en la Secretar\u00eda de Salud por que hoy se public\u00f3 en el Peri\u00f3dico Oficial del Estado de Sinaloa lo que tiene que ver con la normalizaci\u00f3n laboral de los trabajadores por contrato de lo que es la Secretar\u00eda de Salud, recordando un poco, nuestro presidente de la Rep\u00fablica, Andr\u00e9s Manuel L\u00f3pez Obrador, tiene un compromiso de normalizar completamente todos aquellos trabajadores de contrato en lo que tiene que ver el \u00e1rea de salud, aqu\u00ed en Sinaloa son poco m\u00e1s de tres mil; vamos a seguir adelante, nosotros estamos convencidos que hay que respetar los derechos laborales de los trabajadores, que jam\u00e1s hay que pisotearlos y eso es algo que nos marc\u00f3 el se\u00f1or Gobernador en su momento, felicidades a los trabajadores de salud, esto ya comenz\u00f3 y esto ya no lo para nadie\u201d, destac\u00f3.<\/p>\n\n\n\n<p>Es as\u00ed que, al autorizar el Gobernador del Estado las primeras 400 plazas en el marco del Presupuesto de Egresos Estatal, cien m\u00e1s en junio, mientras llega el apoyo de la federaci\u00f3n, de tal manera que la buena noticia para los trabajadores de contrato es que ya apareci\u00f3 en el Peri\u00f3dico Oficial del Estado de Sinaloa todos los lineamientos a seguir y que ya han sido del conocimiento de los l\u00edderes sindicales del sector salud que lucharon mucho para que se obtuviera un logro de esta naturaleza.<\/p>\n","protected":false},"excerpt":{"rendered":"<p>El Peri\u00f3dico Oficial del Estado de Sinaloa publica, en su edici\u00f3n de este mi\u00e9rcoles, la pauta a seguir para regular la situaci\u00f3n laboral de trabajadores del sector salud Culiac\u00e1n, Sin.- La Secretar\u00eda de Salud de Sinaloa informa que este d\u00eda se han hecho p\u00fablicos los lineamientos para la normalizaci\u00f3n de las y los trabajadores de [&hellip;]<\/p>\n","protected":false},"author":4,"featured_media":27806,"comment_status":"open","ping_status":"open","sticky":false,"template":"","format":"standard","meta":{"tdm_status":"","tdm_grid_status":"","footnotes":""},"categories":[37],"tags":[],"class_list":{"0":"post-27805","1":"post","2":"type-post","3":"status-publish","4":"format-standard","5":"has-post-thumbnail","7":"category-nota-principal"},"yoast_head":"<!-- This site is optimized with the Yoast SEO plugin v27.5 - https:\/\/yoast.com\/product\/yoast-seo-wordpress\/ -->\n<title>Publican lineamientos para la normalizaci\u00f3n de los trabajadores de los servicios de salud - Fuentes Fidedignas<\/title>\n<meta name=\"robots\" content=\"index, follow, max-snippet:-1, max-image-preview:large, max-video-preview:-1\" \/>\n<link rel=\"canonical\" href=\"https:\/\/fuentesfidedignas.com.mx\/index.php\/2022\/04\/06\/publican-lineamientos-para-la-normalizacion-de-los-trabajadores-de-los-servicios-de-salud\/\" \/>\n<meta property=\"og:locale\" content=\"es_MX\" \/>\n<meta property=\"og:type\" content=\"article\" \/>\n<meta property=\"og:title\" content=\"Publican lineamientos para la normalizaci\u00f3n de los trabajadores de los servicios de salud - Fuentes Fidedignas\" \/>\n<meta property=\"og:description\" content=\"El Peri\u00f3dico Oficial del Estado de Sinaloa publica, en su edici\u00f3n de este mi\u00e9rcoles, la pauta a seguir para regular la situaci\u00f3n laboral de trabajadores del sector salud Culiac\u00e1n, Sin.- La Secretar\u00eda de Salud de Sinaloa informa que este d\u00eda se han hecho p\u00fablicos los lineamientos para la normalizaci\u00f3n de las y los trabajadores de [&hellip;]\" \/>\n<meta property=\"og:url\" content=\"https:\/\/fuentesfidedignas.com.mx\/index.php\/2022\/04\/06\/publican-lineamientos-para-la-normalizacion-de-los-trabajadores-de-los-servicios-de-salud\/\" \/>\n<meta property=\"og:site_name\" content=\"Fuentes Fidedignas\" \/>\n<meta property=\"article:publisher\" content=\"https:\/\/www.facebook.com\/Fuentes-Fidedignas-368234489921644\" \/>\n<meta property=\"article:published_time\" content=\"2022-04-06T18:52:04+00:00\" \/>\n<meta property=\"article:modified_time\" content=\"2022-04-06T18:53:23+00:00\" \/>\n<meta property=\"og:image\" content=\"https:\/\/fuentesfidedignas.com.mx\/wp-content\/uploads\/2022\/04\/medicos_mexicanosj.jpg\" \/>\n\t<meta property=\"og:image:width\" content=\"1024\" \/>\n\t<meta property=\"og:image:height\" content=\"572\" \/>\n\t<meta property=\"og:image:type\" content=\"image\/jpeg\" \/>\n<meta name=\"author\" content=\"Redacci\u00f3n\" \/>\n<meta name=\"twitter:card\" content=\"summary_large_image\" \/>\n<meta name=\"twitter:creator\" content=\"@fidedignas\" \/>\n<meta name=\"twitter:site\" content=\"@fidedignas\" \/>\n<meta name=\"twitter:label1\" content=\"Escrito por\" \/>\n\t<meta name=\"twitter:data1\" content=\"Redacci\u00f3n\" \/>\n\t<meta name=\"twitter:label2\" content=\"Tiempo de lectura\" \/>\n\t<meta name=\"twitter:data2\" content=\"2 minutos\" \/>\n<script type=\"application\/ld+json\" class=\"yoast-schema-graph\">{\"@context\":\"https:\\\/\\\/schema.org\",\"@graph\":[{\"@type\":\"Article\",\"@id\":\"https:\\\/\\\/fuentesfidedignas.com.mx\\\/index.php\\\/2022\\\/04\\\/06\\\/publican-lineamientos-para-la-normalizacion-de-los-trabajadores-de-los-servicios-de-salud\\\/#article\",\"isPartOf\":{\"@id\":\"https:\\\/\\\/fuentesfidedignas.com.mx\\\/index.php\\\/2022\\\/04\\\/06\\\/publican-lineamientos-para-la-normalizacion-de-los-trabajadores-de-los-servicios-de-salud\\\/\"},\"author\":{\"name\":\"Redacci\u00f3n\",\"@id\":\"https:\\\/\\\/fuentesfidedignas.com.mx\\\/#\\\/schema\\\/person\\\/331be9283d37198e2acd5750279085b0\"},\"headline\":\"Publican lineamientos para la normalizaci\u00f3n de los trabajadores de los servicios de salud\",\"datePublished\":\"2022-04-06T18:52:04+00:00\",\"dateModified\":\"2022-04-06T18:53:23+00:00\",\"mainEntityOfPage\":{\"@id\":\"https:\\\/\\\/fuentesfidedignas.com.mx\\\/index.php\\\/2022\\\/04\\\/06\\\/publican-lineamientos-para-la-normalizacion-de-los-trabajadores-de-los-servicios-de-salud\\\/\"},\"wordCount\":426,\"commentCount\":0,\"publisher\":{\"@id\":\"https:\\\/\\\/fuentesfidedignas.com.mx\\\/#organization\"},\"image\":{\"@id\":\"https:\\\/\\\/fuentesfidedignas.com.mx\\\/index.php\\\/2022\\\/04\\\/06\\\/publican-lineamientos-para-la-normalizacion-de-los-trabajadores-de-los-servicios-de-salud\\\/#primaryimage\"},\"thumbnailUrl\":\"https:\\\/\\\/fuentesfidedignas.com.mx\\\/wp-content\\\/uploads\\\/2022\\\/04\\\/medicos_mexicanosj.jpg\",\"articleSection\":[\"NOTA PRINCIPAL\"],\"inLanguage\":\"es\",\"potentialAction\":[{\"@type\":\"CommentAction\",\"name\":\"Comment\",\"target\":[\"https:\\\/\\\/fuentesfidedignas.com.mx\\\/index.php\\\/2022\\\/04\\\/06\\\/publican-lineamientos-para-la-normalizacion-de-los-trabajadores-de-los-servicios-de-salud\\\/#respond\"]}]},{\"@type\":\"WebPage\",\"@id\":\"https:\\\/\\\/fuentesfidedignas.com.mx\\\/index.php\\\/2022\\\/04\\\/06\\\/publican-lineamientos-para-la-normalizacion-de-los-trabajadores-de-los-servicios-de-salud\\\/\",\"url\":\"https:\\\/\\\/fuentesfidedignas.com.mx\\\/index.php\\\/2022\\\/04\\\/06\\\/publican-lineamientos-para-la-normalizacion-de-los-trabajadores-de-los-servicios-de-salud\\\/\",\"name\":\"Publican lineamientos para la normalizaci\u00f3n de los trabajadores de los servicios de salud - Fuentes Fidedignas\",\"isPartOf\":{\"@id\":\"https:\\\/\\\/fuentesfidedignas.com.mx\\\/#website\"},\"primaryImageOfPage\":{\"@id\":\"https:\\\/\\\/fuentesfidedignas.com.mx\\\/index.php\\\/2022\\\/04\\\/06\\\/publican-lineamientos-para-la-normalizacion-de-los-trabajadores-de-los-servicios-de-salud\\\/#primaryimage\"},\"image\":{\"@id\":\"https:\\\/\\\/fuentesfidedignas.com.mx\\\/index.php\\\/2022\\\/04\\\/06\\\/publican-lineamientos-para-la-normalizacion-de-los-trabajadores-de-los-servicios-de-salud\\\/#primaryimage\"},\"thumbnailUrl\":\"https:\\\/\\\/fuentesfidedignas.com.mx\\\/wp-content\\\/uploads\\\/2022\\\/04\\\/medicos_mexicanosj.jpg\",\"datePublished\":\"2022-04-06T18:52:04+00:00\",\"dateModified\":\"2022-04-06T18:53:23+00:00\",\"breadcrumb\":{\"@id\":\"https:\\\/\\\/fuentesfidedignas.com.mx\\\/index.php\\\/2022\\\/04\\\/06\\\/publican-lineamientos-para-la-normalizacion-de-los-trabajadores-de-los-servicios-de-salud\\\/#breadcrumb\"},\"inLanguage\":\"es\",\"potentialAction\":[{\"@type\":\"ReadAction\",\"target\":[\"https:\\\/\\\/fuentesfidedignas.com.mx\\\/index.php\\\/2022\\\/04\\\/06\\\/publican-lineamientos-para-la-normalizacion-de-los-trabajadores-de-los-servicios-de-salud\\\/\"]}]},{\"@type\":\"ImageObject\",\"inLanguage\":\"es\",\"@id\":\"https:\\\/\\\/fuentesfidedignas.com.mx\\\/index.php\\\/2022\\\/04\\\/06\\\/publican-lineamientos-para-la-normalizacion-de-los-trabajadores-de-los-servicios-de-salud\\\/#primaryimage\",\"url\":\"https:\\\/\\\/fuentesfidedignas.com.mx\\\/wp-content\\\/uploads\\\/2022\\\/04\\\/medicos_mexicanosj.jpg\",\"contentUrl\":\"https:\\\/\\\/fuentesfidedignas.com.mx\\\/wp-content\\\/uploads\\\/2022\\\/04\\\/medicos_mexicanosj.jpg\",\"width\":1024,\"height\":572},{\"@type\":\"BreadcrumbList\",\"@id\":\"https:\\\/\\\/fuentesfidedignas.com.mx\\\/index.php\\\/2022\\\/04\\\/06\\\/publican-lineamientos-para-la-normalizacion-de-los-trabajadores-de-los-servicios-de-salud\\\/#breadcrumb\",\"itemListElement\":[{\"@type\":\"ListItem\",\"position\":1,\"name\":\"Inicio\",\"item\":\"https:\\\/\\\/fuentesfidedignas.com.mx\\\/\"},{\"@type\":\"ListItem\",\"position\":2,\"name\":\"Publican lineamientos para la normalizaci\u00f3n de los trabajadores de los servicios de salud\"}]},{\"@type\":\"WebSite\",\"@id\":\"https:\\\/\\\/fuentesfidedignas.com.mx\\\/#website\",\"url\":\"https:\\\/\\\/fuentesfidedignas.com.mx\\\/\",\"name\":\"Fuentes Fidedignas\",\"description\":\"Otro sitio realizado con WordPress\",\"publisher\":{\"@id\":\"https:\\\/\\\/fuentesfidedignas.com.mx\\\/#organization\"},\"potentialAction\":[{\"@type\":\"SearchAction\",\"target\":{\"@type\":\"EntryPoint\",\"urlTemplate\":\"https:\\\/\\\/fuentesfidedignas.com.mx\\\/?s={search_term_string}\"},\"query-input\":{\"@type\":\"PropertyValueSpecification\",\"valueRequired\":true,\"valueName\":\"search_term_string\"}}],\"inLanguage\":\"es\"},{\"@type\":\"Organization\",\"@id\":\"https:\\\/\\\/fuentesfidedignas.com.mx\\\/#organization\",\"name\":\"Fuentes Fidedignas\",\"url\":\"https:\\\/\\\/fuentesfidedignas.com.mx\\\/\",\"logo\":{\"@type\":\"ImageObject\",\"inLanguage\":\"es\",\"@id\":\"https:\\\/\\\/fuentesfidedignas.com.mx\\\/#\\\/schema\\\/logo\\\/image\\\/\",\"url\":\"https:\\\/\\\/fuentesfidedignas.com.mx\\\/wp-content\\\/uploads\\\/2021\\\/04\\\/logo-retina.png\",\"contentUrl\":\"https:\\\/\\\/fuentesfidedignas.com.mx\\\/wp-content\\\/uploads\\\/2021\\\/04\\\/logo-retina.png\",\"width\":280,\"height\":51,\"caption\":\"Fuentes Fidedignas\"},\"image\":{\"@id\":\"https:\\\/\\\/fuentesfidedignas.com.mx\\\/#\\\/schema\\\/logo\\\/image\\\/\"},\"sameAs\":[\"https:\\\/\\\/www.facebook.com\\\/Fuentes-Fidedignas-368234489921644\",\"https:\\\/\\\/x.com\\\/fidedignas\"]},{\"@type\":\"Person\",\"@id\":\"https:\\\/\\\/fuentesfidedignas.com.mx\\\/#\\\/schema\\\/person\\\/331be9283d37198e2acd5750279085b0\",\"name\":\"Redacci\u00f3n\",\"image\":{\"@type\":\"ImageObject\",\"inLanguage\":\"es\",\"@id\":\"https:\\\/\\\/secure.gravatar.com\\\/avatar\\\/f6d8782c11d12b2d4ad3fbb6931aeab5309937a4d6cd2fc9cfaa28a6396a5aec?s=96&d=mm&r=g\",\"url\":\"https:\\\/\\\/secure.gravatar.com\\\/avatar\\\/f6d8782c11d12b2d4ad3fbb6931aeab5309937a4d6cd2fc9cfaa28a6396a5aec?s=96&d=mm&r=g\",\"contentUrl\":\"https:\\\/\\\/secure.gravatar.com\\\/avatar\\\/f6d8782c11d12b2d4ad3fbb6931aeab5309937a4d6cd2fc9cfaa28a6396a5aec?s=96&d=mm&r=g\",\"caption\":\"Redacci\u00f3n\"},\"url\":\"https:\\\/\\\/fuentesfidedignas.com.mx\\\/index.php\\\/author\\\/redaccion\\\/\"}]}<\/script>\n<!-- \/ Yoast SEO plugin. -->","yoast_head_json":{"title":"Publican lineamientos para la normalizaci\u00f3n de los trabajadores de los servicios de salud - Fuentes Fidedignas","robots":{"index":"index","follow":"follow","max-snippet":"max-snippet:-1","max-image-preview":"max-image-preview:large","max-video-preview":"max-video-preview:-1"},"canonical":"https:\/\/fuentesfidedignas.com.mx\/index.php\/2022\/04\/06\/publican-lineamientos-para-la-normalizacion-de-los-trabajadores-de-los-servicios-de-salud\/","og_locale":"es_MX","og_type":"article","og_title":"Publican lineamientos para la normalizaci\u00f3n de los trabajadores de los servicios de salud - Fuentes Fidedignas","og_description":"El Peri\u00f3dico Oficial del Estado de Sinaloa publica, en su edici\u00f3n de este mi\u00e9rcoles, la pauta a seguir para regular la situaci\u00f3n laboral de trabajadores del sector salud Culiac\u00e1n, Sin.- La Secretar\u00eda de Salud de Sinaloa informa que este d\u00eda se han hecho p\u00fablicos los lineamientos para la normalizaci\u00f3n de las y los trabajadores de [&hellip;]","og_url":"https:\/\/fuentesfidedignas.com.mx\/index.php\/2022\/04\/06\/publican-lineamientos-para-la-normalizacion-de-los-trabajadores-de-los-servicios-de-salud\/","og_site_name":"Fuentes Fidedignas","article_publisher":"https:\/\/www.facebook.com\/Fuentes-Fidedignas-368234489921644","article_published_time":"2022-04-06T18:52:04+00:00","article_modified_time":"2022-04-06T18:53:23+00:00","og_image":[{"width":1024,"height":572,"url":"https:\/\/fuentesfidedignas.com.mx\/wp-content\/uploads\/2022\/04\/medicos_mexicanosj.jpg","type":"image\/jpeg"}],"author":"Redacci\u00f3n","twitter_card":"summary_large_image","twitter_creator":"@fidedignas","twitter_site":"@fidedignas","twitter_misc":{"Escrito por":"Redacci\u00f3n","Tiempo de lectura":"2 minutos"},"schema":{"@context":"https:\/\/schema.org","@graph":[{"@type":"Article","@id":"https:\/\/fuentesfidedignas.com.mx\/index.php\/2022\/04\/06\/publican-lineamientos-para-la-normalizacion-de-los-trabajadores-de-los-servicios-de-salud\/#article","isPartOf":{"@id":"https:\/\/fuentesfidedignas.com.mx\/index.php\/2022\/04\/06\/publican-lineamientos-para-la-normalizacion-de-los-trabajadores-de-los-servicios-de-salud\/"},"author":{"name":"Redacci\u00f3n","@id":"https:\/\/fuentesfidedignas.com.mx\/#\/schema\/person\/331be9283d37198e2acd5750279085b0"},"headline":"Publican lineamientos para la normalizaci\u00f3n de los trabajadores de los servicios de salud","datePublished":"2022-04-06T18:52:04+00:00","dateModified":"2022-04-06T18:53:23+00:00","mainEntityOfPage":{"@id":"https:\/\/fuentesfidedignas.com.mx\/index.php\/2022\/04\/06\/publican-lineamientos-para-la-normalizacion-de-los-trabajadores-de-los-servicios-de-salud\/"},"wordCount":426,"commentCount":0,"publisher":{"@id":"https:\/\/fuentesfidedignas.com.mx\/#organization"},"image":{"@id":"https:\/\/fuentesfidedignas.com.mx\/index.php\/2022\/04\/06\/publican-lineamientos-para-la-normalizacion-de-los-trabajadores-de-los-servicios-de-salud\/#primaryimage"},"thumbnailUrl":"https:\/\/fuentesfidedignas.com.mx\/wp-content\/uploads\/2022\/04\/medicos_mexicanosj.jpg","articleSection":["NOTA PRINCIPAL"],"inLanguage":"es","potentialAction":[{"@type":"CommentAction","name":"Comment","target":["https:\/\/fuentesfidedignas.com.mx\/index.php\/2022\/04\/06\/publican-lineamientos-para-la-normalizacion-de-los-trabajadores-de-los-servicios-de-salud\/#respond"]}]},{"@type":"WebPage","@id":"https:\/\/fuentesfidedignas.com.mx\/index.php\/2022\/04\/06\/publican-lineamientos-para-la-normalizacion-de-los-trabajadores-de-los-servicios-de-salud\/","url":"https:\/\/fuentesfidedignas.com.mx\/index.php\/2022\/04\/06\/publican-lineamientos-para-la-normalizacion-de-los-trabajadores-de-los-servicios-de-salud\/","name":"Publican lineamientos para la normalizaci\u00f3n de los trabajadores de los servicios de salud - Fuentes Fidedignas","isPartOf":{"@id":"https:\/\/fuentesfidedignas.com.mx\/#website"},"primaryImageOfPage":{"@id":"https:\/\/fuentesfidedignas.com.mx\/index.php\/2022\/04\/06\/publican-lineamientos-para-la-normalizacion-de-los-trabajadores-de-los-servicios-de-salud\/#primaryimage"},"image":{"@id":"https:\/\/fuentesfidedignas.com.mx\/index.php\/2022\/04\/06\/publican-lineamientos-para-la-normalizacion-de-los-trabajadores-de-los-servicios-de-salud\/#primaryimage"},"thumbnailUrl":"https:\/\/fuentesfidedignas.com.mx\/wp-content\/uploads\/2022\/04\/medicos_mexicanosj.jpg","datePublished":"2022-04-06T18:52:04+00:00","dateModified":"2022-04-06T18:53:23+00:00","breadcrumb":{"@id":"https:\/\/fuentesfidedignas.com.mx\/index.php\/2022\/04\/06\/publican-lineamientos-para-la-normalizacion-de-los-trabajadores-de-los-servicios-de-salud\/#breadcrumb"},"inLanguage":"es","potentialAction":[{"@type":"ReadAction","target":["https:\/\/fuentesfidedignas.com.mx\/index.php\/2022\/04\/06\/publican-lineamientos-para-la-normalizacion-de-los-trabajadores-de-los-servicios-de-salud\/"]}]},{"@type":"ImageObject","inLanguage":"es","@id":"https:\/\/fuentesfidedignas.com.mx\/index.php\/2022\/04\/06\/publican-lineamientos-para-la-normalizacion-de-los-trabajadores-de-los-servicios-de-salud\/#primaryimage","url":"https:\/\/fuentesfidedignas.com.mx\/wp-content\/uploads\/2022\/04\/medicos_mexicanosj.jpg","contentUrl":"https:\/\/fuentesfidedignas.com.mx\/wp-content\/uploads\/2022\/04\/medicos_mexicanosj.jpg","width":1024,"height":572},{"@type":"BreadcrumbList","@id":"https:\/\/fuentesfidedignas.com.mx\/index.php\/2022\/04\/06\/publican-lineamientos-para-la-normalizacion-de-los-trabajadores-de-los-servicios-de-salud\/#breadcrumb","itemListElement":[{"@type":"ListItem","position":1,"name":"Inicio","item":"https:\/\/fuentesfidedignas.com.mx\/"},{"@type":"ListItem","position":2,"name":"Publican lineamientos para la normalizaci\u00f3n de los trabajadores de los servicios de salud"}]},{"@type":"WebSite","@id":"https:\/\/fuentesfidedignas.com.mx\/#website","url":"https:\/\/fuentesfidedignas.com.mx\/","name":"Fuentes Fidedignas","description":"Otro sitio realizado con WordPress","publisher":{"@id":"https:\/\/fuentesfidedignas.com.mx\/#organization"},"potentialAction":[{"@type":"SearchAction","target":{"@type":"EntryPoint","urlTemplate":"https:\/\/fuentesfidedignas.com.mx\/?s={search_term_string}"},"query-input":{"@type":"PropertyValueSpecification","valueRequired":true,"valueName":"search_term_string"}}],"inLanguage":"es"},{"@type":"Organization","@id":"https:\/\/fuentesfidedignas.com.mx\/#organization","name":"Fuentes Fidedignas","url":"https:\/\/fuentesfidedignas.com.mx\/","logo":{"@type":"ImageObject","inLanguage":"es","@id":"https:\/\/fuentesfidedignas.com.mx\/#\/schema\/logo\/image\/","url":"https:\/\/fuentesfidedignas.com.mx\/wp-content\/uploads\/2021\/04\/logo-retina.png","contentUrl":"https:\/\/fuentesfidedignas.com.mx\/wp-content\/uploads\/2021\/04\/logo-retina.png","width":280,"height":51,"caption":"Fuentes Fidedignas"},"image":{"@id":"https:\/\/fuentesfidedignas.com.mx\/#\/schema\/logo\/image\/"},"sameAs":["https:\/\/www.facebook.com\/Fuentes-Fidedignas-368234489921644","https:\/\/x.com\/fidedignas"]},{"@type":"Person","@id":"https:\/\/fuentesfidedignas.com.mx\/#\/schema\/person\/331be9283d37198e2acd5750279085b0","name":"Redacci\u00f3n","image":{"@type":"ImageObject","inLanguage":"es","@id":"https:\/\/secure.gravatar.com\/avatar\/f6d8782c11d12b2d4ad3fbb6931aeab5309937a4d6cd2fc9cfaa28a6396a5aec?s=96&d=mm&r=g","url":"https:\/\/secure.gravatar.com\/avatar\/f6d8782c11d12b2d4ad3fbb6931aeab5309937a4d6cd2fc9cfaa28a6396a5aec?s=96&d=mm&r=g","contentUrl":"https:\/\/secure.gravatar.com\/avatar\/f6d8782c11d12b2d4ad3fbb6931aeab5309937a4d6cd2fc9cfaa28a6396a5aec?s=96&d=mm&r=g","caption":"Redacci\u00f3n"},"url":"https:\/\/fuentesfidedignas.com.mx\/index.php\/author\/redaccion\/"}]}},"_links":{"self":[{"href":"https:\/\/fuentesfidedignas.com.mx\/index.php\/wp-json\/wp\/v2\/posts\/27805","targetHints":{"allow":["GET"]}}],"collection":[{"href":"https:\/\/fuentesfidedignas.com.mx\/index.php\/wp-json\/wp\/v2\/posts"}],"about":[{"href":"https:\/\/fuentesfidedignas.com.mx\/index.php\/wp-json\/wp\/v2\/types\/post"}],"author":[{"embeddable":true,"href":"https:\/\/fuentesfidedignas.com.mx\/index.php\/wp-json\/wp\/v2\/users\/4"}],"replies":[{"embeddable":true,"href":"https:\/\/fuentesfidedignas.com.mx\/index.php\/wp-json\/wp\/v2\/comments?post=27805"}],"version-history":[{"count":2,"href":"https:\/\/fuentesfidedignas.com.mx\/index.php\/wp-json\/wp\/v2\/posts\/27805\/revisions"}],"predecessor-version":[{"id":27808,"href":"https:\/\/fuentesfidedignas.com.mx\/index.php\/wp-json\/wp\/v2\/posts\/27805\/revisions\/27808"}],"wp:featuredmedia":[{"embeddable":true,"href":"https:\/\/fuentesfidedignas.com.mx\/index.php\/wp-json\/wp\/v2\/media\/27806"}],"wp:attachment":[{"href":"https:\/\/fuentesfidedignas.com.mx\/index.php\/wp-json\/wp\/v2\/media?parent=27805"}],"wp:term":[{"taxonomy":"category","embeddable":true,"href":"https:\/\/fuentesfidedignas.com.mx\/index.php\/wp-json\/wp\/v2\/categories?post=27805"},{"taxonomy":"post_tag","embeddable":true,"href":"https:\/\/fuentesfidedignas.com.mx\/index.php\/wp-json\/wp\/v2\/tags?post=27805"}],"curies":[{"name":"wp","href":"https:\/\/api.w.org\/{rel}","templated":true}]}}