{"id":27764,"date":"2022-04-05T21:21:56","date_gmt":"2022-04-06T04:21:56","guid":{"rendered":"https:\/\/fuentesfidedignas.com.mx\/?p=27764"},"modified":"2022-04-05T21:22:13","modified_gmt":"2022-04-06T04:22:13","slug":"anuncian-puntos-fijos-de-vacunacion-en-hospitales-de-la-secretaria-de-la-salud-imss-e-issste","status":"publish","type":"post","link":"https:\/\/fuentesfidedignas.com.mx\/index.php\/2022\/04\/05\/anuncian-puntos-fijos-de-vacunacion-en-hospitales-de-la-secretaria-de-la-salud-imss-e-issste\/","title":{"rendered":"Anuncian puntos fijos de vacunaci\u00f3n en hospitales de la Secretar\u00eda de la Salud, IMSS e ISSSTE"},"content":{"rendered":"\n<p><em><strong> A partir de este d\u00eda da inicio una fase intensiva de vacunaci\u00f3n con el af\u00e1n de proteger a gran parte de las y los sinaloenses<\/strong><\/em><\/p>\n\n\n\n<p>Culiac\u00e1n, Sin.-\u00a0El Comando Estatal de Vacunaci\u00f3n en Sinaloa da a conocer a la sociedad que se han aplicado m\u00e1s de cinco millones de dosis de vacunas contra el COVID-19, motivo por el cual la Brigada Correcaminos que encabeza la Dra. Tania Clarisa Medina L\u00f3pez, fue reconocida a nivel nacional por la excelente coordinaci\u00f3n que se ha desarrollado para proteger a las y los sinaloenses ante la actual pandemia.<\/p>\n\n\n\n<p>El Secretario de Salud y vocero de dicho Comando, H\u00e9ctor Melesio Cu\u00e9n Ojeda, destac\u00f3 que por parte de la Presidencia de la Rep\u00fablica se ha girado la instrucci\u00f3n de que se vean intensificados en gran medida los esfuerzos de vacunaci\u00f3n contra el COVID-19 con la finalidad de proteger la salud de la poblaci\u00f3n.<\/p>\n\n\n\n<p>Recalc\u00f3 que para continuar con los resultados que han permitido la disminuci\u00f3n de casos positivos y alcanzar una cobertura mayor al 70 por ciento de toda la poblaci\u00f3n protegida mayor de 18 a\u00f1os, se dar\u00e1 inicio a partir de hoy a una fase intensiva de vacunaci\u00f3n con puntos fijos de vacunaci\u00f3n en hospitales del IMSS, ISSSTE Y Secretar\u00eda de Salud.<\/p>\n\n\n\n<p>\u201cA partir de hoy entramos a una fase intensiva donde los hospitales, las unidades m\u00e9dicas, se van a convertir en puntos fijos de vacunaci\u00f3n, puntos fijos donde va a participar fuertemente el Seguro Social, pr\u00e1cticamente en la mayor parte de los municipios, se suma el ISSSTE, se suma la Secretar\u00eda de Salud, pero adem\u00e1s vamos a estar visitando las empresas y escuelas el d\u00eda de ma\u00f1ana, pasado ma\u00f1ana, de tal manera que lo m\u00e1s importante es que toda la gente que le falta un refuerzo o que est\u00e1 en rezago en este momento, no hay pretexto de no vacunarse, en este momento los que est\u00e1n siendo hospitalizados es gente que no est\u00e1 vacunada, de tal manera que nosotros ya queremos que desaparezca esta pandemia, que pase del estado pand\u00e9mico al estado end\u00e9mico para acostumbrarnos a convivir con este virus\u201d, explic\u00f3.<\/p>\n\n\n\n<p>Cu\u00e9n Ojeda reiter\u00f3 que debido a que esta es la gran ilusi\u00f3n de la mayor\u00eda de los sinaloenses, el Comando Estatal de Vacunaci\u00f3n se encuentra trabajando en la planeaci\u00f3n para que toda la gente se vacuna, ya que a trav\u00e9s de la inmunizaci\u00f3n es la mejor prevenci\u00f3n contra esta enfermedad del COVID-19.<\/p>\n\n\n\n<p>Estuvieron presentes la delegada del IMSS en Sinaloa y titular de la Brigada Correcaminos, Dra. Tania Medina; el representante del ISSSTE en Sinaloa, Dr. Marcial Silva G\u00f3mez; el Secretario General de la Universidad Aut\u00f3noma de Sinaloa, Dr. Gerardo Alapizco Castro; como representante de las Fuerzas Armadas, General Estudillo; as\u00ed como representante de la Delegaci\u00f3n de Programas para el Bienestar.\u00a0<\/p>\n","protected":false},"excerpt":{"rendered":"<p>A partir de este d\u00eda da inicio una fase intensiva de vacunaci\u00f3n con el af\u00e1n de proteger a gran parte de las y los sinaloenses Culiac\u00e1n, Sin.-\u00a0El Comando Estatal de Vacunaci\u00f3n en Sinaloa da a conocer a la sociedad que se han aplicado m\u00e1s de cinco millones de dosis de vacunas contra el COVID-19, motivo [&hellip;]<\/p>\n","protected":false},"author":4,"featured_media":27766,"comment_status":"open","ping_status":"open","sticky":false,"template":"","format":"standard","meta":{"tdm_status":"","tdm_grid_status":"","footnotes":""},"categories":[37],"tags":[332,59,416,407],"class_list":{"0":"post-27764","1":"post","2":"type-post","3":"status-publish","4":"format-standard","5":"has-post-thumbnail","7":"category-nota-principal","8":"tag-coronavirus","9":"tag-covid-19","10":"tag-sars-cov-2","11":"tag-vacuna-anticovid"},"yoast_head":"<!-- This site is optimized with the Yoast SEO plugin v27.5 - https:\/\/yoast.com\/product\/yoast-seo-wordpress\/ -->\n<title>Anuncian puntos fijos de vacunaci\u00f3n en hospitales de la Secretar\u00eda de la Salud, IMSS e ISSSTE - Fuentes Fidedignas<\/title>\n<meta name=\"robots\" content=\"index, follow, max-snippet:-1, max-image-preview:large, max-video-preview:-1\" \/>\n<link rel=\"canonical\" href=\"https:\/\/fuentesfidedignas.com.mx\/index.php\/2022\/04\/05\/anuncian-puntos-fijos-de-vacunacion-en-hospitales-de-la-secretaria-de-la-salud-imss-e-issste\/\" \/>\n<meta property=\"og:locale\" content=\"es_MX\" \/>\n<meta property=\"og:type\" content=\"article\" \/>\n<meta property=\"og:title\" content=\"Anuncian puntos fijos de vacunaci\u00f3n en hospitales de la Secretar\u00eda de la Salud, IMSS e ISSSTE - Fuentes Fidedignas\" \/>\n<meta property=\"og:description\" content=\"A partir de este d\u00eda da inicio una fase intensiva de vacunaci\u00f3n con el af\u00e1n de proteger a gran parte de las y los sinaloenses Culiac\u00e1n, Sin.-\u00a0El Comando Estatal de Vacunaci\u00f3n en Sinaloa da a conocer a la sociedad que se han aplicado m\u00e1s de cinco millones de dosis de vacunas contra el COVID-19, motivo [&hellip;]\" \/>\n<meta property=\"og:url\" content=\"https:\/\/fuentesfidedignas.com.mx\/index.php\/2022\/04\/05\/anuncian-puntos-fijos-de-vacunacion-en-hospitales-de-la-secretaria-de-la-salud-imss-e-issste\/\" \/>\n<meta property=\"og:site_name\" content=\"Fuentes Fidedignas\" \/>\n<meta property=\"article:publisher\" content=\"https:\/\/www.facebook.com\/Fuentes-Fidedignas-368234489921644\" \/>\n<meta property=\"article:published_time\" content=\"2022-04-06T04:21:56+00:00\" \/>\n<meta property=\"article:modified_time\" content=\"2022-04-06T04:22:13+00:00\" \/>\n<meta property=\"og:image\" content=\"https:\/\/fuentesfidedignas.com.mx\/wp-content\/uploads\/2022\/04\/images-96.jpeg\" \/>\n\t<meta property=\"og:image:width\" content=\"678\" \/>\n\t<meta property=\"og:image:height\" content=\"452\" \/>\n\t<meta property=\"og:image:type\" content=\"image\/jpeg\" \/>\n<meta name=\"author\" content=\"Redacci\u00f3n\" \/>\n<meta name=\"twitter:card\" content=\"summary_large_image\" \/>\n<meta name=\"twitter:creator\" content=\"@fidedignas\" \/>\n<meta name=\"twitter:site\" content=\"@fidedignas\" \/>\n<meta name=\"twitter:label1\" content=\"Escrito por\" \/>\n\t<meta name=\"twitter:data1\" content=\"Redacci\u00f3n\" \/>\n\t<meta name=\"twitter:label2\" content=\"Tiempo de lectura\" \/>\n\t<meta name=\"twitter:data2\" content=\"3 minutos\" \/>\n<script type=\"application\/ld+json\" class=\"yoast-schema-graph\">{\"@context\":\"https:\\\/\\\/schema.org\",\"@graph\":[{\"@type\":\"Article\",\"@id\":\"https:\\\/\\\/fuentesfidedignas.com.mx\\\/index.php\\\/2022\\\/04\\\/05\\\/anuncian-puntos-fijos-de-vacunacion-en-hospitales-de-la-secretaria-de-la-salud-imss-e-issste\\\/#article\",\"isPartOf\":{\"@id\":\"https:\\\/\\\/fuentesfidedignas.com.mx\\\/index.php\\\/2022\\\/04\\\/05\\\/anuncian-puntos-fijos-de-vacunacion-en-hospitales-de-la-secretaria-de-la-salud-imss-e-issste\\\/\"},\"author\":{\"name\":\"Redacci\u00f3n\",\"@id\":\"https:\\\/\\\/fuentesfidedignas.com.mx\\\/#\\\/schema\\\/person\\\/331be9283d37198e2acd5750279085b0\"},\"headline\":\"Anuncian puntos fijos de vacunaci\u00f3n en hospitales de la Secretar\u00eda de la Salud, IMSS e ISSSTE\",\"datePublished\":\"2022-04-06T04:21:56+00:00\",\"dateModified\":\"2022-04-06T04:22:13+00:00\",\"mainEntityOfPage\":{\"@id\":\"https:\\\/\\\/fuentesfidedignas.com.mx\\\/index.php\\\/2022\\\/04\\\/05\\\/anuncian-puntos-fijos-de-vacunacion-en-hospitales-de-la-secretaria-de-la-salud-imss-e-issste\\\/\"},\"wordCount\":518,\"commentCount\":0,\"publisher\":{\"@id\":\"https:\\\/\\\/fuentesfidedignas.com.mx\\\/#organization\"},\"image\":{\"@id\":\"https:\\\/\\\/fuentesfidedignas.com.mx\\\/index.php\\\/2022\\\/04\\\/05\\\/anuncian-puntos-fijos-de-vacunacion-en-hospitales-de-la-secretaria-de-la-salud-imss-e-issste\\\/#primaryimage\"},\"thumbnailUrl\":\"https:\\\/\\\/fuentesfidedignas.com.mx\\\/wp-content\\\/uploads\\\/2022\\\/04\\\/images-96.jpeg\",\"keywords\":[\"Coronavirus\",\"Covid-19\",\"SARS-CoV-2\",\"Vacuna anticovid\"],\"articleSection\":[\"NOTA PRINCIPAL\"],\"inLanguage\":\"es\",\"potentialAction\":[{\"@type\":\"CommentAction\",\"name\":\"Comment\",\"target\":[\"https:\\\/\\\/fuentesfidedignas.com.mx\\\/index.php\\\/2022\\\/04\\\/05\\\/anuncian-puntos-fijos-de-vacunacion-en-hospitales-de-la-secretaria-de-la-salud-imss-e-issste\\\/#respond\"]}]},{\"@type\":\"WebPage\",\"@id\":\"https:\\\/\\\/fuentesfidedignas.com.mx\\\/index.php\\\/2022\\\/04\\\/05\\\/anuncian-puntos-fijos-de-vacunacion-en-hospitales-de-la-secretaria-de-la-salud-imss-e-issste\\\/\",\"url\":\"https:\\\/\\\/fuentesfidedignas.com.mx\\\/index.php\\\/2022\\\/04\\\/05\\\/anuncian-puntos-fijos-de-vacunacion-en-hospitales-de-la-secretaria-de-la-salud-imss-e-issste\\\/\",\"name\":\"Anuncian puntos fijos de vacunaci\u00f3n en hospitales de la Secretar\u00eda de la Salud, IMSS e ISSSTE - Fuentes Fidedignas\",\"isPartOf\":{\"@id\":\"https:\\\/\\\/fuentesfidedignas.com.mx\\\/#website\"},\"primaryImageOfPage\":{\"@id\":\"https:\\\/\\\/fuentesfidedignas.com.mx\\\/index.php\\\/2022\\\/04\\\/05\\\/anuncian-puntos-fijos-de-vacunacion-en-hospitales-de-la-secretaria-de-la-salud-imss-e-issste\\\/#primaryimage\"},\"image\":{\"@id\":\"https:\\\/\\\/fuentesfidedignas.com.mx\\\/index.php\\\/2022\\\/04\\\/05\\\/anuncian-puntos-fijos-de-vacunacion-en-hospitales-de-la-secretaria-de-la-salud-imss-e-issste\\\/#primaryimage\"},\"thumbnailUrl\":\"https:\\\/\\\/fuentesfidedignas.com.mx\\\/wp-content\\\/uploads\\\/2022\\\/04\\\/images-96.jpeg\",\"datePublished\":\"2022-04-06T04:21:56+00:00\",\"dateModified\":\"2022-04-06T04:22:13+00:00\",\"breadcrumb\":{\"@id\":\"https:\\\/\\\/fuentesfidedignas.com.mx\\\/index.php\\\/2022\\\/04\\\/05\\\/anuncian-puntos-fijos-de-vacunacion-en-hospitales-de-la-secretaria-de-la-salud-imss-e-issste\\\/#breadcrumb\"},\"inLanguage\":\"es\",\"potentialAction\":[{\"@type\":\"ReadAction\",\"target\":[\"https:\\\/\\\/fuentesfidedignas.com.mx\\\/index.php\\\/2022\\\/04\\\/05\\\/anuncian-puntos-fijos-de-vacunacion-en-hospitales-de-la-secretaria-de-la-salud-imss-e-issste\\\/\"]}]},{\"@type\":\"ImageObject\",\"inLanguage\":\"es\",\"@id\":\"https:\\\/\\\/fuentesfidedignas.com.mx\\\/index.php\\\/2022\\\/04\\\/05\\\/anuncian-puntos-fijos-de-vacunacion-en-hospitales-de-la-secretaria-de-la-salud-imss-e-issste\\\/#primaryimage\",\"url\":\"https:\\\/\\\/fuentesfidedignas.com.mx\\\/wp-content\\\/uploads\\\/2022\\\/04\\\/images-96.jpeg\",\"contentUrl\":\"https:\\\/\\\/fuentesfidedignas.com.mx\\\/wp-content\\\/uploads\\\/2022\\\/04\\\/images-96.jpeg\",\"width\":678,\"height\":452},{\"@type\":\"BreadcrumbList\",\"@id\":\"https:\\\/\\\/fuentesfidedignas.com.mx\\\/index.php\\\/2022\\\/04\\\/05\\\/anuncian-puntos-fijos-de-vacunacion-en-hospitales-de-la-secretaria-de-la-salud-imss-e-issste\\\/#breadcrumb\",\"itemListElement\":[{\"@type\":\"ListItem\",\"position\":1,\"name\":\"Inicio\",\"item\":\"https:\\\/\\\/fuentesfidedignas.com.mx\\\/\"},{\"@type\":\"ListItem\",\"position\":2,\"name\":\"Anuncian puntos fijos de vacunaci\u00f3n en hospitales de la Secretar\u00eda de la Salud, IMSS e ISSSTE\"}]},{\"@type\":\"WebSite\",\"@id\":\"https:\\\/\\\/fuentesfidedignas.com.mx\\\/#website\",\"url\":\"https:\\\/\\\/fuentesfidedignas.com.mx\\\/\",\"name\":\"Fuentes Fidedignas\",\"description\":\"Otro sitio realizado con WordPress\",\"publisher\":{\"@id\":\"https:\\\/\\\/fuentesfidedignas.com.mx\\\/#organization\"},\"potentialAction\":[{\"@type\":\"SearchAction\",\"target\":{\"@type\":\"EntryPoint\",\"urlTemplate\":\"https:\\\/\\\/fuentesfidedignas.com.mx\\\/?s={search_term_string}\"},\"query-input\":{\"@type\":\"PropertyValueSpecification\",\"valueRequired\":true,\"valueName\":\"search_term_string\"}}],\"inLanguage\":\"es\"},{\"@type\":\"Organization\",\"@id\":\"https:\\\/\\\/fuentesfidedignas.com.mx\\\/#organization\",\"name\":\"Fuentes Fidedignas\",\"url\":\"https:\\\/\\\/fuentesfidedignas.com.mx\\\/\",\"logo\":{\"@type\":\"ImageObject\",\"inLanguage\":\"es\",\"@id\":\"https:\\\/\\\/fuentesfidedignas.com.mx\\\/#\\\/schema\\\/logo\\\/image\\\/\",\"url\":\"https:\\\/\\\/fuentesfidedignas.com.mx\\\/wp-content\\\/uploads\\\/2021\\\/04\\\/logo-retina.png\",\"contentUrl\":\"https:\\\/\\\/fuentesfidedignas.com.mx\\\/wp-content\\\/uploads\\\/2021\\\/04\\\/logo-retina.png\",\"width\":280,\"height\":51,\"caption\":\"Fuentes Fidedignas\"},\"image\":{\"@id\":\"https:\\\/\\\/fuentesfidedignas.com.mx\\\/#\\\/schema\\\/logo\\\/image\\\/\"},\"sameAs\":[\"https:\\\/\\\/www.facebook.com\\\/Fuentes-Fidedignas-368234489921644\",\"https:\\\/\\\/x.com\\\/fidedignas\"]},{\"@type\":\"Person\",\"@id\":\"https:\\\/\\\/fuentesfidedignas.com.mx\\\/#\\\/schema\\\/person\\\/331be9283d37198e2acd5750279085b0\",\"name\":\"Redacci\u00f3n\",\"image\":{\"@type\":\"ImageObject\",\"inLanguage\":\"es\",\"@id\":\"https:\\\/\\\/secure.gravatar.com\\\/avatar\\\/f6d8782c11d12b2d4ad3fbb6931aeab5309937a4d6cd2fc9cfaa28a6396a5aec?s=96&d=mm&r=g\",\"url\":\"https:\\\/\\\/secure.gravatar.com\\\/avatar\\\/f6d8782c11d12b2d4ad3fbb6931aeab5309937a4d6cd2fc9cfaa28a6396a5aec?s=96&d=mm&r=g\",\"contentUrl\":\"https:\\\/\\\/secure.gravatar.com\\\/avatar\\\/f6d8782c11d12b2d4ad3fbb6931aeab5309937a4d6cd2fc9cfaa28a6396a5aec?s=96&d=mm&r=g\",\"caption\":\"Redacci\u00f3n\"},\"url\":\"https:\\\/\\\/fuentesfidedignas.com.mx\\\/index.php\\\/author\\\/redaccion\\\/\"}]}<\/script>\n<!-- \/ Yoast SEO plugin. -->","yoast_head_json":{"title":"Anuncian puntos fijos de vacunaci\u00f3n en hospitales de la Secretar\u00eda de la Salud, IMSS e ISSSTE - Fuentes Fidedignas","robots":{"index":"index","follow":"follow","max-snippet":"max-snippet:-1","max-image-preview":"max-image-preview:large","max-video-preview":"max-video-preview:-1"},"canonical":"https:\/\/fuentesfidedignas.com.mx\/index.php\/2022\/04\/05\/anuncian-puntos-fijos-de-vacunacion-en-hospitales-de-la-secretaria-de-la-salud-imss-e-issste\/","og_locale":"es_MX","og_type":"article","og_title":"Anuncian puntos fijos de vacunaci\u00f3n en hospitales de la Secretar\u00eda de la Salud, IMSS e ISSSTE - Fuentes Fidedignas","og_description":"A partir de este d\u00eda da inicio una fase intensiva de vacunaci\u00f3n con el af\u00e1n de proteger a gran parte de las y los sinaloenses Culiac\u00e1n, Sin.-\u00a0El Comando Estatal de Vacunaci\u00f3n en Sinaloa da a conocer a la sociedad que se han aplicado m\u00e1s de cinco millones de dosis de vacunas contra el COVID-19, motivo [&hellip;]","og_url":"https:\/\/fuentesfidedignas.com.mx\/index.php\/2022\/04\/05\/anuncian-puntos-fijos-de-vacunacion-en-hospitales-de-la-secretaria-de-la-salud-imss-e-issste\/","og_site_name":"Fuentes Fidedignas","article_publisher":"https:\/\/www.facebook.com\/Fuentes-Fidedignas-368234489921644","article_published_time":"2022-04-06T04:21:56+00:00","article_modified_time":"2022-04-06T04:22:13+00:00","og_image":[{"width":678,"height":452,"url":"https:\/\/fuentesfidedignas.com.mx\/wp-content\/uploads\/2022\/04\/images-96.jpeg","type":"image\/jpeg"}],"author":"Redacci\u00f3n","twitter_card":"summary_large_image","twitter_creator":"@fidedignas","twitter_site":"@fidedignas","twitter_misc":{"Escrito por":"Redacci\u00f3n","Tiempo de lectura":"3 minutos"},"schema":{"@context":"https:\/\/schema.org","@graph":[{"@type":"Article","@id":"https:\/\/fuentesfidedignas.com.mx\/index.php\/2022\/04\/05\/anuncian-puntos-fijos-de-vacunacion-en-hospitales-de-la-secretaria-de-la-salud-imss-e-issste\/#article","isPartOf":{"@id":"https:\/\/fuentesfidedignas.com.mx\/index.php\/2022\/04\/05\/anuncian-puntos-fijos-de-vacunacion-en-hospitales-de-la-secretaria-de-la-salud-imss-e-issste\/"},"author":{"name":"Redacci\u00f3n","@id":"https:\/\/fuentesfidedignas.com.mx\/#\/schema\/person\/331be9283d37198e2acd5750279085b0"},"headline":"Anuncian puntos fijos de vacunaci\u00f3n en hospitales de la Secretar\u00eda de la Salud, IMSS e ISSSTE","datePublished":"2022-04-06T04:21:56+00:00","dateModified":"2022-04-06T04:22:13+00:00","mainEntityOfPage":{"@id":"https:\/\/fuentesfidedignas.com.mx\/index.php\/2022\/04\/05\/anuncian-puntos-fijos-de-vacunacion-en-hospitales-de-la-secretaria-de-la-salud-imss-e-issste\/"},"wordCount":518,"commentCount":0,"publisher":{"@id":"https:\/\/fuentesfidedignas.com.mx\/#organization"},"image":{"@id":"https:\/\/fuentesfidedignas.com.mx\/index.php\/2022\/04\/05\/anuncian-puntos-fijos-de-vacunacion-en-hospitales-de-la-secretaria-de-la-salud-imss-e-issste\/#primaryimage"},"thumbnailUrl":"https:\/\/fuentesfidedignas.com.mx\/wp-content\/uploads\/2022\/04\/images-96.jpeg","keywords":["Coronavirus","Covid-19","SARS-CoV-2","Vacuna anticovid"],"articleSection":["NOTA PRINCIPAL"],"inLanguage":"es","potentialAction":[{"@type":"CommentAction","name":"Comment","target":["https:\/\/fuentesfidedignas.com.mx\/index.php\/2022\/04\/05\/anuncian-puntos-fijos-de-vacunacion-en-hospitales-de-la-secretaria-de-la-salud-imss-e-issste\/#respond"]}]},{"@type":"WebPage","@id":"https:\/\/fuentesfidedignas.com.mx\/index.php\/2022\/04\/05\/anuncian-puntos-fijos-de-vacunacion-en-hospitales-de-la-secretaria-de-la-salud-imss-e-issste\/","url":"https:\/\/fuentesfidedignas.com.mx\/index.php\/2022\/04\/05\/anuncian-puntos-fijos-de-vacunacion-en-hospitales-de-la-secretaria-de-la-salud-imss-e-issste\/","name":"Anuncian puntos fijos de vacunaci\u00f3n en hospitales de la Secretar\u00eda de la Salud, IMSS e ISSSTE - Fuentes Fidedignas","isPartOf":{"@id":"https:\/\/fuentesfidedignas.com.mx\/#website"},"primaryImageOfPage":{"@id":"https:\/\/fuentesfidedignas.com.mx\/index.php\/2022\/04\/05\/anuncian-puntos-fijos-de-vacunacion-en-hospitales-de-la-secretaria-de-la-salud-imss-e-issste\/#primaryimage"},"image":{"@id":"https:\/\/fuentesfidedignas.com.mx\/index.php\/2022\/04\/05\/anuncian-puntos-fijos-de-vacunacion-en-hospitales-de-la-secretaria-de-la-salud-imss-e-issste\/#primaryimage"},"thumbnailUrl":"https:\/\/fuentesfidedignas.com.mx\/wp-content\/uploads\/2022\/04\/images-96.jpeg","datePublished":"2022-04-06T04:21:56+00:00","dateModified":"2022-04-06T04:22:13+00:00","breadcrumb":{"@id":"https:\/\/fuentesfidedignas.com.mx\/index.php\/2022\/04\/05\/anuncian-puntos-fijos-de-vacunacion-en-hospitales-de-la-secretaria-de-la-salud-imss-e-issste\/#breadcrumb"},"inLanguage":"es","potentialAction":[{"@type":"ReadAction","target":["https:\/\/fuentesfidedignas.com.mx\/index.php\/2022\/04\/05\/anuncian-puntos-fijos-de-vacunacion-en-hospitales-de-la-secretaria-de-la-salud-imss-e-issste\/"]}]},{"@type":"ImageObject","inLanguage":"es","@id":"https:\/\/fuentesfidedignas.com.mx\/index.php\/2022\/04\/05\/anuncian-puntos-fijos-de-vacunacion-en-hospitales-de-la-secretaria-de-la-salud-imss-e-issste\/#primaryimage","url":"https:\/\/fuentesfidedignas.com.mx\/wp-content\/uploads\/2022\/04\/images-96.jpeg","contentUrl":"https:\/\/fuentesfidedignas.com.mx\/wp-content\/uploads\/2022\/04\/images-96.jpeg","width":678,"height":452},{"@type":"BreadcrumbList","@id":"https:\/\/fuentesfidedignas.com.mx\/index.php\/2022\/04\/05\/anuncian-puntos-fijos-de-vacunacion-en-hospitales-de-la-secretaria-de-la-salud-imss-e-issste\/#breadcrumb","itemListElement":[{"@type":"ListItem","position":1,"name":"Inicio","item":"https:\/\/fuentesfidedignas.com.mx\/"},{"@type":"ListItem","position":2,"name":"Anuncian puntos fijos de vacunaci\u00f3n en hospitales de la Secretar\u00eda de la Salud, IMSS e ISSSTE"}]},{"@type":"WebSite","@id":"https:\/\/fuentesfidedignas.com.mx\/#website","url":"https:\/\/fuentesfidedignas.com.mx\/","name":"Fuentes Fidedignas","description":"Otro sitio realizado con WordPress","publisher":{"@id":"https:\/\/fuentesfidedignas.com.mx\/#organization"},"potentialAction":[{"@type":"SearchAction","target":{"@type":"EntryPoint","urlTemplate":"https:\/\/fuentesfidedignas.com.mx\/?s={search_term_string}"},"query-input":{"@type":"PropertyValueSpecification","valueRequired":true,"valueName":"search_term_string"}}],"inLanguage":"es"},{"@type":"Organization","@id":"https:\/\/fuentesfidedignas.com.mx\/#organization","name":"Fuentes Fidedignas","url":"https:\/\/fuentesfidedignas.com.mx\/","logo":{"@type":"ImageObject","inLanguage":"es","@id":"https:\/\/fuentesfidedignas.com.mx\/#\/schema\/logo\/image\/","url":"https:\/\/fuentesfidedignas.com.mx\/wp-content\/uploads\/2021\/04\/logo-retina.png","contentUrl":"https:\/\/fuentesfidedignas.com.mx\/wp-content\/uploads\/2021\/04\/logo-retina.png","width":280,"height":51,"caption":"Fuentes Fidedignas"},"image":{"@id":"https:\/\/fuentesfidedignas.com.mx\/#\/schema\/logo\/image\/"},"sameAs":["https:\/\/www.facebook.com\/Fuentes-Fidedignas-368234489921644","https:\/\/x.com\/fidedignas"]},{"@type":"Person","@id":"https:\/\/fuentesfidedignas.com.mx\/#\/schema\/person\/331be9283d37198e2acd5750279085b0","name":"Redacci\u00f3n","image":{"@type":"ImageObject","inLanguage":"es","@id":"https:\/\/secure.gravatar.com\/avatar\/f6d8782c11d12b2d4ad3fbb6931aeab5309937a4d6cd2fc9cfaa28a6396a5aec?s=96&d=mm&r=g","url":"https:\/\/secure.gravatar.com\/avatar\/f6d8782c11d12b2d4ad3fbb6931aeab5309937a4d6cd2fc9cfaa28a6396a5aec?s=96&d=mm&r=g","contentUrl":"https:\/\/secure.gravatar.com\/avatar\/f6d8782c11d12b2d4ad3fbb6931aeab5309937a4d6cd2fc9cfaa28a6396a5aec?s=96&d=mm&r=g","caption":"Redacci\u00f3n"},"url":"https:\/\/fuentesfidedignas.com.mx\/index.php\/author\/redaccion\/"}]}},"_links":{"self":[{"href":"https:\/\/fuentesfidedignas.com.mx\/index.php\/wp-json\/wp\/v2\/posts\/27764","targetHints":{"allow":["GET"]}}],"collection":[{"href":"https:\/\/fuentesfidedignas.com.mx\/index.php\/wp-json\/wp\/v2\/posts"}],"about":[{"href":"https:\/\/fuentesfidedignas.com.mx\/index.php\/wp-json\/wp\/v2\/types\/post"}],"author":[{"embeddable":true,"href":"https:\/\/fuentesfidedignas.com.mx\/index.php\/wp-json\/wp\/v2\/users\/4"}],"replies":[{"embeddable":true,"href":"https:\/\/fuentesfidedignas.com.mx\/index.php\/wp-json\/wp\/v2\/comments?post=27764"}],"version-history":[{"count":1,"href":"https:\/\/fuentesfidedignas.com.mx\/index.php\/wp-json\/wp\/v2\/posts\/27764\/revisions"}],"predecessor-version":[{"id":27765,"href":"https:\/\/fuentesfidedignas.com.mx\/index.php\/wp-json\/wp\/v2\/posts\/27764\/revisions\/27765"}],"wp:featuredmedia":[{"embeddable":true,"href":"https:\/\/fuentesfidedignas.com.mx\/index.php\/wp-json\/wp\/v2\/media\/27766"}],"wp:attachment":[{"href":"https:\/\/fuentesfidedignas.com.mx\/index.php\/wp-json\/wp\/v2\/media?parent=27764"}],"wp:term":[{"taxonomy":"category","embeddable":true,"href":"https:\/\/fuentesfidedignas.com.mx\/index.php\/wp-json\/wp\/v2\/categories?post=27764"},{"taxonomy":"post_tag","embeddable":true,"href":"https:\/\/fuentesfidedignas.com.mx\/index.php\/wp-json\/wp\/v2\/tags?post=27764"}],"curies":[{"name":"wp","href":"https:\/\/api.w.org\/{rel}","templated":true}]}}