{"id":27750,"date":"2022-04-05T16:09:48","date_gmt":"2022-04-05T23:09:48","guid":{"rendered":"https:\/\/fuentesfidedignas.com.mx\/?p=27750"},"modified":"2022-04-05T16:10:05","modified_gmt":"2022-04-05T23:10:05","slug":"mil-962-millones-de-pesos-se-gastara-en-la-jornada-de-revocacion-de-mandato","status":"publish","type":"post","link":"https:\/\/fuentesfidedignas.com.mx\/index.php\/2022\/04\/05\/mil-962-millones-de-pesos-se-gastara-en-la-jornada-de-revocacion-de-mandato\/","title":{"rendered":"Mil 962 millones de pesos se gastar\u00e1 en la jornada de revocaci\u00f3n de mandato"},"content":{"rendered":"\n<p><strong><em>Deber\u00edan de ser invertidos en medicamentos, equipamiento de hospitales y escuelas, vacunas y combate a la pobreza, dijo la diputada Cinthia Valenzuela <\/em><\/strong><\/p>\n\n\n\n<p>Culiac\u00e1n, Sin.- La diputada local en el congreso del Estado de Sinaloa, Cinthia Valenzuela Langarica, al emitir su posicionamiento en tribuna, subray\u00f3 que mil 962 millones de pesos, es la cantidad de recursos que gastar\u00e1 el INE para realizar la jornada de revocaci\u00f3n de mandato, \u201cmismos que deber\u00edan de ser invertidos en medicamentos, equipamiento de hospitales y escuelas, vacunas y combate a la pobreza\u201d.<\/p>\n\n\n\n<p>En Sinaloa, muchas familias est\u00e1n sufriendo por el desabasto de medicamentos e insumo en hospitales, ante lo cual el Gobierno Federal, no est\u00e1 dando una soluci\u00f3n definitiva para remediar el problema que tanto preocupa a las y los Sinaloenses.<\/p>\n\n\n\n<p>Ante el pleno del Congreso del Estado, Valenzuela Langarica, dijo que \u201cla revocaci\u00f3n de mandato, es un ejercicio muy costoso de simulaci\u00f3n democr\u00e1tica, que pretende promover la imagen presidencial y debilitar los organismos electorales de nuestro Pa\u00eds\u201d.<\/p>\n\n\n\n<p>Hizo un llamado a los entes del Gobierno Estatal y diferentes Gobiernos Municipales de Sinaloa, a cuidar nuestros recursos p\u00fablicos, &#8220;que estos por ning\u00fan motivo sean utilizados para promoci\u00f3n ni para movilizar votantes el d\u00eda de la consulta; es indispensable que se garantice, que ni un solo peso de los recursos p\u00fablicos de las y los sinaloenses sea utilizado en la jornada de este domingo\u201d, puntualiz\u00f3 la legisladora.<\/p>\n","protected":false},"excerpt":{"rendered":"<p>Deber\u00edan de ser invertidos en medicamentos, equipamiento de hospitales y escuelas, vacunas y combate a la pobreza, dijo la diputada Cinthia Valenzuela Culiac\u00e1n, Sin.- La diputada local en el congreso del Estado de Sinaloa, Cinthia Valenzuela Langarica, al emitir su posicionamiento en tribuna, subray\u00f3 que mil 962 millones de pesos, es la cantidad de recursos [&hellip;]<\/p>\n","protected":false},"author":4,"featured_media":27752,"comment_status":"open","ping_status":"open","sticky":false,"template":"","format":"standard","meta":{"tdm_status":"","tdm_grid_status":"","footnotes":""},"categories":[37],"tags":[],"class_list":{"0":"post-27750","1":"post","2":"type-post","3":"status-publish","4":"format-standard","5":"has-post-thumbnail","7":"category-nota-principal"},"yoast_head":"<!-- This site is optimized with the Yoast SEO plugin v27.5 - https:\/\/yoast.com\/product\/yoast-seo-wordpress\/ -->\n<title>Mil 962 millones de pesos se gastar\u00e1 en la jornada de revocaci\u00f3n de mandato - Fuentes Fidedignas<\/title>\n<meta name=\"robots\" content=\"index, follow, max-snippet:-1, max-image-preview:large, max-video-preview:-1\" \/>\n<link rel=\"canonical\" href=\"https:\/\/fuentesfidedignas.com.mx\/index.php\/2022\/04\/05\/mil-962-millones-de-pesos-se-gastara-en-la-jornada-de-revocacion-de-mandato\/\" \/>\n<meta property=\"og:locale\" content=\"es_MX\" \/>\n<meta property=\"og:type\" content=\"article\" \/>\n<meta property=\"og:title\" content=\"Mil 962 millones de pesos se gastar\u00e1 en la jornada de revocaci\u00f3n de mandato - Fuentes Fidedignas\" \/>\n<meta property=\"og:description\" content=\"Deber\u00edan de ser invertidos en medicamentos, equipamiento de hospitales y escuelas, vacunas y combate a la pobreza, dijo la diputada Cinthia Valenzuela Culiac\u00e1n, Sin.- La diputada local en el congreso del Estado de Sinaloa, Cinthia Valenzuela Langarica, al emitir su posicionamiento en tribuna, subray\u00f3 que mil 962 millones de pesos, es la cantidad de recursos [&hellip;]\" \/>\n<meta property=\"og:url\" content=\"https:\/\/fuentesfidedignas.com.mx\/index.php\/2022\/04\/05\/mil-962-millones-de-pesos-se-gastara-en-la-jornada-de-revocacion-de-mandato\/\" \/>\n<meta property=\"og:site_name\" content=\"Fuentes Fidedignas\" \/>\n<meta property=\"article:publisher\" content=\"https:\/\/www.facebook.com\/Fuentes-Fidedignas-368234489921644\" \/>\n<meta property=\"article:published_time\" content=\"2022-04-05T23:09:48+00:00\" \/>\n<meta property=\"article:modified_time\" content=\"2022-04-05T23:10:05+00:00\" \/>\n<meta property=\"og:image\" content=\"https:\/\/fuentesfidedignas.com.mx\/wp-content\/uploads\/2022\/04\/images-95.jpeg\" \/>\n\t<meta property=\"og:image:width\" content=\"739\" \/>\n\t<meta property=\"og:image:height\" content=\"415\" \/>\n\t<meta property=\"og:image:type\" content=\"image\/jpeg\" \/>\n<meta name=\"author\" content=\"Redacci\u00f3n\" \/>\n<meta name=\"twitter:card\" content=\"summary_large_image\" \/>\n<meta name=\"twitter:creator\" content=\"@fidedignas\" \/>\n<meta name=\"twitter:site\" content=\"@fidedignas\" \/>\n<meta name=\"twitter:label1\" content=\"Escrito por\" \/>\n\t<meta name=\"twitter:data1\" content=\"Redacci\u00f3n\" \/>\n\t<meta name=\"twitter:label2\" content=\"Tiempo de lectura\" \/>\n\t<meta name=\"twitter:data2\" content=\"2 minutos\" \/>\n<script type=\"application\/ld+json\" class=\"yoast-schema-graph\">{\"@context\":\"https:\\\/\\\/schema.org\",\"@graph\":[{\"@type\":\"Article\",\"@id\":\"https:\\\/\\\/fuentesfidedignas.com.mx\\\/index.php\\\/2022\\\/04\\\/05\\\/mil-962-millones-de-pesos-se-gastara-en-la-jornada-de-revocacion-de-mandato\\\/#article\",\"isPartOf\":{\"@id\":\"https:\\\/\\\/fuentesfidedignas.com.mx\\\/index.php\\\/2022\\\/04\\\/05\\\/mil-962-millones-de-pesos-se-gastara-en-la-jornada-de-revocacion-de-mandato\\\/\"},\"author\":{\"name\":\"Redacci\u00f3n\",\"@id\":\"https:\\\/\\\/fuentesfidedignas.com.mx\\\/#\\\/schema\\\/person\\\/331be9283d37198e2acd5750279085b0\"},\"headline\":\"Mil 962 millones de pesos se gastar\u00e1 en la jornada de revocaci\u00f3n de mandato\",\"datePublished\":\"2022-04-05T23:09:48+00:00\",\"dateModified\":\"2022-04-05T23:10:05+00:00\",\"mainEntityOfPage\":{\"@id\":\"https:\\\/\\\/fuentesfidedignas.com.mx\\\/index.php\\\/2022\\\/04\\\/05\\\/mil-962-millones-de-pesos-se-gastara-en-la-jornada-de-revocacion-de-mandato\\\/\"},\"wordCount\":259,\"commentCount\":0,\"publisher\":{\"@id\":\"https:\\\/\\\/fuentesfidedignas.com.mx\\\/#organization\"},\"image\":{\"@id\":\"https:\\\/\\\/fuentesfidedignas.com.mx\\\/index.php\\\/2022\\\/04\\\/05\\\/mil-962-millones-de-pesos-se-gastara-en-la-jornada-de-revocacion-de-mandato\\\/#primaryimage\"},\"thumbnailUrl\":\"https:\\\/\\\/fuentesfidedignas.com.mx\\\/wp-content\\\/uploads\\\/2022\\\/04\\\/images-95.jpeg\",\"articleSection\":[\"NOTA PRINCIPAL\"],\"inLanguage\":\"es\",\"potentialAction\":[{\"@type\":\"CommentAction\",\"name\":\"Comment\",\"target\":[\"https:\\\/\\\/fuentesfidedignas.com.mx\\\/index.php\\\/2022\\\/04\\\/05\\\/mil-962-millones-de-pesos-se-gastara-en-la-jornada-de-revocacion-de-mandato\\\/#respond\"]}]},{\"@type\":\"WebPage\",\"@id\":\"https:\\\/\\\/fuentesfidedignas.com.mx\\\/index.php\\\/2022\\\/04\\\/05\\\/mil-962-millones-de-pesos-se-gastara-en-la-jornada-de-revocacion-de-mandato\\\/\",\"url\":\"https:\\\/\\\/fuentesfidedignas.com.mx\\\/index.php\\\/2022\\\/04\\\/05\\\/mil-962-millones-de-pesos-se-gastara-en-la-jornada-de-revocacion-de-mandato\\\/\",\"name\":\"Mil 962 millones de pesos se gastar\u00e1 en la jornada de revocaci\u00f3n de mandato - Fuentes Fidedignas\",\"isPartOf\":{\"@id\":\"https:\\\/\\\/fuentesfidedignas.com.mx\\\/#website\"},\"primaryImageOfPage\":{\"@id\":\"https:\\\/\\\/fuentesfidedignas.com.mx\\\/index.php\\\/2022\\\/04\\\/05\\\/mil-962-millones-de-pesos-se-gastara-en-la-jornada-de-revocacion-de-mandato\\\/#primaryimage\"},\"image\":{\"@id\":\"https:\\\/\\\/fuentesfidedignas.com.mx\\\/index.php\\\/2022\\\/04\\\/05\\\/mil-962-millones-de-pesos-se-gastara-en-la-jornada-de-revocacion-de-mandato\\\/#primaryimage\"},\"thumbnailUrl\":\"https:\\\/\\\/fuentesfidedignas.com.mx\\\/wp-content\\\/uploads\\\/2022\\\/04\\\/images-95.jpeg\",\"datePublished\":\"2022-04-05T23:09:48+00:00\",\"dateModified\":\"2022-04-05T23:10:05+00:00\",\"breadcrumb\":{\"@id\":\"https:\\\/\\\/fuentesfidedignas.com.mx\\\/index.php\\\/2022\\\/04\\\/05\\\/mil-962-millones-de-pesos-se-gastara-en-la-jornada-de-revocacion-de-mandato\\\/#breadcrumb\"},\"inLanguage\":\"es\",\"potentialAction\":[{\"@type\":\"ReadAction\",\"target\":[\"https:\\\/\\\/fuentesfidedignas.com.mx\\\/index.php\\\/2022\\\/04\\\/05\\\/mil-962-millones-de-pesos-se-gastara-en-la-jornada-de-revocacion-de-mandato\\\/\"]}]},{\"@type\":\"ImageObject\",\"inLanguage\":\"es\",\"@id\":\"https:\\\/\\\/fuentesfidedignas.com.mx\\\/index.php\\\/2022\\\/04\\\/05\\\/mil-962-millones-de-pesos-se-gastara-en-la-jornada-de-revocacion-de-mandato\\\/#primaryimage\",\"url\":\"https:\\\/\\\/fuentesfidedignas.com.mx\\\/wp-content\\\/uploads\\\/2022\\\/04\\\/images-95.jpeg\",\"contentUrl\":\"https:\\\/\\\/fuentesfidedignas.com.mx\\\/wp-content\\\/uploads\\\/2022\\\/04\\\/images-95.jpeg\",\"width\":739,\"height\":415},{\"@type\":\"BreadcrumbList\",\"@id\":\"https:\\\/\\\/fuentesfidedignas.com.mx\\\/index.php\\\/2022\\\/04\\\/05\\\/mil-962-millones-de-pesos-se-gastara-en-la-jornada-de-revocacion-de-mandato\\\/#breadcrumb\",\"itemListElement\":[{\"@type\":\"ListItem\",\"position\":1,\"name\":\"Inicio\",\"item\":\"https:\\\/\\\/fuentesfidedignas.com.mx\\\/\"},{\"@type\":\"ListItem\",\"position\":2,\"name\":\"Mil 962 millones de pesos se gastar\u00e1 en la jornada de revocaci\u00f3n de mandato\"}]},{\"@type\":\"WebSite\",\"@id\":\"https:\\\/\\\/fuentesfidedignas.com.mx\\\/#website\",\"url\":\"https:\\\/\\\/fuentesfidedignas.com.mx\\\/\",\"name\":\"Fuentes Fidedignas\",\"description\":\"Otro sitio realizado con WordPress\",\"publisher\":{\"@id\":\"https:\\\/\\\/fuentesfidedignas.com.mx\\\/#organization\"},\"potentialAction\":[{\"@type\":\"SearchAction\",\"target\":{\"@type\":\"EntryPoint\",\"urlTemplate\":\"https:\\\/\\\/fuentesfidedignas.com.mx\\\/?s={search_term_string}\"},\"query-input\":{\"@type\":\"PropertyValueSpecification\",\"valueRequired\":true,\"valueName\":\"search_term_string\"}}],\"inLanguage\":\"es\"},{\"@type\":\"Organization\",\"@id\":\"https:\\\/\\\/fuentesfidedignas.com.mx\\\/#organization\",\"name\":\"Fuentes Fidedignas\",\"url\":\"https:\\\/\\\/fuentesfidedignas.com.mx\\\/\",\"logo\":{\"@type\":\"ImageObject\",\"inLanguage\":\"es\",\"@id\":\"https:\\\/\\\/fuentesfidedignas.com.mx\\\/#\\\/schema\\\/logo\\\/image\\\/\",\"url\":\"https:\\\/\\\/fuentesfidedignas.com.mx\\\/wp-content\\\/uploads\\\/2021\\\/04\\\/logo-retina.png\",\"contentUrl\":\"https:\\\/\\\/fuentesfidedignas.com.mx\\\/wp-content\\\/uploads\\\/2021\\\/04\\\/logo-retina.png\",\"width\":280,\"height\":51,\"caption\":\"Fuentes Fidedignas\"},\"image\":{\"@id\":\"https:\\\/\\\/fuentesfidedignas.com.mx\\\/#\\\/schema\\\/logo\\\/image\\\/\"},\"sameAs\":[\"https:\\\/\\\/www.facebook.com\\\/Fuentes-Fidedignas-368234489921644\",\"https:\\\/\\\/x.com\\\/fidedignas\"]},{\"@type\":\"Person\",\"@id\":\"https:\\\/\\\/fuentesfidedignas.com.mx\\\/#\\\/schema\\\/person\\\/331be9283d37198e2acd5750279085b0\",\"name\":\"Redacci\u00f3n\",\"image\":{\"@type\":\"ImageObject\",\"inLanguage\":\"es\",\"@id\":\"https:\\\/\\\/secure.gravatar.com\\\/avatar\\\/f6d8782c11d12b2d4ad3fbb6931aeab5309937a4d6cd2fc9cfaa28a6396a5aec?s=96&d=mm&r=g\",\"url\":\"https:\\\/\\\/secure.gravatar.com\\\/avatar\\\/f6d8782c11d12b2d4ad3fbb6931aeab5309937a4d6cd2fc9cfaa28a6396a5aec?s=96&d=mm&r=g\",\"contentUrl\":\"https:\\\/\\\/secure.gravatar.com\\\/avatar\\\/f6d8782c11d12b2d4ad3fbb6931aeab5309937a4d6cd2fc9cfaa28a6396a5aec?s=96&d=mm&r=g\",\"caption\":\"Redacci\u00f3n\"},\"url\":\"https:\\\/\\\/fuentesfidedignas.com.mx\\\/index.php\\\/author\\\/redaccion\\\/\"}]}<\/script>\n<!-- \/ Yoast SEO plugin. -->","yoast_head_json":{"title":"Mil 962 millones de pesos se gastar\u00e1 en la jornada de revocaci\u00f3n de mandato - Fuentes Fidedignas","robots":{"index":"index","follow":"follow","max-snippet":"max-snippet:-1","max-image-preview":"max-image-preview:large","max-video-preview":"max-video-preview:-1"},"canonical":"https:\/\/fuentesfidedignas.com.mx\/index.php\/2022\/04\/05\/mil-962-millones-de-pesos-se-gastara-en-la-jornada-de-revocacion-de-mandato\/","og_locale":"es_MX","og_type":"article","og_title":"Mil 962 millones de pesos se gastar\u00e1 en la jornada de revocaci\u00f3n de mandato - Fuentes Fidedignas","og_description":"Deber\u00edan de ser invertidos en medicamentos, equipamiento de hospitales y escuelas, vacunas y combate a la pobreza, dijo la diputada Cinthia Valenzuela Culiac\u00e1n, Sin.- La diputada local en el congreso del Estado de Sinaloa, Cinthia Valenzuela Langarica, al emitir su posicionamiento en tribuna, subray\u00f3 que mil 962 millones de pesos, es la cantidad de recursos [&hellip;]","og_url":"https:\/\/fuentesfidedignas.com.mx\/index.php\/2022\/04\/05\/mil-962-millones-de-pesos-se-gastara-en-la-jornada-de-revocacion-de-mandato\/","og_site_name":"Fuentes Fidedignas","article_publisher":"https:\/\/www.facebook.com\/Fuentes-Fidedignas-368234489921644","article_published_time":"2022-04-05T23:09:48+00:00","article_modified_time":"2022-04-05T23:10:05+00:00","og_image":[{"width":739,"height":415,"url":"https:\/\/fuentesfidedignas.com.mx\/wp-content\/uploads\/2022\/04\/images-95.jpeg","type":"image\/jpeg"}],"author":"Redacci\u00f3n","twitter_card":"summary_large_image","twitter_creator":"@fidedignas","twitter_site":"@fidedignas","twitter_misc":{"Escrito por":"Redacci\u00f3n","Tiempo de lectura":"2 minutos"},"schema":{"@context":"https:\/\/schema.org","@graph":[{"@type":"Article","@id":"https:\/\/fuentesfidedignas.com.mx\/index.php\/2022\/04\/05\/mil-962-millones-de-pesos-se-gastara-en-la-jornada-de-revocacion-de-mandato\/#article","isPartOf":{"@id":"https:\/\/fuentesfidedignas.com.mx\/index.php\/2022\/04\/05\/mil-962-millones-de-pesos-se-gastara-en-la-jornada-de-revocacion-de-mandato\/"},"author":{"name":"Redacci\u00f3n","@id":"https:\/\/fuentesfidedignas.com.mx\/#\/schema\/person\/331be9283d37198e2acd5750279085b0"},"headline":"Mil 962 millones de pesos se gastar\u00e1 en la jornada de revocaci\u00f3n de mandato","datePublished":"2022-04-05T23:09:48+00:00","dateModified":"2022-04-05T23:10:05+00:00","mainEntityOfPage":{"@id":"https:\/\/fuentesfidedignas.com.mx\/index.php\/2022\/04\/05\/mil-962-millones-de-pesos-se-gastara-en-la-jornada-de-revocacion-de-mandato\/"},"wordCount":259,"commentCount":0,"publisher":{"@id":"https:\/\/fuentesfidedignas.com.mx\/#organization"},"image":{"@id":"https:\/\/fuentesfidedignas.com.mx\/index.php\/2022\/04\/05\/mil-962-millones-de-pesos-se-gastara-en-la-jornada-de-revocacion-de-mandato\/#primaryimage"},"thumbnailUrl":"https:\/\/fuentesfidedignas.com.mx\/wp-content\/uploads\/2022\/04\/images-95.jpeg","articleSection":["NOTA PRINCIPAL"],"inLanguage":"es","potentialAction":[{"@type":"CommentAction","name":"Comment","target":["https:\/\/fuentesfidedignas.com.mx\/index.php\/2022\/04\/05\/mil-962-millones-de-pesos-se-gastara-en-la-jornada-de-revocacion-de-mandato\/#respond"]}]},{"@type":"WebPage","@id":"https:\/\/fuentesfidedignas.com.mx\/index.php\/2022\/04\/05\/mil-962-millones-de-pesos-se-gastara-en-la-jornada-de-revocacion-de-mandato\/","url":"https:\/\/fuentesfidedignas.com.mx\/index.php\/2022\/04\/05\/mil-962-millones-de-pesos-se-gastara-en-la-jornada-de-revocacion-de-mandato\/","name":"Mil 962 millones de pesos se gastar\u00e1 en la jornada de revocaci\u00f3n de mandato - Fuentes Fidedignas","isPartOf":{"@id":"https:\/\/fuentesfidedignas.com.mx\/#website"},"primaryImageOfPage":{"@id":"https:\/\/fuentesfidedignas.com.mx\/index.php\/2022\/04\/05\/mil-962-millones-de-pesos-se-gastara-en-la-jornada-de-revocacion-de-mandato\/#primaryimage"},"image":{"@id":"https:\/\/fuentesfidedignas.com.mx\/index.php\/2022\/04\/05\/mil-962-millones-de-pesos-se-gastara-en-la-jornada-de-revocacion-de-mandato\/#primaryimage"},"thumbnailUrl":"https:\/\/fuentesfidedignas.com.mx\/wp-content\/uploads\/2022\/04\/images-95.jpeg","datePublished":"2022-04-05T23:09:48+00:00","dateModified":"2022-04-05T23:10:05+00:00","breadcrumb":{"@id":"https:\/\/fuentesfidedignas.com.mx\/index.php\/2022\/04\/05\/mil-962-millones-de-pesos-se-gastara-en-la-jornada-de-revocacion-de-mandato\/#breadcrumb"},"inLanguage":"es","potentialAction":[{"@type":"ReadAction","target":["https:\/\/fuentesfidedignas.com.mx\/index.php\/2022\/04\/05\/mil-962-millones-de-pesos-se-gastara-en-la-jornada-de-revocacion-de-mandato\/"]}]},{"@type":"ImageObject","inLanguage":"es","@id":"https:\/\/fuentesfidedignas.com.mx\/index.php\/2022\/04\/05\/mil-962-millones-de-pesos-se-gastara-en-la-jornada-de-revocacion-de-mandato\/#primaryimage","url":"https:\/\/fuentesfidedignas.com.mx\/wp-content\/uploads\/2022\/04\/images-95.jpeg","contentUrl":"https:\/\/fuentesfidedignas.com.mx\/wp-content\/uploads\/2022\/04\/images-95.jpeg","width":739,"height":415},{"@type":"BreadcrumbList","@id":"https:\/\/fuentesfidedignas.com.mx\/index.php\/2022\/04\/05\/mil-962-millones-de-pesos-se-gastara-en-la-jornada-de-revocacion-de-mandato\/#breadcrumb","itemListElement":[{"@type":"ListItem","position":1,"name":"Inicio","item":"https:\/\/fuentesfidedignas.com.mx\/"},{"@type":"ListItem","position":2,"name":"Mil 962 millones de pesos se gastar\u00e1 en la jornada de revocaci\u00f3n de mandato"}]},{"@type":"WebSite","@id":"https:\/\/fuentesfidedignas.com.mx\/#website","url":"https:\/\/fuentesfidedignas.com.mx\/","name":"Fuentes Fidedignas","description":"Otro sitio realizado con WordPress","publisher":{"@id":"https:\/\/fuentesfidedignas.com.mx\/#organization"},"potentialAction":[{"@type":"SearchAction","target":{"@type":"EntryPoint","urlTemplate":"https:\/\/fuentesfidedignas.com.mx\/?s={search_term_string}"},"query-input":{"@type":"PropertyValueSpecification","valueRequired":true,"valueName":"search_term_string"}}],"inLanguage":"es"},{"@type":"Organization","@id":"https:\/\/fuentesfidedignas.com.mx\/#organization","name":"Fuentes Fidedignas","url":"https:\/\/fuentesfidedignas.com.mx\/","logo":{"@type":"ImageObject","inLanguage":"es","@id":"https:\/\/fuentesfidedignas.com.mx\/#\/schema\/logo\/image\/","url":"https:\/\/fuentesfidedignas.com.mx\/wp-content\/uploads\/2021\/04\/logo-retina.png","contentUrl":"https:\/\/fuentesfidedignas.com.mx\/wp-content\/uploads\/2021\/04\/logo-retina.png","width":280,"height":51,"caption":"Fuentes Fidedignas"},"image":{"@id":"https:\/\/fuentesfidedignas.com.mx\/#\/schema\/logo\/image\/"},"sameAs":["https:\/\/www.facebook.com\/Fuentes-Fidedignas-368234489921644","https:\/\/x.com\/fidedignas"]},{"@type":"Person","@id":"https:\/\/fuentesfidedignas.com.mx\/#\/schema\/person\/331be9283d37198e2acd5750279085b0","name":"Redacci\u00f3n","image":{"@type":"ImageObject","inLanguage":"es","@id":"https:\/\/secure.gravatar.com\/avatar\/f6d8782c11d12b2d4ad3fbb6931aeab5309937a4d6cd2fc9cfaa28a6396a5aec?s=96&d=mm&r=g","url":"https:\/\/secure.gravatar.com\/avatar\/f6d8782c11d12b2d4ad3fbb6931aeab5309937a4d6cd2fc9cfaa28a6396a5aec?s=96&d=mm&r=g","contentUrl":"https:\/\/secure.gravatar.com\/avatar\/f6d8782c11d12b2d4ad3fbb6931aeab5309937a4d6cd2fc9cfaa28a6396a5aec?s=96&d=mm&r=g","caption":"Redacci\u00f3n"},"url":"https:\/\/fuentesfidedignas.com.mx\/index.php\/author\/redaccion\/"}]}},"_links":{"self":[{"href":"https:\/\/fuentesfidedignas.com.mx\/index.php\/wp-json\/wp\/v2\/posts\/27750","targetHints":{"allow":["GET"]}}],"collection":[{"href":"https:\/\/fuentesfidedignas.com.mx\/index.php\/wp-json\/wp\/v2\/posts"}],"about":[{"href":"https:\/\/fuentesfidedignas.com.mx\/index.php\/wp-json\/wp\/v2\/types\/post"}],"author":[{"embeddable":true,"href":"https:\/\/fuentesfidedignas.com.mx\/index.php\/wp-json\/wp\/v2\/users\/4"}],"replies":[{"embeddable":true,"href":"https:\/\/fuentesfidedignas.com.mx\/index.php\/wp-json\/wp\/v2\/comments?post=27750"}],"version-history":[{"count":1,"href":"https:\/\/fuentesfidedignas.com.mx\/index.php\/wp-json\/wp\/v2\/posts\/27750\/revisions"}],"predecessor-version":[{"id":27751,"href":"https:\/\/fuentesfidedignas.com.mx\/index.php\/wp-json\/wp\/v2\/posts\/27750\/revisions\/27751"}],"wp:featuredmedia":[{"embeddable":true,"href":"https:\/\/fuentesfidedignas.com.mx\/index.php\/wp-json\/wp\/v2\/media\/27752"}],"wp:attachment":[{"href":"https:\/\/fuentesfidedignas.com.mx\/index.php\/wp-json\/wp\/v2\/media?parent=27750"}],"wp:term":[{"taxonomy":"category","embeddable":true,"href":"https:\/\/fuentesfidedignas.com.mx\/index.php\/wp-json\/wp\/v2\/categories?post=27750"},{"taxonomy":"post_tag","embeddable":true,"href":"https:\/\/fuentesfidedignas.com.mx\/index.php\/wp-json\/wp\/v2\/tags?post=27750"}],"curies":[{"name":"wp","href":"https:\/\/api.w.org\/{rel}","templated":true}]}}