{"id":27747,"date":"2022-04-05T15:54:26","date_gmt":"2022-04-05T22:54:26","guid":{"rendered":"https:\/\/fuentesfidedignas.com.mx\/?p=27747"},"modified":"2022-04-05T15:59:10","modified_gmt":"2022-04-05T22:59:10","slug":"detiene-uea-a-presunto-secuestrador-de-nino-de-guasave","status":"publish","type":"post","link":"https:\/\/fuentesfidedignas.com.mx\/index.php\/2022\/04\/05\/detiene-uea-a-presunto-secuestrador-de-nino-de-guasave\/","title":{"rendered":"Detiene UEA a presunto secuestrador de ni\u00f1o de Guasave"},"content":{"rendered":"\n<p><strong><em>La unidad Especializada Antisecuestro logr\u00f3 ubicar a quien en marzo de 2018 presuntamente secuestr\u00f3 a un menor de edad el cual fue rescatado por este cuerpo dependiente de la FGE<\/em><\/strong><\/p>\n\n\n\n<p>Culiac\u00e1n, Sin.- Personal de la Unidad Especializada Antisecuestros (UEA), dependiente de la Fiscal\u00eda General del Estado de Sinaloa, logr\u00f3 la captura de un sujeto se\u00f1alado por su probable participaci\u00f3n en el secuestro de un menor de edad , ocurrido en el a\u00f1o 2018 en el municipio de Guasave.<\/p>\n\n\n\n<p>Trabajos de inteligencia llevaron a la UEA a ubicar a Carlos Gerardo \u201cE\u201d, de 30 a\u00f1os de edad y originario de Guasave Sinaloa, en el Estado de M\u00e9xico donde trabajaba bajo un nombre falso en una empresa ubicada en Texcoco de Mora.<\/p>\n\n\n\n<p>Fue detenido mediante orden de aprehensi\u00f3n librada en su contra con fecha del 19 de abril del 2018, por el delito de Secuestro Agravado, dentro de la causa penal 80\/2018, girado por el juzgado de Control y Enjuiciamiento regi\u00f3n centro-norte con sede en el distrito judicial de Angostura, Sinaloa ante el cual fue puesto a disposici\u00f3n.<\/p>\n\n\n\n<p>A Carlos Gerardo \u201cE\u201d, se le se\u00f1ala su presunta participaci\u00f3n en el secuestro de un menor de edad, de quien se omite sus generales por seguridad, ocurrido el 22 marzo del 2018, al salir de un colegio en la ciudad de Guasave.<\/p>\n\n\n\n<p>La persona que cuidaba al ni\u00f1o fue sorprendida por el hoy detenido, quien mediante el uso de arma de fuego se apodero del menor , entregando posteriormente a la primera de las mencionadas un tel\u00e9fono celular, para que fuera dado a la madre del peque\u00f1o.<\/p>\n\n\n\n<p>El sujeto solicit\u00f3 por este medio con la familia del a v\u00edctima, 3 millones de pesos, pero al entrar en operaciones la Unidad Antisecuestros de la FGE, asesoraron a la familia para que el menor regresara sano y salvo a su hogar, lo cual ocurri\u00f3 horas despu\u00e9s sin necesidad de pago de rescate.<\/p>\n\n\n\n<p>La detenci\u00f3n del sujeto se realiz\u00f3 por parte de personal de la UEA con el apoyo de la Coordinaci\u00f3n Nacional Antisecuestros (CONASE), as\u00ed como de la Fiscal\u00eda General del Justicia del Estado de M\u00e9xico.<\/p>\n","protected":false},"excerpt":{"rendered":"<p>La unidad Especializada Antisecuestro logr\u00f3 ubicar a quien en marzo de 2018 presuntamente secuestr\u00f3 a un menor de edad el cual fue rescatado por este cuerpo dependiente de la FGE Culiac\u00e1n, Sin.- Personal de la Unidad Especializada Antisecuestros (UEA), dependiente de la Fiscal\u00eda General del Estado de Sinaloa, logr\u00f3 la captura de un sujeto se\u00f1alado [&hellip;]<\/p>\n","protected":false},"author":4,"featured_media":27749,"comment_status":"open","ping_status":"open","sticky":false,"template":"","format":"standard","meta":{"tdm_status":"","tdm_grid_status":"","footnotes":""},"categories":[37],"tags":[],"class_list":{"0":"post-27747","1":"post","2":"type-post","3":"status-publish","4":"format-standard","5":"has-post-thumbnail","7":"category-nota-principal"},"yoast_head":"<!-- This site is optimized with the Yoast SEO plugin v27.5 - https:\/\/yoast.com\/product\/yoast-seo-wordpress\/ -->\n<title>Detiene UEA a presunto secuestrador de ni\u00f1o de Guasave - Fuentes Fidedignas<\/title>\n<meta name=\"robots\" content=\"index, follow, max-snippet:-1, max-image-preview:large, max-video-preview:-1\" \/>\n<link rel=\"canonical\" href=\"https:\/\/fuentesfidedignas.com.mx\/index.php\/2022\/04\/05\/detiene-uea-a-presunto-secuestrador-de-nino-de-guasave\/\" \/>\n<meta property=\"og:locale\" content=\"es_MX\" \/>\n<meta property=\"og:type\" content=\"article\" \/>\n<meta property=\"og:title\" content=\"Detiene UEA a presunto secuestrador de ni\u00f1o de Guasave - Fuentes Fidedignas\" \/>\n<meta property=\"og:description\" content=\"La unidad Especializada Antisecuestro logr\u00f3 ubicar a quien en marzo de 2018 presuntamente secuestr\u00f3 a un menor de edad el cual fue rescatado por este cuerpo dependiente de la FGE Culiac\u00e1n, Sin.- Personal de la Unidad Especializada Antisecuestros (UEA), dependiente de la Fiscal\u00eda General del Estado de Sinaloa, logr\u00f3 la captura de un sujeto se\u00f1alado [&hellip;]\" \/>\n<meta property=\"og:url\" content=\"https:\/\/fuentesfidedignas.com.mx\/index.php\/2022\/04\/05\/detiene-uea-a-presunto-secuestrador-de-nino-de-guasave\/\" \/>\n<meta property=\"og:site_name\" content=\"Fuentes Fidedignas\" \/>\n<meta property=\"article:publisher\" content=\"https:\/\/www.facebook.com\/Fuentes-Fidedignas-368234489921644\" \/>\n<meta property=\"article:published_time\" content=\"2022-04-05T22:54:26+00:00\" \/>\n<meta property=\"article:modified_time\" content=\"2022-04-05T22:59:10+00:00\" \/>\n<meta property=\"og:image\" content=\"https:\/\/fuentesfidedignas.com.mx\/wp-content\/uploads\/2022\/04\/IMG-20220405-WA0017.jpg\" \/>\n\t<meta property=\"og:image:width\" content=\"516\" \/>\n\t<meta property=\"og:image:height\" content=\"471\" \/>\n\t<meta property=\"og:image:type\" content=\"image\/jpeg\" \/>\n<meta name=\"author\" content=\"Redacci\u00f3n\" \/>\n<meta name=\"twitter:card\" content=\"summary_large_image\" \/>\n<meta name=\"twitter:creator\" content=\"@fidedignas\" \/>\n<meta name=\"twitter:site\" content=\"@fidedignas\" \/>\n<meta name=\"twitter:label1\" content=\"Escrito por\" \/>\n\t<meta name=\"twitter:data1\" content=\"Redacci\u00f3n\" \/>\n\t<meta name=\"twitter:label2\" content=\"Tiempo de lectura\" \/>\n\t<meta name=\"twitter:data2\" content=\"2 minutos\" \/>\n<script type=\"application\/ld+json\" class=\"yoast-schema-graph\">{\"@context\":\"https:\\\/\\\/schema.org\",\"@graph\":[{\"@type\":\"Article\",\"@id\":\"https:\\\/\\\/fuentesfidedignas.com.mx\\\/index.php\\\/2022\\\/04\\\/05\\\/detiene-uea-a-presunto-secuestrador-de-nino-de-guasave\\\/#article\",\"isPartOf\":{\"@id\":\"https:\\\/\\\/fuentesfidedignas.com.mx\\\/index.php\\\/2022\\\/04\\\/05\\\/detiene-uea-a-presunto-secuestrador-de-nino-de-guasave\\\/\"},\"author\":{\"name\":\"Redacci\u00f3n\",\"@id\":\"https:\\\/\\\/fuentesfidedignas.com.mx\\\/#\\\/schema\\\/person\\\/331be9283d37198e2acd5750279085b0\"},\"headline\":\"Detiene UEA a presunto secuestrador de ni\u00f1o de Guasave\",\"datePublished\":\"2022-04-05T22:54:26+00:00\",\"dateModified\":\"2022-04-05T22:59:10+00:00\",\"mainEntityOfPage\":{\"@id\":\"https:\\\/\\\/fuentesfidedignas.com.mx\\\/index.php\\\/2022\\\/04\\\/05\\\/detiene-uea-a-presunto-secuestrador-de-nino-de-guasave\\\/\"},\"wordCount\":371,\"commentCount\":0,\"publisher\":{\"@id\":\"https:\\\/\\\/fuentesfidedignas.com.mx\\\/#organization\"},\"image\":{\"@id\":\"https:\\\/\\\/fuentesfidedignas.com.mx\\\/index.php\\\/2022\\\/04\\\/05\\\/detiene-uea-a-presunto-secuestrador-de-nino-de-guasave\\\/#primaryimage\"},\"thumbnailUrl\":\"https:\\\/\\\/fuentesfidedignas.com.mx\\\/wp-content\\\/uploads\\\/2022\\\/04\\\/IMG-20220405-WA0017.jpg\",\"articleSection\":[\"NOTA PRINCIPAL\"],\"inLanguage\":\"es\",\"potentialAction\":[{\"@type\":\"CommentAction\",\"name\":\"Comment\",\"target\":[\"https:\\\/\\\/fuentesfidedignas.com.mx\\\/index.php\\\/2022\\\/04\\\/05\\\/detiene-uea-a-presunto-secuestrador-de-nino-de-guasave\\\/#respond\"]}]},{\"@type\":\"WebPage\",\"@id\":\"https:\\\/\\\/fuentesfidedignas.com.mx\\\/index.php\\\/2022\\\/04\\\/05\\\/detiene-uea-a-presunto-secuestrador-de-nino-de-guasave\\\/\",\"url\":\"https:\\\/\\\/fuentesfidedignas.com.mx\\\/index.php\\\/2022\\\/04\\\/05\\\/detiene-uea-a-presunto-secuestrador-de-nino-de-guasave\\\/\",\"name\":\"Detiene UEA a presunto secuestrador de ni\u00f1o de Guasave - Fuentes Fidedignas\",\"isPartOf\":{\"@id\":\"https:\\\/\\\/fuentesfidedignas.com.mx\\\/#website\"},\"primaryImageOfPage\":{\"@id\":\"https:\\\/\\\/fuentesfidedignas.com.mx\\\/index.php\\\/2022\\\/04\\\/05\\\/detiene-uea-a-presunto-secuestrador-de-nino-de-guasave\\\/#primaryimage\"},\"image\":{\"@id\":\"https:\\\/\\\/fuentesfidedignas.com.mx\\\/index.php\\\/2022\\\/04\\\/05\\\/detiene-uea-a-presunto-secuestrador-de-nino-de-guasave\\\/#primaryimage\"},\"thumbnailUrl\":\"https:\\\/\\\/fuentesfidedignas.com.mx\\\/wp-content\\\/uploads\\\/2022\\\/04\\\/IMG-20220405-WA0017.jpg\",\"datePublished\":\"2022-04-05T22:54:26+00:00\",\"dateModified\":\"2022-04-05T22:59:10+00:00\",\"breadcrumb\":{\"@id\":\"https:\\\/\\\/fuentesfidedignas.com.mx\\\/index.php\\\/2022\\\/04\\\/05\\\/detiene-uea-a-presunto-secuestrador-de-nino-de-guasave\\\/#breadcrumb\"},\"inLanguage\":\"es\",\"potentialAction\":[{\"@type\":\"ReadAction\",\"target\":[\"https:\\\/\\\/fuentesfidedignas.com.mx\\\/index.php\\\/2022\\\/04\\\/05\\\/detiene-uea-a-presunto-secuestrador-de-nino-de-guasave\\\/\"]}]},{\"@type\":\"ImageObject\",\"inLanguage\":\"es\",\"@id\":\"https:\\\/\\\/fuentesfidedignas.com.mx\\\/index.php\\\/2022\\\/04\\\/05\\\/detiene-uea-a-presunto-secuestrador-de-nino-de-guasave\\\/#primaryimage\",\"url\":\"https:\\\/\\\/fuentesfidedignas.com.mx\\\/wp-content\\\/uploads\\\/2022\\\/04\\\/IMG-20220405-WA0017.jpg\",\"contentUrl\":\"https:\\\/\\\/fuentesfidedignas.com.mx\\\/wp-content\\\/uploads\\\/2022\\\/04\\\/IMG-20220405-WA0017.jpg\",\"width\":516,\"height\":471},{\"@type\":\"BreadcrumbList\",\"@id\":\"https:\\\/\\\/fuentesfidedignas.com.mx\\\/index.php\\\/2022\\\/04\\\/05\\\/detiene-uea-a-presunto-secuestrador-de-nino-de-guasave\\\/#breadcrumb\",\"itemListElement\":[{\"@type\":\"ListItem\",\"position\":1,\"name\":\"Inicio\",\"item\":\"https:\\\/\\\/fuentesfidedignas.com.mx\\\/\"},{\"@type\":\"ListItem\",\"position\":2,\"name\":\"Detiene UEA a presunto secuestrador de ni\u00f1o de Guasave\"}]},{\"@type\":\"WebSite\",\"@id\":\"https:\\\/\\\/fuentesfidedignas.com.mx\\\/#website\",\"url\":\"https:\\\/\\\/fuentesfidedignas.com.mx\\\/\",\"name\":\"Fuentes Fidedignas\",\"description\":\"Otro sitio realizado con WordPress\",\"publisher\":{\"@id\":\"https:\\\/\\\/fuentesfidedignas.com.mx\\\/#organization\"},\"potentialAction\":[{\"@type\":\"SearchAction\",\"target\":{\"@type\":\"EntryPoint\",\"urlTemplate\":\"https:\\\/\\\/fuentesfidedignas.com.mx\\\/?s={search_term_string}\"},\"query-input\":{\"@type\":\"PropertyValueSpecification\",\"valueRequired\":true,\"valueName\":\"search_term_string\"}}],\"inLanguage\":\"es\"},{\"@type\":\"Organization\",\"@id\":\"https:\\\/\\\/fuentesfidedignas.com.mx\\\/#organization\",\"name\":\"Fuentes Fidedignas\",\"url\":\"https:\\\/\\\/fuentesfidedignas.com.mx\\\/\",\"logo\":{\"@type\":\"ImageObject\",\"inLanguage\":\"es\",\"@id\":\"https:\\\/\\\/fuentesfidedignas.com.mx\\\/#\\\/schema\\\/logo\\\/image\\\/\",\"url\":\"https:\\\/\\\/fuentesfidedignas.com.mx\\\/wp-content\\\/uploads\\\/2021\\\/04\\\/logo-retina.png\",\"contentUrl\":\"https:\\\/\\\/fuentesfidedignas.com.mx\\\/wp-content\\\/uploads\\\/2021\\\/04\\\/logo-retina.png\",\"width\":280,\"height\":51,\"caption\":\"Fuentes Fidedignas\"},\"image\":{\"@id\":\"https:\\\/\\\/fuentesfidedignas.com.mx\\\/#\\\/schema\\\/logo\\\/image\\\/\"},\"sameAs\":[\"https:\\\/\\\/www.facebook.com\\\/Fuentes-Fidedignas-368234489921644\",\"https:\\\/\\\/x.com\\\/fidedignas\"]},{\"@type\":\"Person\",\"@id\":\"https:\\\/\\\/fuentesfidedignas.com.mx\\\/#\\\/schema\\\/person\\\/331be9283d37198e2acd5750279085b0\",\"name\":\"Redacci\u00f3n\",\"image\":{\"@type\":\"ImageObject\",\"inLanguage\":\"es\",\"@id\":\"https:\\\/\\\/secure.gravatar.com\\\/avatar\\\/f6d8782c11d12b2d4ad3fbb6931aeab5309937a4d6cd2fc9cfaa28a6396a5aec?s=96&d=mm&r=g\",\"url\":\"https:\\\/\\\/secure.gravatar.com\\\/avatar\\\/f6d8782c11d12b2d4ad3fbb6931aeab5309937a4d6cd2fc9cfaa28a6396a5aec?s=96&d=mm&r=g\",\"contentUrl\":\"https:\\\/\\\/secure.gravatar.com\\\/avatar\\\/f6d8782c11d12b2d4ad3fbb6931aeab5309937a4d6cd2fc9cfaa28a6396a5aec?s=96&d=mm&r=g\",\"caption\":\"Redacci\u00f3n\"},\"url\":\"https:\\\/\\\/fuentesfidedignas.com.mx\\\/index.php\\\/author\\\/redaccion\\\/\"}]}<\/script>\n<!-- \/ Yoast SEO plugin. -->","yoast_head_json":{"title":"Detiene UEA a presunto secuestrador de ni\u00f1o de Guasave - Fuentes Fidedignas","robots":{"index":"index","follow":"follow","max-snippet":"max-snippet:-1","max-image-preview":"max-image-preview:large","max-video-preview":"max-video-preview:-1"},"canonical":"https:\/\/fuentesfidedignas.com.mx\/index.php\/2022\/04\/05\/detiene-uea-a-presunto-secuestrador-de-nino-de-guasave\/","og_locale":"es_MX","og_type":"article","og_title":"Detiene UEA a presunto secuestrador de ni\u00f1o de Guasave - Fuentes Fidedignas","og_description":"La unidad Especializada Antisecuestro logr\u00f3 ubicar a quien en marzo de 2018 presuntamente secuestr\u00f3 a un menor de edad el cual fue rescatado por este cuerpo dependiente de la FGE Culiac\u00e1n, Sin.- Personal de la Unidad Especializada Antisecuestros (UEA), dependiente de la Fiscal\u00eda General del Estado de Sinaloa, logr\u00f3 la captura de un sujeto se\u00f1alado [&hellip;]","og_url":"https:\/\/fuentesfidedignas.com.mx\/index.php\/2022\/04\/05\/detiene-uea-a-presunto-secuestrador-de-nino-de-guasave\/","og_site_name":"Fuentes Fidedignas","article_publisher":"https:\/\/www.facebook.com\/Fuentes-Fidedignas-368234489921644","article_published_time":"2022-04-05T22:54:26+00:00","article_modified_time":"2022-04-05T22:59:10+00:00","og_image":[{"width":516,"height":471,"url":"https:\/\/fuentesfidedignas.com.mx\/wp-content\/uploads\/2022\/04\/IMG-20220405-WA0017.jpg","type":"image\/jpeg"}],"author":"Redacci\u00f3n","twitter_card":"summary_large_image","twitter_creator":"@fidedignas","twitter_site":"@fidedignas","twitter_misc":{"Escrito por":"Redacci\u00f3n","Tiempo de lectura":"2 minutos"},"schema":{"@context":"https:\/\/schema.org","@graph":[{"@type":"Article","@id":"https:\/\/fuentesfidedignas.com.mx\/index.php\/2022\/04\/05\/detiene-uea-a-presunto-secuestrador-de-nino-de-guasave\/#article","isPartOf":{"@id":"https:\/\/fuentesfidedignas.com.mx\/index.php\/2022\/04\/05\/detiene-uea-a-presunto-secuestrador-de-nino-de-guasave\/"},"author":{"name":"Redacci\u00f3n","@id":"https:\/\/fuentesfidedignas.com.mx\/#\/schema\/person\/331be9283d37198e2acd5750279085b0"},"headline":"Detiene UEA a presunto secuestrador de ni\u00f1o de Guasave","datePublished":"2022-04-05T22:54:26+00:00","dateModified":"2022-04-05T22:59:10+00:00","mainEntityOfPage":{"@id":"https:\/\/fuentesfidedignas.com.mx\/index.php\/2022\/04\/05\/detiene-uea-a-presunto-secuestrador-de-nino-de-guasave\/"},"wordCount":371,"commentCount":0,"publisher":{"@id":"https:\/\/fuentesfidedignas.com.mx\/#organization"},"image":{"@id":"https:\/\/fuentesfidedignas.com.mx\/index.php\/2022\/04\/05\/detiene-uea-a-presunto-secuestrador-de-nino-de-guasave\/#primaryimage"},"thumbnailUrl":"https:\/\/fuentesfidedignas.com.mx\/wp-content\/uploads\/2022\/04\/IMG-20220405-WA0017.jpg","articleSection":["NOTA PRINCIPAL"],"inLanguage":"es","potentialAction":[{"@type":"CommentAction","name":"Comment","target":["https:\/\/fuentesfidedignas.com.mx\/index.php\/2022\/04\/05\/detiene-uea-a-presunto-secuestrador-de-nino-de-guasave\/#respond"]}]},{"@type":"WebPage","@id":"https:\/\/fuentesfidedignas.com.mx\/index.php\/2022\/04\/05\/detiene-uea-a-presunto-secuestrador-de-nino-de-guasave\/","url":"https:\/\/fuentesfidedignas.com.mx\/index.php\/2022\/04\/05\/detiene-uea-a-presunto-secuestrador-de-nino-de-guasave\/","name":"Detiene UEA a presunto secuestrador de ni\u00f1o de Guasave - Fuentes Fidedignas","isPartOf":{"@id":"https:\/\/fuentesfidedignas.com.mx\/#website"},"primaryImageOfPage":{"@id":"https:\/\/fuentesfidedignas.com.mx\/index.php\/2022\/04\/05\/detiene-uea-a-presunto-secuestrador-de-nino-de-guasave\/#primaryimage"},"image":{"@id":"https:\/\/fuentesfidedignas.com.mx\/index.php\/2022\/04\/05\/detiene-uea-a-presunto-secuestrador-de-nino-de-guasave\/#primaryimage"},"thumbnailUrl":"https:\/\/fuentesfidedignas.com.mx\/wp-content\/uploads\/2022\/04\/IMG-20220405-WA0017.jpg","datePublished":"2022-04-05T22:54:26+00:00","dateModified":"2022-04-05T22:59:10+00:00","breadcrumb":{"@id":"https:\/\/fuentesfidedignas.com.mx\/index.php\/2022\/04\/05\/detiene-uea-a-presunto-secuestrador-de-nino-de-guasave\/#breadcrumb"},"inLanguage":"es","potentialAction":[{"@type":"ReadAction","target":["https:\/\/fuentesfidedignas.com.mx\/index.php\/2022\/04\/05\/detiene-uea-a-presunto-secuestrador-de-nino-de-guasave\/"]}]},{"@type":"ImageObject","inLanguage":"es","@id":"https:\/\/fuentesfidedignas.com.mx\/index.php\/2022\/04\/05\/detiene-uea-a-presunto-secuestrador-de-nino-de-guasave\/#primaryimage","url":"https:\/\/fuentesfidedignas.com.mx\/wp-content\/uploads\/2022\/04\/IMG-20220405-WA0017.jpg","contentUrl":"https:\/\/fuentesfidedignas.com.mx\/wp-content\/uploads\/2022\/04\/IMG-20220405-WA0017.jpg","width":516,"height":471},{"@type":"BreadcrumbList","@id":"https:\/\/fuentesfidedignas.com.mx\/index.php\/2022\/04\/05\/detiene-uea-a-presunto-secuestrador-de-nino-de-guasave\/#breadcrumb","itemListElement":[{"@type":"ListItem","position":1,"name":"Inicio","item":"https:\/\/fuentesfidedignas.com.mx\/"},{"@type":"ListItem","position":2,"name":"Detiene UEA a presunto secuestrador de ni\u00f1o de Guasave"}]},{"@type":"WebSite","@id":"https:\/\/fuentesfidedignas.com.mx\/#website","url":"https:\/\/fuentesfidedignas.com.mx\/","name":"Fuentes Fidedignas","description":"Otro sitio realizado con WordPress","publisher":{"@id":"https:\/\/fuentesfidedignas.com.mx\/#organization"},"potentialAction":[{"@type":"SearchAction","target":{"@type":"EntryPoint","urlTemplate":"https:\/\/fuentesfidedignas.com.mx\/?s={search_term_string}"},"query-input":{"@type":"PropertyValueSpecification","valueRequired":true,"valueName":"search_term_string"}}],"inLanguage":"es"},{"@type":"Organization","@id":"https:\/\/fuentesfidedignas.com.mx\/#organization","name":"Fuentes Fidedignas","url":"https:\/\/fuentesfidedignas.com.mx\/","logo":{"@type":"ImageObject","inLanguage":"es","@id":"https:\/\/fuentesfidedignas.com.mx\/#\/schema\/logo\/image\/","url":"https:\/\/fuentesfidedignas.com.mx\/wp-content\/uploads\/2021\/04\/logo-retina.png","contentUrl":"https:\/\/fuentesfidedignas.com.mx\/wp-content\/uploads\/2021\/04\/logo-retina.png","width":280,"height":51,"caption":"Fuentes Fidedignas"},"image":{"@id":"https:\/\/fuentesfidedignas.com.mx\/#\/schema\/logo\/image\/"},"sameAs":["https:\/\/www.facebook.com\/Fuentes-Fidedignas-368234489921644","https:\/\/x.com\/fidedignas"]},{"@type":"Person","@id":"https:\/\/fuentesfidedignas.com.mx\/#\/schema\/person\/331be9283d37198e2acd5750279085b0","name":"Redacci\u00f3n","image":{"@type":"ImageObject","inLanguage":"es","@id":"https:\/\/secure.gravatar.com\/avatar\/f6d8782c11d12b2d4ad3fbb6931aeab5309937a4d6cd2fc9cfaa28a6396a5aec?s=96&d=mm&r=g","url":"https:\/\/secure.gravatar.com\/avatar\/f6d8782c11d12b2d4ad3fbb6931aeab5309937a4d6cd2fc9cfaa28a6396a5aec?s=96&d=mm&r=g","contentUrl":"https:\/\/secure.gravatar.com\/avatar\/f6d8782c11d12b2d4ad3fbb6931aeab5309937a4d6cd2fc9cfaa28a6396a5aec?s=96&d=mm&r=g","caption":"Redacci\u00f3n"},"url":"https:\/\/fuentesfidedignas.com.mx\/index.php\/author\/redaccion\/"}]}},"_links":{"self":[{"href":"https:\/\/fuentesfidedignas.com.mx\/index.php\/wp-json\/wp\/v2\/posts\/27747","targetHints":{"allow":["GET"]}}],"collection":[{"href":"https:\/\/fuentesfidedignas.com.mx\/index.php\/wp-json\/wp\/v2\/posts"}],"about":[{"href":"https:\/\/fuentesfidedignas.com.mx\/index.php\/wp-json\/wp\/v2\/types\/post"}],"author":[{"embeddable":true,"href":"https:\/\/fuentesfidedignas.com.mx\/index.php\/wp-json\/wp\/v2\/users\/4"}],"replies":[{"embeddable":true,"href":"https:\/\/fuentesfidedignas.com.mx\/index.php\/wp-json\/wp\/v2\/comments?post=27747"}],"version-history":[{"count":1,"href":"https:\/\/fuentesfidedignas.com.mx\/index.php\/wp-json\/wp\/v2\/posts\/27747\/revisions"}],"predecessor-version":[{"id":27748,"href":"https:\/\/fuentesfidedignas.com.mx\/index.php\/wp-json\/wp\/v2\/posts\/27747\/revisions\/27748"}],"wp:featuredmedia":[{"embeddable":true,"href":"https:\/\/fuentesfidedignas.com.mx\/index.php\/wp-json\/wp\/v2\/media\/27749"}],"wp:attachment":[{"href":"https:\/\/fuentesfidedignas.com.mx\/index.php\/wp-json\/wp\/v2\/media?parent=27747"}],"wp:term":[{"taxonomy":"category","embeddable":true,"href":"https:\/\/fuentesfidedignas.com.mx\/index.php\/wp-json\/wp\/v2\/categories?post=27747"},{"taxonomy":"post_tag","embeddable":true,"href":"https:\/\/fuentesfidedignas.com.mx\/index.php\/wp-json\/wp\/v2\/tags?post=27747"}],"curies":[{"name":"wp","href":"https:\/\/api.w.org\/{rel}","templated":true}]}}