{"id":27626,"date":"2022-04-03T15:43:49","date_gmt":"2022-04-03T22:43:49","guid":{"rendered":"https:\/\/fuentesfidedignas.com.mx\/?p=27626"},"modified":"2022-04-03T15:44:39","modified_gmt":"2022-04-03T22:44:39","slug":"marchan-en-ciudad-de-mexico-y-otros-estados-para-rechazar-consulta-de-revocacion","status":"publish","type":"post","link":"https:\/\/fuentesfidedignas.com.mx\/index.php\/2022\/04\/03\/marchan-en-ciudad-de-mexico-y-otros-estados-para-rechazar-consulta-de-revocacion\/","title":{"rendered":"Marchan en Ciudad de M\u00e9xico y otros estados para rechazar consulta de revocaci\u00f3n"},"content":{"rendered":"\n<p><strong><em>Cientos de opositores a la revocaci\u00f3n de mandato marcharon en la CDMX y otros estados para que L\u00f3pez Obrador contin\u00fae su gesti\u00f3n.<\/em><\/strong><\/p>\n\n\n\n<p>Ciudad de M\u00e9xico.- Cientos de opositores del presidente Andr\u00e9s Manuel L\u00f3pez Obrador marcharon en la Ciudad de M\u00e9xico y otras ciudades del pa\u00eds contra la pol\u00e9mica consulta de revocaci\u00f3n de mandato, que el 10 de abril llamar\u00e1 a la ciudadan\u00eda a las urnas para decidir sobre la continuidad del mandatario.<\/p>\n\n\n\n<p>Con la consigna \u201c\u00a1Terminas y te vas!\u201d como nombre de la marcha y tambi\u00e9n como principal reclamo, unas 2.000 personas, en su mayor\u00eda vestidas de blanco, caminaron en la Ciudad de M\u00e9xico, del \u00c1ngel de la Independencia al Monumento a la Revoluci\u00f3n, por la c\u00e9ntrica avenida Reforma, para rechazar el in\u00e9dito ejercicio de participaci\u00f3n directa del pr\u00f3ximo domingo.<\/p>\n\n\n\n<p><strong>EN DESACUERDO CON LA CONSULTA<\/strong><\/p>\n\n\n\n<p>\u201cVenimos a apoyar la marcha porque estamos en completo desacuerdo en la revocaci\u00f3n de mandato ya que la convirtieron en una ratificaci\u00f3n y en un medio de divisi\u00f3n y de confusi\u00f3n para la sociedad\u201d, dijo entrevista con Efe, Diana, integrante de la organizaci\u00f3n Ciudadanos con causa justa, ue promovi\u00f3 la protesta.<\/p>\n\n\n\n<p>\u201cConvocamos a dejar urnas vac\u00edas, yo no voy el 10 (de abril) lo dejo solo (al presidente) porque despu\u00e9s vamos a ir a las urnas el 5 de junio para votar en las elecciones ordinarias para las (seis) gubernaturas en disputa, vamos a sacar a la gente a votar, esa si es una votaci\u00f3n, esta es una consulta que la convirtieron en una farsa\u201d, agreg\u00f3 la activista.<\/p>\n\n\n\n<p>La consulta de revocaci\u00f3n, derivada de la Ley Federal de Revocaci\u00f3n de Mandato promulgada en septiembre, causa pol\u00e9mica porque es impulsada por el propio presidente L\u00f3pez Obrador, por lo que la oposici\u00f3n le ha acusado de promover \u201cuna campa\u00f1a permanente\u201d para movilizar a sus bases.<\/p>\n\n\n\n<p>En ese sentido, la activista expuso \u201cno podemos permitir que se hagan comunes las consultas porque al rato, en tres a\u00f1os, nos puede preguntar (el presidente) si quiere que ampliemos su mandato y la verdad es que no, termina y se va porque lo ha hecho muy mal, no hay resultados en nada\u201d.<\/p>\n\n\n\n<p><strong>DEFIENDEN A LA AUTORIDAD ELECTORAL<\/strong><\/p>\n\n\n\n<p>Pero adem\u00e1s de la exigencia del marcha con la frase \u201c\u00a1Terminas y te vas!\u201d, los manifestantes salieron en defensa del Instituto Nacional Electoral (INE) con las consignas \u201c\u00a1Yo defiendo al INE!\u201d y \u201cEn defensa de la democracia\u201d.<\/p>\n\n\n\n<p>Precisamente la autoridad electoral mexicana enfrent\u00f3 el reto de organizar la consulta con un presupuesto recortado por el Congreso, dominado por el partido Movimiento Regeneraci\u00f3n Nacional (Morena), bajo un plan de austeridad propuesto por el presidente L\u00f3pez Obrador y con la negativa de la Secretar\u00eda de Hacienda de otorgar m\u00e1s recursos.<\/p>\n\n\n\n<p>\u201cAl pobre INE se lo va acabar, va contra \u00e9l, (y L\u00f3pez Obrador hace) todo esto para ir contra el pueblo y seguir dominando al pueblo\u201d, se\u00f1al\u00f3 a Efe la contadora p\u00fablica Lourdes G\u00f3mez, quien cont\u00f3 que asisti\u00f3 a la marcha porque \u201cno estoy conforme con este gobierno\u201d.<\/p>\n\n\n\n<p>Para la mujer, el presidente L\u00f3pez Obrador \u201cest\u00e1 mandando a una revocaci\u00f3n que no tendr\u00eda porque haber convocado\u201d.<\/p>\n\n\n\n<p>\u201cLa revocaci\u00f3n es una trampa porque \u00e9l la est\u00e1 organizando y una revocaci\u00f3n la tenemos que pedir los ciudadanos no el presidente y desde ah\u00ed ya no est\u00e1 haciendo trampa\u201d, a\u00f1adi\u00f3.<\/p>\n\n\n\n<p>En el procesos del ejercicio fueron constantes los choques de L\u00f3pez Obrador con el INE junto con una controversia por los cientos de anuncios espectaculares en los que aparece el presidente L\u00f3pez Obrador invitando a la consulta y que no se sabe quien pag\u00f3.<\/p>\n\n\n\n<p>Adem\u00e1s de la aprobaci\u00f3n de un decreto presidencial para que los funcionarios p\u00fablicos pudieran manifestarse sobre el proceso, el cual el martes 29 fue declarado como \u201cinaplicable\u201d por el Tribunal Electoral del Poder Judicial de la Federaci\u00f3n (TEPJF).<\/p>\n\n\n\n<p><strong>NO ENTRAR AL JUEGO<\/strong><\/p>\n\n\n\n<p>Para el activista Juli\u00e1n Hamlet, quien prefiri\u00f3 dar el nombre que usa en redes sociales, la marcha fue porque \u201cnosotros no vamos a entrar al juego de la votaci\u00f3n del 10 de abril\u201d.<\/p>\n\n\n\n<p>\u201cNo estamos de acuerdo en que si un presidente que firm\u00f3 en el 2018 por seis a\u00f1os su compromiso (al frente del pa\u00eds), se quiera hacer una revocacion a tres a\u00f1os. Para nosotros es: terminas tu administraci\u00f3n (L\u00f3pez Obrador, en 2024) y te vas y prep\u00e1rate porque te vamos a denunciar y te vamos a demandar\u201d, advirti\u00f3.<\/p>\n\n\n\n<p>Al ejercicio est\u00e1n convocados a participar de manera oficial 92.823.216 millones de ciudadanos.<\/p>\n\n\n\n<p>En varias ocasiones, el presidente mexicano ha dicho que aunque el resultado de la consulta de revocaci\u00f3n de mandato no sea vinculatorio, al reunir el 40 % de la participaci\u00f3n ciudadana unos 35 millones de personas, si la mayor\u00eda de los votantes vota para que no contin\u00fae al frente del Gobierno de M\u00e9xico, se ir\u00e1.<\/p>\n\n\n\n<p>La protesta tambi\u00e9n se dio en ciudades como Quer\u00e9taro, Veracruz, Toluca, Guadalajara, Le\u00f3n y Monterrey, entre otras.<\/p>\n","protected":false},"excerpt":{"rendered":"<p>Cientos de opositores a la revocaci\u00f3n de mandato marcharon en la CDMX y otros estados para que L\u00f3pez Obrador contin\u00fae su gesti\u00f3n. Ciudad de M\u00e9xico.- Cientos de opositores del presidente Andr\u00e9s Manuel L\u00f3pez Obrador marcharon en la Ciudad de M\u00e9xico y otras ciudades del pa\u00eds contra la pol\u00e9mica consulta de revocaci\u00f3n de mandato, que el [&hellip;]<\/p>\n","protected":false},"author":5,"featured_media":27627,"comment_status":"open","ping_status":"open","sticky":false,"template":"","format":"standard","meta":{"tdm_status":"","tdm_grid_status":"","footnotes":""},"categories":[39],"tags":[],"class_list":{"0":"post-27626","1":"post","2":"type-post","3":"status-publish","4":"format-standard","5":"has-post-thumbnail","7":"category-noticias-nacionales"},"yoast_head":"<!-- This site is optimized with the Yoast SEO plugin v27.5 - https:\/\/yoast.com\/product\/yoast-seo-wordpress\/ -->\n<title>Marchan en Ciudad de M\u00e9xico y otros estados para rechazar consulta de revocaci\u00f3n - Fuentes Fidedignas<\/title>\n<meta name=\"robots\" content=\"index, follow, max-snippet:-1, max-image-preview:large, max-video-preview:-1\" \/>\n<link rel=\"canonical\" href=\"https:\/\/fuentesfidedignas.com.mx\/index.php\/2022\/04\/03\/marchan-en-ciudad-de-mexico-y-otros-estados-para-rechazar-consulta-de-revocacion\/\" \/>\n<meta property=\"og:locale\" content=\"es_MX\" \/>\n<meta property=\"og:type\" content=\"article\" \/>\n<meta property=\"og:title\" content=\"Marchan en Ciudad de M\u00e9xico y otros estados para rechazar consulta de revocaci\u00f3n - Fuentes Fidedignas\" \/>\n<meta property=\"og:description\" content=\"Cientos de opositores a la revocaci\u00f3n de mandato marcharon en la CDMX y otros estados para que L\u00f3pez Obrador contin\u00fae su gesti\u00f3n. Ciudad de M\u00e9xico.- Cientos de opositores del presidente Andr\u00e9s Manuel L\u00f3pez Obrador marcharon en la Ciudad de M\u00e9xico y otras ciudades del pa\u00eds contra la pol\u00e9mica consulta de revocaci\u00f3n de mandato, que el [&hellip;]\" \/>\n<meta property=\"og:url\" content=\"https:\/\/fuentesfidedignas.com.mx\/index.php\/2022\/04\/03\/marchan-en-ciudad-de-mexico-y-otros-estados-para-rechazar-consulta-de-revocacion\/\" \/>\n<meta property=\"og:site_name\" content=\"Fuentes Fidedignas\" \/>\n<meta property=\"article:publisher\" content=\"https:\/\/www.facebook.com\/Fuentes-Fidedignas-368234489921644\" \/>\n<meta property=\"article:published_time\" content=\"2022-04-03T22:43:49+00:00\" \/>\n<meta property=\"article:modified_time\" content=\"2022-04-03T22:44:39+00:00\" \/>\n<meta property=\"og:image\" content=\"https:\/\/fuentesfidedignas.com.mx\/wp-content\/uploads\/2022\/04\/MARCHA.jpg\" \/>\n\t<meta property=\"og:image:width\" content=\"640\" \/>\n\t<meta property=\"og:image:height\" content=\"360\" \/>\n\t<meta property=\"og:image:type\" content=\"image\/jpeg\" \/>\n<meta name=\"author\" content=\"Forbes\" \/>\n<meta name=\"twitter:card\" content=\"summary_large_image\" \/>\n<meta name=\"twitter:creator\" content=\"@fidedignas\" \/>\n<meta name=\"twitter:site\" content=\"@fidedignas\" \/>\n<meta name=\"twitter:label1\" content=\"Escrito por\" \/>\n\t<meta name=\"twitter:data1\" content=\"Forbes\" \/>\n\t<meta name=\"twitter:label2\" content=\"Tiempo de lectura\" \/>\n\t<meta name=\"twitter:data2\" content=\"4 minutos\" \/>\n<script type=\"application\/ld+json\" class=\"yoast-schema-graph\">{\"@context\":\"https:\\\/\\\/schema.org\",\"@graph\":[{\"@type\":\"Article\",\"@id\":\"https:\\\/\\\/fuentesfidedignas.com.mx\\\/index.php\\\/2022\\\/04\\\/03\\\/marchan-en-ciudad-de-mexico-y-otros-estados-para-rechazar-consulta-de-revocacion\\\/#article\",\"isPartOf\":{\"@id\":\"https:\\\/\\\/fuentesfidedignas.com.mx\\\/index.php\\\/2022\\\/04\\\/03\\\/marchan-en-ciudad-de-mexico-y-otros-estados-para-rechazar-consulta-de-revocacion\\\/\"},\"author\":{\"name\":\"Forbes\",\"@id\":\"https:\\\/\\\/fuentesfidedignas.com.mx\\\/#\\\/schema\\\/person\\\/5623d53fe2e579d825b1679734abcc44\"},\"headline\":\"Marchan en Ciudad de M\u00e9xico y otros estados para rechazar consulta de revocaci\u00f3n\",\"datePublished\":\"2022-04-03T22:43:49+00:00\",\"dateModified\":\"2022-04-03T22:44:39+00:00\",\"mainEntityOfPage\":{\"@id\":\"https:\\\/\\\/fuentesfidedignas.com.mx\\\/index.php\\\/2022\\\/04\\\/03\\\/marchan-en-ciudad-de-mexico-y-otros-estados-para-rechazar-consulta-de-revocacion\\\/\"},\"wordCount\":879,\"commentCount\":0,\"publisher\":{\"@id\":\"https:\\\/\\\/fuentesfidedignas.com.mx\\\/#organization\"},\"image\":{\"@id\":\"https:\\\/\\\/fuentesfidedignas.com.mx\\\/index.php\\\/2022\\\/04\\\/03\\\/marchan-en-ciudad-de-mexico-y-otros-estados-para-rechazar-consulta-de-revocacion\\\/#primaryimage\"},\"thumbnailUrl\":\"https:\\\/\\\/fuentesfidedignas.com.mx\\\/wp-content\\\/uploads\\\/2022\\\/04\\\/MARCHA.jpg\",\"articleSection\":[\"NOTICIAS NACIONALES\"],\"inLanguage\":\"es\",\"potentialAction\":[{\"@type\":\"CommentAction\",\"name\":\"Comment\",\"target\":[\"https:\\\/\\\/fuentesfidedignas.com.mx\\\/index.php\\\/2022\\\/04\\\/03\\\/marchan-en-ciudad-de-mexico-y-otros-estados-para-rechazar-consulta-de-revocacion\\\/#respond\"]}]},{\"@type\":\"WebPage\",\"@id\":\"https:\\\/\\\/fuentesfidedignas.com.mx\\\/index.php\\\/2022\\\/04\\\/03\\\/marchan-en-ciudad-de-mexico-y-otros-estados-para-rechazar-consulta-de-revocacion\\\/\",\"url\":\"https:\\\/\\\/fuentesfidedignas.com.mx\\\/index.php\\\/2022\\\/04\\\/03\\\/marchan-en-ciudad-de-mexico-y-otros-estados-para-rechazar-consulta-de-revocacion\\\/\",\"name\":\"Marchan en Ciudad de M\u00e9xico y otros estados para rechazar consulta de revocaci\u00f3n - Fuentes Fidedignas\",\"isPartOf\":{\"@id\":\"https:\\\/\\\/fuentesfidedignas.com.mx\\\/#website\"},\"primaryImageOfPage\":{\"@id\":\"https:\\\/\\\/fuentesfidedignas.com.mx\\\/index.php\\\/2022\\\/04\\\/03\\\/marchan-en-ciudad-de-mexico-y-otros-estados-para-rechazar-consulta-de-revocacion\\\/#primaryimage\"},\"image\":{\"@id\":\"https:\\\/\\\/fuentesfidedignas.com.mx\\\/index.php\\\/2022\\\/04\\\/03\\\/marchan-en-ciudad-de-mexico-y-otros-estados-para-rechazar-consulta-de-revocacion\\\/#primaryimage\"},\"thumbnailUrl\":\"https:\\\/\\\/fuentesfidedignas.com.mx\\\/wp-content\\\/uploads\\\/2022\\\/04\\\/MARCHA.jpg\",\"datePublished\":\"2022-04-03T22:43:49+00:00\",\"dateModified\":\"2022-04-03T22:44:39+00:00\",\"breadcrumb\":{\"@id\":\"https:\\\/\\\/fuentesfidedignas.com.mx\\\/index.php\\\/2022\\\/04\\\/03\\\/marchan-en-ciudad-de-mexico-y-otros-estados-para-rechazar-consulta-de-revocacion\\\/#breadcrumb\"},\"inLanguage\":\"es\",\"potentialAction\":[{\"@type\":\"ReadAction\",\"target\":[\"https:\\\/\\\/fuentesfidedignas.com.mx\\\/index.php\\\/2022\\\/04\\\/03\\\/marchan-en-ciudad-de-mexico-y-otros-estados-para-rechazar-consulta-de-revocacion\\\/\"]}]},{\"@type\":\"ImageObject\",\"inLanguage\":\"es\",\"@id\":\"https:\\\/\\\/fuentesfidedignas.com.mx\\\/index.php\\\/2022\\\/04\\\/03\\\/marchan-en-ciudad-de-mexico-y-otros-estados-para-rechazar-consulta-de-revocacion\\\/#primaryimage\",\"url\":\"https:\\\/\\\/fuentesfidedignas.com.mx\\\/wp-content\\\/uploads\\\/2022\\\/04\\\/MARCHA.jpg\",\"contentUrl\":\"https:\\\/\\\/fuentesfidedignas.com.mx\\\/wp-content\\\/uploads\\\/2022\\\/04\\\/MARCHA.jpg\",\"width\":640,\"height\":360},{\"@type\":\"BreadcrumbList\",\"@id\":\"https:\\\/\\\/fuentesfidedignas.com.mx\\\/index.php\\\/2022\\\/04\\\/03\\\/marchan-en-ciudad-de-mexico-y-otros-estados-para-rechazar-consulta-de-revocacion\\\/#breadcrumb\",\"itemListElement\":[{\"@type\":\"ListItem\",\"position\":1,\"name\":\"Inicio\",\"item\":\"https:\\\/\\\/fuentesfidedignas.com.mx\\\/\"},{\"@type\":\"ListItem\",\"position\":2,\"name\":\"Marchan en Ciudad de M\u00e9xico y otros estados para rechazar consulta de revocaci\u00f3n\"}]},{\"@type\":\"WebSite\",\"@id\":\"https:\\\/\\\/fuentesfidedignas.com.mx\\\/#website\",\"url\":\"https:\\\/\\\/fuentesfidedignas.com.mx\\\/\",\"name\":\"Fuentes Fidedignas\",\"description\":\"Otro sitio realizado con WordPress\",\"publisher\":{\"@id\":\"https:\\\/\\\/fuentesfidedignas.com.mx\\\/#organization\"},\"potentialAction\":[{\"@type\":\"SearchAction\",\"target\":{\"@type\":\"EntryPoint\",\"urlTemplate\":\"https:\\\/\\\/fuentesfidedignas.com.mx\\\/?s={search_term_string}\"},\"query-input\":{\"@type\":\"PropertyValueSpecification\",\"valueRequired\":true,\"valueName\":\"search_term_string\"}}],\"inLanguage\":\"es\"},{\"@type\":\"Organization\",\"@id\":\"https:\\\/\\\/fuentesfidedignas.com.mx\\\/#organization\",\"name\":\"Fuentes Fidedignas\",\"url\":\"https:\\\/\\\/fuentesfidedignas.com.mx\\\/\",\"logo\":{\"@type\":\"ImageObject\",\"inLanguage\":\"es\",\"@id\":\"https:\\\/\\\/fuentesfidedignas.com.mx\\\/#\\\/schema\\\/logo\\\/image\\\/\",\"url\":\"https:\\\/\\\/fuentesfidedignas.com.mx\\\/wp-content\\\/uploads\\\/2021\\\/04\\\/logo-retina.png\",\"contentUrl\":\"https:\\\/\\\/fuentesfidedignas.com.mx\\\/wp-content\\\/uploads\\\/2021\\\/04\\\/logo-retina.png\",\"width\":280,\"height\":51,\"caption\":\"Fuentes Fidedignas\"},\"image\":{\"@id\":\"https:\\\/\\\/fuentesfidedignas.com.mx\\\/#\\\/schema\\\/logo\\\/image\\\/\"},\"sameAs\":[\"https:\\\/\\\/www.facebook.com\\\/Fuentes-Fidedignas-368234489921644\",\"https:\\\/\\\/x.com\\\/fidedignas\"]},{\"@type\":\"Person\",\"@id\":\"https:\\\/\\\/fuentesfidedignas.com.mx\\\/#\\\/schema\\\/person\\\/5623d53fe2e579d825b1679734abcc44\",\"name\":\"Forbes\",\"image\":{\"@type\":\"ImageObject\",\"inLanguage\":\"es\",\"@id\":\"https:\\\/\\\/secure.gravatar.com\\\/avatar\\\/87ce3dd4e41e60c22a79c758614f01a6bc2469255fc936ec7b15efb9bb5cb66f?s=96&d=mm&r=g\",\"url\":\"https:\\\/\\\/secure.gravatar.com\\\/avatar\\\/87ce3dd4e41e60c22a79c758614f01a6bc2469255fc936ec7b15efb9bb5cb66f?s=96&d=mm&r=g\",\"contentUrl\":\"https:\\\/\\\/secure.gravatar.com\\\/avatar\\\/87ce3dd4e41e60c22a79c758614f01a6bc2469255fc936ec7b15efb9bb5cb66f?s=96&d=mm&r=g\",\"caption\":\"Forbes\"},\"url\":\"https:\\\/\\\/fuentesfidedignas.com.mx\\\/index.php\\\/author\\\/forbes\\\/\"}]}<\/script>\n<!-- \/ Yoast SEO plugin. -->","yoast_head_json":{"title":"Marchan en Ciudad de M\u00e9xico y otros estados para rechazar consulta de revocaci\u00f3n - Fuentes Fidedignas","robots":{"index":"index","follow":"follow","max-snippet":"max-snippet:-1","max-image-preview":"max-image-preview:large","max-video-preview":"max-video-preview:-1"},"canonical":"https:\/\/fuentesfidedignas.com.mx\/index.php\/2022\/04\/03\/marchan-en-ciudad-de-mexico-y-otros-estados-para-rechazar-consulta-de-revocacion\/","og_locale":"es_MX","og_type":"article","og_title":"Marchan en Ciudad de M\u00e9xico y otros estados para rechazar consulta de revocaci\u00f3n - Fuentes Fidedignas","og_description":"Cientos de opositores a la revocaci\u00f3n de mandato marcharon en la CDMX y otros estados para que L\u00f3pez Obrador contin\u00fae su gesti\u00f3n. Ciudad de M\u00e9xico.- Cientos de opositores del presidente Andr\u00e9s Manuel L\u00f3pez Obrador marcharon en la Ciudad de M\u00e9xico y otras ciudades del pa\u00eds contra la pol\u00e9mica consulta de revocaci\u00f3n de mandato, que el [&hellip;]","og_url":"https:\/\/fuentesfidedignas.com.mx\/index.php\/2022\/04\/03\/marchan-en-ciudad-de-mexico-y-otros-estados-para-rechazar-consulta-de-revocacion\/","og_site_name":"Fuentes Fidedignas","article_publisher":"https:\/\/www.facebook.com\/Fuentes-Fidedignas-368234489921644","article_published_time":"2022-04-03T22:43:49+00:00","article_modified_time":"2022-04-03T22:44:39+00:00","og_image":[{"width":640,"height":360,"url":"https:\/\/fuentesfidedignas.com.mx\/wp-content\/uploads\/2022\/04\/MARCHA.jpg","type":"image\/jpeg"}],"author":"Forbes","twitter_card":"summary_large_image","twitter_creator":"@fidedignas","twitter_site":"@fidedignas","twitter_misc":{"Escrito por":"Forbes","Tiempo de lectura":"4 minutos"},"schema":{"@context":"https:\/\/schema.org","@graph":[{"@type":"Article","@id":"https:\/\/fuentesfidedignas.com.mx\/index.php\/2022\/04\/03\/marchan-en-ciudad-de-mexico-y-otros-estados-para-rechazar-consulta-de-revocacion\/#article","isPartOf":{"@id":"https:\/\/fuentesfidedignas.com.mx\/index.php\/2022\/04\/03\/marchan-en-ciudad-de-mexico-y-otros-estados-para-rechazar-consulta-de-revocacion\/"},"author":{"name":"Forbes","@id":"https:\/\/fuentesfidedignas.com.mx\/#\/schema\/person\/5623d53fe2e579d825b1679734abcc44"},"headline":"Marchan en Ciudad de M\u00e9xico y otros estados para rechazar consulta de revocaci\u00f3n","datePublished":"2022-04-03T22:43:49+00:00","dateModified":"2022-04-03T22:44:39+00:00","mainEntityOfPage":{"@id":"https:\/\/fuentesfidedignas.com.mx\/index.php\/2022\/04\/03\/marchan-en-ciudad-de-mexico-y-otros-estados-para-rechazar-consulta-de-revocacion\/"},"wordCount":879,"commentCount":0,"publisher":{"@id":"https:\/\/fuentesfidedignas.com.mx\/#organization"},"image":{"@id":"https:\/\/fuentesfidedignas.com.mx\/index.php\/2022\/04\/03\/marchan-en-ciudad-de-mexico-y-otros-estados-para-rechazar-consulta-de-revocacion\/#primaryimage"},"thumbnailUrl":"https:\/\/fuentesfidedignas.com.mx\/wp-content\/uploads\/2022\/04\/MARCHA.jpg","articleSection":["NOTICIAS NACIONALES"],"inLanguage":"es","potentialAction":[{"@type":"CommentAction","name":"Comment","target":["https:\/\/fuentesfidedignas.com.mx\/index.php\/2022\/04\/03\/marchan-en-ciudad-de-mexico-y-otros-estados-para-rechazar-consulta-de-revocacion\/#respond"]}]},{"@type":"WebPage","@id":"https:\/\/fuentesfidedignas.com.mx\/index.php\/2022\/04\/03\/marchan-en-ciudad-de-mexico-y-otros-estados-para-rechazar-consulta-de-revocacion\/","url":"https:\/\/fuentesfidedignas.com.mx\/index.php\/2022\/04\/03\/marchan-en-ciudad-de-mexico-y-otros-estados-para-rechazar-consulta-de-revocacion\/","name":"Marchan en Ciudad de M\u00e9xico y otros estados para rechazar consulta de revocaci\u00f3n - Fuentes Fidedignas","isPartOf":{"@id":"https:\/\/fuentesfidedignas.com.mx\/#website"},"primaryImageOfPage":{"@id":"https:\/\/fuentesfidedignas.com.mx\/index.php\/2022\/04\/03\/marchan-en-ciudad-de-mexico-y-otros-estados-para-rechazar-consulta-de-revocacion\/#primaryimage"},"image":{"@id":"https:\/\/fuentesfidedignas.com.mx\/index.php\/2022\/04\/03\/marchan-en-ciudad-de-mexico-y-otros-estados-para-rechazar-consulta-de-revocacion\/#primaryimage"},"thumbnailUrl":"https:\/\/fuentesfidedignas.com.mx\/wp-content\/uploads\/2022\/04\/MARCHA.jpg","datePublished":"2022-04-03T22:43:49+00:00","dateModified":"2022-04-03T22:44:39+00:00","breadcrumb":{"@id":"https:\/\/fuentesfidedignas.com.mx\/index.php\/2022\/04\/03\/marchan-en-ciudad-de-mexico-y-otros-estados-para-rechazar-consulta-de-revocacion\/#breadcrumb"},"inLanguage":"es","potentialAction":[{"@type":"ReadAction","target":["https:\/\/fuentesfidedignas.com.mx\/index.php\/2022\/04\/03\/marchan-en-ciudad-de-mexico-y-otros-estados-para-rechazar-consulta-de-revocacion\/"]}]},{"@type":"ImageObject","inLanguage":"es","@id":"https:\/\/fuentesfidedignas.com.mx\/index.php\/2022\/04\/03\/marchan-en-ciudad-de-mexico-y-otros-estados-para-rechazar-consulta-de-revocacion\/#primaryimage","url":"https:\/\/fuentesfidedignas.com.mx\/wp-content\/uploads\/2022\/04\/MARCHA.jpg","contentUrl":"https:\/\/fuentesfidedignas.com.mx\/wp-content\/uploads\/2022\/04\/MARCHA.jpg","width":640,"height":360},{"@type":"BreadcrumbList","@id":"https:\/\/fuentesfidedignas.com.mx\/index.php\/2022\/04\/03\/marchan-en-ciudad-de-mexico-y-otros-estados-para-rechazar-consulta-de-revocacion\/#breadcrumb","itemListElement":[{"@type":"ListItem","position":1,"name":"Inicio","item":"https:\/\/fuentesfidedignas.com.mx\/"},{"@type":"ListItem","position":2,"name":"Marchan en Ciudad de M\u00e9xico y otros estados para rechazar consulta de revocaci\u00f3n"}]},{"@type":"WebSite","@id":"https:\/\/fuentesfidedignas.com.mx\/#website","url":"https:\/\/fuentesfidedignas.com.mx\/","name":"Fuentes Fidedignas","description":"Otro sitio realizado con WordPress","publisher":{"@id":"https:\/\/fuentesfidedignas.com.mx\/#organization"},"potentialAction":[{"@type":"SearchAction","target":{"@type":"EntryPoint","urlTemplate":"https:\/\/fuentesfidedignas.com.mx\/?s={search_term_string}"},"query-input":{"@type":"PropertyValueSpecification","valueRequired":true,"valueName":"search_term_string"}}],"inLanguage":"es"},{"@type":"Organization","@id":"https:\/\/fuentesfidedignas.com.mx\/#organization","name":"Fuentes Fidedignas","url":"https:\/\/fuentesfidedignas.com.mx\/","logo":{"@type":"ImageObject","inLanguage":"es","@id":"https:\/\/fuentesfidedignas.com.mx\/#\/schema\/logo\/image\/","url":"https:\/\/fuentesfidedignas.com.mx\/wp-content\/uploads\/2021\/04\/logo-retina.png","contentUrl":"https:\/\/fuentesfidedignas.com.mx\/wp-content\/uploads\/2021\/04\/logo-retina.png","width":280,"height":51,"caption":"Fuentes Fidedignas"},"image":{"@id":"https:\/\/fuentesfidedignas.com.mx\/#\/schema\/logo\/image\/"},"sameAs":["https:\/\/www.facebook.com\/Fuentes-Fidedignas-368234489921644","https:\/\/x.com\/fidedignas"]},{"@type":"Person","@id":"https:\/\/fuentesfidedignas.com.mx\/#\/schema\/person\/5623d53fe2e579d825b1679734abcc44","name":"Forbes","image":{"@type":"ImageObject","inLanguage":"es","@id":"https:\/\/secure.gravatar.com\/avatar\/87ce3dd4e41e60c22a79c758614f01a6bc2469255fc936ec7b15efb9bb5cb66f?s=96&d=mm&r=g","url":"https:\/\/secure.gravatar.com\/avatar\/87ce3dd4e41e60c22a79c758614f01a6bc2469255fc936ec7b15efb9bb5cb66f?s=96&d=mm&r=g","contentUrl":"https:\/\/secure.gravatar.com\/avatar\/87ce3dd4e41e60c22a79c758614f01a6bc2469255fc936ec7b15efb9bb5cb66f?s=96&d=mm&r=g","caption":"Forbes"},"url":"https:\/\/fuentesfidedignas.com.mx\/index.php\/author\/forbes\/"}]}},"_links":{"self":[{"href":"https:\/\/fuentesfidedignas.com.mx\/index.php\/wp-json\/wp\/v2\/posts\/27626","targetHints":{"allow":["GET"]}}],"collection":[{"href":"https:\/\/fuentesfidedignas.com.mx\/index.php\/wp-json\/wp\/v2\/posts"}],"about":[{"href":"https:\/\/fuentesfidedignas.com.mx\/index.php\/wp-json\/wp\/v2\/types\/post"}],"author":[{"embeddable":true,"href":"https:\/\/fuentesfidedignas.com.mx\/index.php\/wp-json\/wp\/v2\/users\/5"}],"replies":[{"embeddable":true,"href":"https:\/\/fuentesfidedignas.com.mx\/index.php\/wp-json\/wp\/v2\/comments?post=27626"}],"version-history":[{"count":2,"href":"https:\/\/fuentesfidedignas.com.mx\/index.php\/wp-json\/wp\/v2\/posts\/27626\/revisions"}],"predecessor-version":[{"id":27629,"href":"https:\/\/fuentesfidedignas.com.mx\/index.php\/wp-json\/wp\/v2\/posts\/27626\/revisions\/27629"}],"wp:featuredmedia":[{"embeddable":true,"href":"https:\/\/fuentesfidedignas.com.mx\/index.php\/wp-json\/wp\/v2\/media\/27627"}],"wp:attachment":[{"href":"https:\/\/fuentesfidedignas.com.mx\/index.php\/wp-json\/wp\/v2\/media?parent=27626"}],"wp:term":[{"taxonomy":"category","embeddable":true,"href":"https:\/\/fuentesfidedignas.com.mx\/index.php\/wp-json\/wp\/v2\/categories?post=27626"},{"taxonomy":"post_tag","embeddable":true,"href":"https:\/\/fuentesfidedignas.com.mx\/index.php\/wp-json\/wp\/v2\/tags?post=27626"}],"curies":[{"name":"wp","href":"https:\/\/api.w.org\/{rel}","templated":true}]}}