{"id":27611,"date":"2022-04-03T10:55:14","date_gmt":"2022-04-03T17:55:14","guid":{"rendered":"https:\/\/fuentesfidedignas.com.mx\/?p=27611"},"modified":"2022-04-03T10:56:07","modified_gmt":"2022-04-03T17:56:07","slug":"gerardo-vargas-encabeza-el-ranking-nacional-de-alcaldes-de-mexico-marzo-2022","status":"publish","type":"post","link":"https:\/\/fuentesfidedignas.com.mx\/index.php\/2022\/04\/03\/gerardo-vargas-encabeza-el-ranking-nacional-de-alcaldes-de-mexico-marzo-2022\/","title":{"rendered":"Gerardo Vargas encabeza el Ranking nacional de alcaldes de M\u00e9xico marzo 2022"},"content":{"rendered":"\n<p><strong><em>En sus mediciones de enero y febrero Demoscopia Digital ubic\u00f3 a Gerardo Vargas con un 68.2% y 70.6% respectivamente<\/em><\/strong><\/p>\n\n\n\n<p>Ciudad de M\u00e9xico.- La encuestadora Demoscopia Digital dio a conocer los resultados de la encuesta de aprobaci\u00f3n de alcaldes de M\u00e9xico Marzo 2022, la cual encabeza Gerardo Vargas, alcalde de Morena en Ahome, Sinaloa, con una aprobaci\u00f3n del 72.7 por ciento.<\/p>\n\n\n\n<p>El segundo lugar del Ranking nacional de alcaldes de M\u00e9xico Marzo 2022 es para Miguel Trevi\u00f1o, presidente municipal de San Pedro Garza Garc\u00eda, Nuevo Le\u00f3n, quien es independiente, con el 72.1 por ciento.<\/p>\n\n\n\n<p>En la tercera posici\u00f3n se ubica el edil de Ciudad Ju\u00e1rez, Chihuahua, Cruz P\u00e9rez Cu\u00e9llar, de extracci\u00f3n morenista, con una aprobaci\u00f3n del 71.3 por ciento.<\/p>\n\n\n\n<p>El cuarto lugar lo ocupa Romina Contreras, alcaldesa de Huixquilucan, Estado de M\u00e9xico, con el 69.8 por ciento<\/p>\n\n\n\n<p>La quinta posici\u00f3n es para el alcalde de Ciudad del Carmen, Campeche, Pablo Guti\u00e9rrez, de Morena, con una aprobaci\u00f3n de 68.7 por ciento.<\/p>\n\n\n\n<p>Cabe destacar que en sus mediciones de enero y febrero Demoscopia Digital ubic\u00f3 a Gerardo Vargas con un 68.2% y 70.6% respectivamente, y hoy se sit\u00faa en la posici\u00f3n n\u00famero Uno de Alcalde a nivel nacional con mayor aprobaci\u00f3n con 72.7%.<\/p>\n\n\n\n<figure class=\"wp-block-image size-full\"><img decoding=\"async\" width=\"1031\" height=\"1347\" src=\"https:\/\/fuentesfidedignas.com.mx\/wp-content\/uploads\/2022\/04\/ALCALDES_GVL.jpg\" alt=\"\" class=\"wp-image-27612\"\/><\/figure>\n","protected":false},"excerpt":{"rendered":"<p>En sus mediciones de enero y febrero Demoscopia Digital ubic\u00f3 a Gerardo Vargas con un 68.2% y 70.6% respectivamente Ciudad de M\u00e9xico.- La encuestadora Demoscopia Digital dio a conocer los resultados de la encuesta de aprobaci\u00f3n de alcaldes de M\u00e9xico Marzo 2022, la cual encabeza Gerardo Vargas, alcalde de Morena en Ahome, Sinaloa, con una [&hellip;]<\/p>\n","protected":false},"author":4,"featured_media":27613,"comment_status":"open","ping_status":"open","sticky":false,"template":"","format":"standard","meta":{"tdm_status":"","tdm_grid_status":"","footnotes":""},"categories":[37],"tags":[278,1715,1654],"class_list":{"0":"post-27611","1":"post","2":"type-post","3":"status-publish","4":"format-standard","5":"has-post-thumbnail","7":"category-nota-principal","8":"tag-ahome","9":"tag-ayuntamiento-de-ahome","10":"tag-gerardo-vargas-landeros"},"yoast_head":"<!-- This site is optimized with the Yoast SEO plugin v27.5 - https:\/\/yoast.com\/product\/yoast-seo-wordpress\/ -->\n<title>Gerardo Vargas encabeza el Ranking nacional de alcaldes de M\u00e9xico marzo 2022 - Fuentes Fidedignas<\/title>\n<meta name=\"robots\" content=\"index, follow, max-snippet:-1, max-image-preview:large, max-video-preview:-1\" \/>\n<link rel=\"canonical\" href=\"https:\/\/fuentesfidedignas.com.mx\/index.php\/2022\/04\/03\/gerardo-vargas-encabeza-el-ranking-nacional-de-alcaldes-de-mexico-marzo-2022\/\" \/>\n<meta property=\"og:locale\" content=\"es_MX\" \/>\n<meta property=\"og:type\" content=\"article\" \/>\n<meta property=\"og:title\" content=\"Gerardo Vargas encabeza el Ranking nacional de alcaldes de M\u00e9xico marzo 2022 - Fuentes Fidedignas\" \/>\n<meta property=\"og:description\" content=\"En sus mediciones de enero y febrero Demoscopia Digital ubic\u00f3 a Gerardo Vargas con un 68.2% y 70.6% respectivamente Ciudad de M\u00e9xico.- La encuestadora Demoscopia Digital dio a conocer los resultados de la encuesta de aprobaci\u00f3n de alcaldes de M\u00e9xico Marzo 2022, la cual encabeza Gerardo Vargas, alcalde de Morena en Ahome, Sinaloa, con una [&hellip;]\" \/>\n<meta property=\"og:url\" content=\"https:\/\/fuentesfidedignas.com.mx\/index.php\/2022\/04\/03\/gerardo-vargas-encabeza-el-ranking-nacional-de-alcaldes-de-mexico-marzo-2022\/\" \/>\n<meta property=\"og:site_name\" content=\"Fuentes Fidedignas\" \/>\n<meta property=\"article:publisher\" content=\"https:\/\/www.facebook.com\/Fuentes-Fidedignas-368234489921644\" \/>\n<meta property=\"article:published_time\" content=\"2022-04-03T17:55:14+00:00\" \/>\n<meta property=\"article:modified_time\" content=\"2022-04-03T17:56:07+00:00\" \/>\n<meta property=\"og:image\" content=\"https:\/\/fuentesfidedignas.com.mx\/wp-content\/uploads\/2022\/04\/ALCALDES_VARGAS.jpg\" \/>\n\t<meta property=\"og:image:width\" content=\"905\" \/>\n\t<meta property=\"og:image:height\" content=\"581\" \/>\n\t<meta property=\"og:image:type\" content=\"image\/jpeg\" \/>\n<meta name=\"author\" content=\"Redacci\u00f3n\" \/>\n<meta name=\"twitter:card\" content=\"summary_large_image\" \/>\n<meta name=\"twitter:creator\" content=\"@fidedignas\" \/>\n<meta name=\"twitter:site\" content=\"@fidedignas\" \/>\n<meta name=\"twitter:label1\" content=\"Escrito por\" \/>\n\t<meta name=\"twitter:data1\" content=\"Redacci\u00f3n\" \/>\n\t<meta name=\"twitter:label2\" content=\"Tiempo de lectura\" \/>\n\t<meta name=\"twitter:data2\" content=\"2 minutos\" \/>\n<script type=\"application\/ld+json\" class=\"yoast-schema-graph\">{\"@context\":\"https:\\\/\\\/schema.org\",\"@graph\":[{\"@type\":\"Article\",\"@id\":\"https:\\\/\\\/fuentesfidedignas.com.mx\\\/index.php\\\/2022\\\/04\\\/03\\\/gerardo-vargas-encabeza-el-ranking-nacional-de-alcaldes-de-mexico-marzo-2022\\\/#article\",\"isPartOf\":{\"@id\":\"https:\\\/\\\/fuentesfidedignas.com.mx\\\/index.php\\\/2022\\\/04\\\/03\\\/gerardo-vargas-encabeza-el-ranking-nacional-de-alcaldes-de-mexico-marzo-2022\\\/\"},\"author\":{\"name\":\"Redacci\u00f3n\",\"@id\":\"https:\\\/\\\/fuentesfidedignas.com.mx\\\/#\\\/schema\\\/person\\\/331be9283d37198e2acd5750279085b0\"},\"headline\":\"Gerardo Vargas encabeza el Ranking nacional de alcaldes de M\u00e9xico marzo 2022\",\"datePublished\":\"2022-04-03T17:55:14+00:00\",\"dateModified\":\"2022-04-03T17:56:07+00:00\",\"mainEntityOfPage\":{\"@id\":\"https:\\\/\\\/fuentesfidedignas.com.mx\\\/index.php\\\/2022\\\/04\\\/03\\\/gerardo-vargas-encabeza-el-ranking-nacional-de-alcaldes-de-mexico-marzo-2022\\\/\"},\"wordCount\":223,\"commentCount\":0,\"publisher\":{\"@id\":\"https:\\\/\\\/fuentesfidedignas.com.mx\\\/#organization\"},\"image\":{\"@id\":\"https:\\\/\\\/fuentesfidedignas.com.mx\\\/index.php\\\/2022\\\/04\\\/03\\\/gerardo-vargas-encabeza-el-ranking-nacional-de-alcaldes-de-mexico-marzo-2022\\\/#primaryimage\"},\"thumbnailUrl\":\"https:\\\/\\\/fuentesfidedignas.com.mx\\\/wp-content\\\/uploads\\\/2022\\\/04\\\/ALCALDES_VARGAS.jpg\",\"keywords\":[\"Ahome\",\"Ayuntamiento de Ahome\",\"Gerardo Vargas Landeros\"],\"articleSection\":[\"NOTA PRINCIPAL\"],\"inLanguage\":\"es\",\"potentialAction\":[{\"@type\":\"CommentAction\",\"name\":\"Comment\",\"target\":[\"https:\\\/\\\/fuentesfidedignas.com.mx\\\/index.php\\\/2022\\\/04\\\/03\\\/gerardo-vargas-encabeza-el-ranking-nacional-de-alcaldes-de-mexico-marzo-2022\\\/#respond\"]}]},{\"@type\":\"WebPage\",\"@id\":\"https:\\\/\\\/fuentesfidedignas.com.mx\\\/index.php\\\/2022\\\/04\\\/03\\\/gerardo-vargas-encabeza-el-ranking-nacional-de-alcaldes-de-mexico-marzo-2022\\\/\",\"url\":\"https:\\\/\\\/fuentesfidedignas.com.mx\\\/index.php\\\/2022\\\/04\\\/03\\\/gerardo-vargas-encabeza-el-ranking-nacional-de-alcaldes-de-mexico-marzo-2022\\\/\",\"name\":\"Gerardo Vargas encabeza el Ranking nacional de alcaldes de M\u00e9xico marzo 2022 - Fuentes Fidedignas\",\"isPartOf\":{\"@id\":\"https:\\\/\\\/fuentesfidedignas.com.mx\\\/#website\"},\"primaryImageOfPage\":{\"@id\":\"https:\\\/\\\/fuentesfidedignas.com.mx\\\/index.php\\\/2022\\\/04\\\/03\\\/gerardo-vargas-encabeza-el-ranking-nacional-de-alcaldes-de-mexico-marzo-2022\\\/#primaryimage\"},\"image\":{\"@id\":\"https:\\\/\\\/fuentesfidedignas.com.mx\\\/index.php\\\/2022\\\/04\\\/03\\\/gerardo-vargas-encabeza-el-ranking-nacional-de-alcaldes-de-mexico-marzo-2022\\\/#primaryimage\"},\"thumbnailUrl\":\"https:\\\/\\\/fuentesfidedignas.com.mx\\\/wp-content\\\/uploads\\\/2022\\\/04\\\/ALCALDES_VARGAS.jpg\",\"datePublished\":\"2022-04-03T17:55:14+00:00\",\"dateModified\":\"2022-04-03T17:56:07+00:00\",\"breadcrumb\":{\"@id\":\"https:\\\/\\\/fuentesfidedignas.com.mx\\\/index.php\\\/2022\\\/04\\\/03\\\/gerardo-vargas-encabeza-el-ranking-nacional-de-alcaldes-de-mexico-marzo-2022\\\/#breadcrumb\"},\"inLanguage\":\"es\",\"potentialAction\":[{\"@type\":\"ReadAction\",\"target\":[\"https:\\\/\\\/fuentesfidedignas.com.mx\\\/index.php\\\/2022\\\/04\\\/03\\\/gerardo-vargas-encabeza-el-ranking-nacional-de-alcaldes-de-mexico-marzo-2022\\\/\"]}]},{\"@type\":\"ImageObject\",\"inLanguage\":\"es\",\"@id\":\"https:\\\/\\\/fuentesfidedignas.com.mx\\\/index.php\\\/2022\\\/04\\\/03\\\/gerardo-vargas-encabeza-el-ranking-nacional-de-alcaldes-de-mexico-marzo-2022\\\/#primaryimage\",\"url\":\"https:\\\/\\\/fuentesfidedignas.com.mx\\\/wp-content\\\/uploads\\\/2022\\\/04\\\/ALCALDES_VARGAS.jpg\",\"contentUrl\":\"https:\\\/\\\/fuentesfidedignas.com.mx\\\/wp-content\\\/uploads\\\/2022\\\/04\\\/ALCALDES_VARGAS.jpg\",\"width\":905,\"height\":581},{\"@type\":\"BreadcrumbList\",\"@id\":\"https:\\\/\\\/fuentesfidedignas.com.mx\\\/index.php\\\/2022\\\/04\\\/03\\\/gerardo-vargas-encabeza-el-ranking-nacional-de-alcaldes-de-mexico-marzo-2022\\\/#breadcrumb\",\"itemListElement\":[{\"@type\":\"ListItem\",\"position\":1,\"name\":\"Inicio\",\"item\":\"https:\\\/\\\/fuentesfidedignas.com.mx\\\/\"},{\"@type\":\"ListItem\",\"position\":2,\"name\":\"Gerardo Vargas encabeza el Ranking nacional de alcaldes de M\u00e9xico marzo 2022\"}]},{\"@type\":\"WebSite\",\"@id\":\"https:\\\/\\\/fuentesfidedignas.com.mx\\\/#website\",\"url\":\"https:\\\/\\\/fuentesfidedignas.com.mx\\\/\",\"name\":\"Fuentes Fidedignas\",\"description\":\"Otro sitio realizado con WordPress\",\"publisher\":{\"@id\":\"https:\\\/\\\/fuentesfidedignas.com.mx\\\/#organization\"},\"potentialAction\":[{\"@type\":\"SearchAction\",\"target\":{\"@type\":\"EntryPoint\",\"urlTemplate\":\"https:\\\/\\\/fuentesfidedignas.com.mx\\\/?s={search_term_string}\"},\"query-input\":{\"@type\":\"PropertyValueSpecification\",\"valueRequired\":true,\"valueName\":\"search_term_string\"}}],\"inLanguage\":\"es\"},{\"@type\":\"Organization\",\"@id\":\"https:\\\/\\\/fuentesfidedignas.com.mx\\\/#organization\",\"name\":\"Fuentes Fidedignas\",\"url\":\"https:\\\/\\\/fuentesfidedignas.com.mx\\\/\",\"logo\":{\"@type\":\"ImageObject\",\"inLanguage\":\"es\",\"@id\":\"https:\\\/\\\/fuentesfidedignas.com.mx\\\/#\\\/schema\\\/logo\\\/image\\\/\",\"url\":\"https:\\\/\\\/fuentesfidedignas.com.mx\\\/wp-content\\\/uploads\\\/2021\\\/04\\\/logo-retina.png\",\"contentUrl\":\"https:\\\/\\\/fuentesfidedignas.com.mx\\\/wp-content\\\/uploads\\\/2021\\\/04\\\/logo-retina.png\",\"width\":280,\"height\":51,\"caption\":\"Fuentes Fidedignas\"},\"image\":{\"@id\":\"https:\\\/\\\/fuentesfidedignas.com.mx\\\/#\\\/schema\\\/logo\\\/image\\\/\"},\"sameAs\":[\"https:\\\/\\\/www.facebook.com\\\/Fuentes-Fidedignas-368234489921644\",\"https:\\\/\\\/x.com\\\/fidedignas\"]},{\"@type\":\"Person\",\"@id\":\"https:\\\/\\\/fuentesfidedignas.com.mx\\\/#\\\/schema\\\/person\\\/331be9283d37198e2acd5750279085b0\",\"name\":\"Redacci\u00f3n\",\"image\":{\"@type\":\"ImageObject\",\"inLanguage\":\"es\",\"@id\":\"https:\\\/\\\/secure.gravatar.com\\\/avatar\\\/f6d8782c11d12b2d4ad3fbb6931aeab5309937a4d6cd2fc9cfaa28a6396a5aec?s=96&d=mm&r=g\",\"url\":\"https:\\\/\\\/secure.gravatar.com\\\/avatar\\\/f6d8782c11d12b2d4ad3fbb6931aeab5309937a4d6cd2fc9cfaa28a6396a5aec?s=96&d=mm&r=g\",\"contentUrl\":\"https:\\\/\\\/secure.gravatar.com\\\/avatar\\\/f6d8782c11d12b2d4ad3fbb6931aeab5309937a4d6cd2fc9cfaa28a6396a5aec?s=96&d=mm&r=g\",\"caption\":\"Redacci\u00f3n\"},\"url\":\"https:\\\/\\\/fuentesfidedignas.com.mx\\\/index.php\\\/author\\\/redaccion\\\/\"}]}<\/script>\n<!-- \/ Yoast SEO plugin. -->","yoast_head_json":{"title":"Gerardo Vargas encabeza el Ranking nacional de alcaldes de M\u00e9xico marzo 2022 - Fuentes Fidedignas","robots":{"index":"index","follow":"follow","max-snippet":"max-snippet:-1","max-image-preview":"max-image-preview:large","max-video-preview":"max-video-preview:-1"},"canonical":"https:\/\/fuentesfidedignas.com.mx\/index.php\/2022\/04\/03\/gerardo-vargas-encabeza-el-ranking-nacional-de-alcaldes-de-mexico-marzo-2022\/","og_locale":"es_MX","og_type":"article","og_title":"Gerardo Vargas encabeza el Ranking nacional de alcaldes de M\u00e9xico marzo 2022 - Fuentes Fidedignas","og_description":"En sus mediciones de enero y febrero Demoscopia Digital ubic\u00f3 a Gerardo Vargas con un 68.2% y 70.6% respectivamente Ciudad de M\u00e9xico.- La encuestadora Demoscopia Digital dio a conocer los resultados de la encuesta de aprobaci\u00f3n de alcaldes de M\u00e9xico Marzo 2022, la cual encabeza Gerardo Vargas, alcalde de Morena en Ahome, Sinaloa, con una [&hellip;]","og_url":"https:\/\/fuentesfidedignas.com.mx\/index.php\/2022\/04\/03\/gerardo-vargas-encabeza-el-ranking-nacional-de-alcaldes-de-mexico-marzo-2022\/","og_site_name":"Fuentes Fidedignas","article_publisher":"https:\/\/www.facebook.com\/Fuentes-Fidedignas-368234489921644","article_published_time":"2022-04-03T17:55:14+00:00","article_modified_time":"2022-04-03T17:56:07+00:00","og_image":[{"width":905,"height":581,"url":"https:\/\/fuentesfidedignas.com.mx\/wp-content\/uploads\/2022\/04\/ALCALDES_VARGAS.jpg","type":"image\/jpeg"}],"author":"Redacci\u00f3n","twitter_card":"summary_large_image","twitter_creator":"@fidedignas","twitter_site":"@fidedignas","twitter_misc":{"Escrito por":"Redacci\u00f3n","Tiempo de lectura":"2 minutos"},"schema":{"@context":"https:\/\/schema.org","@graph":[{"@type":"Article","@id":"https:\/\/fuentesfidedignas.com.mx\/index.php\/2022\/04\/03\/gerardo-vargas-encabeza-el-ranking-nacional-de-alcaldes-de-mexico-marzo-2022\/#article","isPartOf":{"@id":"https:\/\/fuentesfidedignas.com.mx\/index.php\/2022\/04\/03\/gerardo-vargas-encabeza-el-ranking-nacional-de-alcaldes-de-mexico-marzo-2022\/"},"author":{"name":"Redacci\u00f3n","@id":"https:\/\/fuentesfidedignas.com.mx\/#\/schema\/person\/331be9283d37198e2acd5750279085b0"},"headline":"Gerardo Vargas encabeza el Ranking nacional de alcaldes de M\u00e9xico marzo 2022","datePublished":"2022-04-03T17:55:14+00:00","dateModified":"2022-04-03T17:56:07+00:00","mainEntityOfPage":{"@id":"https:\/\/fuentesfidedignas.com.mx\/index.php\/2022\/04\/03\/gerardo-vargas-encabeza-el-ranking-nacional-de-alcaldes-de-mexico-marzo-2022\/"},"wordCount":223,"commentCount":0,"publisher":{"@id":"https:\/\/fuentesfidedignas.com.mx\/#organization"},"image":{"@id":"https:\/\/fuentesfidedignas.com.mx\/index.php\/2022\/04\/03\/gerardo-vargas-encabeza-el-ranking-nacional-de-alcaldes-de-mexico-marzo-2022\/#primaryimage"},"thumbnailUrl":"https:\/\/fuentesfidedignas.com.mx\/wp-content\/uploads\/2022\/04\/ALCALDES_VARGAS.jpg","keywords":["Ahome","Ayuntamiento de Ahome","Gerardo Vargas Landeros"],"articleSection":["NOTA PRINCIPAL"],"inLanguage":"es","potentialAction":[{"@type":"CommentAction","name":"Comment","target":["https:\/\/fuentesfidedignas.com.mx\/index.php\/2022\/04\/03\/gerardo-vargas-encabeza-el-ranking-nacional-de-alcaldes-de-mexico-marzo-2022\/#respond"]}]},{"@type":"WebPage","@id":"https:\/\/fuentesfidedignas.com.mx\/index.php\/2022\/04\/03\/gerardo-vargas-encabeza-el-ranking-nacional-de-alcaldes-de-mexico-marzo-2022\/","url":"https:\/\/fuentesfidedignas.com.mx\/index.php\/2022\/04\/03\/gerardo-vargas-encabeza-el-ranking-nacional-de-alcaldes-de-mexico-marzo-2022\/","name":"Gerardo Vargas encabeza el Ranking nacional de alcaldes de M\u00e9xico marzo 2022 - Fuentes Fidedignas","isPartOf":{"@id":"https:\/\/fuentesfidedignas.com.mx\/#website"},"primaryImageOfPage":{"@id":"https:\/\/fuentesfidedignas.com.mx\/index.php\/2022\/04\/03\/gerardo-vargas-encabeza-el-ranking-nacional-de-alcaldes-de-mexico-marzo-2022\/#primaryimage"},"image":{"@id":"https:\/\/fuentesfidedignas.com.mx\/index.php\/2022\/04\/03\/gerardo-vargas-encabeza-el-ranking-nacional-de-alcaldes-de-mexico-marzo-2022\/#primaryimage"},"thumbnailUrl":"https:\/\/fuentesfidedignas.com.mx\/wp-content\/uploads\/2022\/04\/ALCALDES_VARGAS.jpg","datePublished":"2022-04-03T17:55:14+00:00","dateModified":"2022-04-03T17:56:07+00:00","breadcrumb":{"@id":"https:\/\/fuentesfidedignas.com.mx\/index.php\/2022\/04\/03\/gerardo-vargas-encabeza-el-ranking-nacional-de-alcaldes-de-mexico-marzo-2022\/#breadcrumb"},"inLanguage":"es","potentialAction":[{"@type":"ReadAction","target":["https:\/\/fuentesfidedignas.com.mx\/index.php\/2022\/04\/03\/gerardo-vargas-encabeza-el-ranking-nacional-de-alcaldes-de-mexico-marzo-2022\/"]}]},{"@type":"ImageObject","inLanguage":"es","@id":"https:\/\/fuentesfidedignas.com.mx\/index.php\/2022\/04\/03\/gerardo-vargas-encabeza-el-ranking-nacional-de-alcaldes-de-mexico-marzo-2022\/#primaryimage","url":"https:\/\/fuentesfidedignas.com.mx\/wp-content\/uploads\/2022\/04\/ALCALDES_VARGAS.jpg","contentUrl":"https:\/\/fuentesfidedignas.com.mx\/wp-content\/uploads\/2022\/04\/ALCALDES_VARGAS.jpg","width":905,"height":581},{"@type":"BreadcrumbList","@id":"https:\/\/fuentesfidedignas.com.mx\/index.php\/2022\/04\/03\/gerardo-vargas-encabeza-el-ranking-nacional-de-alcaldes-de-mexico-marzo-2022\/#breadcrumb","itemListElement":[{"@type":"ListItem","position":1,"name":"Inicio","item":"https:\/\/fuentesfidedignas.com.mx\/"},{"@type":"ListItem","position":2,"name":"Gerardo Vargas encabeza el Ranking nacional de alcaldes de M\u00e9xico marzo 2022"}]},{"@type":"WebSite","@id":"https:\/\/fuentesfidedignas.com.mx\/#website","url":"https:\/\/fuentesfidedignas.com.mx\/","name":"Fuentes Fidedignas","description":"Otro sitio realizado con WordPress","publisher":{"@id":"https:\/\/fuentesfidedignas.com.mx\/#organization"},"potentialAction":[{"@type":"SearchAction","target":{"@type":"EntryPoint","urlTemplate":"https:\/\/fuentesfidedignas.com.mx\/?s={search_term_string}"},"query-input":{"@type":"PropertyValueSpecification","valueRequired":true,"valueName":"search_term_string"}}],"inLanguage":"es"},{"@type":"Organization","@id":"https:\/\/fuentesfidedignas.com.mx\/#organization","name":"Fuentes Fidedignas","url":"https:\/\/fuentesfidedignas.com.mx\/","logo":{"@type":"ImageObject","inLanguage":"es","@id":"https:\/\/fuentesfidedignas.com.mx\/#\/schema\/logo\/image\/","url":"https:\/\/fuentesfidedignas.com.mx\/wp-content\/uploads\/2021\/04\/logo-retina.png","contentUrl":"https:\/\/fuentesfidedignas.com.mx\/wp-content\/uploads\/2021\/04\/logo-retina.png","width":280,"height":51,"caption":"Fuentes Fidedignas"},"image":{"@id":"https:\/\/fuentesfidedignas.com.mx\/#\/schema\/logo\/image\/"},"sameAs":["https:\/\/www.facebook.com\/Fuentes-Fidedignas-368234489921644","https:\/\/x.com\/fidedignas"]},{"@type":"Person","@id":"https:\/\/fuentesfidedignas.com.mx\/#\/schema\/person\/331be9283d37198e2acd5750279085b0","name":"Redacci\u00f3n","image":{"@type":"ImageObject","inLanguage":"es","@id":"https:\/\/secure.gravatar.com\/avatar\/f6d8782c11d12b2d4ad3fbb6931aeab5309937a4d6cd2fc9cfaa28a6396a5aec?s=96&d=mm&r=g","url":"https:\/\/secure.gravatar.com\/avatar\/f6d8782c11d12b2d4ad3fbb6931aeab5309937a4d6cd2fc9cfaa28a6396a5aec?s=96&d=mm&r=g","contentUrl":"https:\/\/secure.gravatar.com\/avatar\/f6d8782c11d12b2d4ad3fbb6931aeab5309937a4d6cd2fc9cfaa28a6396a5aec?s=96&d=mm&r=g","caption":"Redacci\u00f3n"},"url":"https:\/\/fuentesfidedignas.com.mx\/index.php\/author\/redaccion\/"}]}},"_links":{"self":[{"href":"https:\/\/fuentesfidedignas.com.mx\/index.php\/wp-json\/wp\/v2\/posts\/27611","targetHints":{"allow":["GET"]}}],"collection":[{"href":"https:\/\/fuentesfidedignas.com.mx\/index.php\/wp-json\/wp\/v2\/posts"}],"about":[{"href":"https:\/\/fuentesfidedignas.com.mx\/index.php\/wp-json\/wp\/v2\/types\/post"}],"author":[{"embeddable":true,"href":"https:\/\/fuentesfidedignas.com.mx\/index.php\/wp-json\/wp\/v2\/users\/4"}],"replies":[{"embeddable":true,"href":"https:\/\/fuentesfidedignas.com.mx\/index.php\/wp-json\/wp\/v2\/comments?post=27611"}],"version-history":[{"count":2,"href":"https:\/\/fuentesfidedignas.com.mx\/index.php\/wp-json\/wp\/v2\/posts\/27611\/revisions"}],"predecessor-version":[{"id":27615,"href":"https:\/\/fuentesfidedignas.com.mx\/index.php\/wp-json\/wp\/v2\/posts\/27611\/revisions\/27615"}],"wp:featuredmedia":[{"embeddable":true,"href":"https:\/\/fuentesfidedignas.com.mx\/index.php\/wp-json\/wp\/v2\/media\/27613"}],"wp:attachment":[{"href":"https:\/\/fuentesfidedignas.com.mx\/index.php\/wp-json\/wp\/v2\/media?parent=27611"}],"wp:term":[{"taxonomy":"category","embeddable":true,"href":"https:\/\/fuentesfidedignas.com.mx\/index.php\/wp-json\/wp\/v2\/categories?post=27611"},{"taxonomy":"post_tag","embeddable":true,"href":"https:\/\/fuentesfidedignas.com.mx\/index.php\/wp-json\/wp\/v2\/tags?post=27611"}],"curies":[{"name":"wp","href":"https:\/\/api.w.org\/{rel}","templated":true}]}}