{"id":27561,"date":"2022-04-02T11:16:20","date_gmt":"2022-04-02T18:16:20","guid":{"rendered":"https:\/\/fuentesfidedignas.com.mx\/?p=27561"},"modified":"2022-04-02T11:17:13","modified_gmt":"2022-04-02T18:17:13","slug":"desaparicion-de-escuelas-de-tiempo-completo-retroceso-con-impacto-negativo-en-menores","status":"publish","type":"post","link":"https:\/\/fuentesfidedignas.com.mx\/index.php\/2022\/04\/02\/desaparicion-de-escuelas-de-tiempo-completo-retroceso-con-impacto-negativo-en-menores\/","title":{"rendered":"Desaparici\u00f3n de Escuelas de Tiempo Completo, retroceso con impacto negativo en menores"},"content":{"rendered":"\n<p><strong><em>La desaparici\u00f3n de las escuelas de tiempo completo es un retroceso que tendr\u00e1 impacto negativo en los menores y sus familias, estimaron expertos <\/em><\/strong><\/p>\n\n\n\n<p>Ciudad de M\u00e9xico. La desaparici\u00f3n de las llamadas Escuelas de Tiempo Completo propuesta por el Gobierno federal, un programa que prove\u00eda de clases suplementarias y alimentaci\u00f3n a unos 3.6 millones de ni\u00f1as y ni\u00f1os en condiciones de pobreza en M\u00e9xico, es un retroceso que tendr\u00e1 impacto negativo en los menores y sus familias, estimaron expertos.<\/p>\n\n\n\n<p>\u201cEs una decisi\u00f3n muy desafortunada que exhibe la poca importancia que le da este Gobierno a la educaci\u00f3n\u201d, dijo este s\u00e1bado a Efe Marco Fern\u00e1ndez, profesor del Tec de Monterrey e investigador de la organizaci\u00f3n M\u00e9xico Eval\u00faa.<\/p>\n\n\n\n<p>El pasado 28 de febrero, la Secretar\u00eda de Educaci\u00f3n P\u00fablica (SEP) dio a conocer a trav\u00e9s del Diario Oficial de la Federaci\u00f3n (DOF) la eliminaci\u00f3n del programa Escuelas de Tiempo Completo.<\/p>\n\n\n\n<p>Un d\u00eda despu\u00e9s, la secretaria de Educaci\u00f3n, Delfina G\u00f3mez, se\u00f1al\u00f3 que el fin del programa se deb\u00eda a que esas escuelas no eran prioritarias en el programa \u201cLa Escuela es Nuestra\u201d, que da presupuesto para mejorar la infraestructura de los inmuebles y por ello se decidi\u00f3 eliminarlas y distribuir esos recursos a otras necesidades.<\/p>\n\n\n\n<p>\u201cPara nosotros es muy prioritario darle atenci\u00f3n a esas escuelas que todav\u00eda tienen esa necesidad (mejorar instalaciones) y por ello \u2018La Escuela es Nuestra\u2019 se va a enfocar principalmente a que el recurso sea ocupado para esa situaci\u00f3n\u201d, dijo la ministra, en defensa del nuevo programa.<\/p>\n\n\n\n<p>En tanto, el pasado 17 de marzo, el presidente mexicano, Andr\u00e9s Manuel L\u00f3pez Obrador, justific\u00f3 el fin de este programa pues asegur\u00f3 que hab\u00eda \u201cmalos manejos\u201d.<\/p>\n\n\n\n<p>Esta decisi\u00f3n, que ha sido muy criticada, fue detenida por una juez mexicana que, tras un amparo presentado por la ONG Mexicanos Primero, orden\u00f3 que se paralizara el programa \u201cLa Escuela es Nuestra\u201c, a modo de medida cautelar.<\/p>\n\n\n\n<p>Este programa inici\u00f3 en 2008, durante el Gobierno de Felipe Calder\u00f3n (2006-2012), y actualmente en 27.063 escuelas se ofrec\u00eda este programa.<\/p>\n\n\n\n<p>Estas escuelas otorgaban entre 1.5 y 3.5 horas de clases extracurriculares de disciplinas como arte, m\u00fasica, deporte, ingl\u00e9s en donde participaban menores de 5 a 12 a\u00f1os de zonas vulnerables.<\/p>\n\n\n\n<p>De hecho, el 70 por ciento de las escuelas participantes est\u00e1n en zonas ind\u00edgenas y rurales; y el 55 por ciento de los ni\u00f1os que estaban bajo este programa viven por debajo de la l\u00ednea de pobreza, seg\u00fan explic\u00f3 Alma Maldonado, doctora en educaci\u00f3n superior e investigadora del Centro de Investigaci\u00f3n y de Estudios Avanzados Cinvestav) con base en datos de la Secretar\u00eda de Educaci\u00f3n P\u00fablica (SEP).<\/p>\n\n\n\n<p>\u201cEstas escuelas apoyaban a la gente que m\u00e1s lo necesitaba, a familias, a madres trabajadoras. Era importante para el pa\u00eds, para las zonas marginadas, en escuelas ind\u00edgenas, semirurales\u201d, se\u00f1al\u00f3 la experta.<\/p>\n\n\n\n<p><strong>Recrudecer\u00e1n condiciones <\/strong><\/p>\n\n\n\n<p>Maldonado asegur\u00f3 que la desaparici\u00f3n de este programa solo agudizar\u00e1 las condiciones de marginaci\u00f3n, especialmente aquellas que est\u00e1n en un nivel cr\u00edtico de pobreza.<\/p>\n\n\n\n<p>\u201cEs una tragedia educativa y social, sobre todo despu\u00e9s de la pandemia\u201d, puntualiz\u00f3.<\/p>\n\n\n\n<p>Rosa, una trabajadora dom\u00e9stica que est\u00e1 a cargo de su nieta de 11 a\u00f1os, explic\u00f3 que la eliminaci\u00f3n del programa de Escuelas de Tiempo Completo le complicar\u00e1 todav\u00eda m\u00e1s su d\u00eda a d\u00eda, que ya de por s\u00ed era dif\u00edcil con la pandemia.<\/p>\n\n\n\n<p>Cuenta que previo a la emergencia sanitaria por coronavirus, llevaba a su nieta a una primaria del municipio de Nezahualc\u00f3yotl, del central Estado de M\u00e9xico, que ten\u00eda un horario de 8 de la ma\u00f1ana a 4 de la tarde, lo que le permit\u00eda ir a trabajar sin mayores preocupaciones.<\/p>\n\n\n\n<p>\u201cPod\u00eda limpiar en esas horas un par de casas. Cuando vino la pandemia, tuve que reducir mis horas de trabajo, tambi\u00e9n el dinero que ganaba. Ten\u00eda la esperanza de que con el regreso a clases pudiera volver a mi trabajo normal, pero ahora con la desaparici\u00f3n de las Escuelas de Tiempo Completo, no s\u00e9 qu\u00e9 haremos\u201d, afirm\u00f3.<\/p>\n\n\n\n<p>Rosa reconoci\u00f3 que la escuela representaba un gran apoyo no solo por el horario sino porque no se preocupaban \u201cpor la comida, porque com\u00eda en la escuela, incluso la mayor\u00eda de las veces sal\u00eda con la tarea hecha\u201d.<\/p>\n\n\n\n<p>Seg\u00fan los expertos, al menos 1.6 millones de ni\u00f1os, ni\u00f1as y adolescentes recib\u00edan un alimento en su escuela, el cual puede ser el \u00fanico en todo su d\u00eda, lo cual era fundamental en familias de escasos recursos.<\/p>\n\n\n\n<p>Con el regreso semipresencial a las escuelas, Rosa sigue presionada, ya que su nieta solo acude un par de veces a la semana a la escuela, y con un horario de 9 de la ma\u00f1ana a mediod\u00eda.<\/p>\n\n\n\n<p><strong>Sin opciones para las escuelas<\/strong><\/p>\n\n\n\n<p>L<span style=\"color: initial;\">os expertos insistieron en que el fin de este programa es un duro golpe para las familias m\u00e1s necesitadas en el pa\u00eds, pero adem\u00e1s para el desarrollo psicoemocional de los peque\u00f1os y para el bolsillo de los docentes.<\/span><\/p>\n\n\n\n<p>Para Alma Maldonado, el mensaje que da el Gobierno es que no quiere reducir las brechas de desigualdad, pues este era uno de los objetivos fundamentales del programa.<\/p>\n\n\n\n<p>\u201cMe parece una ceguera total eliminar este programa que funcionaba, ayudaba a estudiantes que m\u00e1s lo necesitaban y que pas\u00f3 todas las evaluaciones a los que fue auditado\u201d, dijo.<\/p>\n\n\n\n<p>La especialista asever\u00f3 que el programa tuvo mejores resultados incluso que las becas que se reparten a nivel nacional.<\/p>\n\n\n\n<p>Explic\u00f3 que esta decisi\u00f3n adem\u00e1s quita la obligaci\u00f3n al&nbsp;<strong>Estado<\/strong>&nbsp;de&nbsp;<strong>garantizar<\/strong>&nbsp;educaci\u00f3n de calidad, y asegur\u00f3 que traer\u00e1 m\u00e1s problemas que los que resuelve.<\/p>\n\n\n\n<p>\u201cSe dice que se dar\u00e1n los recursos de&nbsp;<strong>forma<\/strong>&nbsp;<strong>directa<\/strong>, como en el programa \u2018La Escuela es Nuestra\u2019, que es para mejorar la infraestructura de las escuelas, pero este programa ha sido opaco y poco eficiente\u201d, se\u00f1al\u00f3.<\/p>\n\n\n\n<p>En tanto, Marco Fern\u00e1ndez se mostr\u00f3 preocupado por la falta de&nbsp;<strong>transparencia<\/strong>&nbsp;en cuanto a las reglas de operaci\u00f3n, ni de c\u00f3mo solventar\u00e1n el complemento salarial de los docentes que laboraban en estas escuelas.<\/p>\n\n\n\n<p>Ante el anuncio, diversas autoridades locales anunciaron que buscar\u00e1n&nbsp;<strong>opciones<\/strong>&nbsp;ante el golpe que ver\u00e1n por la decisi\u00f3n del Gobierno federal de eliminar el programa de Escuelas de Tiempo Completo.<\/p>\n\n\n\n<p>Mientras que estados como&nbsp;<strong>Ciudad<\/strong>&nbsp;<strong>de<\/strong>&nbsp;<strong>M\u00e9xico<\/strong>, Nuevo Le\u00f3n y Quer\u00e9taro han prometido que mantendr\u00e1n el programa, y el Estado de M\u00e9xico dijo que dialogar\u00e1 con autoridades federales para pedir que se reconsidere la situaci\u00f3n.<\/p>\n","protected":false},"excerpt":{"rendered":"<p>La desaparici\u00f3n de las escuelas de tiempo completo es un retroceso que tendr\u00e1 impacto negativo en los menores y sus familias, estimaron expertos Ciudad de M\u00e9xico. La desaparici\u00f3n de las llamadas Escuelas de Tiempo Completo propuesta por el Gobierno federal, un programa que prove\u00eda de clases suplementarias y alimentaci\u00f3n a unos 3.6 millones de ni\u00f1as [&hellip;]<\/p>\n","protected":false},"author":47,"featured_media":27563,"comment_status":"open","ping_status":"open","sticky":false,"template":"","format":"standard","meta":{"tdm_status":"","tdm_grid_status":"","footnotes":""},"categories":[37],"tags":[],"class_list":{"0":"post-27561","1":"post","2":"type-post","3":"status-publish","4":"format-standard","5":"has-post-thumbnail","7":"category-nota-principal"},"yoast_head":"<!-- This site is optimized with the Yoast SEO plugin v27.5 - https:\/\/yoast.com\/product\/yoast-seo-wordpress\/ -->\n<title>Desaparici\u00f3n de Escuelas de Tiempo Completo, retroceso con impacto negativo en menores - Fuentes Fidedignas<\/title>\n<meta name=\"robots\" content=\"index, follow, max-snippet:-1, max-image-preview:large, max-video-preview:-1\" \/>\n<link rel=\"canonical\" href=\"https:\/\/fuentesfidedignas.com.mx\/index.php\/2022\/04\/02\/desaparicion-de-escuelas-de-tiempo-completo-retroceso-con-impacto-negativo-en-menores\/\" \/>\n<meta property=\"og:locale\" content=\"es_MX\" \/>\n<meta property=\"og:type\" content=\"article\" \/>\n<meta property=\"og:title\" content=\"Desaparici\u00f3n de Escuelas de Tiempo Completo, retroceso con impacto negativo en menores - Fuentes Fidedignas\" \/>\n<meta property=\"og:description\" content=\"La desaparici\u00f3n de las escuelas de tiempo completo es un retroceso que tendr\u00e1 impacto negativo en los menores y sus familias, estimaron expertos Ciudad de M\u00e9xico. La desaparici\u00f3n de las llamadas Escuelas de Tiempo Completo propuesta por el Gobierno federal, un programa que prove\u00eda de clases suplementarias y alimentaci\u00f3n a unos 3.6 millones de ni\u00f1as [&hellip;]\" \/>\n<meta property=\"og:url\" content=\"https:\/\/fuentesfidedignas.com.mx\/index.php\/2022\/04\/02\/desaparicion-de-escuelas-de-tiempo-completo-retroceso-con-impacto-negativo-en-menores\/\" \/>\n<meta property=\"og:site_name\" content=\"Fuentes Fidedignas\" \/>\n<meta property=\"article:publisher\" content=\"https:\/\/www.facebook.com\/Fuentes-Fidedignas-368234489921644\" \/>\n<meta property=\"article:published_time\" content=\"2022-04-02T18:16:20+00:00\" \/>\n<meta property=\"article:modified_time\" content=\"2022-04-02T18:17:13+00:00\" \/>\n<meta property=\"og:image\" content=\"https:\/\/fuentesfidedignas.com.mx\/wp-content\/uploads\/2022\/04\/desaparicion-de-escuelas-de-tiempo-completo-scaled-1.jpg\" \/>\n\t<meta property=\"og:image:width\" content=\"2560\" \/>\n\t<meta property=\"og:image:height\" content=\"1651\" \/>\n\t<meta property=\"og:image:type\" content=\"image\/jpeg\" \/>\n<meta name=\"author\" content=\"L\u00f3pez D\u00f3riga\" \/>\n<meta name=\"twitter:card\" content=\"summary_large_image\" \/>\n<meta name=\"twitter:creator\" content=\"@fidedignas\" \/>\n<meta name=\"twitter:site\" content=\"@fidedignas\" \/>\n<meta name=\"twitter:label1\" content=\"Escrito por\" \/>\n\t<meta name=\"twitter:data1\" content=\"L\u00f3pez D\u00f3riga\" \/>\n\t<meta name=\"twitter:label2\" content=\"Tiempo de lectura\" \/>\n\t<meta name=\"twitter:data2\" content=\"5 minutos\" \/>\n<script type=\"application\/ld+json\" class=\"yoast-schema-graph\">{\"@context\":\"https:\\\/\\\/schema.org\",\"@graph\":[{\"@type\":\"Article\",\"@id\":\"https:\\\/\\\/fuentesfidedignas.com.mx\\\/index.php\\\/2022\\\/04\\\/02\\\/desaparicion-de-escuelas-de-tiempo-completo-retroceso-con-impacto-negativo-en-menores\\\/#article\",\"isPartOf\":{\"@id\":\"https:\\\/\\\/fuentesfidedignas.com.mx\\\/index.php\\\/2022\\\/04\\\/02\\\/desaparicion-de-escuelas-de-tiempo-completo-retroceso-con-impacto-negativo-en-menores\\\/\"},\"author\":{\"name\":\"L\u00f3pez D\u00f3riga\",\"@id\":\"https:\\\/\\\/fuentesfidedignas.com.mx\\\/#\\\/schema\\\/person\\\/67d852f0557c8509146a4b9ddebd543a\"},\"headline\":\"Desaparici\u00f3n de Escuelas de Tiempo Completo, retroceso con impacto negativo en menores\",\"datePublished\":\"2022-04-02T18:16:20+00:00\",\"dateModified\":\"2022-04-02T18:17:13+00:00\",\"mainEntityOfPage\":{\"@id\":\"https:\\\/\\\/fuentesfidedignas.com.mx\\\/index.php\\\/2022\\\/04\\\/02\\\/desaparicion-de-escuelas-de-tiempo-completo-retroceso-con-impacto-negativo-en-menores\\\/\"},\"wordCount\":1160,\"commentCount\":0,\"publisher\":{\"@id\":\"https:\\\/\\\/fuentesfidedignas.com.mx\\\/#organization\"},\"image\":{\"@id\":\"https:\\\/\\\/fuentesfidedignas.com.mx\\\/index.php\\\/2022\\\/04\\\/02\\\/desaparicion-de-escuelas-de-tiempo-completo-retroceso-con-impacto-negativo-en-menores\\\/#primaryimage\"},\"thumbnailUrl\":\"https:\\\/\\\/fuentesfidedignas.com.mx\\\/wp-content\\\/uploads\\\/2022\\\/04\\\/desaparicion-de-escuelas-de-tiempo-completo-scaled-1.jpg\",\"articleSection\":[\"NOTA PRINCIPAL\"],\"inLanguage\":\"es\",\"potentialAction\":[{\"@type\":\"CommentAction\",\"name\":\"Comment\",\"target\":[\"https:\\\/\\\/fuentesfidedignas.com.mx\\\/index.php\\\/2022\\\/04\\\/02\\\/desaparicion-de-escuelas-de-tiempo-completo-retroceso-con-impacto-negativo-en-menores\\\/#respond\"]}]},{\"@type\":\"WebPage\",\"@id\":\"https:\\\/\\\/fuentesfidedignas.com.mx\\\/index.php\\\/2022\\\/04\\\/02\\\/desaparicion-de-escuelas-de-tiempo-completo-retroceso-con-impacto-negativo-en-menores\\\/\",\"url\":\"https:\\\/\\\/fuentesfidedignas.com.mx\\\/index.php\\\/2022\\\/04\\\/02\\\/desaparicion-de-escuelas-de-tiempo-completo-retroceso-con-impacto-negativo-en-menores\\\/\",\"name\":\"Desaparici\u00f3n de Escuelas de Tiempo Completo, retroceso con impacto negativo en menores - Fuentes Fidedignas\",\"isPartOf\":{\"@id\":\"https:\\\/\\\/fuentesfidedignas.com.mx\\\/#website\"},\"primaryImageOfPage\":{\"@id\":\"https:\\\/\\\/fuentesfidedignas.com.mx\\\/index.php\\\/2022\\\/04\\\/02\\\/desaparicion-de-escuelas-de-tiempo-completo-retroceso-con-impacto-negativo-en-menores\\\/#primaryimage\"},\"image\":{\"@id\":\"https:\\\/\\\/fuentesfidedignas.com.mx\\\/index.php\\\/2022\\\/04\\\/02\\\/desaparicion-de-escuelas-de-tiempo-completo-retroceso-con-impacto-negativo-en-menores\\\/#primaryimage\"},\"thumbnailUrl\":\"https:\\\/\\\/fuentesfidedignas.com.mx\\\/wp-content\\\/uploads\\\/2022\\\/04\\\/desaparicion-de-escuelas-de-tiempo-completo-scaled-1.jpg\",\"datePublished\":\"2022-04-02T18:16:20+00:00\",\"dateModified\":\"2022-04-02T18:17:13+00:00\",\"breadcrumb\":{\"@id\":\"https:\\\/\\\/fuentesfidedignas.com.mx\\\/index.php\\\/2022\\\/04\\\/02\\\/desaparicion-de-escuelas-de-tiempo-completo-retroceso-con-impacto-negativo-en-menores\\\/#breadcrumb\"},\"inLanguage\":\"es\",\"potentialAction\":[{\"@type\":\"ReadAction\",\"target\":[\"https:\\\/\\\/fuentesfidedignas.com.mx\\\/index.php\\\/2022\\\/04\\\/02\\\/desaparicion-de-escuelas-de-tiempo-completo-retroceso-con-impacto-negativo-en-menores\\\/\"]}]},{\"@type\":\"ImageObject\",\"inLanguage\":\"es\",\"@id\":\"https:\\\/\\\/fuentesfidedignas.com.mx\\\/index.php\\\/2022\\\/04\\\/02\\\/desaparicion-de-escuelas-de-tiempo-completo-retroceso-con-impacto-negativo-en-menores\\\/#primaryimage\",\"url\":\"https:\\\/\\\/fuentesfidedignas.com.mx\\\/wp-content\\\/uploads\\\/2022\\\/04\\\/desaparicion-de-escuelas-de-tiempo-completo-scaled-1.jpg\",\"contentUrl\":\"https:\\\/\\\/fuentesfidedignas.com.mx\\\/wp-content\\\/uploads\\\/2022\\\/04\\\/desaparicion-de-escuelas-de-tiempo-completo-scaled-1.jpg\",\"width\":2560,\"height\":1651},{\"@type\":\"BreadcrumbList\",\"@id\":\"https:\\\/\\\/fuentesfidedignas.com.mx\\\/index.php\\\/2022\\\/04\\\/02\\\/desaparicion-de-escuelas-de-tiempo-completo-retroceso-con-impacto-negativo-en-menores\\\/#breadcrumb\",\"itemListElement\":[{\"@type\":\"ListItem\",\"position\":1,\"name\":\"Inicio\",\"item\":\"https:\\\/\\\/fuentesfidedignas.com.mx\\\/\"},{\"@type\":\"ListItem\",\"position\":2,\"name\":\"Desaparici\u00f3n de Escuelas de Tiempo Completo, retroceso con impacto negativo en menores\"}]},{\"@type\":\"WebSite\",\"@id\":\"https:\\\/\\\/fuentesfidedignas.com.mx\\\/#website\",\"url\":\"https:\\\/\\\/fuentesfidedignas.com.mx\\\/\",\"name\":\"Fuentes Fidedignas\",\"description\":\"Otro sitio realizado con WordPress\",\"publisher\":{\"@id\":\"https:\\\/\\\/fuentesfidedignas.com.mx\\\/#organization\"},\"potentialAction\":[{\"@type\":\"SearchAction\",\"target\":{\"@type\":\"EntryPoint\",\"urlTemplate\":\"https:\\\/\\\/fuentesfidedignas.com.mx\\\/?s={search_term_string}\"},\"query-input\":{\"@type\":\"PropertyValueSpecification\",\"valueRequired\":true,\"valueName\":\"search_term_string\"}}],\"inLanguage\":\"es\"},{\"@type\":\"Organization\",\"@id\":\"https:\\\/\\\/fuentesfidedignas.com.mx\\\/#organization\",\"name\":\"Fuentes Fidedignas\",\"url\":\"https:\\\/\\\/fuentesfidedignas.com.mx\\\/\",\"logo\":{\"@type\":\"ImageObject\",\"inLanguage\":\"es\",\"@id\":\"https:\\\/\\\/fuentesfidedignas.com.mx\\\/#\\\/schema\\\/logo\\\/image\\\/\",\"url\":\"https:\\\/\\\/fuentesfidedignas.com.mx\\\/wp-content\\\/uploads\\\/2021\\\/04\\\/logo-retina.png\",\"contentUrl\":\"https:\\\/\\\/fuentesfidedignas.com.mx\\\/wp-content\\\/uploads\\\/2021\\\/04\\\/logo-retina.png\",\"width\":280,\"height\":51,\"caption\":\"Fuentes Fidedignas\"},\"image\":{\"@id\":\"https:\\\/\\\/fuentesfidedignas.com.mx\\\/#\\\/schema\\\/logo\\\/image\\\/\"},\"sameAs\":[\"https:\\\/\\\/www.facebook.com\\\/Fuentes-Fidedignas-368234489921644\",\"https:\\\/\\\/x.com\\\/fidedignas\"]},{\"@type\":\"Person\",\"@id\":\"https:\\\/\\\/fuentesfidedignas.com.mx\\\/#\\\/schema\\\/person\\\/67d852f0557c8509146a4b9ddebd543a\",\"name\":\"L\u00f3pez D\u00f3riga\",\"image\":{\"@type\":\"ImageObject\",\"inLanguage\":\"es\",\"@id\":\"https:\\\/\\\/secure.gravatar.com\\\/avatar\\\/e525b06574ca18b33cded59dfe5778d6c823b9513154eff47da551b0551bdd1e?s=96&d=mm&r=g\",\"url\":\"https:\\\/\\\/secure.gravatar.com\\\/avatar\\\/e525b06574ca18b33cded59dfe5778d6c823b9513154eff47da551b0551bdd1e?s=96&d=mm&r=g\",\"contentUrl\":\"https:\\\/\\\/secure.gravatar.com\\\/avatar\\\/e525b06574ca18b33cded59dfe5778d6c823b9513154eff47da551b0551bdd1e?s=96&d=mm&r=g\",\"caption\":\"L\u00f3pez D\u00f3riga\"},\"url\":\"https:\\\/\\\/fuentesfidedignas.com.mx\\\/index.php\\\/author\\\/doriga\\\/\"}]}<\/script>\n<!-- \/ Yoast SEO plugin. -->","yoast_head_json":{"title":"Desaparici\u00f3n de Escuelas de Tiempo Completo, retroceso con impacto negativo en menores - Fuentes Fidedignas","robots":{"index":"index","follow":"follow","max-snippet":"max-snippet:-1","max-image-preview":"max-image-preview:large","max-video-preview":"max-video-preview:-1"},"canonical":"https:\/\/fuentesfidedignas.com.mx\/index.php\/2022\/04\/02\/desaparicion-de-escuelas-de-tiempo-completo-retroceso-con-impacto-negativo-en-menores\/","og_locale":"es_MX","og_type":"article","og_title":"Desaparici\u00f3n de Escuelas de Tiempo Completo, retroceso con impacto negativo en menores - Fuentes Fidedignas","og_description":"La desaparici\u00f3n de las escuelas de tiempo completo es un retroceso que tendr\u00e1 impacto negativo en los menores y sus familias, estimaron expertos Ciudad de M\u00e9xico. La desaparici\u00f3n de las llamadas Escuelas de Tiempo Completo propuesta por el Gobierno federal, un programa que prove\u00eda de clases suplementarias y alimentaci\u00f3n a unos 3.6 millones de ni\u00f1as [&hellip;]","og_url":"https:\/\/fuentesfidedignas.com.mx\/index.php\/2022\/04\/02\/desaparicion-de-escuelas-de-tiempo-completo-retroceso-con-impacto-negativo-en-menores\/","og_site_name":"Fuentes Fidedignas","article_publisher":"https:\/\/www.facebook.com\/Fuentes-Fidedignas-368234489921644","article_published_time":"2022-04-02T18:16:20+00:00","article_modified_time":"2022-04-02T18:17:13+00:00","og_image":[{"width":2560,"height":1651,"url":"https:\/\/fuentesfidedignas.com.mx\/wp-content\/uploads\/2022\/04\/desaparicion-de-escuelas-de-tiempo-completo-scaled-1.jpg","type":"image\/jpeg"}],"author":"L\u00f3pez D\u00f3riga","twitter_card":"summary_large_image","twitter_creator":"@fidedignas","twitter_site":"@fidedignas","twitter_misc":{"Escrito por":"L\u00f3pez D\u00f3riga","Tiempo de lectura":"5 minutos"},"schema":{"@context":"https:\/\/schema.org","@graph":[{"@type":"Article","@id":"https:\/\/fuentesfidedignas.com.mx\/index.php\/2022\/04\/02\/desaparicion-de-escuelas-de-tiempo-completo-retroceso-con-impacto-negativo-en-menores\/#article","isPartOf":{"@id":"https:\/\/fuentesfidedignas.com.mx\/index.php\/2022\/04\/02\/desaparicion-de-escuelas-de-tiempo-completo-retroceso-con-impacto-negativo-en-menores\/"},"author":{"name":"L\u00f3pez D\u00f3riga","@id":"https:\/\/fuentesfidedignas.com.mx\/#\/schema\/person\/67d852f0557c8509146a4b9ddebd543a"},"headline":"Desaparici\u00f3n de Escuelas de Tiempo Completo, retroceso con impacto negativo en menores","datePublished":"2022-04-02T18:16:20+00:00","dateModified":"2022-04-02T18:17:13+00:00","mainEntityOfPage":{"@id":"https:\/\/fuentesfidedignas.com.mx\/index.php\/2022\/04\/02\/desaparicion-de-escuelas-de-tiempo-completo-retroceso-con-impacto-negativo-en-menores\/"},"wordCount":1160,"commentCount":0,"publisher":{"@id":"https:\/\/fuentesfidedignas.com.mx\/#organization"},"image":{"@id":"https:\/\/fuentesfidedignas.com.mx\/index.php\/2022\/04\/02\/desaparicion-de-escuelas-de-tiempo-completo-retroceso-con-impacto-negativo-en-menores\/#primaryimage"},"thumbnailUrl":"https:\/\/fuentesfidedignas.com.mx\/wp-content\/uploads\/2022\/04\/desaparicion-de-escuelas-de-tiempo-completo-scaled-1.jpg","articleSection":["NOTA PRINCIPAL"],"inLanguage":"es","potentialAction":[{"@type":"CommentAction","name":"Comment","target":["https:\/\/fuentesfidedignas.com.mx\/index.php\/2022\/04\/02\/desaparicion-de-escuelas-de-tiempo-completo-retroceso-con-impacto-negativo-en-menores\/#respond"]}]},{"@type":"WebPage","@id":"https:\/\/fuentesfidedignas.com.mx\/index.php\/2022\/04\/02\/desaparicion-de-escuelas-de-tiempo-completo-retroceso-con-impacto-negativo-en-menores\/","url":"https:\/\/fuentesfidedignas.com.mx\/index.php\/2022\/04\/02\/desaparicion-de-escuelas-de-tiempo-completo-retroceso-con-impacto-negativo-en-menores\/","name":"Desaparici\u00f3n de Escuelas de Tiempo Completo, retroceso con impacto negativo en menores - Fuentes Fidedignas","isPartOf":{"@id":"https:\/\/fuentesfidedignas.com.mx\/#website"},"primaryImageOfPage":{"@id":"https:\/\/fuentesfidedignas.com.mx\/index.php\/2022\/04\/02\/desaparicion-de-escuelas-de-tiempo-completo-retroceso-con-impacto-negativo-en-menores\/#primaryimage"},"image":{"@id":"https:\/\/fuentesfidedignas.com.mx\/index.php\/2022\/04\/02\/desaparicion-de-escuelas-de-tiempo-completo-retroceso-con-impacto-negativo-en-menores\/#primaryimage"},"thumbnailUrl":"https:\/\/fuentesfidedignas.com.mx\/wp-content\/uploads\/2022\/04\/desaparicion-de-escuelas-de-tiempo-completo-scaled-1.jpg","datePublished":"2022-04-02T18:16:20+00:00","dateModified":"2022-04-02T18:17:13+00:00","breadcrumb":{"@id":"https:\/\/fuentesfidedignas.com.mx\/index.php\/2022\/04\/02\/desaparicion-de-escuelas-de-tiempo-completo-retroceso-con-impacto-negativo-en-menores\/#breadcrumb"},"inLanguage":"es","potentialAction":[{"@type":"ReadAction","target":["https:\/\/fuentesfidedignas.com.mx\/index.php\/2022\/04\/02\/desaparicion-de-escuelas-de-tiempo-completo-retroceso-con-impacto-negativo-en-menores\/"]}]},{"@type":"ImageObject","inLanguage":"es","@id":"https:\/\/fuentesfidedignas.com.mx\/index.php\/2022\/04\/02\/desaparicion-de-escuelas-de-tiempo-completo-retroceso-con-impacto-negativo-en-menores\/#primaryimage","url":"https:\/\/fuentesfidedignas.com.mx\/wp-content\/uploads\/2022\/04\/desaparicion-de-escuelas-de-tiempo-completo-scaled-1.jpg","contentUrl":"https:\/\/fuentesfidedignas.com.mx\/wp-content\/uploads\/2022\/04\/desaparicion-de-escuelas-de-tiempo-completo-scaled-1.jpg","width":2560,"height":1651},{"@type":"BreadcrumbList","@id":"https:\/\/fuentesfidedignas.com.mx\/index.php\/2022\/04\/02\/desaparicion-de-escuelas-de-tiempo-completo-retroceso-con-impacto-negativo-en-menores\/#breadcrumb","itemListElement":[{"@type":"ListItem","position":1,"name":"Inicio","item":"https:\/\/fuentesfidedignas.com.mx\/"},{"@type":"ListItem","position":2,"name":"Desaparici\u00f3n de Escuelas de Tiempo Completo, retroceso con impacto negativo en menores"}]},{"@type":"WebSite","@id":"https:\/\/fuentesfidedignas.com.mx\/#website","url":"https:\/\/fuentesfidedignas.com.mx\/","name":"Fuentes Fidedignas","description":"Otro sitio realizado con WordPress","publisher":{"@id":"https:\/\/fuentesfidedignas.com.mx\/#organization"},"potentialAction":[{"@type":"SearchAction","target":{"@type":"EntryPoint","urlTemplate":"https:\/\/fuentesfidedignas.com.mx\/?s={search_term_string}"},"query-input":{"@type":"PropertyValueSpecification","valueRequired":true,"valueName":"search_term_string"}}],"inLanguage":"es"},{"@type":"Organization","@id":"https:\/\/fuentesfidedignas.com.mx\/#organization","name":"Fuentes Fidedignas","url":"https:\/\/fuentesfidedignas.com.mx\/","logo":{"@type":"ImageObject","inLanguage":"es","@id":"https:\/\/fuentesfidedignas.com.mx\/#\/schema\/logo\/image\/","url":"https:\/\/fuentesfidedignas.com.mx\/wp-content\/uploads\/2021\/04\/logo-retina.png","contentUrl":"https:\/\/fuentesfidedignas.com.mx\/wp-content\/uploads\/2021\/04\/logo-retina.png","width":280,"height":51,"caption":"Fuentes Fidedignas"},"image":{"@id":"https:\/\/fuentesfidedignas.com.mx\/#\/schema\/logo\/image\/"},"sameAs":["https:\/\/www.facebook.com\/Fuentes-Fidedignas-368234489921644","https:\/\/x.com\/fidedignas"]},{"@type":"Person","@id":"https:\/\/fuentesfidedignas.com.mx\/#\/schema\/person\/67d852f0557c8509146a4b9ddebd543a","name":"L\u00f3pez D\u00f3riga","image":{"@type":"ImageObject","inLanguage":"es","@id":"https:\/\/secure.gravatar.com\/avatar\/e525b06574ca18b33cded59dfe5778d6c823b9513154eff47da551b0551bdd1e?s=96&d=mm&r=g","url":"https:\/\/secure.gravatar.com\/avatar\/e525b06574ca18b33cded59dfe5778d6c823b9513154eff47da551b0551bdd1e?s=96&d=mm&r=g","contentUrl":"https:\/\/secure.gravatar.com\/avatar\/e525b06574ca18b33cded59dfe5778d6c823b9513154eff47da551b0551bdd1e?s=96&d=mm&r=g","caption":"L\u00f3pez D\u00f3riga"},"url":"https:\/\/fuentesfidedignas.com.mx\/index.php\/author\/doriga\/"}]}},"_links":{"self":[{"href":"https:\/\/fuentesfidedignas.com.mx\/index.php\/wp-json\/wp\/v2\/posts\/27561","targetHints":{"allow":["GET"]}}],"collection":[{"href":"https:\/\/fuentesfidedignas.com.mx\/index.php\/wp-json\/wp\/v2\/posts"}],"about":[{"href":"https:\/\/fuentesfidedignas.com.mx\/index.php\/wp-json\/wp\/v2\/types\/post"}],"author":[{"embeddable":true,"href":"https:\/\/fuentesfidedignas.com.mx\/index.php\/wp-json\/wp\/v2\/users\/47"}],"replies":[{"embeddable":true,"href":"https:\/\/fuentesfidedignas.com.mx\/index.php\/wp-json\/wp\/v2\/comments?post=27561"}],"version-history":[{"count":1,"href":"https:\/\/fuentesfidedignas.com.mx\/index.php\/wp-json\/wp\/v2\/posts\/27561\/revisions"}],"predecessor-version":[{"id":27562,"href":"https:\/\/fuentesfidedignas.com.mx\/index.php\/wp-json\/wp\/v2\/posts\/27561\/revisions\/27562"}],"wp:featuredmedia":[{"embeddable":true,"href":"https:\/\/fuentesfidedignas.com.mx\/index.php\/wp-json\/wp\/v2\/media\/27563"}],"wp:attachment":[{"href":"https:\/\/fuentesfidedignas.com.mx\/index.php\/wp-json\/wp\/v2\/media?parent=27561"}],"wp:term":[{"taxonomy":"category","embeddable":true,"href":"https:\/\/fuentesfidedignas.com.mx\/index.php\/wp-json\/wp\/v2\/categories?post=27561"},{"taxonomy":"post_tag","embeddable":true,"href":"https:\/\/fuentesfidedignas.com.mx\/index.php\/wp-json\/wp\/v2\/tags?post=27561"}],"curies":[{"name":"wp","href":"https:\/\/api.w.org\/{rel}","templated":true}]}}