{"id":27555,"date":"2022-04-02T10:23:16","date_gmt":"2022-04-02T17:23:16","guid":{"rendered":"https:\/\/fuentesfidedignas.com.mx\/?p=27555"},"modified":"2022-04-03T10:47:02","modified_gmt":"2022-04-03T17:47:02","slug":"horario-de-verano-2022-se-adelanta-o-se-atrasa-el-reloj","status":"publish","type":"post","link":"https:\/\/fuentesfidedignas.com.mx\/index.php\/2022\/04\/02\/horario-de-verano-2022-se-adelanta-o-se-atrasa-el-reloj\/","title":{"rendered":"Horario de verano 2022 \u00bfSe adelanta o se atrasa el reloj?"},"content":{"rendered":"\n<p><strong><em>Este domingo inicia el horario de verano para casi todo el pa\u00eds. Te contamos si debes adelantar o atrasar tu reloj <\/em><\/strong><\/p>\n\n\n\n<p>Culiac\u00e1n, Sin. Este domingo 03 de abril inicia el horario de verano y seguro ya te preguntas si se adelanta o se atrasa el reloj para tener la hora exacta en M\u00e9xico y, adem\u00e1s, ya empiezas a sentir los estragos del ajuste de hora.<\/p>\n\n\n\n<p>En esta ocasi\u00f3n tocar\u00e1 adelantar el reloj una hora en algunas entidades de la Rep\u00fablica y para que no se te haga tarde ni te confundas con las fechas aqu\u00ed te dejamos todo lo que debes de saber del horario de verano 2022.<\/p>\n\n\n\n<p><strong>\u00bfCu\u00e1ndo es el horario de veravo 2022?<\/strong><\/p>\n\n\n\n<p>El horario de verano iniciar\u00e1 este domingo 3 de abril, sin embargo, para evitar confusiones se recomienda adelantarlo la noche del s\u00e1bado 2 de abril, justo antes de irte a dormir, para as\u00ed despertar ya con el nuevo horario.<\/p>\n\n\n\n<p>Recuerda que en el caso de dispositivos digitales el ajuste se hace de forma autom\u00e1tica, por ello, es importante que ajustes los relojes an\u00e1logos, para que no tengas duda sobre el horario correcto.<\/p>\n\n\n\n<p>Es importante que tengas presente que el ajuste de horario no es igual en todos los estados del pa\u00eds, por ejemplo, en la franja fronteriza se cambia el horario cuando lo hace Estados Unidos, que fue el 13 de marzo.<\/p>\n\n\n\n<p>Mientras que Sonora y Quintana Roo no ajustan el reloj seg\u00fan el horario de verano, por ello en algunos meses del a\u00f1o el resto de las entidades tienen un horario diferente a esos dos estados.<\/p>\n\n\n\n<p><strong>\u00bfPor qu\u00e9 se hace el horario de verano en M\u00e9xico?<\/strong><\/p>\n\n\n\n<p>Desde 1996 se implement\u00f3 el horario de verano, con la intenci\u00f3n de aprovechar al m\u00e1ximo la luz del sol y as\u00ed disminuir el consumo de energ\u00eda el\u00e9ctrica al emplear la luz solar.<\/p>\n","protected":false},"excerpt":{"rendered":"<p>Este domingo inicia el horario de verano para casi todo el pa\u00eds. Te contamos si debes adelantar o atrasar tu reloj Culiac\u00e1n, Sin. Este domingo 03 de abril inicia el horario de verano y seguro ya te preguntas si se adelanta o se atrasa el reloj para tener la hora exacta en M\u00e9xico y, adem\u00e1s, [&hellip;]<\/p>\n","protected":false},"author":11,"featured_media":27557,"comment_status":"open","ping_status":"open","sticky":false,"template":"","format":"standard","meta":{"tdm_status":"","tdm_grid_status":"","footnotes":""},"categories":[39],"tags":[],"class_list":{"0":"post-27555","1":"post","2":"type-post","3":"status-publish","4":"format-standard","5":"has-post-thumbnail","7":"category-noticias-nacionales"},"yoast_head":"<!-- This site is optimized with the Yoast SEO plugin v27.5 - https:\/\/yoast.com\/product\/yoast-seo-wordpress\/ -->\n<title>Horario de verano 2022 \u00bfSe adelanta o se atrasa el reloj? - Fuentes Fidedignas<\/title>\n<meta name=\"robots\" content=\"index, follow, max-snippet:-1, max-image-preview:large, max-video-preview:-1\" \/>\n<link rel=\"canonical\" href=\"https:\/\/fuentesfidedignas.com.mx\/index.php\/2022\/04\/02\/horario-de-verano-2022-se-adelanta-o-se-atrasa-el-reloj\/\" \/>\n<meta property=\"og:locale\" content=\"es_MX\" \/>\n<meta property=\"og:type\" content=\"article\" \/>\n<meta property=\"og:title\" content=\"Horario de verano 2022 \u00bfSe adelanta o se atrasa el reloj? - Fuentes Fidedignas\" \/>\n<meta property=\"og:description\" content=\"Este domingo inicia el horario de verano para casi todo el pa\u00eds. Te contamos si debes adelantar o atrasar tu reloj Culiac\u00e1n, Sin. Este domingo 03 de abril inicia el horario de verano y seguro ya te preguntas si se adelanta o se atrasa el reloj para tener la hora exacta en M\u00e9xico y, adem\u00e1s, [&hellip;]\" \/>\n<meta property=\"og:url\" content=\"https:\/\/fuentesfidedignas.com.mx\/index.php\/2022\/04\/02\/horario-de-verano-2022-se-adelanta-o-se-atrasa-el-reloj\/\" \/>\n<meta property=\"og:site_name\" content=\"Fuentes Fidedignas\" \/>\n<meta property=\"article:publisher\" content=\"https:\/\/www.facebook.com\/Fuentes-Fidedignas-368234489921644\" \/>\n<meta property=\"article:published_time\" content=\"2022-04-02T17:23:16+00:00\" \/>\n<meta property=\"article:modified_time\" content=\"2022-04-03T17:47:02+00:00\" \/>\n<meta property=\"og:image\" content=\"https:\/\/fuentesfidedignas.com.mx\/wp-content\/uploads\/2022\/04\/O4JJIEB3YJFS3EDWG24JRBHSBU.jpeg\" \/>\n\t<meta property=\"og:image:width\" content=\"980\" \/>\n\t<meta property=\"og:image:height\" content=\"581\" \/>\n\t<meta property=\"og:image:type\" content=\"image\/jpeg\" \/>\n<meta name=\"author\" content=\"Marissa Palafox\" \/>\n<meta name=\"twitter:card\" content=\"summary_large_image\" \/>\n<meta name=\"twitter:creator\" content=\"@fidedignas\" \/>\n<meta name=\"twitter:site\" content=\"@fidedignas\" \/>\n<meta name=\"twitter:label1\" content=\"Escrito por\" \/>\n\t<meta name=\"twitter:data1\" content=\"Marissa Palafox\" \/>\n\t<meta name=\"twitter:label2\" content=\"Tiempo de lectura\" \/>\n\t<meta name=\"twitter:data2\" content=\"2 minutos\" \/>\n<script type=\"application\/ld+json\" class=\"yoast-schema-graph\">{\"@context\":\"https:\\\/\\\/schema.org\",\"@graph\":[{\"@type\":\"Article\",\"@id\":\"https:\\\/\\\/fuentesfidedignas.com.mx\\\/index.php\\\/2022\\\/04\\\/02\\\/horario-de-verano-2022-se-adelanta-o-se-atrasa-el-reloj\\\/#article\",\"isPartOf\":{\"@id\":\"https:\\\/\\\/fuentesfidedignas.com.mx\\\/index.php\\\/2022\\\/04\\\/02\\\/horario-de-verano-2022-se-adelanta-o-se-atrasa-el-reloj\\\/\"},\"author\":{\"name\":\"Marissa Palafox\",\"@id\":\"https:\\\/\\\/fuentesfidedignas.com.mx\\\/#\\\/schema\\\/person\\\/2c10028b4a30078c05a056a215342ab9\"},\"headline\":\"Horario de verano 2022 \u00bfSe adelanta o se atrasa el reloj?\",\"datePublished\":\"2022-04-02T17:23:16+00:00\",\"dateModified\":\"2022-04-03T17:47:02+00:00\",\"mainEntityOfPage\":{\"@id\":\"https:\\\/\\\/fuentesfidedignas.com.mx\\\/index.php\\\/2022\\\/04\\\/02\\\/horario-de-verano-2022-se-adelanta-o-se-atrasa-el-reloj\\\/\"},\"wordCount\":325,\"commentCount\":0,\"publisher\":{\"@id\":\"https:\\\/\\\/fuentesfidedignas.com.mx\\\/#organization\"},\"image\":{\"@id\":\"https:\\\/\\\/fuentesfidedignas.com.mx\\\/index.php\\\/2022\\\/04\\\/02\\\/horario-de-verano-2022-se-adelanta-o-se-atrasa-el-reloj\\\/#primaryimage\"},\"thumbnailUrl\":\"https:\\\/\\\/fuentesfidedignas.com.mx\\\/wp-content\\\/uploads\\\/2022\\\/04\\\/O4JJIEB3YJFS3EDWG24JRBHSBU.jpeg\",\"articleSection\":[\"NOTICIAS NACIONALES\"],\"inLanguage\":\"es\",\"potentialAction\":[{\"@type\":\"CommentAction\",\"name\":\"Comment\",\"target\":[\"https:\\\/\\\/fuentesfidedignas.com.mx\\\/index.php\\\/2022\\\/04\\\/02\\\/horario-de-verano-2022-se-adelanta-o-se-atrasa-el-reloj\\\/#respond\"]}]},{\"@type\":\"WebPage\",\"@id\":\"https:\\\/\\\/fuentesfidedignas.com.mx\\\/index.php\\\/2022\\\/04\\\/02\\\/horario-de-verano-2022-se-adelanta-o-se-atrasa-el-reloj\\\/\",\"url\":\"https:\\\/\\\/fuentesfidedignas.com.mx\\\/index.php\\\/2022\\\/04\\\/02\\\/horario-de-verano-2022-se-adelanta-o-se-atrasa-el-reloj\\\/\",\"name\":\"Horario de verano 2022 \u00bfSe adelanta o se atrasa el reloj? - Fuentes Fidedignas\",\"isPartOf\":{\"@id\":\"https:\\\/\\\/fuentesfidedignas.com.mx\\\/#website\"},\"primaryImageOfPage\":{\"@id\":\"https:\\\/\\\/fuentesfidedignas.com.mx\\\/index.php\\\/2022\\\/04\\\/02\\\/horario-de-verano-2022-se-adelanta-o-se-atrasa-el-reloj\\\/#primaryimage\"},\"image\":{\"@id\":\"https:\\\/\\\/fuentesfidedignas.com.mx\\\/index.php\\\/2022\\\/04\\\/02\\\/horario-de-verano-2022-se-adelanta-o-se-atrasa-el-reloj\\\/#primaryimage\"},\"thumbnailUrl\":\"https:\\\/\\\/fuentesfidedignas.com.mx\\\/wp-content\\\/uploads\\\/2022\\\/04\\\/O4JJIEB3YJFS3EDWG24JRBHSBU.jpeg\",\"datePublished\":\"2022-04-02T17:23:16+00:00\",\"dateModified\":\"2022-04-03T17:47:02+00:00\",\"breadcrumb\":{\"@id\":\"https:\\\/\\\/fuentesfidedignas.com.mx\\\/index.php\\\/2022\\\/04\\\/02\\\/horario-de-verano-2022-se-adelanta-o-se-atrasa-el-reloj\\\/#breadcrumb\"},\"inLanguage\":\"es\",\"potentialAction\":[{\"@type\":\"ReadAction\",\"target\":[\"https:\\\/\\\/fuentesfidedignas.com.mx\\\/index.php\\\/2022\\\/04\\\/02\\\/horario-de-verano-2022-se-adelanta-o-se-atrasa-el-reloj\\\/\"]}]},{\"@type\":\"ImageObject\",\"inLanguage\":\"es\",\"@id\":\"https:\\\/\\\/fuentesfidedignas.com.mx\\\/index.php\\\/2022\\\/04\\\/02\\\/horario-de-verano-2022-se-adelanta-o-se-atrasa-el-reloj\\\/#primaryimage\",\"url\":\"https:\\\/\\\/fuentesfidedignas.com.mx\\\/wp-content\\\/uploads\\\/2022\\\/04\\\/O4JJIEB3YJFS3EDWG24JRBHSBU.jpeg\",\"contentUrl\":\"https:\\\/\\\/fuentesfidedignas.com.mx\\\/wp-content\\\/uploads\\\/2022\\\/04\\\/O4JJIEB3YJFS3EDWG24JRBHSBU.jpeg\",\"width\":980,\"height\":581},{\"@type\":\"BreadcrumbList\",\"@id\":\"https:\\\/\\\/fuentesfidedignas.com.mx\\\/index.php\\\/2022\\\/04\\\/02\\\/horario-de-verano-2022-se-adelanta-o-se-atrasa-el-reloj\\\/#breadcrumb\",\"itemListElement\":[{\"@type\":\"ListItem\",\"position\":1,\"name\":\"Inicio\",\"item\":\"https:\\\/\\\/fuentesfidedignas.com.mx\\\/\"},{\"@type\":\"ListItem\",\"position\":2,\"name\":\"Horario de verano 2022 \u00bfSe adelanta o se atrasa el reloj?\"}]},{\"@type\":\"WebSite\",\"@id\":\"https:\\\/\\\/fuentesfidedignas.com.mx\\\/#website\",\"url\":\"https:\\\/\\\/fuentesfidedignas.com.mx\\\/\",\"name\":\"Fuentes Fidedignas\",\"description\":\"Otro sitio realizado con WordPress\",\"publisher\":{\"@id\":\"https:\\\/\\\/fuentesfidedignas.com.mx\\\/#organization\"},\"potentialAction\":[{\"@type\":\"SearchAction\",\"target\":{\"@type\":\"EntryPoint\",\"urlTemplate\":\"https:\\\/\\\/fuentesfidedignas.com.mx\\\/?s={search_term_string}\"},\"query-input\":{\"@type\":\"PropertyValueSpecification\",\"valueRequired\":true,\"valueName\":\"search_term_string\"}}],\"inLanguage\":\"es\"},{\"@type\":\"Organization\",\"@id\":\"https:\\\/\\\/fuentesfidedignas.com.mx\\\/#organization\",\"name\":\"Fuentes Fidedignas\",\"url\":\"https:\\\/\\\/fuentesfidedignas.com.mx\\\/\",\"logo\":{\"@type\":\"ImageObject\",\"inLanguage\":\"es\",\"@id\":\"https:\\\/\\\/fuentesfidedignas.com.mx\\\/#\\\/schema\\\/logo\\\/image\\\/\",\"url\":\"https:\\\/\\\/fuentesfidedignas.com.mx\\\/wp-content\\\/uploads\\\/2021\\\/04\\\/logo-retina.png\",\"contentUrl\":\"https:\\\/\\\/fuentesfidedignas.com.mx\\\/wp-content\\\/uploads\\\/2021\\\/04\\\/logo-retina.png\",\"width\":280,\"height\":51,\"caption\":\"Fuentes Fidedignas\"},\"image\":{\"@id\":\"https:\\\/\\\/fuentesfidedignas.com.mx\\\/#\\\/schema\\\/logo\\\/image\\\/\"},\"sameAs\":[\"https:\\\/\\\/www.facebook.com\\\/Fuentes-Fidedignas-368234489921644\",\"https:\\\/\\\/x.com\\\/fidedignas\"]},{\"@type\":\"Person\",\"@id\":\"https:\\\/\\\/fuentesfidedignas.com.mx\\\/#\\\/schema\\\/person\\\/2c10028b4a30078c05a056a215342ab9\",\"name\":\"Marissa Palafox\",\"image\":{\"@type\":\"ImageObject\",\"inLanguage\":\"es\",\"@id\":\"https:\\\/\\\/secure.gravatar.com\\\/avatar\\\/20a43bdb2f2db10f20b22d4e98b96eb027faf98f7f76d29854dc5fab46d1cf71?s=96&d=mm&r=g\",\"url\":\"https:\\\/\\\/secure.gravatar.com\\\/avatar\\\/20a43bdb2f2db10f20b22d4e98b96eb027faf98f7f76d29854dc5fab46d1cf71?s=96&d=mm&r=g\",\"contentUrl\":\"https:\\\/\\\/secure.gravatar.com\\\/avatar\\\/20a43bdb2f2db10f20b22d4e98b96eb027faf98f7f76d29854dc5fab46d1cf71?s=96&d=mm&r=g\",\"caption\":\"Marissa Palafox\"},\"url\":\"https:\\\/\\\/fuentesfidedignas.com.mx\\\/index.php\\\/author\\\/marissa\\\/\"}]}<\/script>\n<!-- \/ Yoast SEO plugin. -->","yoast_head_json":{"title":"Horario de verano 2022 \u00bfSe adelanta o se atrasa el reloj? - Fuentes Fidedignas","robots":{"index":"index","follow":"follow","max-snippet":"max-snippet:-1","max-image-preview":"max-image-preview:large","max-video-preview":"max-video-preview:-1"},"canonical":"https:\/\/fuentesfidedignas.com.mx\/index.php\/2022\/04\/02\/horario-de-verano-2022-se-adelanta-o-se-atrasa-el-reloj\/","og_locale":"es_MX","og_type":"article","og_title":"Horario de verano 2022 \u00bfSe adelanta o se atrasa el reloj? - Fuentes Fidedignas","og_description":"Este domingo inicia el horario de verano para casi todo el pa\u00eds. Te contamos si debes adelantar o atrasar tu reloj Culiac\u00e1n, Sin. Este domingo 03 de abril inicia el horario de verano y seguro ya te preguntas si se adelanta o se atrasa el reloj para tener la hora exacta en M\u00e9xico y, adem\u00e1s, [&hellip;]","og_url":"https:\/\/fuentesfidedignas.com.mx\/index.php\/2022\/04\/02\/horario-de-verano-2022-se-adelanta-o-se-atrasa-el-reloj\/","og_site_name":"Fuentes Fidedignas","article_publisher":"https:\/\/www.facebook.com\/Fuentes-Fidedignas-368234489921644","article_published_time":"2022-04-02T17:23:16+00:00","article_modified_time":"2022-04-03T17:47:02+00:00","og_image":[{"width":980,"height":581,"url":"https:\/\/fuentesfidedignas.com.mx\/wp-content\/uploads\/2022\/04\/O4JJIEB3YJFS3EDWG24JRBHSBU.jpeg","type":"image\/jpeg"}],"author":"Marissa Palafox","twitter_card":"summary_large_image","twitter_creator":"@fidedignas","twitter_site":"@fidedignas","twitter_misc":{"Escrito por":"Marissa Palafox","Tiempo de lectura":"2 minutos"},"schema":{"@context":"https:\/\/schema.org","@graph":[{"@type":"Article","@id":"https:\/\/fuentesfidedignas.com.mx\/index.php\/2022\/04\/02\/horario-de-verano-2022-se-adelanta-o-se-atrasa-el-reloj\/#article","isPartOf":{"@id":"https:\/\/fuentesfidedignas.com.mx\/index.php\/2022\/04\/02\/horario-de-verano-2022-se-adelanta-o-se-atrasa-el-reloj\/"},"author":{"name":"Marissa Palafox","@id":"https:\/\/fuentesfidedignas.com.mx\/#\/schema\/person\/2c10028b4a30078c05a056a215342ab9"},"headline":"Horario de verano 2022 \u00bfSe adelanta o se atrasa el reloj?","datePublished":"2022-04-02T17:23:16+00:00","dateModified":"2022-04-03T17:47:02+00:00","mainEntityOfPage":{"@id":"https:\/\/fuentesfidedignas.com.mx\/index.php\/2022\/04\/02\/horario-de-verano-2022-se-adelanta-o-se-atrasa-el-reloj\/"},"wordCount":325,"commentCount":0,"publisher":{"@id":"https:\/\/fuentesfidedignas.com.mx\/#organization"},"image":{"@id":"https:\/\/fuentesfidedignas.com.mx\/index.php\/2022\/04\/02\/horario-de-verano-2022-se-adelanta-o-se-atrasa-el-reloj\/#primaryimage"},"thumbnailUrl":"https:\/\/fuentesfidedignas.com.mx\/wp-content\/uploads\/2022\/04\/O4JJIEB3YJFS3EDWG24JRBHSBU.jpeg","articleSection":["NOTICIAS NACIONALES"],"inLanguage":"es","potentialAction":[{"@type":"CommentAction","name":"Comment","target":["https:\/\/fuentesfidedignas.com.mx\/index.php\/2022\/04\/02\/horario-de-verano-2022-se-adelanta-o-se-atrasa-el-reloj\/#respond"]}]},{"@type":"WebPage","@id":"https:\/\/fuentesfidedignas.com.mx\/index.php\/2022\/04\/02\/horario-de-verano-2022-se-adelanta-o-se-atrasa-el-reloj\/","url":"https:\/\/fuentesfidedignas.com.mx\/index.php\/2022\/04\/02\/horario-de-verano-2022-se-adelanta-o-se-atrasa-el-reloj\/","name":"Horario de verano 2022 \u00bfSe adelanta o se atrasa el reloj? - Fuentes Fidedignas","isPartOf":{"@id":"https:\/\/fuentesfidedignas.com.mx\/#website"},"primaryImageOfPage":{"@id":"https:\/\/fuentesfidedignas.com.mx\/index.php\/2022\/04\/02\/horario-de-verano-2022-se-adelanta-o-se-atrasa-el-reloj\/#primaryimage"},"image":{"@id":"https:\/\/fuentesfidedignas.com.mx\/index.php\/2022\/04\/02\/horario-de-verano-2022-se-adelanta-o-se-atrasa-el-reloj\/#primaryimage"},"thumbnailUrl":"https:\/\/fuentesfidedignas.com.mx\/wp-content\/uploads\/2022\/04\/O4JJIEB3YJFS3EDWG24JRBHSBU.jpeg","datePublished":"2022-04-02T17:23:16+00:00","dateModified":"2022-04-03T17:47:02+00:00","breadcrumb":{"@id":"https:\/\/fuentesfidedignas.com.mx\/index.php\/2022\/04\/02\/horario-de-verano-2022-se-adelanta-o-se-atrasa-el-reloj\/#breadcrumb"},"inLanguage":"es","potentialAction":[{"@type":"ReadAction","target":["https:\/\/fuentesfidedignas.com.mx\/index.php\/2022\/04\/02\/horario-de-verano-2022-se-adelanta-o-se-atrasa-el-reloj\/"]}]},{"@type":"ImageObject","inLanguage":"es","@id":"https:\/\/fuentesfidedignas.com.mx\/index.php\/2022\/04\/02\/horario-de-verano-2022-se-adelanta-o-se-atrasa-el-reloj\/#primaryimage","url":"https:\/\/fuentesfidedignas.com.mx\/wp-content\/uploads\/2022\/04\/O4JJIEB3YJFS3EDWG24JRBHSBU.jpeg","contentUrl":"https:\/\/fuentesfidedignas.com.mx\/wp-content\/uploads\/2022\/04\/O4JJIEB3YJFS3EDWG24JRBHSBU.jpeg","width":980,"height":581},{"@type":"BreadcrumbList","@id":"https:\/\/fuentesfidedignas.com.mx\/index.php\/2022\/04\/02\/horario-de-verano-2022-se-adelanta-o-se-atrasa-el-reloj\/#breadcrumb","itemListElement":[{"@type":"ListItem","position":1,"name":"Inicio","item":"https:\/\/fuentesfidedignas.com.mx\/"},{"@type":"ListItem","position":2,"name":"Horario de verano 2022 \u00bfSe adelanta o se atrasa el reloj?"}]},{"@type":"WebSite","@id":"https:\/\/fuentesfidedignas.com.mx\/#website","url":"https:\/\/fuentesfidedignas.com.mx\/","name":"Fuentes Fidedignas","description":"Otro sitio realizado con WordPress","publisher":{"@id":"https:\/\/fuentesfidedignas.com.mx\/#organization"},"potentialAction":[{"@type":"SearchAction","target":{"@type":"EntryPoint","urlTemplate":"https:\/\/fuentesfidedignas.com.mx\/?s={search_term_string}"},"query-input":{"@type":"PropertyValueSpecification","valueRequired":true,"valueName":"search_term_string"}}],"inLanguage":"es"},{"@type":"Organization","@id":"https:\/\/fuentesfidedignas.com.mx\/#organization","name":"Fuentes Fidedignas","url":"https:\/\/fuentesfidedignas.com.mx\/","logo":{"@type":"ImageObject","inLanguage":"es","@id":"https:\/\/fuentesfidedignas.com.mx\/#\/schema\/logo\/image\/","url":"https:\/\/fuentesfidedignas.com.mx\/wp-content\/uploads\/2021\/04\/logo-retina.png","contentUrl":"https:\/\/fuentesfidedignas.com.mx\/wp-content\/uploads\/2021\/04\/logo-retina.png","width":280,"height":51,"caption":"Fuentes Fidedignas"},"image":{"@id":"https:\/\/fuentesfidedignas.com.mx\/#\/schema\/logo\/image\/"},"sameAs":["https:\/\/www.facebook.com\/Fuentes-Fidedignas-368234489921644","https:\/\/x.com\/fidedignas"]},{"@type":"Person","@id":"https:\/\/fuentesfidedignas.com.mx\/#\/schema\/person\/2c10028b4a30078c05a056a215342ab9","name":"Marissa Palafox","image":{"@type":"ImageObject","inLanguage":"es","@id":"https:\/\/secure.gravatar.com\/avatar\/20a43bdb2f2db10f20b22d4e98b96eb027faf98f7f76d29854dc5fab46d1cf71?s=96&d=mm&r=g","url":"https:\/\/secure.gravatar.com\/avatar\/20a43bdb2f2db10f20b22d4e98b96eb027faf98f7f76d29854dc5fab46d1cf71?s=96&d=mm&r=g","contentUrl":"https:\/\/secure.gravatar.com\/avatar\/20a43bdb2f2db10f20b22d4e98b96eb027faf98f7f76d29854dc5fab46d1cf71?s=96&d=mm&r=g","caption":"Marissa Palafox"},"url":"https:\/\/fuentesfidedignas.com.mx\/index.php\/author\/marissa\/"}]}},"_links":{"self":[{"href":"https:\/\/fuentesfidedignas.com.mx\/index.php\/wp-json\/wp\/v2\/posts\/27555","targetHints":{"allow":["GET"]}}],"collection":[{"href":"https:\/\/fuentesfidedignas.com.mx\/index.php\/wp-json\/wp\/v2\/posts"}],"about":[{"href":"https:\/\/fuentesfidedignas.com.mx\/index.php\/wp-json\/wp\/v2\/types\/post"}],"author":[{"embeddable":true,"href":"https:\/\/fuentesfidedignas.com.mx\/index.php\/wp-json\/wp\/v2\/users\/11"}],"replies":[{"embeddable":true,"href":"https:\/\/fuentesfidedignas.com.mx\/index.php\/wp-json\/wp\/v2\/comments?post=27555"}],"version-history":[{"count":1,"href":"https:\/\/fuentesfidedignas.com.mx\/index.php\/wp-json\/wp\/v2\/posts\/27555\/revisions"}],"predecessor-version":[{"id":27556,"href":"https:\/\/fuentesfidedignas.com.mx\/index.php\/wp-json\/wp\/v2\/posts\/27555\/revisions\/27556"}],"wp:featuredmedia":[{"embeddable":true,"href":"https:\/\/fuentesfidedignas.com.mx\/index.php\/wp-json\/wp\/v2\/media\/27557"}],"wp:attachment":[{"href":"https:\/\/fuentesfidedignas.com.mx\/index.php\/wp-json\/wp\/v2\/media?parent=27555"}],"wp:term":[{"taxonomy":"category","embeddable":true,"href":"https:\/\/fuentesfidedignas.com.mx\/index.php\/wp-json\/wp\/v2\/categories?post=27555"},{"taxonomy":"post_tag","embeddable":true,"href":"https:\/\/fuentesfidedignas.com.mx\/index.php\/wp-json\/wp\/v2\/tags?post=27555"}],"curies":[{"name":"wp","href":"https:\/\/api.w.org\/{rel}","templated":true}]}}