{"id":27537,"date":"2022-04-01T17:10:57","date_gmt":"2022-04-02T00:10:57","guid":{"rendered":"https:\/\/fuentesfidedignas.com.mx\/?p=27537"},"modified":"2022-04-01T17:13:07","modified_gmt":"2022-04-02T00:13:07","slug":"cofepris-publico-autorizacion-de-vacuna-anticovid-a-ninos-a-partir-de-5-anos-salud-sigue-sin-presentar-programa","status":"publish","type":"post","link":"https:\/\/fuentesfidedignas.com.mx\/index.php\/2022\/04\/01\/cofepris-publico-autorizacion-de-vacuna-anticovid-a-ninos-a-partir-de-5-anos-salud-sigue-sin-presentar-programa\/","title":{"rendered":"Cofepris public\u00f3 autorizaci\u00f3n de vacuna anticovid a ni\u00f1os a partir de 5 a\u00f1os; Salud sigue sin presentar programa"},"content":{"rendered":"\n<p><strong><em>Cofepris autoriz\u00f3 desde el 3 de marzo la vacuna contra COVID-19 de Pfizer\/BioNTech para su uso de emergencia a partir de los 5 a\u00f1os <\/em><\/strong><\/p>\n\n\n\n<p>Ciudad de M\u00e9xico. La Comisi\u00f3n Federal para la Protecci\u00f3n contra Riesgos Sanitarios (Cofepris) ya autoriz\u00f3 la vacuna contra COVID-19 para menores de edad a partir de los 5 a\u00f1os.<\/p>\n\n\n\n<p>Si bien no ha emitido comunicado alguno la informaci\u00f3n aparece en la secci\u00f3n \u2018Vacunas autorizadas para uso de emergencia y sus principales caracter\u00edsticas\u2018 de su p\u00e1gina de internet.<\/p>\n\n\n\n<p>Fue el pasado 3 de marzo cuando la vacuna contra COVID-19 de Pfizer\/BioNTech fue autorizada para su uso de emergencia a partir de los 5 a\u00f1os.<\/p>\n\n\n\n<p>Cofepris advierte que la dosis y composici\u00f3n de la vacuna para los menores de entre 5 y 11 a\u00f1os de edad son distintos a la inmunizaci\u00f3n para mayores de 12 a\u00f1os, aunque no los especifica.<\/p>\n\n\n\n<p>De acuerdo con el subsecretario de Prevenci\u00f3n y Promoci\u00f3n de Salud, Hugo L\u00f3pez-Gatell, el Gobierno Federal no tiene resistencia u oposici\u00f3n para la vacunaci\u00f3n de menores de edad.<\/p>\n\n\n\n<p>Sin embargo, ha sostenido que la estrategia de vacunaci\u00f3n contra COVID-19 prioriza a los grupos de edad con mayor riesgo ante la enfermedad.<\/p>\n\n\n\n<p>Hasta el momento en M\u00e9xico solo se vacuna a los menores de entre 12 y 17 a\u00f1os con comorbilidades como obesidad, diabetes, asma y s\u00edndrome de Down.<\/p>\n\n\n\n<p>La autorizaci\u00f3n de la vacuna para ni\u00f1os a partir de 5 a\u00f1os se dio a partir de un juicio de amparo para la inmunizaci\u00f3n de un menor en Oaxaca.<\/p>\n\n\n\n<p>La abogada Alma Franco tramit\u00f3 en diciembre pasado un amparo para la vacunaci\u00f3n de su hijo Jorge, quien tiene 10 a\u00f1os.<\/p>\n\n\n\n<p>Pese a que le fue concedida la vacunaci\u00f3n contra COVID-19 autoridades de Salud se negaron en al menos tres ocasiones a suministrarle la dosis bajo el argumento de que se desconoce la dosis a aplicar.<\/p>\n\n\n\n<p>Pero en su oficio 04505 sobre el caso la Cofepris detall\u00f3 que se deben suministrar dos vacunas de 10 microgramos cada una, con un intervalo de 21 d\u00edas, dosis informadas por la FDA desde octubre, cuando autoriz\u00f3 la inmunizaci\u00f3n de Pfizer\/BioNTech para ni\u00f1os de 5 a 11 a\u00f1os.<\/p>\n","protected":false},"excerpt":{"rendered":"<p>Cofepris autoriz\u00f3 desde el 3 de marzo la vacuna contra COVID-19 de Pfizer\/BioNTech para su uso de emergencia a partir de los 5 a\u00f1os Ciudad de M\u00e9xico. La Comisi\u00f3n Federal para la Protecci\u00f3n contra Riesgos Sanitarios (Cofepris) ya autoriz\u00f3 la vacuna contra COVID-19 para menores de edad a partir de los 5 a\u00f1os. Si bien [&hellip;]<\/p>\n","protected":false},"author":47,"featured_media":27539,"comment_status":"open","ping_status":"open","sticky":false,"template":"","format":"standard","meta":{"tdm_status":"","tdm_grid_status":"","footnotes":""},"categories":[39,1],"tags":[],"class_list":{"0":"post-27537","1":"post","2":"type-post","3":"status-publish","4":"format-standard","5":"has-post-thumbnail","7":"category-noticias-nacionales","8":"category-sin-categoria"},"yoast_head":"<!-- This site is optimized with the Yoast SEO plugin v27.5 - https:\/\/yoast.com\/product\/yoast-seo-wordpress\/ -->\n<title>Cofepris public\u00f3 autorizaci\u00f3n de vacuna anticovid a ni\u00f1os a partir de 5 a\u00f1os; Salud sigue sin presentar programa - Fuentes Fidedignas<\/title>\n<meta name=\"robots\" content=\"index, follow, max-snippet:-1, max-image-preview:large, max-video-preview:-1\" \/>\n<link rel=\"canonical\" href=\"https:\/\/fuentesfidedignas.com.mx\/index.php\/2022\/04\/01\/cofepris-publico-autorizacion-de-vacuna-anticovid-a-ninos-a-partir-de-5-anos-salud-sigue-sin-presentar-programa\/\" \/>\n<meta property=\"og:locale\" content=\"es_MX\" \/>\n<meta property=\"og:type\" content=\"article\" \/>\n<meta property=\"og:title\" content=\"Cofepris public\u00f3 autorizaci\u00f3n de vacuna anticovid a ni\u00f1os a partir de 5 a\u00f1os; Salud sigue sin presentar programa - Fuentes Fidedignas\" \/>\n<meta property=\"og:description\" content=\"Cofepris autoriz\u00f3 desde el 3 de marzo la vacuna contra COVID-19 de Pfizer\/BioNTech para su uso de emergencia a partir de los 5 a\u00f1os Ciudad de M\u00e9xico. La Comisi\u00f3n Federal para la Protecci\u00f3n contra Riesgos Sanitarios (Cofepris) ya autoriz\u00f3 la vacuna contra COVID-19 para menores de edad a partir de los 5 a\u00f1os. Si bien [&hellip;]\" \/>\n<meta property=\"og:url\" content=\"https:\/\/fuentesfidedignas.com.mx\/index.php\/2022\/04\/01\/cofepris-publico-autorizacion-de-vacuna-anticovid-a-ninos-a-partir-de-5-anos-salud-sigue-sin-presentar-programa\/\" \/>\n<meta property=\"og:site_name\" content=\"Fuentes Fidedignas\" \/>\n<meta property=\"article:publisher\" content=\"https:\/\/www.facebook.com\/Fuentes-Fidedignas-368234489921644\" \/>\n<meta property=\"article:published_time\" content=\"2022-04-02T00:10:57+00:00\" \/>\n<meta property=\"article:modified_time\" content=\"2022-04-02T00:13:07+00:00\" \/>\n<meta property=\"og:image\" content=\"https:\/\/fuentesfidedignas.com.mx\/wp-content\/uploads\/2022\/04\/vacunacion-de-nino-contra-covid-19-con-dosis-de-pfizer.jpg\" \/>\n\t<meta property=\"og:image:width\" content=\"1920\" \/>\n\t<meta property=\"og:image:height\" content=\"1280\" \/>\n\t<meta property=\"og:image:type\" content=\"image\/jpeg\" \/>\n<meta name=\"author\" content=\"L\u00f3pez D\u00f3riga\" \/>\n<meta name=\"twitter:card\" content=\"summary_large_image\" \/>\n<meta name=\"twitter:creator\" content=\"@fidedignas\" \/>\n<meta name=\"twitter:site\" content=\"@fidedignas\" \/>\n<meta name=\"twitter:label1\" content=\"Escrito por\" \/>\n\t<meta name=\"twitter:data1\" content=\"L\u00f3pez D\u00f3riga\" \/>\n\t<meta name=\"twitter:label2\" content=\"Tiempo de lectura\" \/>\n\t<meta name=\"twitter:data2\" content=\"2 minutos\" \/>\n<script type=\"application\/ld+json\" class=\"yoast-schema-graph\">{\"@context\":\"https:\\\/\\\/schema.org\",\"@graph\":[{\"@type\":\"Article\",\"@id\":\"https:\\\/\\\/fuentesfidedignas.com.mx\\\/index.php\\\/2022\\\/04\\\/01\\\/cofepris-publico-autorizacion-de-vacuna-anticovid-a-ninos-a-partir-de-5-anos-salud-sigue-sin-presentar-programa\\\/#article\",\"isPartOf\":{\"@id\":\"https:\\\/\\\/fuentesfidedignas.com.mx\\\/index.php\\\/2022\\\/04\\\/01\\\/cofepris-publico-autorizacion-de-vacuna-anticovid-a-ninos-a-partir-de-5-anos-salud-sigue-sin-presentar-programa\\\/\"},\"author\":{\"name\":\"L\u00f3pez D\u00f3riga\",\"@id\":\"https:\\\/\\\/fuentesfidedignas.com.mx\\\/#\\\/schema\\\/person\\\/67d852f0557c8509146a4b9ddebd543a\"},\"headline\":\"Cofepris public\u00f3 autorizaci\u00f3n de vacuna anticovid a ni\u00f1os a partir de 5 a\u00f1os; Salud sigue sin presentar programa\",\"datePublished\":\"2022-04-02T00:10:57+00:00\",\"dateModified\":\"2022-04-02T00:13:07+00:00\",\"mainEntityOfPage\":{\"@id\":\"https:\\\/\\\/fuentesfidedignas.com.mx\\\/index.php\\\/2022\\\/04\\\/01\\\/cofepris-publico-autorizacion-de-vacuna-anticovid-a-ninos-a-partir-de-5-anos-salud-sigue-sin-presentar-programa\\\/\"},\"wordCount\":393,\"commentCount\":0,\"publisher\":{\"@id\":\"https:\\\/\\\/fuentesfidedignas.com.mx\\\/#organization\"},\"image\":{\"@id\":\"https:\\\/\\\/fuentesfidedignas.com.mx\\\/index.php\\\/2022\\\/04\\\/01\\\/cofepris-publico-autorizacion-de-vacuna-anticovid-a-ninos-a-partir-de-5-anos-salud-sigue-sin-presentar-programa\\\/#primaryimage\"},\"thumbnailUrl\":\"https:\\\/\\\/fuentesfidedignas.com.mx\\\/wp-content\\\/uploads\\\/2022\\\/04\\\/vacunacion-de-nino-contra-covid-19-con-dosis-de-pfizer.jpg\",\"articleSection\":[\"NOTICIAS NACIONALES\"],\"inLanguage\":\"es\",\"potentialAction\":[{\"@type\":\"CommentAction\",\"name\":\"Comment\",\"target\":[\"https:\\\/\\\/fuentesfidedignas.com.mx\\\/index.php\\\/2022\\\/04\\\/01\\\/cofepris-publico-autorizacion-de-vacuna-anticovid-a-ninos-a-partir-de-5-anos-salud-sigue-sin-presentar-programa\\\/#respond\"]}]},{\"@type\":\"WebPage\",\"@id\":\"https:\\\/\\\/fuentesfidedignas.com.mx\\\/index.php\\\/2022\\\/04\\\/01\\\/cofepris-publico-autorizacion-de-vacuna-anticovid-a-ninos-a-partir-de-5-anos-salud-sigue-sin-presentar-programa\\\/\",\"url\":\"https:\\\/\\\/fuentesfidedignas.com.mx\\\/index.php\\\/2022\\\/04\\\/01\\\/cofepris-publico-autorizacion-de-vacuna-anticovid-a-ninos-a-partir-de-5-anos-salud-sigue-sin-presentar-programa\\\/\",\"name\":\"Cofepris public\u00f3 autorizaci\u00f3n de vacuna anticovid a ni\u00f1os a partir de 5 a\u00f1os; Salud sigue sin presentar programa - Fuentes Fidedignas\",\"isPartOf\":{\"@id\":\"https:\\\/\\\/fuentesfidedignas.com.mx\\\/#website\"},\"primaryImageOfPage\":{\"@id\":\"https:\\\/\\\/fuentesfidedignas.com.mx\\\/index.php\\\/2022\\\/04\\\/01\\\/cofepris-publico-autorizacion-de-vacuna-anticovid-a-ninos-a-partir-de-5-anos-salud-sigue-sin-presentar-programa\\\/#primaryimage\"},\"image\":{\"@id\":\"https:\\\/\\\/fuentesfidedignas.com.mx\\\/index.php\\\/2022\\\/04\\\/01\\\/cofepris-publico-autorizacion-de-vacuna-anticovid-a-ninos-a-partir-de-5-anos-salud-sigue-sin-presentar-programa\\\/#primaryimage\"},\"thumbnailUrl\":\"https:\\\/\\\/fuentesfidedignas.com.mx\\\/wp-content\\\/uploads\\\/2022\\\/04\\\/vacunacion-de-nino-contra-covid-19-con-dosis-de-pfizer.jpg\",\"datePublished\":\"2022-04-02T00:10:57+00:00\",\"dateModified\":\"2022-04-02T00:13:07+00:00\",\"breadcrumb\":{\"@id\":\"https:\\\/\\\/fuentesfidedignas.com.mx\\\/index.php\\\/2022\\\/04\\\/01\\\/cofepris-publico-autorizacion-de-vacuna-anticovid-a-ninos-a-partir-de-5-anos-salud-sigue-sin-presentar-programa\\\/#breadcrumb\"},\"inLanguage\":\"es\",\"potentialAction\":[{\"@type\":\"ReadAction\",\"target\":[\"https:\\\/\\\/fuentesfidedignas.com.mx\\\/index.php\\\/2022\\\/04\\\/01\\\/cofepris-publico-autorizacion-de-vacuna-anticovid-a-ninos-a-partir-de-5-anos-salud-sigue-sin-presentar-programa\\\/\"]}]},{\"@type\":\"ImageObject\",\"inLanguage\":\"es\",\"@id\":\"https:\\\/\\\/fuentesfidedignas.com.mx\\\/index.php\\\/2022\\\/04\\\/01\\\/cofepris-publico-autorizacion-de-vacuna-anticovid-a-ninos-a-partir-de-5-anos-salud-sigue-sin-presentar-programa\\\/#primaryimage\",\"url\":\"https:\\\/\\\/fuentesfidedignas.com.mx\\\/wp-content\\\/uploads\\\/2022\\\/04\\\/vacunacion-de-nino-contra-covid-19-con-dosis-de-pfizer.jpg\",\"contentUrl\":\"https:\\\/\\\/fuentesfidedignas.com.mx\\\/wp-content\\\/uploads\\\/2022\\\/04\\\/vacunacion-de-nino-contra-covid-19-con-dosis-de-pfizer.jpg\",\"width\":1920,\"height\":1280},{\"@type\":\"BreadcrumbList\",\"@id\":\"https:\\\/\\\/fuentesfidedignas.com.mx\\\/index.php\\\/2022\\\/04\\\/01\\\/cofepris-publico-autorizacion-de-vacuna-anticovid-a-ninos-a-partir-de-5-anos-salud-sigue-sin-presentar-programa\\\/#breadcrumb\",\"itemListElement\":[{\"@type\":\"ListItem\",\"position\":1,\"name\":\"Inicio\",\"item\":\"https:\\\/\\\/fuentesfidedignas.com.mx\\\/\"},{\"@type\":\"ListItem\",\"position\":2,\"name\":\"Cofepris public\u00f3 autorizaci\u00f3n de vacuna anticovid a ni\u00f1os a partir de 5 a\u00f1os; Salud sigue sin presentar programa\"}]},{\"@type\":\"WebSite\",\"@id\":\"https:\\\/\\\/fuentesfidedignas.com.mx\\\/#website\",\"url\":\"https:\\\/\\\/fuentesfidedignas.com.mx\\\/\",\"name\":\"Fuentes Fidedignas\",\"description\":\"Otro sitio realizado con WordPress\",\"publisher\":{\"@id\":\"https:\\\/\\\/fuentesfidedignas.com.mx\\\/#organization\"},\"potentialAction\":[{\"@type\":\"SearchAction\",\"target\":{\"@type\":\"EntryPoint\",\"urlTemplate\":\"https:\\\/\\\/fuentesfidedignas.com.mx\\\/?s={search_term_string}\"},\"query-input\":{\"@type\":\"PropertyValueSpecification\",\"valueRequired\":true,\"valueName\":\"search_term_string\"}}],\"inLanguage\":\"es\"},{\"@type\":\"Organization\",\"@id\":\"https:\\\/\\\/fuentesfidedignas.com.mx\\\/#organization\",\"name\":\"Fuentes Fidedignas\",\"url\":\"https:\\\/\\\/fuentesfidedignas.com.mx\\\/\",\"logo\":{\"@type\":\"ImageObject\",\"inLanguage\":\"es\",\"@id\":\"https:\\\/\\\/fuentesfidedignas.com.mx\\\/#\\\/schema\\\/logo\\\/image\\\/\",\"url\":\"https:\\\/\\\/fuentesfidedignas.com.mx\\\/wp-content\\\/uploads\\\/2021\\\/04\\\/logo-retina.png\",\"contentUrl\":\"https:\\\/\\\/fuentesfidedignas.com.mx\\\/wp-content\\\/uploads\\\/2021\\\/04\\\/logo-retina.png\",\"width\":280,\"height\":51,\"caption\":\"Fuentes Fidedignas\"},\"image\":{\"@id\":\"https:\\\/\\\/fuentesfidedignas.com.mx\\\/#\\\/schema\\\/logo\\\/image\\\/\"},\"sameAs\":[\"https:\\\/\\\/www.facebook.com\\\/Fuentes-Fidedignas-368234489921644\",\"https:\\\/\\\/x.com\\\/fidedignas\"]},{\"@type\":\"Person\",\"@id\":\"https:\\\/\\\/fuentesfidedignas.com.mx\\\/#\\\/schema\\\/person\\\/67d852f0557c8509146a4b9ddebd543a\",\"name\":\"L\u00f3pez D\u00f3riga\",\"image\":{\"@type\":\"ImageObject\",\"inLanguage\":\"es\",\"@id\":\"https:\\\/\\\/secure.gravatar.com\\\/avatar\\\/e525b06574ca18b33cded59dfe5778d6c823b9513154eff47da551b0551bdd1e?s=96&d=mm&r=g\",\"url\":\"https:\\\/\\\/secure.gravatar.com\\\/avatar\\\/e525b06574ca18b33cded59dfe5778d6c823b9513154eff47da551b0551bdd1e?s=96&d=mm&r=g\",\"contentUrl\":\"https:\\\/\\\/secure.gravatar.com\\\/avatar\\\/e525b06574ca18b33cded59dfe5778d6c823b9513154eff47da551b0551bdd1e?s=96&d=mm&r=g\",\"caption\":\"L\u00f3pez D\u00f3riga\"},\"url\":\"https:\\\/\\\/fuentesfidedignas.com.mx\\\/index.php\\\/author\\\/doriga\\\/\"}]}<\/script>\n<!-- \/ Yoast SEO plugin. -->","yoast_head_json":{"title":"Cofepris public\u00f3 autorizaci\u00f3n de vacuna anticovid a ni\u00f1os a partir de 5 a\u00f1os; Salud sigue sin presentar programa - Fuentes Fidedignas","robots":{"index":"index","follow":"follow","max-snippet":"max-snippet:-1","max-image-preview":"max-image-preview:large","max-video-preview":"max-video-preview:-1"},"canonical":"https:\/\/fuentesfidedignas.com.mx\/index.php\/2022\/04\/01\/cofepris-publico-autorizacion-de-vacuna-anticovid-a-ninos-a-partir-de-5-anos-salud-sigue-sin-presentar-programa\/","og_locale":"es_MX","og_type":"article","og_title":"Cofepris public\u00f3 autorizaci\u00f3n de vacuna anticovid a ni\u00f1os a partir de 5 a\u00f1os; Salud sigue sin presentar programa - Fuentes Fidedignas","og_description":"Cofepris autoriz\u00f3 desde el 3 de marzo la vacuna contra COVID-19 de Pfizer\/BioNTech para su uso de emergencia a partir de los 5 a\u00f1os Ciudad de M\u00e9xico. La Comisi\u00f3n Federal para la Protecci\u00f3n contra Riesgos Sanitarios (Cofepris) ya autoriz\u00f3 la vacuna contra COVID-19 para menores de edad a partir de los 5 a\u00f1os. Si bien [&hellip;]","og_url":"https:\/\/fuentesfidedignas.com.mx\/index.php\/2022\/04\/01\/cofepris-publico-autorizacion-de-vacuna-anticovid-a-ninos-a-partir-de-5-anos-salud-sigue-sin-presentar-programa\/","og_site_name":"Fuentes Fidedignas","article_publisher":"https:\/\/www.facebook.com\/Fuentes-Fidedignas-368234489921644","article_published_time":"2022-04-02T00:10:57+00:00","article_modified_time":"2022-04-02T00:13:07+00:00","og_image":[{"width":1920,"height":1280,"url":"https:\/\/fuentesfidedignas.com.mx\/wp-content\/uploads\/2022\/04\/vacunacion-de-nino-contra-covid-19-con-dosis-de-pfizer.jpg","type":"image\/jpeg"}],"author":"L\u00f3pez D\u00f3riga","twitter_card":"summary_large_image","twitter_creator":"@fidedignas","twitter_site":"@fidedignas","twitter_misc":{"Escrito por":"L\u00f3pez D\u00f3riga","Tiempo de lectura":"2 minutos"},"schema":{"@context":"https:\/\/schema.org","@graph":[{"@type":"Article","@id":"https:\/\/fuentesfidedignas.com.mx\/index.php\/2022\/04\/01\/cofepris-publico-autorizacion-de-vacuna-anticovid-a-ninos-a-partir-de-5-anos-salud-sigue-sin-presentar-programa\/#article","isPartOf":{"@id":"https:\/\/fuentesfidedignas.com.mx\/index.php\/2022\/04\/01\/cofepris-publico-autorizacion-de-vacuna-anticovid-a-ninos-a-partir-de-5-anos-salud-sigue-sin-presentar-programa\/"},"author":{"name":"L\u00f3pez D\u00f3riga","@id":"https:\/\/fuentesfidedignas.com.mx\/#\/schema\/person\/67d852f0557c8509146a4b9ddebd543a"},"headline":"Cofepris public\u00f3 autorizaci\u00f3n de vacuna anticovid a ni\u00f1os a partir de 5 a\u00f1os; Salud sigue sin presentar programa","datePublished":"2022-04-02T00:10:57+00:00","dateModified":"2022-04-02T00:13:07+00:00","mainEntityOfPage":{"@id":"https:\/\/fuentesfidedignas.com.mx\/index.php\/2022\/04\/01\/cofepris-publico-autorizacion-de-vacuna-anticovid-a-ninos-a-partir-de-5-anos-salud-sigue-sin-presentar-programa\/"},"wordCount":393,"commentCount":0,"publisher":{"@id":"https:\/\/fuentesfidedignas.com.mx\/#organization"},"image":{"@id":"https:\/\/fuentesfidedignas.com.mx\/index.php\/2022\/04\/01\/cofepris-publico-autorizacion-de-vacuna-anticovid-a-ninos-a-partir-de-5-anos-salud-sigue-sin-presentar-programa\/#primaryimage"},"thumbnailUrl":"https:\/\/fuentesfidedignas.com.mx\/wp-content\/uploads\/2022\/04\/vacunacion-de-nino-contra-covid-19-con-dosis-de-pfizer.jpg","articleSection":["NOTICIAS NACIONALES"],"inLanguage":"es","potentialAction":[{"@type":"CommentAction","name":"Comment","target":["https:\/\/fuentesfidedignas.com.mx\/index.php\/2022\/04\/01\/cofepris-publico-autorizacion-de-vacuna-anticovid-a-ninos-a-partir-de-5-anos-salud-sigue-sin-presentar-programa\/#respond"]}]},{"@type":"WebPage","@id":"https:\/\/fuentesfidedignas.com.mx\/index.php\/2022\/04\/01\/cofepris-publico-autorizacion-de-vacuna-anticovid-a-ninos-a-partir-de-5-anos-salud-sigue-sin-presentar-programa\/","url":"https:\/\/fuentesfidedignas.com.mx\/index.php\/2022\/04\/01\/cofepris-publico-autorizacion-de-vacuna-anticovid-a-ninos-a-partir-de-5-anos-salud-sigue-sin-presentar-programa\/","name":"Cofepris public\u00f3 autorizaci\u00f3n de vacuna anticovid a ni\u00f1os a partir de 5 a\u00f1os; Salud sigue sin presentar programa - Fuentes Fidedignas","isPartOf":{"@id":"https:\/\/fuentesfidedignas.com.mx\/#website"},"primaryImageOfPage":{"@id":"https:\/\/fuentesfidedignas.com.mx\/index.php\/2022\/04\/01\/cofepris-publico-autorizacion-de-vacuna-anticovid-a-ninos-a-partir-de-5-anos-salud-sigue-sin-presentar-programa\/#primaryimage"},"image":{"@id":"https:\/\/fuentesfidedignas.com.mx\/index.php\/2022\/04\/01\/cofepris-publico-autorizacion-de-vacuna-anticovid-a-ninos-a-partir-de-5-anos-salud-sigue-sin-presentar-programa\/#primaryimage"},"thumbnailUrl":"https:\/\/fuentesfidedignas.com.mx\/wp-content\/uploads\/2022\/04\/vacunacion-de-nino-contra-covid-19-con-dosis-de-pfizer.jpg","datePublished":"2022-04-02T00:10:57+00:00","dateModified":"2022-04-02T00:13:07+00:00","breadcrumb":{"@id":"https:\/\/fuentesfidedignas.com.mx\/index.php\/2022\/04\/01\/cofepris-publico-autorizacion-de-vacuna-anticovid-a-ninos-a-partir-de-5-anos-salud-sigue-sin-presentar-programa\/#breadcrumb"},"inLanguage":"es","potentialAction":[{"@type":"ReadAction","target":["https:\/\/fuentesfidedignas.com.mx\/index.php\/2022\/04\/01\/cofepris-publico-autorizacion-de-vacuna-anticovid-a-ninos-a-partir-de-5-anos-salud-sigue-sin-presentar-programa\/"]}]},{"@type":"ImageObject","inLanguage":"es","@id":"https:\/\/fuentesfidedignas.com.mx\/index.php\/2022\/04\/01\/cofepris-publico-autorizacion-de-vacuna-anticovid-a-ninos-a-partir-de-5-anos-salud-sigue-sin-presentar-programa\/#primaryimage","url":"https:\/\/fuentesfidedignas.com.mx\/wp-content\/uploads\/2022\/04\/vacunacion-de-nino-contra-covid-19-con-dosis-de-pfizer.jpg","contentUrl":"https:\/\/fuentesfidedignas.com.mx\/wp-content\/uploads\/2022\/04\/vacunacion-de-nino-contra-covid-19-con-dosis-de-pfizer.jpg","width":1920,"height":1280},{"@type":"BreadcrumbList","@id":"https:\/\/fuentesfidedignas.com.mx\/index.php\/2022\/04\/01\/cofepris-publico-autorizacion-de-vacuna-anticovid-a-ninos-a-partir-de-5-anos-salud-sigue-sin-presentar-programa\/#breadcrumb","itemListElement":[{"@type":"ListItem","position":1,"name":"Inicio","item":"https:\/\/fuentesfidedignas.com.mx\/"},{"@type":"ListItem","position":2,"name":"Cofepris public\u00f3 autorizaci\u00f3n de vacuna anticovid a ni\u00f1os a partir de 5 a\u00f1os; Salud sigue sin presentar programa"}]},{"@type":"WebSite","@id":"https:\/\/fuentesfidedignas.com.mx\/#website","url":"https:\/\/fuentesfidedignas.com.mx\/","name":"Fuentes Fidedignas","description":"Otro sitio realizado con WordPress","publisher":{"@id":"https:\/\/fuentesfidedignas.com.mx\/#organization"},"potentialAction":[{"@type":"SearchAction","target":{"@type":"EntryPoint","urlTemplate":"https:\/\/fuentesfidedignas.com.mx\/?s={search_term_string}"},"query-input":{"@type":"PropertyValueSpecification","valueRequired":true,"valueName":"search_term_string"}}],"inLanguage":"es"},{"@type":"Organization","@id":"https:\/\/fuentesfidedignas.com.mx\/#organization","name":"Fuentes Fidedignas","url":"https:\/\/fuentesfidedignas.com.mx\/","logo":{"@type":"ImageObject","inLanguage":"es","@id":"https:\/\/fuentesfidedignas.com.mx\/#\/schema\/logo\/image\/","url":"https:\/\/fuentesfidedignas.com.mx\/wp-content\/uploads\/2021\/04\/logo-retina.png","contentUrl":"https:\/\/fuentesfidedignas.com.mx\/wp-content\/uploads\/2021\/04\/logo-retina.png","width":280,"height":51,"caption":"Fuentes Fidedignas"},"image":{"@id":"https:\/\/fuentesfidedignas.com.mx\/#\/schema\/logo\/image\/"},"sameAs":["https:\/\/www.facebook.com\/Fuentes-Fidedignas-368234489921644","https:\/\/x.com\/fidedignas"]},{"@type":"Person","@id":"https:\/\/fuentesfidedignas.com.mx\/#\/schema\/person\/67d852f0557c8509146a4b9ddebd543a","name":"L\u00f3pez D\u00f3riga","image":{"@type":"ImageObject","inLanguage":"es","@id":"https:\/\/secure.gravatar.com\/avatar\/e525b06574ca18b33cded59dfe5778d6c823b9513154eff47da551b0551bdd1e?s=96&d=mm&r=g","url":"https:\/\/secure.gravatar.com\/avatar\/e525b06574ca18b33cded59dfe5778d6c823b9513154eff47da551b0551bdd1e?s=96&d=mm&r=g","contentUrl":"https:\/\/secure.gravatar.com\/avatar\/e525b06574ca18b33cded59dfe5778d6c823b9513154eff47da551b0551bdd1e?s=96&d=mm&r=g","caption":"L\u00f3pez D\u00f3riga"},"url":"https:\/\/fuentesfidedignas.com.mx\/index.php\/author\/doriga\/"}]}},"_links":{"self":[{"href":"https:\/\/fuentesfidedignas.com.mx\/index.php\/wp-json\/wp\/v2\/posts\/27537","targetHints":{"allow":["GET"]}}],"collection":[{"href":"https:\/\/fuentesfidedignas.com.mx\/index.php\/wp-json\/wp\/v2\/posts"}],"about":[{"href":"https:\/\/fuentesfidedignas.com.mx\/index.php\/wp-json\/wp\/v2\/types\/post"}],"author":[{"embeddable":true,"href":"https:\/\/fuentesfidedignas.com.mx\/index.php\/wp-json\/wp\/v2\/users\/47"}],"replies":[{"embeddable":true,"href":"https:\/\/fuentesfidedignas.com.mx\/index.php\/wp-json\/wp\/v2\/comments?post=27537"}],"version-history":[{"count":1,"href":"https:\/\/fuentesfidedignas.com.mx\/index.php\/wp-json\/wp\/v2\/posts\/27537\/revisions"}],"predecessor-version":[{"id":27538,"href":"https:\/\/fuentesfidedignas.com.mx\/index.php\/wp-json\/wp\/v2\/posts\/27537\/revisions\/27538"}],"wp:featuredmedia":[{"embeddable":true,"href":"https:\/\/fuentesfidedignas.com.mx\/index.php\/wp-json\/wp\/v2\/media\/27539"}],"wp:attachment":[{"href":"https:\/\/fuentesfidedignas.com.mx\/index.php\/wp-json\/wp\/v2\/media?parent=27537"}],"wp:term":[{"taxonomy":"category","embeddable":true,"href":"https:\/\/fuentesfidedignas.com.mx\/index.php\/wp-json\/wp\/v2\/categories?post=27537"},{"taxonomy":"post_tag","embeddable":true,"href":"https:\/\/fuentesfidedignas.com.mx\/index.php\/wp-json\/wp\/v2\/tags?post=27537"}],"curies":[{"name":"wp","href":"https:\/\/api.w.org\/{rel}","templated":true}]}}